{"id":41634,"date":"2021-07-28T10:00:49","date_gmt":"2021-07-28T14:00:49","guid":{"rendered":"https:\/\/explora.cl\/coquimbo\/?p=41634"},"modified":"2021-08-31T16:34:24","modified_gmt":"2021-08-31T20:34:24","slug":"tecnologia-cuando-el-sol-es-el-mejor-aliado-para-reutilizar-y-cuidar-el-agua-en-la-region-de-coquimbo","status":"publish","type":"post","link":"https:\/\/explora.cl\/coquimbo\/tecnologia-cuando-el-sol-es-el-mejor-aliado-para-reutilizar-y-cuidar-el-agua-en-la-region-de-coquimbo\/","title":{"rendered":"Tecnolog\u00eda: cuando el sol es el mejor aliado para reutilizar y cuidar el agua en la Regi\u00f3n de Coquimbo"},"content":{"rendered":"<p style=\"text-align: justify\"><em>La sequ\u00eda afecta a la zona desde hace d\u00e9cadas, y al parecer, no es mucha la preocupaci\u00f3n de la sociedad al respecto. Sin embargo, la utilizaci\u00f3n de los rayos del sol como fuente descontaminante de aguas es una alternativa ecol\u00f3gica que da sus primeros pasos gracias a algunos proyectos e investigaciones tecnol\u00f3gicas. <\/em><\/p>\n<p style=\"text-align: justify\">Sin duda, la pandemia del Covid-19 ha concentrado todos los esfuerzos, recursos y preocupaci\u00f3n de las autoridades, tanto nacionales como regionales, din\u00e1mica que a\u00fan persiste en el presente; pero sin embargo, y al menos en el caso de la Regi\u00f3n de Coquimbo, a\u00fan persiste una problem\u00e1tica que, debido a sus silenciosas caracter\u00edsticas, hace que la olvidemos por completo. \u00bfCu\u00e1l ser\u00e1? Pues nada m\u00e1s y nada menos que la sequ\u00eda.<\/p>\n<p style=\"text-align: justify\">\u00bfDatos que lo comprueben? Recientemente, el ministerio de Obras P\u00fablicas decret\u00f3 que la regi\u00f3n es \u201cZona de Escasez por un periodo de seis meses, no prorrogables, a contar del d\u00eda lunes 5 de julio del 2021\u201d, basados en el \u2018Informe Condiciones Hidrometeorol\u00f3gicas regi\u00f3n de Coquimbo\u2019 de la Divisi\u00f3n de Hidrolog\u00eda de la Direcci\u00f3n General de Aguas. El Ministro de Obras P\u00fablicas, Alfredo Moreno, afirm\u00f3 al respecto que, \u201cdesgraciadamente no tenemos buenas noticias, lo que estamos enfrentando no es una sequ\u00eda, no es una emergencia puntual, esto es algo permanente\u201d.<\/p>\n<p style=\"text-align: justify\">En este escenario, la tecnolog\u00eda aparece como un gran aliado, especialmente en materia de reutilizar el agua que desechamos a diario, especialmente en el sector industrial, pero, \u00bfqu\u00e9 tan caro es este tipo de tecnolog\u00eda? \u00bfQu\u00e9 empresas est\u00e1n aplicando<img fetchpriority=\"high\" decoding=\"async\" class=\" wp-image-41635 alignleft\" src=\"https:\/\/explora.cl\/coquimbo\/wp-content\/uploads\/sites\/6\/2021\/07\/careto-Rod-300x300.jpg\" alt=\"\" width=\"247\" height=\"247\" srcset=\"https:\/\/explora.cl\/coquimbo\/wp-content\/uploads\/sites\/6\/2021\/07\/careto-Rod-300x300.jpg 300w, https:\/\/explora.cl\/coquimbo\/wp-content\/uploads\/sites\/6\/2021\/07\/careto-Rod-150x150.jpg 150w, https:\/\/explora.cl\/coquimbo\/wp-content\/uploads\/sites\/6\/2021\/07\/careto-Rod-60x60.jpg 60w, https:\/\/explora.cl\/coquimbo\/wp-content\/uploads\/sites\/6\/2021\/07\/careto-Rod.jpg 400w\" sizes=\"(max-width: 247px) 100vw, 247px\" \/> estos procedimientos en sus faenas? Para dilucidar estas y otras dudas, conversamos con <strong>Rodrigo Poblete Ch\u00e1vez,<\/strong> Doctor en Ingenier\u00eda Ambiental y acad\u00e9mico de la Escuela de Prevenci\u00f3n de Riesgos y Medio Ambiente, y director del Mag\u00edster de Gesti\u00f3n Ambiental de la Universidad Cat\u00f3lica del Norte.<\/p>\n<p style=\"text-align: justify\"><strong>Descontaminaci\u00f3n de agua mediante el sol<\/strong><\/p>\n<p style=\"text-align: justify\">El acad\u00e9mico es parte de un proyecto que permite desarrollar l\u00edneas de investigaci\u00f3n sobre depuraci\u00f3n de aguas y uso de la energ\u00eda solar en su tratamiento, trabajo realizado en la compa\u00f1\u00eda pisquera Capel, y que incorpora tambi\u00e9n a la UCN y la Plataforma Solar de Almer\u00eda de Espa\u00f1a.<\/p>\n<p style=\"text-align: justify\">En este contexto, y en cuanto a utilizar los rayos UV del sol para descontaminar y desinfectar, sostiene que es una excelente alternativa, considerando que es una fuente de energ\u00eda renovable y que no contamina, \u201cy adem\u00e1s permanente, pues la energ\u00eda solar est\u00e1 siempre, a\u00fan cuando est\u00e1 nublado\u201d, a\u00f1ade, especificando que entre las 11:00 y las 15:00 horas es el periodo de mayor radiaci\u00f3n ultravioleta.<\/p>\n<p style=\"text-align: justify\">\u201cEl sol es una fuente de radiaci\u00f3n gratis, renovable, que no genera contaminantes y que adem\u00e1s permite trabajar a vol\u00famenes mayores y depurar m\u00e1s metros c\u00fabicos de agua\u201d, agrega el investigador, detallando que no conoce m\u00e1s experiencias similares en la zona, salvo dise\u00f1os experimentales m\u00e1s al norte, en ciudades como Antofagasta y Arica. \u201cSin embargo, encuentras esta tecnolog\u00eda en pa\u00edses desarrollados, donde quiz\u00e1 tienen menos sol que nosotros y una radiaci\u00f3n solar como la del sur de Chile, pero tienen mucha tecnolog\u00eda instalada para usar el poco sol que tienen\u201d, explica tambi\u00e9n.<\/p>\n<p style=\"text-align: justify\"><strong>Invertir no es un gasto<\/strong><\/p>\n<p style=\"text-align: justify\">Pero, \u00bfdescontaminar el agua con los rayos del sol implica gastar mucho dinero? El experto explica que se requiere, primeramente, de una inversi\u00f3n mayor, pero luego, los costos operacionales disminuyen, \u201cy adem\u00e1s, los costos ambientales son bajos porque no estamos utilizando electricidad de la red\u201d, aclara.<\/p>\n<p style=\"text-align: justify\">\u00bfY qu\u00e9 tipo de empresas debiesen aplicar este tipo de tecnolog\u00eda, considerando la sequ\u00eda que afecta a la regi\u00f3n? A juicio del investigador, todas aquellas que utilizan el agua en sus procesos como un servicio para lavar, \u201cagua que luego se pierde, como el caso de las empresas metalmec\u00e1nicas que usan agua para sacar polvo y arena de mecanismos; o los sistemas de acuicultura que mediante agua a alta presi\u00f3n limpian sistemas de cultivo suspendido\u201d.<\/p>\n<p style=\"text-align: justify\">Aunque los sectores industriales est\u00e1n identificados, e inclusive, existen estudios que indican c\u00f3mo y por qu\u00e9 es importante reutilizar el agua, el acad\u00e9mico comenta que falta algo para concretar ello, y ese algo es las ganas de invertir, considerando la poca urgencia que se da al cuidado del vital elemento, \u201cpues mientras a\u00fan tengamos agua que salga de la llave no importa mucho, porque de alg\u00fan lado va a salir, pero cuando quiz\u00e1 ya no quede, ah\u00ed quiz\u00e1 va a ser demasiado tarde\u201d.<\/p>\n<p style=\"text-align: justify\">\u00bfNo existe entonces, un pensamiento a largo plazo, o un pensamiento \u201cverde\u201d de parte de las empresas, para adelantarse a un escenario donde no exista agua suficiente para producir? El experto responde que no existe ese pensamiento, ni tampoco urgencia, \u201cpues el empresario seguramente piensa que la sequ\u00eda es c\u00edclica y que luego de un tiempo se solucionar\u00e1, siendo que no es bueno esperar a no tener agua para implementar mejoras\u201d.<\/p>\n","protected":false},"excerpt":{"rendered":"<p>Tecnolog\u00eda: cuando el sol es el mejor aliado para reutilizar y cuidar el agua en la Regi\u00f3n de Coquimbo<\/p>\n","protected":false},"author":21,"featured_media":41636,"comment_status":"open","ping_status":"open","sticky":false,"template":"","format":"standard","meta":{"_acf_changed":false,"_exactmetrics_skip_tracking":false,"_exactmetrics_sitenote_active":false,"_exactmetrics_sitenote_note":"","_exactmetrics_sitenote_category":0,"footnotes":"","_links_to":"","_links_to_target":""},"categories":[4],"tags":[],"class_list":["post-41634","post","type-post","status-publish","format-standard","has-post-thumbnail","hentry","category-noticias"],"acf":[],"yoast_head":"<!-- This site is optimized with the Yoast SEO plugin v26.9 - https:\/\/yoast.com\/product\/yoast-seo-wordpress\/ -->\n<title>Tecnolog\u00eda: cuando el sol es el mejor aliado para reutilizar y cuidar el agua en la Regi\u00f3n de Coquimbo - Coquimbo<\/title>\n<meta name=\"robots\" content=\"index, follow, max-snippet:-1, max-image-preview:large, max-video-preview:-1\" \/>\n<link rel=\"canonical\" href=\"https:\/\/explora.cl\/coquimbo\/tecnologia-cuando-el-sol-es-el-mejor-aliado-para-reutilizar-y-cuidar-el-agua-en-la-region-de-coquimbo\/\" class=\"yoast-seo-meta-tag\" \/>\n<meta property=\"og:locale\" content=\"es_ES\" class=\"yoast-seo-meta-tag\" \/>\n<meta property=\"og:type\" content=\"article\" class=\"yoast-seo-meta-tag\" \/>\n<meta property=\"og:title\" content=\"Tecnolog\u00eda: cuando el sol es el mejor aliado para reutilizar y cuidar el agua en la Regi\u00f3n de Coquimbo - Coquimbo\" class=\"yoast-seo-meta-tag\" \/>\n<meta property=\"og:description\" content=\"Tecnolog\u00eda: cuando el sol es el mejor aliado para reutilizar y cuidar el agua en la Regi\u00f3n de Coquimbo\" class=\"yoast-seo-meta-tag\" \/>\n<meta property=\"og:url\" content=\"https:\/\/explora.cl\/coquimbo\/tecnologia-cuando-el-sol-es-el-mejor-aliado-para-reutilizar-y-cuidar-el-agua-en-la-region-de-coquimbo\/\" class=\"yoast-seo-meta-tag\" \/>\n<meta property=\"og:site_name\" content=\"Coquimbo\" class=\"yoast-seo-meta-tag\" \/>\n<meta property=\"article:published_time\" content=\"2021-07-28T14:00:49+00:00\" class=\"yoast-seo-meta-tag\" \/>\n<meta property=\"article:modified_time\" content=\"2021-08-31T20:34:24+00:00\" class=\"yoast-seo-meta-tag\" \/>\n<meta property=\"og:image\" content=\"https:\/\/explora.cl\/coquimbo\/wp-content\/uploads\/sites\/6\/2021\/07\/power-lines-532720_1280-1.jpg\" class=\"yoast-seo-meta-tag\" \/>\n\t<meta property=\"og:image:width\" content=\"760\" class=\"yoast-seo-meta-tag\" \/>\n\t<meta property=\"og:image:height\" content=\"457\" class=\"yoast-seo-meta-tag\" \/>\n\t<meta property=\"og:image:type\" content=\"image\/jpeg\" class=\"yoast-seo-meta-tag\" \/>\n<meta name=\"author\" content=\"jimartin\" class=\"yoast-seo-meta-tag\" \/>\n<meta name=\"twitter:card\" content=\"summary_large_image\" class=\"yoast-seo-meta-tag\" \/>\n<meta name=\"twitter:label1\" content=\"Escrito por\" class=\"yoast-seo-meta-tag\" \/>\n\t<meta name=\"twitter:data1\" content=\"jimartin\" class=\"yoast-seo-meta-tag\" \/>\n\t<meta name=\"twitter:label2\" content=\"Tiempo estimado de lectura\" class=\"yoast-seo-meta-tag\" \/>\n\t<meta name=\"twitter:data2\" content=\"4 minutos\" class=\"yoast-seo-meta-tag\" \/>\n<script type=\"application\/ld+json\" class=\"yoast-schema-graph\">{\"@context\":\"https:\/\/schema.org\",\"@graph\":[{\"@type\":\"Article\",\"@id\":\"https:\/\/explora.cl\/coquimbo\/tecnologia-cuando-el-sol-es-el-mejor-aliado-para-reutilizar-y-cuidar-el-agua-en-la-region-de-coquimbo\/#article\",\"isPartOf\":{\"@id\":\"https:\/\/explora.cl\/coquimbo\/tecnologia-cuando-el-sol-es-el-mejor-aliado-para-reutilizar-y-cuidar-el-agua-en-la-region-de-coquimbo\/\"},\"author\":{\"name\":\"jimartin\",\"@id\":\"https:\/\/explora.cl\/coquimbo\/#\/schema\/person\/c171f405669e4e4f7e56a099200d2fe6\"},\"headline\":\"Tecnolog\u00eda: cuando el sol es el mejor aliado para reutilizar y cuidar el agua en la Regi\u00f3n de Coquimbo\",\"datePublished\":\"2021-07-28T14:00:49+00:00\",\"dateModified\":\"2021-08-31T20:34:24+00:00\",\"mainEntityOfPage\":{\"@id\":\"https:\/\/explora.cl\/coquimbo\/tecnologia-cuando-el-sol-es-el-mejor-aliado-para-reutilizar-y-cuidar-el-agua-en-la-region-de-coquimbo\/\"},\"wordCount\":881,\"commentCount\":0,\"publisher\":{\"@id\":\"https:\/\/explora.cl\/coquimbo\/#organization\"},\"image\":{\"@id\":\"https:\/\/explora.cl\/coquimbo\/tecnologia-cuando-el-sol-es-el-mejor-aliado-para-reutilizar-y-cuidar-el-agua-en-la-region-de-coquimbo\/#primaryimage\"},\"thumbnailUrl\":\"https:\/\/explora.cl\/coquimbo\/wp-content\/uploads\/sites\/6\/2021\/07\/power-lines-532720_1280-1.jpg\",\"articleSection\":[\"Noticias\"],\"inLanguage\":\"es-CL\",\"potentialAction\":[{\"@type\":\"CommentAction\",\"name\":\"Comment\",\"target\":[\"https:\/\/explora.cl\/coquimbo\/tecnologia-cuando-el-sol-es-el-mejor-aliado-para-reutilizar-y-cuidar-el-agua-en-la-region-de-coquimbo\/#respond\"]}]},{\"@type\":\"WebPage\",\"@id\":\"https:\/\/explora.cl\/coquimbo\/tecnologia-cuando-el-sol-es-el-mejor-aliado-para-reutilizar-y-cuidar-el-agua-en-la-region-de-coquimbo\/\",\"url\":\"https:\/\/explora.cl\/coquimbo\/tecnologia-cuando-el-sol-es-el-mejor-aliado-para-reutilizar-y-cuidar-el-agua-en-la-region-de-coquimbo\/\",\"name\":\"Tecnolog\u00eda: cuando el sol es el mejor aliado para reutilizar y cuidar el agua en la Regi\u00f3n de Coquimbo - Coquimbo\",\"isPartOf\":{\"@id\":\"https:\/\/explora.cl\/coquimbo\/#website\"},\"primaryImageOfPage\":{\"@id\":\"https:\/\/explora.cl\/coquimbo\/tecnologia-cuando-el-sol-es-el-mejor-aliado-para-reutilizar-y-cuidar-el-agua-en-la-region-de-coquimbo\/#primaryimage\"},\"image\":{\"@id\":\"https:\/\/explora.cl\/coquimbo\/tecnologia-cuando-el-sol-es-el-mejor-aliado-para-reutilizar-y-cuidar-el-agua-en-la-region-de-coquimbo\/#primaryimage\"},\"thumbnailUrl\":\"https:\/\/explora.cl\/coquimbo\/wp-content\/uploads\/sites\/6\/2021\/07\/power-lines-532720_1280-1.jpg\",\"datePublished\":\"2021-07-28T14:00:49+00:00\",\"dateModified\":\"2021-08-31T20:34:24+00:00\",\"breadcrumb\":{\"@id\":\"https:\/\/explora.cl\/coquimbo\/tecnologia-cuando-el-sol-es-el-mejor-aliado-para-reutilizar-y-cuidar-el-agua-en-la-region-de-coquimbo\/#breadcrumb\"},\"inLanguage\":\"es-CL\",\"potentialAction\":[{\"@type\":\"ReadAction\",\"target\":[\"https:\/\/explora.cl\/coquimbo\/tecnologia-cuando-el-sol-es-el-mejor-aliado-para-reutilizar-y-cuidar-el-agua-en-la-region-de-coquimbo\/\"]}]},{\"@type\":\"ImageObject\",\"inLanguage\":\"es-CL\",\"@id\":\"https:\/\/explora.cl\/coquimbo\/tecnologia-cuando-el-sol-es-el-mejor-aliado-para-reutilizar-y-cuidar-el-agua-en-la-region-de-coquimbo\/#primaryimage\",\"url\":\"https:\/\/explora.cl\/coquimbo\/wp-content\/uploads\/sites\/6\/2021\/07\/power-lines-532720_1280-1.jpg\",\"contentUrl\":\"https:\/\/explora.cl\/coquimbo\/wp-content\/uploads\/sites\/6\/2021\/07\/power-lines-532720_1280-1.jpg\",\"width\":760,\"height\":457},{\"@type\":\"BreadcrumbList\",\"@id\":\"https:\/\/explora.cl\/coquimbo\/tecnologia-cuando-el-sol-es-el-mejor-aliado-para-reutilizar-y-cuidar-el-agua-en-la-region-de-coquimbo\/#breadcrumb\",\"itemListElement\":[{\"@type\":\"ListItem\",\"position\":1,\"name\":\"Portada\",\"item\":\"https:\/\/explora.cl\/coquimbo\/\"},{\"@type\":\"ListItem\",\"position\":2,\"name\":\"Tecnolog\u00eda: cuando el sol es el mejor aliado para reutilizar y cuidar el agua en la Regi\u00f3n de Coquimbo\"}]},{\"@type\":\"WebSite\",\"@id\":\"https:\/\/explora.cl\/coquimbo\/#website\",\"url\":\"https:\/\/explora.cl\/coquimbo\/\",\"name\":\"Coquimbo\",\"description\":\"Otro sitio m\u00e1s de explora.cl\",\"publisher\":{\"@id\":\"https:\/\/explora.cl\/coquimbo\/#organization\"},\"potentialAction\":[{\"@type\":\"SearchAction\",\"target\":{\"@type\":\"EntryPoint\",\"urlTemplate\":\"https:\/\/explora.cl\/coquimbo\/?s={search_term_string}\"},\"query-input\":{\"@type\":\"PropertyValueSpecification\",\"valueRequired\":true,\"valueName\":\"search_term_string\"}}],\"inLanguage\":\"es-CL\"},{\"@type\":\"Organization\",\"@id\":\"https:\/\/explora.cl\/coquimbo\/#organization\",\"name\":\"Coquimbo\",\"url\":\"https:\/\/explora.cl\/coquimbo\/\",\"logo\":{\"@type\":\"ImageObject\",\"inLanguage\":\"es-CL\",\"@id\":\"https:\/\/explora.cl\/coquimbo\/#\/schema\/logo\/image\/\",\"url\":\"https:\/\/explora.cl\/coquimbo\/wp-content\/uploads\/sites\/6\/2020\/08\/cropped-Mesa-de-trabajo-1-100.jpg\",\"contentUrl\":\"https:\/\/explora.cl\/coquimbo\/wp-content\/uploads\/sites\/6\/2020\/08\/cropped-Mesa-de-trabajo-1-100.jpg\",\"width\":615,\"height\":576,\"caption\":\"Coquimbo\"},\"image\":{\"@id\":\"https:\/\/explora.cl\/coquimbo\/#\/schema\/logo\/image\/\"}},{\"@type\":\"Person\",\"@id\":\"https:\/\/explora.cl\/coquimbo\/#\/schema\/person\/c171f405669e4e4f7e56a099200d2fe6\",\"name\":\"jimartin\",\"image\":{\"@type\":\"ImageObject\",\"inLanguage\":\"es-CL\",\"@id\":\"https:\/\/explora.cl\/coquimbo\/#\/schema\/person\/image\/\",\"url\":\"https:\/\/secure.gravatar.com\/avatar\/8dfd7d14443934731a5aea629f40c1aceb42cc8b566a9926567e833c9d22b643?s=96&d=mm&r=g\",\"contentUrl\":\"https:\/\/secure.gravatar.com\/avatar\/8dfd7d14443934731a5aea629f40c1aceb42cc8b566a9926567e833c9d22b643?s=96&d=mm&r=g\",\"caption\":\"jimartin\"},\"url\":\"https:\/\/explora.cl\/coquimbo\/author\/jimartin\/\"}]}<\/script>\n<!-- \/ Yoast SEO plugin. -->","yoast_head_json":{"title":"Tecnolog\u00eda: cuando el sol es el mejor aliado para reutilizar y cuidar el agua en la Regi\u00f3n de Coquimbo - Coquimbo","robots":{"index":"index","follow":"follow","max-snippet":"max-snippet:-1","max-image-preview":"max-image-preview:large","max-video-preview":"max-video-preview:-1"},"canonical":"https:\/\/explora.cl\/coquimbo\/tecnologia-cuando-el-sol-es-el-mejor-aliado-para-reutilizar-y-cuidar-el-agua-en-la-region-de-coquimbo\/","og_locale":"es_ES","og_type":"article","og_title":"Tecnolog\u00eda: cuando el sol es el mejor aliado para reutilizar y cuidar el agua en la Regi\u00f3n de Coquimbo - Coquimbo","og_description":"Tecnolog\u00eda: cuando el sol es el mejor aliado para reutilizar y cuidar el agua en la Regi\u00f3n de Coquimbo","og_url":"https:\/\/explora.cl\/coquimbo\/tecnologia-cuando-el-sol-es-el-mejor-aliado-para-reutilizar-y-cuidar-el-agua-en-la-region-de-coquimbo\/","og_site_name":"Coquimbo","article_published_time":"2021-07-28T14:00:49+00:00","article_modified_time":"2021-08-31T20:34:24+00:00","og_image":[{"width":760,"height":457,"url":"https:\/\/explora.cl\/coquimbo\/wp-content\/uploads\/sites\/6\/2021\/07\/power-lines-532720_1280-1.jpg","type":"image\/jpeg"}],"author":"jimartin","twitter_card":"summary_large_image","twitter_misc":{"Escrito por":"jimartin","Tiempo estimado de lectura":"4 minutos"},"schema":{"@context":"https:\/\/schema.org","@graph":[{"@type":"Article","@id":"https:\/\/explora.cl\/coquimbo\/tecnologia-cuando-el-sol-es-el-mejor-aliado-para-reutilizar-y-cuidar-el-agua-en-la-region-de-coquimbo\/#article","isPartOf":{"@id":"https:\/\/explora.cl\/coquimbo\/tecnologia-cuando-el-sol-es-el-mejor-aliado-para-reutilizar-y-cuidar-el-agua-en-la-region-de-coquimbo\/"},"author":{"name":"jimartin","@id":"https:\/\/explora.cl\/coquimbo\/#\/schema\/person\/c171f405669e4e4f7e56a099200d2fe6"},"headline":"Tecnolog\u00eda: cuando el sol es el mejor aliado para reutilizar y cuidar el agua en la Regi\u00f3n de Coquimbo","datePublished":"2021-07-28T14:00:49+00:00","dateModified":"2021-08-31T20:34:24+00:00","mainEntityOfPage":{"@id":"https:\/\/explora.cl\/coquimbo\/tecnologia-cuando-el-sol-es-el-mejor-aliado-para-reutilizar-y-cuidar-el-agua-en-la-region-de-coquimbo\/"},"wordCount":881,"commentCount":0,"publisher":{"@id":"https:\/\/explora.cl\/coquimbo\/#organization"},"image":{"@id":"https:\/\/explora.cl\/coquimbo\/tecnologia-cuando-el-sol-es-el-mejor-aliado-para-reutilizar-y-cuidar-el-agua-en-la-region-de-coquimbo\/#primaryimage"},"thumbnailUrl":"https:\/\/explora.cl\/coquimbo\/wp-content\/uploads\/sites\/6\/2021\/07\/power-lines-532720_1280-1.jpg","articleSection":["Noticias"],"inLanguage":"es-CL","potentialAction":[{"@type":"CommentAction","name":"Comment","target":["https:\/\/explora.cl\/coquimbo\/tecnologia-cuando-el-sol-es-el-mejor-aliado-para-reutilizar-y-cuidar-el-agua-en-la-region-de-coquimbo\/#respond"]}]},{"@type":"WebPage","@id":"https:\/\/explora.cl\/coquimbo\/tecnologia-cuando-el-sol-es-el-mejor-aliado-para-reutilizar-y-cuidar-el-agua-en-la-region-de-coquimbo\/","url":"https:\/\/explora.cl\/coquimbo\/tecnologia-cuando-el-sol-es-el-mejor-aliado-para-reutilizar-y-cuidar-el-agua-en-la-region-de-coquimbo\/","name":"Tecnolog\u00eda: cuando el sol es el mejor aliado para reutilizar y cuidar el agua en la Regi\u00f3n de Coquimbo - Coquimbo","isPartOf":{"@id":"https:\/\/explora.cl\/coquimbo\/#website"},"primaryImageOfPage":{"@id":"https:\/\/explora.cl\/coquimbo\/tecnologia-cuando-el-sol-es-el-mejor-aliado-para-reutilizar-y-cuidar-el-agua-en-la-region-de-coquimbo\/#primaryimage"},"image":{"@id":"https:\/\/explora.cl\/coquimbo\/tecnologia-cuando-el-sol-es-el-mejor-aliado-para-reutilizar-y-cuidar-el-agua-en-la-region-de-coquimbo\/#primaryimage"},"thumbnailUrl":"https:\/\/explora.cl\/coquimbo\/wp-content\/uploads\/sites\/6\/2021\/07\/power-lines-532720_1280-1.jpg","datePublished":"2021-07-28T14:00:49+00:00","dateModified":"2021-08-31T20:34:24+00:00","breadcrumb":{"@id":"https:\/\/explora.cl\/coquimbo\/tecnologia-cuando-el-sol-es-el-mejor-aliado-para-reutilizar-y-cuidar-el-agua-en-la-region-de-coquimbo\/#breadcrumb"},"inLanguage":"es-CL","potentialAction":[{"@type":"ReadAction","target":["https:\/\/explora.cl\/coquimbo\/tecnologia-cuando-el-sol-es-el-mejor-aliado-para-reutilizar-y-cuidar-el-agua-en-la-region-de-coquimbo\/"]}]},{"@type":"ImageObject","inLanguage":"es-CL","@id":"https:\/\/explora.cl\/coquimbo\/tecnologia-cuando-el-sol-es-el-mejor-aliado-para-reutilizar-y-cuidar-el-agua-en-la-region-de-coquimbo\/#primaryimage","url":"https:\/\/explora.cl\/coquimbo\/wp-content\/uploads\/sites\/6\/2021\/07\/power-lines-532720_1280-1.jpg","contentUrl":"https:\/\/explora.cl\/coquimbo\/wp-content\/uploads\/sites\/6\/2021\/07\/power-lines-532720_1280-1.jpg","width":760,"height":457},{"@type":"BreadcrumbList","@id":"https:\/\/explora.cl\/coquimbo\/tecnologia-cuando-el-sol-es-el-mejor-aliado-para-reutilizar-y-cuidar-el-agua-en-la-region-de-coquimbo\/#breadcrumb","itemListElement":[{"@type":"ListItem","position":1,"name":"Portada","item":"https:\/\/explora.cl\/coquimbo\/"},{"@type":"ListItem","position":2,"name":"Tecnolog\u00eda: cuando el sol es el mejor aliado para reutilizar y cuidar el agua en la Regi\u00f3n de Coquimbo"}]},{"@type":"WebSite","@id":"https:\/\/explora.cl\/coquimbo\/#website","url":"https:\/\/explora.cl\/coquimbo\/","name":"Coquimbo","description":"Otro sitio m\u00e1s de explora.cl","publisher":{"@id":"https:\/\/explora.cl\/coquimbo\/#organization"},"potentialAction":[{"@type":"SearchAction","target":{"@type":"EntryPoint","urlTemplate":"https:\/\/explora.cl\/coquimbo\/?s={search_term_string}"},"query-input":{"@type":"PropertyValueSpecification","valueRequired":true,"valueName":"search_term_string"}}],"inLanguage":"es-CL"},{"@type":"Organization","@id":"https:\/\/explora.cl\/coquimbo\/#organization","name":"Coquimbo","url":"https:\/\/explora.cl\/coquimbo\/","logo":{"@type":"ImageObject","inLanguage":"es-CL","@id":"https:\/\/explora.cl\/coquimbo\/#\/schema\/logo\/image\/","url":"https:\/\/explora.cl\/coquimbo\/wp-content\/uploads\/sites\/6\/2020\/08\/cropped-Mesa-de-trabajo-1-100.jpg","contentUrl":"https:\/\/explora.cl\/coquimbo\/wp-content\/uploads\/sites\/6\/2020\/08\/cropped-Mesa-de-trabajo-1-100.jpg","width":615,"height":576,"caption":"Coquimbo"},"image":{"@id":"https:\/\/explora.cl\/coquimbo\/#\/schema\/logo\/image\/"}},{"@type":"Person","@id":"https:\/\/explora.cl\/coquimbo\/#\/schema\/person\/c171f405669e4e4f7e56a099200d2fe6","name":"jimartin","image":{"@type":"ImageObject","inLanguage":"es-CL","@id":"https:\/\/explora.cl\/coquimbo\/#\/schema\/person\/image\/","url":"https:\/\/secure.gravatar.com\/avatar\/8dfd7d14443934731a5aea629f40c1aceb42cc8b566a9926567e833c9d22b643?s=96&d=mm&r=g","contentUrl":"https:\/\/secure.gravatar.com\/avatar\/8dfd7d14443934731a5aea629f40c1aceb42cc8b566a9926567e833c9d22b643?s=96&d=mm&r=g","caption":"jimartin"},"url":"https:\/\/explora.cl\/coquimbo\/author\/jimartin\/"}]}},"_links":{"self":[{"href":"https:\/\/explora.cl\/coquimbo\/wp-json\/wp\/v2\/posts\/41634","targetHints":{"allow":["GET"]}}],"collection":[{"href":"https:\/\/explora.cl\/coquimbo\/wp-json\/wp\/v2\/posts"}],"about":[{"href":"https:\/\/explora.cl\/coquimbo\/wp-json\/wp\/v2\/types\/post"}],"author":[{"embeddable":true,"href":"https:\/\/explora.cl\/coquimbo\/wp-json\/wp\/v2\/users\/21"}],"replies":[{"embeddable":true,"href":"https:\/\/explora.cl\/coquimbo\/wp-json\/wp\/v2\/comments?post=41634"}],"version-history":[{"count":2,"href":"https:\/\/explora.cl\/coquimbo\/wp-json\/wp\/v2\/posts\/41634\/revisions"}],"predecessor-version":[{"id":41638,"href":"https:\/\/explora.cl\/coquimbo\/wp-json\/wp\/v2\/posts\/41634\/revisions\/41638"}],"wp:featuredmedia":[{"embeddable":true,"href":"https:\/\/explora.cl\/coquimbo\/wp-json\/wp\/v2\/media\/41636"}],"wp:attachment":[{"href":"https:\/\/explora.cl\/coquimbo\/wp-json\/wp\/v2\/media?parent=41634"}],"wp:term":[{"taxonomy":"category","embeddable":true,"href":"https:\/\/explora.cl\/coquimbo\/wp-json\/wp\/v2\/categories?post=41634"},{"taxonomy":"post_tag","embeddable":true,"href":"https:\/\/explora.cl\/coquimbo\/wp-json\/wp\/v2\/tags?post=41634"}],"curies":[{"name":"wp","href":"https:\/\/api.w.org\/{rel}","templated":true}]}}