{"id":41617,"date":"2021-07-23T13:42:13","date_gmt":"2021-07-23T17:42:13","guid":{"rendered":"https:\/\/explora.cl\/coquimbo\/?p=41617"},"modified":"2021-08-31T16:35:01","modified_gmt":"2021-08-31T20:35:01","slug":"global-teacher-prize-2021-el-premio-a-la-labor-docente","status":"publish","type":"post","link":"https:\/\/explora.cl\/coquimbo\/global-teacher-prize-2021-el-premio-a-la-labor-docente\/","title":{"rendered":"Global Teacher Prize 2021: El premio a la labor docente"},"content":{"rendered":"<p style=\"text-align: justify\">En su sexta versi\u00f3n, el premio conocido popularmente como el \u201cNobel de la ense\u00f1anza\u201d, este a\u00f1o tiene como lema \u201cM\u00e1s presentes que nunca\u201d, esto ya que durante la pandemia los y las docentes han tomado un papel a\u00fan m\u00e1s fundamental,<strong>\u00a0<\/strong>reinventando su ense\u00f1anza, innovando desde sus casas, siendo un pilar fundamental para sus estudiantes y sus familias.<strong>\u00a0<\/strong> Esto mismo es lo que destaca este premio, organizado por Elige Educar, ya que busca\u00a0relevar la labor docente y celebrar a aquellos maestros y maestras que cumplan un destacado rol profesional e impacto social.<\/p>\n<p style=\"text-align: justify\">En el a\u00f1o 2020 fueron m\u00e1s de 9,500 mil docentes de todo el pa\u00eds nominados y m\u00e1s de 580 postularon al premio, dando como ganador a\u00a0<a href=\"https:\/\/eligeeducar.cl\/historias-docentes\/este-profesor-de-historia-es-el-ganador-global-teacher-prize-chile-2020\/\">Manuel Calcagni<\/a>\u00a0, profesor de Historia del Instituto Nacional General Jos\u00e9 Miguel Carrera, quien gracias a un taller extracurricular de Cine creado hace m\u00e1s de 3 a\u00f1os, llamado Creavisi\u00f3n, ha logrado que sus estudiantes participen en festivales, conversen con grandes directores y sean capaces de ver la historia con mayor sentido cr\u00edtico.<\/p>\n<p style=\"text-align: justify\">Conversamos con dos nominadas de la Regi\u00f3n de Coquimbo, Marjorie Ibacache, Profesora de Estado en Qu\u00edmica y Cs. Naturales del colegio Ra\u00fal Silva Henr\u00edquez de Ovalle, nos cuenta que se siente halagada, \u201ces bonito saber que los estudiantes te aprecian y que creen que como docente se cumple con las expectativas de un reconocimiento de tal magnitud. Para los docentes se nos es normal elaborar clases que incentiven el desarrollo de actividades o acciones que generen aprendizaje tanto en lo conceptual y actitudinal, pero el saber que tanto los estudiantes como los apoderados lo valoran y m\u00e1s en condiciones de pandemia nos llena de satisfacci\u00f3n\u201d.<\/p>\n<p style=\"text-align: justify\">Adem\u00e1s, la docente agrega que \u201csi bien ya he sido nominada en a\u00f1os anteriores, este es el primero en el que decido continuar con el proceso y ha sido gratificante ya que hay que reflexionar acerca de la trayectoria educativa y el impacto que ella ha generado en los estudiantes y con el s\u00f3lo hecho de recordar todas las actividades en las que hemos participado y ver plasmado el progreso de mis estudiantes ya es un premio\u201d.<\/p>\n<p style=\"text-align: justify\">Mismo sentimiento comparte Dana Donoso, docente en la Escuela Pedro Pablo Mu\u00f1oz de La Higuera quien se manifiesta contenta con este reconocimiento. \u201cEs una grata sorpresa, es bonito saber que el esfuerzo y dedicaci\u00f3n que uno le pone al trabajo docente se vea reflejado de manera positiva, porque cuando uno trabaja en la pedagog\u00eda no es para recibir reconocimientos, sin embargo, este tipo de nominaciones motivan a que uno pueda seguir trabajando, generando cambios e impactos positivo en las personas que pasan como alumnos y el solo hecho de ser nominados ya es un honor\u201d.<\/p>\n<p style=\"text-align: justify\">El per\u00edodo de nominaciones y postulaciones se cierra el\u00a0<strong>martes 27 de julio <\/strong>y pueden postular profesores\/as (de todas las disciplinas y niveles), educadores\/as de p\u00e1rvulos y educadores\/as diferenciales actualmente en ejercicio que ense\u00f1en a ni\u00f1os entre 0 y 18 a\u00f1os, as\u00ed como aquellos que trabajen en educaci\u00f3n de adultos, en establecimientos educacionales de todo el pa\u00eds y de cualquier tipo de dependencia.<\/p>\n<p style=\"text-align: justify\">Luego, a comienzos del mes de octubre, se dar\u00e1n a conocer los nombres de los semifinalistas del premio, para que a fines del mismo mes anunciar a 5 finalistas. Finalmente, a fines de noviembre, se realizar\u00e1 la ceremonia de premiaci\u00f3n, donde se podr\u00e1 conocer los ganadores de la versi\u00f3n 2021. Conoce m\u00e1s informaci\u00f3n o postula a tu profe al Global Teacher Prize en <a href=\"http:\/\/www.gtpchile.cl\">www.gtpchile.cl<\/a><\/p>\n","protected":false},"excerpt":{"rendered":"<p>Global Teacher Prize 2021: El premio a la labor docente <\/p>\n","protected":false},"author":21,"featured_media":41618,"comment_status":"open","ping_status":"open","sticky":false,"template":"","format":"standard","meta":{"_acf_changed":false,"_exactmetrics_skip_tracking":false,"_exactmetrics_sitenote_active":false,"_exactmetrics_sitenote_note":"","_exactmetrics_sitenote_category":0,"footnotes":"","_links_to":"","_links_to_target":""},"categories":[4],"tags":[],"class_list":["post-41617","post","type-post","status-publish","format-standard","has-post-thumbnail","hentry","category-noticias"],"acf":[],"yoast_head":"<!-- This site is optimized with the Yoast SEO plugin v26.9 - https:\/\/yoast.com\/product\/yoast-seo-wordpress\/ -->\n<title>Global Teacher Prize 2021: El premio a la labor docente - Coquimbo<\/title>\n<meta name=\"robots\" content=\"index, follow, max-snippet:-1, max-image-preview:large, max-video-preview:-1\" \/>\n<link rel=\"canonical\" href=\"https:\/\/explora.cl\/coquimbo\/global-teacher-prize-2021-el-premio-a-la-labor-docente\/\" class=\"yoast-seo-meta-tag\" \/>\n<meta property=\"og:locale\" content=\"es_ES\" class=\"yoast-seo-meta-tag\" \/>\n<meta property=\"og:type\" content=\"article\" class=\"yoast-seo-meta-tag\" \/>\n<meta property=\"og:title\" content=\"Global Teacher Prize 2021: El premio a la labor docente - Coquimbo\" class=\"yoast-seo-meta-tag\" \/>\n<meta property=\"og:description\" content=\"Global Teacher Prize 2021: El premio a la labor docente\" class=\"yoast-seo-meta-tag\" \/>\n<meta property=\"og:url\" content=\"https:\/\/explora.cl\/coquimbo\/global-teacher-prize-2021-el-premio-a-la-labor-docente\/\" class=\"yoast-seo-meta-tag\" \/>\n<meta property=\"og:site_name\" content=\"Coquimbo\" class=\"yoast-seo-meta-tag\" \/>\n<meta property=\"article:published_time\" content=\"2021-07-23T17:42:13+00:00\" class=\"yoast-seo-meta-tag\" \/>\n<meta property=\"article:modified_time\" content=\"2021-08-31T20:35:01+00:00\" class=\"yoast-seo-meta-tag\" \/>\n<meta property=\"og:image\" content=\"https:\/\/explora.cl\/coquimbo\/wp-content\/uploads\/sites\/6\/2021\/07\/PRIMERA-PIEZA-GTP-CHILE-2021-INSTAGRAM.jpg\" class=\"yoast-seo-meta-tag\" \/>\n\t<meta property=\"og:image:width\" content=\"1920\" class=\"yoast-seo-meta-tag\" \/>\n\t<meta property=\"og:image:height\" content=\"1080\" class=\"yoast-seo-meta-tag\" \/>\n\t<meta property=\"og:image:type\" content=\"image\/jpeg\" class=\"yoast-seo-meta-tag\" \/>\n<meta name=\"author\" content=\"jimartin\" class=\"yoast-seo-meta-tag\" \/>\n<meta name=\"twitter:card\" content=\"summary_large_image\" class=\"yoast-seo-meta-tag\" \/>\n<meta name=\"twitter:label1\" content=\"Escrito por\" class=\"yoast-seo-meta-tag\" \/>\n\t<meta name=\"twitter:data1\" content=\"jimartin\" class=\"yoast-seo-meta-tag\" \/>\n\t<meta name=\"twitter:label2\" content=\"Tiempo estimado de lectura\" class=\"yoast-seo-meta-tag\" \/>\n\t<meta name=\"twitter:data2\" content=\"3 minutos\" class=\"yoast-seo-meta-tag\" \/>\n<script type=\"application\/ld+json\" class=\"yoast-schema-graph\">{\"@context\":\"https:\/\/schema.org\",\"@graph\":[{\"@type\":\"Article\",\"@id\":\"https:\/\/explora.cl\/coquimbo\/global-teacher-prize-2021-el-premio-a-la-labor-docente\/#article\",\"isPartOf\":{\"@id\":\"https:\/\/explora.cl\/coquimbo\/global-teacher-prize-2021-el-premio-a-la-labor-docente\/\"},\"author\":{\"name\":\"jimartin\",\"@id\":\"https:\/\/explora.cl\/coquimbo\/#\/schema\/person\/c171f405669e4e4f7e56a099200d2fe6\"},\"headline\":\"Global Teacher Prize 2021: El premio a la labor docente\",\"datePublished\":\"2021-07-23T17:42:13+00:00\",\"dateModified\":\"2021-08-31T20:35:01+00:00\",\"mainEntityOfPage\":{\"@id\":\"https:\/\/explora.cl\/coquimbo\/global-teacher-prize-2021-el-premio-a-la-labor-docente\/\"},\"wordCount\":617,\"commentCount\":0,\"publisher\":{\"@id\":\"https:\/\/explora.cl\/coquimbo\/#organization\"},\"image\":{\"@id\":\"https:\/\/explora.cl\/coquimbo\/global-teacher-prize-2021-el-premio-a-la-labor-docente\/#primaryimage\"},\"thumbnailUrl\":\"https:\/\/explora.cl\/coquimbo\/wp-content\/uploads\/sites\/6\/2021\/07\/PRIMERA-PIEZA-GTP-CHILE-2021-INSTAGRAM.jpg\",\"articleSection\":[\"Noticias\"],\"inLanguage\":\"es-CL\",\"potentialAction\":[{\"@type\":\"CommentAction\",\"name\":\"Comment\",\"target\":[\"https:\/\/explora.cl\/coquimbo\/global-teacher-prize-2021-el-premio-a-la-labor-docente\/#respond\"]}]},{\"@type\":\"WebPage\",\"@id\":\"https:\/\/explora.cl\/coquimbo\/global-teacher-prize-2021-el-premio-a-la-labor-docente\/\",\"url\":\"https:\/\/explora.cl\/coquimbo\/global-teacher-prize-2021-el-premio-a-la-labor-docente\/\",\"name\":\"Global Teacher Prize 2021: El premio a la labor docente - Coquimbo\",\"isPartOf\":{\"@id\":\"https:\/\/explora.cl\/coquimbo\/#website\"},\"primaryImageOfPage\":{\"@id\":\"https:\/\/explora.cl\/coquimbo\/global-teacher-prize-2021-el-premio-a-la-labor-docente\/#primaryimage\"},\"image\":{\"@id\":\"https:\/\/explora.cl\/coquimbo\/global-teacher-prize-2021-el-premio-a-la-labor-docente\/#primaryimage\"},\"thumbnailUrl\":\"https:\/\/explora.cl\/coquimbo\/wp-content\/uploads\/sites\/6\/2021\/07\/PRIMERA-PIEZA-GTP-CHILE-2021-INSTAGRAM.jpg\",\"datePublished\":\"2021-07-23T17:42:13+00:00\",\"dateModified\":\"2021-08-31T20:35:01+00:00\",\"breadcrumb\":{\"@id\":\"https:\/\/explora.cl\/coquimbo\/global-teacher-prize-2021-el-premio-a-la-labor-docente\/#breadcrumb\"},\"inLanguage\":\"es-CL\",\"potentialAction\":[{\"@type\":\"ReadAction\",\"target\":[\"https:\/\/explora.cl\/coquimbo\/global-teacher-prize-2021-el-premio-a-la-labor-docente\/\"]}]},{\"@type\":\"ImageObject\",\"inLanguage\":\"es-CL\",\"@id\":\"https:\/\/explora.cl\/coquimbo\/global-teacher-prize-2021-el-premio-a-la-labor-docente\/#primaryimage\",\"url\":\"https:\/\/explora.cl\/coquimbo\/wp-content\/uploads\/sites\/6\/2021\/07\/PRIMERA-PIEZA-GTP-CHILE-2021-INSTAGRAM.jpg\",\"contentUrl\":\"https:\/\/explora.cl\/coquimbo\/wp-content\/uploads\/sites\/6\/2021\/07\/PRIMERA-PIEZA-GTP-CHILE-2021-INSTAGRAM.jpg\",\"width\":1920,\"height\":1080},{\"@type\":\"BreadcrumbList\",\"@id\":\"https:\/\/explora.cl\/coquimbo\/global-teacher-prize-2021-el-premio-a-la-labor-docente\/#breadcrumb\",\"itemListElement\":[{\"@type\":\"ListItem\",\"position\":1,\"name\":\"Portada\",\"item\":\"https:\/\/explora.cl\/coquimbo\/\"},{\"@type\":\"ListItem\",\"position\":2,\"name\":\"Global Teacher Prize 2021: El premio a la labor docente\"}]},{\"@type\":\"WebSite\",\"@id\":\"https:\/\/explora.cl\/coquimbo\/#website\",\"url\":\"https:\/\/explora.cl\/coquimbo\/\",\"name\":\"Coquimbo\",\"description\":\"Otro sitio m\u00e1s de explora.cl\",\"publisher\":{\"@id\":\"https:\/\/explora.cl\/coquimbo\/#organization\"},\"potentialAction\":[{\"@type\":\"SearchAction\",\"target\":{\"@type\":\"EntryPoint\",\"urlTemplate\":\"https:\/\/explora.cl\/coquimbo\/?s={search_term_string}\"},\"query-input\":{\"@type\":\"PropertyValueSpecification\",\"valueRequired\":true,\"valueName\":\"search_term_string\"}}],\"inLanguage\":\"es-CL\"},{\"@type\":\"Organization\",\"@id\":\"https:\/\/explora.cl\/coquimbo\/#organization\",\"name\":\"Coquimbo\",\"url\":\"https:\/\/explora.cl\/coquimbo\/\",\"logo\":{\"@type\":\"ImageObject\",\"inLanguage\":\"es-CL\",\"@id\":\"https:\/\/explora.cl\/coquimbo\/#\/schema\/logo\/image\/\",\"url\":\"https:\/\/explora.cl\/coquimbo\/wp-content\/uploads\/sites\/6\/2020\/08\/cropped-Mesa-de-trabajo-1-100.jpg\",\"contentUrl\":\"https:\/\/explora.cl\/coquimbo\/wp-content\/uploads\/sites\/6\/2020\/08\/cropped-Mesa-de-trabajo-1-100.jpg\",\"width\":615,\"height\":576,\"caption\":\"Coquimbo\"},\"image\":{\"@id\":\"https:\/\/explora.cl\/coquimbo\/#\/schema\/logo\/image\/\"}},{\"@type\":\"Person\",\"@id\":\"https:\/\/explora.cl\/coquimbo\/#\/schema\/person\/c171f405669e4e4f7e56a099200d2fe6\",\"name\":\"jimartin\",\"image\":{\"@type\":\"ImageObject\",\"inLanguage\":\"es-CL\",\"@id\":\"https:\/\/explora.cl\/coquimbo\/#\/schema\/person\/image\/\",\"url\":\"https:\/\/secure.gravatar.com\/avatar\/8dfd7d14443934731a5aea629f40c1aceb42cc8b566a9926567e833c9d22b643?s=96&d=mm&r=g\",\"contentUrl\":\"https:\/\/secure.gravatar.com\/avatar\/8dfd7d14443934731a5aea629f40c1aceb42cc8b566a9926567e833c9d22b643?s=96&d=mm&r=g\",\"caption\":\"jimartin\"},\"url\":\"https:\/\/explora.cl\/coquimbo\/author\/jimartin\/\"}]}<\/script>\n<!-- \/ Yoast SEO plugin. -->","yoast_head_json":{"title":"Global Teacher Prize 2021: El premio a la labor docente - Coquimbo","robots":{"index":"index","follow":"follow","max-snippet":"max-snippet:-1","max-image-preview":"max-image-preview:large","max-video-preview":"max-video-preview:-1"},"canonical":"https:\/\/explora.cl\/coquimbo\/global-teacher-prize-2021-el-premio-a-la-labor-docente\/","og_locale":"es_ES","og_type":"article","og_title":"Global Teacher Prize 2021: El premio a la labor docente - Coquimbo","og_description":"Global Teacher Prize 2021: El premio a la labor docente","og_url":"https:\/\/explora.cl\/coquimbo\/global-teacher-prize-2021-el-premio-a-la-labor-docente\/","og_site_name":"Coquimbo","article_published_time":"2021-07-23T17:42:13+00:00","article_modified_time":"2021-08-31T20:35:01+00:00","og_image":[{"width":1920,"height":1080,"url":"https:\/\/explora.cl\/coquimbo\/wp-content\/uploads\/sites\/6\/2021\/07\/PRIMERA-PIEZA-GTP-CHILE-2021-INSTAGRAM.jpg","type":"image\/jpeg"}],"author":"jimartin","twitter_card":"summary_large_image","twitter_misc":{"Escrito por":"jimartin","Tiempo estimado de lectura":"3 minutos"},"schema":{"@context":"https:\/\/schema.org","@graph":[{"@type":"Article","@id":"https:\/\/explora.cl\/coquimbo\/global-teacher-prize-2021-el-premio-a-la-labor-docente\/#article","isPartOf":{"@id":"https:\/\/explora.cl\/coquimbo\/global-teacher-prize-2021-el-premio-a-la-labor-docente\/"},"author":{"name":"jimartin","@id":"https:\/\/explora.cl\/coquimbo\/#\/schema\/person\/c171f405669e4e4f7e56a099200d2fe6"},"headline":"Global Teacher Prize 2021: El premio a la labor docente","datePublished":"2021-07-23T17:42:13+00:00","dateModified":"2021-08-31T20:35:01+00:00","mainEntityOfPage":{"@id":"https:\/\/explora.cl\/coquimbo\/global-teacher-prize-2021-el-premio-a-la-labor-docente\/"},"wordCount":617,"commentCount":0,"publisher":{"@id":"https:\/\/explora.cl\/coquimbo\/#organization"},"image":{"@id":"https:\/\/explora.cl\/coquimbo\/global-teacher-prize-2021-el-premio-a-la-labor-docente\/#primaryimage"},"thumbnailUrl":"https:\/\/explora.cl\/coquimbo\/wp-content\/uploads\/sites\/6\/2021\/07\/PRIMERA-PIEZA-GTP-CHILE-2021-INSTAGRAM.jpg","articleSection":["Noticias"],"inLanguage":"es-CL","potentialAction":[{"@type":"CommentAction","name":"Comment","target":["https:\/\/explora.cl\/coquimbo\/global-teacher-prize-2021-el-premio-a-la-labor-docente\/#respond"]}]},{"@type":"WebPage","@id":"https:\/\/explora.cl\/coquimbo\/global-teacher-prize-2021-el-premio-a-la-labor-docente\/","url":"https:\/\/explora.cl\/coquimbo\/global-teacher-prize-2021-el-premio-a-la-labor-docente\/","name":"Global Teacher Prize 2021: El premio a la labor docente - Coquimbo","isPartOf":{"@id":"https:\/\/explora.cl\/coquimbo\/#website"},"primaryImageOfPage":{"@id":"https:\/\/explora.cl\/coquimbo\/global-teacher-prize-2021-el-premio-a-la-labor-docente\/#primaryimage"},"image":{"@id":"https:\/\/explora.cl\/coquimbo\/global-teacher-prize-2021-el-premio-a-la-labor-docente\/#primaryimage"},"thumbnailUrl":"https:\/\/explora.cl\/coquimbo\/wp-content\/uploads\/sites\/6\/2021\/07\/PRIMERA-PIEZA-GTP-CHILE-2021-INSTAGRAM.jpg","datePublished":"2021-07-23T17:42:13+00:00","dateModified":"2021-08-31T20:35:01+00:00","breadcrumb":{"@id":"https:\/\/explora.cl\/coquimbo\/global-teacher-prize-2021-el-premio-a-la-labor-docente\/#breadcrumb"},"inLanguage":"es-CL","potentialAction":[{"@type":"ReadAction","target":["https:\/\/explora.cl\/coquimbo\/global-teacher-prize-2021-el-premio-a-la-labor-docente\/"]}]},{"@type":"ImageObject","inLanguage":"es-CL","@id":"https:\/\/explora.cl\/coquimbo\/global-teacher-prize-2021-el-premio-a-la-labor-docente\/#primaryimage","url":"https:\/\/explora.cl\/coquimbo\/wp-content\/uploads\/sites\/6\/2021\/07\/PRIMERA-PIEZA-GTP-CHILE-2021-INSTAGRAM.jpg","contentUrl":"https:\/\/explora.cl\/coquimbo\/wp-content\/uploads\/sites\/6\/2021\/07\/PRIMERA-PIEZA-GTP-CHILE-2021-INSTAGRAM.jpg","width":1920,"height":1080},{"@type":"BreadcrumbList","@id":"https:\/\/explora.cl\/coquimbo\/global-teacher-prize-2021-el-premio-a-la-labor-docente\/#breadcrumb","itemListElement":[{"@type":"ListItem","position":1,"name":"Portada","item":"https:\/\/explora.cl\/coquimbo\/"},{"@type":"ListItem","position":2,"name":"Global Teacher Prize 2021: El premio a la labor docente"}]},{"@type":"WebSite","@id":"https:\/\/explora.cl\/coquimbo\/#website","url":"https:\/\/explora.cl\/coquimbo\/","name":"Coquimbo","description":"Otro sitio m\u00e1s de explora.cl","publisher":{"@id":"https:\/\/explora.cl\/coquimbo\/#organization"},"potentialAction":[{"@type":"SearchAction","target":{"@type":"EntryPoint","urlTemplate":"https:\/\/explora.cl\/coquimbo\/?s={search_term_string}"},"query-input":{"@type":"PropertyValueSpecification","valueRequired":true,"valueName":"search_term_string"}}],"inLanguage":"es-CL"},{"@type":"Organization","@id":"https:\/\/explora.cl\/coquimbo\/#organization","name":"Coquimbo","url":"https:\/\/explora.cl\/coquimbo\/","logo":{"@type":"ImageObject","inLanguage":"es-CL","@id":"https:\/\/explora.cl\/coquimbo\/#\/schema\/logo\/image\/","url":"https:\/\/explora.cl\/coquimbo\/wp-content\/uploads\/sites\/6\/2020\/08\/cropped-Mesa-de-trabajo-1-100.jpg","contentUrl":"https:\/\/explora.cl\/coquimbo\/wp-content\/uploads\/sites\/6\/2020\/08\/cropped-Mesa-de-trabajo-1-100.jpg","width":615,"height":576,"caption":"Coquimbo"},"image":{"@id":"https:\/\/explora.cl\/coquimbo\/#\/schema\/logo\/image\/"}},{"@type":"Person","@id":"https:\/\/explora.cl\/coquimbo\/#\/schema\/person\/c171f405669e4e4f7e56a099200d2fe6","name":"jimartin","image":{"@type":"ImageObject","inLanguage":"es-CL","@id":"https:\/\/explora.cl\/coquimbo\/#\/schema\/person\/image\/","url":"https:\/\/secure.gravatar.com\/avatar\/8dfd7d14443934731a5aea629f40c1aceb42cc8b566a9926567e833c9d22b643?s=96&d=mm&r=g","contentUrl":"https:\/\/secure.gravatar.com\/avatar\/8dfd7d14443934731a5aea629f40c1aceb42cc8b566a9926567e833c9d22b643?s=96&d=mm&r=g","caption":"jimartin"},"url":"https:\/\/explora.cl\/coquimbo\/author\/jimartin\/"}]}},"_links":{"self":[{"href":"https:\/\/explora.cl\/coquimbo\/wp-json\/wp\/v2\/posts\/41617","targetHints":{"allow":["GET"]}}],"collection":[{"href":"https:\/\/explora.cl\/coquimbo\/wp-json\/wp\/v2\/posts"}],"about":[{"href":"https:\/\/explora.cl\/coquimbo\/wp-json\/wp\/v2\/types\/post"}],"author":[{"embeddable":true,"href":"https:\/\/explora.cl\/coquimbo\/wp-json\/wp\/v2\/users\/21"}],"replies":[{"embeddable":true,"href":"https:\/\/explora.cl\/coquimbo\/wp-json\/wp\/v2\/comments?post=41617"}],"version-history":[{"count":1,"href":"https:\/\/explora.cl\/coquimbo\/wp-json\/wp\/v2\/posts\/41617\/revisions"}],"predecessor-version":[{"id":41619,"href":"https:\/\/explora.cl\/coquimbo\/wp-json\/wp\/v2\/posts\/41617\/revisions\/41619"}],"wp:featuredmedia":[{"embeddable":true,"href":"https:\/\/explora.cl\/coquimbo\/wp-json\/wp\/v2\/media\/41618"}],"wp:attachment":[{"href":"https:\/\/explora.cl\/coquimbo\/wp-json\/wp\/v2\/media?parent=41617"}],"wp:term":[{"taxonomy":"category","embeddable":true,"href":"https:\/\/explora.cl\/coquimbo\/wp-json\/wp\/v2\/categories?post=41617"},{"taxonomy":"post_tag","embeddable":true,"href":"https:\/\/explora.cl\/coquimbo\/wp-json\/wp\/v2\/tags?post=41617"}],"curies":[{"name":"wp","href":"https:\/\/api.w.org\/{rel}","templated":true}]}}