{"id":41457,"date":"2021-05-27T10:19:12","date_gmt":"2021-05-27T14:19:12","guid":{"rendered":"https:\/\/explora.cl\/coquimbo\/?p=41457"},"modified":"2021-06-08T13:12:54","modified_gmt":"2021-06-08T17:12:54","slug":"fin-de-semana-cultural-28-29-y-30-de-mayo-se-celebrara-en-todo-chile-el-dia-del-patrimonio","status":"publish","type":"post","link":"https:\/\/explora.cl\/coquimbo\/fin-de-semana-cultural-28-29-y-30-de-mayo-se-celebrara-en-todo-chile-el-dia-del-patrimonio\/","title":{"rendered":"Fin de semana cultural: 28, 29 y 30 de mayo se celebrar\u00e1 en todo Chile el D\u00eda del Patrimonio"},"content":{"rendered":"<p style=\"text-align: justify\">Desde su instauraci\u00f3n en el a\u00f1o 1999, en nuestro pa\u00eds se festeja el \u00faltimo domingo de mayo, el d\u00eda del Patrimonio Cultural de Chile, esto con la intenci\u00f3n de permitir a la ciudadan\u00eda en general conocer y disfrutar del patrimonio cultural, hist\u00f3rico y arquitect\u00f3nico nacional.<\/p>\n<p style=\"text-align: justify\">Este a\u00f1o debido a la pandemia, se han organizado diversas actividades de forma online y algunas presenciales con aforos reducidos para festejar el patrimonio cultural a lo largo de nuestro pa\u00eds. En el caso de la regi\u00f3n de Coquimbo, hay 66 actividades planificadas para que toda la familia pueda disfrutar, desde recorridos virtuales hasta charlas con expertos.<\/p>\n<p style=\"text-align: justify\">Dentro de las actividades se puede encontrar el Lanzamiento audiovisual Virtual <strong>\u201cPatrimonio del Limar\u00ed: Lugares de encuentro de la comunidad\u201d <\/strong>organizado por el Museo del Limar\u00ed, el d\u00eda 28 a las 16:00hrs.Al d\u00eda siguiente, 29 de mayo, hay un recorrido virtual <strong>&#8220;Patrimonio en la biblioteca&#8221;<\/strong> organizado por la Biblioteca Regional Gabriela Mistral que comenzar\u00e1 a las 12:00hrs. El d\u00eda domingo a las 17:00hrs se realizar\u00e1 la exposici\u00f3n <strong>\u201cGabriela \u00edntima y diversa\u201d<\/strong> tambi\u00e9n en formato online.<\/p>\n<p><img decoding=\"async\" class=\"alignnone wp-image-41459\" src=\"https:\/\/explora.cl\/coquimbo\/wp-content\/uploads\/sites\/6\/2021\/05\/patrimonio-bibloteca-300x300.jpg\" alt=\"\" width=\"200\" height=\"200\" srcset=\"https:\/\/explora.cl\/coquimbo\/wp-content\/uploads\/sites\/6\/2021\/05\/patrimonio-bibloteca-300x300.jpg 300w, https:\/\/explora.cl\/coquimbo\/wp-content\/uploads\/sites\/6\/2021\/05\/patrimonio-bibloteca-150x150.jpg 150w, https:\/\/explora.cl\/coquimbo\/wp-content\/uploads\/sites\/6\/2021\/05\/patrimonio-bibloteca-768x768.jpg 768w, https:\/\/explora.cl\/coquimbo\/wp-content\/uploads\/sites\/6\/2021\/05\/patrimonio-bibloteca-1024x1024.jpg 1024w, https:\/\/explora.cl\/coquimbo\/wp-content\/uploads\/sites\/6\/2021\/05\/patrimonio-bibloteca-60x60.jpg 60w, https:\/\/explora.cl\/coquimbo\/wp-content\/uploads\/sites\/6\/2021\/05\/patrimonio-bibloteca.jpg 1080w\" sizes=\"(max-width: 200px) 100vw, 200px\" \/><img decoding=\"async\" class=\"alignnone wp-image-41460\" src=\"https:\/\/explora.cl\/coquimbo\/wp-content\/uploads\/sites\/6\/2021\/05\/patrimonio-gabriela-intima-y-diversa-300x300.jpg\" alt=\"\" width=\"202\" height=\"202\" srcset=\"https:\/\/explora.cl\/coquimbo\/wp-content\/uploads\/sites\/6\/2021\/05\/patrimonio-gabriela-intima-y-diversa-300x300.jpg 300w, https:\/\/explora.cl\/coquimbo\/wp-content\/uploads\/sites\/6\/2021\/05\/patrimonio-gabriela-intima-y-diversa-150x150.jpg 150w, https:\/\/explora.cl\/coquimbo\/wp-content\/uploads\/sites\/6\/2021\/05\/patrimonio-gabriela-intima-y-diversa-768x768.jpg 768w, https:\/\/explora.cl\/coquimbo\/wp-content\/uploads\/sites\/6\/2021\/05\/patrimonio-gabriela-intima-y-diversa-1024x1024.jpg 1024w, https:\/\/explora.cl\/coquimbo\/wp-content\/uploads\/sites\/6\/2021\/05\/patrimonio-gabriela-intima-y-diversa-60x60.jpg 60w, https:\/\/explora.cl\/coquimbo\/wp-content\/uploads\/sites\/6\/2021\/05\/patrimonio-gabriela-intima-y-diversa.jpg 1080w\" sizes=\"(max-width: 202px) 100vw, 202px\" \/><img decoding=\"async\" class=\"wp-image-41458 alignnone\" style=\"text-align: justify\" src=\"https:\/\/explora.cl\/coquimbo\/wp-content\/uploads\/sites\/6\/2021\/05\/Dia-del-patrimonio-Limar\u00ed-300x300.jpg\" alt=\"\" width=\"202\" height=\"202\" srcset=\"https:\/\/explora.cl\/coquimbo\/wp-content\/uploads\/sites\/6\/2021\/05\/Dia-del-patrimonio-Limar\u00ed-300x300.jpg 300w, https:\/\/explora.cl\/coquimbo\/wp-content\/uploads\/sites\/6\/2021\/05\/Dia-del-patrimonio-Limar\u00ed-150x150.jpg 150w, https:\/\/explora.cl\/coquimbo\/wp-content\/uploads\/sites\/6\/2021\/05\/Dia-del-patrimonio-Limar\u00ed-768x768.jpg 768w, https:\/\/explora.cl\/coquimbo\/wp-content\/uploads\/sites\/6\/2021\/05\/Dia-del-patrimonio-Limar\u00ed-1024x1024.jpg 1024w, https:\/\/explora.cl\/coquimbo\/wp-content\/uploads\/sites\/6\/2021\/05\/Dia-del-patrimonio-Limar\u00ed-60x60.jpg 60w, https:\/\/explora.cl\/coquimbo\/wp-content\/uploads\/sites\/6\/2021\/05\/Dia-del-patrimonio-Limar\u00ed.jpg 1080w\" sizes=\"(max-width: 202px) 100vw, 202px\" \/><\/p>\n<p>&nbsp;<\/p>\n<p style=\"text-align: justify\">Cabe destacar que estas son solo algunas de las actividades propuestas, ya que se puede encontrar la parrilla program\u00e1tica completa junto a links de inscripci\u00f3n en la pagina web <a href=\"http:\/\/www.diadelpatrimonio.cl\">www.diadelpatrimonio.cl<\/a><\/p>\n","protected":false},"excerpt":{"rendered":"<p>Fin de semana cultural: 28, 29 y 30 de mayo se celebrar\u00e1 en todo Chile el D\u00eda del Patrimonio <\/p>\n","protected":false},"author":21,"featured_media":41461,"comment_status":"open","ping_status":"open","sticky":false,"template":"","format":"standard","meta":{"_acf_changed":false,"_exactmetrics_skip_tracking":false,"_exactmetrics_sitenote_active":false,"_exactmetrics_sitenote_note":"","_exactmetrics_sitenote_category":0,"footnotes":"","_links_to":"","_links_to_target":""},"categories":[4],"tags":[],"class_list":["post-41457","post","type-post","status-publish","format-standard","has-post-thumbnail","hentry","category-noticias"],"acf":[],"yoast_head":"<!-- This site is optimized with the Yoast SEO plugin v26.9 - https:\/\/yoast.com\/product\/yoast-seo-wordpress\/ -->\n<title>Fin de semana cultural: 28, 29 y 30 de mayo se celebrar\u00e1 en todo Chile el D\u00eda del Patrimonio - Coquimbo<\/title>\n<meta name=\"robots\" content=\"index, follow, max-snippet:-1, max-image-preview:large, max-video-preview:-1\" \/>\n<link rel=\"canonical\" href=\"https:\/\/explora.cl\/coquimbo\/fin-de-semana-cultural-28-29-y-30-de-mayo-se-celebrara-en-todo-chile-el-dia-del-patrimonio\/\" class=\"yoast-seo-meta-tag\" \/>\n<meta property=\"og:locale\" content=\"es_ES\" class=\"yoast-seo-meta-tag\" \/>\n<meta property=\"og:type\" content=\"article\" class=\"yoast-seo-meta-tag\" \/>\n<meta property=\"og:title\" content=\"Fin de semana cultural: 28, 29 y 30 de mayo se celebrar\u00e1 en todo Chile el D\u00eda del Patrimonio - Coquimbo\" class=\"yoast-seo-meta-tag\" \/>\n<meta property=\"og:description\" content=\"Fin de semana cultural: 28, 29 y 30 de mayo se celebrar\u00e1 en todo Chile el D\u00eda del Patrimonio\" class=\"yoast-seo-meta-tag\" \/>\n<meta property=\"og:url\" content=\"https:\/\/explora.cl\/coquimbo\/fin-de-semana-cultural-28-29-y-30-de-mayo-se-celebrara-en-todo-chile-el-dia-del-patrimonio\/\" class=\"yoast-seo-meta-tag\" \/>\n<meta property=\"og:site_name\" content=\"Coquimbo\" class=\"yoast-seo-meta-tag\" \/>\n<meta property=\"article:published_time\" content=\"2021-05-27T14:19:12+00:00\" class=\"yoast-seo-meta-tag\" \/>\n<meta property=\"article:modified_time\" content=\"2021-06-08T17:12:54+00:00\" class=\"yoast-seo-meta-tag\" \/>\n<meta property=\"og:image\" content=\"https:\/\/explora.cl\/coquimbo\/wp-content\/uploads\/sites\/6\/2021\/05\/Dia-del-patrimonio.jpeg\" class=\"yoast-seo-meta-tag\" \/>\n\t<meta property=\"og:image:width\" content=\"1080\" class=\"yoast-seo-meta-tag\" \/>\n\t<meta property=\"og:image:height\" content=\"600\" class=\"yoast-seo-meta-tag\" \/>\n\t<meta property=\"og:image:type\" content=\"image\/jpeg\" class=\"yoast-seo-meta-tag\" \/>\n<meta name=\"author\" content=\"jimartin\" class=\"yoast-seo-meta-tag\" \/>\n<meta name=\"twitter:card\" content=\"summary_large_image\" class=\"yoast-seo-meta-tag\" \/>\n<meta name=\"twitter:label1\" content=\"Escrito por\" class=\"yoast-seo-meta-tag\" \/>\n\t<meta name=\"twitter:data1\" content=\"jimartin\" class=\"yoast-seo-meta-tag\" \/>\n\t<meta name=\"twitter:label2\" content=\"Tiempo estimado de lectura\" class=\"yoast-seo-meta-tag\" \/>\n\t<meta name=\"twitter:data2\" content=\"1 minuto\" class=\"yoast-seo-meta-tag\" \/>\n<script type=\"application\/ld+json\" class=\"yoast-schema-graph\">{\"@context\":\"https:\/\/schema.org\",\"@graph\":[{\"@type\":\"Article\",\"@id\":\"https:\/\/explora.cl\/coquimbo\/fin-de-semana-cultural-28-29-y-30-de-mayo-se-celebrara-en-todo-chile-el-dia-del-patrimonio\/#article\",\"isPartOf\":{\"@id\":\"https:\/\/explora.cl\/coquimbo\/fin-de-semana-cultural-28-29-y-30-de-mayo-se-celebrara-en-todo-chile-el-dia-del-patrimonio\/\"},\"author\":{\"name\":\"jimartin\",\"@id\":\"https:\/\/explora.cl\/coquimbo\/#\/schema\/person\/c171f405669e4e4f7e56a099200d2fe6\"},\"headline\":\"Fin de semana cultural: 28, 29 y 30 de mayo se celebrar\u00e1 en todo Chile el D\u00eda del Patrimonio\",\"datePublished\":\"2021-05-27T14:19:12+00:00\",\"dateModified\":\"2021-06-08T17:12:54+00:00\",\"mainEntityOfPage\":{\"@id\":\"https:\/\/explora.cl\/coquimbo\/fin-de-semana-cultural-28-29-y-30-de-mayo-se-celebrara-en-todo-chile-el-dia-del-patrimonio\/\"},\"wordCount\":242,\"commentCount\":0,\"publisher\":{\"@id\":\"https:\/\/explora.cl\/coquimbo\/#organization\"},\"image\":{\"@id\":\"https:\/\/explora.cl\/coquimbo\/fin-de-semana-cultural-28-29-y-30-de-mayo-se-celebrara-en-todo-chile-el-dia-del-patrimonio\/#primaryimage\"},\"thumbnailUrl\":\"https:\/\/explora.cl\/coquimbo\/wp-content\/uploads\/sites\/6\/2021\/05\/Dia-del-patrimonio.jpeg\",\"articleSection\":[\"Noticias\"],\"inLanguage\":\"es-CL\",\"potentialAction\":[{\"@type\":\"CommentAction\",\"name\":\"Comment\",\"target\":[\"https:\/\/explora.cl\/coquimbo\/fin-de-semana-cultural-28-29-y-30-de-mayo-se-celebrara-en-todo-chile-el-dia-del-patrimonio\/#respond\"]}]},{\"@type\":\"WebPage\",\"@id\":\"https:\/\/explora.cl\/coquimbo\/fin-de-semana-cultural-28-29-y-30-de-mayo-se-celebrara-en-todo-chile-el-dia-del-patrimonio\/\",\"url\":\"https:\/\/explora.cl\/coquimbo\/fin-de-semana-cultural-28-29-y-30-de-mayo-se-celebrara-en-todo-chile-el-dia-del-patrimonio\/\",\"name\":\"Fin de semana cultural: 28, 29 y 30 de mayo se celebrar\u00e1 en todo Chile el D\u00eda del Patrimonio - Coquimbo\",\"isPartOf\":{\"@id\":\"https:\/\/explora.cl\/coquimbo\/#website\"},\"primaryImageOfPage\":{\"@id\":\"https:\/\/explora.cl\/coquimbo\/fin-de-semana-cultural-28-29-y-30-de-mayo-se-celebrara-en-todo-chile-el-dia-del-patrimonio\/#primaryimage\"},\"image\":{\"@id\":\"https:\/\/explora.cl\/coquimbo\/fin-de-semana-cultural-28-29-y-30-de-mayo-se-celebrara-en-todo-chile-el-dia-del-patrimonio\/#primaryimage\"},\"thumbnailUrl\":\"https:\/\/explora.cl\/coquimbo\/wp-content\/uploads\/sites\/6\/2021\/05\/Dia-del-patrimonio.jpeg\",\"datePublished\":\"2021-05-27T14:19:12+00:00\",\"dateModified\":\"2021-06-08T17:12:54+00:00\",\"breadcrumb\":{\"@id\":\"https:\/\/explora.cl\/coquimbo\/fin-de-semana-cultural-28-29-y-30-de-mayo-se-celebrara-en-todo-chile-el-dia-del-patrimonio\/#breadcrumb\"},\"inLanguage\":\"es-CL\",\"potentialAction\":[{\"@type\":\"ReadAction\",\"target\":[\"https:\/\/explora.cl\/coquimbo\/fin-de-semana-cultural-28-29-y-30-de-mayo-se-celebrara-en-todo-chile-el-dia-del-patrimonio\/\"]}]},{\"@type\":\"ImageObject\",\"inLanguage\":\"es-CL\",\"@id\":\"https:\/\/explora.cl\/coquimbo\/fin-de-semana-cultural-28-29-y-30-de-mayo-se-celebrara-en-todo-chile-el-dia-del-patrimonio\/#primaryimage\",\"url\":\"https:\/\/explora.cl\/coquimbo\/wp-content\/uploads\/sites\/6\/2021\/05\/Dia-del-patrimonio.jpeg\",\"contentUrl\":\"https:\/\/explora.cl\/coquimbo\/wp-content\/uploads\/sites\/6\/2021\/05\/Dia-del-patrimonio.jpeg\",\"width\":1080,\"height\":600},{\"@type\":\"BreadcrumbList\",\"@id\":\"https:\/\/explora.cl\/coquimbo\/fin-de-semana-cultural-28-29-y-30-de-mayo-se-celebrara-en-todo-chile-el-dia-del-patrimonio\/#breadcrumb\",\"itemListElement\":[{\"@type\":\"ListItem\",\"position\":1,\"name\":\"Portada\",\"item\":\"https:\/\/explora.cl\/coquimbo\/\"},{\"@type\":\"ListItem\",\"position\":2,\"name\":\"Fin de semana cultural: 28, 29 y 30 de mayo se celebrar\u00e1 en todo Chile el D\u00eda del Patrimonio\"}]},{\"@type\":\"WebSite\",\"@id\":\"https:\/\/explora.cl\/coquimbo\/#website\",\"url\":\"https:\/\/explora.cl\/coquimbo\/\",\"name\":\"Coquimbo\",\"description\":\"Otro sitio m\u00e1s de explora.cl\",\"publisher\":{\"@id\":\"https:\/\/explora.cl\/coquimbo\/#organization\"},\"potentialAction\":[{\"@type\":\"SearchAction\",\"target\":{\"@type\":\"EntryPoint\",\"urlTemplate\":\"https:\/\/explora.cl\/coquimbo\/?s={search_term_string}\"},\"query-input\":{\"@type\":\"PropertyValueSpecification\",\"valueRequired\":true,\"valueName\":\"search_term_string\"}}],\"inLanguage\":\"es-CL\"},{\"@type\":\"Organization\",\"@id\":\"https:\/\/explora.cl\/coquimbo\/#organization\",\"name\":\"Coquimbo\",\"url\":\"https:\/\/explora.cl\/coquimbo\/\",\"logo\":{\"@type\":\"ImageObject\",\"inLanguage\":\"es-CL\",\"@id\":\"https:\/\/explora.cl\/coquimbo\/#\/schema\/logo\/image\/\",\"url\":\"https:\/\/explora.cl\/coquimbo\/wp-content\/uploads\/sites\/6\/2020\/08\/cropped-Mesa-de-trabajo-1-100.jpg\",\"contentUrl\":\"https:\/\/explora.cl\/coquimbo\/wp-content\/uploads\/sites\/6\/2020\/08\/cropped-Mesa-de-trabajo-1-100.jpg\",\"width\":615,\"height\":576,\"caption\":\"Coquimbo\"},\"image\":{\"@id\":\"https:\/\/explora.cl\/coquimbo\/#\/schema\/logo\/image\/\"}},{\"@type\":\"Person\",\"@id\":\"https:\/\/explora.cl\/coquimbo\/#\/schema\/person\/c171f405669e4e4f7e56a099200d2fe6\",\"name\":\"jimartin\",\"image\":{\"@type\":\"ImageObject\",\"inLanguage\":\"es-CL\",\"@id\":\"https:\/\/explora.cl\/coquimbo\/#\/schema\/person\/image\/\",\"url\":\"https:\/\/secure.gravatar.com\/avatar\/8dfd7d14443934731a5aea629f40c1aceb42cc8b566a9926567e833c9d22b643?s=96&d=mm&r=g\",\"contentUrl\":\"https:\/\/secure.gravatar.com\/avatar\/8dfd7d14443934731a5aea629f40c1aceb42cc8b566a9926567e833c9d22b643?s=96&d=mm&r=g\",\"caption\":\"jimartin\"},\"url\":\"https:\/\/explora.cl\/coquimbo\/author\/jimartin\/\"}]}<\/script>\n<!-- \/ Yoast SEO plugin. -->","yoast_head_json":{"title":"Fin de semana cultural: 28, 29 y 30 de mayo se celebrar\u00e1 en todo Chile el D\u00eda del Patrimonio - Coquimbo","robots":{"index":"index","follow":"follow","max-snippet":"max-snippet:-1","max-image-preview":"max-image-preview:large","max-video-preview":"max-video-preview:-1"},"canonical":"https:\/\/explora.cl\/coquimbo\/fin-de-semana-cultural-28-29-y-30-de-mayo-se-celebrara-en-todo-chile-el-dia-del-patrimonio\/","og_locale":"es_ES","og_type":"article","og_title":"Fin de semana cultural: 28, 29 y 30 de mayo se celebrar\u00e1 en todo Chile el D\u00eda del Patrimonio - Coquimbo","og_description":"Fin de semana cultural: 28, 29 y 30 de mayo se celebrar\u00e1 en todo Chile el D\u00eda del Patrimonio","og_url":"https:\/\/explora.cl\/coquimbo\/fin-de-semana-cultural-28-29-y-30-de-mayo-se-celebrara-en-todo-chile-el-dia-del-patrimonio\/","og_site_name":"Coquimbo","article_published_time":"2021-05-27T14:19:12+00:00","article_modified_time":"2021-06-08T17:12:54+00:00","og_image":[{"width":1080,"height":600,"url":"https:\/\/explora.cl\/coquimbo\/wp-content\/uploads\/sites\/6\/2021\/05\/Dia-del-patrimonio.jpeg","type":"image\/jpeg"}],"author":"jimartin","twitter_card":"summary_large_image","twitter_misc":{"Escrito por":"jimartin","Tiempo estimado de lectura":"1 minuto"},"schema":{"@context":"https:\/\/schema.org","@graph":[{"@type":"Article","@id":"https:\/\/explora.cl\/coquimbo\/fin-de-semana-cultural-28-29-y-30-de-mayo-se-celebrara-en-todo-chile-el-dia-del-patrimonio\/#article","isPartOf":{"@id":"https:\/\/explora.cl\/coquimbo\/fin-de-semana-cultural-28-29-y-30-de-mayo-se-celebrara-en-todo-chile-el-dia-del-patrimonio\/"},"author":{"name":"jimartin","@id":"https:\/\/explora.cl\/coquimbo\/#\/schema\/person\/c171f405669e4e4f7e56a099200d2fe6"},"headline":"Fin de semana cultural: 28, 29 y 30 de mayo se celebrar\u00e1 en todo Chile el D\u00eda del Patrimonio","datePublished":"2021-05-27T14:19:12+00:00","dateModified":"2021-06-08T17:12:54+00:00","mainEntityOfPage":{"@id":"https:\/\/explora.cl\/coquimbo\/fin-de-semana-cultural-28-29-y-30-de-mayo-se-celebrara-en-todo-chile-el-dia-del-patrimonio\/"},"wordCount":242,"commentCount":0,"publisher":{"@id":"https:\/\/explora.cl\/coquimbo\/#organization"},"image":{"@id":"https:\/\/explora.cl\/coquimbo\/fin-de-semana-cultural-28-29-y-30-de-mayo-se-celebrara-en-todo-chile-el-dia-del-patrimonio\/#primaryimage"},"thumbnailUrl":"https:\/\/explora.cl\/coquimbo\/wp-content\/uploads\/sites\/6\/2021\/05\/Dia-del-patrimonio.jpeg","articleSection":["Noticias"],"inLanguage":"es-CL","potentialAction":[{"@type":"CommentAction","name":"Comment","target":["https:\/\/explora.cl\/coquimbo\/fin-de-semana-cultural-28-29-y-30-de-mayo-se-celebrara-en-todo-chile-el-dia-del-patrimonio\/#respond"]}]},{"@type":"WebPage","@id":"https:\/\/explora.cl\/coquimbo\/fin-de-semana-cultural-28-29-y-30-de-mayo-se-celebrara-en-todo-chile-el-dia-del-patrimonio\/","url":"https:\/\/explora.cl\/coquimbo\/fin-de-semana-cultural-28-29-y-30-de-mayo-se-celebrara-en-todo-chile-el-dia-del-patrimonio\/","name":"Fin de semana cultural: 28, 29 y 30 de mayo se celebrar\u00e1 en todo Chile el D\u00eda del Patrimonio - Coquimbo","isPartOf":{"@id":"https:\/\/explora.cl\/coquimbo\/#website"},"primaryImageOfPage":{"@id":"https:\/\/explora.cl\/coquimbo\/fin-de-semana-cultural-28-29-y-30-de-mayo-se-celebrara-en-todo-chile-el-dia-del-patrimonio\/#primaryimage"},"image":{"@id":"https:\/\/explora.cl\/coquimbo\/fin-de-semana-cultural-28-29-y-30-de-mayo-se-celebrara-en-todo-chile-el-dia-del-patrimonio\/#primaryimage"},"thumbnailUrl":"https:\/\/explora.cl\/coquimbo\/wp-content\/uploads\/sites\/6\/2021\/05\/Dia-del-patrimonio.jpeg","datePublished":"2021-05-27T14:19:12+00:00","dateModified":"2021-06-08T17:12:54+00:00","breadcrumb":{"@id":"https:\/\/explora.cl\/coquimbo\/fin-de-semana-cultural-28-29-y-30-de-mayo-se-celebrara-en-todo-chile-el-dia-del-patrimonio\/#breadcrumb"},"inLanguage":"es-CL","potentialAction":[{"@type":"ReadAction","target":["https:\/\/explora.cl\/coquimbo\/fin-de-semana-cultural-28-29-y-30-de-mayo-se-celebrara-en-todo-chile-el-dia-del-patrimonio\/"]}]},{"@type":"ImageObject","inLanguage":"es-CL","@id":"https:\/\/explora.cl\/coquimbo\/fin-de-semana-cultural-28-29-y-30-de-mayo-se-celebrara-en-todo-chile-el-dia-del-patrimonio\/#primaryimage","url":"https:\/\/explora.cl\/coquimbo\/wp-content\/uploads\/sites\/6\/2021\/05\/Dia-del-patrimonio.jpeg","contentUrl":"https:\/\/explora.cl\/coquimbo\/wp-content\/uploads\/sites\/6\/2021\/05\/Dia-del-patrimonio.jpeg","width":1080,"height":600},{"@type":"BreadcrumbList","@id":"https:\/\/explora.cl\/coquimbo\/fin-de-semana-cultural-28-29-y-30-de-mayo-se-celebrara-en-todo-chile-el-dia-del-patrimonio\/#breadcrumb","itemListElement":[{"@type":"ListItem","position":1,"name":"Portada","item":"https:\/\/explora.cl\/coquimbo\/"},{"@type":"ListItem","position":2,"name":"Fin de semana cultural: 28, 29 y 30 de mayo se celebrar\u00e1 en todo Chile el D\u00eda del Patrimonio"}]},{"@type":"WebSite","@id":"https:\/\/explora.cl\/coquimbo\/#website","url":"https:\/\/explora.cl\/coquimbo\/","name":"Coquimbo","description":"Otro sitio m\u00e1s de explora.cl","publisher":{"@id":"https:\/\/explora.cl\/coquimbo\/#organization"},"potentialAction":[{"@type":"SearchAction","target":{"@type":"EntryPoint","urlTemplate":"https:\/\/explora.cl\/coquimbo\/?s={search_term_string}"},"query-input":{"@type":"PropertyValueSpecification","valueRequired":true,"valueName":"search_term_string"}}],"inLanguage":"es-CL"},{"@type":"Organization","@id":"https:\/\/explora.cl\/coquimbo\/#organization","name":"Coquimbo","url":"https:\/\/explora.cl\/coquimbo\/","logo":{"@type":"ImageObject","inLanguage":"es-CL","@id":"https:\/\/explora.cl\/coquimbo\/#\/schema\/logo\/image\/","url":"https:\/\/explora.cl\/coquimbo\/wp-content\/uploads\/sites\/6\/2020\/08\/cropped-Mesa-de-trabajo-1-100.jpg","contentUrl":"https:\/\/explora.cl\/coquimbo\/wp-content\/uploads\/sites\/6\/2020\/08\/cropped-Mesa-de-trabajo-1-100.jpg","width":615,"height":576,"caption":"Coquimbo"},"image":{"@id":"https:\/\/explora.cl\/coquimbo\/#\/schema\/logo\/image\/"}},{"@type":"Person","@id":"https:\/\/explora.cl\/coquimbo\/#\/schema\/person\/c171f405669e4e4f7e56a099200d2fe6","name":"jimartin","image":{"@type":"ImageObject","inLanguage":"es-CL","@id":"https:\/\/explora.cl\/coquimbo\/#\/schema\/person\/image\/","url":"https:\/\/secure.gravatar.com\/avatar\/8dfd7d14443934731a5aea629f40c1aceb42cc8b566a9926567e833c9d22b643?s=96&d=mm&r=g","contentUrl":"https:\/\/secure.gravatar.com\/avatar\/8dfd7d14443934731a5aea629f40c1aceb42cc8b566a9926567e833c9d22b643?s=96&d=mm&r=g","caption":"jimartin"},"url":"https:\/\/explora.cl\/coquimbo\/author\/jimartin\/"}]}},"_links":{"self":[{"href":"https:\/\/explora.cl\/coquimbo\/wp-json\/wp\/v2\/posts\/41457","targetHints":{"allow":["GET"]}}],"collection":[{"href":"https:\/\/explora.cl\/coquimbo\/wp-json\/wp\/v2\/posts"}],"about":[{"href":"https:\/\/explora.cl\/coquimbo\/wp-json\/wp\/v2\/types\/post"}],"author":[{"embeddable":true,"href":"https:\/\/explora.cl\/coquimbo\/wp-json\/wp\/v2\/users\/21"}],"replies":[{"embeddable":true,"href":"https:\/\/explora.cl\/coquimbo\/wp-json\/wp\/v2\/comments?post=41457"}],"version-history":[{"count":2,"href":"https:\/\/explora.cl\/coquimbo\/wp-json\/wp\/v2\/posts\/41457\/revisions"}],"predecessor-version":[{"id":41464,"href":"https:\/\/explora.cl\/coquimbo\/wp-json\/wp\/v2\/posts\/41457\/revisions\/41464"}],"wp:featuredmedia":[{"embeddable":true,"href":"https:\/\/explora.cl\/coquimbo\/wp-json\/wp\/v2\/media\/41461"}],"wp:attachment":[{"href":"https:\/\/explora.cl\/coquimbo\/wp-json\/wp\/v2\/media?parent=41457"}],"wp:term":[{"taxonomy":"category","embeddable":true,"href":"https:\/\/explora.cl\/coquimbo\/wp-json\/wp\/v2\/categories?post=41457"},{"taxonomy":"post_tag","embeddable":true,"href":"https:\/\/explora.cl\/coquimbo\/wp-json\/wp\/v2\/tags?post=41457"}],"curies":[{"name":"wp","href":"https:\/\/api.w.org\/{rel}","templated":true}]}}