{"id":41254,"date":"2021-02-11T12:54:27","date_gmt":"2021-02-11T15:54:27","guid":{"rendered":"https:\/\/explora.cl\/coquimbo\/?p=41254"},"modified":"2021-03-08T10:33:03","modified_gmt":"2021-03-08T13:33:03","slug":"dia-internacional-de-la-mujer-y-la-nina-en-la-ciencia-reconociendo-el-trabajo-de-ellas-en-la-region-de-coquimbo","status":"publish","type":"post","link":"https:\/\/explora.cl\/coquimbo\/dia-internacional-de-la-mujer-y-la-nina-en-la-ciencia-reconociendo-el-trabajo-de-ellas-en-la-region-de-coquimbo\/","title":{"rendered":"D\u00eda Internacional de la Mujer y la Ni\u00f1a en la Ciencia: Reconociendo el trabajo de ellas en la regi\u00f3n de Coquimbo"},"content":{"rendered":"<p style=\"text-align: justify\">Hoy 11 de febrero se conmemora el D\u00eda Internacional de la Mujer y la Ni\u00f1a en la Ciencia, creado para que mujeres y ni\u00f1as de todas las edades puedan acceder y participar en condiciones de igualdad en la ciencia, la tecnolog\u00eda y la innovaci\u00f3n. Es por esto que el programa Explora quiso destacar y reconocer el aporte que han tenido ni\u00f1as y mujeres en las diferentes \u00e1reas de las ciencias.<\/p>\n<p style=\"text-align: justify\">En esta l\u00ednea nuestro proyecto decidi\u00f3 realzar a 3 grandes mujeres de nuestra regi\u00f3n. En primer lugar, destacamos la labor de la investigadora Fadia Tala Gonz\u00e1lez,<\/p>\n<p><img fetchpriority=\"high\" decoding=\"async\" class=\"size-medium wp-image-41261 alignright\" style=\"text-align: justify\" src=\"https:\/\/explora.cl\/coquimbo\/wp-content\/uploads\/sites\/6\/2021\/02\/Coquimbo.-Fadia-Tala-300x300.png\" alt=\"\" width=\"300\" height=\"300\" srcset=\"https:\/\/explora.cl\/coquimbo\/wp-content\/uploads\/sites\/6\/2021\/02\/Coquimbo.-Fadia-Tala-300x300.png 300w, https:\/\/explora.cl\/coquimbo\/wp-content\/uploads\/sites\/6\/2021\/02\/Coquimbo.-Fadia-Tala-150x150.png 150w, https:\/\/explora.cl\/coquimbo\/wp-content\/uploads\/sites\/6\/2021\/02\/Coquimbo.-Fadia-Tala-768x768.png 768w, https:\/\/explora.cl\/coquimbo\/wp-content\/uploads\/sites\/6\/2021\/02\/Coquimbo.-Fadia-Tala-1024x1024.png 1024w, https:\/\/explora.cl\/coquimbo\/wp-content\/uploads\/sites\/6\/2021\/02\/Coquimbo.-Fadia-Tala-60x60.png 60w\" sizes=\"(max-width: 300px) 100vw, 300px\" \/><\/p>\n<p style=\"text-align: justify\">docente del <span style=\"text-align: justify\">Departamento de Biolog\u00eda Marina, de la Universidad Cat\u00f3lica del Norte. Esta cient\u00edfica se ha caracterizado por col<\/span><span style=\"text-align: justify\">aborar constantemente con nuestro proyecto. El 2020 particip\u00f3 en la revisi\u00f3n de trabajos de Investigaci\u00f3n Cient\u00edfica Escolar, presentados en nuestras Ferias Provinciales Virtuales y a\u00f1os anteriores cumpli\u00f3 la misma labor en Congresos Regionales Escolares.<\/span><\/p>\n<p style=\"text-align: justify\">Adem\u00e1s, siempre ha tenido la disposici\u00f3n de recibir a estudiantes en su laboratorio para demostrar su quehacer. Es por esto que hoy y siempre le damos las gracias a Fadia por ser una gran mujer en la ciencia e inspirar a muchas otras a serlo.<\/p>\n<p style=\"text-align: justify\">En segundo lugar, tambi\u00e9n queremos recalcar la labor de Dana Donoso Osorio, profesora de la Escuela Pedro Pablo Mu\u00f1oz de la comuna de La Higuera.<\/p>\n<p><img decoding=\"async\" class=\"size-medium wp-image-41260 alignleft\" src=\"https:\/\/explora.cl\/coquimbo\/wp-content\/uploads\/sites\/6\/2021\/02\/Coquimbo.-Dana-300x300.png\" alt=\"\" width=\"300\" height=\"300\" srcset=\"https:\/\/explora.cl\/coquimbo\/wp-content\/uploads\/sites\/6\/2021\/02\/Coquimbo.-Dana-300x300.png 300w, https:\/\/explora.cl\/coquimbo\/wp-content\/uploads\/sites\/6\/2021\/02\/Coquimbo.-Dana-150x150.png 150w, https:\/\/explora.cl\/coquimbo\/wp-content\/uploads\/sites\/6\/2021\/02\/Coquimbo.-Dana-768x768.png 768w, https:\/\/explora.cl\/coquimbo\/wp-content\/uploads\/sites\/6\/2021\/02\/Coquimbo.-Dana-1024x1024.png 1024w, https:\/\/explora.cl\/coquimbo\/wp-content\/uploads\/sites\/6\/2021\/02\/Coquimbo.-Dana-60x60.png 60w\" sizes=\"(max-width: 300px) 100vw, 300px\" \/><\/p>\n<p style=\"text-align: justify\">La docente ha participado activamente en proyectos de Investigaci\u00f3n e Innovaci\u00f3n Escolar, siempre motivando a sus estudiantes a apropiarse del desarrollo de investigaciones para resolver preguntas y necesidades de su entorno.<\/p>\n<p style=\"text-align: justify\">Igualmente, la profesora Dana particip\u00f3 del Campamento de Profesores 2020 convirti\u00e9ndose en una gran agente de cambio en su comunidad escolar y en este a\u00f1o, en la versi\u00f3n virtual del campamento, colabor\u00f3 como facilitadora, guiando a los y las docentes participantes a convertirse en nuevos agentes de cambio. Le agradecemos a la profe Dana por ser una gran docente e inspirar a sus estudiantes a convertirse en grandes cient\u00edficas y cient\u00edficos.<\/p>\n<p style=\"text-align: justify\">Finalmente destacamos la labor Aranxa Godoy Cisternas, estudiante Liceo Nicol\u00e1s Federico Lohse Vargas. <img decoding=\"async\" class=\"size-medium wp-image-41259 alignright\" src=\"https:\/\/explora.cl\/coquimbo\/wp-content\/uploads\/sites\/6\/2021\/02\/Coquimbo.-Aranxa-300x300.png\" alt=\"\" width=\"300\" height=\"300\" srcset=\"https:\/\/explora.cl\/coquimbo\/wp-content\/uploads\/sites\/6\/2021\/02\/Coquimbo.-Aranxa-300x300.png 300w, https:\/\/explora.cl\/coquimbo\/wp-content\/uploads\/sites\/6\/2021\/02\/Coquimbo.-Aranxa-150x150.png 150w, https:\/\/explora.cl\/coquimbo\/wp-content\/uploads\/sites\/6\/2021\/02\/Coquimbo.-Aranxa-768x768.png 768w, https:\/\/explora.cl\/coquimbo\/wp-content\/uploads\/sites\/6\/2021\/02\/Coquimbo.-Aranxa-1024x1024.png 1024w, https:\/\/explora.cl\/coquimbo\/wp-content\/uploads\/sites\/6\/2021\/02\/Coquimbo.-Aranxa-60x60.png 60w\" sizes=\"(max-width: 300px) 100vw, 300px\" \/>Proveniente de la comuna de Los Vilos y cuyo entusiasmo e inter\u00e9s por el mundo cient\u00edfico siempre ha estado presente. Ha presentado grandes proyectos en Investigaci\u00f3n e Innovaci\u00f3n Escolar, lo que la ha llevado a participar del Congreso Regional Escolar de Ciencia y Tecnolog\u00eda y en las Ferias Provinciales de nuestro proyecto. Recientemente particip\u00f3 del Campamento Explora Va! 2021 como una de las estudiantes que comparti\u00f3 sus vivencias y experiencias con los agentes de cambio, ayud\u00e1ndolos con el relato de su experiencia, a mejorar las t\u00e9cnicas docentes. Agradecemos a Aranxa por su entusiasmo y dedicaci\u00f3n a la ciencia.<\/p>\n<p style=\"text-align: justify\">En nuestra regi\u00f3n son muchas las mujeres que realizan ciencia a diario, ayudando con su trabajo a mejorar la calidad de vida de todos y todas, aportando as\u00ed con su labor cient\u00edfica desde una perspectiva femenina. \u201cDesde el Proyecto Explora Coquimbo, queremos enviar un gran saludo y nuestro agradecimiento a todas las ni\u00f1as, j\u00f3venes y mujeres de la Regi\u00f3n que trabajan, disfrutan y realizan ciencia, aportando desde su quehacer, ya que son una inspiraci\u00f3n para muchas otras que sue\u00f1an con lograr sus objetivos y dedicarse a la Ciencia\u201d se\u00f1ala la Coordinadora Ejecutiva del proyecto, Katherine Y\u00e1\u00f1ez Navea.<\/p>\n","protected":false},"excerpt":{"rendered":"<p>D\u00eda Internacional de la Mujer y la Ni\u00f1a en la Ciencia: Reconociendo el trabajo de ellas en la regi\u00f3n de Coquimbo<\/p>\n","protected":false},"author":21,"featured_media":41258,"comment_status":"open","ping_status":"open","sticky":false,"template":"","format":"standard","meta":{"_acf_changed":false,"_exactmetrics_skip_tracking":false,"_exactmetrics_sitenote_active":false,"_exactmetrics_sitenote_note":"","_exactmetrics_sitenote_category":0,"footnotes":"","_links_to":"","_links_to_target":""},"categories":[4],"tags":[],"class_list":["post-41254","post","type-post","status-publish","format-standard","has-post-thumbnail","hentry","category-noticias"],"acf":[],"yoast_head":"<!-- This site is optimized with the Yoast SEO plugin v26.9 - https:\/\/yoast.com\/product\/yoast-seo-wordpress\/ -->\n<title>D\u00eda Internacional de la Mujer y la Ni\u00f1a en la Ciencia: Reconociendo el trabajo de ellas en la regi\u00f3n de Coquimbo - Coquimbo<\/title>\n<meta name=\"robots\" content=\"index, follow, max-snippet:-1, max-image-preview:large, max-video-preview:-1\" \/>\n<link rel=\"canonical\" href=\"https:\/\/explora.cl\/coquimbo\/dia-internacional-de-la-mujer-y-la-nina-en-la-ciencia-reconociendo-el-trabajo-de-ellas-en-la-region-de-coquimbo\/\" class=\"yoast-seo-meta-tag\" \/>\n<meta property=\"og:locale\" content=\"es_ES\" class=\"yoast-seo-meta-tag\" \/>\n<meta property=\"og:type\" content=\"article\" class=\"yoast-seo-meta-tag\" \/>\n<meta property=\"og:title\" content=\"D\u00eda Internacional de la Mujer y la Ni\u00f1a en la Ciencia: Reconociendo el trabajo de ellas en la regi\u00f3n de Coquimbo - Coquimbo\" class=\"yoast-seo-meta-tag\" \/>\n<meta property=\"og:description\" content=\"D\u00eda Internacional de la Mujer y la Ni\u00f1a en la Ciencia: Reconociendo el trabajo de ellas en la regi\u00f3n de Coquimbo\" class=\"yoast-seo-meta-tag\" \/>\n<meta property=\"og:url\" content=\"https:\/\/explora.cl\/coquimbo\/dia-internacional-de-la-mujer-y-la-nina-en-la-ciencia-reconociendo-el-trabajo-de-ellas-en-la-region-de-coquimbo\/\" class=\"yoast-seo-meta-tag\" \/>\n<meta property=\"og:site_name\" content=\"Coquimbo\" class=\"yoast-seo-meta-tag\" \/>\n<meta property=\"article:published_time\" content=\"2021-02-11T15:54:27+00:00\" class=\"yoast-seo-meta-tag\" \/>\n<meta property=\"article:modified_time\" content=\"2021-03-08T13:33:03+00:00\" class=\"yoast-seo-meta-tag\" \/>\n<meta property=\"og:image\" content=\"https:\/\/explora.cl\/coquimbo\/wp-content\/uploads\/sites\/6\/2021\/02\/D\u00eda-Internacional-de-la-Mujer-y-Ni\u00f1a-en-la-ciencia-1.jpg\" class=\"yoast-seo-meta-tag\" \/>\n\t<meta property=\"og:image:width\" content=\"5760\" class=\"yoast-seo-meta-tag\" \/>\n\t<meta property=\"og:image:height\" content=\"3456\" class=\"yoast-seo-meta-tag\" \/>\n\t<meta property=\"og:image:type\" content=\"image\/jpeg\" class=\"yoast-seo-meta-tag\" \/>\n<meta name=\"author\" content=\"jimartin\" class=\"yoast-seo-meta-tag\" \/>\n<meta name=\"twitter:card\" content=\"summary_large_image\" class=\"yoast-seo-meta-tag\" \/>\n<meta name=\"twitter:label1\" content=\"Escrito por\" class=\"yoast-seo-meta-tag\" \/>\n\t<meta name=\"twitter:data1\" content=\"jimartin\" class=\"yoast-seo-meta-tag\" \/>\n\t<meta name=\"twitter:label2\" content=\"Tiempo estimado de lectura\" class=\"yoast-seo-meta-tag\" \/>\n\t<meta name=\"twitter:data2\" content=\"3 minutos\" class=\"yoast-seo-meta-tag\" \/>\n<script type=\"application\/ld+json\" class=\"yoast-schema-graph\">{\"@context\":\"https:\/\/schema.org\",\"@graph\":[{\"@type\":\"Article\",\"@id\":\"https:\/\/explora.cl\/coquimbo\/dia-internacional-de-la-mujer-y-la-nina-en-la-ciencia-reconociendo-el-trabajo-de-ellas-en-la-region-de-coquimbo\/#article\",\"isPartOf\":{\"@id\":\"https:\/\/explora.cl\/coquimbo\/dia-internacional-de-la-mujer-y-la-nina-en-la-ciencia-reconociendo-el-trabajo-de-ellas-en-la-region-de-coquimbo\/\"},\"author\":{\"name\":\"jimartin\",\"@id\":\"https:\/\/explora.cl\/coquimbo\/#\/schema\/person\/c171f405669e4e4f7e56a099200d2fe6\"},\"headline\":\"D\u00eda Internacional de la Mujer y la Ni\u00f1a en la Ciencia: Reconociendo el trabajo de ellas en la regi\u00f3n de Coquimbo\",\"datePublished\":\"2021-02-11T15:54:27+00:00\",\"dateModified\":\"2021-03-08T13:33:03+00:00\",\"mainEntityOfPage\":{\"@id\":\"https:\/\/explora.cl\/coquimbo\/dia-internacional-de-la-mujer-y-la-nina-en-la-ciencia-reconociendo-el-trabajo-de-ellas-en-la-region-de-coquimbo\/\"},\"wordCount\":593,\"commentCount\":0,\"publisher\":{\"@id\":\"https:\/\/explora.cl\/coquimbo\/#organization\"},\"image\":{\"@id\":\"https:\/\/explora.cl\/coquimbo\/dia-internacional-de-la-mujer-y-la-nina-en-la-ciencia-reconociendo-el-trabajo-de-ellas-en-la-region-de-coquimbo\/#primaryimage\"},\"thumbnailUrl\":\"https:\/\/explora.cl\/coquimbo\/wp-content\/uploads\/sites\/6\/2021\/02\/D\u00eda-Internacional-de-la-Mujer-y-Ni\u00f1a-en-la-ciencia-1.jpg\",\"articleSection\":[\"Noticias\"],\"inLanguage\":\"es-CL\",\"potentialAction\":[{\"@type\":\"CommentAction\",\"name\":\"Comment\",\"target\":[\"https:\/\/explora.cl\/coquimbo\/dia-internacional-de-la-mujer-y-la-nina-en-la-ciencia-reconociendo-el-trabajo-de-ellas-en-la-region-de-coquimbo\/#respond\"]}]},{\"@type\":\"WebPage\",\"@id\":\"https:\/\/explora.cl\/coquimbo\/dia-internacional-de-la-mujer-y-la-nina-en-la-ciencia-reconociendo-el-trabajo-de-ellas-en-la-region-de-coquimbo\/\",\"url\":\"https:\/\/explora.cl\/coquimbo\/dia-internacional-de-la-mujer-y-la-nina-en-la-ciencia-reconociendo-el-trabajo-de-ellas-en-la-region-de-coquimbo\/\",\"name\":\"D\u00eda Internacional de la Mujer y la Ni\u00f1a en la Ciencia: Reconociendo el trabajo de ellas en la regi\u00f3n de Coquimbo - Coquimbo\",\"isPartOf\":{\"@id\":\"https:\/\/explora.cl\/coquimbo\/#website\"},\"primaryImageOfPage\":{\"@id\":\"https:\/\/explora.cl\/coquimbo\/dia-internacional-de-la-mujer-y-la-nina-en-la-ciencia-reconociendo-el-trabajo-de-ellas-en-la-region-de-coquimbo\/#primaryimage\"},\"image\":{\"@id\":\"https:\/\/explora.cl\/coquimbo\/dia-internacional-de-la-mujer-y-la-nina-en-la-ciencia-reconociendo-el-trabajo-de-ellas-en-la-region-de-coquimbo\/#primaryimage\"},\"thumbnailUrl\":\"https:\/\/explora.cl\/coquimbo\/wp-content\/uploads\/sites\/6\/2021\/02\/D\u00eda-Internacional-de-la-Mujer-y-Ni\u00f1a-en-la-ciencia-1.jpg\",\"datePublished\":\"2021-02-11T15:54:27+00:00\",\"dateModified\":\"2021-03-08T13:33:03+00:00\",\"breadcrumb\":{\"@id\":\"https:\/\/explora.cl\/coquimbo\/dia-internacional-de-la-mujer-y-la-nina-en-la-ciencia-reconociendo-el-trabajo-de-ellas-en-la-region-de-coquimbo\/#breadcrumb\"},\"inLanguage\":\"es-CL\",\"potentialAction\":[{\"@type\":\"ReadAction\",\"target\":[\"https:\/\/explora.cl\/coquimbo\/dia-internacional-de-la-mujer-y-la-nina-en-la-ciencia-reconociendo-el-trabajo-de-ellas-en-la-region-de-coquimbo\/\"]}]},{\"@type\":\"ImageObject\",\"inLanguage\":\"es-CL\",\"@id\":\"https:\/\/explora.cl\/coquimbo\/dia-internacional-de-la-mujer-y-la-nina-en-la-ciencia-reconociendo-el-trabajo-de-ellas-en-la-region-de-coquimbo\/#primaryimage\",\"url\":\"https:\/\/explora.cl\/coquimbo\/wp-content\/uploads\/sites\/6\/2021\/02\/D\u00eda-Internacional-de-la-Mujer-y-Ni\u00f1a-en-la-ciencia-1.jpg\",\"contentUrl\":\"https:\/\/explora.cl\/coquimbo\/wp-content\/uploads\/sites\/6\/2021\/02\/D\u00eda-Internacional-de-la-Mujer-y-Ni\u00f1a-en-la-ciencia-1.jpg\",\"width\":5760,\"height\":3456},{\"@type\":\"BreadcrumbList\",\"@id\":\"https:\/\/explora.cl\/coquimbo\/dia-internacional-de-la-mujer-y-la-nina-en-la-ciencia-reconociendo-el-trabajo-de-ellas-en-la-region-de-coquimbo\/#breadcrumb\",\"itemListElement\":[{\"@type\":\"ListItem\",\"position\":1,\"name\":\"Portada\",\"item\":\"https:\/\/explora.cl\/coquimbo\/\"},{\"@type\":\"ListItem\",\"position\":2,\"name\":\"D\u00eda Internacional de la Mujer y la Ni\u00f1a en la Ciencia: Reconociendo el trabajo de ellas en la regi\u00f3n de Coquimbo\"}]},{\"@type\":\"WebSite\",\"@id\":\"https:\/\/explora.cl\/coquimbo\/#website\",\"url\":\"https:\/\/explora.cl\/coquimbo\/\",\"name\":\"Coquimbo\",\"description\":\"Otro sitio m\u00e1s de explora.cl\",\"publisher\":{\"@id\":\"https:\/\/explora.cl\/coquimbo\/#organization\"},\"potentialAction\":[{\"@type\":\"SearchAction\",\"target\":{\"@type\":\"EntryPoint\",\"urlTemplate\":\"https:\/\/explora.cl\/coquimbo\/?s={search_term_string}\"},\"query-input\":{\"@type\":\"PropertyValueSpecification\",\"valueRequired\":true,\"valueName\":\"search_term_string\"}}],\"inLanguage\":\"es-CL\"},{\"@type\":\"Organization\",\"@id\":\"https:\/\/explora.cl\/coquimbo\/#organization\",\"name\":\"Coquimbo\",\"url\":\"https:\/\/explora.cl\/coquimbo\/\",\"logo\":{\"@type\":\"ImageObject\",\"inLanguage\":\"es-CL\",\"@id\":\"https:\/\/explora.cl\/coquimbo\/#\/schema\/logo\/image\/\",\"url\":\"https:\/\/explora.cl\/coquimbo\/wp-content\/uploads\/sites\/6\/2020\/08\/cropped-Mesa-de-trabajo-1-100.jpg\",\"contentUrl\":\"https:\/\/explora.cl\/coquimbo\/wp-content\/uploads\/sites\/6\/2020\/08\/cropped-Mesa-de-trabajo-1-100.jpg\",\"width\":615,\"height\":576,\"caption\":\"Coquimbo\"},\"image\":{\"@id\":\"https:\/\/explora.cl\/coquimbo\/#\/schema\/logo\/image\/\"}},{\"@type\":\"Person\",\"@id\":\"https:\/\/explora.cl\/coquimbo\/#\/schema\/person\/c171f405669e4e4f7e56a099200d2fe6\",\"name\":\"jimartin\",\"image\":{\"@type\":\"ImageObject\",\"inLanguage\":\"es-CL\",\"@id\":\"https:\/\/explora.cl\/coquimbo\/#\/schema\/person\/image\/\",\"url\":\"https:\/\/secure.gravatar.com\/avatar\/8dfd7d14443934731a5aea629f40c1aceb42cc8b566a9926567e833c9d22b643?s=96&d=mm&r=g\",\"contentUrl\":\"https:\/\/secure.gravatar.com\/avatar\/8dfd7d14443934731a5aea629f40c1aceb42cc8b566a9926567e833c9d22b643?s=96&d=mm&r=g\",\"caption\":\"jimartin\"},\"url\":\"https:\/\/explora.cl\/coquimbo\/author\/jimartin\/\"}]}<\/script>\n<!-- \/ Yoast SEO plugin. -->","yoast_head_json":{"title":"D\u00eda Internacional de la Mujer y la Ni\u00f1a en la Ciencia: Reconociendo el trabajo de ellas en la regi\u00f3n de Coquimbo - Coquimbo","robots":{"index":"index","follow":"follow","max-snippet":"max-snippet:-1","max-image-preview":"max-image-preview:large","max-video-preview":"max-video-preview:-1"},"canonical":"https:\/\/explora.cl\/coquimbo\/dia-internacional-de-la-mujer-y-la-nina-en-la-ciencia-reconociendo-el-trabajo-de-ellas-en-la-region-de-coquimbo\/","og_locale":"es_ES","og_type":"article","og_title":"D\u00eda Internacional de la Mujer y la Ni\u00f1a en la Ciencia: Reconociendo el trabajo de ellas en la regi\u00f3n de Coquimbo - Coquimbo","og_description":"D\u00eda Internacional de la Mujer y la Ni\u00f1a en la Ciencia: Reconociendo el trabajo de ellas en la regi\u00f3n de Coquimbo","og_url":"https:\/\/explora.cl\/coquimbo\/dia-internacional-de-la-mujer-y-la-nina-en-la-ciencia-reconociendo-el-trabajo-de-ellas-en-la-region-de-coquimbo\/","og_site_name":"Coquimbo","article_published_time":"2021-02-11T15:54:27+00:00","article_modified_time":"2021-03-08T13:33:03+00:00","og_image":[{"width":5760,"height":3456,"url":"https:\/\/explora.cl\/coquimbo\/wp-content\/uploads\/sites\/6\/2021\/02\/D\u00eda-Internacional-de-la-Mujer-y-Ni\u00f1a-en-la-ciencia-1.jpg","type":"image\/jpeg"}],"author":"jimartin","twitter_card":"summary_large_image","twitter_misc":{"Escrito por":"jimartin","Tiempo estimado de lectura":"3 minutos"},"schema":{"@context":"https:\/\/schema.org","@graph":[{"@type":"Article","@id":"https:\/\/explora.cl\/coquimbo\/dia-internacional-de-la-mujer-y-la-nina-en-la-ciencia-reconociendo-el-trabajo-de-ellas-en-la-region-de-coquimbo\/#article","isPartOf":{"@id":"https:\/\/explora.cl\/coquimbo\/dia-internacional-de-la-mujer-y-la-nina-en-la-ciencia-reconociendo-el-trabajo-de-ellas-en-la-region-de-coquimbo\/"},"author":{"name":"jimartin","@id":"https:\/\/explora.cl\/coquimbo\/#\/schema\/person\/c171f405669e4e4f7e56a099200d2fe6"},"headline":"D\u00eda Internacional de la Mujer y la Ni\u00f1a en la Ciencia: Reconociendo el trabajo de ellas en la regi\u00f3n de Coquimbo","datePublished":"2021-02-11T15:54:27+00:00","dateModified":"2021-03-08T13:33:03+00:00","mainEntityOfPage":{"@id":"https:\/\/explora.cl\/coquimbo\/dia-internacional-de-la-mujer-y-la-nina-en-la-ciencia-reconociendo-el-trabajo-de-ellas-en-la-region-de-coquimbo\/"},"wordCount":593,"commentCount":0,"publisher":{"@id":"https:\/\/explora.cl\/coquimbo\/#organization"},"image":{"@id":"https:\/\/explora.cl\/coquimbo\/dia-internacional-de-la-mujer-y-la-nina-en-la-ciencia-reconociendo-el-trabajo-de-ellas-en-la-region-de-coquimbo\/#primaryimage"},"thumbnailUrl":"https:\/\/explora.cl\/coquimbo\/wp-content\/uploads\/sites\/6\/2021\/02\/D\u00eda-Internacional-de-la-Mujer-y-Ni\u00f1a-en-la-ciencia-1.jpg","articleSection":["Noticias"],"inLanguage":"es-CL","potentialAction":[{"@type":"CommentAction","name":"Comment","target":["https:\/\/explora.cl\/coquimbo\/dia-internacional-de-la-mujer-y-la-nina-en-la-ciencia-reconociendo-el-trabajo-de-ellas-en-la-region-de-coquimbo\/#respond"]}]},{"@type":"WebPage","@id":"https:\/\/explora.cl\/coquimbo\/dia-internacional-de-la-mujer-y-la-nina-en-la-ciencia-reconociendo-el-trabajo-de-ellas-en-la-region-de-coquimbo\/","url":"https:\/\/explora.cl\/coquimbo\/dia-internacional-de-la-mujer-y-la-nina-en-la-ciencia-reconociendo-el-trabajo-de-ellas-en-la-region-de-coquimbo\/","name":"D\u00eda Internacional de la Mujer y la Ni\u00f1a en la Ciencia: Reconociendo el trabajo de ellas en la regi\u00f3n de Coquimbo - Coquimbo","isPartOf":{"@id":"https:\/\/explora.cl\/coquimbo\/#website"},"primaryImageOfPage":{"@id":"https:\/\/explora.cl\/coquimbo\/dia-internacional-de-la-mujer-y-la-nina-en-la-ciencia-reconociendo-el-trabajo-de-ellas-en-la-region-de-coquimbo\/#primaryimage"},"image":{"@id":"https:\/\/explora.cl\/coquimbo\/dia-internacional-de-la-mujer-y-la-nina-en-la-ciencia-reconociendo-el-trabajo-de-ellas-en-la-region-de-coquimbo\/#primaryimage"},"thumbnailUrl":"https:\/\/explora.cl\/coquimbo\/wp-content\/uploads\/sites\/6\/2021\/02\/D\u00eda-Internacional-de-la-Mujer-y-Ni\u00f1a-en-la-ciencia-1.jpg","datePublished":"2021-02-11T15:54:27+00:00","dateModified":"2021-03-08T13:33:03+00:00","breadcrumb":{"@id":"https:\/\/explora.cl\/coquimbo\/dia-internacional-de-la-mujer-y-la-nina-en-la-ciencia-reconociendo-el-trabajo-de-ellas-en-la-region-de-coquimbo\/#breadcrumb"},"inLanguage":"es-CL","potentialAction":[{"@type":"ReadAction","target":["https:\/\/explora.cl\/coquimbo\/dia-internacional-de-la-mujer-y-la-nina-en-la-ciencia-reconociendo-el-trabajo-de-ellas-en-la-region-de-coquimbo\/"]}]},{"@type":"ImageObject","inLanguage":"es-CL","@id":"https:\/\/explora.cl\/coquimbo\/dia-internacional-de-la-mujer-y-la-nina-en-la-ciencia-reconociendo-el-trabajo-de-ellas-en-la-region-de-coquimbo\/#primaryimage","url":"https:\/\/explora.cl\/coquimbo\/wp-content\/uploads\/sites\/6\/2021\/02\/D\u00eda-Internacional-de-la-Mujer-y-Ni\u00f1a-en-la-ciencia-1.jpg","contentUrl":"https:\/\/explora.cl\/coquimbo\/wp-content\/uploads\/sites\/6\/2021\/02\/D\u00eda-Internacional-de-la-Mujer-y-Ni\u00f1a-en-la-ciencia-1.jpg","width":5760,"height":3456},{"@type":"BreadcrumbList","@id":"https:\/\/explora.cl\/coquimbo\/dia-internacional-de-la-mujer-y-la-nina-en-la-ciencia-reconociendo-el-trabajo-de-ellas-en-la-region-de-coquimbo\/#breadcrumb","itemListElement":[{"@type":"ListItem","position":1,"name":"Portada","item":"https:\/\/explora.cl\/coquimbo\/"},{"@type":"ListItem","position":2,"name":"D\u00eda Internacional de la Mujer y la Ni\u00f1a en la Ciencia: Reconociendo el trabajo de ellas en la regi\u00f3n de Coquimbo"}]},{"@type":"WebSite","@id":"https:\/\/explora.cl\/coquimbo\/#website","url":"https:\/\/explora.cl\/coquimbo\/","name":"Coquimbo","description":"Otro sitio m\u00e1s de explora.cl","publisher":{"@id":"https:\/\/explora.cl\/coquimbo\/#organization"},"potentialAction":[{"@type":"SearchAction","target":{"@type":"EntryPoint","urlTemplate":"https:\/\/explora.cl\/coquimbo\/?s={search_term_string}"},"query-input":{"@type":"PropertyValueSpecification","valueRequired":true,"valueName":"search_term_string"}}],"inLanguage":"es-CL"},{"@type":"Organization","@id":"https:\/\/explora.cl\/coquimbo\/#organization","name":"Coquimbo","url":"https:\/\/explora.cl\/coquimbo\/","logo":{"@type":"ImageObject","inLanguage":"es-CL","@id":"https:\/\/explora.cl\/coquimbo\/#\/schema\/logo\/image\/","url":"https:\/\/explora.cl\/coquimbo\/wp-content\/uploads\/sites\/6\/2020\/08\/cropped-Mesa-de-trabajo-1-100.jpg","contentUrl":"https:\/\/explora.cl\/coquimbo\/wp-content\/uploads\/sites\/6\/2020\/08\/cropped-Mesa-de-trabajo-1-100.jpg","width":615,"height":576,"caption":"Coquimbo"},"image":{"@id":"https:\/\/explora.cl\/coquimbo\/#\/schema\/logo\/image\/"}},{"@type":"Person","@id":"https:\/\/explora.cl\/coquimbo\/#\/schema\/person\/c171f405669e4e4f7e56a099200d2fe6","name":"jimartin","image":{"@type":"ImageObject","inLanguage":"es-CL","@id":"https:\/\/explora.cl\/coquimbo\/#\/schema\/person\/image\/","url":"https:\/\/secure.gravatar.com\/avatar\/8dfd7d14443934731a5aea629f40c1aceb42cc8b566a9926567e833c9d22b643?s=96&d=mm&r=g","contentUrl":"https:\/\/secure.gravatar.com\/avatar\/8dfd7d14443934731a5aea629f40c1aceb42cc8b566a9926567e833c9d22b643?s=96&d=mm&r=g","caption":"jimartin"},"url":"https:\/\/explora.cl\/coquimbo\/author\/jimartin\/"}]}},"_links":{"self":[{"href":"https:\/\/explora.cl\/coquimbo\/wp-json\/wp\/v2\/posts\/41254","targetHints":{"allow":["GET"]}}],"collection":[{"href":"https:\/\/explora.cl\/coquimbo\/wp-json\/wp\/v2\/posts"}],"about":[{"href":"https:\/\/explora.cl\/coquimbo\/wp-json\/wp\/v2\/types\/post"}],"author":[{"embeddable":true,"href":"https:\/\/explora.cl\/coquimbo\/wp-json\/wp\/v2\/users\/21"}],"replies":[{"embeddable":true,"href":"https:\/\/explora.cl\/coquimbo\/wp-json\/wp\/v2\/comments?post=41254"}],"version-history":[{"count":3,"href":"https:\/\/explora.cl\/coquimbo\/wp-json\/wp\/v2\/posts\/41254\/revisions"}],"predecessor-version":[{"id":41263,"href":"https:\/\/explora.cl\/coquimbo\/wp-json\/wp\/v2\/posts\/41254\/revisions\/41263"}],"wp:featuredmedia":[{"embeddable":true,"href":"https:\/\/explora.cl\/coquimbo\/wp-json\/wp\/v2\/media\/41258"}],"wp:attachment":[{"href":"https:\/\/explora.cl\/coquimbo\/wp-json\/wp\/v2\/media?parent=41254"}],"wp:term":[{"taxonomy":"category","embeddable":true,"href":"https:\/\/explora.cl\/coquimbo\/wp-json\/wp\/v2\/categories?post=41254"},{"taxonomy":"post_tag","embeddable":true,"href":"https:\/\/explora.cl\/coquimbo\/wp-json\/wp\/v2\/tags?post=41254"}],"curies":[{"name":"wp","href":"https:\/\/api.w.org\/{rel}","templated":true}]}}