{"id":41227,"date":"2021-01-22T18:22:38","date_gmt":"2021-01-22T21:22:38","guid":{"rendered":"https:\/\/explora.cl\/coquimbo\/?p=41227"},"modified":"2021-02-11T12:40:06","modified_gmt":"2021-02-11T15:40:06","slug":"recargado-de-pedagogia-y-ciencia-campamento-explora-va-2021-se-realizara-del-25-al-29-de-enero","status":"publish","type":"post","link":"https:\/\/explora.cl\/coquimbo\/recargado-de-pedagogia-y-ciencia-campamento-explora-va-2021-se-realizara-del-25-al-29-de-enero\/","title":{"rendered":"Recargado de pedagog\u00eda y ciencia: Campamento Explora Va! 2021 se realizar\u00e1 del 25 al 29 de enero"},"content":{"rendered":"<p><em>La actividad es <\/em><em>gratuita y en esta ocasi\u00f3n se realizar\u00e1 forma virtual.<\/em><\/p>\n<p>\u201cComunicando resultados de investigaci\u00f3n cient\u00edfica escolar para su apropiaci\u00f3n social\u201d es el t\u00edtulo de este campamento el cual tendr\u00e1 un enfoque centrado en las competencias t\u00e9cnicas del modelo Explora sobre valoraci\u00f3n de la ciencia y tecnolog\u00eda, durante las jornadas se trabajar\u00e1 con la premisa de \u201caprender para la innovaci\u00f3n\u201d, a su vez aprender\u00e1n el proceso de realizaci\u00f3n de investigaciones escolares y c\u00f3mo comunicar la ciencia que realizan de forma efectiva.<\/p>\n<p>La instancia realizada por el <strong>Proyecto Explora Coquimbo del Ministerio de Ciencia y ejecutado por la Universidad Cat\u00f3lica del Norte<\/strong> est\u00e1 dirigida a educadoras de p\u00e1rvulos, docentes de Educaci\u00f3n B\u00e1sica y Media de cualquier disciplina, directivos y personal de apoyo educativo.<\/p>\n<p>Sergio Gonz\u00e1lez, director del Proyecto, indic\u00f3 que \u201cel objetivo es empoderar a profesores y profesoras de la regi\u00f3n en la ense\u00f1anza de la ciencia, esto no es centrado en contenidos ni en asignaturas sino en actitudes y conocimientos que promuevan la ciencia en el d\u00eda a d\u00eda\u201d.<\/p>\n<p>Marjorie Ibacache, es docente del Colegio Ra\u00fal Silva Henr\u00edquez de Ovalle, asisti\u00f3 al campamento ExploraVA 2020 convirti\u00e9ndose en agente de cambio, manifest\u00f3 que su experiencia \u201cfue enriquecedora. Sin duda todo aplicable a nuestra labor docente, me sirvi\u00f3 bastante para darme cuenta de que los estudiantes pueden desarrollar habilidades cient\u00edficas como la obtenci\u00f3n de datos o elaboraci\u00f3n de hip\u00f3tesis con la informaci\u00f3n familiar o las vivencias cotidianas\u201d.<\/p>\n<p>Miriam Gonz\u00e1lez trabaja en el Colegio H\u00e9roes de la Concepci\u00f3n de La Serena, tambi\u00e9n asisti\u00f3 al campamento del a\u00f1o pasado y se\u00f1al\u00f3 que las habilidades aprendidas en esa ocasi\u00f3n fueron aplicadas en el mismo a\u00f1o escolar donde las clases fueron remotas en los establecimientos educacionales \u201cen el trabajo en l\u00ednea procuro que cada estudiante se explaye en sus opiniones, de cualquier tema. Tratando de acercar \u201cel contenido\u201d a su vida real, y de ah\u00ed realizar un debate entretenido y de mucho aprendizaje\u201d.<\/p>\n<p>Seg\u00fan Gerardo Alfaro, encargado del campamento Explora VA 2021 \u201ceste campamento les permitir\u00e1 a los docentes influir m\u00e1s all\u00e1 de sus estudiantes, sino que, a su comunidad educativa en general, siendo agentes de cambios\u201d.<\/p>\n<p><strong>Formas de trabajo<\/strong><\/p>\n<p>El campamento tendr\u00e1 jornadas sincr\u00f3nicas en la ma\u00f1ana y asincr\u00f3nicas por la tarde. Habr\u00e1 talleres de funciones cognitivas dictados por la doctora en educaci\u00f3n, Paulina Veas y por la doctora en liderazgo educacional, Paulina Guti\u00e9rrez. Tambi\u00e9n existir\u00e1 interacci\u00f3n directa con estudiantes quienes podr\u00e1n disfrutar de un taller dictado por Waldo Quiroz, director del Programa de Magister en Did\u00e1ctica de Ciencias Experimentales de la Pontificia Universidad Cat\u00f3lica de Valpara\u00edso. Se les ense\u00f1ar\u00e1 a los y las participantes a realizar preguntas, ordenar ideas y comunicar desde la ciencia.<\/p>\n<p>Durante los diferentes d\u00edas se trabajar\u00e1n distintos temas y conceptos. Los participantes se apropiar\u00e1n del t\u00e9rmino educadores de ciencia como agentes de cambio. A su vez, se internalizar\u00e1n con el concepto de actuar con curiosidad, la cual es una competencia del modelo Explora centrada netamente en la importancia de la curiosidad para la indagaci\u00f3n cient\u00edfica.<\/p>\n<p>Tambi\u00e9n se tratar\u00e1 el concepto de comunicaci\u00f3n y perseverancia en los formatos y lenguajes de la ciencia, ac\u00e1 se educar\u00e1 en la redacci\u00f3n en el mundo del mundo cient\u00edfico. Adem\u00e1s, a trav\u00e9s del concepto de \u201ccreatividad\u201d podr\u00e1n trabajar la apropiaci\u00f3n social de la ciencia.\u00a0 Por \u00faltimo, bajo el concepto de \u201cinnovaci\u00f3n\u201d ver\u00e1n c\u00f3mo realizar una metamorfosis en su pr\u00e1ctica docente.<\/p>\n<p><strong>La virtualidad<\/strong><\/p>\n<p>El Campamento ExploraVa, en su versi\u00f3n 2021, debido al contexto sanitario se realizar\u00e1 de manera remota, Miriam Gonz\u00e1lez expres\u00f3 sobre esto que \u201ces muy interesante, porque nos mantiene conectados a pesar de la distancia. Para aprender de las experiencias de otros, y as\u00ed ir mejorando nuestras pr\u00e1cticas pedag\u00f3gicas\u201d.<\/p>\n<p>Por su parte, Marjorie Ibacache se\u00f1al\u00f3 que esta elecci\u00f3n \u201cme parece un acierto que se hayan continuado con las actividades online, ya que existe una mayor llegada de la informaci\u00f3n por ejemplo con &#8220;un cient\u00edfico en tu casa&#8221; o los concursos que permitieron que cualquier con acceso a Internet pudiese ser parte de ello\u201d. Respecto al sentir por parte de los docentes que asistir\u00e1n a este campamento Marjorie Ibacache indic\u00f3 que \u201cme da alegr\u00eda y entusiasmo el poder participar en el campamento contado mis experiencias, creo que la informaci\u00f3n y las pr\u00e1cticas pedag\u00f3gicas se deben compartir\u201d.<\/p>\n<p>La actividad parte el lunes 25 y hasta el viernes 29 estar\u00e1 repleta de actividades para entregarles a los docentes participantes nuevos conocimientos y generar con esto, nuevos agentes de cambio para el ecosistema educativo de la regi\u00f3n de Coquimbo.<\/p>\n","protected":false},"excerpt":{"rendered":"<p>Recargado de pedagog\u00eda y ciencia: Campamento Explora Va! 2021 se realizar\u00e1 del 25 al 29 de enero<\/p>\n","protected":false},"author":21,"featured_media":41203,"comment_status":"open","ping_status":"open","sticky":false,"template":"","format":"standard","meta":{"_acf_changed":false,"_exactmetrics_skip_tracking":false,"_exactmetrics_sitenote_active":false,"_exactmetrics_sitenote_note":"","_exactmetrics_sitenote_category":0,"footnotes":"","_links_to":"","_links_to_target":""},"categories":[4],"tags":[391,364,291],"class_list":["post-41227","post","type-post","status-publish","format-standard","has-post-thumbnail","hentry","category-noticias","tag-391","tag-campamento-explorava","tag-explorava"],"acf":[],"yoast_head":"<!-- This site is optimized with the Yoast SEO plugin v26.9 - https:\/\/yoast.com\/product\/yoast-seo-wordpress\/ -->\n<title>Recargado de pedagog\u00eda y ciencia: Campamento Explora Va! 2021 se realizar\u00e1 del 25 al 29 de enero - Coquimbo<\/title>\n<meta name=\"robots\" content=\"index, follow, max-snippet:-1, max-image-preview:large, max-video-preview:-1\" \/>\n<link rel=\"canonical\" href=\"https:\/\/explora.cl\/coquimbo\/recargado-de-pedagogia-y-ciencia-campamento-explora-va-2021-se-realizara-del-25-al-29-de-enero\/\" class=\"yoast-seo-meta-tag\" \/>\n<meta property=\"og:locale\" content=\"es_ES\" class=\"yoast-seo-meta-tag\" \/>\n<meta property=\"og:type\" content=\"article\" class=\"yoast-seo-meta-tag\" \/>\n<meta property=\"og:title\" content=\"Recargado de pedagog\u00eda y ciencia: Campamento Explora Va! 2021 se realizar\u00e1 del 25 al 29 de enero - Coquimbo\" class=\"yoast-seo-meta-tag\" \/>\n<meta property=\"og:description\" content=\"Recargado de pedagog\u00eda y ciencia: Campamento Explora Va! 2021 se realizar\u00e1 del 25 al 29 de enero\" class=\"yoast-seo-meta-tag\" \/>\n<meta property=\"og:url\" content=\"https:\/\/explora.cl\/coquimbo\/recargado-de-pedagogia-y-ciencia-campamento-explora-va-2021-se-realizara-del-25-al-29-de-enero\/\" class=\"yoast-seo-meta-tag\" \/>\n<meta property=\"og:site_name\" content=\"Coquimbo\" class=\"yoast-seo-meta-tag\" \/>\n<meta property=\"article:published_time\" content=\"2021-01-22T21:22:38+00:00\" class=\"yoast-seo-meta-tag\" \/>\n<meta property=\"article:modified_time\" content=\"2021-02-11T15:40:06+00:00\" class=\"yoast-seo-meta-tag\" \/>\n<meta property=\"og:image\" content=\"https:\/\/explora.cl\/coquimbo\/wp-content\/uploads\/sites\/6\/2021\/01\/dise\u00f1o-campamentos_A-01.png\" class=\"yoast-seo-meta-tag\" \/>\n\t<meta property=\"og:image:width\" content=\"1516\" class=\"yoast-seo-meta-tag\" \/>\n\t<meta property=\"og:image:height\" content=\"968\" class=\"yoast-seo-meta-tag\" \/>\n\t<meta property=\"og:image:type\" content=\"image\/png\" class=\"yoast-seo-meta-tag\" \/>\n<meta name=\"author\" content=\"jimartin\" class=\"yoast-seo-meta-tag\" \/>\n<meta name=\"twitter:card\" content=\"summary_large_image\" class=\"yoast-seo-meta-tag\" \/>\n<meta name=\"twitter:label1\" content=\"Escrito por\" class=\"yoast-seo-meta-tag\" \/>\n\t<meta name=\"twitter:data1\" content=\"jimartin\" class=\"yoast-seo-meta-tag\" \/>\n\t<meta name=\"twitter:label2\" content=\"Tiempo estimado de lectura\" class=\"yoast-seo-meta-tag\" \/>\n\t<meta name=\"twitter:data2\" content=\"4 minutos\" class=\"yoast-seo-meta-tag\" \/>\n<script type=\"application\/ld+json\" class=\"yoast-schema-graph\">{\"@context\":\"https:\/\/schema.org\",\"@graph\":[{\"@type\":\"Article\",\"@id\":\"https:\/\/explora.cl\/coquimbo\/recargado-de-pedagogia-y-ciencia-campamento-explora-va-2021-se-realizara-del-25-al-29-de-enero\/#article\",\"isPartOf\":{\"@id\":\"https:\/\/explora.cl\/coquimbo\/recargado-de-pedagogia-y-ciencia-campamento-explora-va-2021-se-realizara-del-25-al-29-de-enero\/\"},\"author\":{\"name\":\"jimartin\",\"@id\":\"https:\/\/explora.cl\/coquimbo\/#\/schema\/person\/c171f405669e4e4f7e56a099200d2fe6\"},\"headline\":\"Recargado de pedagog\u00eda y ciencia: Campamento Explora Va! 2021 se realizar\u00e1 del 25 al 29 de enero\",\"datePublished\":\"2021-01-22T21:22:38+00:00\",\"dateModified\":\"2021-02-11T15:40:06+00:00\",\"mainEntityOfPage\":{\"@id\":\"https:\/\/explora.cl\/coquimbo\/recargado-de-pedagogia-y-ciencia-campamento-explora-va-2021-se-realizara-del-25-al-29-de-enero\/\"},\"wordCount\":837,\"commentCount\":0,\"publisher\":{\"@id\":\"https:\/\/explora.cl\/coquimbo\/#organization\"},\"image\":{\"@id\":\"https:\/\/explora.cl\/coquimbo\/recargado-de-pedagogia-y-ciencia-campamento-explora-va-2021-se-realizara-del-25-al-29-de-enero\/#primaryimage\"},\"thumbnailUrl\":\"https:\/\/explora.cl\/coquimbo\/wp-content\/uploads\/sites\/6\/2021\/01\/dise\u00f1o-campamentos_A-01.png\",\"keywords\":[\"2021\",\"Campamento ExploraVA!\",\"ExploraVa!,\"],\"articleSection\":[\"Noticias\"],\"inLanguage\":\"es-CL\",\"potentialAction\":[{\"@type\":\"CommentAction\",\"name\":\"Comment\",\"target\":[\"https:\/\/explora.cl\/coquimbo\/recargado-de-pedagogia-y-ciencia-campamento-explora-va-2021-se-realizara-del-25-al-29-de-enero\/#respond\"]}]},{\"@type\":\"WebPage\",\"@id\":\"https:\/\/explora.cl\/coquimbo\/recargado-de-pedagogia-y-ciencia-campamento-explora-va-2021-se-realizara-del-25-al-29-de-enero\/\",\"url\":\"https:\/\/explora.cl\/coquimbo\/recargado-de-pedagogia-y-ciencia-campamento-explora-va-2021-se-realizara-del-25-al-29-de-enero\/\",\"name\":\"Recargado de pedagog\u00eda y ciencia: Campamento Explora Va! 2021 se realizar\u00e1 del 25 al 29 de enero - Coquimbo\",\"isPartOf\":{\"@id\":\"https:\/\/explora.cl\/coquimbo\/#website\"},\"primaryImageOfPage\":{\"@id\":\"https:\/\/explora.cl\/coquimbo\/recargado-de-pedagogia-y-ciencia-campamento-explora-va-2021-se-realizara-del-25-al-29-de-enero\/#primaryimage\"},\"image\":{\"@id\":\"https:\/\/explora.cl\/coquimbo\/recargado-de-pedagogia-y-ciencia-campamento-explora-va-2021-se-realizara-del-25-al-29-de-enero\/#primaryimage\"},\"thumbnailUrl\":\"https:\/\/explora.cl\/coquimbo\/wp-content\/uploads\/sites\/6\/2021\/01\/dise\u00f1o-campamentos_A-01.png\",\"datePublished\":\"2021-01-22T21:22:38+00:00\",\"dateModified\":\"2021-02-11T15:40:06+00:00\",\"breadcrumb\":{\"@id\":\"https:\/\/explora.cl\/coquimbo\/recargado-de-pedagogia-y-ciencia-campamento-explora-va-2021-se-realizara-del-25-al-29-de-enero\/#breadcrumb\"},\"inLanguage\":\"es-CL\",\"potentialAction\":[{\"@type\":\"ReadAction\",\"target\":[\"https:\/\/explora.cl\/coquimbo\/recargado-de-pedagogia-y-ciencia-campamento-explora-va-2021-se-realizara-del-25-al-29-de-enero\/\"]}]},{\"@type\":\"ImageObject\",\"inLanguage\":\"es-CL\",\"@id\":\"https:\/\/explora.cl\/coquimbo\/recargado-de-pedagogia-y-ciencia-campamento-explora-va-2021-se-realizara-del-25-al-29-de-enero\/#primaryimage\",\"url\":\"https:\/\/explora.cl\/coquimbo\/wp-content\/uploads\/sites\/6\/2021\/01\/dise\u00f1o-campamentos_A-01.png\",\"contentUrl\":\"https:\/\/explora.cl\/coquimbo\/wp-content\/uploads\/sites\/6\/2021\/01\/dise\u00f1o-campamentos_A-01.png\",\"width\":1516,\"height\":968},{\"@type\":\"BreadcrumbList\",\"@id\":\"https:\/\/explora.cl\/coquimbo\/recargado-de-pedagogia-y-ciencia-campamento-explora-va-2021-se-realizara-del-25-al-29-de-enero\/#breadcrumb\",\"itemListElement\":[{\"@type\":\"ListItem\",\"position\":1,\"name\":\"Portada\",\"item\":\"https:\/\/explora.cl\/coquimbo\/\"},{\"@type\":\"ListItem\",\"position\":2,\"name\":\"Recargado de pedagog\u00eda y ciencia: Campamento Explora Va! 2021 se realizar\u00e1 del 25 al 29 de enero\"}]},{\"@type\":\"WebSite\",\"@id\":\"https:\/\/explora.cl\/coquimbo\/#website\",\"url\":\"https:\/\/explora.cl\/coquimbo\/\",\"name\":\"Coquimbo\",\"description\":\"Otro sitio m\u00e1s de explora.cl\",\"publisher\":{\"@id\":\"https:\/\/explora.cl\/coquimbo\/#organization\"},\"potentialAction\":[{\"@type\":\"SearchAction\",\"target\":{\"@type\":\"EntryPoint\",\"urlTemplate\":\"https:\/\/explora.cl\/coquimbo\/?s={search_term_string}\"},\"query-input\":{\"@type\":\"PropertyValueSpecification\",\"valueRequired\":true,\"valueName\":\"search_term_string\"}}],\"inLanguage\":\"es-CL\"},{\"@type\":\"Organization\",\"@id\":\"https:\/\/explora.cl\/coquimbo\/#organization\",\"name\":\"Coquimbo\",\"url\":\"https:\/\/explora.cl\/coquimbo\/\",\"logo\":{\"@type\":\"ImageObject\",\"inLanguage\":\"es-CL\",\"@id\":\"https:\/\/explora.cl\/coquimbo\/#\/schema\/logo\/image\/\",\"url\":\"https:\/\/explora.cl\/coquimbo\/wp-content\/uploads\/sites\/6\/2020\/08\/cropped-Mesa-de-trabajo-1-100.jpg\",\"contentUrl\":\"https:\/\/explora.cl\/coquimbo\/wp-content\/uploads\/sites\/6\/2020\/08\/cropped-Mesa-de-trabajo-1-100.jpg\",\"width\":615,\"height\":576,\"caption\":\"Coquimbo\"},\"image\":{\"@id\":\"https:\/\/explora.cl\/coquimbo\/#\/schema\/logo\/image\/\"}},{\"@type\":\"Person\",\"@id\":\"https:\/\/explora.cl\/coquimbo\/#\/schema\/person\/c171f405669e4e4f7e56a099200d2fe6\",\"name\":\"jimartin\",\"image\":{\"@type\":\"ImageObject\",\"inLanguage\":\"es-CL\",\"@id\":\"https:\/\/explora.cl\/coquimbo\/#\/schema\/person\/image\/\",\"url\":\"https:\/\/secure.gravatar.com\/avatar\/8dfd7d14443934731a5aea629f40c1aceb42cc8b566a9926567e833c9d22b643?s=96&d=mm&r=g\",\"contentUrl\":\"https:\/\/secure.gravatar.com\/avatar\/8dfd7d14443934731a5aea629f40c1aceb42cc8b566a9926567e833c9d22b643?s=96&d=mm&r=g\",\"caption\":\"jimartin\"},\"url\":\"https:\/\/explora.cl\/coquimbo\/author\/jimartin\/\"}]}<\/script>\n<!-- \/ Yoast SEO plugin. -->","yoast_head_json":{"title":"Recargado de pedagog\u00eda y ciencia: Campamento Explora Va! 2021 se realizar\u00e1 del 25 al 29 de enero - Coquimbo","robots":{"index":"index","follow":"follow","max-snippet":"max-snippet:-1","max-image-preview":"max-image-preview:large","max-video-preview":"max-video-preview:-1"},"canonical":"https:\/\/explora.cl\/coquimbo\/recargado-de-pedagogia-y-ciencia-campamento-explora-va-2021-se-realizara-del-25-al-29-de-enero\/","og_locale":"es_ES","og_type":"article","og_title":"Recargado de pedagog\u00eda y ciencia: Campamento Explora Va! 2021 se realizar\u00e1 del 25 al 29 de enero - Coquimbo","og_description":"Recargado de pedagog\u00eda y ciencia: Campamento Explora Va! 2021 se realizar\u00e1 del 25 al 29 de enero","og_url":"https:\/\/explora.cl\/coquimbo\/recargado-de-pedagogia-y-ciencia-campamento-explora-va-2021-se-realizara-del-25-al-29-de-enero\/","og_site_name":"Coquimbo","article_published_time":"2021-01-22T21:22:38+00:00","article_modified_time":"2021-02-11T15:40:06+00:00","og_image":[{"width":1516,"height":968,"url":"https:\/\/explora.cl\/coquimbo\/wp-content\/uploads\/sites\/6\/2021\/01\/dise\u00f1o-campamentos_A-01.png","type":"image\/png"}],"author":"jimartin","twitter_card":"summary_large_image","twitter_misc":{"Escrito por":"jimartin","Tiempo estimado de lectura":"4 minutos"},"schema":{"@context":"https:\/\/schema.org","@graph":[{"@type":"Article","@id":"https:\/\/explora.cl\/coquimbo\/recargado-de-pedagogia-y-ciencia-campamento-explora-va-2021-se-realizara-del-25-al-29-de-enero\/#article","isPartOf":{"@id":"https:\/\/explora.cl\/coquimbo\/recargado-de-pedagogia-y-ciencia-campamento-explora-va-2021-se-realizara-del-25-al-29-de-enero\/"},"author":{"name":"jimartin","@id":"https:\/\/explora.cl\/coquimbo\/#\/schema\/person\/c171f405669e4e4f7e56a099200d2fe6"},"headline":"Recargado de pedagog\u00eda y ciencia: Campamento Explora Va! 2021 se realizar\u00e1 del 25 al 29 de enero","datePublished":"2021-01-22T21:22:38+00:00","dateModified":"2021-02-11T15:40:06+00:00","mainEntityOfPage":{"@id":"https:\/\/explora.cl\/coquimbo\/recargado-de-pedagogia-y-ciencia-campamento-explora-va-2021-se-realizara-del-25-al-29-de-enero\/"},"wordCount":837,"commentCount":0,"publisher":{"@id":"https:\/\/explora.cl\/coquimbo\/#organization"},"image":{"@id":"https:\/\/explora.cl\/coquimbo\/recargado-de-pedagogia-y-ciencia-campamento-explora-va-2021-se-realizara-del-25-al-29-de-enero\/#primaryimage"},"thumbnailUrl":"https:\/\/explora.cl\/coquimbo\/wp-content\/uploads\/sites\/6\/2021\/01\/dise\u00f1o-campamentos_A-01.png","keywords":["2021","Campamento ExploraVA!","ExploraVa!,"],"articleSection":["Noticias"],"inLanguage":"es-CL","potentialAction":[{"@type":"CommentAction","name":"Comment","target":["https:\/\/explora.cl\/coquimbo\/recargado-de-pedagogia-y-ciencia-campamento-explora-va-2021-se-realizara-del-25-al-29-de-enero\/#respond"]}]},{"@type":"WebPage","@id":"https:\/\/explora.cl\/coquimbo\/recargado-de-pedagogia-y-ciencia-campamento-explora-va-2021-se-realizara-del-25-al-29-de-enero\/","url":"https:\/\/explora.cl\/coquimbo\/recargado-de-pedagogia-y-ciencia-campamento-explora-va-2021-se-realizara-del-25-al-29-de-enero\/","name":"Recargado de pedagog\u00eda y ciencia: Campamento Explora Va! 2021 se realizar\u00e1 del 25 al 29 de enero - Coquimbo","isPartOf":{"@id":"https:\/\/explora.cl\/coquimbo\/#website"},"primaryImageOfPage":{"@id":"https:\/\/explora.cl\/coquimbo\/recargado-de-pedagogia-y-ciencia-campamento-explora-va-2021-se-realizara-del-25-al-29-de-enero\/#primaryimage"},"image":{"@id":"https:\/\/explora.cl\/coquimbo\/recargado-de-pedagogia-y-ciencia-campamento-explora-va-2021-se-realizara-del-25-al-29-de-enero\/#primaryimage"},"thumbnailUrl":"https:\/\/explora.cl\/coquimbo\/wp-content\/uploads\/sites\/6\/2021\/01\/dise\u00f1o-campamentos_A-01.png","datePublished":"2021-01-22T21:22:38+00:00","dateModified":"2021-02-11T15:40:06+00:00","breadcrumb":{"@id":"https:\/\/explora.cl\/coquimbo\/recargado-de-pedagogia-y-ciencia-campamento-explora-va-2021-se-realizara-del-25-al-29-de-enero\/#breadcrumb"},"inLanguage":"es-CL","potentialAction":[{"@type":"ReadAction","target":["https:\/\/explora.cl\/coquimbo\/recargado-de-pedagogia-y-ciencia-campamento-explora-va-2021-se-realizara-del-25-al-29-de-enero\/"]}]},{"@type":"ImageObject","inLanguage":"es-CL","@id":"https:\/\/explora.cl\/coquimbo\/recargado-de-pedagogia-y-ciencia-campamento-explora-va-2021-se-realizara-del-25-al-29-de-enero\/#primaryimage","url":"https:\/\/explora.cl\/coquimbo\/wp-content\/uploads\/sites\/6\/2021\/01\/dise\u00f1o-campamentos_A-01.png","contentUrl":"https:\/\/explora.cl\/coquimbo\/wp-content\/uploads\/sites\/6\/2021\/01\/dise\u00f1o-campamentos_A-01.png","width":1516,"height":968},{"@type":"BreadcrumbList","@id":"https:\/\/explora.cl\/coquimbo\/recargado-de-pedagogia-y-ciencia-campamento-explora-va-2021-se-realizara-del-25-al-29-de-enero\/#breadcrumb","itemListElement":[{"@type":"ListItem","position":1,"name":"Portada","item":"https:\/\/explora.cl\/coquimbo\/"},{"@type":"ListItem","position":2,"name":"Recargado de pedagog\u00eda y ciencia: Campamento Explora Va! 2021 se realizar\u00e1 del 25 al 29 de enero"}]},{"@type":"WebSite","@id":"https:\/\/explora.cl\/coquimbo\/#website","url":"https:\/\/explora.cl\/coquimbo\/","name":"Coquimbo","description":"Otro sitio m\u00e1s de explora.cl","publisher":{"@id":"https:\/\/explora.cl\/coquimbo\/#organization"},"potentialAction":[{"@type":"SearchAction","target":{"@type":"EntryPoint","urlTemplate":"https:\/\/explora.cl\/coquimbo\/?s={search_term_string}"},"query-input":{"@type":"PropertyValueSpecification","valueRequired":true,"valueName":"search_term_string"}}],"inLanguage":"es-CL"},{"@type":"Organization","@id":"https:\/\/explora.cl\/coquimbo\/#organization","name":"Coquimbo","url":"https:\/\/explora.cl\/coquimbo\/","logo":{"@type":"ImageObject","inLanguage":"es-CL","@id":"https:\/\/explora.cl\/coquimbo\/#\/schema\/logo\/image\/","url":"https:\/\/explora.cl\/coquimbo\/wp-content\/uploads\/sites\/6\/2020\/08\/cropped-Mesa-de-trabajo-1-100.jpg","contentUrl":"https:\/\/explora.cl\/coquimbo\/wp-content\/uploads\/sites\/6\/2020\/08\/cropped-Mesa-de-trabajo-1-100.jpg","width":615,"height":576,"caption":"Coquimbo"},"image":{"@id":"https:\/\/explora.cl\/coquimbo\/#\/schema\/logo\/image\/"}},{"@type":"Person","@id":"https:\/\/explora.cl\/coquimbo\/#\/schema\/person\/c171f405669e4e4f7e56a099200d2fe6","name":"jimartin","image":{"@type":"ImageObject","inLanguage":"es-CL","@id":"https:\/\/explora.cl\/coquimbo\/#\/schema\/person\/image\/","url":"https:\/\/secure.gravatar.com\/avatar\/8dfd7d14443934731a5aea629f40c1aceb42cc8b566a9926567e833c9d22b643?s=96&d=mm&r=g","contentUrl":"https:\/\/secure.gravatar.com\/avatar\/8dfd7d14443934731a5aea629f40c1aceb42cc8b566a9926567e833c9d22b643?s=96&d=mm&r=g","caption":"jimartin"},"url":"https:\/\/explora.cl\/coquimbo\/author\/jimartin\/"}]}},"_links":{"self":[{"href":"https:\/\/explora.cl\/coquimbo\/wp-json\/wp\/v2\/posts\/41227","targetHints":{"allow":["GET"]}}],"collection":[{"href":"https:\/\/explora.cl\/coquimbo\/wp-json\/wp\/v2\/posts"}],"about":[{"href":"https:\/\/explora.cl\/coquimbo\/wp-json\/wp\/v2\/types\/post"}],"author":[{"embeddable":true,"href":"https:\/\/explora.cl\/coquimbo\/wp-json\/wp\/v2\/users\/21"}],"replies":[{"embeddable":true,"href":"https:\/\/explora.cl\/coquimbo\/wp-json\/wp\/v2\/comments?post=41227"}],"version-history":[{"count":1,"href":"https:\/\/explora.cl\/coquimbo\/wp-json\/wp\/v2\/posts\/41227\/revisions"}],"predecessor-version":[{"id":41228,"href":"https:\/\/explora.cl\/coquimbo\/wp-json\/wp\/v2\/posts\/41227\/revisions\/41228"}],"wp:featuredmedia":[{"embeddable":true,"href":"https:\/\/explora.cl\/coquimbo\/wp-json\/wp\/v2\/media\/41203"}],"wp:attachment":[{"href":"https:\/\/explora.cl\/coquimbo\/wp-json\/wp\/v2\/media?parent=41227"}],"wp:term":[{"taxonomy":"category","embeddable":true,"href":"https:\/\/explora.cl\/coquimbo\/wp-json\/wp\/v2\/categories?post=41227"},{"taxonomy":"post_tag","embeddable":true,"href":"https:\/\/explora.cl\/coquimbo\/wp-json\/wp\/v2\/tags?post=41227"}],"curies":[{"name":"wp","href":"https:\/\/api.w.org\/{rel}","templated":true}]}}