{"id":41146,"date":"2020-12-18T11:27:11","date_gmt":"2020-12-18T14:27:11","guid":{"rendered":"https:\/\/explora.cl\/coquimbo\/?p=41146"},"modified":"2020-12-28T15:23:55","modified_gmt":"2020-12-28T18:23:55","slug":"conversatorio-sobre-la-divulgacion-chilena-reunira-a-premios-nacionales-dora-altbir-y-jose-maza","status":"publish","type":"post","link":"https:\/\/explora.cl\/coquimbo\/conversatorio-sobre-la-divulgacion-chilena-reunira-a-premios-nacionales-dora-altbir-y-jose-maza\/","title":{"rendered":"Conversatorio sobre la divulgaci\u00f3n chilena reunir\u00e1 a premios nacionales Dora Altbir y Jos\u00e9 Maza"},"content":{"rendered":"<p style=\"text-align: justify\"><strong>Evento se realizar\u00e1 de forma remota este martes 22 de diciembre, a contar de las 19:30 horas. <\/strong><\/p>\n<p style=\"text-align: justify\">Como una forma de cerrar la iniciativa Ciencia Abierta, instancia que busca que investigadores\/as y cient\u00edficos\/as del pa\u00eds transmitan su quehacer a la sociedad, el <strong>Proyecto Explora Coquimbo del Ministerio de Ciencias y ejecutado por la Universidad Cat\u00f3lica del Norte<\/strong>, organizar\u00e1 un conversatorio titulado \u201cDe lo macro a lo micro, una conversaci\u00f3n sobre la divulgaci\u00f3n cient\u00edfica en Chile\u201d y que contar\u00e1 con la presencia de dos destacados premios nacionales.<\/p>\n<p style=\"text-align: justify\">La acad\u00e9mica y Directora del Centro para el Desarrollo de la Nanociencia y la Nanotecnolog\u00eda, Dra. <strong>Dora Altbir Drullinsky<\/strong>, quien este a\u00f1o recibi\u00f3 el Premio Nacional de Ciencias Exactas 2019; junto al <strong>Dr. Jos\u00e9 Maza Sancho, <\/strong>Acad\u00e9mico de la Facultad de Ciencias F\u00edsicas y Matem\u00e1ticas de la Universidad de Chile desde 1968, astrof\u00edsico y Premio Nacional de Ciencias Exactas 1999, ser\u00e1n parte de este encuentro en donde los especialistas dar\u00e1n a conocer sus pensamientos respecto a la importancia de comunicar la ciencia en el pa\u00eds y socializar en estos espacios.<\/p>\n<p style=\"text-align: justify\">Adem\u00e1s, la jornada ser\u00e1 el momento para que la comunidad pueda dialogar con ambos, para conocer sus perspectivas en sus materias de investigaci\u00f3n, sus visiones con respecto a la actividad cient\u00edfica en el mundo y los desaf\u00edos en el futuro.<\/p>\n<p style=\"text-align: justify\">El Dr. Jos\u00e9 Maza manifest\u00f3 al respecto que \u201ctodo est\u00e1 enfocado en el cierre de la iniciativa Ciencia Abierta y con la Dra. Dora Altbir hablaremos de la divulgaci\u00f3n cient\u00edfica, desde lo micro a lo macro, es decir, desde la nanotecnolog\u00eda a la astronom\u00eda. As\u00ed que los dejo cordialmente invitados\u201d.<\/p>\n<p style=\"text-align: justify\">En cuanto a la iniciativa, el Director del Proyecto Explora Coquimbo, Sergio Gonz\u00e1lez, destac\u00f3 que \u201cambos invitados nos van a conversar sobre lo que es la ciencia, qu\u00e9 cosas los motivaron a seguir adelante y c\u00f3mo hoy d\u00eda contribuyen a que ni\u00f1os y ni\u00f1as del pa\u00eds se interesen por hacer ciencia. Es un conversatorio muy interesante y abierto a toda la comunidad de la Regi\u00f3n de Coquimbo\u201d.<\/p>\n<p style=\"text-align: justify\">La jornada se realizar\u00e1 este <strong>martes 22 de diciembre, a contar de las 19:30 horas<\/strong> y se transmitir\u00e1 en vivo por el Facebook del Explora.Coquimbo, instancia que permitir\u00e1 que los asistentes hagan sus preguntas a los participantes.<\/p>\n<p>&nbsp;<\/p>\n","protected":false},"excerpt":{"rendered":"<p>Conversatorio sobre la divulgaci\u00f3n chilena reunir\u00e1 a premios nacionales Dora Altbir y Jos\u00e9 Maza<\/p>\n","protected":false},"author":21,"featured_media":41147,"comment_status":"open","ping_status":"open","sticky":false,"template":"","format":"standard","meta":{"_acf_changed":false,"_exactmetrics_skip_tracking":false,"_exactmetrics_sitenote_active":false,"_exactmetrics_sitenote_note":"","_exactmetrics_sitenote_category":0,"footnotes":"","_links_to":"","_links_to_target":""},"categories":[4],"tags":[],"class_list":["post-41146","post","type-post","status-publish","format-standard","has-post-thumbnail","hentry","category-noticias"],"acf":[],"yoast_head":"<!-- This site is optimized with the Yoast SEO plugin v26.9 - https:\/\/yoast.com\/product\/yoast-seo-wordpress\/ -->\n<title>Conversatorio sobre la divulgaci\u00f3n chilena reunir\u00e1 a premios nacionales Dora Altbir y Jos\u00e9 Maza - Coquimbo<\/title>\n<meta name=\"robots\" content=\"index, follow, max-snippet:-1, max-image-preview:large, max-video-preview:-1\" \/>\n<link rel=\"canonical\" href=\"https:\/\/explora.cl\/coquimbo\/conversatorio-sobre-la-divulgacion-chilena-reunira-a-premios-nacionales-dora-altbir-y-jose-maza\/\" class=\"yoast-seo-meta-tag\" \/>\n<meta property=\"og:locale\" content=\"es_ES\" class=\"yoast-seo-meta-tag\" \/>\n<meta property=\"og:type\" content=\"article\" class=\"yoast-seo-meta-tag\" \/>\n<meta property=\"og:title\" content=\"Conversatorio sobre la divulgaci\u00f3n chilena reunir\u00e1 a premios nacionales Dora Altbir y Jos\u00e9 Maza - Coquimbo\" class=\"yoast-seo-meta-tag\" \/>\n<meta property=\"og:description\" content=\"Conversatorio sobre la divulgaci\u00f3n chilena reunir\u00e1 a premios nacionales Dora Altbir y Jos\u00e9 Maza\" class=\"yoast-seo-meta-tag\" \/>\n<meta property=\"og:url\" content=\"https:\/\/explora.cl\/coquimbo\/conversatorio-sobre-la-divulgacion-chilena-reunira-a-premios-nacionales-dora-altbir-y-jose-maza\/\" class=\"yoast-seo-meta-tag\" \/>\n<meta property=\"og:site_name\" content=\"Coquimbo\" class=\"yoast-seo-meta-tag\" \/>\n<meta property=\"article:published_time\" content=\"2020-12-18T14:27:11+00:00\" class=\"yoast-seo-meta-tag\" \/>\n<meta property=\"article:modified_time\" content=\"2020-12-28T18:23:55+00:00\" class=\"yoast-seo-meta-tag\" \/>\n<meta property=\"og:image\" content=\"https:\/\/explora.cl\/coquimbo\/wp-content\/uploads\/sites\/6\/2020\/12\/Banner_Web.png\" class=\"yoast-seo-meta-tag\" \/>\n\t<meta property=\"og:image:width\" content=\"1007\" class=\"yoast-seo-meta-tag\" \/>\n\t<meta property=\"og:image:height\" content=\"649\" class=\"yoast-seo-meta-tag\" \/>\n\t<meta property=\"og:image:type\" content=\"image\/png\" class=\"yoast-seo-meta-tag\" \/>\n<meta name=\"author\" content=\"jimartin\" class=\"yoast-seo-meta-tag\" \/>\n<meta name=\"twitter:card\" content=\"summary_large_image\" class=\"yoast-seo-meta-tag\" \/>\n<meta name=\"twitter:label1\" content=\"Escrito por\" class=\"yoast-seo-meta-tag\" \/>\n\t<meta name=\"twitter:data1\" content=\"jimartin\" class=\"yoast-seo-meta-tag\" \/>\n\t<meta name=\"twitter:label2\" content=\"Tiempo estimado de lectura\" class=\"yoast-seo-meta-tag\" \/>\n\t<meta name=\"twitter:data2\" content=\"2 minutos\" class=\"yoast-seo-meta-tag\" \/>\n<script type=\"application\/ld+json\" class=\"yoast-schema-graph\">{\"@context\":\"https:\/\/schema.org\",\"@graph\":[{\"@type\":\"Article\",\"@id\":\"https:\/\/explora.cl\/coquimbo\/conversatorio-sobre-la-divulgacion-chilena-reunira-a-premios-nacionales-dora-altbir-y-jose-maza\/#article\",\"isPartOf\":{\"@id\":\"https:\/\/explora.cl\/coquimbo\/conversatorio-sobre-la-divulgacion-chilena-reunira-a-premios-nacionales-dora-altbir-y-jose-maza\/\"},\"author\":{\"name\":\"jimartin\",\"@id\":\"https:\/\/explora.cl\/coquimbo\/#\/schema\/person\/c171f405669e4e4f7e56a099200d2fe6\"},\"headline\":\"Conversatorio sobre la divulgaci\u00f3n chilena reunir\u00e1 a premios nacionales Dora Altbir y Jos\u00e9 Maza\",\"datePublished\":\"2020-12-18T14:27:11+00:00\",\"dateModified\":\"2020-12-28T18:23:55+00:00\",\"mainEntityOfPage\":{\"@id\":\"https:\/\/explora.cl\/coquimbo\/conversatorio-sobre-la-divulgacion-chilena-reunira-a-premios-nacionales-dora-altbir-y-jose-maza\/\"},\"wordCount\":413,\"commentCount\":0,\"publisher\":{\"@id\":\"https:\/\/explora.cl\/coquimbo\/#organization\"},\"image\":{\"@id\":\"https:\/\/explora.cl\/coquimbo\/conversatorio-sobre-la-divulgacion-chilena-reunira-a-premios-nacionales-dora-altbir-y-jose-maza\/#primaryimage\"},\"thumbnailUrl\":\"https:\/\/explora.cl\/coquimbo\/wp-content\/uploads\/sites\/6\/2020\/12\/Banner_Web.png\",\"articleSection\":[\"Noticias\"],\"inLanguage\":\"es-CL\",\"potentialAction\":[{\"@type\":\"CommentAction\",\"name\":\"Comment\",\"target\":[\"https:\/\/explora.cl\/coquimbo\/conversatorio-sobre-la-divulgacion-chilena-reunira-a-premios-nacionales-dora-altbir-y-jose-maza\/#respond\"]}]},{\"@type\":\"WebPage\",\"@id\":\"https:\/\/explora.cl\/coquimbo\/conversatorio-sobre-la-divulgacion-chilena-reunira-a-premios-nacionales-dora-altbir-y-jose-maza\/\",\"url\":\"https:\/\/explora.cl\/coquimbo\/conversatorio-sobre-la-divulgacion-chilena-reunira-a-premios-nacionales-dora-altbir-y-jose-maza\/\",\"name\":\"Conversatorio sobre la divulgaci\u00f3n chilena reunir\u00e1 a premios nacionales Dora Altbir y Jos\u00e9 Maza - Coquimbo\",\"isPartOf\":{\"@id\":\"https:\/\/explora.cl\/coquimbo\/#website\"},\"primaryImageOfPage\":{\"@id\":\"https:\/\/explora.cl\/coquimbo\/conversatorio-sobre-la-divulgacion-chilena-reunira-a-premios-nacionales-dora-altbir-y-jose-maza\/#primaryimage\"},\"image\":{\"@id\":\"https:\/\/explora.cl\/coquimbo\/conversatorio-sobre-la-divulgacion-chilena-reunira-a-premios-nacionales-dora-altbir-y-jose-maza\/#primaryimage\"},\"thumbnailUrl\":\"https:\/\/explora.cl\/coquimbo\/wp-content\/uploads\/sites\/6\/2020\/12\/Banner_Web.png\",\"datePublished\":\"2020-12-18T14:27:11+00:00\",\"dateModified\":\"2020-12-28T18:23:55+00:00\",\"breadcrumb\":{\"@id\":\"https:\/\/explora.cl\/coquimbo\/conversatorio-sobre-la-divulgacion-chilena-reunira-a-premios-nacionales-dora-altbir-y-jose-maza\/#breadcrumb\"},\"inLanguage\":\"es-CL\",\"potentialAction\":[{\"@type\":\"ReadAction\",\"target\":[\"https:\/\/explora.cl\/coquimbo\/conversatorio-sobre-la-divulgacion-chilena-reunira-a-premios-nacionales-dora-altbir-y-jose-maza\/\"]}]},{\"@type\":\"ImageObject\",\"inLanguage\":\"es-CL\",\"@id\":\"https:\/\/explora.cl\/coquimbo\/conversatorio-sobre-la-divulgacion-chilena-reunira-a-premios-nacionales-dora-altbir-y-jose-maza\/#primaryimage\",\"url\":\"https:\/\/explora.cl\/coquimbo\/wp-content\/uploads\/sites\/6\/2020\/12\/Banner_Web.png\",\"contentUrl\":\"https:\/\/explora.cl\/coquimbo\/wp-content\/uploads\/sites\/6\/2020\/12\/Banner_Web.png\",\"width\":1007,\"height\":649},{\"@type\":\"BreadcrumbList\",\"@id\":\"https:\/\/explora.cl\/coquimbo\/conversatorio-sobre-la-divulgacion-chilena-reunira-a-premios-nacionales-dora-altbir-y-jose-maza\/#breadcrumb\",\"itemListElement\":[{\"@type\":\"ListItem\",\"position\":1,\"name\":\"Portada\",\"item\":\"https:\/\/explora.cl\/coquimbo\/\"},{\"@type\":\"ListItem\",\"position\":2,\"name\":\"Conversatorio sobre la divulgaci\u00f3n chilena reunir\u00e1 a premios nacionales Dora Altbir y Jos\u00e9 Maza\"}]},{\"@type\":\"WebSite\",\"@id\":\"https:\/\/explora.cl\/coquimbo\/#website\",\"url\":\"https:\/\/explora.cl\/coquimbo\/\",\"name\":\"Coquimbo\",\"description\":\"Otro sitio m\u00e1s de explora.cl\",\"publisher\":{\"@id\":\"https:\/\/explora.cl\/coquimbo\/#organization\"},\"potentialAction\":[{\"@type\":\"SearchAction\",\"target\":{\"@type\":\"EntryPoint\",\"urlTemplate\":\"https:\/\/explora.cl\/coquimbo\/?s={search_term_string}\"},\"query-input\":{\"@type\":\"PropertyValueSpecification\",\"valueRequired\":true,\"valueName\":\"search_term_string\"}}],\"inLanguage\":\"es-CL\"},{\"@type\":\"Organization\",\"@id\":\"https:\/\/explora.cl\/coquimbo\/#organization\",\"name\":\"Coquimbo\",\"url\":\"https:\/\/explora.cl\/coquimbo\/\",\"logo\":{\"@type\":\"ImageObject\",\"inLanguage\":\"es-CL\",\"@id\":\"https:\/\/explora.cl\/coquimbo\/#\/schema\/logo\/image\/\",\"url\":\"https:\/\/explora.cl\/coquimbo\/wp-content\/uploads\/sites\/6\/2020\/08\/cropped-Mesa-de-trabajo-1-100.jpg\",\"contentUrl\":\"https:\/\/explora.cl\/coquimbo\/wp-content\/uploads\/sites\/6\/2020\/08\/cropped-Mesa-de-trabajo-1-100.jpg\",\"width\":615,\"height\":576,\"caption\":\"Coquimbo\"},\"image\":{\"@id\":\"https:\/\/explora.cl\/coquimbo\/#\/schema\/logo\/image\/\"}},{\"@type\":\"Person\",\"@id\":\"https:\/\/explora.cl\/coquimbo\/#\/schema\/person\/c171f405669e4e4f7e56a099200d2fe6\",\"name\":\"jimartin\",\"image\":{\"@type\":\"ImageObject\",\"inLanguage\":\"es-CL\",\"@id\":\"https:\/\/explora.cl\/coquimbo\/#\/schema\/person\/image\/\",\"url\":\"https:\/\/secure.gravatar.com\/avatar\/8dfd7d14443934731a5aea629f40c1aceb42cc8b566a9926567e833c9d22b643?s=96&d=mm&r=g\",\"contentUrl\":\"https:\/\/secure.gravatar.com\/avatar\/8dfd7d14443934731a5aea629f40c1aceb42cc8b566a9926567e833c9d22b643?s=96&d=mm&r=g\",\"caption\":\"jimartin\"},\"url\":\"https:\/\/explora.cl\/coquimbo\/author\/jimartin\/\"}]}<\/script>\n<!-- \/ Yoast SEO plugin. -->","yoast_head_json":{"title":"Conversatorio sobre la divulgaci\u00f3n chilena reunir\u00e1 a premios nacionales Dora Altbir y Jos\u00e9 Maza - Coquimbo","robots":{"index":"index","follow":"follow","max-snippet":"max-snippet:-1","max-image-preview":"max-image-preview:large","max-video-preview":"max-video-preview:-1"},"canonical":"https:\/\/explora.cl\/coquimbo\/conversatorio-sobre-la-divulgacion-chilena-reunira-a-premios-nacionales-dora-altbir-y-jose-maza\/","og_locale":"es_ES","og_type":"article","og_title":"Conversatorio sobre la divulgaci\u00f3n chilena reunir\u00e1 a premios nacionales Dora Altbir y Jos\u00e9 Maza - Coquimbo","og_description":"Conversatorio sobre la divulgaci\u00f3n chilena reunir\u00e1 a premios nacionales Dora Altbir y Jos\u00e9 Maza","og_url":"https:\/\/explora.cl\/coquimbo\/conversatorio-sobre-la-divulgacion-chilena-reunira-a-premios-nacionales-dora-altbir-y-jose-maza\/","og_site_name":"Coquimbo","article_published_time":"2020-12-18T14:27:11+00:00","article_modified_time":"2020-12-28T18:23:55+00:00","og_image":[{"width":1007,"height":649,"url":"https:\/\/explora.cl\/coquimbo\/wp-content\/uploads\/sites\/6\/2020\/12\/Banner_Web.png","type":"image\/png"}],"author":"jimartin","twitter_card":"summary_large_image","twitter_misc":{"Escrito por":"jimartin","Tiempo estimado de lectura":"2 minutos"},"schema":{"@context":"https:\/\/schema.org","@graph":[{"@type":"Article","@id":"https:\/\/explora.cl\/coquimbo\/conversatorio-sobre-la-divulgacion-chilena-reunira-a-premios-nacionales-dora-altbir-y-jose-maza\/#article","isPartOf":{"@id":"https:\/\/explora.cl\/coquimbo\/conversatorio-sobre-la-divulgacion-chilena-reunira-a-premios-nacionales-dora-altbir-y-jose-maza\/"},"author":{"name":"jimartin","@id":"https:\/\/explora.cl\/coquimbo\/#\/schema\/person\/c171f405669e4e4f7e56a099200d2fe6"},"headline":"Conversatorio sobre la divulgaci\u00f3n chilena reunir\u00e1 a premios nacionales Dora Altbir y Jos\u00e9 Maza","datePublished":"2020-12-18T14:27:11+00:00","dateModified":"2020-12-28T18:23:55+00:00","mainEntityOfPage":{"@id":"https:\/\/explora.cl\/coquimbo\/conversatorio-sobre-la-divulgacion-chilena-reunira-a-premios-nacionales-dora-altbir-y-jose-maza\/"},"wordCount":413,"commentCount":0,"publisher":{"@id":"https:\/\/explora.cl\/coquimbo\/#organization"},"image":{"@id":"https:\/\/explora.cl\/coquimbo\/conversatorio-sobre-la-divulgacion-chilena-reunira-a-premios-nacionales-dora-altbir-y-jose-maza\/#primaryimage"},"thumbnailUrl":"https:\/\/explora.cl\/coquimbo\/wp-content\/uploads\/sites\/6\/2020\/12\/Banner_Web.png","articleSection":["Noticias"],"inLanguage":"es-CL","potentialAction":[{"@type":"CommentAction","name":"Comment","target":["https:\/\/explora.cl\/coquimbo\/conversatorio-sobre-la-divulgacion-chilena-reunira-a-premios-nacionales-dora-altbir-y-jose-maza\/#respond"]}]},{"@type":"WebPage","@id":"https:\/\/explora.cl\/coquimbo\/conversatorio-sobre-la-divulgacion-chilena-reunira-a-premios-nacionales-dora-altbir-y-jose-maza\/","url":"https:\/\/explora.cl\/coquimbo\/conversatorio-sobre-la-divulgacion-chilena-reunira-a-premios-nacionales-dora-altbir-y-jose-maza\/","name":"Conversatorio sobre la divulgaci\u00f3n chilena reunir\u00e1 a premios nacionales Dora Altbir y Jos\u00e9 Maza - Coquimbo","isPartOf":{"@id":"https:\/\/explora.cl\/coquimbo\/#website"},"primaryImageOfPage":{"@id":"https:\/\/explora.cl\/coquimbo\/conversatorio-sobre-la-divulgacion-chilena-reunira-a-premios-nacionales-dora-altbir-y-jose-maza\/#primaryimage"},"image":{"@id":"https:\/\/explora.cl\/coquimbo\/conversatorio-sobre-la-divulgacion-chilena-reunira-a-premios-nacionales-dora-altbir-y-jose-maza\/#primaryimage"},"thumbnailUrl":"https:\/\/explora.cl\/coquimbo\/wp-content\/uploads\/sites\/6\/2020\/12\/Banner_Web.png","datePublished":"2020-12-18T14:27:11+00:00","dateModified":"2020-12-28T18:23:55+00:00","breadcrumb":{"@id":"https:\/\/explora.cl\/coquimbo\/conversatorio-sobre-la-divulgacion-chilena-reunira-a-premios-nacionales-dora-altbir-y-jose-maza\/#breadcrumb"},"inLanguage":"es-CL","potentialAction":[{"@type":"ReadAction","target":["https:\/\/explora.cl\/coquimbo\/conversatorio-sobre-la-divulgacion-chilena-reunira-a-premios-nacionales-dora-altbir-y-jose-maza\/"]}]},{"@type":"ImageObject","inLanguage":"es-CL","@id":"https:\/\/explora.cl\/coquimbo\/conversatorio-sobre-la-divulgacion-chilena-reunira-a-premios-nacionales-dora-altbir-y-jose-maza\/#primaryimage","url":"https:\/\/explora.cl\/coquimbo\/wp-content\/uploads\/sites\/6\/2020\/12\/Banner_Web.png","contentUrl":"https:\/\/explora.cl\/coquimbo\/wp-content\/uploads\/sites\/6\/2020\/12\/Banner_Web.png","width":1007,"height":649},{"@type":"BreadcrumbList","@id":"https:\/\/explora.cl\/coquimbo\/conversatorio-sobre-la-divulgacion-chilena-reunira-a-premios-nacionales-dora-altbir-y-jose-maza\/#breadcrumb","itemListElement":[{"@type":"ListItem","position":1,"name":"Portada","item":"https:\/\/explora.cl\/coquimbo\/"},{"@type":"ListItem","position":2,"name":"Conversatorio sobre la divulgaci\u00f3n chilena reunir\u00e1 a premios nacionales Dora Altbir y Jos\u00e9 Maza"}]},{"@type":"WebSite","@id":"https:\/\/explora.cl\/coquimbo\/#website","url":"https:\/\/explora.cl\/coquimbo\/","name":"Coquimbo","description":"Otro sitio m\u00e1s de explora.cl","publisher":{"@id":"https:\/\/explora.cl\/coquimbo\/#organization"},"potentialAction":[{"@type":"SearchAction","target":{"@type":"EntryPoint","urlTemplate":"https:\/\/explora.cl\/coquimbo\/?s={search_term_string}"},"query-input":{"@type":"PropertyValueSpecification","valueRequired":true,"valueName":"search_term_string"}}],"inLanguage":"es-CL"},{"@type":"Organization","@id":"https:\/\/explora.cl\/coquimbo\/#organization","name":"Coquimbo","url":"https:\/\/explora.cl\/coquimbo\/","logo":{"@type":"ImageObject","inLanguage":"es-CL","@id":"https:\/\/explora.cl\/coquimbo\/#\/schema\/logo\/image\/","url":"https:\/\/explora.cl\/coquimbo\/wp-content\/uploads\/sites\/6\/2020\/08\/cropped-Mesa-de-trabajo-1-100.jpg","contentUrl":"https:\/\/explora.cl\/coquimbo\/wp-content\/uploads\/sites\/6\/2020\/08\/cropped-Mesa-de-trabajo-1-100.jpg","width":615,"height":576,"caption":"Coquimbo"},"image":{"@id":"https:\/\/explora.cl\/coquimbo\/#\/schema\/logo\/image\/"}},{"@type":"Person","@id":"https:\/\/explora.cl\/coquimbo\/#\/schema\/person\/c171f405669e4e4f7e56a099200d2fe6","name":"jimartin","image":{"@type":"ImageObject","inLanguage":"es-CL","@id":"https:\/\/explora.cl\/coquimbo\/#\/schema\/person\/image\/","url":"https:\/\/secure.gravatar.com\/avatar\/8dfd7d14443934731a5aea629f40c1aceb42cc8b566a9926567e833c9d22b643?s=96&d=mm&r=g","contentUrl":"https:\/\/secure.gravatar.com\/avatar\/8dfd7d14443934731a5aea629f40c1aceb42cc8b566a9926567e833c9d22b643?s=96&d=mm&r=g","caption":"jimartin"},"url":"https:\/\/explora.cl\/coquimbo\/author\/jimartin\/"}]}},"_links":{"self":[{"href":"https:\/\/explora.cl\/coquimbo\/wp-json\/wp\/v2\/posts\/41146","targetHints":{"allow":["GET"]}}],"collection":[{"href":"https:\/\/explora.cl\/coquimbo\/wp-json\/wp\/v2\/posts"}],"about":[{"href":"https:\/\/explora.cl\/coquimbo\/wp-json\/wp\/v2\/types\/post"}],"author":[{"embeddable":true,"href":"https:\/\/explora.cl\/coquimbo\/wp-json\/wp\/v2\/users\/21"}],"replies":[{"embeddable":true,"href":"https:\/\/explora.cl\/coquimbo\/wp-json\/wp\/v2\/comments?post=41146"}],"version-history":[{"count":1,"href":"https:\/\/explora.cl\/coquimbo\/wp-json\/wp\/v2\/posts\/41146\/revisions"}],"predecessor-version":[{"id":41148,"href":"https:\/\/explora.cl\/coquimbo\/wp-json\/wp\/v2\/posts\/41146\/revisions\/41148"}],"wp:featuredmedia":[{"embeddable":true,"href":"https:\/\/explora.cl\/coquimbo\/wp-json\/wp\/v2\/media\/41147"}],"wp:attachment":[{"href":"https:\/\/explora.cl\/coquimbo\/wp-json\/wp\/v2\/media?parent=41146"}],"wp:term":[{"taxonomy":"category","embeddable":true,"href":"https:\/\/explora.cl\/coquimbo\/wp-json\/wp\/v2\/categories?post=41146"},{"taxonomy":"post_tag","embeddable":true,"href":"https:\/\/explora.cl\/coquimbo\/wp-json\/wp\/v2\/tags?post=41146"}],"curies":[{"name":"wp","href":"https:\/\/api.w.org\/{rel}","templated":true}]}}