{"id":41085,"date":"2020-11-19T19:33:53","date_gmt":"2020-11-19T22:33:53","guid":{"rendered":"https:\/\/explora.cl\/coquimbo\/?p=41085"},"modified":"2020-12-01T17:26:25","modified_gmt":"2020-12-01T20:26:25","slug":"limari-vibro-con-la-ciencia-que-realizaron-sus-estudiantes-y-docentes","status":"publish","type":"post","link":"https:\/\/explora.cl\/coquimbo\/limari-vibro-con-la-ciencia-que-realizaron-sus-estudiantes-y-docentes\/","title":{"rendered":"Limar\u00ed vibr\u00f3 con la ciencia que realizaron sus estudiantes y docentes"},"content":{"rendered":"<p style=\"text-align: justify\"><strong>Los d\u00edas 17 y 18 de octubre, equipos desde diversos lugares de la Provincia expusieron sus investigaciones, en un formato virtual y abierto a todo p\u00fablico.<\/strong><\/p>\n<p style=\"text-align: justify\"><strong>Nota por Valentina Pe\u00f1a. <\/strong><\/p>\n<p style=\"text-align: justify\">Durante dos d\u00edas, una veintena de estudiantes de Rio Hurtado, Ovalle, Combarbal\u00e1 y Monte Patria, tuvieron la oportunidad de presentar sus proyectos cient\u00edficos en conjunto a sus profesores gu\u00edas, en el marco de la <strong>Feria Virtual Provincial Escolar del Limar\u00ed.<\/strong> A pesar de las dificultades de conexi\u00f3n, los equipos lograron llevar a cabo exitosamente las distintas jornadas en este espacio, en donde la ciencia y la educaci\u00f3n fueron claves para el desarrollo de la actividad.<\/p>\n<p style=\"text-align: justify\">Con 11 presentaciones de diferentes tem\u00e1ticas, en el que las huertas y el cultivo fueron protagonistas, los estudiantes deslumbraron a las decenas de personas que se conectaron a presenciar la actividad. Una de las presentaciones que m\u00e1s llam\u00f3 la atenci\u00f3n del p\u00fablico fue, \u201c<em>Plantas nativas e introducidas en el patio de mi casa en tiempos de pandemia\u201d<\/em>, ya que los ni\u00f1os con sus familias crearon huertas en sus casas aprovechando las materias primas que da la naturaleza y revalorizando a la flora y el como pueden ser de gran ayuda tanto al momento de cultivar, como tambi\u00e9n el de su consumo en tiempos en el que nos vemos amenazados por el Covid-19.<\/p>\n<p style=\"text-align: justify\">Asimismo, se vivieron jornadas de socializaci\u00f3n, en la cual estudiantes y profesores participaron en las din\u00e1micas y contaron su experiencia en el proceso de investigaci\u00f3n, tal como nos cont\u00f3 <strong>Mat\u00edas Maya de Monte Patria<\/strong>, \u201cla experiencia me gust\u00f3, el trabajo me gust\u00f3 mucho, fue muy entretenido\u201d.<\/p>\n<p style=\"text-align: justify\">Por su parte, el alumno <strong>Crist\u00f3bal Carvajal de Combarbal\u00e1<\/strong>, valor\u00f3 la instancia y vislumbra un importante futuro a su indagaci\u00f3n \u201cme gustar\u00eda seguir con la investigaci\u00f3n, porque lo encuentro muy interesante, con respecto a las plantas medicinales\u201d.<\/p>\n<p style=\"text-align: justify\"><strong>Fabian Alfaro<\/strong>, que junto a su equipo presentaron el proyecto \u201cAutomedicaci\u00f3n antes y despu\u00e9s del Covid-19\u201d, tambi\u00e9n nos cont\u00f3 sus impresiones, \u201cnosotros nos gustar\u00eda implementar un taller, mas que hacer otra investigaci\u00f3n, porque, si bien la automedicaci\u00f3n siempre va a estar si o si, es mejor que las personas se informen acerca de esto\u201d.<\/p>\n<p style=\"text-align: justify\">Los participantes y el p\u00fablico tuvieron la oportunidad de conocer m\u00e1s sobre los diferentes virus en la charla de cierre que la<strong> Dra. Sandra Ampuero, Vir\u00f3loga de la Universidad de Chile<\/strong>, comparti\u00f3 sus conocimientos a la comunidad presente y la importancia de cuidarse en la actualidad.<\/p>\n<p style=\"text-align: justify\">Los docentes tambi\u00e9n reconocieron esta importante instancia, tal como lo expres\u00f3 <strong>Carlos Pizarro, de la Escuela Luis Henrique Bou P\u00e9rez de Combarbal\u00e1,<\/strong> al afirmar que esta labor les permiti\u00f3 \u201cgenerar nuevas estrategias de trabajo de manera remota, pero lo pudimos llevar a cabo, lo m\u00e1s importante es que nosotros creemos que fue bastante satisfactorio y quedamos motivados para seguir participando en las pr\u00f3ximas investigaciones\u201d.<\/p>\n<p style=\"text-align: justify\">El director del<strong> Proyecto Explora Coquimbo, Sergio Gonz\u00e1lez<\/strong>, reflexion\u00f3 frente al desarrollo de la jornada, que \u201chemos disfrutado de una excelente Feria Provincial Virtual del Limar\u00ed, de un trabajo muy lindo como el que hacen los docentes y estudiantes se unen para trabajar en equipo y levantar informaci\u00f3n sobre tem\u00e1ticas tan relevantes para la comunidad\u201d.<\/p>\n<p style=\"text-align: justify\">As\u00ed fue como el esfuerzo se vio reflejado en las investigaciones realizadas, que, siendo de manera remota lo lograron con \u00e9xito, entusiasmo y compromiso con la ciencia y educaci\u00f3n que se espera volver a presenciar en la \u00faltima, pero no menos importante, Feria Provincial de Ciencia y Tecnolog\u00eda que se efectuar\u00e1 para los equipos de la <strong>Provincia del Choapa<\/strong>, entre el 15 al 17 de diciembre.<\/p>\n<p><strong>Puedes ver las dos jornadas ac\u00e1: D\u00eda <a href=\"https:\/\/business.facebook.com\/explora.coquimbo\/videos\/3494937977238820\/\">martes<\/a> y <a href=\"https:\/\/business.facebook.com\/explora.coquimbo\/videos\/153250383153470\/\">mi\u00e9rcoles<\/a><\/strong><\/p>\n<p><a href=\"https:\/\/business.facebook.com\/explora.coquimbo\/videos\/2880644928884065\/\"><strong>Y la presentaci\u00f3n de la Dra. Sandra Ampuero:<\/strong><\/a><\/p>\n<p>&nbsp;<\/p>\n<p style=\"text-align: justify\">\n","protected":false},"excerpt":{"rendered":"<p>Limar\u00ed vibr\u00f3 con la ciencia que realizaron sus estudiantes y docentes<\/p>\n","protected":false},"author":21,"featured_media":41086,"comment_status":"open","ping_status":"open","sticky":false,"template":"","format":"standard","meta":{"_acf_changed":false,"_exactmetrics_skip_tracking":false,"_exactmetrics_sitenote_active":false,"_exactmetrics_sitenote_note":"","_exactmetrics_sitenote_category":0,"footnotes":"","_links_to":"","_links_to_target":""},"categories":[4],"tags":[],"class_list":["post-41085","post","type-post","status-publish","format-standard","has-post-thumbnail","hentry","category-noticias"],"acf":[],"yoast_head":"<!-- This site is optimized with the Yoast SEO plugin v26.9 - https:\/\/yoast.com\/product\/yoast-seo-wordpress\/ -->\n<title>Limar\u00ed vibr\u00f3 con la ciencia que realizaron sus estudiantes y docentes - Coquimbo<\/title>\n<meta name=\"robots\" content=\"index, follow, max-snippet:-1, max-image-preview:large, max-video-preview:-1\" \/>\n<link rel=\"canonical\" href=\"https:\/\/explora.cl\/coquimbo\/limari-vibro-con-la-ciencia-que-realizaron-sus-estudiantes-y-docentes\/\" class=\"yoast-seo-meta-tag\" \/>\n<meta property=\"og:locale\" content=\"es_ES\" class=\"yoast-seo-meta-tag\" \/>\n<meta property=\"og:type\" content=\"article\" class=\"yoast-seo-meta-tag\" \/>\n<meta property=\"og:title\" content=\"Limar\u00ed vibr\u00f3 con la ciencia que realizaron sus estudiantes y docentes - Coquimbo\" class=\"yoast-seo-meta-tag\" \/>\n<meta property=\"og:description\" content=\"Limar\u00ed vibr\u00f3 con la ciencia que realizaron sus estudiantes y docentes\" class=\"yoast-seo-meta-tag\" \/>\n<meta property=\"og:url\" content=\"https:\/\/explora.cl\/coquimbo\/limari-vibro-con-la-ciencia-que-realizaron-sus-estudiantes-y-docentes\/\" class=\"yoast-seo-meta-tag\" \/>\n<meta property=\"og:site_name\" content=\"Coquimbo\" class=\"yoast-seo-meta-tag\" \/>\n<meta property=\"article:published_time\" content=\"2020-11-19T22:33:53+00:00\" class=\"yoast-seo-meta-tag\" \/>\n<meta property=\"article:modified_time\" content=\"2020-12-01T20:26:25+00:00\" class=\"yoast-seo-meta-tag\" \/>\n<meta property=\"og:image\" content=\"https:\/\/explora.cl\/coquimbo\/wp-content\/uploads\/sites\/6\/2020\/11\/Imagen-referencial-1-.png\" class=\"yoast-seo-meta-tag\" \/>\n\t<meta property=\"og:image:width\" content=\"1366\" class=\"yoast-seo-meta-tag\" \/>\n\t<meta property=\"og:image:height\" content=\"768\" class=\"yoast-seo-meta-tag\" \/>\n\t<meta property=\"og:image:type\" content=\"image\/png\" class=\"yoast-seo-meta-tag\" \/>\n<meta name=\"author\" content=\"jimartin\" class=\"yoast-seo-meta-tag\" \/>\n<meta name=\"twitter:card\" content=\"summary_large_image\" class=\"yoast-seo-meta-tag\" \/>\n<meta name=\"twitter:label1\" content=\"Escrito por\" class=\"yoast-seo-meta-tag\" \/>\n\t<meta name=\"twitter:data1\" content=\"jimartin\" class=\"yoast-seo-meta-tag\" \/>\n\t<meta name=\"twitter:label2\" content=\"Tiempo estimado de lectura\" class=\"yoast-seo-meta-tag\" \/>\n\t<meta name=\"twitter:data2\" content=\"3 minutos\" class=\"yoast-seo-meta-tag\" \/>\n<script type=\"application\/ld+json\" class=\"yoast-schema-graph\">{\"@context\":\"https:\/\/schema.org\",\"@graph\":[{\"@type\":\"Article\",\"@id\":\"https:\/\/explora.cl\/coquimbo\/limari-vibro-con-la-ciencia-que-realizaron-sus-estudiantes-y-docentes\/#article\",\"isPartOf\":{\"@id\":\"https:\/\/explora.cl\/coquimbo\/limari-vibro-con-la-ciencia-que-realizaron-sus-estudiantes-y-docentes\/\"},\"author\":{\"name\":\"jimartin\",\"@id\":\"https:\/\/explora.cl\/coquimbo\/#\/schema\/person\/c171f405669e4e4f7e56a099200d2fe6\"},\"headline\":\"Limar\u00ed vibr\u00f3 con la ciencia que realizaron sus estudiantes y docentes\",\"datePublished\":\"2020-11-19T22:33:53+00:00\",\"dateModified\":\"2020-12-01T20:26:25+00:00\",\"mainEntityOfPage\":{\"@id\":\"https:\/\/explora.cl\/coquimbo\/limari-vibro-con-la-ciencia-que-realizaron-sus-estudiantes-y-docentes\/\"},\"wordCount\":653,\"commentCount\":0,\"publisher\":{\"@id\":\"https:\/\/explora.cl\/coquimbo\/#organization\"},\"image\":{\"@id\":\"https:\/\/explora.cl\/coquimbo\/limari-vibro-con-la-ciencia-que-realizaron-sus-estudiantes-y-docentes\/#primaryimage\"},\"thumbnailUrl\":\"https:\/\/explora.cl\/coquimbo\/wp-content\/uploads\/sites\/6\/2020\/11\/Imagen-referencial-1-.png\",\"articleSection\":[\"Noticias\"],\"inLanguage\":\"es-CL\",\"potentialAction\":[{\"@type\":\"CommentAction\",\"name\":\"Comment\",\"target\":[\"https:\/\/explora.cl\/coquimbo\/limari-vibro-con-la-ciencia-que-realizaron-sus-estudiantes-y-docentes\/#respond\"]}]},{\"@type\":\"WebPage\",\"@id\":\"https:\/\/explora.cl\/coquimbo\/limari-vibro-con-la-ciencia-que-realizaron-sus-estudiantes-y-docentes\/\",\"url\":\"https:\/\/explora.cl\/coquimbo\/limari-vibro-con-la-ciencia-que-realizaron-sus-estudiantes-y-docentes\/\",\"name\":\"Limar\u00ed vibr\u00f3 con la ciencia que realizaron sus estudiantes y docentes - Coquimbo\",\"isPartOf\":{\"@id\":\"https:\/\/explora.cl\/coquimbo\/#website\"},\"primaryImageOfPage\":{\"@id\":\"https:\/\/explora.cl\/coquimbo\/limari-vibro-con-la-ciencia-que-realizaron-sus-estudiantes-y-docentes\/#primaryimage\"},\"image\":{\"@id\":\"https:\/\/explora.cl\/coquimbo\/limari-vibro-con-la-ciencia-que-realizaron-sus-estudiantes-y-docentes\/#primaryimage\"},\"thumbnailUrl\":\"https:\/\/explora.cl\/coquimbo\/wp-content\/uploads\/sites\/6\/2020\/11\/Imagen-referencial-1-.png\",\"datePublished\":\"2020-11-19T22:33:53+00:00\",\"dateModified\":\"2020-12-01T20:26:25+00:00\",\"breadcrumb\":{\"@id\":\"https:\/\/explora.cl\/coquimbo\/limari-vibro-con-la-ciencia-que-realizaron-sus-estudiantes-y-docentes\/#breadcrumb\"},\"inLanguage\":\"es-CL\",\"potentialAction\":[{\"@type\":\"ReadAction\",\"target\":[\"https:\/\/explora.cl\/coquimbo\/limari-vibro-con-la-ciencia-que-realizaron-sus-estudiantes-y-docentes\/\"]}]},{\"@type\":\"ImageObject\",\"inLanguage\":\"es-CL\",\"@id\":\"https:\/\/explora.cl\/coquimbo\/limari-vibro-con-la-ciencia-que-realizaron-sus-estudiantes-y-docentes\/#primaryimage\",\"url\":\"https:\/\/explora.cl\/coquimbo\/wp-content\/uploads\/sites\/6\/2020\/11\/Imagen-referencial-1-.png\",\"contentUrl\":\"https:\/\/explora.cl\/coquimbo\/wp-content\/uploads\/sites\/6\/2020\/11\/Imagen-referencial-1-.png\",\"width\":1366,\"height\":768},{\"@type\":\"BreadcrumbList\",\"@id\":\"https:\/\/explora.cl\/coquimbo\/limari-vibro-con-la-ciencia-que-realizaron-sus-estudiantes-y-docentes\/#breadcrumb\",\"itemListElement\":[{\"@type\":\"ListItem\",\"position\":1,\"name\":\"Portada\",\"item\":\"https:\/\/explora.cl\/coquimbo\/\"},{\"@type\":\"ListItem\",\"position\":2,\"name\":\"Limar\u00ed vibr\u00f3 con la ciencia que realizaron sus estudiantes y docentes\"}]},{\"@type\":\"WebSite\",\"@id\":\"https:\/\/explora.cl\/coquimbo\/#website\",\"url\":\"https:\/\/explora.cl\/coquimbo\/\",\"name\":\"Coquimbo\",\"description\":\"Otro sitio m\u00e1s de explora.cl\",\"publisher\":{\"@id\":\"https:\/\/explora.cl\/coquimbo\/#organization\"},\"potentialAction\":[{\"@type\":\"SearchAction\",\"target\":{\"@type\":\"EntryPoint\",\"urlTemplate\":\"https:\/\/explora.cl\/coquimbo\/?s={search_term_string}\"},\"query-input\":{\"@type\":\"PropertyValueSpecification\",\"valueRequired\":true,\"valueName\":\"search_term_string\"}}],\"inLanguage\":\"es-CL\"},{\"@type\":\"Organization\",\"@id\":\"https:\/\/explora.cl\/coquimbo\/#organization\",\"name\":\"Coquimbo\",\"url\":\"https:\/\/explora.cl\/coquimbo\/\",\"logo\":{\"@type\":\"ImageObject\",\"inLanguage\":\"es-CL\",\"@id\":\"https:\/\/explora.cl\/coquimbo\/#\/schema\/logo\/image\/\",\"url\":\"https:\/\/explora.cl\/coquimbo\/wp-content\/uploads\/sites\/6\/2020\/08\/cropped-Mesa-de-trabajo-1-100.jpg\",\"contentUrl\":\"https:\/\/explora.cl\/coquimbo\/wp-content\/uploads\/sites\/6\/2020\/08\/cropped-Mesa-de-trabajo-1-100.jpg\",\"width\":615,\"height\":576,\"caption\":\"Coquimbo\"},\"image\":{\"@id\":\"https:\/\/explora.cl\/coquimbo\/#\/schema\/logo\/image\/\"}},{\"@type\":\"Person\",\"@id\":\"https:\/\/explora.cl\/coquimbo\/#\/schema\/person\/c171f405669e4e4f7e56a099200d2fe6\",\"name\":\"jimartin\",\"image\":{\"@type\":\"ImageObject\",\"inLanguage\":\"es-CL\",\"@id\":\"https:\/\/explora.cl\/coquimbo\/#\/schema\/person\/image\/\",\"url\":\"https:\/\/secure.gravatar.com\/avatar\/8dfd7d14443934731a5aea629f40c1aceb42cc8b566a9926567e833c9d22b643?s=96&d=mm&r=g\",\"contentUrl\":\"https:\/\/secure.gravatar.com\/avatar\/8dfd7d14443934731a5aea629f40c1aceb42cc8b566a9926567e833c9d22b643?s=96&d=mm&r=g\",\"caption\":\"jimartin\"},\"url\":\"https:\/\/explora.cl\/coquimbo\/author\/jimartin\/\"}]}<\/script>\n<!-- \/ Yoast SEO plugin. -->","yoast_head_json":{"title":"Limar\u00ed vibr\u00f3 con la ciencia que realizaron sus estudiantes y docentes - Coquimbo","robots":{"index":"index","follow":"follow","max-snippet":"max-snippet:-1","max-image-preview":"max-image-preview:large","max-video-preview":"max-video-preview:-1"},"canonical":"https:\/\/explora.cl\/coquimbo\/limari-vibro-con-la-ciencia-que-realizaron-sus-estudiantes-y-docentes\/","og_locale":"es_ES","og_type":"article","og_title":"Limar\u00ed vibr\u00f3 con la ciencia que realizaron sus estudiantes y docentes - Coquimbo","og_description":"Limar\u00ed vibr\u00f3 con la ciencia que realizaron sus estudiantes y docentes","og_url":"https:\/\/explora.cl\/coquimbo\/limari-vibro-con-la-ciencia-que-realizaron-sus-estudiantes-y-docentes\/","og_site_name":"Coquimbo","article_published_time":"2020-11-19T22:33:53+00:00","article_modified_time":"2020-12-01T20:26:25+00:00","og_image":[{"width":1366,"height":768,"url":"https:\/\/explora.cl\/coquimbo\/wp-content\/uploads\/sites\/6\/2020\/11\/Imagen-referencial-1-.png","type":"image\/png"}],"author":"jimartin","twitter_card":"summary_large_image","twitter_misc":{"Escrito por":"jimartin","Tiempo estimado de lectura":"3 minutos"},"schema":{"@context":"https:\/\/schema.org","@graph":[{"@type":"Article","@id":"https:\/\/explora.cl\/coquimbo\/limari-vibro-con-la-ciencia-que-realizaron-sus-estudiantes-y-docentes\/#article","isPartOf":{"@id":"https:\/\/explora.cl\/coquimbo\/limari-vibro-con-la-ciencia-que-realizaron-sus-estudiantes-y-docentes\/"},"author":{"name":"jimartin","@id":"https:\/\/explora.cl\/coquimbo\/#\/schema\/person\/c171f405669e4e4f7e56a099200d2fe6"},"headline":"Limar\u00ed vibr\u00f3 con la ciencia que realizaron sus estudiantes y docentes","datePublished":"2020-11-19T22:33:53+00:00","dateModified":"2020-12-01T20:26:25+00:00","mainEntityOfPage":{"@id":"https:\/\/explora.cl\/coquimbo\/limari-vibro-con-la-ciencia-que-realizaron-sus-estudiantes-y-docentes\/"},"wordCount":653,"commentCount":0,"publisher":{"@id":"https:\/\/explora.cl\/coquimbo\/#organization"},"image":{"@id":"https:\/\/explora.cl\/coquimbo\/limari-vibro-con-la-ciencia-que-realizaron-sus-estudiantes-y-docentes\/#primaryimage"},"thumbnailUrl":"https:\/\/explora.cl\/coquimbo\/wp-content\/uploads\/sites\/6\/2020\/11\/Imagen-referencial-1-.png","articleSection":["Noticias"],"inLanguage":"es-CL","potentialAction":[{"@type":"CommentAction","name":"Comment","target":["https:\/\/explora.cl\/coquimbo\/limari-vibro-con-la-ciencia-que-realizaron-sus-estudiantes-y-docentes\/#respond"]}]},{"@type":"WebPage","@id":"https:\/\/explora.cl\/coquimbo\/limari-vibro-con-la-ciencia-que-realizaron-sus-estudiantes-y-docentes\/","url":"https:\/\/explora.cl\/coquimbo\/limari-vibro-con-la-ciencia-que-realizaron-sus-estudiantes-y-docentes\/","name":"Limar\u00ed vibr\u00f3 con la ciencia que realizaron sus estudiantes y docentes - Coquimbo","isPartOf":{"@id":"https:\/\/explora.cl\/coquimbo\/#website"},"primaryImageOfPage":{"@id":"https:\/\/explora.cl\/coquimbo\/limari-vibro-con-la-ciencia-que-realizaron-sus-estudiantes-y-docentes\/#primaryimage"},"image":{"@id":"https:\/\/explora.cl\/coquimbo\/limari-vibro-con-la-ciencia-que-realizaron-sus-estudiantes-y-docentes\/#primaryimage"},"thumbnailUrl":"https:\/\/explora.cl\/coquimbo\/wp-content\/uploads\/sites\/6\/2020\/11\/Imagen-referencial-1-.png","datePublished":"2020-11-19T22:33:53+00:00","dateModified":"2020-12-01T20:26:25+00:00","breadcrumb":{"@id":"https:\/\/explora.cl\/coquimbo\/limari-vibro-con-la-ciencia-que-realizaron-sus-estudiantes-y-docentes\/#breadcrumb"},"inLanguage":"es-CL","potentialAction":[{"@type":"ReadAction","target":["https:\/\/explora.cl\/coquimbo\/limari-vibro-con-la-ciencia-que-realizaron-sus-estudiantes-y-docentes\/"]}]},{"@type":"ImageObject","inLanguage":"es-CL","@id":"https:\/\/explora.cl\/coquimbo\/limari-vibro-con-la-ciencia-que-realizaron-sus-estudiantes-y-docentes\/#primaryimage","url":"https:\/\/explora.cl\/coquimbo\/wp-content\/uploads\/sites\/6\/2020\/11\/Imagen-referencial-1-.png","contentUrl":"https:\/\/explora.cl\/coquimbo\/wp-content\/uploads\/sites\/6\/2020\/11\/Imagen-referencial-1-.png","width":1366,"height":768},{"@type":"BreadcrumbList","@id":"https:\/\/explora.cl\/coquimbo\/limari-vibro-con-la-ciencia-que-realizaron-sus-estudiantes-y-docentes\/#breadcrumb","itemListElement":[{"@type":"ListItem","position":1,"name":"Portada","item":"https:\/\/explora.cl\/coquimbo\/"},{"@type":"ListItem","position":2,"name":"Limar\u00ed vibr\u00f3 con la ciencia que realizaron sus estudiantes y docentes"}]},{"@type":"WebSite","@id":"https:\/\/explora.cl\/coquimbo\/#website","url":"https:\/\/explora.cl\/coquimbo\/","name":"Coquimbo","description":"Otro sitio m\u00e1s de explora.cl","publisher":{"@id":"https:\/\/explora.cl\/coquimbo\/#organization"},"potentialAction":[{"@type":"SearchAction","target":{"@type":"EntryPoint","urlTemplate":"https:\/\/explora.cl\/coquimbo\/?s={search_term_string}"},"query-input":{"@type":"PropertyValueSpecification","valueRequired":true,"valueName":"search_term_string"}}],"inLanguage":"es-CL"},{"@type":"Organization","@id":"https:\/\/explora.cl\/coquimbo\/#organization","name":"Coquimbo","url":"https:\/\/explora.cl\/coquimbo\/","logo":{"@type":"ImageObject","inLanguage":"es-CL","@id":"https:\/\/explora.cl\/coquimbo\/#\/schema\/logo\/image\/","url":"https:\/\/explora.cl\/coquimbo\/wp-content\/uploads\/sites\/6\/2020\/08\/cropped-Mesa-de-trabajo-1-100.jpg","contentUrl":"https:\/\/explora.cl\/coquimbo\/wp-content\/uploads\/sites\/6\/2020\/08\/cropped-Mesa-de-trabajo-1-100.jpg","width":615,"height":576,"caption":"Coquimbo"},"image":{"@id":"https:\/\/explora.cl\/coquimbo\/#\/schema\/logo\/image\/"}},{"@type":"Person","@id":"https:\/\/explora.cl\/coquimbo\/#\/schema\/person\/c171f405669e4e4f7e56a099200d2fe6","name":"jimartin","image":{"@type":"ImageObject","inLanguage":"es-CL","@id":"https:\/\/explora.cl\/coquimbo\/#\/schema\/person\/image\/","url":"https:\/\/secure.gravatar.com\/avatar\/8dfd7d14443934731a5aea629f40c1aceb42cc8b566a9926567e833c9d22b643?s=96&d=mm&r=g","contentUrl":"https:\/\/secure.gravatar.com\/avatar\/8dfd7d14443934731a5aea629f40c1aceb42cc8b566a9926567e833c9d22b643?s=96&d=mm&r=g","caption":"jimartin"},"url":"https:\/\/explora.cl\/coquimbo\/author\/jimartin\/"}]}},"_links":{"self":[{"href":"https:\/\/explora.cl\/coquimbo\/wp-json\/wp\/v2\/posts\/41085","targetHints":{"allow":["GET"]}}],"collection":[{"href":"https:\/\/explora.cl\/coquimbo\/wp-json\/wp\/v2\/posts"}],"about":[{"href":"https:\/\/explora.cl\/coquimbo\/wp-json\/wp\/v2\/types\/post"}],"author":[{"embeddable":true,"href":"https:\/\/explora.cl\/coquimbo\/wp-json\/wp\/v2\/users\/21"}],"replies":[{"embeddable":true,"href":"https:\/\/explora.cl\/coquimbo\/wp-json\/wp\/v2\/comments?post=41085"}],"version-history":[{"count":3,"href":"https:\/\/explora.cl\/coquimbo\/wp-json\/wp\/v2\/posts\/41085\/revisions"}],"predecessor-version":[{"id":41089,"href":"https:\/\/explora.cl\/coquimbo\/wp-json\/wp\/v2\/posts\/41085\/revisions\/41089"}],"wp:featuredmedia":[{"embeddable":true,"href":"https:\/\/explora.cl\/coquimbo\/wp-json\/wp\/v2\/media\/41086"}],"wp:attachment":[{"href":"https:\/\/explora.cl\/coquimbo\/wp-json\/wp\/v2\/media?parent=41085"}],"wp:term":[{"taxonomy":"category","embeddable":true,"href":"https:\/\/explora.cl\/coquimbo\/wp-json\/wp\/v2\/categories?post=41085"},{"taxonomy":"post_tag","embeddable":true,"href":"https:\/\/explora.cl\/coquimbo\/wp-json\/wp\/v2\/tags?post=41085"}],"curies":[{"name":"wp","href":"https:\/\/api.w.org\/{rel}","templated":true}]}}