{"id":40942,"date":"2020-10-27T14:24:42","date_gmt":"2020-10-27T17:24:42","guid":{"rendered":"https:\/\/explora.cl\/coquimbo\/?p=40942"},"modified":"2020-11-04T16:58:57","modified_gmt":"2020-11-04T19:58:57","slug":"exitosa-feria-escolar-virtual-reunio-a-50-estudiantes-expositores-de-la-provincia-de-elqui","status":"publish","type":"post","link":"https:\/\/explora.cl\/coquimbo\/exitosa-feria-escolar-virtual-reunio-a-50-estudiantes-expositores-de-la-provincia-de-elqui\/","title":{"rendered":"Exitosa Feria escolar virtual reuni\u00f3 a 50 estudiantes expositores de la Provincia de Elqui"},"content":{"rendered":"<p style=\"text-align: justify\"><strong>Evento congreg\u00f3 a establecimientos de las comunas de La Serena, Coquimbo, Vicu\u00f1a y La Higuera.<\/strong><\/p>\n<p style=\"text-align: justify\">Del 20 al 22 de octubre se realiz\u00f3 la <strong>Feria Provincial Escolar de la Ciencia y la Tecnolog\u00eda, Elqui 2020<\/strong>, evento que debido a la pandemia este a\u00f1o se realiz\u00f3 por primera vez de forma remota. En la instancia participaron 18 equipos compuestos por cerca de 50 estudiantes de la zona, quienes mostraron los resultados de sus investigaciones cient\u00edficas escolares a la comunidad, en este espacio de divulgaci\u00f3n y socializaci\u00f3n cient\u00edfica.<\/p>\n<p style=\"text-align: justify\">Todos los proyectos fueron dirigidos por docentes de los establecimientos y asesorados por cient\u00edficos y cient\u00edficas que colaboraron en la tarea. Adem\u00e1s, durante las presentaciones, estos asesores fueron los encargados de realizar preguntas a los grupos, quienes adem\u00e1s respondieron las consultas realizadas por el p\u00fablico.<\/p>\n<p style=\"text-align: justify\">El principal protagonista de los trabajos presentados en las dos primeras jornadas fue el Covid 19, donde destacaron investigaciones como la del colegio <strong>Jos\u00e9 Agust\u00edn Alfaro de Coquimbo<\/strong> con su proyecto titulado \u201celaboraci\u00f3n de Mascarilla Biodegradables a partir de pieles de frutas y verduras\u201d. Otro proyecto llamativo fue el de \u201cestr\u00e9s postraum\u00e1tico por Covid 19\u201d de los alumnos de la <strong>escuela especial Kreativitas de La Serena<\/strong>. Desde Vicu\u00f1a, los estudiantes de <strong>Escuela R\u00edos de Elqui,<\/strong> presentaron su trabajo \u201cSue\u00f1o, Pandemia y Aprendizaje\u201d. Adem\u00e1s, los estudiantes pudieron conocer un poco m\u00e1s sobre los Virus, con la presentaci\u00f3n de la Dra. Marcela Gatica de la Universidad de La Serena.<img fetchpriority=\"high\" decoding=\"async\" class=\"wp-image-40943 alignright\" src=\"https:\/\/explora.cl\/coquimbo\/wp-content\/uploads\/sites\/6\/2020\/10\/Saint-Mary--1024x576.jpg\" alt=\"\" width=\"391\" height=\"220\" srcset=\"https:\/\/explora.cl\/coquimbo\/wp-content\/uploads\/sites\/6\/2020\/10\/Saint-Mary--1024x576.jpg 1024w, https:\/\/explora.cl\/coquimbo\/wp-content\/uploads\/sites\/6\/2020\/10\/Saint-Mary--300x169.jpg 300w, https:\/\/explora.cl\/coquimbo\/wp-content\/uploads\/sites\/6\/2020\/10\/Saint-Mary--768x432.jpg 768w, https:\/\/explora.cl\/coquimbo\/wp-content\/uploads\/sites\/6\/2020\/10\/Saint-Mary-.jpg 1366w\" sizes=\"(max-width: 391px) 100vw, 391px\" \/><\/p>\n<p style=\"text-align: justify\">En la tercera jornada se realizaron actividades de socializaci\u00f3n, en donde los participantes fueron comentando sus experiencias, sus principales desaf\u00edos y dificultades en esta nueva modalidad de realizar investigaciones online. Al respecto, el <strong>docente Juan Luis Cruz del Colegio Serena<\/strong> comenta que \u201cla investigaci\u00f3n que realizamos con los alumnos tiene que ver con la contaminaci\u00f3n lum\u00ednica\u2026descubrimos un mont\u00f3n de problemas asociados a la naturaleza, a las personas, as\u00ed que se volvi\u00f3 un tema super interesante y que obviamente debe continuar y nuestra intenci\u00f3n finalmente es poder generar en la regi\u00f3n un tema cultural con respecto al cuidado de los cielos\u201d.<\/p>\n<p style=\"text-align: justify\">Por su parte, <strong>el alumno Jos\u00e9 Collao<\/strong> relat\u00f3 sentirse satisfecho con su trabajo asociado a mascarillas reutilizables, ya que pudieron junto a su grupo \u201cdarle un uso a la investigaci\u00f3n por eso mis compa\u00f1eros pusieron que estamos trabajando para usted porque nosotros estamos investigando como podemos utilizar la mascarilla y para que esta se desintegre m\u00e1s r\u00e1pido\u201d.<\/p>\n<p style=\"text-align: justify\"><strong>El estudiante Nabil Haddad<\/strong> afirm\u00f3 que quiere continuar con su tarea ya que \u201creci\u00e9n nosotros pudimos confirmar nuestra hip\u00f3tesis y yo creo que eso es como casi el inicio de nuestra investigaci\u00f3n porque por ejemplo nosotros ahora tenemos la idea de poder hacer un visor en el que podamos representar los casos Covid e ir actualiz\u00e1ndolos por cada vez que suban los casos\u201d.<\/p>\n<p style=\"text-align: justify\">El<strong>\u00a0director del Proyecto Explora Coquimbo, Sergio Gonz\u00e1lez<\/strong>, se\u00f1al\u00f3 que \u201ccon nuestra feria provincial virtual del Elqui estamos cerrando un proceso de muchos esfuerzos, donde una treintena de equipos de investigaci\u00f3n cient\u00edfica escolar en la Regi\u00f3n, han ido desarrollando distintos tipos de investigaciones, estamos muy contentos con el trabajo que realizaron los profesores y estudiantes y esperamos que pronto tenerlos a todos y todas en una nueva instancia de investigaci\u00f3n cient\u00edfica\u201d.<\/p>\n<p style=\"text-align: justify\">Durante el mes de noviembre las Ferias Provinciales continuar\u00e1n, cuando <strong>desde el 17 al 19<\/strong> se realice el encuentro con los estudiantes y docentes <strong>del Limar\u00ed,<\/strong> para finalizar todo entre el <strong>15 al 17 de diciembre con la Feria de Choapa.<\/strong><\/p>\n<p style=\"text-align: justify\"><strong>Nota por Lorena Mu\u00f1oz Bustamante<\/strong><\/p>\n<p>&nbsp;<\/p>\n<p>&nbsp;<\/p>\n","protected":false},"excerpt":{"rendered":"<p> Exitosa Feria escolar virtual reuni\u00f3 a 50 estudiantes expositores de la Provincia de Elqui <\/p>\n","protected":false},"author":21,"featured_media":40944,"comment_status":"open","ping_status":"open","sticky":false,"template":"","format":"standard","meta":{"_acf_changed":false,"_exactmetrics_skip_tracking":false,"_exactmetrics_sitenote_active":false,"_exactmetrics_sitenote_note":"","_exactmetrics_sitenote_category":0,"footnotes":"","_links_to":"","_links_to_target":""},"categories":[4],"tags":[],"class_list":["post-40942","post","type-post","status-publish","format-standard","has-post-thumbnail","hentry","category-noticias"],"acf":[],"yoast_head":"<!-- This site is optimized with the Yoast SEO plugin v26.9 - https:\/\/yoast.com\/product\/yoast-seo-wordpress\/ -->\n<title>Exitosa Feria escolar virtual reuni\u00f3 a 50 estudiantes expositores de la Provincia de Elqui - Coquimbo<\/title>\n<meta name=\"robots\" content=\"index, follow, max-snippet:-1, max-image-preview:large, max-video-preview:-1\" \/>\n<link rel=\"canonical\" href=\"https:\/\/explora.cl\/coquimbo\/exitosa-feria-escolar-virtual-reunio-a-50-estudiantes-expositores-de-la-provincia-de-elqui\/\" class=\"yoast-seo-meta-tag\" \/>\n<meta property=\"og:locale\" content=\"es_ES\" class=\"yoast-seo-meta-tag\" \/>\n<meta property=\"og:type\" content=\"article\" class=\"yoast-seo-meta-tag\" \/>\n<meta property=\"og:title\" content=\"Exitosa Feria escolar virtual reuni\u00f3 a 50 estudiantes expositores de la Provincia de Elqui - Coquimbo\" class=\"yoast-seo-meta-tag\" \/>\n<meta property=\"og:description\" content=\"Exitosa Feria escolar virtual reuni\u00f3 a 50 estudiantes expositores de la Provincia de Elqui\" class=\"yoast-seo-meta-tag\" \/>\n<meta property=\"og:url\" content=\"https:\/\/explora.cl\/coquimbo\/exitosa-feria-escolar-virtual-reunio-a-50-estudiantes-expositores-de-la-provincia-de-elqui\/\" class=\"yoast-seo-meta-tag\" \/>\n<meta property=\"og:site_name\" content=\"Coquimbo\" class=\"yoast-seo-meta-tag\" \/>\n<meta property=\"article:published_time\" content=\"2020-10-27T17:24:42+00:00\" class=\"yoast-seo-meta-tag\" \/>\n<meta property=\"article:modified_time\" content=\"2020-11-04T19:58:57+00:00\" class=\"yoast-seo-meta-tag\" \/>\n<meta property=\"og:image\" content=\"https:\/\/explora.cl\/coquimbo\/wp-content\/uploads\/sites\/6\/2020\/10\/Saludo.jpg\" class=\"yoast-seo-meta-tag\" \/>\n\t<meta property=\"og:image:width\" content=\"1366\" class=\"yoast-seo-meta-tag\" \/>\n\t<meta property=\"og:image:height\" content=\"768\" class=\"yoast-seo-meta-tag\" \/>\n\t<meta property=\"og:image:type\" content=\"image\/jpeg\" class=\"yoast-seo-meta-tag\" \/>\n<meta name=\"author\" content=\"jimartin\" class=\"yoast-seo-meta-tag\" \/>\n<meta name=\"twitter:card\" content=\"summary_large_image\" class=\"yoast-seo-meta-tag\" \/>\n<meta name=\"twitter:label1\" content=\"Escrito por\" class=\"yoast-seo-meta-tag\" \/>\n\t<meta name=\"twitter:data1\" content=\"jimartin\" class=\"yoast-seo-meta-tag\" \/>\n\t<meta name=\"twitter:label2\" content=\"Tiempo estimado de lectura\" class=\"yoast-seo-meta-tag\" \/>\n\t<meta name=\"twitter:data2\" content=\"3 minutos\" class=\"yoast-seo-meta-tag\" \/>\n<script type=\"application\/ld+json\" class=\"yoast-schema-graph\">{\"@context\":\"https:\/\/schema.org\",\"@graph\":[{\"@type\":\"Article\",\"@id\":\"https:\/\/explora.cl\/coquimbo\/exitosa-feria-escolar-virtual-reunio-a-50-estudiantes-expositores-de-la-provincia-de-elqui\/#article\",\"isPartOf\":{\"@id\":\"https:\/\/explora.cl\/coquimbo\/exitosa-feria-escolar-virtual-reunio-a-50-estudiantes-expositores-de-la-provincia-de-elqui\/\"},\"author\":{\"name\":\"jimartin\",\"@id\":\"https:\/\/explora.cl\/coquimbo\/#\/schema\/person\/c171f405669e4e4f7e56a099200d2fe6\"},\"headline\":\"Exitosa Feria escolar virtual reuni\u00f3 a 50 estudiantes expositores de la Provincia de Elqui\",\"datePublished\":\"2020-10-27T17:24:42+00:00\",\"dateModified\":\"2020-11-04T19:58:57+00:00\",\"mainEntityOfPage\":{\"@id\":\"https:\/\/explora.cl\/coquimbo\/exitosa-feria-escolar-virtual-reunio-a-50-estudiantes-expositores-de-la-provincia-de-elqui\/\"},\"wordCount\":627,\"commentCount\":0,\"publisher\":{\"@id\":\"https:\/\/explora.cl\/coquimbo\/#organization\"},\"image\":{\"@id\":\"https:\/\/explora.cl\/coquimbo\/exitosa-feria-escolar-virtual-reunio-a-50-estudiantes-expositores-de-la-provincia-de-elqui\/#primaryimage\"},\"thumbnailUrl\":\"https:\/\/explora.cl\/coquimbo\/wp-content\/uploads\/sites\/6\/2020\/10\/Saludo.jpg\",\"articleSection\":[\"Noticias\"],\"inLanguage\":\"es-CL\",\"potentialAction\":[{\"@type\":\"CommentAction\",\"name\":\"Comment\",\"target\":[\"https:\/\/explora.cl\/coquimbo\/exitosa-feria-escolar-virtual-reunio-a-50-estudiantes-expositores-de-la-provincia-de-elqui\/#respond\"]}]},{\"@type\":\"WebPage\",\"@id\":\"https:\/\/explora.cl\/coquimbo\/exitosa-feria-escolar-virtual-reunio-a-50-estudiantes-expositores-de-la-provincia-de-elqui\/\",\"url\":\"https:\/\/explora.cl\/coquimbo\/exitosa-feria-escolar-virtual-reunio-a-50-estudiantes-expositores-de-la-provincia-de-elqui\/\",\"name\":\"Exitosa Feria escolar virtual reuni\u00f3 a 50 estudiantes expositores de la Provincia de Elqui - Coquimbo\",\"isPartOf\":{\"@id\":\"https:\/\/explora.cl\/coquimbo\/#website\"},\"primaryImageOfPage\":{\"@id\":\"https:\/\/explora.cl\/coquimbo\/exitosa-feria-escolar-virtual-reunio-a-50-estudiantes-expositores-de-la-provincia-de-elqui\/#primaryimage\"},\"image\":{\"@id\":\"https:\/\/explora.cl\/coquimbo\/exitosa-feria-escolar-virtual-reunio-a-50-estudiantes-expositores-de-la-provincia-de-elqui\/#primaryimage\"},\"thumbnailUrl\":\"https:\/\/explora.cl\/coquimbo\/wp-content\/uploads\/sites\/6\/2020\/10\/Saludo.jpg\",\"datePublished\":\"2020-10-27T17:24:42+00:00\",\"dateModified\":\"2020-11-04T19:58:57+00:00\",\"breadcrumb\":{\"@id\":\"https:\/\/explora.cl\/coquimbo\/exitosa-feria-escolar-virtual-reunio-a-50-estudiantes-expositores-de-la-provincia-de-elqui\/#breadcrumb\"},\"inLanguage\":\"es-CL\",\"potentialAction\":[{\"@type\":\"ReadAction\",\"target\":[\"https:\/\/explora.cl\/coquimbo\/exitosa-feria-escolar-virtual-reunio-a-50-estudiantes-expositores-de-la-provincia-de-elqui\/\"]}]},{\"@type\":\"ImageObject\",\"inLanguage\":\"es-CL\",\"@id\":\"https:\/\/explora.cl\/coquimbo\/exitosa-feria-escolar-virtual-reunio-a-50-estudiantes-expositores-de-la-provincia-de-elqui\/#primaryimage\",\"url\":\"https:\/\/explora.cl\/coquimbo\/wp-content\/uploads\/sites\/6\/2020\/10\/Saludo.jpg\",\"contentUrl\":\"https:\/\/explora.cl\/coquimbo\/wp-content\/uploads\/sites\/6\/2020\/10\/Saludo.jpg\",\"width\":1366,\"height\":768},{\"@type\":\"BreadcrumbList\",\"@id\":\"https:\/\/explora.cl\/coquimbo\/exitosa-feria-escolar-virtual-reunio-a-50-estudiantes-expositores-de-la-provincia-de-elqui\/#breadcrumb\",\"itemListElement\":[{\"@type\":\"ListItem\",\"position\":1,\"name\":\"Portada\",\"item\":\"https:\/\/explora.cl\/coquimbo\/\"},{\"@type\":\"ListItem\",\"position\":2,\"name\":\"Exitosa Feria escolar virtual reuni\u00f3 a 50 estudiantes expositores de la Provincia de Elqui\"}]},{\"@type\":\"WebSite\",\"@id\":\"https:\/\/explora.cl\/coquimbo\/#website\",\"url\":\"https:\/\/explora.cl\/coquimbo\/\",\"name\":\"Coquimbo\",\"description\":\"Otro sitio m\u00e1s de explora.cl\",\"publisher\":{\"@id\":\"https:\/\/explora.cl\/coquimbo\/#organization\"},\"potentialAction\":[{\"@type\":\"SearchAction\",\"target\":{\"@type\":\"EntryPoint\",\"urlTemplate\":\"https:\/\/explora.cl\/coquimbo\/?s={search_term_string}\"},\"query-input\":{\"@type\":\"PropertyValueSpecification\",\"valueRequired\":true,\"valueName\":\"search_term_string\"}}],\"inLanguage\":\"es-CL\"},{\"@type\":\"Organization\",\"@id\":\"https:\/\/explora.cl\/coquimbo\/#organization\",\"name\":\"Coquimbo\",\"url\":\"https:\/\/explora.cl\/coquimbo\/\",\"logo\":{\"@type\":\"ImageObject\",\"inLanguage\":\"es-CL\",\"@id\":\"https:\/\/explora.cl\/coquimbo\/#\/schema\/logo\/image\/\",\"url\":\"https:\/\/explora.cl\/coquimbo\/wp-content\/uploads\/sites\/6\/2020\/08\/cropped-Mesa-de-trabajo-1-100.jpg\",\"contentUrl\":\"https:\/\/explora.cl\/coquimbo\/wp-content\/uploads\/sites\/6\/2020\/08\/cropped-Mesa-de-trabajo-1-100.jpg\",\"width\":615,\"height\":576,\"caption\":\"Coquimbo\"},\"image\":{\"@id\":\"https:\/\/explora.cl\/coquimbo\/#\/schema\/logo\/image\/\"}},{\"@type\":\"Person\",\"@id\":\"https:\/\/explora.cl\/coquimbo\/#\/schema\/person\/c171f405669e4e4f7e56a099200d2fe6\",\"name\":\"jimartin\",\"image\":{\"@type\":\"ImageObject\",\"inLanguage\":\"es-CL\",\"@id\":\"https:\/\/explora.cl\/coquimbo\/#\/schema\/person\/image\/\",\"url\":\"https:\/\/secure.gravatar.com\/avatar\/8dfd7d14443934731a5aea629f40c1aceb42cc8b566a9926567e833c9d22b643?s=96&d=mm&r=g\",\"contentUrl\":\"https:\/\/secure.gravatar.com\/avatar\/8dfd7d14443934731a5aea629f40c1aceb42cc8b566a9926567e833c9d22b643?s=96&d=mm&r=g\",\"caption\":\"jimartin\"},\"url\":\"https:\/\/explora.cl\/coquimbo\/author\/jimartin\/\"}]}<\/script>\n<!-- \/ Yoast SEO plugin. -->","yoast_head_json":{"title":"Exitosa Feria escolar virtual reuni\u00f3 a 50 estudiantes expositores de la Provincia de Elqui - Coquimbo","robots":{"index":"index","follow":"follow","max-snippet":"max-snippet:-1","max-image-preview":"max-image-preview:large","max-video-preview":"max-video-preview:-1"},"canonical":"https:\/\/explora.cl\/coquimbo\/exitosa-feria-escolar-virtual-reunio-a-50-estudiantes-expositores-de-la-provincia-de-elqui\/","og_locale":"es_ES","og_type":"article","og_title":"Exitosa Feria escolar virtual reuni\u00f3 a 50 estudiantes expositores de la Provincia de Elqui - Coquimbo","og_description":"Exitosa Feria escolar virtual reuni\u00f3 a 50 estudiantes expositores de la Provincia de Elqui","og_url":"https:\/\/explora.cl\/coquimbo\/exitosa-feria-escolar-virtual-reunio-a-50-estudiantes-expositores-de-la-provincia-de-elqui\/","og_site_name":"Coquimbo","article_published_time":"2020-10-27T17:24:42+00:00","article_modified_time":"2020-11-04T19:58:57+00:00","og_image":[{"width":1366,"height":768,"url":"https:\/\/explora.cl\/coquimbo\/wp-content\/uploads\/sites\/6\/2020\/10\/Saludo.jpg","type":"image\/jpeg"}],"author":"jimartin","twitter_card":"summary_large_image","twitter_misc":{"Escrito por":"jimartin","Tiempo estimado de lectura":"3 minutos"},"schema":{"@context":"https:\/\/schema.org","@graph":[{"@type":"Article","@id":"https:\/\/explora.cl\/coquimbo\/exitosa-feria-escolar-virtual-reunio-a-50-estudiantes-expositores-de-la-provincia-de-elqui\/#article","isPartOf":{"@id":"https:\/\/explora.cl\/coquimbo\/exitosa-feria-escolar-virtual-reunio-a-50-estudiantes-expositores-de-la-provincia-de-elqui\/"},"author":{"name":"jimartin","@id":"https:\/\/explora.cl\/coquimbo\/#\/schema\/person\/c171f405669e4e4f7e56a099200d2fe6"},"headline":"Exitosa Feria escolar virtual reuni\u00f3 a 50 estudiantes expositores de la Provincia de Elqui","datePublished":"2020-10-27T17:24:42+00:00","dateModified":"2020-11-04T19:58:57+00:00","mainEntityOfPage":{"@id":"https:\/\/explora.cl\/coquimbo\/exitosa-feria-escolar-virtual-reunio-a-50-estudiantes-expositores-de-la-provincia-de-elqui\/"},"wordCount":627,"commentCount":0,"publisher":{"@id":"https:\/\/explora.cl\/coquimbo\/#organization"},"image":{"@id":"https:\/\/explora.cl\/coquimbo\/exitosa-feria-escolar-virtual-reunio-a-50-estudiantes-expositores-de-la-provincia-de-elqui\/#primaryimage"},"thumbnailUrl":"https:\/\/explora.cl\/coquimbo\/wp-content\/uploads\/sites\/6\/2020\/10\/Saludo.jpg","articleSection":["Noticias"],"inLanguage":"es-CL","potentialAction":[{"@type":"CommentAction","name":"Comment","target":["https:\/\/explora.cl\/coquimbo\/exitosa-feria-escolar-virtual-reunio-a-50-estudiantes-expositores-de-la-provincia-de-elqui\/#respond"]}]},{"@type":"WebPage","@id":"https:\/\/explora.cl\/coquimbo\/exitosa-feria-escolar-virtual-reunio-a-50-estudiantes-expositores-de-la-provincia-de-elqui\/","url":"https:\/\/explora.cl\/coquimbo\/exitosa-feria-escolar-virtual-reunio-a-50-estudiantes-expositores-de-la-provincia-de-elqui\/","name":"Exitosa Feria escolar virtual reuni\u00f3 a 50 estudiantes expositores de la Provincia de Elqui - Coquimbo","isPartOf":{"@id":"https:\/\/explora.cl\/coquimbo\/#website"},"primaryImageOfPage":{"@id":"https:\/\/explora.cl\/coquimbo\/exitosa-feria-escolar-virtual-reunio-a-50-estudiantes-expositores-de-la-provincia-de-elqui\/#primaryimage"},"image":{"@id":"https:\/\/explora.cl\/coquimbo\/exitosa-feria-escolar-virtual-reunio-a-50-estudiantes-expositores-de-la-provincia-de-elqui\/#primaryimage"},"thumbnailUrl":"https:\/\/explora.cl\/coquimbo\/wp-content\/uploads\/sites\/6\/2020\/10\/Saludo.jpg","datePublished":"2020-10-27T17:24:42+00:00","dateModified":"2020-11-04T19:58:57+00:00","breadcrumb":{"@id":"https:\/\/explora.cl\/coquimbo\/exitosa-feria-escolar-virtual-reunio-a-50-estudiantes-expositores-de-la-provincia-de-elqui\/#breadcrumb"},"inLanguage":"es-CL","potentialAction":[{"@type":"ReadAction","target":["https:\/\/explora.cl\/coquimbo\/exitosa-feria-escolar-virtual-reunio-a-50-estudiantes-expositores-de-la-provincia-de-elqui\/"]}]},{"@type":"ImageObject","inLanguage":"es-CL","@id":"https:\/\/explora.cl\/coquimbo\/exitosa-feria-escolar-virtual-reunio-a-50-estudiantes-expositores-de-la-provincia-de-elqui\/#primaryimage","url":"https:\/\/explora.cl\/coquimbo\/wp-content\/uploads\/sites\/6\/2020\/10\/Saludo.jpg","contentUrl":"https:\/\/explora.cl\/coquimbo\/wp-content\/uploads\/sites\/6\/2020\/10\/Saludo.jpg","width":1366,"height":768},{"@type":"BreadcrumbList","@id":"https:\/\/explora.cl\/coquimbo\/exitosa-feria-escolar-virtual-reunio-a-50-estudiantes-expositores-de-la-provincia-de-elqui\/#breadcrumb","itemListElement":[{"@type":"ListItem","position":1,"name":"Portada","item":"https:\/\/explora.cl\/coquimbo\/"},{"@type":"ListItem","position":2,"name":"Exitosa Feria escolar virtual reuni\u00f3 a 50 estudiantes expositores de la Provincia de Elqui"}]},{"@type":"WebSite","@id":"https:\/\/explora.cl\/coquimbo\/#website","url":"https:\/\/explora.cl\/coquimbo\/","name":"Coquimbo","description":"Otro sitio m\u00e1s de explora.cl","publisher":{"@id":"https:\/\/explora.cl\/coquimbo\/#organization"},"potentialAction":[{"@type":"SearchAction","target":{"@type":"EntryPoint","urlTemplate":"https:\/\/explora.cl\/coquimbo\/?s={search_term_string}"},"query-input":{"@type":"PropertyValueSpecification","valueRequired":true,"valueName":"search_term_string"}}],"inLanguage":"es-CL"},{"@type":"Organization","@id":"https:\/\/explora.cl\/coquimbo\/#organization","name":"Coquimbo","url":"https:\/\/explora.cl\/coquimbo\/","logo":{"@type":"ImageObject","inLanguage":"es-CL","@id":"https:\/\/explora.cl\/coquimbo\/#\/schema\/logo\/image\/","url":"https:\/\/explora.cl\/coquimbo\/wp-content\/uploads\/sites\/6\/2020\/08\/cropped-Mesa-de-trabajo-1-100.jpg","contentUrl":"https:\/\/explora.cl\/coquimbo\/wp-content\/uploads\/sites\/6\/2020\/08\/cropped-Mesa-de-trabajo-1-100.jpg","width":615,"height":576,"caption":"Coquimbo"},"image":{"@id":"https:\/\/explora.cl\/coquimbo\/#\/schema\/logo\/image\/"}},{"@type":"Person","@id":"https:\/\/explora.cl\/coquimbo\/#\/schema\/person\/c171f405669e4e4f7e56a099200d2fe6","name":"jimartin","image":{"@type":"ImageObject","inLanguage":"es-CL","@id":"https:\/\/explora.cl\/coquimbo\/#\/schema\/person\/image\/","url":"https:\/\/secure.gravatar.com\/avatar\/8dfd7d14443934731a5aea629f40c1aceb42cc8b566a9926567e833c9d22b643?s=96&d=mm&r=g","contentUrl":"https:\/\/secure.gravatar.com\/avatar\/8dfd7d14443934731a5aea629f40c1aceb42cc8b566a9926567e833c9d22b643?s=96&d=mm&r=g","caption":"jimartin"},"url":"https:\/\/explora.cl\/coquimbo\/author\/jimartin\/"}]}},"_links":{"self":[{"href":"https:\/\/explora.cl\/coquimbo\/wp-json\/wp\/v2\/posts\/40942","targetHints":{"allow":["GET"]}}],"collection":[{"href":"https:\/\/explora.cl\/coquimbo\/wp-json\/wp\/v2\/posts"}],"about":[{"href":"https:\/\/explora.cl\/coquimbo\/wp-json\/wp\/v2\/types\/post"}],"author":[{"embeddable":true,"href":"https:\/\/explora.cl\/coquimbo\/wp-json\/wp\/v2\/users\/21"}],"replies":[{"embeddable":true,"href":"https:\/\/explora.cl\/coquimbo\/wp-json\/wp\/v2\/comments?post=40942"}],"version-history":[{"count":2,"href":"https:\/\/explora.cl\/coquimbo\/wp-json\/wp\/v2\/posts\/40942\/revisions"}],"predecessor-version":[{"id":40947,"href":"https:\/\/explora.cl\/coquimbo\/wp-json\/wp\/v2\/posts\/40942\/revisions\/40947"}],"wp:featuredmedia":[{"embeddable":true,"href":"https:\/\/explora.cl\/coquimbo\/wp-json\/wp\/v2\/media\/40944"}],"wp:attachment":[{"href":"https:\/\/explora.cl\/coquimbo\/wp-json\/wp\/v2\/media?parent=40942"}],"wp:term":[{"taxonomy":"category","embeddable":true,"href":"https:\/\/explora.cl\/coquimbo\/wp-json\/wp\/v2\/categories?post=40942"},{"taxonomy":"post_tag","embeddable":true,"href":"https:\/\/explora.cl\/coquimbo\/wp-json\/wp\/v2\/tags?post=40942"}],"curies":[{"name":"wp","href":"https:\/\/api.w.org\/{rel}","templated":true}]}}