{"id":40390,"date":"2020-03-19T13:27:12","date_gmt":"2020-03-19T16:27:12","guid":{"rendered":"https:\/\/explora.cl\/coquimbo\/?p=40390"},"modified":"2020-03-20T14:02:29","modified_gmt":"2020-03-20T17:02:29","slug":"columna-de-opinion-educacion-para-la-ciudadania","status":"publish","type":"post","link":"https:\/\/explora.cl\/coquimbo\/columna-de-opinion-educacion-para-la-ciudadania\/","title":{"rendered":"Columna de opini\u00f3n: \u00bfEducaci\u00f3n para la ciudadan\u00eda?"},"content":{"rendered":"<h3 style=\"text-align: justify\">\u201cLa invitaci\u00f3n es a reflexionar y pensar en torno al tipo de educaci\u00f3n ciudadana que queremos entregar, m\u00e1s aun, contemplando lo que est\u00e1 sucediendo en el contexto actual de nuestra sociedad\u201d, se\u00f1ala el autor.<\/h3>\n<p style=\"text-align: justify\"><strong>Por: Benjam\u00edn Mujica Rosas<\/strong><\/p>\n<p style=\"text-align: justify\"><strong>Psic\u00f3logo (Universidad de La Frontera)<\/strong><\/p>\n<p style=\"text-align: justify\"><strong>Estudiante Mag\u00edster en Educaci\u00f3n, menci\u00f3n curr\u00edculum y comunidad educativa (Universidad de Chile)<\/strong><\/p>\n<p style=\"text-align: justify\"><strong>\u00a0<\/strong><\/p>\n<p style=\"text-align: justify\">La formaci\u00f3n de individuos part\u00edcipes y activos para la sociedad actual, ha sido un caballito de batalla de las pol\u00edticas educativas de comienzos de este siglo. La crisis de las instituciones que dan sentido a la vida de las personas, es la consecuencia de una sociedad cada vez m\u00e1s exigente, incr\u00e9dula y cuestionadora respecto a la institucionalidad que sostiene los (supuestos) valores sociales. Por tanto, recurrir a mecanismos que aseguren el andamiaje para la formaci\u00f3n de la ciudadan\u00eda en un contexto de consumo y clientelismo, es lo que han buscado los gobiernos a trav\u00e9s de modificaciones o transformaciones a nivel curricular dentro de nuestro sistema educativo.<\/p>\n<p style=\"text-align: justify\">El retorno a la democracia, la transformaci\u00f3n curricular de los 90, la comisi\u00f3n para la formaci\u00f3n ciudadana del 2004, la reforma curricular de 2009 y el informe de la comisi\u00f3n Engel el 2014, han sido algunos de los hitos que han buscado hacer \u00e9nfasis en la formaci\u00f3n ciudadana de nuestros y nuestras estudiantes; intentando instruir desde las aulas al ciudadano modelo y funcional para la sociedad del Chile actual. Cambios y transformaciones que han establecido objetivos de aprendizaje relacionados con la comprensi\u00f3n del sistema pol\u00edtico, sus formas de participaci\u00f3n y la validaci\u00f3n de la democracia representativa que tenemos hoy en d\u00eda; metas que se han impuesto al profesorado para sostener la ca\u00edda precipitada de la participaci\u00f3n ciudadana y la vida democr\u00e1tica de nuestro pa\u00eds.<\/p>\n<p style=\"text-align: justify\">Este 2019 se publican las nuevas bases curriculares para tercer y cuarto medio, desde un supuesto proceso participativo y democr\u00e1tico; y se\u00f1alo \u201csupuesto\u201d, dado el nivel de rechazo de los distintos actores del sistema educativo que salieron a las calles, marchando respecto a la salida de la asignatura de Historia, Geograf\u00eda y Ciencias Sociales del plan com\u00fan (entre muchas otras peticiones m\u00e1s v\u00e1lidas a\u00fan), posicion\u00e1ndola como una rama optativa para los y las estudiantes de dichos niveles; as\u00ed tambi\u00e9n, el cuestionamiento a las nuevas asignaturas obligatorias como Educaci\u00f3n Ciudadana y su posible impacto en la formaci\u00f3n de estudiantes ad portas de egresar del sistema escolar. La pregunta que surge entonces es si \u00bfla Educaci\u00f3n Ciudadana responde realmente a una necesidad social o un requerimiento de los chilenos y chilenas en su proceso educativo?, o realmente, \u00bfes una necesidad ideol\u00f3gica?<\/p>\n<h3 style=\"text-align: center\">Por tanto, al revisar el programa de Educaci\u00f3n Ciudadana vale comenzar a cuestionarse, qu\u00e9 se busca y qu\u00e9 buscamos como docentes; \u00bfqueremos fortalecer una formaci\u00f3n c\u00edvica para promover la participaci\u00f3n y la vida democr\u00e1tica?; o queremos fortalecer una formaci\u00f3n civil que busque la promoci\u00f3n de valores que sustentan la vida en com\u00fan y el bienestar de todos quienes habitamos la ciudad.<\/h3>\n<p style=\"text-align: justify\">La comisi\u00f3n Engel, formada como el Consejo Asesor Presidencial contra los conflictos de inter\u00e9s, el tr\u00e1fico de influencias y la corrupci\u00f3n, orientaba e instaba a los establecimientos educacionales a elaborar planes de formaci\u00f3n ciudadana que vayan m\u00e1s all\u00e1 de la articulaci\u00f3n curricular, sino, m\u00e1s bien, una intervenci\u00f3n a nivel de la comunidad educativa que establezca las bases de una vida en democracia y lo que conlleva el actuar c\u00edvico de chilenos y chilenas. Sin embargo, ya el 2016, un panel de expertos en el \u00e1rea desde el mundo educativo, constituido por Cristi\u00e1n Cox, Abraham Magendzo, Graciela Mu\u00f1oz y Silvia Red\u00f3n, conversaban en torno a \u00bfC\u00f3mo debiera ser la formaci\u00f3n ciudadana en la escuela? Lo cual entregaba luces de una gran interrogante; \u00bfQu\u00e9 entendemos por ciudadan\u00eda?<\/p>\n<p style=\"text-align: justify\">Si se busca en distintas fuentes de informaci\u00f3n, definiciones o comprensiones de la ciudadan\u00eda, queda claro que existen muchas ilustraciones al respecto y desde distintas disciplinas. Sin embargo, queda claro que hay dos amplias miradas del concepto ciudadan\u00eda; una perspectiva desde lo colectivo, y otra, desde lo individual. Desde lo colectivo, se firma en lo comunitario, contemplando derechos econ\u00f3micos, sociales y culturales, con un fuerte sustento en la solidaridad como pilar social; y desde lo individual, o mejor dicho liberal, contempla los derechos civiles y pol\u00edticos.<\/p>\n<p style=\"text-align: justify\">Por tanto, al revisar el programa de Educaci\u00f3n Ciudadana vale comenzar a cuestionarse, qu\u00e9 se busca y qu\u00e9 buscamos como docentes; \u00bfqueremos fortalecer una formaci\u00f3n c\u00edvica para promover la participaci\u00f3n y la vida democr\u00e1tica?; o queremos fortalecer una formaci\u00f3n civil que busque la promoci\u00f3n de valores que sustentan la vida en com\u00fan y el bienestar de todos quienes habitamos la ciudad. Es una discusi\u00f3n que, incluso, no deber\u00eda polarizarse, m\u00e1s bien buscar un equilibrio que entregue herramientas a los futuros ciudadanos del pa\u00eds, ya que ser\u00e1n ellos quienes implementar\u00e1n y vivir\u00e1n en los posibles cambios pol\u00edtico-sociales que tendr\u00e1 nuestro pa\u00eds.<\/p>\n<p style=\"text-align: justify\">Finalmente, desde esta \u00faltima reflexi\u00f3n, es que no se debe perder de vista los planteamientos, referencias y objetivos establecidos en este nuevo programa de Educaci\u00f3n Ciudadana; la invitaci\u00f3n es a reflexionar y pensar en torno al tipo de educaci\u00f3n ciudadana que queremos entregar, m\u00e1s aun, contemplando lo que est\u00e1 sucediendo en el contexto actual de nuestra sociedad.<\/p>\n<p style=\"text-align: justify\">\n","protected":false},"excerpt":{"rendered":"<p>\u201cLa invitaci\u00f3n es reflexionar y pensar en torno al tipo de educaci\u00f3n ciudadana queremos entregar, m\u00e1s aun, contemplando lo que est\u00e1 sucediendo en el contexto actual de nuestra sociedad\u201d, se\u00f1ala el autor. \u00a0<\/p>\n","protected":false},"author":21,"featured_media":40391,"comment_status":"open","ping_status":"open","sticky":false,"template":"","format":"standard","meta":{"_acf_changed":false,"_exactmetrics_skip_tracking":false,"_exactmetrics_sitenote_active":false,"_exactmetrics_sitenote_note":"","_exactmetrics_sitenote_category":0,"footnotes":"","_links_to":"","_links_to_target":""},"categories":[4],"tags":[],"class_list":["post-40390","post","type-post","status-publish","format-standard","has-post-thumbnail","hentry","category-noticias"],"acf":[],"yoast_head":"<!-- This site is optimized with the Yoast SEO plugin v26.9 - https:\/\/yoast.com\/product\/yoast-seo-wordpress\/ -->\n<title>Columna de opini\u00f3n: \u00bfEducaci\u00f3n para la ciudadan\u00eda? - Coquimbo<\/title>\n<meta name=\"robots\" content=\"index, follow, max-snippet:-1, max-image-preview:large, max-video-preview:-1\" \/>\n<link rel=\"canonical\" href=\"https:\/\/explora.cl\/coquimbo\/columna-de-opinion-educacion-para-la-ciudadania\/\" class=\"yoast-seo-meta-tag\" \/>\n<meta property=\"og:locale\" content=\"es_ES\" class=\"yoast-seo-meta-tag\" \/>\n<meta property=\"og:type\" content=\"article\" class=\"yoast-seo-meta-tag\" \/>\n<meta property=\"og:title\" content=\"Columna de opini\u00f3n: \u00bfEducaci\u00f3n para la ciudadan\u00eda? - Coquimbo\" class=\"yoast-seo-meta-tag\" \/>\n<meta property=\"og:description\" content=\"\u201cLa invitaci\u00f3n es reflexionar y pensar en torno al tipo de educaci\u00f3n ciudadana queremos entregar, m\u00e1s aun, contemplando lo que est\u00e1 sucediendo en el contexto actual de nuestra sociedad\u201d, se\u00f1ala el autor. \u00a0\" class=\"yoast-seo-meta-tag\" \/>\n<meta property=\"og:url\" content=\"https:\/\/explora.cl\/coquimbo\/columna-de-opinion-educacion-para-la-ciudadania\/\" class=\"yoast-seo-meta-tag\" \/>\n<meta property=\"og:site_name\" content=\"Coquimbo\" class=\"yoast-seo-meta-tag\" \/>\n<meta property=\"article:published_time\" content=\"2020-03-19T16:27:12+00:00\" class=\"yoast-seo-meta-tag\" \/>\n<meta property=\"article:modified_time\" content=\"2020-03-20T17:02:29+00:00\" class=\"yoast-seo-meta-tag\" \/>\n<meta property=\"og:image\" content=\"https:\/\/explora.cl\/coquimbo\/wp-content\/uploads\/sites\/6\/2020\/03\/FireShot-Capture-174-Formaci\u00f3n-Ciudadana-formacionciudadana.mineduc.cl_.jpg\" class=\"yoast-seo-meta-tag\" \/>\n\t<meta property=\"og:image:width\" content=\"580\" class=\"yoast-seo-meta-tag\" \/>\n\t<meta property=\"og:image:height\" content=\"339\" class=\"yoast-seo-meta-tag\" \/>\n\t<meta property=\"og:image:type\" content=\"image\/jpeg\" class=\"yoast-seo-meta-tag\" \/>\n<meta name=\"author\" content=\"jimartin\" class=\"yoast-seo-meta-tag\" \/>\n<meta name=\"twitter:card\" content=\"summary_large_image\" class=\"yoast-seo-meta-tag\" \/>\n<meta name=\"twitter:label1\" content=\"Escrito por\" class=\"yoast-seo-meta-tag\" \/>\n\t<meta name=\"twitter:data1\" content=\"jimartin\" class=\"yoast-seo-meta-tag\" \/>\n\t<meta name=\"twitter:label2\" content=\"Tiempo estimado de lectura\" class=\"yoast-seo-meta-tag\" \/>\n\t<meta name=\"twitter:data2\" content=\"5 minutos\" class=\"yoast-seo-meta-tag\" \/>\n<script type=\"application\/ld+json\" class=\"yoast-schema-graph\">{\"@context\":\"https:\/\/schema.org\",\"@graph\":[{\"@type\":\"Article\",\"@id\":\"https:\/\/explora.cl\/coquimbo\/columna-de-opinion-educacion-para-la-ciudadania\/#article\",\"isPartOf\":{\"@id\":\"https:\/\/explora.cl\/coquimbo\/columna-de-opinion-educacion-para-la-ciudadania\/\"},\"author\":{\"name\":\"jimartin\",\"@id\":\"https:\/\/explora.cl\/coquimbo\/#\/schema\/person\/c171f405669e4e4f7e56a099200d2fe6\"},\"headline\":\"Columna de opini\u00f3n: \u00bfEducaci\u00f3n para la ciudadan\u00eda?\",\"datePublished\":\"2020-03-19T16:27:12+00:00\",\"dateModified\":\"2020-03-20T17:02:29+00:00\",\"mainEntityOfPage\":{\"@id\":\"https:\/\/explora.cl\/coquimbo\/columna-de-opinion-educacion-para-la-ciudadania\/\"},\"wordCount\":953,\"commentCount\":0,\"publisher\":{\"@id\":\"https:\/\/explora.cl\/coquimbo\/#organization\"},\"image\":{\"@id\":\"https:\/\/explora.cl\/coquimbo\/columna-de-opinion-educacion-para-la-ciudadania\/#primaryimage\"},\"thumbnailUrl\":\"https:\/\/explora.cl\/coquimbo\/wp-content\/uploads\/sites\/6\/2020\/03\/FireShot-Capture-174-Formaci\u00f3n-Ciudadana-formacionciudadana.mineduc.cl_.jpg\",\"articleSection\":[\"Noticias\"],\"inLanguage\":\"es-CL\",\"potentialAction\":[{\"@type\":\"CommentAction\",\"name\":\"Comment\",\"target\":[\"https:\/\/explora.cl\/coquimbo\/columna-de-opinion-educacion-para-la-ciudadania\/#respond\"]}]},{\"@type\":\"WebPage\",\"@id\":\"https:\/\/explora.cl\/coquimbo\/columna-de-opinion-educacion-para-la-ciudadania\/\",\"url\":\"https:\/\/explora.cl\/coquimbo\/columna-de-opinion-educacion-para-la-ciudadania\/\",\"name\":\"Columna de opini\u00f3n: \u00bfEducaci\u00f3n para la ciudadan\u00eda? - Coquimbo\",\"isPartOf\":{\"@id\":\"https:\/\/explora.cl\/coquimbo\/#website\"},\"primaryImageOfPage\":{\"@id\":\"https:\/\/explora.cl\/coquimbo\/columna-de-opinion-educacion-para-la-ciudadania\/#primaryimage\"},\"image\":{\"@id\":\"https:\/\/explora.cl\/coquimbo\/columna-de-opinion-educacion-para-la-ciudadania\/#primaryimage\"},\"thumbnailUrl\":\"https:\/\/explora.cl\/coquimbo\/wp-content\/uploads\/sites\/6\/2020\/03\/FireShot-Capture-174-Formaci\u00f3n-Ciudadana-formacionciudadana.mineduc.cl_.jpg\",\"datePublished\":\"2020-03-19T16:27:12+00:00\",\"dateModified\":\"2020-03-20T17:02:29+00:00\",\"breadcrumb\":{\"@id\":\"https:\/\/explora.cl\/coquimbo\/columna-de-opinion-educacion-para-la-ciudadania\/#breadcrumb\"},\"inLanguage\":\"es-CL\",\"potentialAction\":[{\"@type\":\"ReadAction\",\"target\":[\"https:\/\/explora.cl\/coquimbo\/columna-de-opinion-educacion-para-la-ciudadania\/\"]}]},{\"@type\":\"ImageObject\",\"inLanguage\":\"es-CL\",\"@id\":\"https:\/\/explora.cl\/coquimbo\/columna-de-opinion-educacion-para-la-ciudadania\/#primaryimage\",\"url\":\"https:\/\/explora.cl\/coquimbo\/wp-content\/uploads\/sites\/6\/2020\/03\/FireShot-Capture-174-Formaci\u00f3n-Ciudadana-formacionciudadana.mineduc.cl_.jpg\",\"contentUrl\":\"https:\/\/explora.cl\/coquimbo\/wp-content\/uploads\/sites\/6\/2020\/03\/FireShot-Capture-174-Formaci\u00f3n-Ciudadana-formacionciudadana.mineduc.cl_.jpg\",\"width\":580,\"height\":339},{\"@type\":\"BreadcrumbList\",\"@id\":\"https:\/\/explora.cl\/coquimbo\/columna-de-opinion-educacion-para-la-ciudadania\/#breadcrumb\",\"itemListElement\":[{\"@type\":\"ListItem\",\"position\":1,\"name\":\"Portada\",\"item\":\"https:\/\/explora.cl\/coquimbo\/\"},{\"@type\":\"ListItem\",\"position\":2,\"name\":\"Columna de opini\u00f3n: \u00bfEducaci\u00f3n para la ciudadan\u00eda?\"}]},{\"@type\":\"WebSite\",\"@id\":\"https:\/\/explora.cl\/coquimbo\/#website\",\"url\":\"https:\/\/explora.cl\/coquimbo\/\",\"name\":\"Coquimbo\",\"description\":\"Otro sitio m\u00e1s de explora.cl\",\"publisher\":{\"@id\":\"https:\/\/explora.cl\/coquimbo\/#organization\"},\"potentialAction\":[{\"@type\":\"SearchAction\",\"target\":{\"@type\":\"EntryPoint\",\"urlTemplate\":\"https:\/\/explora.cl\/coquimbo\/?s={search_term_string}\"},\"query-input\":{\"@type\":\"PropertyValueSpecification\",\"valueRequired\":true,\"valueName\":\"search_term_string\"}}],\"inLanguage\":\"es-CL\"},{\"@type\":\"Organization\",\"@id\":\"https:\/\/explora.cl\/coquimbo\/#organization\",\"name\":\"Coquimbo\",\"url\":\"https:\/\/explora.cl\/coquimbo\/\",\"logo\":{\"@type\":\"ImageObject\",\"inLanguage\":\"es-CL\",\"@id\":\"https:\/\/explora.cl\/coquimbo\/#\/schema\/logo\/image\/\",\"url\":\"https:\/\/explora.cl\/coquimbo\/wp-content\/uploads\/sites\/6\/2020\/08\/cropped-Mesa-de-trabajo-1-100.jpg\",\"contentUrl\":\"https:\/\/explora.cl\/coquimbo\/wp-content\/uploads\/sites\/6\/2020\/08\/cropped-Mesa-de-trabajo-1-100.jpg\",\"width\":615,\"height\":576,\"caption\":\"Coquimbo\"},\"image\":{\"@id\":\"https:\/\/explora.cl\/coquimbo\/#\/schema\/logo\/image\/\"}},{\"@type\":\"Person\",\"@id\":\"https:\/\/explora.cl\/coquimbo\/#\/schema\/person\/c171f405669e4e4f7e56a099200d2fe6\",\"name\":\"jimartin\",\"image\":{\"@type\":\"ImageObject\",\"inLanguage\":\"es-CL\",\"@id\":\"https:\/\/explora.cl\/coquimbo\/#\/schema\/person\/image\/\",\"url\":\"https:\/\/secure.gravatar.com\/avatar\/8dfd7d14443934731a5aea629f40c1aceb42cc8b566a9926567e833c9d22b643?s=96&d=mm&r=g\",\"contentUrl\":\"https:\/\/secure.gravatar.com\/avatar\/8dfd7d14443934731a5aea629f40c1aceb42cc8b566a9926567e833c9d22b643?s=96&d=mm&r=g\",\"caption\":\"jimartin\"},\"url\":\"https:\/\/explora.cl\/coquimbo\/author\/jimartin\/\"}]}<\/script>\n<!-- \/ Yoast SEO plugin. -->","yoast_head_json":{"title":"Columna de opini\u00f3n: \u00bfEducaci\u00f3n para la ciudadan\u00eda? - Coquimbo","robots":{"index":"index","follow":"follow","max-snippet":"max-snippet:-1","max-image-preview":"max-image-preview:large","max-video-preview":"max-video-preview:-1"},"canonical":"https:\/\/explora.cl\/coquimbo\/columna-de-opinion-educacion-para-la-ciudadania\/","og_locale":"es_ES","og_type":"article","og_title":"Columna de opini\u00f3n: \u00bfEducaci\u00f3n para la ciudadan\u00eda? - Coquimbo","og_description":"\u201cLa invitaci\u00f3n es reflexionar y pensar en torno al tipo de educaci\u00f3n ciudadana queremos entregar, m\u00e1s aun, contemplando lo que est\u00e1 sucediendo en el contexto actual de nuestra sociedad\u201d, se\u00f1ala el autor. \u00a0","og_url":"https:\/\/explora.cl\/coquimbo\/columna-de-opinion-educacion-para-la-ciudadania\/","og_site_name":"Coquimbo","article_published_time":"2020-03-19T16:27:12+00:00","article_modified_time":"2020-03-20T17:02:29+00:00","og_image":[{"width":580,"height":339,"url":"https:\/\/explora.cl\/coquimbo\/wp-content\/uploads\/sites\/6\/2020\/03\/FireShot-Capture-174-Formaci\u00f3n-Ciudadana-formacionciudadana.mineduc.cl_.jpg","type":"image\/jpeg"}],"author":"jimartin","twitter_card":"summary_large_image","twitter_misc":{"Escrito por":"jimartin","Tiempo estimado de lectura":"5 minutos"},"schema":{"@context":"https:\/\/schema.org","@graph":[{"@type":"Article","@id":"https:\/\/explora.cl\/coquimbo\/columna-de-opinion-educacion-para-la-ciudadania\/#article","isPartOf":{"@id":"https:\/\/explora.cl\/coquimbo\/columna-de-opinion-educacion-para-la-ciudadania\/"},"author":{"name":"jimartin","@id":"https:\/\/explora.cl\/coquimbo\/#\/schema\/person\/c171f405669e4e4f7e56a099200d2fe6"},"headline":"Columna de opini\u00f3n: \u00bfEducaci\u00f3n para la ciudadan\u00eda?","datePublished":"2020-03-19T16:27:12+00:00","dateModified":"2020-03-20T17:02:29+00:00","mainEntityOfPage":{"@id":"https:\/\/explora.cl\/coquimbo\/columna-de-opinion-educacion-para-la-ciudadania\/"},"wordCount":953,"commentCount":0,"publisher":{"@id":"https:\/\/explora.cl\/coquimbo\/#organization"},"image":{"@id":"https:\/\/explora.cl\/coquimbo\/columna-de-opinion-educacion-para-la-ciudadania\/#primaryimage"},"thumbnailUrl":"https:\/\/explora.cl\/coquimbo\/wp-content\/uploads\/sites\/6\/2020\/03\/FireShot-Capture-174-Formaci\u00f3n-Ciudadana-formacionciudadana.mineduc.cl_.jpg","articleSection":["Noticias"],"inLanguage":"es-CL","potentialAction":[{"@type":"CommentAction","name":"Comment","target":["https:\/\/explora.cl\/coquimbo\/columna-de-opinion-educacion-para-la-ciudadania\/#respond"]}]},{"@type":"WebPage","@id":"https:\/\/explora.cl\/coquimbo\/columna-de-opinion-educacion-para-la-ciudadania\/","url":"https:\/\/explora.cl\/coquimbo\/columna-de-opinion-educacion-para-la-ciudadania\/","name":"Columna de opini\u00f3n: \u00bfEducaci\u00f3n para la ciudadan\u00eda? - Coquimbo","isPartOf":{"@id":"https:\/\/explora.cl\/coquimbo\/#website"},"primaryImageOfPage":{"@id":"https:\/\/explora.cl\/coquimbo\/columna-de-opinion-educacion-para-la-ciudadania\/#primaryimage"},"image":{"@id":"https:\/\/explora.cl\/coquimbo\/columna-de-opinion-educacion-para-la-ciudadania\/#primaryimage"},"thumbnailUrl":"https:\/\/explora.cl\/coquimbo\/wp-content\/uploads\/sites\/6\/2020\/03\/FireShot-Capture-174-Formaci\u00f3n-Ciudadana-formacionciudadana.mineduc.cl_.jpg","datePublished":"2020-03-19T16:27:12+00:00","dateModified":"2020-03-20T17:02:29+00:00","breadcrumb":{"@id":"https:\/\/explora.cl\/coquimbo\/columna-de-opinion-educacion-para-la-ciudadania\/#breadcrumb"},"inLanguage":"es-CL","potentialAction":[{"@type":"ReadAction","target":["https:\/\/explora.cl\/coquimbo\/columna-de-opinion-educacion-para-la-ciudadania\/"]}]},{"@type":"ImageObject","inLanguage":"es-CL","@id":"https:\/\/explora.cl\/coquimbo\/columna-de-opinion-educacion-para-la-ciudadania\/#primaryimage","url":"https:\/\/explora.cl\/coquimbo\/wp-content\/uploads\/sites\/6\/2020\/03\/FireShot-Capture-174-Formaci\u00f3n-Ciudadana-formacionciudadana.mineduc.cl_.jpg","contentUrl":"https:\/\/explora.cl\/coquimbo\/wp-content\/uploads\/sites\/6\/2020\/03\/FireShot-Capture-174-Formaci\u00f3n-Ciudadana-formacionciudadana.mineduc.cl_.jpg","width":580,"height":339},{"@type":"BreadcrumbList","@id":"https:\/\/explora.cl\/coquimbo\/columna-de-opinion-educacion-para-la-ciudadania\/#breadcrumb","itemListElement":[{"@type":"ListItem","position":1,"name":"Portada","item":"https:\/\/explora.cl\/coquimbo\/"},{"@type":"ListItem","position":2,"name":"Columna de opini\u00f3n: \u00bfEducaci\u00f3n para la ciudadan\u00eda?"}]},{"@type":"WebSite","@id":"https:\/\/explora.cl\/coquimbo\/#website","url":"https:\/\/explora.cl\/coquimbo\/","name":"Coquimbo","description":"Otro sitio m\u00e1s de explora.cl","publisher":{"@id":"https:\/\/explora.cl\/coquimbo\/#organization"},"potentialAction":[{"@type":"SearchAction","target":{"@type":"EntryPoint","urlTemplate":"https:\/\/explora.cl\/coquimbo\/?s={search_term_string}"},"query-input":{"@type":"PropertyValueSpecification","valueRequired":true,"valueName":"search_term_string"}}],"inLanguage":"es-CL"},{"@type":"Organization","@id":"https:\/\/explora.cl\/coquimbo\/#organization","name":"Coquimbo","url":"https:\/\/explora.cl\/coquimbo\/","logo":{"@type":"ImageObject","inLanguage":"es-CL","@id":"https:\/\/explora.cl\/coquimbo\/#\/schema\/logo\/image\/","url":"https:\/\/explora.cl\/coquimbo\/wp-content\/uploads\/sites\/6\/2020\/08\/cropped-Mesa-de-trabajo-1-100.jpg","contentUrl":"https:\/\/explora.cl\/coquimbo\/wp-content\/uploads\/sites\/6\/2020\/08\/cropped-Mesa-de-trabajo-1-100.jpg","width":615,"height":576,"caption":"Coquimbo"},"image":{"@id":"https:\/\/explora.cl\/coquimbo\/#\/schema\/logo\/image\/"}},{"@type":"Person","@id":"https:\/\/explora.cl\/coquimbo\/#\/schema\/person\/c171f405669e4e4f7e56a099200d2fe6","name":"jimartin","image":{"@type":"ImageObject","inLanguage":"es-CL","@id":"https:\/\/explora.cl\/coquimbo\/#\/schema\/person\/image\/","url":"https:\/\/secure.gravatar.com\/avatar\/8dfd7d14443934731a5aea629f40c1aceb42cc8b566a9926567e833c9d22b643?s=96&d=mm&r=g","contentUrl":"https:\/\/secure.gravatar.com\/avatar\/8dfd7d14443934731a5aea629f40c1aceb42cc8b566a9926567e833c9d22b643?s=96&d=mm&r=g","caption":"jimartin"},"url":"https:\/\/explora.cl\/coquimbo\/author\/jimartin\/"}]}},"_links":{"self":[{"href":"https:\/\/explora.cl\/coquimbo\/wp-json\/wp\/v2\/posts\/40390","targetHints":{"allow":["GET"]}}],"collection":[{"href":"https:\/\/explora.cl\/coquimbo\/wp-json\/wp\/v2\/posts"}],"about":[{"href":"https:\/\/explora.cl\/coquimbo\/wp-json\/wp\/v2\/types\/post"}],"author":[{"embeddable":true,"href":"https:\/\/explora.cl\/coquimbo\/wp-json\/wp\/v2\/users\/21"}],"replies":[{"embeddable":true,"href":"https:\/\/explora.cl\/coquimbo\/wp-json\/wp\/v2\/comments?post=40390"}],"version-history":[{"count":4,"href":"https:\/\/explora.cl\/coquimbo\/wp-json\/wp\/v2\/posts\/40390\/revisions"}],"predecessor-version":[{"id":40401,"href":"https:\/\/explora.cl\/coquimbo\/wp-json\/wp\/v2\/posts\/40390\/revisions\/40401"}],"wp:featuredmedia":[{"embeddable":true,"href":"https:\/\/explora.cl\/coquimbo\/wp-json\/wp\/v2\/media\/40391"}],"wp:attachment":[{"href":"https:\/\/explora.cl\/coquimbo\/wp-json\/wp\/v2\/media?parent=40390"}],"wp:term":[{"taxonomy":"category","embeddable":true,"href":"https:\/\/explora.cl\/coquimbo\/wp-json\/wp\/v2\/categories?post=40390"},{"taxonomy":"post_tag","embeddable":true,"href":"https:\/\/explora.cl\/coquimbo\/wp-json\/wp\/v2\/tags?post=40390"}],"curies":[{"name":"wp","href":"https:\/\/api.w.org\/{rel}","templated":true}]}}