{"id":40316,"date":"2020-01-20T12:34:19","date_gmt":"2020-01-20T15:34:19","guid":{"rendered":"https:\/\/explora.cl\/coquimbo\/?p=40316"},"modified":"2020-01-20T12:34:19","modified_gmt":"2020-01-20T15:34:19","slug":"columna-de-opinion-vivir-como-lo-haces-tu","status":"publish","type":"post","link":"https:\/\/explora.cl\/coquimbo\/columna-de-opinion-vivir-como-lo-haces-tu\/","title":{"rendered":"Columna de opini\u00f3n: Vivir como lo haces t\u00fa"},"content":{"rendered":"<h3 style=\"text-align: justify\"><strong>L@s cient\u00edfic@s viven fuera de los laboratorios y tienen pasatiempos fascinantes. Muchos de ellos me ayudaron y me mostraron otro \u00e1ngulo de mi mundo\u2026 <\/strong><\/h3>\n<h3 style=\"text-align: justify\"><strong>\u00a0<\/strong><\/h3>\n<p style=\"text-align: justify\"><strong>Por Doctor Virus<\/strong><\/p>\n<p style=\"text-align: justify\"><strong>\u201cVir\u00f3logo\u201d del Proyecto de divulgaci\u00f3n cient\u00edfica de la Fundaci\u00f3n Ciencia Viral y Revista H\u00e9ur\u0113ka, financiado por el Programa Explora de CONICYT: \u201cDr. Virus y los invisibles\u201d<\/strong><\/p>\n<p style=\"text-align: justify\">Desde que me convert\u00ed en investigad@r, me di cuenta que para la gente era invisible. Mi tama\u00f1o, anormal para mi especie, hac\u00eda que me pudieran ver; pero su falta de comprensi\u00f3n sobre qu\u00e9 soy, virus e investigad@r, me hac\u00eda ser imperceptible. Me di cuenta que hab\u00edan m\u00e1s personas que percib\u00edan lo mismo, como los divulgadores cient\u00edficos que destinan mucha energ\u00eda para visibilizar el conocimiento. As\u00ed que decid\u00ed convertirme en un@&#8230; pero fue m\u00e1s dif\u00edcil de lo que pens\u00e9.<\/p>\n<p style=\"text-align: justify\">Los virus somos unos de los agentes infecciosos m\u00e1s importantes para la salud p\u00fablica mundial, por las enfermedades que les podemos causar a los humanos. Por eso decid\u00ed que mi contribuci\u00f3n ser\u00eda explicar c\u00f3mo somos y de qu\u00e9 manera interactuamos con ustedes, para que se protegieran con conocimiento. Sin embargo, \u00bfc\u00f3mo hacerlo en palabras simples para cumplir mi objetivo? Necesitaba ayuda, encontrando otra meta en este camino.<\/p>\n<p style=\"text-align: justify\">Generalmente, la comunidad cient\u00edfica es percibida lejana por la gente, incluso a algunos les sorprende que existan mujeres o j\u00f3venes porque no calzan con su estereotipo de investigador, aquel que seg\u00fan ellos no vive fuera de su laboratorio. Pero claramente es un prejuicio, l@s cient\u00edfic@s viven fuera de los laboratorios y tienen pasatiempos fascinantes. Muchos de ellos me ayudaron y me mostraron otro \u00e1ngulo de mi mundo.<\/p>\n<p style=\"text-align: justify\">Siento que luego de este viaje estoy en camino a transformarme en un mejor traductor de dos mundos: el microsc\u00f3pico de los virus y el macrosc\u00f3pico de los humanos. Su forma de disfrutar el arte y el deporte me conectaron con ustedes, de la misma forma que quienes se dedican a la Virolog\u00eda lograron hacerlo con mi mundo.<\/p>\n<h3 style=\"text-align: right\">Espero poder seguir hablando de este tema, especialmente a las personas m\u00e1s curiosas de todas \u00a1las que est\u00e1n en crecimiento! Son tan parecidas a mis colegas investigadores, siempre con preguntas y respuestas tan poco esperadas, adem\u00e1s de esa energ\u00eda inagotable.<\/h3>\n<p style=\"text-align: justify\">Finalmente, me gustar\u00eda disipar un rumor que anda dando vueltas sobre mi ser: \u00a1no soy la mascota de los cient\u00edficos! M\u00e1s respeto\u2026 No obstante, feliz acepto invitaciones a una pichanga, a mover el esqueleto (aunque realmente no tengo), o simplemente a disfrutar del buen arte; pues me encant\u00f3 vivir como lo haces t\u00fa.<\/p>\n","protected":false},"excerpt":{"rendered":"<p>L@s cient\u00edfic@s viven fuera de los laboratorios y tienen pasatiempos fascinantes. Muchos de ellos me ayudaron y me mostraron otro \u00e1ngulo de mi mundo\u2026<\/p>\n","protected":false},"author":21,"featured_media":40317,"comment_status":"open","ping_status":"open","sticky":false,"template":"","format":"standard","meta":{"_acf_changed":false,"_exactmetrics_skip_tracking":false,"_exactmetrics_sitenote_active":false,"_exactmetrics_sitenote_note":"","_exactmetrics_sitenote_category":0,"footnotes":"","_links_to":"","_links_to_target":""},"categories":[4],"tags":[193],"class_list":["post-40316","post","type-post","status-publish","format-standard","has-post-thumbnail","hentry","category-noticias","tag-columna-de-opinion"],"acf":[],"yoast_head":"<!-- This site is optimized with the Yoast SEO plugin v26.9 - https:\/\/yoast.com\/product\/yoast-seo-wordpress\/ -->\n<title>Columna de opini\u00f3n: Vivir como lo haces t\u00fa - Coquimbo<\/title>\n<meta name=\"robots\" content=\"index, follow, max-snippet:-1, max-image-preview:large, max-video-preview:-1\" \/>\n<link rel=\"canonical\" href=\"https:\/\/explora.cl\/coquimbo\/columna-de-opinion-vivir-como-lo-haces-tu\/\" class=\"yoast-seo-meta-tag\" \/>\n<meta property=\"og:locale\" content=\"es_ES\" class=\"yoast-seo-meta-tag\" \/>\n<meta property=\"og:type\" content=\"article\" class=\"yoast-seo-meta-tag\" \/>\n<meta property=\"og:title\" content=\"Columna de opini\u00f3n: Vivir como lo haces t\u00fa - Coquimbo\" class=\"yoast-seo-meta-tag\" \/>\n<meta property=\"og:description\" content=\"L@s cient\u00edfic@s viven fuera de los laboratorios y tienen pasatiempos fascinantes. Muchos de ellos me ayudaron y me mostraron otro \u00e1ngulo de mi mundo\u2026\" class=\"yoast-seo-meta-tag\" \/>\n<meta property=\"og:url\" content=\"https:\/\/explora.cl\/coquimbo\/columna-de-opinion-vivir-como-lo-haces-tu\/\" class=\"yoast-seo-meta-tag\" \/>\n<meta property=\"og:site_name\" content=\"Coquimbo\" class=\"yoast-seo-meta-tag\" \/>\n<meta property=\"article:published_time\" content=\"2020-01-20T15:34:19+00:00\" class=\"yoast-seo-meta-tag\" \/>\n<meta property=\"og:image\" content=\"https:\/\/explora.cl\/coquimbo\/wp-content\/uploads\/sites\/6\/2020\/01\/Gonzalo-Barriga-Director-de-Dr.-Virus-y-los-Invisibles-e1579534498905.jpg\" class=\"yoast-seo-meta-tag\" \/>\n\t<meta property=\"og:image:width\" content=\"1000\" class=\"yoast-seo-meta-tag\" \/>\n\t<meta property=\"og:image:height\" content=\"722\" class=\"yoast-seo-meta-tag\" \/>\n\t<meta property=\"og:image:type\" content=\"image\/jpeg\" class=\"yoast-seo-meta-tag\" \/>\n<meta name=\"author\" content=\"jimartin\" class=\"yoast-seo-meta-tag\" \/>\n<meta name=\"twitter:card\" content=\"summary_large_image\" class=\"yoast-seo-meta-tag\" \/>\n<meta name=\"twitter:label1\" content=\"Escrito por\" class=\"yoast-seo-meta-tag\" \/>\n\t<meta name=\"twitter:data1\" content=\"jimartin\" class=\"yoast-seo-meta-tag\" \/>\n\t<meta name=\"twitter:label2\" content=\"Tiempo estimado de lectura\" class=\"yoast-seo-meta-tag\" \/>\n\t<meta name=\"twitter:data2\" content=\"2 minutos\" class=\"yoast-seo-meta-tag\" \/>\n<script type=\"application\/ld+json\" class=\"yoast-schema-graph\">{\"@context\":\"https:\/\/schema.org\",\"@graph\":[{\"@type\":\"Article\",\"@id\":\"https:\/\/explora.cl\/coquimbo\/columna-de-opinion-vivir-como-lo-haces-tu\/#article\",\"isPartOf\":{\"@id\":\"https:\/\/explora.cl\/coquimbo\/columna-de-opinion-vivir-como-lo-haces-tu\/\"},\"author\":{\"name\":\"jimartin\",\"@id\":\"https:\/\/explora.cl\/coquimbo\/#\/schema\/person\/c171f405669e4e4f7e56a099200d2fe6\"},\"headline\":\"Columna de opini\u00f3n: Vivir como lo haces t\u00fa\",\"datePublished\":\"2020-01-20T15:34:19+00:00\",\"mainEntityOfPage\":{\"@id\":\"https:\/\/explora.cl\/coquimbo\/columna-de-opinion-vivir-como-lo-haces-tu\/\"},\"wordCount\":469,\"commentCount\":0,\"publisher\":{\"@id\":\"https:\/\/explora.cl\/coquimbo\/#organization\"},\"image\":{\"@id\":\"https:\/\/explora.cl\/coquimbo\/columna-de-opinion-vivir-como-lo-haces-tu\/#primaryimage\"},\"thumbnailUrl\":\"https:\/\/explora.cl\/coquimbo\/wp-content\/uploads\/sites\/6\/2020\/01\/Gonzalo-Barriga-Director-de-Dr.-Virus-y-los-Invisibles-e1579534498905.jpg\",\"keywords\":[\"columna de opini\u00f3n,\"],\"articleSection\":[\"Noticias\"],\"inLanguage\":\"es-CL\",\"potentialAction\":[{\"@type\":\"CommentAction\",\"name\":\"Comment\",\"target\":[\"https:\/\/explora.cl\/coquimbo\/columna-de-opinion-vivir-como-lo-haces-tu\/#respond\"]}]},{\"@type\":\"WebPage\",\"@id\":\"https:\/\/explora.cl\/coquimbo\/columna-de-opinion-vivir-como-lo-haces-tu\/\",\"url\":\"https:\/\/explora.cl\/coquimbo\/columna-de-opinion-vivir-como-lo-haces-tu\/\",\"name\":\"Columna de opini\u00f3n: Vivir como lo haces t\u00fa - Coquimbo\",\"isPartOf\":{\"@id\":\"https:\/\/explora.cl\/coquimbo\/#website\"},\"primaryImageOfPage\":{\"@id\":\"https:\/\/explora.cl\/coquimbo\/columna-de-opinion-vivir-como-lo-haces-tu\/#primaryimage\"},\"image\":{\"@id\":\"https:\/\/explora.cl\/coquimbo\/columna-de-opinion-vivir-como-lo-haces-tu\/#primaryimage\"},\"thumbnailUrl\":\"https:\/\/explora.cl\/coquimbo\/wp-content\/uploads\/sites\/6\/2020\/01\/Gonzalo-Barriga-Director-de-Dr.-Virus-y-los-Invisibles-e1579534498905.jpg\",\"datePublished\":\"2020-01-20T15:34:19+00:00\",\"breadcrumb\":{\"@id\":\"https:\/\/explora.cl\/coquimbo\/columna-de-opinion-vivir-como-lo-haces-tu\/#breadcrumb\"},\"inLanguage\":\"es-CL\",\"potentialAction\":[{\"@type\":\"ReadAction\",\"target\":[\"https:\/\/explora.cl\/coquimbo\/columna-de-opinion-vivir-como-lo-haces-tu\/\"]}]},{\"@type\":\"ImageObject\",\"inLanguage\":\"es-CL\",\"@id\":\"https:\/\/explora.cl\/coquimbo\/columna-de-opinion-vivir-como-lo-haces-tu\/#primaryimage\",\"url\":\"https:\/\/explora.cl\/coquimbo\/wp-content\/uploads\/sites\/6\/2020\/01\/Gonzalo-Barriga-Director-de-Dr.-Virus-y-los-Invisibles-e1579534498905.jpg\",\"contentUrl\":\"https:\/\/explora.cl\/coquimbo\/wp-content\/uploads\/sites\/6\/2020\/01\/Gonzalo-Barriga-Director-de-Dr.-Virus-y-los-Invisibles-e1579534498905.jpg\",\"width\":1000,\"height\":722},{\"@type\":\"BreadcrumbList\",\"@id\":\"https:\/\/explora.cl\/coquimbo\/columna-de-opinion-vivir-como-lo-haces-tu\/#breadcrumb\",\"itemListElement\":[{\"@type\":\"ListItem\",\"position\":1,\"name\":\"Portada\",\"item\":\"https:\/\/explora.cl\/coquimbo\/\"},{\"@type\":\"ListItem\",\"position\":2,\"name\":\"Columna de opini\u00f3n: Vivir como lo haces t\u00fa\"}]},{\"@type\":\"WebSite\",\"@id\":\"https:\/\/explora.cl\/coquimbo\/#website\",\"url\":\"https:\/\/explora.cl\/coquimbo\/\",\"name\":\"Coquimbo\",\"description\":\"Otro sitio m\u00e1s de explora.cl\",\"publisher\":{\"@id\":\"https:\/\/explora.cl\/coquimbo\/#organization\"},\"potentialAction\":[{\"@type\":\"SearchAction\",\"target\":{\"@type\":\"EntryPoint\",\"urlTemplate\":\"https:\/\/explora.cl\/coquimbo\/?s={search_term_string}\"},\"query-input\":{\"@type\":\"PropertyValueSpecification\",\"valueRequired\":true,\"valueName\":\"search_term_string\"}}],\"inLanguage\":\"es-CL\"},{\"@type\":\"Organization\",\"@id\":\"https:\/\/explora.cl\/coquimbo\/#organization\",\"name\":\"Coquimbo\",\"url\":\"https:\/\/explora.cl\/coquimbo\/\",\"logo\":{\"@type\":\"ImageObject\",\"inLanguage\":\"es-CL\",\"@id\":\"https:\/\/explora.cl\/coquimbo\/#\/schema\/logo\/image\/\",\"url\":\"https:\/\/explora.cl\/coquimbo\/wp-content\/uploads\/sites\/6\/2020\/08\/cropped-Mesa-de-trabajo-1-100.jpg\",\"contentUrl\":\"https:\/\/explora.cl\/coquimbo\/wp-content\/uploads\/sites\/6\/2020\/08\/cropped-Mesa-de-trabajo-1-100.jpg\",\"width\":615,\"height\":576,\"caption\":\"Coquimbo\"},\"image\":{\"@id\":\"https:\/\/explora.cl\/coquimbo\/#\/schema\/logo\/image\/\"}},{\"@type\":\"Person\",\"@id\":\"https:\/\/explora.cl\/coquimbo\/#\/schema\/person\/c171f405669e4e4f7e56a099200d2fe6\",\"name\":\"jimartin\",\"image\":{\"@type\":\"ImageObject\",\"inLanguage\":\"es-CL\",\"@id\":\"https:\/\/explora.cl\/coquimbo\/#\/schema\/person\/image\/\",\"url\":\"https:\/\/secure.gravatar.com\/avatar\/8dfd7d14443934731a5aea629f40c1aceb42cc8b566a9926567e833c9d22b643?s=96&d=mm&r=g\",\"contentUrl\":\"https:\/\/secure.gravatar.com\/avatar\/8dfd7d14443934731a5aea629f40c1aceb42cc8b566a9926567e833c9d22b643?s=96&d=mm&r=g\",\"caption\":\"jimartin\"},\"url\":\"https:\/\/explora.cl\/coquimbo\/author\/jimartin\/\"}]}<\/script>\n<!-- \/ Yoast SEO plugin. -->","yoast_head_json":{"title":"Columna de opini\u00f3n: Vivir como lo haces t\u00fa - Coquimbo","robots":{"index":"index","follow":"follow","max-snippet":"max-snippet:-1","max-image-preview":"max-image-preview:large","max-video-preview":"max-video-preview:-1"},"canonical":"https:\/\/explora.cl\/coquimbo\/columna-de-opinion-vivir-como-lo-haces-tu\/","og_locale":"es_ES","og_type":"article","og_title":"Columna de opini\u00f3n: Vivir como lo haces t\u00fa - Coquimbo","og_description":"L@s cient\u00edfic@s viven fuera de los laboratorios y tienen pasatiempos fascinantes. Muchos de ellos me ayudaron y me mostraron otro \u00e1ngulo de mi mundo\u2026","og_url":"https:\/\/explora.cl\/coquimbo\/columna-de-opinion-vivir-como-lo-haces-tu\/","og_site_name":"Coquimbo","article_published_time":"2020-01-20T15:34:19+00:00","og_image":[{"width":1000,"height":722,"url":"https:\/\/explora.cl\/coquimbo\/wp-content\/uploads\/sites\/6\/2020\/01\/Gonzalo-Barriga-Director-de-Dr.-Virus-y-los-Invisibles-e1579534498905.jpg","type":"image\/jpeg"}],"author":"jimartin","twitter_card":"summary_large_image","twitter_misc":{"Escrito por":"jimartin","Tiempo estimado de lectura":"2 minutos"},"schema":{"@context":"https:\/\/schema.org","@graph":[{"@type":"Article","@id":"https:\/\/explora.cl\/coquimbo\/columna-de-opinion-vivir-como-lo-haces-tu\/#article","isPartOf":{"@id":"https:\/\/explora.cl\/coquimbo\/columna-de-opinion-vivir-como-lo-haces-tu\/"},"author":{"name":"jimartin","@id":"https:\/\/explora.cl\/coquimbo\/#\/schema\/person\/c171f405669e4e4f7e56a099200d2fe6"},"headline":"Columna de opini\u00f3n: Vivir como lo haces t\u00fa","datePublished":"2020-01-20T15:34:19+00:00","mainEntityOfPage":{"@id":"https:\/\/explora.cl\/coquimbo\/columna-de-opinion-vivir-como-lo-haces-tu\/"},"wordCount":469,"commentCount":0,"publisher":{"@id":"https:\/\/explora.cl\/coquimbo\/#organization"},"image":{"@id":"https:\/\/explora.cl\/coquimbo\/columna-de-opinion-vivir-como-lo-haces-tu\/#primaryimage"},"thumbnailUrl":"https:\/\/explora.cl\/coquimbo\/wp-content\/uploads\/sites\/6\/2020\/01\/Gonzalo-Barriga-Director-de-Dr.-Virus-y-los-Invisibles-e1579534498905.jpg","keywords":["columna de opini\u00f3n,"],"articleSection":["Noticias"],"inLanguage":"es-CL","potentialAction":[{"@type":"CommentAction","name":"Comment","target":["https:\/\/explora.cl\/coquimbo\/columna-de-opinion-vivir-como-lo-haces-tu\/#respond"]}]},{"@type":"WebPage","@id":"https:\/\/explora.cl\/coquimbo\/columna-de-opinion-vivir-como-lo-haces-tu\/","url":"https:\/\/explora.cl\/coquimbo\/columna-de-opinion-vivir-como-lo-haces-tu\/","name":"Columna de opini\u00f3n: Vivir como lo haces t\u00fa - Coquimbo","isPartOf":{"@id":"https:\/\/explora.cl\/coquimbo\/#website"},"primaryImageOfPage":{"@id":"https:\/\/explora.cl\/coquimbo\/columna-de-opinion-vivir-como-lo-haces-tu\/#primaryimage"},"image":{"@id":"https:\/\/explora.cl\/coquimbo\/columna-de-opinion-vivir-como-lo-haces-tu\/#primaryimage"},"thumbnailUrl":"https:\/\/explora.cl\/coquimbo\/wp-content\/uploads\/sites\/6\/2020\/01\/Gonzalo-Barriga-Director-de-Dr.-Virus-y-los-Invisibles-e1579534498905.jpg","datePublished":"2020-01-20T15:34:19+00:00","breadcrumb":{"@id":"https:\/\/explora.cl\/coquimbo\/columna-de-opinion-vivir-como-lo-haces-tu\/#breadcrumb"},"inLanguage":"es-CL","potentialAction":[{"@type":"ReadAction","target":["https:\/\/explora.cl\/coquimbo\/columna-de-opinion-vivir-como-lo-haces-tu\/"]}]},{"@type":"ImageObject","inLanguage":"es-CL","@id":"https:\/\/explora.cl\/coquimbo\/columna-de-opinion-vivir-como-lo-haces-tu\/#primaryimage","url":"https:\/\/explora.cl\/coquimbo\/wp-content\/uploads\/sites\/6\/2020\/01\/Gonzalo-Barriga-Director-de-Dr.-Virus-y-los-Invisibles-e1579534498905.jpg","contentUrl":"https:\/\/explora.cl\/coquimbo\/wp-content\/uploads\/sites\/6\/2020\/01\/Gonzalo-Barriga-Director-de-Dr.-Virus-y-los-Invisibles-e1579534498905.jpg","width":1000,"height":722},{"@type":"BreadcrumbList","@id":"https:\/\/explora.cl\/coquimbo\/columna-de-opinion-vivir-como-lo-haces-tu\/#breadcrumb","itemListElement":[{"@type":"ListItem","position":1,"name":"Portada","item":"https:\/\/explora.cl\/coquimbo\/"},{"@type":"ListItem","position":2,"name":"Columna de opini\u00f3n: Vivir como lo haces t\u00fa"}]},{"@type":"WebSite","@id":"https:\/\/explora.cl\/coquimbo\/#website","url":"https:\/\/explora.cl\/coquimbo\/","name":"Coquimbo","description":"Otro sitio m\u00e1s de explora.cl","publisher":{"@id":"https:\/\/explora.cl\/coquimbo\/#organization"},"potentialAction":[{"@type":"SearchAction","target":{"@type":"EntryPoint","urlTemplate":"https:\/\/explora.cl\/coquimbo\/?s={search_term_string}"},"query-input":{"@type":"PropertyValueSpecification","valueRequired":true,"valueName":"search_term_string"}}],"inLanguage":"es-CL"},{"@type":"Organization","@id":"https:\/\/explora.cl\/coquimbo\/#organization","name":"Coquimbo","url":"https:\/\/explora.cl\/coquimbo\/","logo":{"@type":"ImageObject","inLanguage":"es-CL","@id":"https:\/\/explora.cl\/coquimbo\/#\/schema\/logo\/image\/","url":"https:\/\/explora.cl\/coquimbo\/wp-content\/uploads\/sites\/6\/2020\/08\/cropped-Mesa-de-trabajo-1-100.jpg","contentUrl":"https:\/\/explora.cl\/coquimbo\/wp-content\/uploads\/sites\/6\/2020\/08\/cropped-Mesa-de-trabajo-1-100.jpg","width":615,"height":576,"caption":"Coquimbo"},"image":{"@id":"https:\/\/explora.cl\/coquimbo\/#\/schema\/logo\/image\/"}},{"@type":"Person","@id":"https:\/\/explora.cl\/coquimbo\/#\/schema\/person\/c171f405669e4e4f7e56a099200d2fe6","name":"jimartin","image":{"@type":"ImageObject","inLanguage":"es-CL","@id":"https:\/\/explora.cl\/coquimbo\/#\/schema\/person\/image\/","url":"https:\/\/secure.gravatar.com\/avatar\/8dfd7d14443934731a5aea629f40c1aceb42cc8b566a9926567e833c9d22b643?s=96&d=mm&r=g","contentUrl":"https:\/\/secure.gravatar.com\/avatar\/8dfd7d14443934731a5aea629f40c1aceb42cc8b566a9926567e833c9d22b643?s=96&d=mm&r=g","caption":"jimartin"},"url":"https:\/\/explora.cl\/coquimbo\/author\/jimartin\/"}]}},"_links":{"self":[{"href":"https:\/\/explora.cl\/coquimbo\/wp-json\/wp\/v2\/posts\/40316","targetHints":{"allow":["GET"]}}],"collection":[{"href":"https:\/\/explora.cl\/coquimbo\/wp-json\/wp\/v2\/posts"}],"about":[{"href":"https:\/\/explora.cl\/coquimbo\/wp-json\/wp\/v2\/types\/post"}],"author":[{"embeddable":true,"href":"https:\/\/explora.cl\/coquimbo\/wp-json\/wp\/v2\/users\/21"}],"replies":[{"embeddable":true,"href":"https:\/\/explora.cl\/coquimbo\/wp-json\/wp\/v2\/comments?post=40316"}],"version-history":[{"count":1,"href":"https:\/\/explora.cl\/coquimbo\/wp-json\/wp\/v2\/posts\/40316\/revisions"}],"predecessor-version":[{"id":40318,"href":"https:\/\/explora.cl\/coquimbo\/wp-json\/wp\/v2\/posts\/40316\/revisions\/40318"}],"wp:featuredmedia":[{"embeddable":true,"href":"https:\/\/explora.cl\/coquimbo\/wp-json\/wp\/v2\/media\/40317"}],"wp:attachment":[{"href":"https:\/\/explora.cl\/coquimbo\/wp-json\/wp\/v2\/media?parent=40316"}],"wp:term":[{"taxonomy":"category","embeddable":true,"href":"https:\/\/explora.cl\/coquimbo\/wp-json\/wp\/v2\/categories?post=40316"},{"taxonomy":"post_tag","embeddable":true,"href":"https:\/\/explora.cl\/coquimbo\/wp-json\/wp\/v2\/tags?post=40316"}],"curies":[{"name":"wp","href":"https:\/\/api.w.org\/{rel}","templated":true}]}}