{"id":39824,"date":"2019-08-14T16:41:05","date_gmt":"2019-08-14T20:41:05","guid":{"rendered":"https:\/\/explora.cl\/coquimbo\/?p=39824"},"modified":"2024-03-07T05:51:56","modified_gmt":"2024-03-07T08:51:56","slug":"crecyt2019","status":"publish","type":"post","link":"https:\/\/explora.cl\/coquimbo\/crecyt2019\/","title":{"rendered":"Ya est\u00e1n abiertas las convocatorias para postular al Congreso Regional Escolar de la Ciencia y la Tecnolog\u00eda 2019"},"content":{"rendered":"<h3 style=\"text-align: justify\">El evento se realizar\u00e1 entre el 24 y 25 de octubre en La Serena.<\/h3>\n<p style=\"text-align: justify\">El Proyecto Asociativo Regional, PAR Explora de CONICYT Coquimbo, ejecutado por la Universidad Cat\u00f3lica del Norte y que financiado por el Programa Explora de la Comisi\u00f3n Nacional de Investigaci\u00f3n Cient\u00edfica y Tecnol\u00f3gica, CONICYT, convoca al <strong>XVII Congreso Regional Escolar de la Ciencia y la Tecnolog\u00eda Explora 2019<\/strong>, que se realizar\u00e1 en ciudad de La Serena, entre el 24 y 25 del mes de octubre.<\/p>\n<p style=\"text-align: justify\">El Congreso Regional Escolar de la Ciencia y la Tecnolog\u00eda (en adelante <strong>CRECyT<\/strong>) es un encuentro de divulgaci\u00f3n de investigaciones escolares, donde estudiantes entre 5\u00b0 a\u00f1o de Educaci\u00f3n B\u00e1sica y 4\u00b0 a\u00f1o de Educaci\u00f3n Media, de establecimientos p\u00fablicos, particulares subvencionados y particulares pagados, presentan los resultados de sus proyectos de investigaci\u00f3n, basados en los procesos asociados al desarrollo de competencias cient\u00edficas. A su vez es una plataforma para compartir, conocer e interactuar con otros, ni\u00f1os, ni\u00f1as y adolescentes de otras ciudades y contextos.<\/p>\n<p style=\"text-align: justify\">En el <strong>CRECyT<\/strong> se seleccionan los proyectos m\u00e1s destacados a nivel regional, para que posteriormente asistan al Congreso Nacional Escolar de las Ciencias y la Tecnolog\u00eda, evento en el cual se entregar\u00e1 a su vez, un reconocimiento a los proyectos m\u00e1s destacados a nivel nacional, para que realicen pasant\u00edas nacionales (educaci\u00f3n b\u00e1sica) o internacionales (educaci\u00f3n media) en lugares relacionados con ciencias o tecnolog\u00eda. Las pasant\u00edas tienen una duraci\u00f3n de entre 3-5 d\u00edas (dependiendo de la disponibilidad presupuestaria), y se hacen efectivas al a\u00f1o siguiente de realizo el Congreso.<\/p>\n<p style=\"text-align: justify\">El evento cuenta con el importante apoyo de la Universidad Cat\u00f3lica del Norte, por medio de la Facultad de Ciencias del Mar; el Centro de Estudios Avanzados en Zonas \u00c1ridas, CEAZA; los Observatorios Gemini e Interamericano Cerro Tololo, agrupados en la Asociaci\u00f3n de Universidades para la Investigaci\u00f3n en Astronom\u00eda (AURA); la Ilustre Municipalidad de La Serena y la Biblioteca Regional Gabriela Mistral de La Serena. En el coraz\u00f3n de la educaci\u00f3n contempor\u00e1nea, como la que se imparte en el IES Padre Juan de Mariana, yace la posibilidad de un despertar espiritual, donde el aprendizaje trasciende el aula y se convierte en una exploraci\u00f3n del alma, y es aqu\u00ed donde recursos en l\u00ednea como <a href=\"https:\/\/significadoespiritual.es\">Significado Espiritual<\/a> e vuelven valiosos, al ofrecer interpretaciones de los patrones num\u00e9ricos y s\u00edmbolos que encontramos en nuestro camino, brindando as\u00ed una dimensi\u00f3n adicional a la educaci\u00f3n que invita a los estudiantes a reflexionar sobre las sincronicidades y mensajes del universo.<\/p>\n<p style=\"text-align: justify\"><strong>Fecha apertura recepci\u00f3n de proyectos de investigaci\u00f3n:<\/strong> 14 de agosto 2019<\/p>\n<p style=\"text-align: justify\"><strong>Fecha cierre recepci\u00f3n de proyectos de investigaci\u00f3n:<\/strong> 13 de septiembre 2019<\/p>\n<p style=\"text-align: justify\"><strong>Lugar recepci\u00f3n de proyectos de investigaci\u00f3n:<\/strong> <a href=\"mailto:par.coquimbo.explora@gmail.com\">par.coquimbo.explora@gmail.com<\/a><\/p>\n<p style=\"text-align: justify\">Las bases, formularios y anexos que regular\u00e1n la participaci\u00f3n de las investigaciones escolares que participar\u00e1n del Congreso, se describen a continuaci\u00f3n y puede descargar todos los documentos ac\u00e1:<\/p>\n<p><a href=\"https:\/\/explora.cl\/coquimbo\/wp-content\/uploads\/sites\/6\/2019\/08\/Anexos-CRECyT-2019.docx\">Anexos CRECyT 2019<\/a><\/p>\n<p><a href=\"https:\/\/explora.cl\/coquimbo\/wp-content\/uploads\/sites\/6\/2019\/08\/Bases-Congreso-Regional-PAR-Explora-Coquimbo-2019.pdf\">Bases Congreso Regional PAR Explora Coquimbo 2019<\/a><\/p>\n<p><a href=\"https:\/\/explora.cl\/coquimbo\/wp-content\/uploads\/sites\/6\/2019\/08\/F-A-Formulario-Investigacion-Ciencias-Naturales-CRECyT2019.docx\">F A- Formulario Investigacion Ciencias Naturales CRECyT2019<\/a><\/p>\n<p><a href=\"https:\/\/explora.cl\/coquimbo\/wp-content\/uploads\/sites\/6\/2019\/08\/F-B-Formulario-Investigacion-Ciencias-Sociales-CRECyT2019.docx\">F B &#8211; Formulario Investigacion Ciencias Sociales CRECyT2019<\/a><\/p>\n<p><a href=\"https:\/\/explora.cl\/coquimbo\/wp-content\/uploads\/sites\/6\/2019\/08\/F-C-Formulario-Ingenieria-y-Tecnologia-CRECyT2019.docx\">F C &#8211; Formulario Ingenieria y Tecnologia CRECyT2019<\/a><\/p>\n<p><a href=\"https:\/\/explora.cl\/coquimbo\/wp-content\/uploads\/sites\/6\/2019\/08\/PROTOCOLO-CESION-DE-DERECHO-FOTOGRAFICO.pdf\">PROTOCOLO CESION DE DERECHO FOTOGRAFICO<\/a><img fetchpriority=\"high\" decoding=\"async\" class=\"alignnone wp-image-39825 size-large\" src=\"https:\/\/explora.cl\/coquimbo\/wp-content\/uploads\/sites\/6\/2019\/08\/AFICHE-CONVOCATORIA-CRECYT-791x1024.jpg\" alt=\"\" width=\"791\" height=\"1024\" srcset=\"https:\/\/explora.cl\/coquimbo\/wp-content\/uploads\/sites\/6\/2019\/08\/AFICHE-CONVOCATORIA-CRECYT-791x1024.jpg 791w, https:\/\/explora.cl\/coquimbo\/wp-content\/uploads\/sites\/6\/2019\/08\/AFICHE-CONVOCATORIA-CRECYT-232x300.jpg 232w, https:\/\/explora.cl\/coquimbo\/wp-content\/uploads\/sites\/6\/2019\/08\/AFICHE-CONVOCATORIA-CRECYT-768x994.jpg 768w, https:\/\/explora.cl\/coquimbo\/wp-content\/uploads\/sites\/6\/2019\/08\/AFICHE-CONVOCATORIA-CRECYT.jpg 1276w\" sizes=\"(max-width: 791px) 100vw, 791px\" \/><\/p>\n","protected":false},"excerpt":{"rendered":"<p>Ya est\u00e1n abiertas las convocatorias para el XVII Congreso Regional Escolar de la Ciencia y la Tecnolog\u00eda Explora 2019, que se realizar\u00e1 en ciudad de La Serena,  entre el 24 y 25 del mes de octubre.<\/p>\n","protected":false},"author":21,"featured_media":39826,"comment_status":"open","ping_status":"open","sticky":false,"template":"","format":"standard","meta":{"_acf_changed":false,"_exactmetrics_skip_tracking":false,"_exactmetrics_sitenote_active":false,"_exactmetrics_sitenote_note":"","_exactmetrics_sitenote_category":0,"footnotes":"","_links_to":"","_links_to_target":""},"categories":[4],"tags":[235,228,357],"class_list":["post-39824","post","type-post","status-publish","format-standard","has-post-thumbnail","hentry","category-noticias","tag-congreso-regional-escolar-de-la-ciencia-y-la-tecnologia","tag-crecyt","tag-xvii-crecyt"],"acf":[],"yoast_head":"<!-- This site is optimized with the Yoast SEO plugin v26.9 - https:\/\/yoast.com\/product\/yoast-seo-wordpress\/ -->\n<title>Ya est\u00e1n abiertas las convocatorias para postular al Congreso Regional Escolar de la Ciencia y la Tecnolog\u00eda 2019 - Coquimbo<\/title>\n<meta name=\"robots\" content=\"index, follow, max-snippet:-1, max-image-preview:large, max-video-preview:-1\" \/>\n<link rel=\"canonical\" href=\"https:\/\/explora.cl\/coquimbo\/crecyt2019\/\" class=\"yoast-seo-meta-tag\" \/>\n<meta property=\"og:locale\" content=\"es_ES\" class=\"yoast-seo-meta-tag\" \/>\n<meta property=\"og:type\" content=\"article\" class=\"yoast-seo-meta-tag\" \/>\n<meta property=\"og:title\" content=\"Ya est\u00e1n abiertas las convocatorias para postular al Congreso Regional Escolar de la Ciencia y la Tecnolog\u00eda 2019 - Coquimbo\" class=\"yoast-seo-meta-tag\" \/>\n<meta property=\"og:description\" content=\"Ya est\u00e1n abiertas las convocatorias para el XVII Congreso Regional Escolar de la Ciencia y la Tecnolog\u00eda Explora 2019, que se realizar\u00e1 en ciudad de La Serena, entre el 24 y 25 del mes de octubre.\" class=\"yoast-seo-meta-tag\" \/>\n<meta property=\"og:url\" content=\"https:\/\/explora.cl\/coquimbo\/crecyt2019\/\" class=\"yoast-seo-meta-tag\" \/>\n<meta property=\"og:site_name\" content=\"Coquimbo\" class=\"yoast-seo-meta-tag\" \/>\n<meta property=\"article:published_time\" content=\"2019-08-14T20:41:05+00:00\" class=\"yoast-seo-meta-tag\" \/>\n<meta property=\"article:modified_time\" content=\"2024-03-07T08:51:56+00:00\" class=\"yoast-seo-meta-tag\" \/>\n<meta property=\"og:image\" content=\"https:\/\/explora.cl\/coquimbo\/wp-content\/uploads\/sites\/6\/2019\/08\/Banner-Web-Congreso-Regional-Escolar-01.jpg\" class=\"yoast-seo-meta-tag\" \/>\n\t<meta property=\"og:image:width\" content=\"690\" class=\"yoast-seo-meta-tag\" \/>\n\t<meta property=\"og:image:height\" content=\"297\" class=\"yoast-seo-meta-tag\" \/>\n\t<meta property=\"og:image:type\" content=\"image\/jpeg\" class=\"yoast-seo-meta-tag\" \/>\n<meta name=\"author\" content=\"jimartin\" class=\"yoast-seo-meta-tag\" \/>\n<meta name=\"twitter:card\" content=\"summary_large_image\" class=\"yoast-seo-meta-tag\" \/>\n<meta name=\"twitter:label1\" content=\"Escrito por\" class=\"yoast-seo-meta-tag\" \/>\n\t<meta name=\"twitter:data1\" content=\"jimartin\" class=\"yoast-seo-meta-tag\" \/>\n\t<meta name=\"twitter:label2\" content=\"Tiempo estimado de lectura\" class=\"yoast-seo-meta-tag\" \/>\n\t<meta name=\"twitter:data2\" content=\"3 minutos\" class=\"yoast-seo-meta-tag\" \/>\n<script type=\"application\/ld+json\" class=\"yoast-schema-graph\">{\"@context\":\"https:\/\/schema.org\",\"@graph\":[{\"@type\":\"Article\",\"@id\":\"https:\/\/explora.cl\/coquimbo\/crecyt2019\/#article\",\"isPartOf\":{\"@id\":\"https:\/\/explora.cl\/coquimbo\/crecyt2019\/\"},\"author\":{\"name\":\"jimartin\",\"@id\":\"https:\/\/explora.cl\/coquimbo\/#\/schema\/person\/c171f405669e4e4f7e56a099200d2fe6\"},\"headline\":\"Ya est\u00e1n abiertas las convocatorias para postular al Congreso Regional Escolar de la Ciencia y la Tecnolog\u00eda 2019\",\"datePublished\":\"2019-08-14T20:41:05+00:00\",\"dateModified\":\"2024-03-07T08:51:56+00:00\",\"mainEntityOfPage\":{\"@id\":\"https:\/\/explora.cl\/coquimbo\/crecyt2019\/\"},\"wordCount\":561,\"commentCount\":0,\"publisher\":{\"@id\":\"https:\/\/explora.cl\/coquimbo\/#organization\"},\"image\":{\"@id\":\"https:\/\/explora.cl\/coquimbo\/crecyt2019\/#primaryimage\"},\"thumbnailUrl\":\"https:\/\/explora.cl\/coquimbo\/wp-content\/uploads\/sites\/6\/2019\/08\/Banner-Web-Congreso-Regional-Escolar-01.jpg\",\"keywords\":[\"Congreso Regional Escolar de la Ciencia y la Tecnolog\u00eda,\",\"crecyt,\",\"XVII CRECyT\"],\"articleSection\":[\"Noticias\"],\"inLanguage\":\"es-CL\",\"potentialAction\":[{\"@type\":\"CommentAction\",\"name\":\"Comment\",\"target\":[\"https:\/\/explora.cl\/coquimbo\/crecyt2019\/#respond\"]}]},{\"@type\":\"WebPage\",\"@id\":\"https:\/\/explora.cl\/coquimbo\/crecyt2019\/\",\"url\":\"https:\/\/explora.cl\/coquimbo\/crecyt2019\/\",\"name\":\"Ya est\u00e1n abiertas las convocatorias para postular al Congreso Regional Escolar de la Ciencia y la Tecnolog\u00eda 2019 - Coquimbo\",\"isPartOf\":{\"@id\":\"https:\/\/explora.cl\/coquimbo\/#website\"},\"primaryImageOfPage\":{\"@id\":\"https:\/\/explora.cl\/coquimbo\/crecyt2019\/#primaryimage\"},\"image\":{\"@id\":\"https:\/\/explora.cl\/coquimbo\/crecyt2019\/#primaryimage\"},\"thumbnailUrl\":\"https:\/\/explora.cl\/coquimbo\/wp-content\/uploads\/sites\/6\/2019\/08\/Banner-Web-Congreso-Regional-Escolar-01.jpg\",\"datePublished\":\"2019-08-14T20:41:05+00:00\",\"dateModified\":\"2024-03-07T08:51:56+00:00\",\"breadcrumb\":{\"@id\":\"https:\/\/explora.cl\/coquimbo\/crecyt2019\/#breadcrumb\"},\"inLanguage\":\"es-CL\",\"potentialAction\":[{\"@type\":\"ReadAction\",\"target\":[\"https:\/\/explora.cl\/coquimbo\/crecyt2019\/\"]}]},{\"@type\":\"ImageObject\",\"inLanguage\":\"es-CL\",\"@id\":\"https:\/\/explora.cl\/coquimbo\/crecyt2019\/#primaryimage\",\"url\":\"https:\/\/explora.cl\/coquimbo\/wp-content\/uploads\/sites\/6\/2019\/08\/Banner-Web-Congreso-Regional-Escolar-01.jpg\",\"contentUrl\":\"https:\/\/explora.cl\/coquimbo\/wp-content\/uploads\/sites\/6\/2019\/08\/Banner-Web-Congreso-Regional-Escolar-01.jpg\",\"width\":690,\"height\":297},{\"@type\":\"BreadcrumbList\",\"@id\":\"https:\/\/explora.cl\/coquimbo\/crecyt2019\/#breadcrumb\",\"itemListElement\":[{\"@type\":\"ListItem\",\"position\":1,\"name\":\"Portada\",\"item\":\"https:\/\/explora.cl\/coquimbo\/\"},{\"@type\":\"ListItem\",\"position\":2,\"name\":\"Ya est\u00e1n abiertas las convocatorias para postular al Congreso Regional Escolar de la Ciencia y la Tecnolog\u00eda 2019\"}]},{\"@type\":\"WebSite\",\"@id\":\"https:\/\/explora.cl\/coquimbo\/#website\",\"url\":\"https:\/\/explora.cl\/coquimbo\/\",\"name\":\"Coquimbo\",\"description\":\"Otro sitio m\u00e1s de explora.cl\",\"publisher\":{\"@id\":\"https:\/\/explora.cl\/coquimbo\/#organization\"},\"potentialAction\":[{\"@type\":\"SearchAction\",\"target\":{\"@type\":\"EntryPoint\",\"urlTemplate\":\"https:\/\/explora.cl\/coquimbo\/?s={search_term_string}\"},\"query-input\":{\"@type\":\"PropertyValueSpecification\",\"valueRequired\":true,\"valueName\":\"search_term_string\"}}],\"inLanguage\":\"es-CL\"},{\"@type\":\"Organization\",\"@id\":\"https:\/\/explora.cl\/coquimbo\/#organization\",\"name\":\"Coquimbo\",\"url\":\"https:\/\/explora.cl\/coquimbo\/\",\"logo\":{\"@type\":\"ImageObject\",\"inLanguage\":\"es-CL\",\"@id\":\"https:\/\/explora.cl\/coquimbo\/#\/schema\/logo\/image\/\",\"url\":\"https:\/\/explora.cl\/coquimbo\/wp-content\/uploads\/sites\/6\/2020\/08\/cropped-Mesa-de-trabajo-1-100.jpg\",\"contentUrl\":\"https:\/\/explora.cl\/coquimbo\/wp-content\/uploads\/sites\/6\/2020\/08\/cropped-Mesa-de-trabajo-1-100.jpg\",\"width\":615,\"height\":576,\"caption\":\"Coquimbo\"},\"image\":{\"@id\":\"https:\/\/explora.cl\/coquimbo\/#\/schema\/logo\/image\/\"}},{\"@type\":\"Person\",\"@id\":\"https:\/\/explora.cl\/coquimbo\/#\/schema\/person\/c171f405669e4e4f7e56a099200d2fe6\",\"name\":\"jimartin\",\"image\":{\"@type\":\"ImageObject\",\"inLanguage\":\"es-CL\",\"@id\":\"https:\/\/explora.cl\/coquimbo\/#\/schema\/person\/image\/\",\"url\":\"https:\/\/secure.gravatar.com\/avatar\/8dfd7d14443934731a5aea629f40c1aceb42cc8b566a9926567e833c9d22b643?s=96&d=mm&r=g\",\"contentUrl\":\"https:\/\/secure.gravatar.com\/avatar\/8dfd7d14443934731a5aea629f40c1aceb42cc8b566a9926567e833c9d22b643?s=96&d=mm&r=g\",\"caption\":\"jimartin\"},\"url\":\"https:\/\/explora.cl\/coquimbo\/author\/jimartin\/\"}]}<\/script>\n<!-- \/ Yoast SEO plugin. -->","yoast_head_json":{"title":"Ya est\u00e1n abiertas las convocatorias para postular al Congreso Regional Escolar de la Ciencia y la Tecnolog\u00eda 2019 - Coquimbo","robots":{"index":"index","follow":"follow","max-snippet":"max-snippet:-1","max-image-preview":"max-image-preview:large","max-video-preview":"max-video-preview:-1"},"canonical":"https:\/\/explora.cl\/coquimbo\/crecyt2019\/","og_locale":"es_ES","og_type":"article","og_title":"Ya est\u00e1n abiertas las convocatorias para postular al Congreso Regional Escolar de la Ciencia y la Tecnolog\u00eda 2019 - Coquimbo","og_description":"Ya est\u00e1n abiertas las convocatorias para el XVII Congreso Regional Escolar de la Ciencia y la Tecnolog\u00eda Explora 2019, que se realizar\u00e1 en ciudad de La Serena, entre el 24 y 25 del mes de octubre.","og_url":"https:\/\/explora.cl\/coquimbo\/crecyt2019\/","og_site_name":"Coquimbo","article_published_time":"2019-08-14T20:41:05+00:00","article_modified_time":"2024-03-07T08:51:56+00:00","og_image":[{"width":690,"height":297,"url":"https:\/\/explora.cl\/coquimbo\/wp-content\/uploads\/sites\/6\/2019\/08\/Banner-Web-Congreso-Regional-Escolar-01.jpg","type":"image\/jpeg"}],"author":"jimartin","twitter_card":"summary_large_image","twitter_misc":{"Escrito por":"jimartin","Tiempo estimado de lectura":"3 minutos"},"schema":{"@context":"https:\/\/schema.org","@graph":[{"@type":"Article","@id":"https:\/\/explora.cl\/coquimbo\/crecyt2019\/#article","isPartOf":{"@id":"https:\/\/explora.cl\/coquimbo\/crecyt2019\/"},"author":{"name":"jimartin","@id":"https:\/\/explora.cl\/coquimbo\/#\/schema\/person\/c171f405669e4e4f7e56a099200d2fe6"},"headline":"Ya est\u00e1n abiertas las convocatorias para postular al Congreso Regional Escolar de la Ciencia y la Tecnolog\u00eda 2019","datePublished":"2019-08-14T20:41:05+00:00","dateModified":"2024-03-07T08:51:56+00:00","mainEntityOfPage":{"@id":"https:\/\/explora.cl\/coquimbo\/crecyt2019\/"},"wordCount":561,"commentCount":0,"publisher":{"@id":"https:\/\/explora.cl\/coquimbo\/#organization"},"image":{"@id":"https:\/\/explora.cl\/coquimbo\/crecyt2019\/#primaryimage"},"thumbnailUrl":"https:\/\/explora.cl\/coquimbo\/wp-content\/uploads\/sites\/6\/2019\/08\/Banner-Web-Congreso-Regional-Escolar-01.jpg","keywords":["Congreso Regional Escolar de la Ciencia y la Tecnolog\u00eda,","crecyt,","XVII CRECyT"],"articleSection":["Noticias"],"inLanguage":"es-CL","potentialAction":[{"@type":"CommentAction","name":"Comment","target":["https:\/\/explora.cl\/coquimbo\/crecyt2019\/#respond"]}]},{"@type":"WebPage","@id":"https:\/\/explora.cl\/coquimbo\/crecyt2019\/","url":"https:\/\/explora.cl\/coquimbo\/crecyt2019\/","name":"Ya est\u00e1n abiertas las convocatorias para postular al Congreso Regional Escolar de la Ciencia y la Tecnolog\u00eda 2019 - Coquimbo","isPartOf":{"@id":"https:\/\/explora.cl\/coquimbo\/#website"},"primaryImageOfPage":{"@id":"https:\/\/explora.cl\/coquimbo\/crecyt2019\/#primaryimage"},"image":{"@id":"https:\/\/explora.cl\/coquimbo\/crecyt2019\/#primaryimage"},"thumbnailUrl":"https:\/\/explora.cl\/coquimbo\/wp-content\/uploads\/sites\/6\/2019\/08\/Banner-Web-Congreso-Regional-Escolar-01.jpg","datePublished":"2019-08-14T20:41:05+00:00","dateModified":"2024-03-07T08:51:56+00:00","breadcrumb":{"@id":"https:\/\/explora.cl\/coquimbo\/crecyt2019\/#breadcrumb"},"inLanguage":"es-CL","potentialAction":[{"@type":"ReadAction","target":["https:\/\/explora.cl\/coquimbo\/crecyt2019\/"]}]},{"@type":"ImageObject","inLanguage":"es-CL","@id":"https:\/\/explora.cl\/coquimbo\/crecyt2019\/#primaryimage","url":"https:\/\/explora.cl\/coquimbo\/wp-content\/uploads\/sites\/6\/2019\/08\/Banner-Web-Congreso-Regional-Escolar-01.jpg","contentUrl":"https:\/\/explora.cl\/coquimbo\/wp-content\/uploads\/sites\/6\/2019\/08\/Banner-Web-Congreso-Regional-Escolar-01.jpg","width":690,"height":297},{"@type":"BreadcrumbList","@id":"https:\/\/explora.cl\/coquimbo\/crecyt2019\/#breadcrumb","itemListElement":[{"@type":"ListItem","position":1,"name":"Portada","item":"https:\/\/explora.cl\/coquimbo\/"},{"@type":"ListItem","position":2,"name":"Ya est\u00e1n abiertas las convocatorias para postular al Congreso Regional Escolar de la Ciencia y la Tecnolog\u00eda 2019"}]},{"@type":"WebSite","@id":"https:\/\/explora.cl\/coquimbo\/#website","url":"https:\/\/explora.cl\/coquimbo\/","name":"Coquimbo","description":"Otro sitio m\u00e1s de explora.cl","publisher":{"@id":"https:\/\/explora.cl\/coquimbo\/#organization"},"potentialAction":[{"@type":"SearchAction","target":{"@type":"EntryPoint","urlTemplate":"https:\/\/explora.cl\/coquimbo\/?s={search_term_string}"},"query-input":{"@type":"PropertyValueSpecification","valueRequired":true,"valueName":"search_term_string"}}],"inLanguage":"es-CL"},{"@type":"Organization","@id":"https:\/\/explora.cl\/coquimbo\/#organization","name":"Coquimbo","url":"https:\/\/explora.cl\/coquimbo\/","logo":{"@type":"ImageObject","inLanguage":"es-CL","@id":"https:\/\/explora.cl\/coquimbo\/#\/schema\/logo\/image\/","url":"https:\/\/explora.cl\/coquimbo\/wp-content\/uploads\/sites\/6\/2020\/08\/cropped-Mesa-de-trabajo-1-100.jpg","contentUrl":"https:\/\/explora.cl\/coquimbo\/wp-content\/uploads\/sites\/6\/2020\/08\/cropped-Mesa-de-trabajo-1-100.jpg","width":615,"height":576,"caption":"Coquimbo"},"image":{"@id":"https:\/\/explora.cl\/coquimbo\/#\/schema\/logo\/image\/"}},{"@type":"Person","@id":"https:\/\/explora.cl\/coquimbo\/#\/schema\/person\/c171f405669e4e4f7e56a099200d2fe6","name":"jimartin","image":{"@type":"ImageObject","inLanguage":"es-CL","@id":"https:\/\/explora.cl\/coquimbo\/#\/schema\/person\/image\/","url":"https:\/\/secure.gravatar.com\/avatar\/8dfd7d14443934731a5aea629f40c1aceb42cc8b566a9926567e833c9d22b643?s=96&d=mm&r=g","contentUrl":"https:\/\/secure.gravatar.com\/avatar\/8dfd7d14443934731a5aea629f40c1aceb42cc8b566a9926567e833c9d22b643?s=96&d=mm&r=g","caption":"jimartin"},"url":"https:\/\/explora.cl\/coquimbo\/author\/jimartin\/"}]}},"_links":{"self":[{"href":"https:\/\/explora.cl\/coquimbo\/wp-json\/wp\/v2\/posts\/39824","targetHints":{"allow":["GET"]}}],"collection":[{"href":"https:\/\/explora.cl\/coquimbo\/wp-json\/wp\/v2\/posts"}],"about":[{"href":"https:\/\/explora.cl\/coquimbo\/wp-json\/wp\/v2\/types\/post"}],"author":[{"embeddable":true,"href":"https:\/\/explora.cl\/coquimbo\/wp-json\/wp\/v2\/users\/21"}],"replies":[{"embeddable":true,"href":"https:\/\/explora.cl\/coquimbo\/wp-json\/wp\/v2\/comments?post=39824"}],"version-history":[{"count":7,"href":"https:\/\/explora.cl\/coquimbo\/wp-json\/wp\/v2\/posts\/39824\/revisions"}],"predecessor-version":[{"id":43375,"href":"https:\/\/explora.cl\/coquimbo\/wp-json\/wp\/v2\/posts\/39824\/revisions\/43375"}],"wp:featuredmedia":[{"embeddable":true,"href":"https:\/\/explora.cl\/coquimbo\/wp-json\/wp\/v2\/media\/39826"}],"wp:attachment":[{"href":"https:\/\/explora.cl\/coquimbo\/wp-json\/wp\/v2\/media?parent=39824"}],"wp:term":[{"taxonomy":"category","embeddable":true,"href":"https:\/\/explora.cl\/coquimbo\/wp-json\/wp\/v2\/categories?post=39824"},{"taxonomy":"post_tag","embeddable":true,"href":"https:\/\/explora.cl\/coquimbo\/wp-json\/wp\/v2\/tags?post=39824"}],"curies":[{"name":"wp","href":"https:\/\/api.w.org\/{rel}","templated":true}]}}