{"id":39510,"date":"2019-06-06T13:57:51","date_gmt":"2019-06-06T13:57:51","guid":{"rendered":"https:\/\/explora.cl\/coquimbo\/?p=39510"},"modified":"2019-07-31T16:12:54","modified_gmt":"2019-07-31T20:12:54","slug":"cultura-cti-ciencia-tecnologia-e-innovacion-1-2-2","status":"publish","type":"post","link":"https:\/\/explora.cl\/coquimbo\/cultura-cti-ciencia-tecnologia-e-innovacion-1-2-2\/","title":{"rendered":"Ferias \u2013 Semilleros de divulgaci\u00f3n cient\u00edfica"},"content":{"rendered":"<p>El objetivo de las <strong>\u201cFerias \u2013 Semilleros de divulgaci\u00f3n cient\u00edfica\u201d<\/strong>, es contribuir al desarrollo de un \u201cecosistema de divulgaci\u00f3n\u201d, promoviendo la cultura de organizaci\u00f3n de eventos escolares como una plataforma de divulgaci\u00f3n cient\u00edfica a la comunidad local, fomentando la mirada de g\u00e9nero en espacios educativos y fortaleciendo la investigaci\u00f3n cient\u00edfica escolar.<\/p>\n<p>Con este enfoque se pretende involucrar a diferentes actores relevantes en el proceso de comunicaci\u00f3n p\u00fablica de la ciencia, apuntando a lograr un p\u00fablico con mayor curiosidad hacia el desarrollo cient\u00edfico-tecnol\u00f3gico, ni\u00f1as con mayor valoraci\u00f3n y confianza en el rol de la mujer en la ciencia, as\u00ed como escolares y docentes organizadores de Ferias con mayor empoderamiento en los procesos de investigaci\u00f3n cient\u00edfica escolar.<\/p>\n<p>Para postular a el desarrollo de las iniciativas, debes estar atento a las bases y formularios que realizar\u00e1 el Proyecto, que, mediante una recepci\u00f3n p\u00fablica y masiva, seleccionar\u00e1 las ofertas de propuestas de Ferias que mejor se adecuen al objetivo de las \u201cFerias \u2013 Semilleros de divulgaci\u00f3n cient\u00edfica\u201d, cautelando la cobertura del PAR.<\/p>\n<p><strong>Pueden participar:<\/strong> Establecimientos educacionales de la Regi\u00f3n de Coquimbo<\/p>\n<p>Revisa m\u00e1s ac\u00e1:<\/p>\n<blockquote class=\"wp-embedded-content\" data-secret=\"pjF7mFqM03\"><p><a href=\"https:\/\/explora.cl\/coquimbo\/conoce-la-iniciativa-semilleros-de-divulgacion-cientifica-y-postula-aca-para-que-apoyemos-tu-feria-escolar\/\">Conoce la iniciativa Semilleros de Divulgaci\u00f3n Cient\u00edfica y postula ac\u00e1 para que apoyemos tu Feria Escolar<\/a><\/p><\/blockquote>\n<p><iframe class=\"wp-embedded-content\" sandbox=\"allow-scripts\" security=\"restricted\" style=\"position: absolute; visibility: hidden;\" title=\"&#8220;Conoce la iniciativa Semilleros de Divulgaci\u00f3n Cient\u00edfica y postula ac\u00e1 para que apoyemos tu Feria Escolar&#8221; &#8212; Coquimbo\" src=\"https:\/\/explora.cl\/coquimbo\/conoce-la-iniciativa-semilleros-de-divulgacion-cientifica-y-postula-aca-para-que-apoyemos-tu-feria-escolar\/embed\/#?secret=HkIc6BUSZX#?secret=pjF7mFqM03\" data-secret=\"pjF7mFqM03\" width=\"600\" height=\"338\" frameborder=\"0\" marginwidth=\"0\" marginheight=\"0\" scrolling=\"no\"><\/iframe><\/p>\n<p><a href=\"https:\/\/explora.cl\/coquimbo\/conoce-la-iniciativa-semilleros-de-divulgacion-cientifica-y-postula-aca-para-que-apoyemos-tu-feria-escolar\/\" target=\"_blank\" class=\"vc-btn vc-btn-sm\">PARA INSCRIBIRTE CONT\u00c1CTATE AQU\u00cd<\/a><\/p>\n","protected":false},"excerpt":{"rendered":"<p>Iniciativa que busca contribuir al desarrollo de un \u201cecosistema de divulgaci\u00f3n\u201d, promoviendo la cultura de organizaci\u00f3n de eventos escolares como una plataforma de divulgaci\u00f3n cient\u00edfica a la comunidad local, fomentando la mirada de g\u00e9nero en espacios educativos y fortaleciendo la investigaci\u00f3n cient\u00edfica escolar.<\/p>\n","protected":false},"author":21,"featured_media":39504,"comment_status":"closed","ping_status":"open","sticky":false,"template":"","format":"standard","meta":{"_acf_changed":false,"_exactmetrics_skip_tracking":false,"_exactmetrics_sitenote_active":false,"_exactmetrics_sitenote_note":"","_exactmetrics_sitenote_category":0,"footnotes":"","_links_to":"","_links_to_target":""},"categories":[127,116],"tags":[],"class_list":["post-39510","post","type-post","status-publish","format-standard","has-post-thumbnail","hentry","category-iniciativas_publ_grl","category-para-comunidad-escolar"],"acf":[],"yoast_head":"<!-- This site is optimized with the Yoast SEO plugin v26.9 - https:\/\/yoast.com\/product\/yoast-seo-wordpress\/ -->\n<title>Ferias \u2013 Semilleros de divulgaci\u00f3n cient\u00edfica - Coquimbo<\/title>\n<meta name=\"robots\" content=\"index, follow, max-snippet:-1, max-image-preview:large, max-video-preview:-1\" \/>\n<link rel=\"canonical\" href=\"https:\/\/explora.cl\/coquimbo\/cultura-cti-ciencia-tecnologia-e-innovacion-1-2-2\/\" class=\"yoast-seo-meta-tag\" \/>\n<meta property=\"og:locale\" content=\"es_ES\" class=\"yoast-seo-meta-tag\" \/>\n<meta property=\"og:type\" content=\"article\" class=\"yoast-seo-meta-tag\" \/>\n<meta property=\"og:title\" content=\"Ferias \u2013 Semilleros de divulgaci\u00f3n cient\u00edfica - Coquimbo\" class=\"yoast-seo-meta-tag\" \/>\n<meta property=\"og:description\" content=\"Iniciativa que busca contribuir al desarrollo de un \u201cecosistema de divulgaci\u00f3n\u201d, promoviendo la cultura de organizaci\u00f3n de eventos escolares como una plataforma de divulgaci\u00f3n cient\u00edfica a la comunidad local, fomentando la mirada de g\u00e9nero en espacios educativos y fortaleciendo la investigaci\u00f3n cient\u00edfica escolar.\" class=\"yoast-seo-meta-tag\" \/>\n<meta property=\"og:url\" content=\"https:\/\/explora.cl\/coquimbo\/cultura-cti-ciencia-tecnologia-e-innovacion-1-2-2\/\" class=\"yoast-seo-meta-tag\" \/>\n<meta property=\"og:site_name\" content=\"Coquimbo\" class=\"yoast-seo-meta-tag\" \/>\n<meta property=\"article:published_time\" content=\"2019-06-06T13:57:51+00:00\" class=\"yoast-seo-meta-tag\" \/>\n<meta property=\"article:modified_time\" content=\"2019-07-31T20:12:54+00:00\" class=\"yoast-seo-meta-tag\" \/>\n<meta property=\"og:image\" content=\"https:\/\/explora.cl\/coquimbo\/wp-content\/uploads\/sites\/6\/2019\/06\/Actividad-Regional-2.jpg\" class=\"yoast-seo-meta-tag\" \/>\n\t<meta property=\"og:image:width\" content=\"340\" class=\"yoast-seo-meta-tag\" \/>\n\t<meta property=\"og:image:height\" content=\"277\" class=\"yoast-seo-meta-tag\" \/>\n\t<meta property=\"og:image:type\" content=\"image\/jpeg\" class=\"yoast-seo-meta-tag\" \/>\n<meta name=\"author\" content=\"jimartin\" class=\"yoast-seo-meta-tag\" \/>\n<meta name=\"twitter:card\" content=\"summary_large_image\" class=\"yoast-seo-meta-tag\" \/>\n<meta name=\"twitter:label1\" content=\"Escrito por\" class=\"yoast-seo-meta-tag\" \/>\n\t<meta name=\"twitter:data1\" content=\"jimartin\" class=\"yoast-seo-meta-tag\" \/>\n\t<meta name=\"twitter:label2\" content=\"Tiempo estimado de lectura\" class=\"yoast-seo-meta-tag\" \/>\n\t<meta name=\"twitter:data2\" content=\"1 minuto\" class=\"yoast-seo-meta-tag\" \/>\n<script type=\"application\/ld+json\" class=\"yoast-schema-graph\">{\"@context\":\"https:\/\/schema.org\",\"@graph\":[{\"@type\":\"Article\",\"@id\":\"https:\/\/explora.cl\/coquimbo\/cultura-cti-ciencia-tecnologia-e-innovacion-1-2-2\/#article\",\"isPartOf\":{\"@id\":\"https:\/\/explora.cl\/coquimbo\/cultura-cti-ciencia-tecnologia-e-innovacion-1-2-2\/\"},\"author\":{\"name\":\"jimartin\",\"@id\":\"https:\/\/explora.cl\/coquimbo\/#\/schema\/person\/c171f405669e4e4f7e56a099200d2fe6\"},\"headline\":\"Ferias \u2013 Semilleros de divulgaci\u00f3n cient\u00edfica\",\"datePublished\":\"2019-06-06T13:57:51+00:00\",\"dateModified\":\"2019-07-31T20:12:54+00:00\",\"mainEntityOfPage\":{\"@id\":\"https:\/\/explora.cl\/coquimbo\/cultura-cti-ciencia-tecnologia-e-innovacion-1-2-2\/\"},\"wordCount\":219,\"publisher\":{\"@id\":\"https:\/\/explora.cl\/coquimbo\/#organization\"},\"image\":{\"@id\":\"https:\/\/explora.cl\/coquimbo\/cultura-cti-ciencia-tecnologia-e-innovacion-1-2-2\/#primaryimage\"},\"thumbnailUrl\":\"https:\/\/explora.cl\/coquimbo\/wp-content\/uploads\/sites\/6\/2019\/06\/Actividad-Regional-2.jpg\",\"articleSection\":[\"Iniciativas\",\"Para Comunidad Escolar\"],\"inLanguage\":\"es-CL\"},{\"@type\":\"WebPage\",\"@id\":\"https:\/\/explora.cl\/coquimbo\/cultura-cti-ciencia-tecnologia-e-innovacion-1-2-2\/\",\"url\":\"https:\/\/explora.cl\/coquimbo\/cultura-cti-ciencia-tecnologia-e-innovacion-1-2-2\/\",\"name\":\"Ferias \u2013 Semilleros de divulgaci\u00f3n cient\u00edfica - Coquimbo\",\"isPartOf\":{\"@id\":\"https:\/\/explora.cl\/coquimbo\/#website\"},\"primaryImageOfPage\":{\"@id\":\"https:\/\/explora.cl\/coquimbo\/cultura-cti-ciencia-tecnologia-e-innovacion-1-2-2\/#primaryimage\"},\"image\":{\"@id\":\"https:\/\/explora.cl\/coquimbo\/cultura-cti-ciencia-tecnologia-e-innovacion-1-2-2\/#primaryimage\"},\"thumbnailUrl\":\"https:\/\/explora.cl\/coquimbo\/wp-content\/uploads\/sites\/6\/2019\/06\/Actividad-Regional-2.jpg\",\"datePublished\":\"2019-06-06T13:57:51+00:00\",\"dateModified\":\"2019-07-31T20:12:54+00:00\",\"breadcrumb\":{\"@id\":\"https:\/\/explora.cl\/coquimbo\/cultura-cti-ciencia-tecnologia-e-innovacion-1-2-2\/#breadcrumb\"},\"inLanguage\":\"es-CL\",\"potentialAction\":[{\"@type\":\"ReadAction\",\"target\":[\"https:\/\/explora.cl\/coquimbo\/cultura-cti-ciencia-tecnologia-e-innovacion-1-2-2\/\"]}]},{\"@type\":\"ImageObject\",\"inLanguage\":\"es-CL\",\"@id\":\"https:\/\/explora.cl\/coquimbo\/cultura-cti-ciencia-tecnologia-e-innovacion-1-2-2\/#primaryimage\",\"url\":\"https:\/\/explora.cl\/coquimbo\/wp-content\/uploads\/sites\/6\/2019\/06\/Actividad-Regional-2.jpg\",\"contentUrl\":\"https:\/\/explora.cl\/coquimbo\/wp-content\/uploads\/sites\/6\/2019\/06\/Actividad-Regional-2.jpg\",\"width\":340,\"height\":277},{\"@type\":\"BreadcrumbList\",\"@id\":\"https:\/\/explora.cl\/coquimbo\/cultura-cti-ciencia-tecnologia-e-innovacion-1-2-2\/#breadcrumb\",\"itemListElement\":[{\"@type\":\"ListItem\",\"position\":1,\"name\":\"Portada\",\"item\":\"https:\/\/explora.cl\/coquimbo\/\"},{\"@type\":\"ListItem\",\"position\":2,\"name\":\"Ferias \u2013 Semilleros de divulgaci\u00f3n cient\u00edfica\"}]},{\"@type\":\"WebSite\",\"@id\":\"https:\/\/explora.cl\/coquimbo\/#website\",\"url\":\"https:\/\/explora.cl\/coquimbo\/\",\"name\":\"Coquimbo\",\"description\":\"Otro sitio m\u00e1s de explora.cl\",\"publisher\":{\"@id\":\"https:\/\/explora.cl\/coquimbo\/#organization\"},\"potentialAction\":[{\"@type\":\"SearchAction\",\"target\":{\"@type\":\"EntryPoint\",\"urlTemplate\":\"https:\/\/explora.cl\/coquimbo\/?s={search_term_string}\"},\"query-input\":{\"@type\":\"PropertyValueSpecification\",\"valueRequired\":true,\"valueName\":\"search_term_string\"}}],\"inLanguage\":\"es-CL\"},{\"@type\":\"Organization\",\"@id\":\"https:\/\/explora.cl\/coquimbo\/#organization\",\"name\":\"Coquimbo\",\"url\":\"https:\/\/explora.cl\/coquimbo\/\",\"logo\":{\"@type\":\"ImageObject\",\"inLanguage\":\"es-CL\",\"@id\":\"https:\/\/explora.cl\/coquimbo\/#\/schema\/logo\/image\/\",\"url\":\"https:\/\/explora.cl\/coquimbo\/wp-content\/uploads\/sites\/6\/2020\/08\/cropped-Mesa-de-trabajo-1-100.jpg\",\"contentUrl\":\"https:\/\/explora.cl\/coquimbo\/wp-content\/uploads\/sites\/6\/2020\/08\/cropped-Mesa-de-trabajo-1-100.jpg\",\"width\":615,\"height\":576,\"caption\":\"Coquimbo\"},\"image\":{\"@id\":\"https:\/\/explora.cl\/coquimbo\/#\/schema\/logo\/image\/\"}},{\"@type\":\"Person\",\"@id\":\"https:\/\/explora.cl\/coquimbo\/#\/schema\/person\/c171f405669e4e4f7e56a099200d2fe6\",\"name\":\"jimartin\",\"image\":{\"@type\":\"ImageObject\",\"inLanguage\":\"es-CL\",\"@id\":\"https:\/\/explora.cl\/coquimbo\/#\/schema\/person\/image\/\",\"url\":\"https:\/\/secure.gravatar.com\/avatar\/8dfd7d14443934731a5aea629f40c1aceb42cc8b566a9926567e833c9d22b643?s=96&d=mm&r=g\",\"contentUrl\":\"https:\/\/secure.gravatar.com\/avatar\/8dfd7d14443934731a5aea629f40c1aceb42cc8b566a9926567e833c9d22b643?s=96&d=mm&r=g\",\"caption\":\"jimartin\"},\"url\":\"https:\/\/explora.cl\/coquimbo\/author\/jimartin\/\"}]}<\/script>\n<!-- \/ Yoast SEO plugin. -->","yoast_head_json":{"title":"Ferias \u2013 Semilleros de divulgaci\u00f3n cient\u00edfica - Coquimbo","robots":{"index":"index","follow":"follow","max-snippet":"max-snippet:-1","max-image-preview":"max-image-preview:large","max-video-preview":"max-video-preview:-1"},"canonical":"https:\/\/explora.cl\/coquimbo\/cultura-cti-ciencia-tecnologia-e-innovacion-1-2-2\/","og_locale":"es_ES","og_type":"article","og_title":"Ferias \u2013 Semilleros de divulgaci\u00f3n cient\u00edfica - Coquimbo","og_description":"Iniciativa que busca contribuir al desarrollo de un \u201cecosistema de divulgaci\u00f3n\u201d, promoviendo la cultura de organizaci\u00f3n de eventos escolares como una plataforma de divulgaci\u00f3n cient\u00edfica a la comunidad local, fomentando la mirada de g\u00e9nero en espacios educativos y fortaleciendo la investigaci\u00f3n cient\u00edfica escolar.","og_url":"https:\/\/explora.cl\/coquimbo\/cultura-cti-ciencia-tecnologia-e-innovacion-1-2-2\/","og_site_name":"Coquimbo","article_published_time":"2019-06-06T13:57:51+00:00","article_modified_time":"2019-07-31T20:12:54+00:00","og_image":[{"width":340,"height":277,"url":"https:\/\/explora.cl\/coquimbo\/wp-content\/uploads\/sites\/6\/2019\/06\/Actividad-Regional-2.jpg","type":"image\/jpeg"}],"author":"jimartin","twitter_card":"summary_large_image","twitter_misc":{"Escrito por":"jimartin","Tiempo estimado de lectura":"1 minuto"},"schema":{"@context":"https:\/\/schema.org","@graph":[{"@type":"Article","@id":"https:\/\/explora.cl\/coquimbo\/cultura-cti-ciencia-tecnologia-e-innovacion-1-2-2\/#article","isPartOf":{"@id":"https:\/\/explora.cl\/coquimbo\/cultura-cti-ciencia-tecnologia-e-innovacion-1-2-2\/"},"author":{"name":"jimartin","@id":"https:\/\/explora.cl\/coquimbo\/#\/schema\/person\/c171f405669e4e4f7e56a099200d2fe6"},"headline":"Ferias \u2013 Semilleros de divulgaci\u00f3n cient\u00edfica","datePublished":"2019-06-06T13:57:51+00:00","dateModified":"2019-07-31T20:12:54+00:00","mainEntityOfPage":{"@id":"https:\/\/explora.cl\/coquimbo\/cultura-cti-ciencia-tecnologia-e-innovacion-1-2-2\/"},"wordCount":219,"publisher":{"@id":"https:\/\/explora.cl\/coquimbo\/#organization"},"image":{"@id":"https:\/\/explora.cl\/coquimbo\/cultura-cti-ciencia-tecnologia-e-innovacion-1-2-2\/#primaryimage"},"thumbnailUrl":"https:\/\/explora.cl\/coquimbo\/wp-content\/uploads\/sites\/6\/2019\/06\/Actividad-Regional-2.jpg","articleSection":["Iniciativas","Para Comunidad Escolar"],"inLanguage":"es-CL"},{"@type":"WebPage","@id":"https:\/\/explora.cl\/coquimbo\/cultura-cti-ciencia-tecnologia-e-innovacion-1-2-2\/","url":"https:\/\/explora.cl\/coquimbo\/cultura-cti-ciencia-tecnologia-e-innovacion-1-2-2\/","name":"Ferias \u2013 Semilleros de divulgaci\u00f3n cient\u00edfica - Coquimbo","isPartOf":{"@id":"https:\/\/explora.cl\/coquimbo\/#website"},"primaryImageOfPage":{"@id":"https:\/\/explora.cl\/coquimbo\/cultura-cti-ciencia-tecnologia-e-innovacion-1-2-2\/#primaryimage"},"image":{"@id":"https:\/\/explora.cl\/coquimbo\/cultura-cti-ciencia-tecnologia-e-innovacion-1-2-2\/#primaryimage"},"thumbnailUrl":"https:\/\/explora.cl\/coquimbo\/wp-content\/uploads\/sites\/6\/2019\/06\/Actividad-Regional-2.jpg","datePublished":"2019-06-06T13:57:51+00:00","dateModified":"2019-07-31T20:12:54+00:00","breadcrumb":{"@id":"https:\/\/explora.cl\/coquimbo\/cultura-cti-ciencia-tecnologia-e-innovacion-1-2-2\/#breadcrumb"},"inLanguage":"es-CL","potentialAction":[{"@type":"ReadAction","target":["https:\/\/explora.cl\/coquimbo\/cultura-cti-ciencia-tecnologia-e-innovacion-1-2-2\/"]}]},{"@type":"ImageObject","inLanguage":"es-CL","@id":"https:\/\/explora.cl\/coquimbo\/cultura-cti-ciencia-tecnologia-e-innovacion-1-2-2\/#primaryimage","url":"https:\/\/explora.cl\/coquimbo\/wp-content\/uploads\/sites\/6\/2019\/06\/Actividad-Regional-2.jpg","contentUrl":"https:\/\/explora.cl\/coquimbo\/wp-content\/uploads\/sites\/6\/2019\/06\/Actividad-Regional-2.jpg","width":340,"height":277},{"@type":"BreadcrumbList","@id":"https:\/\/explora.cl\/coquimbo\/cultura-cti-ciencia-tecnologia-e-innovacion-1-2-2\/#breadcrumb","itemListElement":[{"@type":"ListItem","position":1,"name":"Portada","item":"https:\/\/explora.cl\/coquimbo\/"},{"@type":"ListItem","position":2,"name":"Ferias \u2013 Semilleros de divulgaci\u00f3n cient\u00edfica"}]},{"@type":"WebSite","@id":"https:\/\/explora.cl\/coquimbo\/#website","url":"https:\/\/explora.cl\/coquimbo\/","name":"Coquimbo","description":"Otro sitio m\u00e1s de explora.cl","publisher":{"@id":"https:\/\/explora.cl\/coquimbo\/#organization"},"potentialAction":[{"@type":"SearchAction","target":{"@type":"EntryPoint","urlTemplate":"https:\/\/explora.cl\/coquimbo\/?s={search_term_string}"},"query-input":{"@type":"PropertyValueSpecification","valueRequired":true,"valueName":"search_term_string"}}],"inLanguage":"es-CL"},{"@type":"Organization","@id":"https:\/\/explora.cl\/coquimbo\/#organization","name":"Coquimbo","url":"https:\/\/explora.cl\/coquimbo\/","logo":{"@type":"ImageObject","inLanguage":"es-CL","@id":"https:\/\/explora.cl\/coquimbo\/#\/schema\/logo\/image\/","url":"https:\/\/explora.cl\/coquimbo\/wp-content\/uploads\/sites\/6\/2020\/08\/cropped-Mesa-de-trabajo-1-100.jpg","contentUrl":"https:\/\/explora.cl\/coquimbo\/wp-content\/uploads\/sites\/6\/2020\/08\/cropped-Mesa-de-trabajo-1-100.jpg","width":615,"height":576,"caption":"Coquimbo"},"image":{"@id":"https:\/\/explora.cl\/coquimbo\/#\/schema\/logo\/image\/"}},{"@type":"Person","@id":"https:\/\/explora.cl\/coquimbo\/#\/schema\/person\/c171f405669e4e4f7e56a099200d2fe6","name":"jimartin","image":{"@type":"ImageObject","inLanguage":"es-CL","@id":"https:\/\/explora.cl\/coquimbo\/#\/schema\/person\/image\/","url":"https:\/\/secure.gravatar.com\/avatar\/8dfd7d14443934731a5aea629f40c1aceb42cc8b566a9926567e833c9d22b643?s=96&d=mm&r=g","contentUrl":"https:\/\/secure.gravatar.com\/avatar\/8dfd7d14443934731a5aea629f40c1aceb42cc8b566a9926567e833c9d22b643?s=96&d=mm&r=g","caption":"jimartin"},"url":"https:\/\/explora.cl\/coquimbo\/author\/jimartin\/"}]}},"_links":{"self":[{"href":"https:\/\/explora.cl\/coquimbo\/wp-json\/wp\/v2\/posts\/39510","targetHints":{"allow":["GET"]}}],"collection":[{"href":"https:\/\/explora.cl\/coquimbo\/wp-json\/wp\/v2\/posts"}],"about":[{"href":"https:\/\/explora.cl\/coquimbo\/wp-json\/wp\/v2\/types\/post"}],"author":[{"embeddable":true,"href":"https:\/\/explora.cl\/coquimbo\/wp-json\/wp\/v2\/users\/21"}],"replies":[{"embeddable":true,"href":"https:\/\/explora.cl\/coquimbo\/wp-json\/wp\/v2\/comments?post=39510"}],"version-history":[{"count":4,"href":"https:\/\/explora.cl\/coquimbo\/wp-json\/wp\/v2\/posts\/39510\/revisions"}],"predecessor-version":[{"id":39791,"href":"https:\/\/explora.cl\/coquimbo\/wp-json\/wp\/v2\/posts\/39510\/revisions\/39791"}],"wp:featuredmedia":[{"embeddable":true,"href":"https:\/\/explora.cl\/coquimbo\/wp-json\/wp\/v2\/media\/39504"}],"wp:attachment":[{"href":"https:\/\/explora.cl\/coquimbo\/wp-json\/wp\/v2\/media?parent=39510"}],"wp:term":[{"taxonomy":"category","embeddable":true,"href":"https:\/\/explora.cl\/coquimbo\/wp-json\/wp\/v2\/categories?post=39510"},{"taxonomy":"post_tag","embeddable":true,"href":"https:\/\/explora.cl\/coquimbo\/wp-json\/wp\/v2\/tags?post=39510"}],"curies":[{"name":"wp","href":"https:\/\/api.w.org\/{rel}","templated":true}]}}