{"id":38332,"date":"2017-06-19T00:00:00","date_gmt":"2017-06-19T04:00:00","guid":{"rendered":"https:\/\/explora.cl\/coquimbo\/blog\/2017\/06\/19\/conoce-la-pieza-destacada-del-mes-del-museo-del-limari-jarro-molle\/"},"modified":"2019-05-16T06:27:23","modified_gmt":"2019-05-16T06:27:23","slug":"conoce-la-pieza-destacada-del-mes-del-museo-del-limari-jarro-molle","status":"publish","type":"post","link":"https:\/\/explora.cl\/coquimbo\/conoce-la-pieza-destacada-del-mes-del-museo-del-limari-jarro-molle\/","title":{"rendered":"Conoce la pieza destacada del mes del Museo del Limar\u00ed: Jarro Molle"},"content":{"rendered":"<p style=\"text-align: center\">\u00a0<em>Cada mes, nuestros amigos del Museo del Limari nos estar\u00e1n contando de una pieza arqueol\u00f3gica de relevancia e inter\u00e9s.<\/em><\/p>\n<hr \/>\n<p><strong>Nota por Museo del Limar\u00ed<\/strong>\u00a0<\/p>\n<p><strong>La cer\u00e1mica de la Cultura El Molle (300 a.C.-800 d. C.)<\/strong> representa un enigma para la arqueolog\u00eda chilena, ya que las finas paredes de sus vasijas y delicados incisos sobre superficies bru\u00f1idas (muy pulidas), no parece corresponder a las primeras manifestaciones alfareras de los pueblos del \u00e1rea cultural del Norte Semi\u00e1rido (desde Copiap\u00f3 hasta el Choapa), ya que no encaja con el modelo de una cer\u00e1mica inicial o experimental. Los alfareros El Molle ya desarrollaban una cer\u00e1mica muy elaborada, por cuanto, se discute, si ser\u00eda producto de conocimientos asimilados a trav\u00e9s de las relaciones que establec\u00edan con otros pueblos e influencias tecnol\u00f3gicas de otras culturas,\u00a0 de m\u00e1s al norte o del noroeste argentino.<\/p>\n<p><img fetchpriority=\"high\" decoding=\"async\" class=\" alignright size-full wp-image-26081\" style=\"float: right\" src=\"http:\/\/ec2-54-245-22-188.us-west-2.compute.amazonaws.com\/wp-content\/uploads\/2017\/06\/DSC2641.jpg\" alt=\"\" width=\"592\" height=\"296\" \/><\/p>\n<p>La pieza que destacamos este mes de junio, es un \u00a0jarro globular de forma sim\u00e9trica compuesta con cuello troncoc\u00f3nico invertido, borde evertido y base plana. Su superficie es bru\u00f1ida\u00a0 de color negro y presenta decoraci\u00f3n de motivos lineales inscritos en columnas, incisos en el cuello.\u00a0<\/p>\n<p>Proviene del sitio arqueol\u00f3gico de La Turqu\u00eda, ubicado en esta localidad de R\u00edo Hurtado y fue encontrado por Don Arturo Jim\u00e9nez, destacado agricultor de la zona.\u00a0\u00a0<\/p>\n<p>Esta pieza nos invita a reflexionar acerca de la perfecci\u00f3n de las <strong>t\u00e9cnicas alfareras del pueblo El Molle,<\/strong> evidenciando la importancia que adquir\u00eda el modelado de la arcilla para plasmar su cultura e identidad.<\/p>\n<p>\u00a0<\/p>\n<p>\u00a0<\/p>\n<p style=\"margin: 0px;text-align: justify;line-height: 150%\"><span style=\"color: #000000;font-family: Calibri;font-size: medium\">\u00a0<\/span><\/p>\n<p>\u00a0<\/p>\n","protected":false},"excerpt":{"rendered":"<p>\u00a0Cada mes, nuestros amigos del Museo del Limari nos estar\u00e1n contando de una pieza arqueol\u00f3gica de relevancia e inter\u00e9s. Nota por Museo del Limar\u00ed\u00a0 La cer\u00e1mica de la Cultura El Molle (300 a.C.-800 d. C.) representa un enigma para la arqueolog\u00eda chilena, ya que las finas paredes de sus vasijas y delicados incisos sobre superficies [&hellip;]<\/p>\n","protected":false},"author":2,"featured_media":34192,"comment_status":"open","ping_status":"open","sticky":false,"template":"","format":"standard","meta":{"_acf_changed":false,"_exactmetrics_skip_tracking":false,"_exactmetrics_sitenote_active":false,"_exactmetrics_sitenote_note":"","_exactmetrics_sitenote_category":0,"footnotes":"","_links_to":"","_links_to_target":""},"categories":[4],"tags":[191,192],"class_list":["post-38332","post","type-post","status-publish","format-standard","has-post-thumbnail","hentry","category-noticias","tag-museo-del-limari","tag-pieza-del-mes"],"acf":[],"yoast_head":"<!-- This site is optimized with the Yoast SEO plugin v26.9 - https:\/\/yoast.com\/product\/yoast-seo-wordpress\/ -->\n<title>Conoce la pieza destacada del mes del Museo del Limar\u00ed: Jarro Molle - Coquimbo<\/title>\n<meta name=\"robots\" content=\"index, follow, max-snippet:-1, max-image-preview:large, max-video-preview:-1\" \/>\n<link rel=\"canonical\" href=\"https:\/\/explora.cl\/coquimbo\/conoce-la-pieza-destacada-del-mes-del-museo-del-limari-jarro-molle\/\" class=\"yoast-seo-meta-tag\" \/>\n<meta property=\"og:locale\" content=\"es_ES\" class=\"yoast-seo-meta-tag\" \/>\n<meta property=\"og:type\" content=\"article\" class=\"yoast-seo-meta-tag\" \/>\n<meta property=\"og:title\" content=\"Conoce la pieza destacada del mes del Museo del Limar\u00ed: Jarro Molle - Coquimbo\" class=\"yoast-seo-meta-tag\" \/>\n<meta property=\"og:description\" content=\"\u00a0Cada mes, nuestros amigos del Museo del Limari nos estar\u00e1n contando de una pieza arqueol\u00f3gica de relevancia e inter\u00e9s. Nota por Museo del Limar\u00ed\u00a0 La cer\u00e1mica de la Cultura El Molle (300 a.C.-800 d. C.) representa un enigma para la arqueolog\u00eda chilena, ya que las finas paredes de sus vasijas y delicados incisos sobre superficies [&hellip;]\" class=\"yoast-seo-meta-tag\" \/>\n<meta property=\"og:url\" content=\"https:\/\/explora.cl\/coquimbo\/conoce-la-pieza-destacada-del-mes-del-museo-del-limari-jarro-molle\/\" class=\"yoast-seo-meta-tag\" \/>\n<meta property=\"og:site_name\" content=\"Coquimbo\" class=\"yoast-seo-meta-tag\" \/>\n<meta property=\"article:published_time\" content=\"2017-06-19T04:00:00+00:00\" class=\"yoast-seo-meta-tag\" \/>\n<meta property=\"article:modified_time\" content=\"2019-05-16T06:27:23+00:00\" class=\"yoast-seo-meta-tag\" \/>\n<meta property=\"og:image\" content=\"https:\/\/explora.cl\/coquimbo\/wp-content\/uploads\/sites\/6\/2018\/06\/DSC2641.jpg\" class=\"yoast-seo-meta-tag\" \/>\n\t<meta property=\"og:image:width\" content=\"768\" class=\"yoast-seo-meta-tag\" \/>\n\t<meta property=\"og:image:height\" content=\"384\" class=\"yoast-seo-meta-tag\" \/>\n\t<meta property=\"og:image:type\" content=\"image\/jpeg\" class=\"yoast-seo-meta-tag\" \/>\n<meta name=\"author\" content=\"webman\" class=\"yoast-seo-meta-tag\" \/>\n<meta name=\"twitter:card\" content=\"summary_large_image\" class=\"yoast-seo-meta-tag\" \/>\n<meta name=\"twitter:label1\" content=\"Escrito por\" class=\"yoast-seo-meta-tag\" \/>\n\t<meta name=\"twitter:data1\" content=\"webman\" class=\"yoast-seo-meta-tag\" \/>\n\t<meta name=\"twitter:label2\" content=\"Tiempo estimado de lectura\" class=\"yoast-seo-meta-tag\" \/>\n\t<meta name=\"twitter:data2\" content=\"1 minuto\" class=\"yoast-seo-meta-tag\" \/>\n<script type=\"application\/ld+json\" class=\"yoast-schema-graph\">{\"@context\":\"https:\/\/schema.org\",\"@graph\":[{\"@type\":\"Article\",\"@id\":\"https:\/\/explora.cl\/coquimbo\/conoce-la-pieza-destacada-del-mes-del-museo-del-limari-jarro-molle\/#article\",\"isPartOf\":{\"@id\":\"https:\/\/explora.cl\/coquimbo\/conoce-la-pieza-destacada-del-mes-del-museo-del-limari-jarro-molle\/\"},\"author\":{\"name\":\"webman\",\"@id\":\"https:\/\/explora.cl\/coquimbo\/#\/schema\/person\/cb8349c13ea2d324080adf8480d7ba5d\"},\"headline\":\"Conoce la pieza destacada del mes del Museo del Limar\u00ed: Jarro Molle\",\"datePublished\":\"2017-06-19T04:00:00+00:00\",\"dateModified\":\"2019-05-16T06:27:23+00:00\",\"mainEntityOfPage\":{\"@id\":\"https:\/\/explora.cl\/coquimbo\/conoce-la-pieza-destacada-del-mes-del-museo-del-limari-jarro-molle\/\"},\"wordCount\":280,\"commentCount\":0,\"publisher\":{\"@id\":\"https:\/\/explora.cl\/coquimbo\/#organization\"},\"image\":{\"@id\":\"https:\/\/explora.cl\/coquimbo\/conoce-la-pieza-destacada-del-mes-del-museo-del-limari-jarro-molle\/#primaryimage\"},\"thumbnailUrl\":\"https:\/\/explora.cl\/coquimbo\/wp-content\/uploads\/sites\/6\/2018\/06\/DSC2641.jpg\",\"keywords\":[\"museo del limar\u00ed,\",\"pieza del mes,\"],\"articleSection\":[\"Noticias\"],\"inLanguage\":\"es-CL\",\"potentialAction\":[{\"@type\":\"CommentAction\",\"name\":\"Comment\",\"target\":[\"https:\/\/explora.cl\/coquimbo\/conoce-la-pieza-destacada-del-mes-del-museo-del-limari-jarro-molle\/#respond\"]}]},{\"@type\":\"WebPage\",\"@id\":\"https:\/\/explora.cl\/coquimbo\/conoce-la-pieza-destacada-del-mes-del-museo-del-limari-jarro-molle\/\",\"url\":\"https:\/\/explora.cl\/coquimbo\/conoce-la-pieza-destacada-del-mes-del-museo-del-limari-jarro-molle\/\",\"name\":\"Conoce la pieza destacada del mes del Museo del Limar\u00ed: Jarro Molle - Coquimbo\",\"isPartOf\":{\"@id\":\"https:\/\/explora.cl\/coquimbo\/#website\"},\"primaryImageOfPage\":{\"@id\":\"https:\/\/explora.cl\/coquimbo\/conoce-la-pieza-destacada-del-mes-del-museo-del-limari-jarro-molle\/#primaryimage\"},\"image\":{\"@id\":\"https:\/\/explora.cl\/coquimbo\/conoce-la-pieza-destacada-del-mes-del-museo-del-limari-jarro-molle\/#primaryimage\"},\"thumbnailUrl\":\"https:\/\/explora.cl\/coquimbo\/wp-content\/uploads\/sites\/6\/2018\/06\/DSC2641.jpg\",\"datePublished\":\"2017-06-19T04:00:00+00:00\",\"dateModified\":\"2019-05-16T06:27:23+00:00\",\"breadcrumb\":{\"@id\":\"https:\/\/explora.cl\/coquimbo\/conoce-la-pieza-destacada-del-mes-del-museo-del-limari-jarro-molle\/#breadcrumb\"},\"inLanguage\":\"es-CL\",\"potentialAction\":[{\"@type\":\"ReadAction\",\"target\":[\"https:\/\/explora.cl\/coquimbo\/conoce-la-pieza-destacada-del-mes-del-museo-del-limari-jarro-molle\/\"]}]},{\"@type\":\"ImageObject\",\"inLanguage\":\"es-CL\",\"@id\":\"https:\/\/explora.cl\/coquimbo\/conoce-la-pieza-destacada-del-mes-del-museo-del-limari-jarro-molle\/#primaryimage\",\"url\":\"https:\/\/explora.cl\/coquimbo\/wp-content\/uploads\/sites\/6\/2018\/06\/DSC2641.jpg\",\"contentUrl\":\"https:\/\/explora.cl\/coquimbo\/wp-content\/uploads\/sites\/6\/2018\/06\/DSC2641.jpg\",\"width\":768,\"height\":384},{\"@type\":\"BreadcrumbList\",\"@id\":\"https:\/\/explora.cl\/coquimbo\/conoce-la-pieza-destacada-del-mes-del-museo-del-limari-jarro-molle\/#breadcrumb\",\"itemListElement\":[{\"@type\":\"ListItem\",\"position\":1,\"name\":\"Portada\",\"item\":\"https:\/\/explora.cl\/coquimbo\/\"},{\"@type\":\"ListItem\",\"position\":2,\"name\":\"Conoce la pieza destacada del mes del Museo del Limar\u00ed: Jarro Molle\"}]},{\"@type\":\"WebSite\",\"@id\":\"https:\/\/explora.cl\/coquimbo\/#website\",\"url\":\"https:\/\/explora.cl\/coquimbo\/\",\"name\":\"Coquimbo\",\"description\":\"Otro sitio m\u00e1s de explora.cl\",\"publisher\":{\"@id\":\"https:\/\/explora.cl\/coquimbo\/#organization\"},\"potentialAction\":[{\"@type\":\"SearchAction\",\"target\":{\"@type\":\"EntryPoint\",\"urlTemplate\":\"https:\/\/explora.cl\/coquimbo\/?s={search_term_string}\"},\"query-input\":{\"@type\":\"PropertyValueSpecification\",\"valueRequired\":true,\"valueName\":\"search_term_string\"}}],\"inLanguage\":\"es-CL\"},{\"@type\":\"Organization\",\"@id\":\"https:\/\/explora.cl\/coquimbo\/#organization\",\"name\":\"Coquimbo\",\"url\":\"https:\/\/explora.cl\/coquimbo\/\",\"logo\":{\"@type\":\"ImageObject\",\"inLanguage\":\"es-CL\",\"@id\":\"https:\/\/explora.cl\/coquimbo\/#\/schema\/logo\/image\/\",\"url\":\"https:\/\/explora.cl\/coquimbo\/wp-content\/uploads\/sites\/6\/2020\/08\/cropped-Mesa-de-trabajo-1-100.jpg\",\"contentUrl\":\"https:\/\/explora.cl\/coquimbo\/wp-content\/uploads\/sites\/6\/2020\/08\/cropped-Mesa-de-trabajo-1-100.jpg\",\"width\":615,\"height\":576,\"caption\":\"Coquimbo\"},\"image\":{\"@id\":\"https:\/\/explora.cl\/coquimbo\/#\/schema\/logo\/image\/\"}},{\"@type\":\"Person\",\"@id\":\"https:\/\/explora.cl\/coquimbo\/#\/schema\/person\/cb8349c13ea2d324080adf8480d7ba5d\",\"name\":\"webman\",\"image\":{\"@type\":\"ImageObject\",\"inLanguage\":\"es-CL\",\"@id\":\"https:\/\/explora.cl\/coquimbo\/#\/schema\/person\/image\/\",\"url\":\"https:\/\/secure.gravatar.com\/avatar\/eeff3c82f2c02f7177d13663b7e6f890e9a6a0647ce9bb29cae02dcb094c7312?s=96&d=mm&r=g\",\"contentUrl\":\"https:\/\/secure.gravatar.com\/avatar\/eeff3c82f2c02f7177d13663b7e6f890e9a6a0647ce9bb29cae02dcb094c7312?s=96&d=mm&r=g\",\"caption\":\"webman\"},\"url\":\"https:\/\/explora.cl\/coquimbo\/author\/webman\/\"}]}<\/script>\n<!-- \/ Yoast SEO plugin. -->","yoast_head_json":{"title":"Conoce la pieza destacada del mes del Museo del Limar\u00ed: Jarro Molle - Coquimbo","robots":{"index":"index","follow":"follow","max-snippet":"max-snippet:-1","max-image-preview":"max-image-preview:large","max-video-preview":"max-video-preview:-1"},"canonical":"https:\/\/explora.cl\/coquimbo\/conoce-la-pieza-destacada-del-mes-del-museo-del-limari-jarro-molle\/","og_locale":"es_ES","og_type":"article","og_title":"Conoce la pieza destacada del mes del Museo del Limar\u00ed: Jarro Molle - Coquimbo","og_description":"\u00a0Cada mes, nuestros amigos del Museo del Limari nos estar\u00e1n contando de una pieza arqueol\u00f3gica de relevancia e inter\u00e9s. Nota por Museo del Limar\u00ed\u00a0 La cer\u00e1mica de la Cultura El Molle (300 a.C.-800 d. C.) representa un enigma para la arqueolog\u00eda chilena, ya que las finas paredes de sus vasijas y delicados incisos sobre superficies [&hellip;]","og_url":"https:\/\/explora.cl\/coquimbo\/conoce-la-pieza-destacada-del-mes-del-museo-del-limari-jarro-molle\/","og_site_name":"Coquimbo","article_published_time":"2017-06-19T04:00:00+00:00","article_modified_time":"2019-05-16T06:27:23+00:00","og_image":[{"width":768,"height":384,"url":"https:\/\/explora.cl\/coquimbo\/wp-content\/uploads\/sites\/6\/2018\/06\/DSC2641.jpg","type":"image\/jpeg"}],"author":"webman","twitter_card":"summary_large_image","twitter_misc":{"Escrito por":"webman","Tiempo estimado de lectura":"1 minuto"},"schema":{"@context":"https:\/\/schema.org","@graph":[{"@type":"Article","@id":"https:\/\/explora.cl\/coquimbo\/conoce-la-pieza-destacada-del-mes-del-museo-del-limari-jarro-molle\/#article","isPartOf":{"@id":"https:\/\/explora.cl\/coquimbo\/conoce-la-pieza-destacada-del-mes-del-museo-del-limari-jarro-molle\/"},"author":{"name":"webman","@id":"https:\/\/explora.cl\/coquimbo\/#\/schema\/person\/cb8349c13ea2d324080adf8480d7ba5d"},"headline":"Conoce la pieza destacada del mes del Museo del Limar\u00ed: Jarro Molle","datePublished":"2017-06-19T04:00:00+00:00","dateModified":"2019-05-16T06:27:23+00:00","mainEntityOfPage":{"@id":"https:\/\/explora.cl\/coquimbo\/conoce-la-pieza-destacada-del-mes-del-museo-del-limari-jarro-molle\/"},"wordCount":280,"commentCount":0,"publisher":{"@id":"https:\/\/explora.cl\/coquimbo\/#organization"},"image":{"@id":"https:\/\/explora.cl\/coquimbo\/conoce-la-pieza-destacada-del-mes-del-museo-del-limari-jarro-molle\/#primaryimage"},"thumbnailUrl":"https:\/\/explora.cl\/coquimbo\/wp-content\/uploads\/sites\/6\/2018\/06\/DSC2641.jpg","keywords":["museo del limar\u00ed,","pieza del mes,"],"articleSection":["Noticias"],"inLanguage":"es-CL","potentialAction":[{"@type":"CommentAction","name":"Comment","target":["https:\/\/explora.cl\/coquimbo\/conoce-la-pieza-destacada-del-mes-del-museo-del-limari-jarro-molle\/#respond"]}]},{"@type":"WebPage","@id":"https:\/\/explora.cl\/coquimbo\/conoce-la-pieza-destacada-del-mes-del-museo-del-limari-jarro-molle\/","url":"https:\/\/explora.cl\/coquimbo\/conoce-la-pieza-destacada-del-mes-del-museo-del-limari-jarro-molle\/","name":"Conoce la pieza destacada del mes del Museo del Limar\u00ed: Jarro Molle - Coquimbo","isPartOf":{"@id":"https:\/\/explora.cl\/coquimbo\/#website"},"primaryImageOfPage":{"@id":"https:\/\/explora.cl\/coquimbo\/conoce-la-pieza-destacada-del-mes-del-museo-del-limari-jarro-molle\/#primaryimage"},"image":{"@id":"https:\/\/explora.cl\/coquimbo\/conoce-la-pieza-destacada-del-mes-del-museo-del-limari-jarro-molle\/#primaryimage"},"thumbnailUrl":"https:\/\/explora.cl\/coquimbo\/wp-content\/uploads\/sites\/6\/2018\/06\/DSC2641.jpg","datePublished":"2017-06-19T04:00:00+00:00","dateModified":"2019-05-16T06:27:23+00:00","breadcrumb":{"@id":"https:\/\/explora.cl\/coquimbo\/conoce-la-pieza-destacada-del-mes-del-museo-del-limari-jarro-molle\/#breadcrumb"},"inLanguage":"es-CL","potentialAction":[{"@type":"ReadAction","target":["https:\/\/explora.cl\/coquimbo\/conoce-la-pieza-destacada-del-mes-del-museo-del-limari-jarro-molle\/"]}]},{"@type":"ImageObject","inLanguage":"es-CL","@id":"https:\/\/explora.cl\/coquimbo\/conoce-la-pieza-destacada-del-mes-del-museo-del-limari-jarro-molle\/#primaryimage","url":"https:\/\/explora.cl\/coquimbo\/wp-content\/uploads\/sites\/6\/2018\/06\/DSC2641.jpg","contentUrl":"https:\/\/explora.cl\/coquimbo\/wp-content\/uploads\/sites\/6\/2018\/06\/DSC2641.jpg","width":768,"height":384},{"@type":"BreadcrumbList","@id":"https:\/\/explora.cl\/coquimbo\/conoce-la-pieza-destacada-del-mes-del-museo-del-limari-jarro-molle\/#breadcrumb","itemListElement":[{"@type":"ListItem","position":1,"name":"Portada","item":"https:\/\/explora.cl\/coquimbo\/"},{"@type":"ListItem","position":2,"name":"Conoce la pieza destacada del mes del Museo del Limar\u00ed: Jarro Molle"}]},{"@type":"WebSite","@id":"https:\/\/explora.cl\/coquimbo\/#website","url":"https:\/\/explora.cl\/coquimbo\/","name":"Coquimbo","description":"Otro sitio m\u00e1s de explora.cl","publisher":{"@id":"https:\/\/explora.cl\/coquimbo\/#organization"},"potentialAction":[{"@type":"SearchAction","target":{"@type":"EntryPoint","urlTemplate":"https:\/\/explora.cl\/coquimbo\/?s={search_term_string}"},"query-input":{"@type":"PropertyValueSpecification","valueRequired":true,"valueName":"search_term_string"}}],"inLanguage":"es-CL"},{"@type":"Organization","@id":"https:\/\/explora.cl\/coquimbo\/#organization","name":"Coquimbo","url":"https:\/\/explora.cl\/coquimbo\/","logo":{"@type":"ImageObject","inLanguage":"es-CL","@id":"https:\/\/explora.cl\/coquimbo\/#\/schema\/logo\/image\/","url":"https:\/\/explora.cl\/coquimbo\/wp-content\/uploads\/sites\/6\/2020\/08\/cropped-Mesa-de-trabajo-1-100.jpg","contentUrl":"https:\/\/explora.cl\/coquimbo\/wp-content\/uploads\/sites\/6\/2020\/08\/cropped-Mesa-de-trabajo-1-100.jpg","width":615,"height":576,"caption":"Coquimbo"},"image":{"@id":"https:\/\/explora.cl\/coquimbo\/#\/schema\/logo\/image\/"}},{"@type":"Person","@id":"https:\/\/explora.cl\/coquimbo\/#\/schema\/person\/cb8349c13ea2d324080adf8480d7ba5d","name":"webman","image":{"@type":"ImageObject","inLanguage":"es-CL","@id":"https:\/\/explora.cl\/coquimbo\/#\/schema\/person\/image\/","url":"https:\/\/secure.gravatar.com\/avatar\/eeff3c82f2c02f7177d13663b7e6f890e9a6a0647ce9bb29cae02dcb094c7312?s=96&d=mm&r=g","contentUrl":"https:\/\/secure.gravatar.com\/avatar\/eeff3c82f2c02f7177d13663b7e6f890e9a6a0647ce9bb29cae02dcb094c7312?s=96&d=mm&r=g","caption":"webman"},"url":"https:\/\/explora.cl\/coquimbo\/author\/webman\/"}]}},"_links":{"self":[{"href":"https:\/\/explora.cl\/coquimbo\/wp-json\/wp\/v2\/posts\/38332","targetHints":{"allow":["GET"]}}],"collection":[{"href":"https:\/\/explora.cl\/coquimbo\/wp-json\/wp\/v2\/posts"}],"about":[{"href":"https:\/\/explora.cl\/coquimbo\/wp-json\/wp\/v2\/types\/post"}],"author":[{"embeddable":true,"href":"https:\/\/explora.cl\/coquimbo\/wp-json\/wp\/v2\/users\/2"}],"replies":[{"embeddable":true,"href":"https:\/\/explora.cl\/coquimbo\/wp-json\/wp\/v2\/comments?post=38332"}],"version-history":[{"count":1,"href":"https:\/\/explora.cl\/coquimbo\/wp-json\/wp\/v2\/posts\/38332\/revisions"}],"predecessor-version":[{"id":38763,"href":"https:\/\/explora.cl\/coquimbo\/wp-json\/wp\/v2\/posts\/38332\/revisions\/38763"}],"wp:featuredmedia":[{"embeddable":true,"href":"https:\/\/explora.cl\/coquimbo\/wp-json\/wp\/v2\/media\/34192"}],"wp:attachment":[{"href":"https:\/\/explora.cl\/coquimbo\/wp-json\/wp\/v2\/media?parent=38332"}],"wp:term":[{"taxonomy":"category","embeddable":true,"href":"https:\/\/explora.cl\/coquimbo\/wp-json\/wp\/v2\/categories?post=38332"},{"taxonomy":"post_tag","embeddable":true,"href":"https:\/\/explora.cl\/coquimbo\/wp-json\/wp\/v2\/tags?post=38332"}],"curies":[{"name":"wp","href":"https:\/\/api.w.org\/{rel}","templated":true}]}}