{"id":38188,"date":"2016-09-29T00:00:00","date_gmt":"2016-09-29T04:00:00","guid":{"rendered":"https:\/\/explora.cl\/coquimbo\/blog\/2016\/09\/29\/conociendo-a-los-docentes-de-la-region-profesora-veronica-espinoza-los-vilos\/"},"modified":"2019-05-16T06:32:06","modified_gmt":"2019-05-16T06:32:06","slug":"conociendo-a-los-docentes-de-la-region-profesora-veronica-espinoza-los-vilos-2","status":"publish","type":"post","link":"https:\/\/explora.cl\/coquimbo\/conociendo-a-los-docentes-de-la-region-profesora-veronica-espinoza-los-vilos-2\/","title":{"rendered":"Conociendo a los docentes de la regi\u00f3n: Profesora Ver\u00f3nica Espinoza, Los Vilos"},"content":{"rendered":"<p class=\"MsoNormal\" style=\"text-align: center\"><i>En el marco de los Congresos Provinciales Escolares de Ciencia y Tecnolog\u00eda, les presentamos a algunos docentes que est\u00e1n trabajando para participar en esta instancia de divulgaci\u00f3n y valoraci\u00f3n de la ciencia.<\/i><\/p>\n<hr \/>\n<p class=\"MsoNormal\" style=\"text-align: center\">\u00a0<\/p>\n<p class=\"MsoNormal\">\u00a0<\/p>\n<p class=\"MsoNormal\">La provincia de Choapa es la zona m\u00e1s alejada de la regi\u00f3n de Coquimbo. Para llegar a algunas comunas desde la capital regional, los trayectos en veh\u00edculo pueden demorar 4 horas, por lo que muchas veces esta \u00e1rea siente el aislamiento y la falta de oportunidades.<\/p>\n<p class=\"MsoNormal\">Como una forma de descentralizar la ense\u00f1anza de las ciencia y la tecnolog\u00eda, es que desde este a\u00f1o se decidi\u00f3 realizar los Congresos Provinciales en Choapa y Limar\u00eda; y es en esta instancia que pudimos conocer a la profesora <b>Ver\u00f3nica Espinoza, de Los Vilos<\/b>.<img decoding=\"async\" class=\" alignright size-full wp-image-20956\" style=\"float: right\" src=\"http:\/\/ec2-54-245-22-188.us-west-2.compute.amazonaws.com\/wp-content\/uploads\/2016\/09\/DSCF7796.JPG\" alt=\"\" width=\"400\" \/><\/p>\n<p class=\"MsoNormal\">Ver\u00f3nica es docente de f\u00edsica y qu\u00edmica del <b>liceo Nicol\u00e1s F\u00e9derico Lohse<\/b> de la comuna vile\u00f1a y durante el a\u00f1o trabaj\u00f3 con m\u00e1s de veinte alumnos para realizar una investigaci\u00f3n vinculada al derretimiento de los hielos, el calentamiento global y el Sol.<\/p>\n<p class=\"MsoNormal\"><b>\u00bfDe qu\u00e9 se trata el proyecto que est\u00e1n trabajando para el Congreso Provincial de Choapa?<\/b><\/p>\n<p class=\"MsoNormal\"><i>Nuestro trabajo se llama \u201cLas CME derritiendo hielos\u201d, y consiste en demostrar que el calentamiento global no tiene nada que ver con las eyecciones de masa coronal, que son las CME o mal llamadas llamaradas solares.<\/i><\/p>\n<p class=\"MsoNormal\"><b>\u00bfCon qu\u00e9 ventajas y dificultades se han ido encontrando en este proceso?<\/b><\/p>\n<p class=\"MsoNormal\"><i>Con hartos errores, hubo harta ignorancia por parte nuestra. Y cuando comenzamos a investigar, nos dimos cuenta que realmente somos ignorantes en la parte cient\u00edfica. Es fundamental que los chilenos o todos los ni\u00f1os, sean cient\u00edficamente alfabetizados.<\/i><\/p>\n<p class=\"MsoNormal\"><b>A pesar de estas dificultades, \u00bfc\u00f3mo ha sido la motivaci\u00f3n por parte de los estudiantes?<\/b><\/p>\n<p class=\"MsoNormal\"><i>Es muy buena. Y con este estudio se da cuenta que saber, estudiar e informarse es fundamental para uno como persona. No cualquiera puede llegar y meterte el dedo en la boca y decir que es verdad. Nosotros le\u00edmos un art\u00edculo que las llamaradas est\u00e1n afectando el calentamiento global de la Tierra y aumentando los deshielos; pero con este estudio demostramos que no era as\u00ed. <\/i><\/p>\n<p class=\"MsoNormal\"><b>\u00bfCu\u00e1les son las estrategias que us\u00f3 para motivar a sus estudiantes y que puedan disfrutar de la ciencia?<\/b><\/p>\n<p class=\"MsoNormal\"><i>Enganchamos con los ni\u00f1os con el tema de las \u201cllamaradas solares\u201d. Yo les dije que no eran llamaradas y ah\u00ed comenzamos a investigar y habl\u00e1bamos \u201cse est\u00e1 calentando la Tierra, se van a derretir los polos, nos vamos a inundar\u201d. Partimos con esa motivaci\u00f3n, que es llamativa, aunque sea una informaci\u00f3n falsa. <\/i><\/p>\n<p class=\"MsoNormal\"><b>\u00bfCu\u00e1l es su valoraci\u00f3n de esta actividad provincial y de alguna forma, esta descentralizaci\u00f3n de las ciencias en la regi\u00f3n de Coquimbo?<\/b><\/p>\n<p class=\"MsoNormal\"><i>Es muy importante, porque nosotros podemos participar. Cuando son en otros lugares, para nosotros es m\u00e1s dif\u00edcil poder movernos. Es importante que no solamente el PAR Explora, si no todas las entidades, colegios y los que divulgan la ciencia, puedan ser parte de esta actividad. <\/i><\/p>\n<p class=\"MsoNormal\"><i>Vivimos en un planeta en donde necesitamos informaci\u00f3n, para no contaminar, para ayudarnos nosotros mismos y que el planeta no muera.<\/i><\/p>\n<p class=\"MsoNormal\"><i><img fetchpriority=\"high\" decoding=\"async\" class=\" size-full wp-image-20957\" src=\"http:\/\/ec2-54-245-22-188.us-west-2.compute.amazonaws.com\/wp-content\/uploads\/2016\/09\/DSCF7798.JPG\" alt=\"\" width=\"900\" height=\"514\" \/><\/i><\/p>\n<p>\u00a0<\/p>\n<p class=\"MsoNormal\">\u00a0<\/p>\n","protected":false},"excerpt":{"rendered":"<p>En el marco de los Congresos Provinciales Escolares de Ciencia y Tecnolog\u00eda, les presentamos a algunos docentes que est\u00e1n trabajando para participar en esta instancia de divulgaci\u00f3n y valoraci\u00f3n de la ciencia. \u00a0 \u00a0 La provincia de Choapa es la zona m\u00e1s alejada de la regi\u00f3n de Coquimbo. Para llegar a algunas comunas desde la [&hellip;]<\/p>\n","protected":false},"author":2,"featured_media":32523,"comment_status":"open","ping_status":"open","sticky":false,"template":"","format":"standard","meta":{"_acf_changed":false,"_exactmetrics_skip_tracking":false,"_exactmetrics_sitenote_active":false,"_exactmetrics_sitenote_note":"","_exactmetrics_sitenote_category":0,"footnotes":"","_links_to":"","_links_to_target":""},"categories":[4],"tags":[],"class_list":["post-38188","post","type-post","status-publish","format-standard","has-post-thumbnail","hentry","category-noticias"],"acf":[],"yoast_head":"<!-- This site is optimized with the Yoast SEO plugin v26.9 - https:\/\/yoast.com\/product\/yoast-seo-wordpress\/ -->\n<title>Conociendo a los docentes de la regi\u00f3n: Profesora Ver\u00f3nica Espinoza, Los Vilos - Coquimbo<\/title>\n<meta name=\"robots\" content=\"index, follow, max-snippet:-1, max-image-preview:large, max-video-preview:-1\" \/>\n<link rel=\"canonical\" href=\"https:\/\/explora.cl\/coquimbo\/conociendo-a-los-docentes-de-la-region-profesora-veronica-espinoza-los-vilos-2\/\" class=\"yoast-seo-meta-tag\" \/>\n<meta property=\"og:locale\" content=\"es_ES\" class=\"yoast-seo-meta-tag\" \/>\n<meta property=\"og:type\" content=\"article\" class=\"yoast-seo-meta-tag\" \/>\n<meta property=\"og:title\" content=\"Conociendo a los docentes de la regi\u00f3n: Profesora Ver\u00f3nica Espinoza, Los Vilos - Coquimbo\" class=\"yoast-seo-meta-tag\" \/>\n<meta property=\"og:description\" content=\"En el marco de los Congresos Provinciales Escolares de Ciencia y Tecnolog\u00eda, les presentamos a algunos docentes que est\u00e1n trabajando para participar en esta instancia de divulgaci\u00f3n y valoraci\u00f3n de la ciencia. \u00a0 \u00a0 La provincia de Choapa es la zona m\u00e1s alejada de la regi\u00f3n de Coquimbo. Para llegar a algunas comunas desde la [&hellip;]\" class=\"yoast-seo-meta-tag\" \/>\n<meta property=\"og:url\" content=\"https:\/\/explora.cl\/coquimbo\/conociendo-a-los-docentes-de-la-region-profesora-veronica-espinoza-los-vilos-2\/\" class=\"yoast-seo-meta-tag\" \/>\n<meta property=\"og:site_name\" content=\"Coquimbo\" class=\"yoast-seo-meta-tag\" \/>\n<meta property=\"article:published_time\" content=\"2016-09-29T04:00:00+00:00\" class=\"yoast-seo-meta-tag\" \/>\n<meta property=\"article:modified_time\" content=\"2019-05-16T06:32:06+00:00\" class=\"yoast-seo-meta-tag\" \/>\n<meta property=\"og:image\" content=\"https:\/\/explora.cl\/coquimbo\/wp-content\/uploads\/sites\/6\/2018\/06\/DSCF7798-copia.jpg\" class=\"yoast-seo-meta-tag\" \/>\n\t<meta property=\"og:image:width\" content=\"440\" class=\"yoast-seo-meta-tag\" \/>\n\t<meta property=\"og:image:height\" content=\"220\" class=\"yoast-seo-meta-tag\" \/>\n\t<meta property=\"og:image:type\" content=\"image\/jpeg\" class=\"yoast-seo-meta-tag\" \/>\n<meta name=\"author\" content=\"webman\" class=\"yoast-seo-meta-tag\" \/>\n<meta name=\"twitter:card\" content=\"summary_large_image\" class=\"yoast-seo-meta-tag\" \/>\n<meta name=\"twitter:label1\" content=\"Escrito por\" class=\"yoast-seo-meta-tag\" \/>\n\t<meta name=\"twitter:data1\" content=\"webman\" class=\"yoast-seo-meta-tag\" \/>\n\t<meta name=\"twitter:label2\" content=\"Tiempo estimado de lectura\" class=\"yoast-seo-meta-tag\" \/>\n\t<meta name=\"twitter:data2\" content=\"3 minutos\" class=\"yoast-seo-meta-tag\" \/>\n<script type=\"application\/ld+json\" class=\"yoast-schema-graph\">{\"@context\":\"https:\/\/schema.org\",\"@graph\":[{\"@type\":\"Article\",\"@id\":\"https:\/\/explora.cl\/coquimbo\/conociendo-a-los-docentes-de-la-region-profesora-veronica-espinoza-los-vilos-2\/#article\",\"isPartOf\":{\"@id\":\"https:\/\/explora.cl\/coquimbo\/conociendo-a-los-docentes-de-la-region-profesora-veronica-espinoza-los-vilos-2\/\"},\"author\":{\"name\":\"webman\",\"@id\":\"https:\/\/explora.cl\/coquimbo\/#\/schema\/person\/cb8349c13ea2d324080adf8480d7ba5d\"},\"headline\":\"Conociendo a los docentes de la regi\u00f3n: Profesora Ver\u00f3nica Espinoza, Los Vilos\",\"datePublished\":\"2016-09-29T04:00:00+00:00\",\"dateModified\":\"2019-05-16T06:32:06+00:00\",\"mainEntityOfPage\":{\"@id\":\"https:\/\/explora.cl\/coquimbo\/conociendo-a-los-docentes-de-la-region-profesora-veronica-espinoza-los-vilos-2\/\"},\"wordCount\":557,\"commentCount\":0,\"publisher\":{\"@id\":\"https:\/\/explora.cl\/coquimbo\/#organization\"},\"image\":{\"@id\":\"https:\/\/explora.cl\/coquimbo\/conociendo-a-los-docentes-de-la-region-profesora-veronica-espinoza-los-vilos-2\/#primaryimage\"},\"thumbnailUrl\":\"https:\/\/explora.cl\/coquimbo\/wp-content\/uploads\/sites\/6\/2018\/06\/DSCF7798-copia.jpg\",\"articleSection\":[\"Noticias\"],\"inLanguage\":\"es-CL\",\"potentialAction\":[{\"@type\":\"CommentAction\",\"name\":\"Comment\",\"target\":[\"https:\/\/explora.cl\/coquimbo\/conociendo-a-los-docentes-de-la-region-profesora-veronica-espinoza-los-vilos-2\/#respond\"]}]},{\"@type\":\"WebPage\",\"@id\":\"https:\/\/explora.cl\/coquimbo\/conociendo-a-los-docentes-de-la-region-profesora-veronica-espinoza-los-vilos-2\/\",\"url\":\"https:\/\/explora.cl\/coquimbo\/conociendo-a-los-docentes-de-la-region-profesora-veronica-espinoza-los-vilos-2\/\",\"name\":\"Conociendo a los docentes de la regi\u00f3n: Profesora Ver\u00f3nica Espinoza, Los Vilos - Coquimbo\",\"isPartOf\":{\"@id\":\"https:\/\/explora.cl\/coquimbo\/#website\"},\"primaryImageOfPage\":{\"@id\":\"https:\/\/explora.cl\/coquimbo\/conociendo-a-los-docentes-de-la-region-profesora-veronica-espinoza-los-vilos-2\/#primaryimage\"},\"image\":{\"@id\":\"https:\/\/explora.cl\/coquimbo\/conociendo-a-los-docentes-de-la-region-profesora-veronica-espinoza-los-vilos-2\/#primaryimage\"},\"thumbnailUrl\":\"https:\/\/explora.cl\/coquimbo\/wp-content\/uploads\/sites\/6\/2018\/06\/DSCF7798-copia.jpg\",\"datePublished\":\"2016-09-29T04:00:00+00:00\",\"dateModified\":\"2019-05-16T06:32:06+00:00\",\"breadcrumb\":{\"@id\":\"https:\/\/explora.cl\/coquimbo\/conociendo-a-los-docentes-de-la-region-profesora-veronica-espinoza-los-vilos-2\/#breadcrumb\"},\"inLanguage\":\"es-CL\",\"potentialAction\":[{\"@type\":\"ReadAction\",\"target\":[\"https:\/\/explora.cl\/coquimbo\/conociendo-a-los-docentes-de-la-region-profesora-veronica-espinoza-los-vilos-2\/\"]}]},{\"@type\":\"ImageObject\",\"inLanguage\":\"es-CL\",\"@id\":\"https:\/\/explora.cl\/coquimbo\/conociendo-a-los-docentes-de-la-region-profesora-veronica-espinoza-los-vilos-2\/#primaryimage\",\"url\":\"https:\/\/explora.cl\/coquimbo\/wp-content\/uploads\/sites\/6\/2018\/06\/DSCF7798-copia.jpg\",\"contentUrl\":\"https:\/\/explora.cl\/coquimbo\/wp-content\/uploads\/sites\/6\/2018\/06\/DSCF7798-copia.jpg\",\"width\":440,\"height\":220},{\"@type\":\"BreadcrumbList\",\"@id\":\"https:\/\/explora.cl\/coquimbo\/conociendo-a-los-docentes-de-la-region-profesora-veronica-espinoza-los-vilos-2\/#breadcrumb\",\"itemListElement\":[{\"@type\":\"ListItem\",\"position\":1,\"name\":\"Portada\",\"item\":\"https:\/\/explora.cl\/coquimbo\/\"},{\"@type\":\"ListItem\",\"position\":2,\"name\":\"Conociendo a los docentes de la regi\u00f3n: Profesora Ver\u00f3nica Espinoza, Los Vilos\"}]},{\"@type\":\"WebSite\",\"@id\":\"https:\/\/explora.cl\/coquimbo\/#website\",\"url\":\"https:\/\/explora.cl\/coquimbo\/\",\"name\":\"Coquimbo\",\"description\":\"Otro sitio m\u00e1s de explora.cl\",\"publisher\":{\"@id\":\"https:\/\/explora.cl\/coquimbo\/#organization\"},\"potentialAction\":[{\"@type\":\"SearchAction\",\"target\":{\"@type\":\"EntryPoint\",\"urlTemplate\":\"https:\/\/explora.cl\/coquimbo\/?s={search_term_string}\"},\"query-input\":{\"@type\":\"PropertyValueSpecification\",\"valueRequired\":true,\"valueName\":\"search_term_string\"}}],\"inLanguage\":\"es-CL\"},{\"@type\":\"Organization\",\"@id\":\"https:\/\/explora.cl\/coquimbo\/#organization\",\"name\":\"Coquimbo\",\"url\":\"https:\/\/explora.cl\/coquimbo\/\",\"logo\":{\"@type\":\"ImageObject\",\"inLanguage\":\"es-CL\",\"@id\":\"https:\/\/explora.cl\/coquimbo\/#\/schema\/logo\/image\/\",\"url\":\"https:\/\/explora.cl\/coquimbo\/wp-content\/uploads\/sites\/6\/2020\/08\/cropped-Mesa-de-trabajo-1-100.jpg\",\"contentUrl\":\"https:\/\/explora.cl\/coquimbo\/wp-content\/uploads\/sites\/6\/2020\/08\/cropped-Mesa-de-trabajo-1-100.jpg\",\"width\":615,\"height\":576,\"caption\":\"Coquimbo\"},\"image\":{\"@id\":\"https:\/\/explora.cl\/coquimbo\/#\/schema\/logo\/image\/\"}},{\"@type\":\"Person\",\"@id\":\"https:\/\/explora.cl\/coquimbo\/#\/schema\/person\/cb8349c13ea2d324080adf8480d7ba5d\",\"name\":\"webman\",\"image\":{\"@type\":\"ImageObject\",\"inLanguage\":\"es-CL\",\"@id\":\"https:\/\/explora.cl\/coquimbo\/#\/schema\/person\/image\/\",\"url\":\"https:\/\/secure.gravatar.com\/avatar\/eeff3c82f2c02f7177d13663b7e6f890e9a6a0647ce9bb29cae02dcb094c7312?s=96&d=mm&r=g\",\"contentUrl\":\"https:\/\/secure.gravatar.com\/avatar\/eeff3c82f2c02f7177d13663b7e6f890e9a6a0647ce9bb29cae02dcb094c7312?s=96&d=mm&r=g\",\"caption\":\"webman\"},\"url\":\"https:\/\/explora.cl\/coquimbo\/author\/webman\/\"}]}<\/script>\n<!-- \/ Yoast SEO plugin. -->","yoast_head_json":{"title":"Conociendo a los docentes de la regi\u00f3n: Profesora Ver\u00f3nica Espinoza, Los Vilos - Coquimbo","robots":{"index":"index","follow":"follow","max-snippet":"max-snippet:-1","max-image-preview":"max-image-preview:large","max-video-preview":"max-video-preview:-1"},"canonical":"https:\/\/explora.cl\/coquimbo\/conociendo-a-los-docentes-de-la-region-profesora-veronica-espinoza-los-vilos-2\/","og_locale":"es_ES","og_type":"article","og_title":"Conociendo a los docentes de la regi\u00f3n: Profesora Ver\u00f3nica Espinoza, Los Vilos - Coquimbo","og_description":"En el marco de los Congresos Provinciales Escolares de Ciencia y Tecnolog\u00eda, les presentamos a algunos docentes que est\u00e1n trabajando para participar en esta instancia de divulgaci\u00f3n y valoraci\u00f3n de la ciencia. \u00a0 \u00a0 La provincia de Choapa es la zona m\u00e1s alejada de la regi\u00f3n de Coquimbo. Para llegar a algunas comunas desde la [&hellip;]","og_url":"https:\/\/explora.cl\/coquimbo\/conociendo-a-los-docentes-de-la-region-profesora-veronica-espinoza-los-vilos-2\/","og_site_name":"Coquimbo","article_published_time":"2016-09-29T04:00:00+00:00","article_modified_time":"2019-05-16T06:32:06+00:00","og_image":[{"width":440,"height":220,"url":"https:\/\/explora.cl\/coquimbo\/wp-content\/uploads\/sites\/6\/2018\/06\/DSCF7798-copia.jpg","type":"image\/jpeg"}],"author":"webman","twitter_card":"summary_large_image","twitter_misc":{"Escrito por":"webman","Tiempo estimado de lectura":"3 minutos"},"schema":{"@context":"https:\/\/schema.org","@graph":[{"@type":"Article","@id":"https:\/\/explora.cl\/coquimbo\/conociendo-a-los-docentes-de-la-region-profesora-veronica-espinoza-los-vilos-2\/#article","isPartOf":{"@id":"https:\/\/explora.cl\/coquimbo\/conociendo-a-los-docentes-de-la-region-profesora-veronica-espinoza-los-vilos-2\/"},"author":{"name":"webman","@id":"https:\/\/explora.cl\/coquimbo\/#\/schema\/person\/cb8349c13ea2d324080adf8480d7ba5d"},"headline":"Conociendo a los docentes de la regi\u00f3n: Profesora Ver\u00f3nica Espinoza, Los Vilos","datePublished":"2016-09-29T04:00:00+00:00","dateModified":"2019-05-16T06:32:06+00:00","mainEntityOfPage":{"@id":"https:\/\/explora.cl\/coquimbo\/conociendo-a-los-docentes-de-la-region-profesora-veronica-espinoza-los-vilos-2\/"},"wordCount":557,"commentCount":0,"publisher":{"@id":"https:\/\/explora.cl\/coquimbo\/#organization"},"image":{"@id":"https:\/\/explora.cl\/coquimbo\/conociendo-a-los-docentes-de-la-region-profesora-veronica-espinoza-los-vilos-2\/#primaryimage"},"thumbnailUrl":"https:\/\/explora.cl\/coquimbo\/wp-content\/uploads\/sites\/6\/2018\/06\/DSCF7798-copia.jpg","articleSection":["Noticias"],"inLanguage":"es-CL","potentialAction":[{"@type":"CommentAction","name":"Comment","target":["https:\/\/explora.cl\/coquimbo\/conociendo-a-los-docentes-de-la-region-profesora-veronica-espinoza-los-vilos-2\/#respond"]}]},{"@type":"WebPage","@id":"https:\/\/explora.cl\/coquimbo\/conociendo-a-los-docentes-de-la-region-profesora-veronica-espinoza-los-vilos-2\/","url":"https:\/\/explora.cl\/coquimbo\/conociendo-a-los-docentes-de-la-region-profesora-veronica-espinoza-los-vilos-2\/","name":"Conociendo a los docentes de la regi\u00f3n: Profesora Ver\u00f3nica Espinoza, Los Vilos - Coquimbo","isPartOf":{"@id":"https:\/\/explora.cl\/coquimbo\/#website"},"primaryImageOfPage":{"@id":"https:\/\/explora.cl\/coquimbo\/conociendo-a-los-docentes-de-la-region-profesora-veronica-espinoza-los-vilos-2\/#primaryimage"},"image":{"@id":"https:\/\/explora.cl\/coquimbo\/conociendo-a-los-docentes-de-la-region-profesora-veronica-espinoza-los-vilos-2\/#primaryimage"},"thumbnailUrl":"https:\/\/explora.cl\/coquimbo\/wp-content\/uploads\/sites\/6\/2018\/06\/DSCF7798-copia.jpg","datePublished":"2016-09-29T04:00:00+00:00","dateModified":"2019-05-16T06:32:06+00:00","breadcrumb":{"@id":"https:\/\/explora.cl\/coquimbo\/conociendo-a-los-docentes-de-la-region-profesora-veronica-espinoza-los-vilos-2\/#breadcrumb"},"inLanguage":"es-CL","potentialAction":[{"@type":"ReadAction","target":["https:\/\/explora.cl\/coquimbo\/conociendo-a-los-docentes-de-la-region-profesora-veronica-espinoza-los-vilos-2\/"]}]},{"@type":"ImageObject","inLanguage":"es-CL","@id":"https:\/\/explora.cl\/coquimbo\/conociendo-a-los-docentes-de-la-region-profesora-veronica-espinoza-los-vilos-2\/#primaryimage","url":"https:\/\/explora.cl\/coquimbo\/wp-content\/uploads\/sites\/6\/2018\/06\/DSCF7798-copia.jpg","contentUrl":"https:\/\/explora.cl\/coquimbo\/wp-content\/uploads\/sites\/6\/2018\/06\/DSCF7798-copia.jpg","width":440,"height":220},{"@type":"BreadcrumbList","@id":"https:\/\/explora.cl\/coquimbo\/conociendo-a-los-docentes-de-la-region-profesora-veronica-espinoza-los-vilos-2\/#breadcrumb","itemListElement":[{"@type":"ListItem","position":1,"name":"Portada","item":"https:\/\/explora.cl\/coquimbo\/"},{"@type":"ListItem","position":2,"name":"Conociendo a los docentes de la regi\u00f3n: Profesora Ver\u00f3nica Espinoza, Los Vilos"}]},{"@type":"WebSite","@id":"https:\/\/explora.cl\/coquimbo\/#website","url":"https:\/\/explora.cl\/coquimbo\/","name":"Coquimbo","description":"Otro sitio m\u00e1s de explora.cl","publisher":{"@id":"https:\/\/explora.cl\/coquimbo\/#organization"},"potentialAction":[{"@type":"SearchAction","target":{"@type":"EntryPoint","urlTemplate":"https:\/\/explora.cl\/coquimbo\/?s={search_term_string}"},"query-input":{"@type":"PropertyValueSpecification","valueRequired":true,"valueName":"search_term_string"}}],"inLanguage":"es-CL"},{"@type":"Organization","@id":"https:\/\/explora.cl\/coquimbo\/#organization","name":"Coquimbo","url":"https:\/\/explora.cl\/coquimbo\/","logo":{"@type":"ImageObject","inLanguage":"es-CL","@id":"https:\/\/explora.cl\/coquimbo\/#\/schema\/logo\/image\/","url":"https:\/\/explora.cl\/coquimbo\/wp-content\/uploads\/sites\/6\/2020\/08\/cropped-Mesa-de-trabajo-1-100.jpg","contentUrl":"https:\/\/explora.cl\/coquimbo\/wp-content\/uploads\/sites\/6\/2020\/08\/cropped-Mesa-de-trabajo-1-100.jpg","width":615,"height":576,"caption":"Coquimbo"},"image":{"@id":"https:\/\/explora.cl\/coquimbo\/#\/schema\/logo\/image\/"}},{"@type":"Person","@id":"https:\/\/explora.cl\/coquimbo\/#\/schema\/person\/cb8349c13ea2d324080adf8480d7ba5d","name":"webman","image":{"@type":"ImageObject","inLanguage":"es-CL","@id":"https:\/\/explora.cl\/coquimbo\/#\/schema\/person\/image\/","url":"https:\/\/secure.gravatar.com\/avatar\/eeff3c82f2c02f7177d13663b7e6f890e9a6a0647ce9bb29cae02dcb094c7312?s=96&d=mm&r=g","contentUrl":"https:\/\/secure.gravatar.com\/avatar\/eeff3c82f2c02f7177d13663b7e6f890e9a6a0647ce9bb29cae02dcb094c7312?s=96&d=mm&r=g","caption":"webman"},"url":"https:\/\/explora.cl\/coquimbo\/author\/webman\/"}]}},"_links":{"self":[{"href":"https:\/\/explora.cl\/coquimbo\/wp-json\/wp\/v2\/posts\/38188","targetHints":{"allow":["GET"]}}],"collection":[{"href":"https:\/\/explora.cl\/coquimbo\/wp-json\/wp\/v2\/posts"}],"about":[{"href":"https:\/\/explora.cl\/coquimbo\/wp-json\/wp\/v2\/types\/post"}],"author":[{"embeddable":true,"href":"https:\/\/explora.cl\/coquimbo\/wp-json\/wp\/v2\/users\/2"}],"replies":[{"embeddable":true,"href":"https:\/\/explora.cl\/coquimbo\/wp-json\/wp\/v2\/comments?post=38188"}],"version-history":[{"count":1,"href":"https:\/\/explora.cl\/coquimbo\/wp-json\/wp\/v2\/posts\/38188\/revisions"}],"predecessor-version":[{"id":38965,"href":"https:\/\/explora.cl\/coquimbo\/wp-json\/wp\/v2\/posts\/38188\/revisions\/38965"}],"wp:featuredmedia":[{"embeddable":true,"href":"https:\/\/explora.cl\/coquimbo\/wp-json\/wp\/v2\/media\/32523"}],"wp:attachment":[{"href":"https:\/\/explora.cl\/coquimbo\/wp-json\/wp\/v2\/media?parent=38188"}],"wp:term":[{"taxonomy":"category","embeddable":true,"href":"https:\/\/explora.cl\/coquimbo\/wp-json\/wp\/v2\/categories?post=38188"},{"taxonomy":"post_tag","embeddable":true,"href":"https:\/\/explora.cl\/coquimbo\/wp-json\/wp\/v2\/tags?post=38188"}],"curies":[{"name":"wp","href":"https:\/\/api.w.org\/{rel}","templated":true}]}}