{"id":38184,"date":"2016-08-24T00:00:00","date_gmt":"2016-08-24T04:00:00","guid":{"rendered":"https:\/\/explora.cl\/coquimbo\/blog\/2016\/08\/24\/facultad-de-ciencias-del-mar-ucn-trabaja-en-implementar-proyecto-docente\/"},"modified":"2019-05-16T06:32:46","modified_gmt":"2019-05-16T06:32:46","slug":"facultad-de-ciencias-del-mar-ucn-trabaja-en-implementar-proyecto-docente","status":"publish","type":"post","link":"https:\/\/explora.cl\/coquimbo\/facultad-de-ciencias-del-mar-ucn-trabaja-en-implementar-proyecto-docente\/","title":{"rendered":"Facultad de Ciencias del Mar UCN trabaja en implementar proyecto docente"},"content":{"rendered":"<p class=\"MsoNormal\">\u00a0<\/p>\n<p>\u00a0<\/p>\n<p class=\"MsoNormal\" style=\"text-align: center\"><span class=\"MsoSubtleEmphasis\"><span lang=\"ES-TRAD\" style=\"font-size: 11pt;font-family: Calibri, sans-serif\"><em>El prop\u00f3sito es mejorar el aprendizaje y concretar el redise\u00f1o curricular.<\/em> <\/span><\/span><\/p>\n<hr \/>\n<p class=\"MsoNormal\" style=\"text-align: center\">\u00a0<\/p>\n<p class=\"MsoNormal\" style=\"text-align: center\">\u00a0<\/p>\n<p class=\"MsoNormal\"><span class=\"MsoSubtleEmphasis\"><span lang=\"ES-TRAD\" style=\"font-size: 11pt;font-family: Calibri, sans-serif\">Mejorar el aprendizaje,\u00a0 <\/span><\/span><em><span lang=\"ES-TRAD\" style=\"font-size: 11.0pt;font-family: 'Calibri',sans-serif\">por<\/span><\/em><span class=\"MsoSubtleEmphasis\"><span lang=\"ES-TRAD\" style=\"font-size: 11pt;font-family: Calibri, sans-serif\"> medio de diversas estrategias, es uno de los grandes objetivos del proyecto docente que est\u00e1 impulsando la Facultad de Ciencias del Mar de la Universidad Cat\u00f3lica del Norte.<\/span><\/span><\/p>\n<p class=\"MsoNormal\"><span class=\"MsoSubtleEmphasis\"><span lang=\"ES-TRAD\" style=\"font-size: 11pt;font-family: Calibri, sans-serif\">Con 33 a\u00f1os de trayectoria y tres carreras acreditadas (adem\u00e1s de cinco postgrados), esta unidad est\u00e1 buscando adaptarse a las nuevas exigencias de la sociedad, a fin de entregar profesionales de excelencia, mas cultos y mejor preparados para el trabajo inter y multidisciplinario.<\/span><\/span><span class=\"MsoSubtleEmphasis\"><span lang=\"ES-TRAD\" style=\"font-size: 11pt;font-family: Calibri, sans-serif\">\u00a0<\/span><\/span><\/p>\n<p class=\"MsoNormal\"><span class=\"MsoSubtleEmphasis\"><span lang=\"ES-TRAD\" style=\"font-size: 11pt;font-family: Calibri, sans-serif\">En ese contexto se desarroll\u00f3 hace pocos d\u00edas la primera de una serie de jornadas, destinadas a intercambiar buenas pr\u00e1cticas pedag\u00f3gicas, guiada por Paulina Veas Garc\u00eda, Mag\u00edster en Curr\u00edculum y Doctora en Educaci\u00f3n menci\u00f3n Mediaci\u00f3n Pedag\u00f3gica, encargada de la Oficina de Educaci\u00f3n en Ciencias del Mar.\u00a0 \u201cLa idea es compartir experiencias que han sido buenas porque en su dise\u00f1o, su implementaci\u00f3n, su evaluaci\u00f3n, generan un aprendizaje significativo en el estudiante\u201d, comenta, precisando que no se busca rescatar alguna pr\u00e1ctica excepcional, sino \u201clo cotidiano que el profesor va realizando y que le parece que genera buenos resultados\u201d. A modo de ejemplo, se\u00f1ala que en esta sesi\u00f3n inicial, los asistentes conocieron las acciones que llevan adelante cuatro colegas: Sergio Gonz\u00e1lez, quien cont\u00f3 detalles de la elaboraci\u00f3n grupal de un boceto de c\u00f3mic para ni\u00f1os por parte de alumnos de primer a\u00f1o; \u00d3scar Malt\u00e9s, que present\u00f3 una metodolog\u00eda activa transversal de aprendizaje, profundo, significativo y consciente en las asignaturas de qu\u00edmica; una estrategia de evaluaci\u00f3n individual clase a clase cuando se trabaja en base a actividades grupales, comentada por Wolfgang Stotz; y la implementaci\u00f3n de un mercado virtual como herramienta activa\u00a0 de docencia para asignaturas de econom\u00eda, a cargo de Jos\u00e9 Bakit.<\/span><\/span><span class=\"MsoSubtleEmphasis\"><span lang=\"ES-TRAD\" style=\"font-size: 11pt;font-family: Calibri, sans-serif\">\u00a0<img fetchpriority=\"high\" decoding=\"async\" class=\" alignright size-full wp-image-20108\" style=\"float: right\" src=\"http:\/\/ec2-54-245-22-188.us-west-2.compute.amazonaws.com\/wp-content\/uploads\/2016\/08\/FCM-proyecto-docente1-copia.jpg\" alt=\"\" width=\"440\" height=\"220\" \/><\/span><\/span><\/p>\n<p class=\"MsoNormal\"><span class=\"MsoSubtleEmphasis\"><span lang=\"ES-TRAD\" style=\"font-size: 11pt;font-family: Calibri, sans-serif\">Estas y otras acciones se enmarcan en la implementaci\u00f3n del proyecto docente de la Facultad de Ciencias del Mar de la UCN, que tambi\u00e9n incluy\u00f3 el redise\u00f1o de las carreras de Ingenier\u00eda en Acuicultura y Biolog\u00eda Marina, que busca, entre otros \u201cpoder caminar hacia un curr\u00edculo basado en competencias\u201d, indica Paulina Veas, y a pr\u00e1cticas docentes que apunten hacia un aprendizaje mucho m\u00e1s significativo y profundo en los estudiantes, m\u00e1s que en la repetici\u00f3n o reproducci\u00f3n del saber\u201d.<\/span><\/span><span style=\"font-family: Calibri, sans-serif;font-size: 11pt;line-height: 1.3em\">\u00a0<\/span><\/p>\n<p class=\"MsoNormal\"><span class=\"MsoSubtleEmphasis\"><span lang=\"ES-TRAD\" style=\"font-size: 11pt;font-family: Calibri, sans-serif\"><strong>Cambio de paradigma<\/strong><\/span><\/span><span class=\"MsoSubtleEmphasis\"><span lang=\"ES-TRAD\" style=\"font-size: 11pt;font-family: Calibri, sans-serif\">\u00a0<\/span><\/span><\/p>\n<p class=\"MsoNormal\"><span class=\"MsoSubtleEmphasis\"><span lang=\"ES-TRAD\" style=\"font-size: 11pt;font-family: Calibri, sans-serif\">A cargo de coordinar la implementaci\u00f3n del citado proyecto est\u00e1 el acad\u00e9mico Wolfgang Stotz Uslar, secretario docente de la facultad, quien explica que la idea es integrar las carreras entre s\u00ed \u2013 Biolog\u00eda Marina, Ingenier\u00eda en Acuicultura, y en lo posible, a futuro tambi\u00e9n Ingenier\u00eda en Prevenci\u00f3n de Riesgos y Medioambiente-, de modo que tengan un plan de formaci\u00f3n b\u00e1sica com\u00fan que permita que los alumnos puedan transitar de una a otra carrera con mayor facilidad, dando mayor flexibilidad a las rutas de formaci\u00f3n. As\u00ed, agrega, \u201cse van generando las condiciones para aprovechar una formaci\u00f3n b\u00e1sica com\u00fan, para generar en el futuro pr\u00f3ximo nuevas salidas\u201d. Paralelamente, se apunta tambi\u00e9n a una integraci\u00f3n a nivel de universidad, vale decir, que \u201csi hay asignaturas que tocan temas de econom\u00eda, administraci\u00f3n, derecho, etc., lo aprendan en conjunto y compartiendo con alumnos de esas disciplinas\u201d.\u00a0 Se trata de ir abandonando paulatinamente la formaci\u00f3n \u201ctubular\u201d que caracteriza actualmente a la mayor\u00eda de las carreras, para ir ofreciendo caminos diversos, adaptados a los intereses y particularidades de cada estudiante.\u00a0 Con eso se busca mejorar la retenci\u00f3n, el rendimiento y la titulaci\u00f3n oportuna de los alumnos en la facultad.<\/span><\/span><span class=\"MsoSubtleEmphasis\"><span lang=\"ES-TRAD\" style=\"font-size: 11pt;font-family: Calibri, sans-serif\">\u00a0<\/span><\/span><\/p>\n<p class=\"MsoNormal\"><span class=\"MsoSubtleEmphasis\"><span lang=\"ES-TRAD\" style=\"font-size: 11pt;font-family: Calibri, sans-serif\">Estos y otros desaf\u00edos han implicado un redise\u00f1o de las mallas curriculares y cambios en las pr\u00e1cticas docentes, trabajo que ha tenido un importante apoyo gracias a la reciente creaci\u00f3n de la Oficina de Educaci\u00f3n en Ciencias del Mar, unidad a cargo de Paulina Veas Garc\u00eda. El principal cambio en relaci\u00f3n a las pr\u00e1cticas que se est\u00e1 introduciendo es que cada curso sea abordado en forma conjunta por varios acad\u00e9micos y que estos lo planifiquen en conjunto. Enseguida, se buscar\u00e1\u00a0 que lo que se haga en un curso, sea conocido y considerado en su planificaci\u00f3n por los dem\u00e1s cursos que comparten alumnos durante el mismo semestre, desarrollando eventualmente actividades comunes, y por aquellos cursos sucesivos que comparten una misma l\u00ednea de formaci\u00f3n, de modo de lograr una mayor coherencia y eficiencia. Se espera generar con ello mayores espacios para las dem\u00e1s actividades acad\u00e9micas que se deben complementar con la docencia, como son principalmente la investigaci\u00f3n y vinculaci\u00f3n.<\/span><\/span><span class=\"MsoSubtleEmphasis\"><span lang=\"ES-TRAD\" style=\"font-size: 11pt;font-family: Calibri, sans-serif\">\u00a0<\/span><\/span><\/p>\n<p class=\"MsoNormal\"><span class=\"MsoSubtleEmphasis\"><span lang=\"ES-TRAD\" style=\"font-size: 11pt;font-family: Calibri, sans-serif\">Por razones coyunturales, la carrera de Ingenier\u00eda en Prevenci\u00f3n de Riesgo y Medioambiente fue incorporada en el proyecto \u201cReinventando las Ingenier\u00edas\u201d; sin embargo, se buscar\u00e1 su integraci\u00f3n al proyecto docente, \u201cya que consideramos fundamental en cuanto a sus dos vertientes, la de ingenier\u00eda y la de medio ambiente, a fin de generar una base m\u00e1s amplia para futuras nuevas ofertas docentes\u201d.<\/span><\/span><\/p>\n<p class=\"MsoNormal\"><span class=\"MsoSubtleEmphasis\"><span lang=\"ES-TRAD\" style=\"font-size: 11pt;font-family: Calibri, sans-serif\">\u00a0<\/span><\/span><span class=\"MsoSubtleEmphas\nis\"><span lang=\"ES-TRAD\" style=\"font-size: 11pt;font-family: Calibri, sans-serif\">Stotz reconoce que el proceso no ha estado exento de dificultades, en especial por el cambio que involucra para los propios docentes. \u201cLa mayor\u00eda de los acad\u00e9micos a\u00fan est\u00e1n anclados en preocuparse por c\u00f3mo ellos ense\u00f1an, cada vez con clases m\u00e1s innovadoras, considerando tecnolog\u00edas y conocimientos.\u00a0 Pero en ello no se considera que el problema es que no est\u00e1n abordando lo central: c\u00f3mo nuestros alumnos aprenden y c\u00f3mo yo, como docente, puedo contribuir de mejor manera a ello. Y el hacerme cargo del perfil de estudiante que efectivamente recibimos. Ese es el mayor de los desaf\u00edos, pues implica un cambio de paradigma respecto a c\u00f3mo abordar la formaci\u00f3n\u201d, subraya, recordando que ese desaf\u00edo est\u00e1 incorporado en el Proyecto Educativo de la UCN.<\/span><\/span><\/p>\n<p class=\"MsoNormal\"><span class=\"MsoSubtleEmphasis\"><span lang=\"ES-TRAD\" style=\"font-size: 11pt;font-family: Calibri, sans-serif\">Por: Comunicaciones UCN<\/span><\/span><\/p>\n","protected":false},"excerpt":{"rendered":"<p>\u00a0 \u00a0 El prop\u00f3sito es mejorar el aprendizaje y concretar el redise\u00f1o curricular. \u00a0 \u00a0 Mejorar el aprendizaje,\u00a0 por medio de diversas estrategias, es uno de los grandes objetivos del proyecto docente que est\u00e1 impulsando la Facultad de Ciencias del Mar de la Universidad Cat\u00f3lica del Norte. Con 33 a\u00f1os de trayectoria y tres carreras [&hellip;]<\/p>\n","protected":false},"author":2,"featured_media":32469,"comment_status":"open","ping_status":"open","sticky":false,"template":"","format":"standard","meta":{"_acf_changed":false,"_exactmetrics_skip_tracking":false,"_exactmetrics_sitenote_active":false,"_exactmetrics_sitenote_note":"","_exactmetrics_sitenote_category":0,"footnotes":"","_links_to":"","_links_to_target":""},"categories":[4],"tags":[],"class_list":["post-38184","post","type-post","status-publish","format-standard","has-post-thumbnail","hentry","category-noticias"],"acf":[],"yoast_head":"<!-- This site is optimized with the Yoast SEO plugin v26.9 - https:\/\/yoast.com\/product\/yoast-seo-wordpress\/ -->\n<title>Facultad de Ciencias del Mar UCN trabaja en implementar proyecto docente - Coquimbo<\/title>\n<meta name=\"robots\" content=\"index, follow, max-snippet:-1, max-image-preview:large, max-video-preview:-1\" \/>\n<link rel=\"canonical\" href=\"https:\/\/explora.cl\/coquimbo\/facultad-de-ciencias-del-mar-ucn-trabaja-en-implementar-proyecto-docente\/\" class=\"yoast-seo-meta-tag\" \/>\n<meta property=\"og:locale\" content=\"es_ES\" class=\"yoast-seo-meta-tag\" \/>\n<meta property=\"og:type\" content=\"article\" class=\"yoast-seo-meta-tag\" \/>\n<meta property=\"og:title\" content=\"Facultad de Ciencias del Mar UCN trabaja en implementar proyecto docente - Coquimbo\" class=\"yoast-seo-meta-tag\" \/>\n<meta property=\"og:description\" content=\"\u00a0 \u00a0 El prop\u00f3sito es mejorar el aprendizaje y concretar el redise\u00f1o curricular. \u00a0 \u00a0 Mejorar el aprendizaje,\u00a0 por medio de diversas estrategias, es uno de los grandes objetivos del proyecto docente que est\u00e1 impulsando la Facultad de Ciencias del Mar de la Universidad Cat\u00f3lica del Norte. Con 33 a\u00f1os de trayectoria y tres carreras [&hellip;]\" class=\"yoast-seo-meta-tag\" \/>\n<meta property=\"og:url\" content=\"https:\/\/explora.cl\/coquimbo\/facultad-de-ciencias-del-mar-ucn-trabaja-en-implementar-proyecto-docente\/\" class=\"yoast-seo-meta-tag\" \/>\n<meta property=\"og:site_name\" content=\"Coquimbo\" class=\"yoast-seo-meta-tag\" \/>\n<meta property=\"article:published_time\" content=\"2016-08-24T04:00:00+00:00\" class=\"yoast-seo-meta-tag\" \/>\n<meta property=\"article:modified_time\" content=\"2019-05-16T06:32:46+00:00\" class=\"yoast-seo-meta-tag\" \/>\n<meta property=\"og:image\" content=\"https:\/\/explora.cl\/coquimbo\/wp-content\/uploads\/sites\/6\/2018\/06\/FCM-proyecto-docente1-copia.jpg\" class=\"yoast-seo-meta-tag\" \/>\n\t<meta property=\"og:image:width\" content=\"440\" class=\"yoast-seo-meta-tag\" \/>\n\t<meta property=\"og:image:height\" content=\"220\" class=\"yoast-seo-meta-tag\" \/>\n\t<meta property=\"og:image:type\" content=\"image\/jpeg\" class=\"yoast-seo-meta-tag\" \/>\n<meta name=\"author\" content=\"webman\" class=\"yoast-seo-meta-tag\" \/>\n<meta name=\"twitter:card\" content=\"summary_large_image\" class=\"yoast-seo-meta-tag\" \/>\n<meta name=\"twitter:label1\" content=\"Escrito por\" class=\"yoast-seo-meta-tag\" \/>\n\t<meta name=\"twitter:data1\" content=\"webman\" class=\"yoast-seo-meta-tag\" \/>\n\t<meta name=\"twitter:label2\" content=\"Tiempo estimado de lectura\" class=\"yoast-seo-meta-tag\" \/>\n\t<meta name=\"twitter:data2\" content=\"5 minutos\" class=\"yoast-seo-meta-tag\" \/>\n<script type=\"application\/ld+json\" class=\"yoast-schema-graph\">{\"@context\":\"https:\/\/schema.org\",\"@graph\":[{\"@type\":\"Article\",\"@id\":\"https:\/\/explora.cl\/coquimbo\/facultad-de-ciencias-del-mar-ucn-trabaja-en-implementar-proyecto-docente\/#article\",\"isPartOf\":{\"@id\":\"https:\/\/explora.cl\/coquimbo\/facultad-de-ciencias-del-mar-ucn-trabaja-en-implementar-proyecto-docente\/\"},\"author\":{\"name\":\"webman\",\"@id\":\"https:\/\/explora.cl\/coquimbo\/#\/schema\/person\/cb8349c13ea2d324080adf8480d7ba5d\"},\"headline\":\"Facultad de Ciencias del Mar UCN trabaja en implementar proyecto docente\",\"datePublished\":\"2016-08-24T04:00:00+00:00\",\"dateModified\":\"2019-05-16T06:32:46+00:00\",\"mainEntityOfPage\":{\"@id\":\"https:\/\/explora.cl\/coquimbo\/facultad-de-ciencias-del-mar-ucn-trabaja-en-implementar-proyecto-docente\/\"},\"wordCount\":1015,\"commentCount\":0,\"publisher\":{\"@id\":\"https:\/\/explora.cl\/coquimbo\/#organization\"},\"image\":{\"@id\":\"https:\/\/explora.cl\/coquimbo\/facultad-de-ciencias-del-mar-ucn-trabaja-en-implementar-proyecto-docente\/#primaryimage\"},\"thumbnailUrl\":\"https:\/\/explora.cl\/coquimbo\/wp-content\/uploads\/sites\/6\/2018\/06\/FCM-proyecto-docente1-copia.jpg\",\"articleSection\":[\"Noticias\"],\"inLanguage\":\"es-CL\",\"potentialAction\":[{\"@type\":\"CommentAction\",\"name\":\"Comment\",\"target\":[\"https:\/\/explora.cl\/coquimbo\/facultad-de-ciencias-del-mar-ucn-trabaja-en-implementar-proyecto-docente\/#respond\"]}]},{\"@type\":\"WebPage\",\"@id\":\"https:\/\/explora.cl\/coquimbo\/facultad-de-ciencias-del-mar-ucn-trabaja-en-implementar-proyecto-docente\/\",\"url\":\"https:\/\/explora.cl\/coquimbo\/facultad-de-ciencias-del-mar-ucn-trabaja-en-implementar-proyecto-docente\/\",\"name\":\"Facultad de Ciencias del Mar UCN trabaja en implementar proyecto docente - Coquimbo\",\"isPartOf\":{\"@id\":\"https:\/\/explora.cl\/coquimbo\/#website\"},\"primaryImageOfPage\":{\"@id\":\"https:\/\/explora.cl\/coquimbo\/facultad-de-ciencias-del-mar-ucn-trabaja-en-implementar-proyecto-docente\/#primaryimage\"},\"image\":{\"@id\":\"https:\/\/explora.cl\/coquimbo\/facultad-de-ciencias-del-mar-ucn-trabaja-en-implementar-proyecto-docente\/#primaryimage\"},\"thumbnailUrl\":\"https:\/\/explora.cl\/coquimbo\/wp-content\/uploads\/sites\/6\/2018\/06\/FCM-proyecto-docente1-copia.jpg\",\"datePublished\":\"2016-08-24T04:00:00+00:00\",\"dateModified\":\"2019-05-16T06:32:46+00:00\",\"breadcrumb\":{\"@id\":\"https:\/\/explora.cl\/coquimbo\/facultad-de-ciencias-del-mar-ucn-trabaja-en-implementar-proyecto-docente\/#breadcrumb\"},\"inLanguage\":\"es-CL\",\"potentialAction\":[{\"@type\":\"ReadAction\",\"target\":[\"https:\/\/explora.cl\/coquimbo\/facultad-de-ciencias-del-mar-ucn-trabaja-en-implementar-proyecto-docente\/\"]}]},{\"@type\":\"ImageObject\",\"inLanguage\":\"es-CL\",\"@id\":\"https:\/\/explora.cl\/coquimbo\/facultad-de-ciencias-del-mar-ucn-trabaja-en-implementar-proyecto-docente\/#primaryimage\",\"url\":\"https:\/\/explora.cl\/coquimbo\/wp-content\/uploads\/sites\/6\/2018\/06\/FCM-proyecto-docente1-copia.jpg\",\"contentUrl\":\"https:\/\/explora.cl\/coquimbo\/wp-content\/uploads\/sites\/6\/2018\/06\/FCM-proyecto-docente1-copia.jpg\",\"width\":440,\"height\":220},{\"@type\":\"BreadcrumbList\",\"@id\":\"https:\/\/explora.cl\/coquimbo\/facultad-de-ciencias-del-mar-ucn-trabaja-en-implementar-proyecto-docente\/#breadcrumb\",\"itemListElement\":[{\"@type\":\"ListItem\",\"position\":1,\"name\":\"Portada\",\"item\":\"https:\/\/explora.cl\/coquimbo\/\"},{\"@type\":\"ListItem\",\"position\":2,\"name\":\"Facultad de Ciencias del Mar UCN trabaja en implementar proyecto docente\"}]},{\"@type\":\"WebSite\",\"@id\":\"https:\/\/explora.cl\/coquimbo\/#website\",\"url\":\"https:\/\/explora.cl\/coquimbo\/\",\"name\":\"Coquimbo\",\"description\":\"Otro sitio m\u00e1s de explora.cl\",\"publisher\":{\"@id\":\"https:\/\/explora.cl\/coquimbo\/#organization\"},\"potentialAction\":[{\"@type\":\"SearchAction\",\"target\":{\"@type\":\"EntryPoint\",\"urlTemplate\":\"https:\/\/explora.cl\/coquimbo\/?s={search_term_string}\"},\"query-input\":{\"@type\":\"PropertyValueSpecification\",\"valueRequired\":true,\"valueName\":\"search_term_string\"}}],\"inLanguage\":\"es-CL\"},{\"@type\":\"Organization\",\"@id\":\"https:\/\/explora.cl\/coquimbo\/#organization\",\"name\":\"Coquimbo\",\"url\":\"https:\/\/explora.cl\/coquimbo\/\",\"logo\":{\"@type\":\"ImageObject\",\"inLanguage\":\"es-CL\",\"@id\":\"https:\/\/explora.cl\/coquimbo\/#\/schema\/logo\/image\/\",\"url\":\"https:\/\/explora.cl\/coquimbo\/wp-content\/uploads\/sites\/6\/2020\/08\/cropped-Mesa-de-trabajo-1-100.jpg\",\"contentUrl\":\"https:\/\/explora.cl\/coquimbo\/wp-content\/uploads\/sites\/6\/2020\/08\/cropped-Mesa-de-trabajo-1-100.jpg\",\"width\":615,\"height\":576,\"caption\":\"Coquimbo\"},\"image\":{\"@id\":\"https:\/\/explora.cl\/coquimbo\/#\/schema\/logo\/image\/\"}},{\"@type\":\"Person\",\"@id\":\"https:\/\/explora.cl\/coquimbo\/#\/schema\/person\/cb8349c13ea2d324080adf8480d7ba5d\",\"name\":\"webman\",\"image\":{\"@type\":\"ImageObject\",\"inLanguage\":\"es-CL\",\"@id\":\"https:\/\/explora.cl\/coquimbo\/#\/schema\/person\/image\/\",\"url\":\"https:\/\/secure.gravatar.com\/avatar\/eeff3c82f2c02f7177d13663b7e6f890e9a6a0647ce9bb29cae02dcb094c7312?s=96&d=mm&r=g\",\"contentUrl\":\"https:\/\/secure.gravatar.com\/avatar\/eeff3c82f2c02f7177d13663b7e6f890e9a6a0647ce9bb29cae02dcb094c7312?s=96&d=mm&r=g\",\"caption\":\"webman\"},\"url\":\"https:\/\/explora.cl\/coquimbo\/author\/webman\/\"}]}<\/script>\n<!-- \/ Yoast SEO plugin. -->","yoast_head_json":{"title":"Facultad de Ciencias del Mar UCN trabaja en implementar proyecto docente - Coquimbo","robots":{"index":"index","follow":"follow","max-snippet":"max-snippet:-1","max-image-preview":"max-image-preview:large","max-video-preview":"max-video-preview:-1"},"canonical":"https:\/\/explora.cl\/coquimbo\/facultad-de-ciencias-del-mar-ucn-trabaja-en-implementar-proyecto-docente\/","og_locale":"es_ES","og_type":"article","og_title":"Facultad de Ciencias del Mar UCN trabaja en implementar proyecto docente - Coquimbo","og_description":"\u00a0 \u00a0 El prop\u00f3sito es mejorar el aprendizaje y concretar el redise\u00f1o curricular. \u00a0 \u00a0 Mejorar el aprendizaje,\u00a0 por medio de diversas estrategias, es uno de los grandes objetivos del proyecto docente que est\u00e1 impulsando la Facultad de Ciencias del Mar de la Universidad Cat\u00f3lica del Norte. Con 33 a\u00f1os de trayectoria y tres carreras [&hellip;]","og_url":"https:\/\/explora.cl\/coquimbo\/facultad-de-ciencias-del-mar-ucn-trabaja-en-implementar-proyecto-docente\/","og_site_name":"Coquimbo","article_published_time":"2016-08-24T04:00:00+00:00","article_modified_time":"2019-05-16T06:32:46+00:00","og_image":[{"width":440,"height":220,"url":"https:\/\/explora.cl\/coquimbo\/wp-content\/uploads\/sites\/6\/2018\/06\/FCM-proyecto-docente1-copia.jpg","type":"image\/jpeg"}],"author":"webman","twitter_card":"summary_large_image","twitter_misc":{"Escrito por":"webman","Tiempo estimado de lectura":"5 minutos"},"schema":{"@context":"https:\/\/schema.org","@graph":[{"@type":"Article","@id":"https:\/\/explora.cl\/coquimbo\/facultad-de-ciencias-del-mar-ucn-trabaja-en-implementar-proyecto-docente\/#article","isPartOf":{"@id":"https:\/\/explora.cl\/coquimbo\/facultad-de-ciencias-del-mar-ucn-trabaja-en-implementar-proyecto-docente\/"},"author":{"name":"webman","@id":"https:\/\/explora.cl\/coquimbo\/#\/schema\/person\/cb8349c13ea2d324080adf8480d7ba5d"},"headline":"Facultad de Ciencias del Mar UCN trabaja en implementar proyecto docente","datePublished":"2016-08-24T04:00:00+00:00","dateModified":"2019-05-16T06:32:46+00:00","mainEntityOfPage":{"@id":"https:\/\/explora.cl\/coquimbo\/facultad-de-ciencias-del-mar-ucn-trabaja-en-implementar-proyecto-docente\/"},"wordCount":1015,"commentCount":0,"publisher":{"@id":"https:\/\/explora.cl\/coquimbo\/#organization"},"image":{"@id":"https:\/\/explora.cl\/coquimbo\/facultad-de-ciencias-del-mar-ucn-trabaja-en-implementar-proyecto-docente\/#primaryimage"},"thumbnailUrl":"https:\/\/explora.cl\/coquimbo\/wp-content\/uploads\/sites\/6\/2018\/06\/FCM-proyecto-docente1-copia.jpg","articleSection":["Noticias"],"inLanguage":"es-CL","potentialAction":[{"@type":"CommentAction","name":"Comment","target":["https:\/\/explora.cl\/coquimbo\/facultad-de-ciencias-del-mar-ucn-trabaja-en-implementar-proyecto-docente\/#respond"]}]},{"@type":"WebPage","@id":"https:\/\/explora.cl\/coquimbo\/facultad-de-ciencias-del-mar-ucn-trabaja-en-implementar-proyecto-docente\/","url":"https:\/\/explora.cl\/coquimbo\/facultad-de-ciencias-del-mar-ucn-trabaja-en-implementar-proyecto-docente\/","name":"Facultad de Ciencias del Mar UCN trabaja en implementar proyecto docente - Coquimbo","isPartOf":{"@id":"https:\/\/explora.cl\/coquimbo\/#website"},"primaryImageOfPage":{"@id":"https:\/\/explora.cl\/coquimbo\/facultad-de-ciencias-del-mar-ucn-trabaja-en-implementar-proyecto-docente\/#primaryimage"},"image":{"@id":"https:\/\/explora.cl\/coquimbo\/facultad-de-ciencias-del-mar-ucn-trabaja-en-implementar-proyecto-docente\/#primaryimage"},"thumbnailUrl":"https:\/\/explora.cl\/coquimbo\/wp-content\/uploads\/sites\/6\/2018\/06\/FCM-proyecto-docente1-copia.jpg","datePublished":"2016-08-24T04:00:00+00:00","dateModified":"2019-05-16T06:32:46+00:00","breadcrumb":{"@id":"https:\/\/explora.cl\/coquimbo\/facultad-de-ciencias-del-mar-ucn-trabaja-en-implementar-proyecto-docente\/#breadcrumb"},"inLanguage":"es-CL","potentialAction":[{"@type":"ReadAction","target":["https:\/\/explora.cl\/coquimbo\/facultad-de-ciencias-del-mar-ucn-trabaja-en-implementar-proyecto-docente\/"]}]},{"@type":"ImageObject","inLanguage":"es-CL","@id":"https:\/\/explora.cl\/coquimbo\/facultad-de-ciencias-del-mar-ucn-trabaja-en-implementar-proyecto-docente\/#primaryimage","url":"https:\/\/explora.cl\/coquimbo\/wp-content\/uploads\/sites\/6\/2018\/06\/FCM-proyecto-docente1-copia.jpg","contentUrl":"https:\/\/explora.cl\/coquimbo\/wp-content\/uploads\/sites\/6\/2018\/06\/FCM-proyecto-docente1-copia.jpg","width":440,"height":220},{"@type":"BreadcrumbList","@id":"https:\/\/explora.cl\/coquimbo\/facultad-de-ciencias-del-mar-ucn-trabaja-en-implementar-proyecto-docente\/#breadcrumb","itemListElement":[{"@type":"ListItem","position":1,"name":"Portada","item":"https:\/\/explora.cl\/coquimbo\/"},{"@type":"ListItem","position":2,"name":"Facultad de Ciencias del Mar UCN trabaja en implementar proyecto docente"}]},{"@type":"WebSite","@id":"https:\/\/explora.cl\/coquimbo\/#website","url":"https:\/\/explora.cl\/coquimbo\/","name":"Coquimbo","description":"Otro sitio m\u00e1s de explora.cl","publisher":{"@id":"https:\/\/explora.cl\/coquimbo\/#organization"},"potentialAction":[{"@type":"SearchAction","target":{"@type":"EntryPoint","urlTemplate":"https:\/\/explora.cl\/coquimbo\/?s={search_term_string}"},"query-input":{"@type":"PropertyValueSpecification","valueRequired":true,"valueName":"search_term_string"}}],"inLanguage":"es-CL"},{"@type":"Organization","@id":"https:\/\/explora.cl\/coquimbo\/#organization","name":"Coquimbo","url":"https:\/\/explora.cl\/coquimbo\/","logo":{"@type":"ImageObject","inLanguage":"es-CL","@id":"https:\/\/explora.cl\/coquimbo\/#\/schema\/logo\/image\/","url":"https:\/\/explora.cl\/coquimbo\/wp-content\/uploads\/sites\/6\/2020\/08\/cropped-Mesa-de-trabajo-1-100.jpg","contentUrl":"https:\/\/explora.cl\/coquimbo\/wp-content\/uploads\/sites\/6\/2020\/08\/cropped-Mesa-de-trabajo-1-100.jpg","width":615,"height":576,"caption":"Coquimbo"},"image":{"@id":"https:\/\/explora.cl\/coquimbo\/#\/schema\/logo\/image\/"}},{"@type":"Person","@id":"https:\/\/explora.cl\/coquimbo\/#\/schema\/person\/cb8349c13ea2d324080adf8480d7ba5d","name":"webman","image":{"@type":"ImageObject","inLanguage":"es-CL","@id":"https:\/\/explora.cl\/coquimbo\/#\/schema\/person\/image\/","url":"https:\/\/secure.gravatar.com\/avatar\/eeff3c82f2c02f7177d13663b7e6f890e9a6a0647ce9bb29cae02dcb094c7312?s=96&d=mm&r=g","contentUrl":"https:\/\/secure.gravatar.com\/avatar\/eeff3c82f2c02f7177d13663b7e6f890e9a6a0647ce9bb29cae02dcb094c7312?s=96&d=mm&r=g","caption":"webman"},"url":"https:\/\/explora.cl\/coquimbo\/author\/webman\/"}]}},"_links":{"self":[{"href":"https:\/\/explora.cl\/coquimbo\/wp-json\/wp\/v2\/posts\/38184","targetHints":{"allow":["GET"]}}],"collection":[{"href":"https:\/\/explora.cl\/coquimbo\/wp-json\/wp\/v2\/posts"}],"about":[{"href":"https:\/\/explora.cl\/coquimbo\/wp-json\/wp\/v2\/types\/post"}],"author":[{"embeddable":true,"href":"https:\/\/explora.cl\/coquimbo\/wp-json\/wp\/v2\/users\/2"}],"replies":[{"embeddable":true,"href":"https:\/\/explora.cl\/coquimbo\/wp-json\/wp\/v2\/comments?post=38184"}],"version-history":[{"count":1,"href":"https:\/\/explora.cl\/coquimbo\/wp-json\/wp\/v2\/posts\/38184\/revisions"}],"predecessor-version":[{"id":38989,"href":"https:\/\/explora.cl\/coquimbo\/wp-json\/wp\/v2\/posts\/38184\/revisions\/38989"}],"wp:featuredmedia":[{"embeddable":true,"href":"https:\/\/explora.cl\/coquimbo\/wp-json\/wp\/v2\/media\/32469"}],"wp:attachment":[{"href":"https:\/\/explora.cl\/coquimbo\/wp-json\/wp\/v2\/media?parent=38184"}],"wp:term":[{"taxonomy":"category","embeddable":true,"href":"https:\/\/explora.cl\/coquimbo\/wp-json\/wp\/v2\/categories?post=38184"},{"taxonomy":"post_tag","embeddable":true,"href":"https:\/\/explora.cl\/coquimbo\/wp-json\/wp\/v2\/tags?post=38184"}],"curies":[{"name":"wp","href":"https:\/\/api.w.org\/{rel}","templated":true}]}}