{"id":38183,"date":"2016-08-23T00:00:00","date_gmt":"2016-08-23T04:00:00","guid":{"rendered":"https:\/\/explora.cl\/coquimbo\/blog\/2016\/08\/23\/par-explora-coquimbo-y-la-escuela-de-periodismo-de-la-uls-sellan-alianza-para-comunicar-las-ciencias-en-la-region\/"},"modified":"2019-05-16T06:32:47","modified_gmt":"2019-05-16T06:32:47","slug":"par-explora-coquimbo-y-la-escuela-de-periodismo-de-la-uls-sellan-alianza-para-comunicar-las-ciencias-en-la-region","status":"publish","type":"post","link":"https:\/\/explora.cl\/coquimbo\/par-explora-coquimbo-y-la-escuela-de-periodismo-de-la-uls-sellan-alianza-para-comunicar-las-ciencias-en-la-region\/","title":{"rendered":"PAR Explora Coquimbo y la Escuela de Periodismo de la ULS sellan alianza para comunicar las ciencias en la regi\u00f3n"},"content":{"rendered":"<p class=\"MsoNormal\" style=\"text-align: center\"><i>Ambas entidades firmaron un v\u00ednculo que permitir\u00e1 generar estrategias para fomentar la divulgaci\u00f3n y la comunicaci\u00f3n de la actividad cient\u00edfica y tecnol\u00f3gica en la zona.<\/i><\/p>\n<hr \/>\n<p class=\"MsoNormal\" style=\"text-align: center\">\u00a0<\/p>\n<p class=\"MsoNormal\" style=\"text-align: justify\"><i>\u00a0<\/i><\/p>\n<p class=\"MsoNormal\" style=\"text-align: justify\">El PAR Explora de CONICYT Coquimbo de la Universidad Cat\u00f3lica del Norte y la Escuela de Periodismo de la Universidad de La Serena, firmaron una alianza estrat\u00e9gica para fomentar la comunicaci\u00f3n de las ciencias en la regi\u00f3n y con ello relevar la importancia de esta disciplina para el desarrollo de la zona y el pa\u00eds.<\/p>\n<p class=\"MsoNormal\" style=\"text-align: justify\">La firma propone acuerdos de colaboraci\u00f3n a la hora de generar contenidos de comunicaci\u00f3n cient\u00edfica, tanto en el desarrollo acad\u00e9mico de los estudiantes de periodismo, como en el apoyo en las actividades que pueda desarrollar el proyecto de divulgaci\u00f3n cient\u00edfica.<\/p>\n<p class=\"MsoNormal\" style=\"text-align: justify\">Uno de los objetivos de esta alianza es poder generar seminarios de periodismo cient\u00edfico para la comunidad y los estudiantes de esta carrera, vinculando a que las futuras generaciones se inserten en el mundo de la ciencia y la tecnolog\u00eda, para que as\u00ed conozcan c\u00f3mo se desarrolla profesionalmente estas \u00e1reas de las comunicaciones.<\/p>\n<p class=\"MsoNormal\" style=\"text-align: justify\">Para el Director del PAR Explora Coquimbo, Sergio Gonz\u00e1lez, esta alianza responde a uni\u00f3n l\u00f3gica que puede existir en torno a la comunicaci\u00f3n cient\u00edfica que realiza el Proyecto y la Escuela de Periodismo, y que uno de los objetivos del PAR a la hora de elaborar esta estrategia, es poder conocer c\u00f3mo \u201cLa ciencia es percibida por la sociedad, c\u00f3mo la perciben los medios. Eso no lo tenemos, el tener esta alianza abre el camino a eso. Lo mismo que el camino en la formaci\u00f3n de estudiantes de periodismo, porque esto permite que se acerquen a la comunicaci\u00f3n de las ciencias, conozcan sus problem\u00e1ticas, conozcan a los cient\u00edficos, se nutran de contenidos y a partir de eso generen una base para que potencie la comunicaci\u00f3n de la ciencia en la regi\u00f3n\u201d.<\/p>\n<p class=\"MsoNormal\" style=\"text-align: justify\">Ambas entidades pretenden trabajar en insumos que permitan fomentar la educaci\u00f3n y comunicaci\u00f3n cient\u00edfica, generando instancias en donde la sociedad pueda informarse sobre el quehacer de las ciencias y la tecnolog\u00eda en la regi\u00f3n de Coquimbo.<\/p>\n<p class=\"MsoNormal\" style=\"text-align: justify\">Frente a esta Alianza, el Director (S) de la Carrera de Periodismo, Cristi\u00e1n Mu\u00f1oz, manifest\u00f3 su satisfacci\u00f3n por este paso que realizan ambas instituciones y que \u201cpermite establecer un nivel de v\u00ednculos y relaciones con el PAR Explora, para as\u00ed desarrollar proyectos en base a la comunicaci\u00f3n y la ciencia, que son siempre aspectos que de alguna manera est\u00e1n debilitados en el mundo de las comunicaciones sociales en el pa\u00eds. No es mucho lo que se comunica sobre temas cient\u00edficos e investigaciones y estas son \u00e1reas estrat\u00e9gicas para el pa\u00eds, ya que permiten desarrollar variadas \u00a0iniciativas que van en provecho de los estudiantes y la comunidad en general\u201d<\/p>\n<p class=\"MsoNormal\" style=\"text-align: justify\"><span lang=\"ES\">El Proyecto Asociativo Regional, PAR Explora de CONICYT Coquimbo, es un proyecto de divulgaci\u00f3n y valoraci\u00f3n de la ciencia y tecnolog\u00eda con m\u00e1s de 10 a\u00f1os de trayectoria en la regi\u00f3n, liderado por la Universidad Cat\u00f3lica del Norte, sede Coquimbo, a trav\u00e9s de la Facultad de Ciencias del Mar. El Proyecto incorpora los lineamientos estrat\u00e9gicos propios del territorio como las Ciencias del mar, la investigaci\u00f3n en Zonas \u00c1ridas y la Astronom\u00eda , reconociendo la identidad, complejidad y desaf\u00edos presentes en cada provincia, posibilitando de manera integradora y asociativa, el fomento de una cultura cient\u00edfica y tecnol\u00f3gica.<\/span><\/p>\n<p class=\"MsoNormal\" style=\"text-align: justify\"><span lang=\"ES\">En tanto la Escuela de Periodismo de la Universidad de La Serena, creada en 1992, se ha destacado por formar profesionales para el \u00e1mbito del periodismo y la comunicaci\u00f3n social, con profundos conocimientos te\u00f3ricos y pr\u00e1cticos, con conciencia \u00e9tica y val\u00f3rica sobre el rol de su profesi\u00f3n en la construcci\u00f3n de una sociedad democr\u00e1tica.<\/span><\/p>\n<p class=\"MsoNormal\" style=\"text-align: justify\"><span lang=\"ES\"><img decoding=\"async\" class=\" size-full wp-image-20092\" src=\"http:\/\/ec2-54-245-22-188.us-west-2.compute.amazonaws.com\/wp-content\/uploads\/2016\/08\/DSC01501.JPG\" alt=\"\" width=\"800\" \/><\/span><\/p>\n<p>\u00a0<\/p>\n<p class=\"MsoNormal\" style=\"text-align: justify\">\u00a0<\/p>\n","protected":false},"excerpt":{"rendered":"<p>Ambas entidades firmaron un v\u00ednculo que permitir\u00e1 generar estrategias para fomentar la divulgaci\u00f3n y la comunicaci\u00f3n de la actividad cient\u00edfica y tecnol\u00f3gica en la zona. \u00a0 \u00a0 El PAR Explora de CONICYT Coquimbo de la Universidad Cat\u00f3lica del Norte y la Escuela de Periodismo de la Universidad de La Serena, firmaron una alianza estrat\u00e9gica para [&hellip;]<\/p>\n","protected":false},"author":2,"featured_media":34002,"comment_status":"open","ping_status":"open","sticky":false,"template":"","format":"standard","meta":{"_acf_changed":false,"_exactmetrics_skip_tracking":false,"_exactmetrics_sitenote_active":false,"_exactmetrics_sitenote_note":"","_exactmetrics_sitenote_category":0,"footnotes":"","_links_to":"","_links_to_target":""},"categories":[4],"tags":[],"class_list":["post-38183","post","type-post","status-publish","format-standard","has-post-thumbnail","hentry","category-noticias"],"acf":[],"yoast_head":"<!-- This site is optimized with the Yoast SEO plugin v26.9 - https:\/\/yoast.com\/product\/yoast-seo-wordpress\/ -->\n<title>PAR Explora Coquimbo y la Escuela de Periodismo de la ULS sellan alianza para comunicar las ciencias en la regi\u00f3n - Coquimbo<\/title>\n<meta name=\"robots\" content=\"index, follow, max-snippet:-1, max-image-preview:large, max-video-preview:-1\" \/>\n<link rel=\"canonical\" href=\"https:\/\/explora.cl\/coquimbo\/par-explora-coquimbo-y-la-escuela-de-periodismo-de-la-uls-sellan-alianza-para-comunicar-las-ciencias-en-la-region\/\" class=\"yoast-seo-meta-tag\" \/>\n<meta property=\"og:locale\" content=\"es_ES\" class=\"yoast-seo-meta-tag\" \/>\n<meta property=\"og:type\" content=\"article\" class=\"yoast-seo-meta-tag\" \/>\n<meta property=\"og:title\" content=\"PAR Explora Coquimbo y la Escuela de Periodismo de la ULS sellan alianza para comunicar las ciencias en la regi\u00f3n - Coquimbo\" class=\"yoast-seo-meta-tag\" \/>\n<meta property=\"og:description\" content=\"Ambas entidades firmaron un v\u00ednculo que permitir\u00e1 generar estrategias para fomentar la divulgaci\u00f3n y la comunicaci\u00f3n de la actividad cient\u00edfica y tecnol\u00f3gica en la zona. \u00a0 \u00a0 El PAR Explora de CONICYT Coquimbo de la Universidad Cat\u00f3lica del Norte y la Escuela de Periodismo de la Universidad de La Serena, firmaron una alianza estrat\u00e9gica para [&hellip;]\" class=\"yoast-seo-meta-tag\" \/>\n<meta property=\"og:url\" content=\"https:\/\/explora.cl\/coquimbo\/par-explora-coquimbo-y-la-escuela-de-periodismo-de-la-uls-sellan-alianza-para-comunicar-las-ciencias-en-la-region\/\" class=\"yoast-seo-meta-tag\" \/>\n<meta property=\"og:site_name\" content=\"Coquimbo\" class=\"yoast-seo-meta-tag\" \/>\n<meta property=\"article:published_time\" content=\"2016-08-23T04:00:00+00:00\" class=\"yoast-seo-meta-tag\" \/>\n<meta property=\"article:modified_time\" content=\"2019-05-16T06:32:47+00:00\" class=\"yoast-seo-meta-tag\" \/>\n<meta property=\"og:image\" content=\"https:\/\/explora.cl\/coquimbo\/wp-content\/uploads\/sites\/6\/2018\/06\/DSC01501-copia.jpg\" class=\"yoast-seo-meta-tag\" \/>\n\t<meta property=\"og:image:width\" content=\"440\" class=\"yoast-seo-meta-tag\" \/>\n\t<meta property=\"og:image:height\" content=\"220\" class=\"yoast-seo-meta-tag\" \/>\n\t<meta property=\"og:image:type\" content=\"image\/jpeg\" class=\"yoast-seo-meta-tag\" \/>\n<meta name=\"author\" content=\"webman\" class=\"yoast-seo-meta-tag\" \/>\n<meta name=\"twitter:card\" content=\"summary_large_image\" class=\"yoast-seo-meta-tag\" \/>\n<meta name=\"twitter:label1\" content=\"Escrito por\" class=\"yoast-seo-meta-tag\" \/>\n\t<meta name=\"twitter:data1\" content=\"webman\" class=\"yoast-seo-meta-tag\" \/>\n\t<meta name=\"twitter:label2\" content=\"Tiempo estimado de lectura\" class=\"yoast-seo-meta-tag\" \/>\n\t<meta name=\"twitter:data2\" content=\"3 minutos\" class=\"yoast-seo-meta-tag\" \/>\n<script type=\"application\/ld+json\" class=\"yoast-schema-graph\">{\"@context\":\"https:\/\/schema.org\",\"@graph\":[{\"@type\":\"Article\",\"@id\":\"https:\/\/explora.cl\/coquimbo\/par-explora-coquimbo-y-la-escuela-de-periodismo-de-la-uls-sellan-alianza-para-comunicar-las-ciencias-en-la-region\/#article\",\"isPartOf\":{\"@id\":\"https:\/\/explora.cl\/coquimbo\/par-explora-coquimbo-y-la-escuela-de-periodismo-de-la-uls-sellan-alianza-para-comunicar-las-ciencias-en-la-region\/\"},\"author\":{\"name\":\"webman\",\"@id\":\"https:\/\/explora.cl\/coquimbo\/#\/schema\/person\/cb8349c13ea2d324080adf8480d7ba5d\"},\"headline\":\"PAR Explora Coquimbo y la Escuela de Periodismo de la ULS sellan alianza para comunicar las ciencias en la regi\u00f3n\",\"datePublished\":\"2016-08-23T04:00:00+00:00\",\"dateModified\":\"2019-05-16T06:32:47+00:00\",\"mainEntityOfPage\":{\"@id\":\"https:\/\/explora.cl\/coquimbo\/par-explora-coquimbo-y-la-escuela-de-periodismo-de-la-uls-sellan-alianza-para-comunicar-las-ciencias-en-la-region\/\"},\"wordCount\":684,\"commentCount\":0,\"publisher\":{\"@id\":\"https:\/\/explora.cl\/coquimbo\/#organization\"},\"image\":{\"@id\":\"https:\/\/explora.cl\/coquimbo\/par-explora-coquimbo-y-la-escuela-de-periodismo-de-la-uls-sellan-alianza-para-comunicar-las-ciencias-en-la-region\/#primaryimage\"},\"thumbnailUrl\":\"https:\/\/explora.cl\/coquimbo\/wp-content\/uploads\/sites\/6\/2018\/06\/DSC01501-copia.jpg\",\"articleSection\":[\"Noticias\"],\"inLanguage\":\"es-CL\",\"potentialAction\":[{\"@type\":\"CommentAction\",\"name\":\"Comment\",\"target\":[\"https:\/\/explora.cl\/coquimbo\/par-explora-coquimbo-y-la-escuela-de-periodismo-de-la-uls-sellan-alianza-para-comunicar-las-ciencias-en-la-region\/#respond\"]}]},{\"@type\":\"WebPage\",\"@id\":\"https:\/\/explora.cl\/coquimbo\/par-explora-coquimbo-y-la-escuela-de-periodismo-de-la-uls-sellan-alianza-para-comunicar-las-ciencias-en-la-region\/\",\"url\":\"https:\/\/explora.cl\/coquimbo\/par-explora-coquimbo-y-la-escuela-de-periodismo-de-la-uls-sellan-alianza-para-comunicar-las-ciencias-en-la-region\/\",\"name\":\"PAR Explora Coquimbo y la Escuela de Periodismo de la ULS sellan alianza para comunicar las ciencias en la regi\u00f3n - Coquimbo\",\"isPartOf\":{\"@id\":\"https:\/\/explora.cl\/coquimbo\/#website\"},\"primaryImageOfPage\":{\"@id\":\"https:\/\/explora.cl\/coquimbo\/par-explora-coquimbo-y-la-escuela-de-periodismo-de-la-uls-sellan-alianza-para-comunicar-las-ciencias-en-la-region\/#primaryimage\"},\"image\":{\"@id\":\"https:\/\/explora.cl\/coquimbo\/par-explora-coquimbo-y-la-escuela-de-periodismo-de-la-uls-sellan-alianza-para-comunicar-las-ciencias-en-la-region\/#primaryimage\"},\"thumbnailUrl\":\"https:\/\/explora.cl\/coquimbo\/wp-content\/uploads\/sites\/6\/2018\/06\/DSC01501-copia.jpg\",\"datePublished\":\"2016-08-23T04:00:00+00:00\",\"dateModified\":\"2019-05-16T06:32:47+00:00\",\"breadcrumb\":{\"@id\":\"https:\/\/explora.cl\/coquimbo\/par-explora-coquimbo-y-la-escuela-de-periodismo-de-la-uls-sellan-alianza-para-comunicar-las-ciencias-en-la-region\/#breadcrumb\"},\"inLanguage\":\"es-CL\",\"potentialAction\":[{\"@type\":\"ReadAction\",\"target\":[\"https:\/\/explora.cl\/coquimbo\/par-explora-coquimbo-y-la-escuela-de-periodismo-de-la-uls-sellan-alianza-para-comunicar-las-ciencias-en-la-region\/\"]}]},{\"@type\":\"ImageObject\",\"inLanguage\":\"es-CL\",\"@id\":\"https:\/\/explora.cl\/coquimbo\/par-explora-coquimbo-y-la-escuela-de-periodismo-de-la-uls-sellan-alianza-para-comunicar-las-ciencias-en-la-region\/#primaryimage\",\"url\":\"https:\/\/explora.cl\/coquimbo\/wp-content\/uploads\/sites\/6\/2018\/06\/DSC01501-copia.jpg\",\"contentUrl\":\"https:\/\/explora.cl\/coquimbo\/wp-content\/uploads\/sites\/6\/2018\/06\/DSC01501-copia.jpg\",\"width\":440,\"height\":220},{\"@type\":\"BreadcrumbList\",\"@id\":\"https:\/\/explora.cl\/coquimbo\/par-explora-coquimbo-y-la-escuela-de-periodismo-de-la-uls-sellan-alianza-para-comunicar-las-ciencias-en-la-region\/#breadcrumb\",\"itemListElement\":[{\"@type\":\"ListItem\",\"position\":1,\"name\":\"Portada\",\"item\":\"https:\/\/explora.cl\/coquimbo\/\"},{\"@type\":\"ListItem\",\"position\":2,\"name\":\"PAR Explora Coquimbo y la Escuela de Periodismo de la ULS sellan alianza para comunicar las ciencias en la regi\u00f3n\"}]},{\"@type\":\"WebSite\",\"@id\":\"https:\/\/explora.cl\/coquimbo\/#website\",\"url\":\"https:\/\/explora.cl\/coquimbo\/\",\"name\":\"Coquimbo\",\"description\":\"Otro sitio m\u00e1s de explora.cl\",\"publisher\":{\"@id\":\"https:\/\/explora.cl\/coquimbo\/#organization\"},\"potentialAction\":[{\"@type\":\"SearchAction\",\"target\":{\"@type\":\"EntryPoint\",\"urlTemplate\":\"https:\/\/explora.cl\/coquimbo\/?s={search_term_string}\"},\"query-input\":{\"@type\":\"PropertyValueSpecification\",\"valueRequired\":true,\"valueName\":\"search_term_string\"}}],\"inLanguage\":\"es-CL\"},{\"@type\":\"Organization\",\"@id\":\"https:\/\/explora.cl\/coquimbo\/#organization\",\"name\":\"Coquimbo\",\"url\":\"https:\/\/explora.cl\/coquimbo\/\",\"logo\":{\"@type\":\"ImageObject\",\"inLanguage\":\"es-CL\",\"@id\":\"https:\/\/explora.cl\/coquimbo\/#\/schema\/logo\/image\/\",\"url\":\"https:\/\/explora.cl\/coquimbo\/wp-content\/uploads\/sites\/6\/2020\/08\/cropped-Mesa-de-trabajo-1-100.jpg\",\"contentUrl\":\"https:\/\/explora.cl\/coquimbo\/wp-content\/uploads\/sites\/6\/2020\/08\/cropped-Mesa-de-trabajo-1-100.jpg\",\"width\":615,\"height\":576,\"caption\":\"Coquimbo\"},\"image\":{\"@id\":\"https:\/\/explora.cl\/coquimbo\/#\/schema\/logo\/image\/\"}},{\"@type\":\"Person\",\"@id\":\"https:\/\/explora.cl\/coquimbo\/#\/schema\/person\/cb8349c13ea2d324080adf8480d7ba5d\",\"name\":\"webman\",\"image\":{\"@type\":\"ImageObject\",\"inLanguage\":\"es-CL\",\"@id\":\"https:\/\/explora.cl\/coquimbo\/#\/schema\/person\/image\/\",\"url\":\"https:\/\/secure.gravatar.com\/avatar\/eeff3c82f2c02f7177d13663b7e6f890e9a6a0647ce9bb29cae02dcb094c7312?s=96&d=mm&r=g\",\"contentUrl\":\"https:\/\/secure.gravatar.com\/avatar\/eeff3c82f2c02f7177d13663b7e6f890e9a6a0647ce9bb29cae02dcb094c7312?s=96&d=mm&r=g\",\"caption\":\"webman\"},\"url\":\"https:\/\/explora.cl\/coquimbo\/author\/webman\/\"}]}<\/script>\n<!-- \/ Yoast SEO plugin. -->","yoast_head_json":{"title":"PAR Explora Coquimbo y la Escuela de Periodismo de la ULS sellan alianza para comunicar las ciencias en la regi\u00f3n - Coquimbo","robots":{"index":"index","follow":"follow","max-snippet":"max-snippet:-1","max-image-preview":"max-image-preview:large","max-video-preview":"max-video-preview:-1"},"canonical":"https:\/\/explora.cl\/coquimbo\/par-explora-coquimbo-y-la-escuela-de-periodismo-de-la-uls-sellan-alianza-para-comunicar-las-ciencias-en-la-region\/","og_locale":"es_ES","og_type":"article","og_title":"PAR Explora Coquimbo y la Escuela de Periodismo de la ULS sellan alianza para comunicar las ciencias en la regi\u00f3n - Coquimbo","og_description":"Ambas entidades firmaron un v\u00ednculo que permitir\u00e1 generar estrategias para fomentar la divulgaci\u00f3n y la comunicaci\u00f3n de la actividad cient\u00edfica y tecnol\u00f3gica en la zona. \u00a0 \u00a0 El PAR Explora de CONICYT Coquimbo de la Universidad Cat\u00f3lica del Norte y la Escuela de Periodismo de la Universidad de La Serena, firmaron una alianza estrat\u00e9gica para [&hellip;]","og_url":"https:\/\/explora.cl\/coquimbo\/par-explora-coquimbo-y-la-escuela-de-periodismo-de-la-uls-sellan-alianza-para-comunicar-las-ciencias-en-la-region\/","og_site_name":"Coquimbo","article_published_time":"2016-08-23T04:00:00+00:00","article_modified_time":"2019-05-16T06:32:47+00:00","og_image":[{"width":440,"height":220,"url":"https:\/\/explora.cl\/coquimbo\/wp-content\/uploads\/sites\/6\/2018\/06\/DSC01501-copia.jpg","type":"image\/jpeg"}],"author":"webman","twitter_card":"summary_large_image","twitter_misc":{"Escrito por":"webman","Tiempo estimado de lectura":"3 minutos"},"schema":{"@context":"https:\/\/schema.org","@graph":[{"@type":"Article","@id":"https:\/\/explora.cl\/coquimbo\/par-explora-coquimbo-y-la-escuela-de-periodismo-de-la-uls-sellan-alianza-para-comunicar-las-ciencias-en-la-region\/#article","isPartOf":{"@id":"https:\/\/explora.cl\/coquimbo\/par-explora-coquimbo-y-la-escuela-de-periodismo-de-la-uls-sellan-alianza-para-comunicar-las-ciencias-en-la-region\/"},"author":{"name":"webman","@id":"https:\/\/explora.cl\/coquimbo\/#\/schema\/person\/cb8349c13ea2d324080adf8480d7ba5d"},"headline":"PAR Explora Coquimbo y la Escuela de Periodismo de la ULS sellan alianza para comunicar las ciencias en la regi\u00f3n","datePublished":"2016-08-23T04:00:00+00:00","dateModified":"2019-05-16T06:32:47+00:00","mainEntityOfPage":{"@id":"https:\/\/explora.cl\/coquimbo\/par-explora-coquimbo-y-la-escuela-de-periodismo-de-la-uls-sellan-alianza-para-comunicar-las-ciencias-en-la-region\/"},"wordCount":684,"commentCount":0,"publisher":{"@id":"https:\/\/explora.cl\/coquimbo\/#organization"},"image":{"@id":"https:\/\/explora.cl\/coquimbo\/par-explora-coquimbo-y-la-escuela-de-periodismo-de-la-uls-sellan-alianza-para-comunicar-las-ciencias-en-la-region\/#primaryimage"},"thumbnailUrl":"https:\/\/explora.cl\/coquimbo\/wp-content\/uploads\/sites\/6\/2018\/06\/DSC01501-copia.jpg","articleSection":["Noticias"],"inLanguage":"es-CL","potentialAction":[{"@type":"CommentAction","name":"Comment","target":["https:\/\/explora.cl\/coquimbo\/par-explora-coquimbo-y-la-escuela-de-periodismo-de-la-uls-sellan-alianza-para-comunicar-las-ciencias-en-la-region\/#respond"]}]},{"@type":"WebPage","@id":"https:\/\/explora.cl\/coquimbo\/par-explora-coquimbo-y-la-escuela-de-periodismo-de-la-uls-sellan-alianza-para-comunicar-las-ciencias-en-la-region\/","url":"https:\/\/explora.cl\/coquimbo\/par-explora-coquimbo-y-la-escuela-de-periodismo-de-la-uls-sellan-alianza-para-comunicar-las-ciencias-en-la-region\/","name":"PAR Explora Coquimbo y la Escuela de Periodismo de la ULS sellan alianza para comunicar las ciencias en la regi\u00f3n - Coquimbo","isPartOf":{"@id":"https:\/\/explora.cl\/coquimbo\/#website"},"primaryImageOfPage":{"@id":"https:\/\/explora.cl\/coquimbo\/par-explora-coquimbo-y-la-escuela-de-periodismo-de-la-uls-sellan-alianza-para-comunicar-las-ciencias-en-la-region\/#primaryimage"},"image":{"@id":"https:\/\/explora.cl\/coquimbo\/par-explora-coquimbo-y-la-escuela-de-periodismo-de-la-uls-sellan-alianza-para-comunicar-las-ciencias-en-la-region\/#primaryimage"},"thumbnailUrl":"https:\/\/explora.cl\/coquimbo\/wp-content\/uploads\/sites\/6\/2018\/06\/DSC01501-copia.jpg","datePublished":"2016-08-23T04:00:00+00:00","dateModified":"2019-05-16T06:32:47+00:00","breadcrumb":{"@id":"https:\/\/explora.cl\/coquimbo\/par-explora-coquimbo-y-la-escuela-de-periodismo-de-la-uls-sellan-alianza-para-comunicar-las-ciencias-en-la-region\/#breadcrumb"},"inLanguage":"es-CL","potentialAction":[{"@type":"ReadAction","target":["https:\/\/explora.cl\/coquimbo\/par-explora-coquimbo-y-la-escuela-de-periodismo-de-la-uls-sellan-alianza-para-comunicar-las-ciencias-en-la-region\/"]}]},{"@type":"ImageObject","inLanguage":"es-CL","@id":"https:\/\/explora.cl\/coquimbo\/par-explora-coquimbo-y-la-escuela-de-periodismo-de-la-uls-sellan-alianza-para-comunicar-las-ciencias-en-la-region\/#primaryimage","url":"https:\/\/explora.cl\/coquimbo\/wp-content\/uploads\/sites\/6\/2018\/06\/DSC01501-copia.jpg","contentUrl":"https:\/\/explora.cl\/coquimbo\/wp-content\/uploads\/sites\/6\/2018\/06\/DSC01501-copia.jpg","width":440,"height":220},{"@type":"BreadcrumbList","@id":"https:\/\/explora.cl\/coquimbo\/par-explora-coquimbo-y-la-escuela-de-periodismo-de-la-uls-sellan-alianza-para-comunicar-las-ciencias-en-la-region\/#breadcrumb","itemListElement":[{"@type":"ListItem","position":1,"name":"Portada","item":"https:\/\/explora.cl\/coquimbo\/"},{"@type":"ListItem","position":2,"name":"PAR Explora Coquimbo y la Escuela de Periodismo de la ULS sellan alianza para comunicar las ciencias en la regi\u00f3n"}]},{"@type":"WebSite","@id":"https:\/\/explora.cl\/coquimbo\/#website","url":"https:\/\/explora.cl\/coquimbo\/","name":"Coquimbo","description":"Otro sitio m\u00e1s de explora.cl","publisher":{"@id":"https:\/\/explora.cl\/coquimbo\/#organization"},"potentialAction":[{"@type":"SearchAction","target":{"@type":"EntryPoint","urlTemplate":"https:\/\/explora.cl\/coquimbo\/?s={search_term_string}"},"query-input":{"@type":"PropertyValueSpecification","valueRequired":true,"valueName":"search_term_string"}}],"inLanguage":"es-CL"},{"@type":"Organization","@id":"https:\/\/explora.cl\/coquimbo\/#organization","name":"Coquimbo","url":"https:\/\/explora.cl\/coquimbo\/","logo":{"@type":"ImageObject","inLanguage":"es-CL","@id":"https:\/\/explora.cl\/coquimbo\/#\/schema\/logo\/image\/","url":"https:\/\/explora.cl\/coquimbo\/wp-content\/uploads\/sites\/6\/2020\/08\/cropped-Mesa-de-trabajo-1-100.jpg","contentUrl":"https:\/\/explora.cl\/coquimbo\/wp-content\/uploads\/sites\/6\/2020\/08\/cropped-Mesa-de-trabajo-1-100.jpg","width":615,"height":576,"caption":"Coquimbo"},"image":{"@id":"https:\/\/explora.cl\/coquimbo\/#\/schema\/logo\/image\/"}},{"@type":"Person","@id":"https:\/\/explora.cl\/coquimbo\/#\/schema\/person\/cb8349c13ea2d324080adf8480d7ba5d","name":"webman","image":{"@type":"ImageObject","inLanguage":"es-CL","@id":"https:\/\/explora.cl\/coquimbo\/#\/schema\/person\/image\/","url":"https:\/\/secure.gravatar.com\/avatar\/eeff3c82f2c02f7177d13663b7e6f890e9a6a0647ce9bb29cae02dcb094c7312?s=96&d=mm&r=g","contentUrl":"https:\/\/secure.gravatar.com\/avatar\/eeff3c82f2c02f7177d13663b7e6f890e9a6a0647ce9bb29cae02dcb094c7312?s=96&d=mm&r=g","caption":"webman"},"url":"https:\/\/explora.cl\/coquimbo\/author\/webman\/"}]}},"_links":{"self":[{"href":"https:\/\/explora.cl\/coquimbo\/wp-json\/wp\/v2\/posts\/38183","targetHints":{"allow":["GET"]}}],"collection":[{"href":"https:\/\/explora.cl\/coquimbo\/wp-json\/wp\/v2\/posts"}],"about":[{"href":"https:\/\/explora.cl\/coquimbo\/wp-json\/wp\/v2\/types\/post"}],"author":[{"embeddable":true,"href":"https:\/\/explora.cl\/coquimbo\/wp-json\/wp\/v2\/users\/2"}],"replies":[{"embeddable":true,"href":"https:\/\/explora.cl\/coquimbo\/wp-json\/wp\/v2\/comments?post=38183"}],"version-history":[{"count":1,"href":"https:\/\/explora.cl\/coquimbo\/wp-json\/wp\/v2\/posts\/38183\/revisions"}],"predecessor-version":[{"id":38990,"href":"https:\/\/explora.cl\/coquimbo\/wp-json\/wp\/v2\/posts\/38183\/revisions\/38990"}],"wp:featuredmedia":[{"embeddable":true,"href":"https:\/\/explora.cl\/coquimbo\/wp-json\/wp\/v2\/media\/34002"}],"wp:attachment":[{"href":"https:\/\/explora.cl\/coquimbo\/wp-json\/wp\/v2\/media?parent=38183"}],"wp:term":[{"taxonomy":"category","embeddable":true,"href":"https:\/\/explora.cl\/coquimbo\/wp-json\/wp\/v2\/categories?post=38183"},{"taxonomy":"post_tag","embeddable":true,"href":"https:\/\/explora.cl\/coquimbo\/wp-json\/wp\/v2\/tags?post=38183"}],"curies":[{"name":"wp","href":"https:\/\/api.w.org\/{rel}","templated":true}]}}