{"id":38181,"date":"2016-08-19T00:00:00","date_gmt":"2016-08-19T04:00:00","guid":{"rendered":"https:\/\/explora.cl\/coquimbo\/blog\/2016\/08\/19\/muestras-y-talleres-de-ciencia-marcan-el-dia-de-la-educacion-publica-en-la-serena\/"},"modified":"2019-05-16T06:32:49","modified_gmt":"2019-05-16T06:32:49","slug":"muestras-y-talleres-de-ciencia-marcan-el-dia-de-la-educacion-publica-en-la-serena","status":"publish","type":"post","link":"https:\/\/explora.cl\/coquimbo\/muestras-y-talleres-de-ciencia-marcan-el-dia-de-la-educacion-publica-en-la-serena\/","title":{"rendered":"Muestras y talleres de ciencia marcan el d\u00eda de la Educaci\u00f3n P\u00fablica en La Serena"},"content":{"rendered":"<p class=\"MsoNormal\" style=\"text-align: center\"><i>En el colegio Carlos Condell de la Haza se festej\u00f3 con actividades ligadas a la divulgaci\u00f3n cient\u00edfica para los estudiantes del establecimiento y que as\u00ed puedan acercarse a esta disciplina.<\/i><\/p>\n<hr \/>\n<p class=\"MsoNormal\" style=\"text-align: center\">\u00a0<\/p>\n<p class=\"MsoNormal\">\u00a0<\/p>\n<p class=\"MsoNormal\" style=\"text-align: justify\">Cada a\u00f1o se celebra en el pa\u00eds el d\u00eda de la Educaci\u00f3n P\u00fablica, una instancia para relevar la importancia de esta ense\u00f1anza para miles de hombres y mujeres a lo largo de la historia y su trascendencia para formar a las futuras generaciones.<\/p>\n<p class=\"MsoNormal\">Frente a esto, el PAR Explora Coquimbo de la Universidad Cat\u00f3lica del Norte y la Corporaci\u00f3n Municipal Gabriel Gonz\u00e1lez Videla de La Serena, decidieron celebrar este d\u00eda en uno de los establecimientos de la entidad serenense.<img decoding=\"async\" class=\" alignright size-full wp-image-19982\" style=\"float: right\" src=\"http:\/\/ec2-54-245-22-188.us-west-2.compute.amazonaws.com\/wp-content\/uploads\/2016\/08\/DSCF7693.JPG\" alt=\"\" width=\"400\" \/><\/p>\n<p class=\"MsoNormal\" style=\"text-align: justify\">El Colegio Carlos Condell de la Haza fue el lugar escogido, en donde cientos de ni\u00f1os y ni\u00f1as pudieron disfrutar de las muestras y talleres que se desarrollaron en el marco de la celebraci\u00f3n por la educaci\u00f3n p\u00fablica.<\/p>\n<p class=\"MsoNormal\" style=\"text-align: justify\">Los estudiantes pudieron aprender y divertirse con los acuarios de la Facultad de Ciencias del Mar de la UCN, muestras de animales disecados, exhibiciones fotogr\u00e1ficas de biodiversidad y otras reproducciones audiovisuales. Dichas actividades fueron destacadas por Nelly Vilches, directora del colegio Carlos Condell de la Haza \u201cpara nosotros es fundamental este tipo de experiencias. El colegio dentro de sus sellos identitarios, tiene reconocido la ciencia y la tecnolog\u00eda como un \u00e1rea importante de formaci\u00f3n. Por otro lado, desafortunadamente los colegios que est\u00e1n en los sectores perif\u00e9ricos de la ciudades, pocas veces las familia y estudiantes pueden acceder a este tipo de experiencias, as\u00ed que es fant\u00e1stico que podamos generar este tipo de actividades\u201d.<\/p>\n<p class=\"MsoNormal\" style=\"text-align: justify\">La actividad se enmarca en el convenio de colaboraci\u00f3n que existe entre la Universidad Cat\u00f3lica del Norte y la Corporaci\u00f3n Municipal Gabriel Gonz\u00e1lez Videla, para fomentar el trabajo en ambas instituciones. Luis Tabilo, Coordinador del Departamento de Educaci\u00f3n de la entidad municipal, agreg\u00f3 que eso ha permitido que \u201cnosotros estamos aportando a la calidad de la educaci\u00f3n, acercando el conocimiento de \u00faltima generaci\u00f3n que tienen las universidades y traerlos a las mismas escuelas\u201d. \u00a0<\/p>\n<p class=\"MsoNormal\" style=\"text-align: justify\">Dentro de las din\u00e1micas de trabajo, el PAR Explora Coquimbo ha realizado una labor constante con los establecimientos de la regi\u00f3n, por lo que poder ser parte de esta celebraci\u00f3n es fundamental para seguir difundiendo la actividad cient\u00edfica en la zona \u201cpara nosotros es s\u00faper importante poder llegar y trabajar con establecimiento de educaci\u00f3n p\u00fablica, ya que este el espacio donde podemos acercar la ciencia a trav\u00e9s de nuestras actividades de divulgaci\u00f3n\u201d, puntualiz\u00f3 Yendery Cerda, Coordinadora Ejecutiva del Proyecto. \u00a0<\/p>\n<p>\u00a0<\/p>\n<p class=\"MsoNormal\" style=\"text-align: justify\">Cabe recordar que durante el mes de octubre se celebrar\u00e1 la Semana Nacional de la Ciencia y la Tecnolog\u00eda, y los Congresos Escolares de Ciencia y Tecnolog\u00eda, que organiza el PAR Explora Coquimbo, actividades que buscar\u00e1n continuar divulgando estas disciplinas en las diversas comunas de la regi\u00f3n.\u00a0<\/p>\n<p class=\"MsoNormal\" style=\"text-align: justify\"><img decoding=\"async\" class=\" size-full wp-image-19983\" src=\"http:\/\/ec2-54-245-22-188.us-west-2.compute.amazonaws.com\/wp-content\/uploads\/2016\/08\/DSCF7714.JPG\" alt=\"\" width=\"800\" \/><\/p>\n","protected":false},"excerpt":{"rendered":"<p>En el colegio Carlos Condell de la Haza se festej\u00f3 con actividades ligadas a la divulgaci\u00f3n cient\u00edfica para los estudiantes del establecimiento y que as\u00ed puedan acercarse a esta disciplina. \u00a0 \u00a0 Cada a\u00f1o se celebra en el pa\u00eds el d\u00eda de la Educaci\u00f3n P\u00fablica, una instancia para relevar la importancia de esta ense\u00f1anza para [&hellip;]<\/p>\n","protected":false},"author":2,"featured_media":34000,"comment_status":"open","ping_status":"open","sticky":false,"template":"","format":"standard","meta":{"_acf_changed":false,"_exactmetrics_skip_tracking":false,"_exactmetrics_sitenote_active":false,"_exactmetrics_sitenote_note":"","_exactmetrics_sitenote_category":0,"footnotes":"","_links_to":"","_links_to_target":""},"categories":[4],"tags":[],"class_list":["post-38181","post","type-post","status-publish","format-standard","has-post-thumbnail","hentry","category-noticias"],"acf":[],"yoast_head":"<!-- This site is optimized with the Yoast SEO plugin v26.9 - https:\/\/yoast.com\/product\/yoast-seo-wordpress\/ -->\n<title>Muestras y talleres de ciencia marcan el d\u00eda de la Educaci\u00f3n P\u00fablica en La Serena - Coquimbo<\/title>\n<meta name=\"robots\" content=\"index, follow, max-snippet:-1, max-image-preview:large, max-video-preview:-1\" \/>\n<link rel=\"canonical\" href=\"https:\/\/explora.cl\/coquimbo\/muestras-y-talleres-de-ciencia-marcan-el-dia-de-la-educacion-publica-en-la-serena\/\" class=\"yoast-seo-meta-tag\" \/>\n<meta property=\"og:locale\" content=\"es_ES\" class=\"yoast-seo-meta-tag\" \/>\n<meta property=\"og:type\" content=\"article\" class=\"yoast-seo-meta-tag\" \/>\n<meta property=\"og:title\" content=\"Muestras y talleres de ciencia marcan el d\u00eda de la Educaci\u00f3n P\u00fablica en La Serena - Coquimbo\" class=\"yoast-seo-meta-tag\" \/>\n<meta property=\"og:description\" content=\"En el colegio Carlos Condell de la Haza se festej\u00f3 con actividades ligadas a la divulgaci\u00f3n cient\u00edfica para los estudiantes del establecimiento y que as\u00ed puedan acercarse a esta disciplina. \u00a0 \u00a0 Cada a\u00f1o se celebra en el pa\u00eds el d\u00eda de la Educaci\u00f3n P\u00fablica, una instancia para relevar la importancia de esta ense\u00f1anza para [&hellip;]\" class=\"yoast-seo-meta-tag\" \/>\n<meta property=\"og:url\" content=\"https:\/\/explora.cl\/coquimbo\/muestras-y-talleres-de-ciencia-marcan-el-dia-de-la-educacion-publica-en-la-serena\/\" class=\"yoast-seo-meta-tag\" \/>\n<meta property=\"og:site_name\" content=\"Coquimbo\" class=\"yoast-seo-meta-tag\" \/>\n<meta property=\"article:published_time\" content=\"2016-08-19T04:00:00+00:00\" class=\"yoast-seo-meta-tag\" \/>\n<meta property=\"article:modified_time\" content=\"2019-05-16T06:32:49+00:00\" class=\"yoast-seo-meta-tag\" \/>\n<meta property=\"og:image\" content=\"https:\/\/explora.cl\/coquimbo\/wp-content\/uploads\/sites\/6\/2018\/06\/DSCF7664.jpg\" class=\"yoast-seo-meta-tag\" \/>\n\t<meta property=\"og:image:width\" content=\"440\" class=\"yoast-seo-meta-tag\" \/>\n\t<meta property=\"og:image:height\" content=\"220\" class=\"yoast-seo-meta-tag\" \/>\n\t<meta property=\"og:image:type\" content=\"image\/jpeg\" class=\"yoast-seo-meta-tag\" \/>\n<meta name=\"author\" content=\"webman\" class=\"yoast-seo-meta-tag\" \/>\n<meta name=\"twitter:card\" content=\"summary_large_image\" class=\"yoast-seo-meta-tag\" \/>\n<meta name=\"twitter:label1\" content=\"Escrito por\" class=\"yoast-seo-meta-tag\" \/>\n\t<meta name=\"twitter:data1\" content=\"webman\" class=\"yoast-seo-meta-tag\" \/>\n\t<meta name=\"twitter:label2\" content=\"Tiempo estimado de lectura\" class=\"yoast-seo-meta-tag\" \/>\n\t<meta name=\"twitter:data2\" content=\"3 minutos\" class=\"yoast-seo-meta-tag\" \/>\n<script type=\"application\/ld+json\" class=\"yoast-schema-graph\">{\"@context\":\"https:\/\/schema.org\",\"@graph\":[{\"@type\":\"Article\",\"@id\":\"https:\/\/explora.cl\/coquimbo\/muestras-y-talleres-de-ciencia-marcan-el-dia-de-la-educacion-publica-en-la-serena\/#article\",\"isPartOf\":{\"@id\":\"https:\/\/explora.cl\/coquimbo\/muestras-y-talleres-de-ciencia-marcan-el-dia-de-la-educacion-publica-en-la-serena\/\"},\"author\":{\"name\":\"webman\",\"@id\":\"https:\/\/explora.cl\/coquimbo\/#\/schema\/person\/cb8349c13ea2d324080adf8480d7ba5d\"},\"headline\":\"Muestras y talleres de ciencia marcan el d\u00eda de la Educaci\u00f3n P\u00fablica en La Serena\",\"datePublished\":\"2016-08-19T04:00:00+00:00\",\"dateModified\":\"2019-05-16T06:32:49+00:00\",\"mainEntityOfPage\":{\"@id\":\"https:\/\/explora.cl\/coquimbo\/muestras-y-talleres-de-ciencia-marcan-el-dia-de-la-educacion-publica-en-la-serena\/\"},\"wordCount\":520,\"commentCount\":0,\"publisher\":{\"@id\":\"https:\/\/explora.cl\/coquimbo\/#organization\"},\"image\":{\"@id\":\"https:\/\/explora.cl\/coquimbo\/muestras-y-talleres-de-ciencia-marcan-el-dia-de-la-educacion-publica-en-la-serena\/#primaryimage\"},\"thumbnailUrl\":\"https:\/\/explora.cl\/coquimbo\/wp-content\/uploads\/sites\/6\/2018\/06\/DSCF7664.jpg\",\"articleSection\":[\"Noticias\"],\"inLanguage\":\"es-CL\",\"potentialAction\":[{\"@type\":\"CommentAction\",\"name\":\"Comment\",\"target\":[\"https:\/\/explora.cl\/coquimbo\/muestras-y-talleres-de-ciencia-marcan-el-dia-de-la-educacion-publica-en-la-serena\/#respond\"]}]},{\"@type\":\"WebPage\",\"@id\":\"https:\/\/explora.cl\/coquimbo\/muestras-y-talleres-de-ciencia-marcan-el-dia-de-la-educacion-publica-en-la-serena\/\",\"url\":\"https:\/\/explora.cl\/coquimbo\/muestras-y-talleres-de-ciencia-marcan-el-dia-de-la-educacion-publica-en-la-serena\/\",\"name\":\"Muestras y talleres de ciencia marcan el d\u00eda de la Educaci\u00f3n P\u00fablica en La Serena - Coquimbo\",\"isPartOf\":{\"@id\":\"https:\/\/explora.cl\/coquimbo\/#website\"},\"primaryImageOfPage\":{\"@id\":\"https:\/\/explora.cl\/coquimbo\/muestras-y-talleres-de-ciencia-marcan-el-dia-de-la-educacion-publica-en-la-serena\/#primaryimage\"},\"image\":{\"@id\":\"https:\/\/explora.cl\/coquimbo\/muestras-y-talleres-de-ciencia-marcan-el-dia-de-la-educacion-publica-en-la-serena\/#primaryimage\"},\"thumbnailUrl\":\"https:\/\/explora.cl\/coquimbo\/wp-content\/uploads\/sites\/6\/2018\/06\/DSCF7664.jpg\",\"datePublished\":\"2016-08-19T04:00:00+00:00\",\"dateModified\":\"2019-05-16T06:32:49+00:00\",\"breadcrumb\":{\"@id\":\"https:\/\/explora.cl\/coquimbo\/muestras-y-talleres-de-ciencia-marcan-el-dia-de-la-educacion-publica-en-la-serena\/#breadcrumb\"},\"inLanguage\":\"es-CL\",\"potentialAction\":[{\"@type\":\"ReadAction\",\"target\":[\"https:\/\/explora.cl\/coquimbo\/muestras-y-talleres-de-ciencia-marcan-el-dia-de-la-educacion-publica-en-la-serena\/\"]}]},{\"@type\":\"ImageObject\",\"inLanguage\":\"es-CL\",\"@id\":\"https:\/\/explora.cl\/coquimbo\/muestras-y-talleres-de-ciencia-marcan-el-dia-de-la-educacion-publica-en-la-serena\/#primaryimage\",\"url\":\"https:\/\/explora.cl\/coquimbo\/wp-content\/uploads\/sites\/6\/2018\/06\/DSCF7664.jpg\",\"contentUrl\":\"https:\/\/explora.cl\/coquimbo\/wp-content\/uploads\/sites\/6\/2018\/06\/DSCF7664.jpg\",\"width\":440,\"height\":220},{\"@type\":\"BreadcrumbList\",\"@id\":\"https:\/\/explora.cl\/coquimbo\/muestras-y-talleres-de-ciencia-marcan-el-dia-de-la-educacion-publica-en-la-serena\/#breadcrumb\",\"itemListElement\":[{\"@type\":\"ListItem\",\"position\":1,\"name\":\"Portada\",\"item\":\"https:\/\/explora.cl\/coquimbo\/\"},{\"@type\":\"ListItem\",\"position\":2,\"name\":\"Muestras y talleres de ciencia marcan el d\u00eda de la Educaci\u00f3n P\u00fablica en La Serena\"}]},{\"@type\":\"WebSite\",\"@id\":\"https:\/\/explora.cl\/coquimbo\/#website\",\"url\":\"https:\/\/explora.cl\/coquimbo\/\",\"name\":\"Coquimbo\",\"description\":\"Otro sitio m\u00e1s de explora.cl\",\"publisher\":{\"@id\":\"https:\/\/explora.cl\/coquimbo\/#organization\"},\"potentialAction\":[{\"@type\":\"SearchAction\",\"target\":{\"@type\":\"EntryPoint\",\"urlTemplate\":\"https:\/\/explora.cl\/coquimbo\/?s={search_term_string}\"},\"query-input\":{\"@type\":\"PropertyValueSpecification\",\"valueRequired\":true,\"valueName\":\"search_term_string\"}}],\"inLanguage\":\"es-CL\"},{\"@type\":\"Organization\",\"@id\":\"https:\/\/explora.cl\/coquimbo\/#organization\",\"name\":\"Coquimbo\",\"url\":\"https:\/\/explora.cl\/coquimbo\/\",\"logo\":{\"@type\":\"ImageObject\",\"inLanguage\":\"es-CL\",\"@id\":\"https:\/\/explora.cl\/coquimbo\/#\/schema\/logo\/image\/\",\"url\":\"https:\/\/explora.cl\/coquimbo\/wp-content\/uploads\/sites\/6\/2020\/08\/cropped-Mesa-de-trabajo-1-100.jpg\",\"contentUrl\":\"https:\/\/explora.cl\/coquimbo\/wp-content\/uploads\/sites\/6\/2020\/08\/cropped-Mesa-de-trabajo-1-100.jpg\",\"width\":615,\"height\":576,\"caption\":\"Coquimbo\"},\"image\":{\"@id\":\"https:\/\/explora.cl\/coquimbo\/#\/schema\/logo\/image\/\"}},{\"@type\":\"Person\",\"@id\":\"https:\/\/explora.cl\/coquimbo\/#\/schema\/person\/cb8349c13ea2d324080adf8480d7ba5d\",\"name\":\"webman\",\"image\":{\"@type\":\"ImageObject\",\"inLanguage\":\"es-CL\",\"@id\":\"https:\/\/explora.cl\/coquimbo\/#\/schema\/person\/image\/\",\"url\":\"https:\/\/secure.gravatar.com\/avatar\/eeff3c82f2c02f7177d13663b7e6f890e9a6a0647ce9bb29cae02dcb094c7312?s=96&d=mm&r=g\",\"contentUrl\":\"https:\/\/secure.gravatar.com\/avatar\/eeff3c82f2c02f7177d13663b7e6f890e9a6a0647ce9bb29cae02dcb094c7312?s=96&d=mm&r=g\",\"caption\":\"webman\"},\"url\":\"https:\/\/explora.cl\/coquimbo\/author\/webman\/\"}]}<\/script>\n<!-- \/ Yoast SEO plugin. -->","yoast_head_json":{"title":"Muestras y talleres de ciencia marcan el d\u00eda de la Educaci\u00f3n P\u00fablica en La Serena - Coquimbo","robots":{"index":"index","follow":"follow","max-snippet":"max-snippet:-1","max-image-preview":"max-image-preview:large","max-video-preview":"max-video-preview:-1"},"canonical":"https:\/\/explora.cl\/coquimbo\/muestras-y-talleres-de-ciencia-marcan-el-dia-de-la-educacion-publica-en-la-serena\/","og_locale":"es_ES","og_type":"article","og_title":"Muestras y talleres de ciencia marcan el d\u00eda de la Educaci\u00f3n P\u00fablica en La Serena - Coquimbo","og_description":"En el colegio Carlos Condell de la Haza se festej\u00f3 con actividades ligadas a la divulgaci\u00f3n cient\u00edfica para los estudiantes del establecimiento y que as\u00ed puedan acercarse a esta disciplina. \u00a0 \u00a0 Cada a\u00f1o se celebra en el pa\u00eds el d\u00eda de la Educaci\u00f3n P\u00fablica, una instancia para relevar la importancia de esta ense\u00f1anza para [&hellip;]","og_url":"https:\/\/explora.cl\/coquimbo\/muestras-y-talleres-de-ciencia-marcan-el-dia-de-la-educacion-publica-en-la-serena\/","og_site_name":"Coquimbo","article_published_time":"2016-08-19T04:00:00+00:00","article_modified_time":"2019-05-16T06:32:49+00:00","og_image":[{"width":440,"height":220,"url":"https:\/\/explora.cl\/coquimbo\/wp-content\/uploads\/sites\/6\/2018\/06\/DSCF7664.jpg","type":"image\/jpeg"}],"author":"webman","twitter_card":"summary_large_image","twitter_misc":{"Escrito por":"webman","Tiempo estimado de lectura":"3 minutos"},"schema":{"@context":"https:\/\/schema.org","@graph":[{"@type":"Article","@id":"https:\/\/explora.cl\/coquimbo\/muestras-y-talleres-de-ciencia-marcan-el-dia-de-la-educacion-publica-en-la-serena\/#article","isPartOf":{"@id":"https:\/\/explora.cl\/coquimbo\/muestras-y-talleres-de-ciencia-marcan-el-dia-de-la-educacion-publica-en-la-serena\/"},"author":{"name":"webman","@id":"https:\/\/explora.cl\/coquimbo\/#\/schema\/person\/cb8349c13ea2d324080adf8480d7ba5d"},"headline":"Muestras y talleres de ciencia marcan el d\u00eda de la Educaci\u00f3n P\u00fablica en La Serena","datePublished":"2016-08-19T04:00:00+00:00","dateModified":"2019-05-16T06:32:49+00:00","mainEntityOfPage":{"@id":"https:\/\/explora.cl\/coquimbo\/muestras-y-talleres-de-ciencia-marcan-el-dia-de-la-educacion-publica-en-la-serena\/"},"wordCount":520,"commentCount":0,"publisher":{"@id":"https:\/\/explora.cl\/coquimbo\/#organization"},"image":{"@id":"https:\/\/explora.cl\/coquimbo\/muestras-y-talleres-de-ciencia-marcan-el-dia-de-la-educacion-publica-en-la-serena\/#primaryimage"},"thumbnailUrl":"https:\/\/explora.cl\/coquimbo\/wp-content\/uploads\/sites\/6\/2018\/06\/DSCF7664.jpg","articleSection":["Noticias"],"inLanguage":"es-CL","potentialAction":[{"@type":"CommentAction","name":"Comment","target":["https:\/\/explora.cl\/coquimbo\/muestras-y-talleres-de-ciencia-marcan-el-dia-de-la-educacion-publica-en-la-serena\/#respond"]}]},{"@type":"WebPage","@id":"https:\/\/explora.cl\/coquimbo\/muestras-y-talleres-de-ciencia-marcan-el-dia-de-la-educacion-publica-en-la-serena\/","url":"https:\/\/explora.cl\/coquimbo\/muestras-y-talleres-de-ciencia-marcan-el-dia-de-la-educacion-publica-en-la-serena\/","name":"Muestras y talleres de ciencia marcan el d\u00eda de la Educaci\u00f3n P\u00fablica en La Serena - Coquimbo","isPartOf":{"@id":"https:\/\/explora.cl\/coquimbo\/#website"},"primaryImageOfPage":{"@id":"https:\/\/explora.cl\/coquimbo\/muestras-y-talleres-de-ciencia-marcan-el-dia-de-la-educacion-publica-en-la-serena\/#primaryimage"},"image":{"@id":"https:\/\/explora.cl\/coquimbo\/muestras-y-talleres-de-ciencia-marcan-el-dia-de-la-educacion-publica-en-la-serena\/#primaryimage"},"thumbnailUrl":"https:\/\/explora.cl\/coquimbo\/wp-content\/uploads\/sites\/6\/2018\/06\/DSCF7664.jpg","datePublished":"2016-08-19T04:00:00+00:00","dateModified":"2019-05-16T06:32:49+00:00","breadcrumb":{"@id":"https:\/\/explora.cl\/coquimbo\/muestras-y-talleres-de-ciencia-marcan-el-dia-de-la-educacion-publica-en-la-serena\/#breadcrumb"},"inLanguage":"es-CL","potentialAction":[{"@type":"ReadAction","target":["https:\/\/explora.cl\/coquimbo\/muestras-y-talleres-de-ciencia-marcan-el-dia-de-la-educacion-publica-en-la-serena\/"]}]},{"@type":"ImageObject","inLanguage":"es-CL","@id":"https:\/\/explora.cl\/coquimbo\/muestras-y-talleres-de-ciencia-marcan-el-dia-de-la-educacion-publica-en-la-serena\/#primaryimage","url":"https:\/\/explora.cl\/coquimbo\/wp-content\/uploads\/sites\/6\/2018\/06\/DSCF7664.jpg","contentUrl":"https:\/\/explora.cl\/coquimbo\/wp-content\/uploads\/sites\/6\/2018\/06\/DSCF7664.jpg","width":440,"height":220},{"@type":"BreadcrumbList","@id":"https:\/\/explora.cl\/coquimbo\/muestras-y-talleres-de-ciencia-marcan-el-dia-de-la-educacion-publica-en-la-serena\/#breadcrumb","itemListElement":[{"@type":"ListItem","position":1,"name":"Portada","item":"https:\/\/explora.cl\/coquimbo\/"},{"@type":"ListItem","position":2,"name":"Muestras y talleres de ciencia marcan el d\u00eda de la Educaci\u00f3n P\u00fablica en La Serena"}]},{"@type":"WebSite","@id":"https:\/\/explora.cl\/coquimbo\/#website","url":"https:\/\/explora.cl\/coquimbo\/","name":"Coquimbo","description":"Otro sitio m\u00e1s de explora.cl","publisher":{"@id":"https:\/\/explora.cl\/coquimbo\/#organization"},"potentialAction":[{"@type":"SearchAction","target":{"@type":"EntryPoint","urlTemplate":"https:\/\/explora.cl\/coquimbo\/?s={search_term_string}"},"query-input":{"@type":"PropertyValueSpecification","valueRequired":true,"valueName":"search_term_string"}}],"inLanguage":"es-CL"},{"@type":"Organization","@id":"https:\/\/explora.cl\/coquimbo\/#organization","name":"Coquimbo","url":"https:\/\/explora.cl\/coquimbo\/","logo":{"@type":"ImageObject","inLanguage":"es-CL","@id":"https:\/\/explora.cl\/coquimbo\/#\/schema\/logo\/image\/","url":"https:\/\/explora.cl\/coquimbo\/wp-content\/uploads\/sites\/6\/2020\/08\/cropped-Mesa-de-trabajo-1-100.jpg","contentUrl":"https:\/\/explora.cl\/coquimbo\/wp-content\/uploads\/sites\/6\/2020\/08\/cropped-Mesa-de-trabajo-1-100.jpg","width":615,"height":576,"caption":"Coquimbo"},"image":{"@id":"https:\/\/explora.cl\/coquimbo\/#\/schema\/logo\/image\/"}},{"@type":"Person","@id":"https:\/\/explora.cl\/coquimbo\/#\/schema\/person\/cb8349c13ea2d324080adf8480d7ba5d","name":"webman","image":{"@type":"ImageObject","inLanguage":"es-CL","@id":"https:\/\/explora.cl\/coquimbo\/#\/schema\/person\/image\/","url":"https:\/\/secure.gravatar.com\/avatar\/eeff3c82f2c02f7177d13663b7e6f890e9a6a0647ce9bb29cae02dcb094c7312?s=96&d=mm&r=g","contentUrl":"https:\/\/secure.gravatar.com\/avatar\/eeff3c82f2c02f7177d13663b7e6f890e9a6a0647ce9bb29cae02dcb094c7312?s=96&d=mm&r=g","caption":"webman"},"url":"https:\/\/explora.cl\/coquimbo\/author\/webman\/"}]}},"_links":{"self":[{"href":"https:\/\/explora.cl\/coquimbo\/wp-json\/wp\/v2\/posts\/38181","targetHints":{"allow":["GET"]}}],"collection":[{"href":"https:\/\/explora.cl\/coquimbo\/wp-json\/wp\/v2\/posts"}],"about":[{"href":"https:\/\/explora.cl\/coquimbo\/wp-json\/wp\/v2\/types\/post"}],"author":[{"embeddable":true,"href":"https:\/\/explora.cl\/coquimbo\/wp-json\/wp\/v2\/users\/2"}],"replies":[{"embeddable":true,"href":"https:\/\/explora.cl\/coquimbo\/wp-json\/wp\/v2\/comments?post=38181"}],"version-history":[{"count":1,"href":"https:\/\/explora.cl\/coquimbo\/wp-json\/wp\/v2\/posts\/38181\/revisions"}],"predecessor-version":[{"id":38994,"href":"https:\/\/explora.cl\/coquimbo\/wp-json\/wp\/v2\/posts\/38181\/revisions\/38994"}],"wp:featuredmedia":[{"embeddable":true,"href":"https:\/\/explora.cl\/coquimbo\/wp-json\/wp\/v2\/media\/34000"}],"wp:attachment":[{"href":"https:\/\/explora.cl\/coquimbo\/wp-json\/wp\/v2\/media?parent=38181"}],"wp:term":[{"taxonomy":"category","embeddable":true,"href":"https:\/\/explora.cl\/coquimbo\/wp-json\/wp\/v2\/categories?post=38181"},{"taxonomy":"post_tag","embeddable":true,"href":"https:\/\/explora.cl\/coquimbo\/wp-json\/wp\/v2\/tags?post=38181"}],"curies":[{"name":"wp","href":"https:\/\/api.w.org\/{rel}","templated":true}]}}