{"id":38180,"date":"2016-08-12T00:00:00","date_gmt":"2016-08-12T04:00:00","guid":{"rendered":"https:\/\/explora.cl\/coquimbo\/blog\/2016\/08\/12\/par-explora-coquimbo-participa-de-masiva-feria-cientifica-en-rivadavia\/"},"modified":"2019-05-16T06:32:51","modified_gmt":"2019-05-16T06:32:51","slug":"par-explora-coquimbo-participa-de-masiva-feria-cientifica-en-rivadavia-2","status":"publish","type":"post","link":"https:\/\/explora.cl\/coquimbo\/par-explora-coquimbo-participa-de-masiva-feria-cientifica-en-rivadavia-2\/","title":{"rendered":"PAR Explora Coquimbo participa de masiva feria cient\u00edfica en Rivadavia"},"content":{"rendered":"<p class=\"MsoNormal\" style=\"text-align: center\"><em>La localidad del Valle del Elqui realiz\u00f3 una espectacular actividad, que cont\u00f3 con la presencia de cientos de estudiantes de la zona.<\/em><\/p>\n<hr \/>\n<p class=\"MsoNormal\" style=\"text-align: center\">\u00a0<\/p>\n<p class=\"MsoNormal\" style=\"text-align: justify\">Una gran y masiva actividad en honor a las ciencias se realiz\u00f3 en la comuna de Vicu\u00f1a, espec\u00edficamente en la localidad de Rivadavia, cuando cientos de personas participaron de la primera feria cient\u00edfica de la escuela R\u00edos de Elqui.<\/p>\n<p class=\"MsoNormal\" style=\"text-align: justify\">En el encuentro estudiantes de toda la comuna y las zonas aleda\u00f1as disfrutaron de exhibiciones, muestras y charlas vinculadas al desarrollo de las ciencias.<\/p>\n<p class=\"MsoNormal\" style=\"text-align: justify\">Entidades como el Ceaza, Novasur, Cient\u00edficos de la Basura, Observatorios regionales, la Universidad de La Serena, Universidad Santo Tom\u00e1s y otras instituciones fueron parte de este evento, que no dej\u00f3 de lado a la comunidad.<\/p>\n<p class=\"MsoNormal\">El PAR Explora de CONICYT Coquimbo de la Universidad Cat\u00f3lica del Norte, particip\u00f3 activamente de esta actividad, por medio de dos charlas. La primera vinculada a la ecolog\u00eda marina y tambi\u00e9n una sobre la comunicaci\u00f3n de las ciencias. Adem\u00e1s, una muestra y exposiciones sobre ciencias del mar y zonas \u00e1ridas de la regi\u00f3n.<\/p>\n<p>\u00a0<\/p>\n<p class=\"MsoNormal\">Revisa las fotograf\u00edas de la actividad en el<a href=\"https:\/\/www.facebook.com\/explora.coquimbo\/\" target=\"_blank\" rel=\"noopener noreferrer\"> Facebook del PAR Explora Coquimbo<\/a><\/p>\n<p class=\"MsoNormal\"><img decoding=\"async\" class=\" size-full wp-image-19846\" src=\"http:\/\/ec2-54-245-22-188.us-west-2.compute.amazonaws.com\/wp-content\/uploads\/2016\/08\/IMG_6730.JPG\" alt=\"\" width=\"800\" \/><\/p>\n<p class=\"MsoNormal\"><img decoding=\"async\" class=\" size-full wp-image-19847\" src=\"http:\/\/ec2-54-245-22-188.us-west-2.compute.amazonaws.com\/wp-content\/uploads\/2016\/08\/IMG_6759.JPG\" alt=\"\" width=\"800\" \/><\/p>\n","protected":false},"excerpt":{"rendered":"<p>La localidad del Valle del Elqui realiz\u00f3 una espectacular actividad, que cont\u00f3 con la presencia de cientos de estudiantes de la zona. \u00a0 Una gran y masiva actividad en honor a las ciencias se realiz\u00f3 en la comuna de Vicu\u00f1a, espec\u00edficamente en la localidad de Rivadavia, cuando cientos de personas participaron de la primera feria [&hellip;]<\/p>\n","protected":false},"author":2,"featured_media":32436,"comment_status":"open","ping_status":"open","sticky":false,"template":"","format":"standard","meta":{"_acf_changed":false,"_exactmetrics_skip_tracking":false,"_exactmetrics_sitenote_active":false,"_exactmetrics_sitenote_note":"","_exactmetrics_sitenote_category":0,"footnotes":"","_links_to":"","_links_to_target":""},"categories":[4],"tags":[],"class_list":["post-38180","post","type-post","status-publish","format-standard","has-post-thumbnail","hentry","category-noticias"],"acf":[],"yoast_head":"<!-- This site is optimized with the Yoast SEO plugin v26.9 - https:\/\/yoast.com\/product\/yoast-seo-wordpress\/ -->\n<title>PAR Explora Coquimbo participa de masiva feria cient\u00edfica en Rivadavia - Coquimbo<\/title>\n<meta name=\"robots\" content=\"index, follow, max-snippet:-1, max-image-preview:large, max-video-preview:-1\" \/>\n<link rel=\"canonical\" href=\"https:\/\/explora.cl\/coquimbo\/par-explora-coquimbo-participa-de-masiva-feria-cientifica-en-rivadavia-2\/\" class=\"yoast-seo-meta-tag\" \/>\n<meta property=\"og:locale\" content=\"es_ES\" class=\"yoast-seo-meta-tag\" \/>\n<meta property=\"og:type\" content=\"article\" class=\"yoast-seo-meta-tag\" \/>\n<meta property=\"og:title\" content=\"PAR Explora Coquimbo participa de masiva feria cient\u00edfica en Rivadavia - Coquimbo\" class=\"yoast-seo-meta-tag\" \/>\n<meta property=\"og:description\" content=\"La localidad del Valle del Elqui realiz\u00f3 una espectacular actividad, que cont\u00f3 con la presencia de cientos de estudiantes de la zona. \u00a0 Una gran y masiva actividad en honor a las ciencias se realiz\u00f3 en la comuna de Vicu\u00f1a, espec\u00edficamente en la localidad de Rivadavia, cuando cientos de personas participaron de la primera feria [&hellip;]\" class=\"yoast-seo-meta-tag\" \/>\n<meta property=\"og:url\" content=\"https:\/\/explora.cl\/coquimbo\/par-explora-coquimbo-participa-de-masiva-feria-cientifica-en-rivadavia-2\/\" class=\"yoast-seo-meta-tag\" \/>\n<meta property=\"og:site_name\" content=\"Coquimbo\" class=\"yoast-seo-meta-tag\" \/>\n<meta property=\"article:published_time\" content=\"2016-08-12T04:00:00+00:00\" class=\"yoast-seo-meta-tag\" \/>\n<meta property=\"article:modified_time\" content=\"2019-05-16T06:32:51+00:00\" class=\"yoast-seo-meta-tag\" \/>\n<meta property=\"og:image\" content=\"https:\/\/explora.cl\/coquimbo\/wp-content\/uploads\/sites\/6\/2018\/06\/IMG_6754.jpg\" class=\"yoast-seo-meta-tag\" \/>\n\t<meta property=\"og:image:width\" content=\"440\" class=\"yoast-seo-meta-tag\" \/>\n\t<meta property=\"og:image:height\" content=\"220\" class=\"yoast-seo-meta-tag\" \/>\n\t<meta property=\"og:image:type\" content=\"image\/jpeg\" class=\"yoast-seo-meta-tag\" \/>\n<meta name=\"author\" content=\"webman\" class=\"yoast-seo-meta-tag\" \/>\n<meta name=\"twitter:card\" content=\"summary_large_image\" class=\"yoast-seo-meta-tag\" \/>\n<meta name=\"twitter:label1\" content=\"Escrito por\" class=\"yoast-seo-meta-tag\" \/>\n\t<meta name=\"twitter:data1\" content=\"webman\" class=\"yoast-seo-meta-tag\" \/>\n\t<meta name=\"twitter:label2\" content=\"Tiempo estimado de lectura\" class=\"yoast-seo-meta-tag\" \/>\n\t<meta name=\"twitter:data2\" content=\"1 minuto\" class=\"yoast-seo-meta-tag\" \/>\n<script type=\"application\/ld+json\" class=\"yoast-schema-graph\">{\"@context\":\"https:\/\/schema.org\",\"@graph\":[{\"@type\":\"Article\",\"@id\":\"https:\/\/explora.cl\/coquimbo\/par-explora-coquimbo-participa-de-masiva-feria-cientifica-en-rivadavia-2\/#article\",\"isPartOf\":{\"@id\":\"https:\/\/explora.cl\/coquimbo\/par-explora-coquimbo-participa-de-masiva-feria-cientifica-en-rivadavia-2\/\"},\"author\":{\"name\":\"webman\",\"@id\":\"https:\/\/explora.cl\/coquimbo\/#\/schema\/person\/cb8349c13ea2d324080adf8480d7ba5d\"},\"headline\":\"PAR Explora Coquimbo participa de masiva feria cient\u00edfica en Rivadavia\",\"datePublished\":\"2016-08-12T04:00:00+00:00\",\"dateModified\":\"2019-05-16T06:32:51+00:00\",\"mainEntityOfPage\":{\"@id\":\"https:\/\/explora.cl\/coquimbo\/par-explora-coquimbo-participa-de-masiva-feria-cientifica-en-rivadavia-2\/\"},\"wordCount\":211,\"commentCount\":0,\"publisher\":{\"@id\":\"https:\/\/explora.cl\/coquimbo\/#organization\"},\"image\":{\"@id\":\"https:\/\/explora.cl\/coquimbo\/par-explora-coquimbo-participa-de-masiva-feria-cientifica-en-rivadavia-2\/#primaryimage\"},\"thumbnailUrl\":\"https:\/\/explora.cl\/coquimbo\/wp-content\/uploads\/sites\/6\/2018\/06\/IMG_6754.jpg\",\"articleSection\":[\"Noticias\"],\"inLanguage\":\"es-CL\",\"potentialAction\":[{\"@type\":\"CommentAction\",\"name\":\"Comment\",\"target\":[\"https:\/\/explora.cl\/coquimbo\/par-explora-coquimbo-participa-de-masiva-feria-cientifica-en-rivadavia-2\/#respond\"]}]},{\"@type\":\"WebPage\",\"@id\":\"https:\/\/explora.cl\/coquimbo\/par-explora-coquimbo-participa-de-masiva-feria-cientifica-en-rivadavia-2\/\",\"url\":\"https:\/\/explora.cl\/coquimbo\/par-explora-coquimbo-participa-de-masiva-feria-cientifica-en-rivadavia-2\/\",\"name\":\"PAR Explora Coquimbo participa de masiva feria cient\u00edfica en Rivadavia - Coquimbo\",\"isPartOf\":{\"@id\":\"https:\/\/explora.cl\/coquimbo\/#website\"},\"primaryImageOfPage\":{\"@id\":\"https:\/\/explora.cl\/coquimbo\/par-explora-coquimbo-participa-de-masiva-feria-cientifica-en-rivadavia-2\/#primaryimage\"},\"image\":{\"@id\":\"https:\/\/explora.cl\/coquimbo\/par-explora-coquimbo-participa-de-masiva-feria-cientifica-en-rivadavia-2\/#primaryimage\"},\"thumbnailUrl\":\"https:\/\/explora.cl\/coquimbo\/wp-content\/uploads\/sites\/6\/2018\/06\/IMG_6754.jpg\",\"datePublished\":\"2016-08-12T04:00:00+00:00\",\"dateModified\":\"2019-05-16T06:32:51+00:00\",\"breadcrumb\":{\"@id\":\"https:\/\/explora.cl\/coquimbo\/par-explora-coquimbo-participa-de-masiva-feria-cientifica-en-rivadavia-2\/#breadcrumb\"},\"inLanguage\":\"es-CL\",\"potentialAction\":[{\"@type\":\"ReadAction\",\"target\":[\"https:\/\/explora.cl\/coquimbo\/par-explora-coquimbo-participa-de-masiva-feria-cientifica-en-rivadavia-2\/\"]}]},{\"@type\":\"ImageObject\",\"inLanguage\":\"es-CL\",\"@id\":\"https:\/\/explora.cl\/coquimbo\/par-explora-coquimbo-participa-de-masiva-feria-cientifica-en-rivadavia-2\/#primaryimage\",\"url\":\"https:\/\/explora.cl\/coquimbo\/wp-content\/uploads\/sites\/6\/2018\/06\/IMG_6754.jpg\",\"contentUrl\":\"https:\/\/explora.cl\/coquimbo\/wp-content\/uploads\/sites\/6\/2018\/06\/IMG_6754.jpg\",\"width\":440,\"height\":220},{\"@type\":\"BreadcrumbList\",\"@id\":\"https:\/\/explora.cl\/coquimbo\/par-explora-coquimbo-participa-de-masiva-feria-cientifica-en-rivadavia-2\/#breadcrumb\",\"itemListElement\":[{\"@type\":\"ListItem\",\"position\":1,\"name\":\"Portada\",\"item\":\"https:\/\/explora.cl\/coquimbo\/\"},{\"@type\":\"ListItem\",\"position\":2,\"name\":\"PAR Explora Coquimbo participa de masiva feria cient\u00edfica en Rivadavia\"}]},{\"@type\":\"WebSite\",\"@id\":\"https:\/\/explora.cl\/coquimbo\/#website\",\"url\":\"https:\/\/explora.cl\/coquimbo\/\",\"name\":\"Coquimbo\",\"description\":\"Otro sitio m\u00e1s de explora.cl\",\"publisher\":{\"@id\":\"https:\/\/explora.cl\/coquimbo\/#organization\"},\"potentialAction\":[{\"@type\":\"SearchAction\",\"target\":{\"@type\":\"EntryPoint\",\"urlTemplate\":\"https:\/\/explora.cl\/coquimbo\/?s={search_term_string}\"},\"query-input\":{\"@type\":\"PropertyValueSpecification\",\"valueRequired\":true,\"valueName\":\"search_term_string\"}}],\"inLanguage\":\"es-CL\"},{\"@type\":\"Organization\",\"@id\":\"https:\/\/explora.cl\/coquimbo\/#organization\",\"name\":\"Coquimbo\",\"url\":\"https:\/\/explora.cl\/coquimbo\/\",\"logo\":{\"@type\":\"ImageObject\",\"inLanguage\":\"es-CL\",\"@id\":\"https:\/\/explora.cl\/coquimbo\/#\/schema\/logo\/image\/\",\"url\":\"https:\/\/explora.cl\/coquimbo\/wp-content\/uploads\/sites\/6\/2020\/08\/cropped-Mesa-de-trabajo-1-100.jpg\",\"contentUrl\":\"https:\/\/explora.cl\/coquimbo\/wp-content\/uploads\/sites\/6\/2020\/08\/cropped-Mesa-de-trabajo-1-100.jpg\",\"width\":615,\"height\":576,\"caption\":\"Coquimbo\"},\"image\":{\"@id\":\"https:\/\/explora.cl\/coquimbo\/#\/schema\/logo\/image\/\"}},{\"@type\":\"Person\",\"@id\":\"https:\/\/explora.cl\/coquimbo\/#\/schema\/person\/cb8349c13ea2d324080adf8480d7ba5d\",\"name\":\"webman\",\"image\":{\"@type\":\"ImageObject\",\"inLanguage\":\"es-CL\",\"@id\":\"https:\/\/explora.cl\/coquimbo\/#\/schema\/person\/image\/\",\"url\":\"https:\/\/secure.gravatar.com\/avatar\/eeff3c82f2c02f7177d13663b7e6f890e9a6a0647ce9bb29cae02dcb094c7312?s=96&d=mm&r=g\",\"contentUrl\":\"https:\/\/secure.gravatar.com\/avatar\/eeff3c82f2c02f7177d13663b7e6f890e9a6a0647ce9bb29cae02dcb094c7312?s=96&d=mm&r=g\",\"caption\":\"webman\"},\"url\":\"https:\/\/explora.cl\/coquimbo\/author\/webman\/\"}]}<\/script>\n<!-- \/ Yoast SEO plugin. -->","yoast_head_json":{"title":"PAR Explora Coquimbo participa de masiva feria cient\u00edfica en Rivadavia - Coquimbo","robots":{"index":"index","follow":"follow","max-snippet":"max-snippet:-1","max-image-preview":"max-image-preview:large","max-video-preview":"max-video-preview:-1"},"canonical":"https:\/\/explora.cl\/coquimbo\/par-explora-coquimbo-participa-de-masiva-feria-cientifica-en-rivadavia-2\/","og_locale":"es_ES","og_type":"article","og_title":"PAR Explora Coquimbo participa de masiva feria cient\u00edfica en Rivadavia - Coquimbo","og_description":"La localidad del Valle del Elqui realiz\u00f3 una espectacular actividad, que cont\u00f3 con la presencia de cientos de estudiantes de la zona. \u00a0 Una gran y masiva actividad en honor a las ciencias se realiz\u00f3 en la comuna de Vicu\u00f1a, espec\u00edficamente en la localidad de Rivadavia, cuando cientos de personas participaron de la primera feria [&hellip;]","og_url":"https:\/\/explora.cl\/coquimbo\/par-explora-coquimbo-participa-de-masiva-feria-cientifica-en-rivadavia-2\/","og_site_name":"Coquimbo","article_published_time":"2016-08-12T04:00:00+00:00","article_modified_time":"2019-05-16T06:32:51+00:00","og_image":[{"width":440,"height":220,"url":"https:\/\/explora.cl\/coquimbo\/wp-content\/uploads\/sites\/6\/2018\/06\/IMG_6754.jpg","type":"image\/jpeg"}],"author":"webman","twitter_card":"summary_large_image","twitter_misc":{"Escrito por":"webman","Tiempo estimado de lectura":"1 minuto"},"schema":{"@context":"https:\/\/schema.org","@graph":[{"@type":"Article","@id":"https:\/\/explora.cl\/coquimbo\/par-explora-coquimbo-participa-de-masiva-feria-cientifica-en-rivadavia-2\/#article","isPartOf":{"@id":"https:\/\/explora.cl\/coquimbo\/par-explora-coquimbo-participa-de-masiva-feria-cientifica-en-rivadavia-2\/"},"author":{"name":"webman","@id":"https:\/\/explora.cl\/coquimbo\/#\/schema\/person\/cb8349c13ea2d324080adf8480d7ba5d"},"headline":"PAR Explora Coquimbo participa de masiva feria cient\u00edfica en Rivadavia","datePublished":"2016-08-12T04:00:00+00:00","dateModified":"2019-05-16T06:32:51+00:00","mainEntityOfPage":{"@id":"https:\/\/explora.cl\/coquimbo\/par-explora-coquimbo-participa-de-masiva-feria-cientifica-en-rivadavia-2\/"},"wordCount":211,"commentCount":0,"publisher":{"@id":"https:\/\/explora.cl\/coquimbo\/#organization"},"image":{"@id":"https:\/\/explora.cl\/coquimbo\/par-explora-coquimbo-participa-de-masiva-feria-cientifica-en-rivadavia-2\/#primaryimage"},"thumbnailUrl":"https:\/\/explora.cl\/coquimbo\/wp-content\/uploads\/sites\/6\/2018\/06\/IMG_6754.jpg","articleSection":["Noticias"],"inLanguage":"es-CL","potentialAction":[{"@type":"CommentAction","name":"Comment","target":["https:\/\/explora.cl\/coquimbo\/par-explora-coquimbo-participa-de-masiva-feria-cientifica-en-rivadavia-2\/#respond"]}]},{"@type":"WebPage","@id":"https:\/\/explora.cl\/coquimbo\/par-explora-coquimbo-participa-de-masiva-feria-cientifica-en-rivadavia-2\/","url":"https:\/\/explora.cl\/coquimbo\/par-explora-coquimbo-participa-de-masiva-feria-cientifica-en-rivadavia-2\/","name":"PAR Explora Coquimbo participa de masiva feria cient\u00edfica en Rivadavia - Coquimbo","isPartOf":{"@id":"https:\/\/explora.cl\/coquimbo\/#website"},"primaryImageOfPage":{"@id":"https:\/\/explora.cl\/coquimbo\/par-explora-coquimbo-participa-de-masiva-feria-cientifica-en-rivadavia-2\/#primaryimage"},"image":{"@id":"https:\/\/explora.cl\/coquimbo\/par-explora-coquimbo-participa-de-masiva-feria-cientifica-en-rivadavia-2\/#primaryimage"},"thumbnailUrl":"https:\/\/explora.cl\/coquimbo\/wp-content\/uploads\/sites\/6\/2018\/06\/IMG_6754.jpg","datePublished":"2016-08-12T04:00:00+00:00","dateModified":"2019-05-16T06:32:51+00:00","breadcrumb":{"@id":"https:\/\/explora.cl\/coquimbo\/par-explora-coquimbo-participa-de-masiva-feria-cientifica-en-rivadavia-2\/#breadcrumb"},"inLanguage":"es-CL","potentialAction":[{"@type":"ReadAction","target":["https:\/\/explora.cl\/coquimbo\/par-explora-coquimbo-participa-de-masiva-feria-cientifica-en-rivadavia-2\/"]}]},{"@type":"ImageObject","inLanguage":"es-CL","@id":"https:\/\/explora.cl\/coquimbo\/par-explora-coquimbo-participa-de-masiva-feria-cientifica-en-rivadavia-2\/#primaryimage","url":"https:\/\/explora.cl\/coquimbo\/wp-content\/uploads\/sites\/6\/2018\/06\/IMG_6754.jpg","contentUrl":"https:\/\/explora.cl\/coquimbo\/wp-content\/uploads\/sites\/6\/2018\/06\/IMG_6754.jpg","width":440,"height":220},{"@type":"BreadcrumbList","@id":"https:\/\/explora.cl\/coquimbo\/par-explora-coquimbo-participa-de-masiva-feria-cientifica-en-rivadavia-2\/#breadcrumb","itemListElement":[{"@type":"ListItem","position":1,"name":"Portada","item":"https:\/\/explora.cl\/coquimbo\/"},{"@type":"ListItem","position":2,"name":"PAR Explora Coquimbo participa de masiva feria cient\u00edfica en Rivadavia"}]},{"@type":"WebSite","@id":"https:\/\/explora.cl\/coquimbo\/#website","url":"https:\/\/explora.cl\/coquimbo\/","name":"Coquimbo","description":"Otro sitio m\u00e1s de explora.cl","publisher":{"@id":"https:\/\/explora.cl\/coquimbo\/#organization"},"potentialAction":[{"@type":"SearchAction","target":{"@type":"EntryPoint","urlTemplate":"https:\/\/explora.cl\/coquimbo\/?s={search_term_string}"},"query-input":{"@type":"PropertyValueSpecification","valueRequired":true,"valueName":"search_term_string"}}],"inLanguage":"es-CL"},{"@type":"Organization","@id":"https:\/\/explora.cl\/coquimbo\/#organization","name":"Coquimbo","url":"https:\/\/explora.cl\/coquimbo\/","logo":{"@type":"ImageObject","inLanguage":"es-CL","@id":"https:\/\/explora.cl\/coquimbo\/#\/schema\/logo\/image\/","url":"https:\/\/explora.cl\/coquimbo\/wp-content\/uploads\/sites\/6\/2020\/08\/cropped-Mesa-de-trabajo-1-100.jpg","contentUrl":"https:\/\/explora.cl\/coquimbo\/wp-content\/uploads\/sites\/6\/2020\/08\/cropped-Mesa-de-trabajo-1-100.jpg","width":615,"height":576,"caption":"Coquimbo"},"image":{"@id":"https:\/\/explora.cl\/coquimbo\/#\/schema\/logo\/image\/"}},{"@type":"Person","@id":"https:\/\/explora.cl\/coquimbo\/#\/schema\/person\/cb8349c13ea2d324080adf8480d7ba5d","name":"webman","image":{"@type":"ImageObject","inLanguage":"es-CL","@id":"https:\/\/explora.cl\/coquimbo\/#\/schema\/person\/image\/","url":"https:\/\/secure.gravatar.com\/avatar\/eeff3c82f2c02f7177d13663b7e6f890e9a6a0647ce9bb29cae02dcb094c7312?s=96&d=mm&r=g","contentUrl":"https:\/\/secure.gravatar.com\/avatar\/eeff3c82f2c02f7177d13663b7e6f890e9a6a0647ce9bb29cae02dcb094c7312?s=96&d=mm&r=g","caption":"webman"},"url":"https:\/\/explora.cl\/coquimbo\/author\/webman\/"}]}},"_links":{"self":[{"href":"https:\/\/explora.cl\/coquimbo\/wp-json\/wp\/v2\/posts\/38180","targetHints":{"allow":["GET"]}}],"collection":[{"href":"https:\/\/explora.cl\/coquimbo\/wp-json\/wp\/v2\/posts"}],"about":[{"href":"https:\/\/explora.cl\/coquimbo\/wp-json\/wp\/v2\/types\/post"}],"author":[{"embeddable":true,"href":"https:\/\/explora.cl\/coquimbo\/wp-json\/wp\/v2\/users\/2"}],"replies":[{"embeddable":true,"href":"https:\/\/explora.cl\/coquimbo\/wp-json\/wp\/v2\/comments?post=38180"}],"version-history":[{"count":1,"href":"https:\/\/explora.cl\/coquimbo\/wp-json\/wp\/v2\/posts\/38180\/revisions"}],"predecessor-version":[{"id":38997,"href":"https:\/\/explora.cl\/coquimbo\/wp-json\/wp\/v2\/posts\/38180\/revisions\/38997"}],"wp:featuredmedia":[{"embeddable":true,"href":"https:\/\/explora.cl\/coquimbo\/wp-json\/wp\/v2\/media\/32436"}],"wp:attachment":[{"href":"https:\/\/explora.cl\/coquimbo\/wp-json\/wp\/v2\/media?parent=38180"}],"wp:term":[{"taxonomy":"category","embeddable":true,"href":"https:\/\/explora.cl\/coquimbo\/wp-json\/wp\/v2\/categories?post=38180"},{"taxonomy":"post_tag","embeddable":true,"href":"https:\/\/explora.cl\/coquimbo\/wp-json\/wp\/v2\/tags?post=38180"}],"curies":[{"name":"wp","href":"https:\/\/api.w.org\/{rel}","templated":true}]}}