{"id":38177,"date":"2016-07-29T00:00:00","date_gmt":"2016-07-29T04:00:00","guid":{"rendered":"https:\/\/explora.cl\/coquimbo\/blog\/2016\/07\/29\/educadoras-de-parvulos-de-la-region-se-capacitan-en-el-desarrollo-de-proyectos-de-ciencia-para-pre-escolares\/"},"modified":"2019-05-16T06:33:02","modified_gmt":"2019-05-16T06:33:02","slug":"educadoras-de-parvulos-de-la-region-se-capacitan-en-el-desarrollo-de-proyectos-de-ciencia-para-pre-escolares-2","status":"publish","type":"post","link":"https:\/\/explora.cl\/coquimbo\/educadoras-de-parvulos-de-la-region-se-capacitan-en-el-desarrollo-de-proyectos-de-ciencia-para-pre-escolares-2\/","title":{"rendered":"Educadoras de p\u00e1rvulos de la regi\u00f3n se capacitan en el desarrollo de proyectos de ciencia para preescolares"},"content":{"rendered":"<p style=\"margin-bottom: 0cm;text-align: center\"><i>Estudiantes y profesionales del \u00e1rea, participaron de un taller de inducci\u00f3n en el marco del VII Congreso de Ciencia y Tecnolog\u00eda para p\u00e1rvulos, que se desarrollar\u00e1 en el mes de noviembre.<\/i><\/p>\n<hr \/>\n<p style=\"margin-bottom: 0cm;text-align: center\">\u00a0<\/p>\n<p style=\"margin-bottom: 0cm\">\u00a0<\/p>\n<p style=\"margin-bottom: 0cm\" align=\"JUSTIFY\">Con un taller de biomim\u00e9tica y una capacitaci\u00f3n en el desarrollo de iniciativas cient\u00edficas para pre escolares, se realiz\u00f3 un curso de inducci\u00f3n para estudiantes y profesionales, en el marco del VII Congreso de Ciencia y Tecnolog\u00eda para P\u00e1rvulos, que organiza el PAR Explora Coquimbo de la Universidad Cat\u00f3lica del Norte y la Universidad de La Serena.<\/p>\n<p style=\"margin-bottom: 0cm\" align=\"JUSTIFY\">\u00a0<\/p>\n<p style=\"margin-bottom: 0cm\" align=\"JUSTIFY\">La actividad se realiz\u00f3 en la casa de estudios serenense y cont\u00f3 con la participaci\u00f3n de m\u00e1s de 30 estudiantes y educadoras de p\u00e1rvulo de la zona, quienes tienen el anhelo de participar junto a sus peque\u00f1os estudiantes en el desarrollo de proyectos de ciencia y tecnolog\u00eda.<\/p>\n<p style=\"margin-bottom: 0cm\" align=\"JUSTIFY\">\u00a0<\/p>\n<p style=\"margin-bottom: 0cm\" align=\"JUSTIFY\">La jornada comenz\u00f3 con un taller de biomim\u00e9tica, que busc\u00f3 inculcarle a los asistentes c\u00f3mo se puede desarrollar ciencia mediante la inspiraci\u00f3n de la naturaleza y que esta puede ser entretenida y did\u00e1ctica para los p\u00e1rvulos.<img fetchpriority=\"high\" decoding=\"async\" class=\" alignright size-full wp-image-19409\" style=\"float: right\" src=\"http:\/\/ec2-54-245-22-188.us-west-2.compute.amazonaws.com\/wp-content\/uploads\/2016\/07\/IMG_6304.JPG\" alt=\"\" width=\"445\" height=\"334\" \/><\/p>\n<p style=\"margin-bottom: 0cm\" align=\"JUSTIFY\">\u00a0<\/p>\n<p style=\"margin-bottom: 0cm\" align=\"JUSTIFY\">Las profesionales desarrollaron din\u00e1micas vinculadas a la construcci\u00f3n de parasemillas y c\u00f3mo pod\u00edan desarrollar uno en el aula junto a sus alumnos y alumnas. Posteriormente fueron capacitadas en estrategias vinculadas al Congreso de P\u00e1rvulos y en c\u00f3mo desarrollar este trabajo con los estudiantes.<\/p>\n<p style=\"margin-bottom: 0cm\" align=\"JUSTIFY\">\u00a0<\/p>\n<p style=\"margin-bottom: 0cm\" align=\"JUSTIFY\">Rossana Godoy, acad\u00e9mica de Pedagog\u00eda en Educaci\u00f3n Parvularia de la Universidad de La Serena y adem\u00e1s parte de la organizaci\u00f3n del evento, resalt\u00f3 que \u201cel congreso para p\u00e1rvulos, m\u00e1s all\u00e1 de favorecer habilidades de investigaci\u00f3n cient\u00edfica, tambi\u00e9n tiene que ver para que desde muy peque\u00f1os, puedan ser capaces de tener un pensamiento reflexivo cr\u00edtico, tener una curiosidad, asombrarse ante el mundo, explicarse el mundo y encontrar el sentido a lo que les rodea\u201d.<\/p>\n<p style=\"margin-bottom: 0cm\" align=\"JUSTIFY\">\u00a0<\/p>\n<p align=\"JUSTIFY\">El objetivo principal del Congreso que se desarrollar\u00e1 el pr\u00f3ximo 10 Noviembre, es promover la difusi\u00f3n y el intercambio de experiencias, entre P\u00e1rvulos y Educadoras de p\u00e1rvulos de la regi\u00f3n de Coquimbo. Para esto se pretenden contribuir al desarrollo de actitudes y habilidades necesarias para la iniciaci\u00f3n de la Ciencia y Tecnolog\u00eda, en ni\u00f1as y ni\u00f1os de Educaci\u00f3n Parvularia y favorecer la propensi\u00f3n del aprendizaje, as\u00ed como la expresi\u00f3n de su propia singularidad.<\/p>\n<p align=\"JUSTIFY\">\n<p align=\"JUSTIFY\">Por lo mismo, la encargada de Valoraci\u00f3n del PAR Explora Coquimbo, Jessica Vargas, hizo una invitaci\u00f3n para que las instituciones educativas se puedan sumar a este evento \u201cinvitamos a todas las educadoras que trabajen con p\u00e1rvulos desde los 3 a 5 a\u00f1os, a participar en el Congreso. Esta actividad servir\u00e1 para que ni\u00f1as y ni\u00f1os compartan con sus pares sus experiencias de aprendizaje, a trav\u00e9s de diferentes recursos pedag\u00f3gicos, adem\u00e1s de conocer los avances en sus primeros pasos hacia la investigaci\u00f3n cient\u00edfica escolar\u201d.<\/p>\n<p align=\"JUSTIFY\">\u00a0<\/p>\n<p align=\"JUSTIFY\">Para leer las bases de este congreso, puedes acceder <span style=\"color: #000080\"><span lang=\"zxx\"><u><a href=\"coquimbo\">explora.cl\/coquimbo<\/a><\/u><\/span><\/span> y encontrar la informaci\u00f3n el sitio web.<\/p>\n<p align=\"JUSTIFY\"><img decoding=\"async\" class=\" size-full wp-image-19410\" src=\"http:\/\/ec2-54-245-22-188.us-west-2.compute.amazonaws.com\/wp-content\/uploads\/2016\/07\/IMG_6365.JPG\" alt=\"\" width=\"923\" height=\"677\" \/><\/p>\n<p>\u00a0<\/p>\n<p style=\"margin-bottom: 0cm\">\u00a0<\/p>\n","protected":false},"excerpt":{"rendered":"<p>Estudiantes y profesionales del \u00e1rea, participaron de un taller de inducci\u00f3n en el marco del VII Congreso de Ciencia y Tecnolog\u00eda para p\u00e1rvulos, que se desarrollar\u00e1 en el mes de noviembre. \u00a0 \u00a0 Con un taller de biomim\u00e9tica y una capacitaci\u00f3n en el desarrollo de iniciativas cient\u00edficas para pre escolares, se realiz\u00f3 un curso de [&hellip;]<\/p>\n","protected":false},"author":2,"featured_media":32400,"comment_status":"open","ping_status":"open","sticky":false,"template":"","format":"standard","meta":{"_acf_changed":false,"_exactmetrics_skip_tracking":false,"_exactmetrics_sitenote_active":false,"_exactmetrics_sitenote_note":"","_exactmetrics_sitenote_category":0,"footnotes":"","_links_to":"","_links_to_target":""},"categories":[4],"tags":[],"class_list":["post-38177","post","type-post","status-publish","format-standard","has-post-thumbnail","hentry","category-noticias"],"acf":[],"yoast_head":"<!-- This site is optimized with the Yoast SEO plugin v26.9 - https:\/\/yoast.com\/product\/yoast-seo-wordpress\/ -->\n<title>Educadoras de p\u00e1rvulos de la regi\u00f3n se capacitan en el desarrollo de proyectos de ciencia para preescolares - Coquimbo<\/title>\n<meta name=\"robots\" content=\"index, follow, max-snippet:-1, max-image-preview:large, max-video-preview:-1\" \/>\n<link rel=\"canonical\" href=\"https:\/\/explora.cl\/coquimbo\/educadoras-de-parvulos-de-la-region-se-capacitan-en-el-desarrollo-de-proyectos-de-ciencia-para-pre-escolares-2\/\" class=\"yoast-seo-meta-tag\" \/>\n<meta property=\"og:locale\" content=\"es_ES\" class=\"yoast-seo-meta-tag\" \/>\n<meta property=\"og:type\" content=\"article\" class=\"yoast-seo-meta-tag\" \/>\n<meta property=\"og:title\" content=\"Educadoras de p\u00e1rvulos de la regi\u00f3n se capacitan en el desarrollo de proyectos de ciencia para preescolares - Coquimbo\" class=\"yoast-seo-meta-tag\" \/>\n<meta property=\"og:description\" content=\"Estudiantes y profesionales del \u00e1rea, participaron de un taller de inducci\u00f3n en el marco del VII Congreso de Ciencia y Tecnolog\u00eda para p\u00e1rvulos, que se desarrollar\u00e1 en el mes de noviembre. \u00a0 \u00a0 Con un taller de biomim\u00e9tica y una capacitaci\u00f3n en el desarrollo de iniciativas cient\u00edficas para pre escolares, se realiz\u00f3 un curso de [&hellip;]\" class=\"yoast-seo-meta-tag\" \/>\n<meta property=\"og:url\" content=\"https:\/\/explora.cl\/coquimbo\/educadoras-de-parvulos-de-la-region-se-capacitan-en-el-desarrollo-de-proyectos-de-ciencia-para-pre-escolares-2\/\" class=\"yoast-seo-meta-tag\" \/>\n<meta property=\"og:site_name\" content=\"Coquimbo\" class=\"yoast-seo-meta-tag\" \/>\n<meta property=\"article:published_time\" content=\"2016-07-29T04:00:00+00:00\" class=\"yoast-seo-meta-tag\" \/>\n<meta property=\"article:modified_time\" content=\"2019-05-16T06:33:02+00:00\" class=\"yoast-seo-meta-tag\" \/>\n<meta property=\"og:image\" content=\"https:\/\/explora.cl\/coquimbo\/wp-content\/uploads\/sites\/6\/2018\/06\/Portada-Parvulo.jpg\" class=\"yoast-seo-meta-tag\" \/>\n\t<meta property=\"og:image:width\" content=\"220\" class=\"yoast-seo-meta-tag\" \/>\n\t<meta property=\"og:image:height\" content=\"110\" class=\"yoast-seo-meta-tag\" \/>\n\t<meta property=\"og:image:type\" content=\"image\/jpeg\" class=\"yoast-seo-meta-tag\" \/>\n<meta name=\"author\" content=\"webman\" class=\"yoast-seo-meta-tag\" \/>\n<meta name=\"twitter:card\" content=\"summary_large_image\" class=\"yoast-seo-meta-tag\" \/>\n<meta name=\"twitter:label1\" content=\"Escrito por\" class=\"yoast-seo-meta-tag\" \/>\n\t<meta name=\"twitter:data1\" content=\"webman\" class=\"yoast-seo-meta-tag\" \/>\n\t<meta name=\"twitter:label2\" content=\"Tiempo estimado de lectura\" class=\"yoast-seo-meta-tag\" \/>\n\t<meta name=\"twitter:data2\" content=\"3 minutos\" class=\"yoast-seo-meta-tag\" \/>\n<script type=\"application\/ld+json\" class=\"yoast-schema-graph\">{\"@context\":\"https:\/\/schema.org\",\"@graph\":[{\"@type\":\"Article\",\"@id\":\"https:\/\/explora.cl\/coquimbo\/educadoras-de-parvulos-de-la-region-se-capacitan-en-el-desarrollo-de-proyectos-de-ciencia-para-pre-escolares-2\/#article\",\"isPartOf\":{\"@id\":\"https:\/\/explora.cl\/coquimbo\/educadoras-de-parvulos-de-la-region-se-capacitan-en-el-desarrollo-de-proyectos-de-ciencia-para-pre-escolares-2\/\"},\"author\":{\"name\":\"webman\",\"@id\":\"https:\/\/explora.cl\/coquimbo\/#\/schema\/person\/cb8349c13ea2d324080adf8480d7ba5d\"},\"headline\":\"Educadoras de p\u00e1rvulos de la regi\u00f3n se capacitan en el desarrollo de proyectos de ciencia para preescolares\",\"datePublished\":\"2016-07-29T04:00:00+00:00\",\"dateModified\":\"2019-05-16T06:33:02+00:00\",\"mainEntityOfPage\":{\"@id\":\"https:\/\/explora.cl\/coquimbo\/educadoras-de-parvulos-de-la-region-se-capacitan-en-el-desarrollo-de-proyectos-de-ciencia-para-pre-escolares-2\/\"},\"wordCount\":539,\"commentCount\":0,\"publisher\":{\"@id\":\"https:\/\/explora.cl\/coquimbo\/#organization\"},\"image\":{\"@id\":\"https:\/\/explora.cl\/coquimbo\/educadoras-de-parvulos-de-la-region-se-capacitan-en-el-desarrollo-de-proyectos-de-ciencia-para-pre-escolares-2\/#primaryimage\"},\"thumbnailUrl\":\"https:\/\/explora.cl\/coquimbo\/wp-content\/uploads\/sites\/6\/2018\/06\/Portada-Parvulo.jpg\",\"articleSection\":[\"Noticias\"],\"inLanguage\":\"es-CL\",\"potentialAction\":[{\"@type\":\"CommentAction\",\"name\":\"Comment\",\"target\":[\"https:\/\/explora.cl\/coquimbo\/educadoras-de-parvulos-de-la-region-se-capacitan-en-el-desarrollo-de-proyectos-de-ciencia-para-pre-escolares-2\/#respond\"]}]},{\"@type\":\"WebPage\",\"@id\":\"https:\/\/explora.cl\/coquimbo\/educadoras-de-parvulos-de-la-region-se-capacitan-en-el-desarrollo-de-proyectos-de-ciencia-para-pre-escolares-2\/\",\"url\":\"https:\/\/explora.cl\/coquimbo\/educadoras-de-parvulos-de-la-region-se-capacitan-en-el-desarrollo-de-proyectos-de-ciencia-para-pre-escolares-2\/\",\"name\":\"Educadoras de p\u00e1rvulos de la regi\u00f3n se capacitan en el desarrollo de proyectos de ciencia para preescolares - Coquimbo\",\"isPartOf\":{\"@id\":\"https:\/\/explora.cl\/coquimbo\/#website\"},\"primaryImageOfPage\":{\"@id\":\"https:\/\/explora.cl\/coquimbo\/educadoras-de-parvulos-de-la-region-se-capacitan-en-el-desarrollo-de-proyectos-de-ciencia-para-pre-escolares-2\/#primaryimage\"},\"image\":{\"@id\":\"https:\/\/explora.cl\/coquimbo\/educadoras-de-parvulos-de-la-region-se-capacitan-en-el-desarrollo-de-proyectos-de-ciencia-para-pre-escolares-2\/#primaryimage\"},\"thumbnailUrl\":\"https:\/\/explora.cl\/coquimbo\/wp-content\/uploads\/sites\/6\/2018\/06\/Portada-Parvulo.jpg\",\"datePublished\":\"2016-07-29T04:00:00+00:00\",\"dateModified\":\"2019-05-16T06:33:02+00:00\",\"breadcrumb\":{\"@id\":\"https:\/\/explora.cl\/coquimbo\/educadoras-de-parvulos-de-la-region-se-capacitan-en-el-desarrollo-de-proyectos-de-ciencia-para-pre-escolares-2\/#breadcrumb\"},\"inLanguage\":\"es-CL\",\"potentialAction\":[{\"@type\":\"ReadAction\",\"target\":[\"https:\/\/explora.cl\/coquimbo\/educadoras-de-parvulos-de-la-region-se-capacitan-en-el-desarrollo-de-proyectos-de-ciencia-para-pre-escolares-2\/\"]}]},{\"@type\":\"ImageObject\",\"inLanguage\":\"es-CL\",\"@id\":\"https:\/\/explora.cl\/coquimbo\/educadoras-de-parvulos-de-la-region-se-capacitan-en-el-desarrollo-de-proyectos-de-ciencia-para-pre-escolares-2\/#primaryimage\",\"url\":\"https:\/\/explora.cl\/coquimbo\/wp-content\/uploads\/sites\/6\/2018\/06\/Portada-Parvulo.jpg\",\"contentUrl\":\"https:\/\/explora.cl\/coquimbo\/wp-content\/uploads\/sites\/6\/2018\/06\/Portada-Parvulo.jpg\",\"width\":220,\"height\":110},{\"@type\":\"BreadcrumbList\",\"@id\":\"https:\/\/explora.cl\/coquimbo\/educadoras-de-parvulos-de-la-region-se-capacitan-en-el-desarrollo-de-proyectos-de-ciencia-para-pre-escolares-2\/#breadcrumb\",\"itemListElement\":[{\"@type\":\"ListItem\",\"position\":1,\"name\":\"Portada\",\"item\":\"https:\/\/explora.cl\/coquimbo\/\"},{\"@type\":\"ListItem\",\"position\":2,\"name\":\"Educadoras de p\u00e1rvulos de la regi\u00f3n se capacitan en el desarrollo de proyectos de ciencia para preescolares\"}]},{\"@type\":\"WebSite\",\"@id\":\"https:\/\/explora.cl\/coquimbo\/#website\",\"url\":\"https:\/\/explora.cl\/coquimbo\/\",\"name\":\"Coquimbo\",\"description\":\"Otro sitio m\u00e1s de explora.cl\",\"publisher\":{\"@id\":\"https:\/\/explora.cl\/coquimbo\/#organization\"},\"potentialAction\":[{\"@type\":\"SearchAction\",\"target\":{\"@type\":\"EntryPoint\",\"urlTemplate\":\"https:\/\/explora.cl\/coquimbo\/?s={search_term_string}\"},\"query-input\":{\"@type\":\"PropertyValueSpecification\",\"valueRequired\":true,\"valueName\":\"search_term_string\"}}],\"inLanguage\":\"es-CL\"},{\"@type\":\"Organization\",\"@id\":\"https:\/\/explora.cl\/coquimbo\/#organization\",\"name\":\"Coquimbo\",\"url\":\"https:\/\/explora.cl\/coquimbo\/\",\"logo\":{\"@type\":\"ImageObject\",\"inLanguage\":\"es-CL\",\"@id\":\"https:\/\/explora.cl\/coquimbo\/#\/schema\/logo\/image\/\",\"url\":\"https:\/\/explora.cl\/coquimbo\/wp-content\/uploads\/sites\/6\/2020\/08\/cropped-Mesa-de-trabajo-1-100.jpg\",\"contentUrl\":\"https:\/\/explora.cl\/coquimbo\/wp-content\/uploads\/sites\/6\/2020\/08\/cropped-Mesa-de-trabajo-1-100.jpg\",\"width\":615,\"height\":576,\"caption\":\"Coquimbo\"},\"image\":{\"@id\":\"https:\/\/explora.cl\/coquimbo\/#\/schema\/logo\/image\/\"}},{\"@type\":\"Person\",\"@id\":\"https:\/\/explora.cl\/coquimbo\/#\/schema\/person\/cb8349c13ea2d324080adf8480d7ba5d\",\"name\":\"webman\",\"image\":{\"@type\":\"ImageObject\",\"inLanguage\":\"es-CL\",\"@id\":\"https:\/\/explora.cl\/coquimbo\/#\/schema\/person\/image\/\",\"url\":\"https:\/\/secure.gravatar.com\/avatar\/eeff3c82f2c02f7177d13663b7e6f890e9a6a0647ce9bb29cae02dcb094c7312?s=96&d=mm&r=g\",\"contentUrl\":\"https:\/\/secure.gravatar.com\/avatar\/eeff3c82f2c02f7177d13663b7e6f890e9a6a0647ce9bb29cae02dcb094c7312?s=96&d=mm&r=g\",\"caption\":\"webman\"},\"url\":\"https:\/\/explora.cl\/coquimbo\/author\/webman\/\"}]}<\/script>\n<!-- \/ Yoast SEO plugin. -->","yoast_head_json":{"title":"Educadoras de p\u00e1rvulos de la regi\u00f3n se capacitan en el desarrollo de proyectos de ciencia para preescolares - Coquimbo","robots":{"index":"index","follow":"follow","max-snippet":"max-snippet:-1","max-image-preview":"max-image-preview:large","max-video-preview":"max-video-preview:-1"},"canonical":"https:\/\/explora.cl\/coquimbo\/educadoras-de-parvulos-de-la-region-se-capacitan-en-el-desarrollo-de-proyectos-de-ciencia-para-pre-escolares-2\/","og_locale":"es_ES","og_type":"article","og_title":"Educadoras de p\u00e1rvulos de la regi\u00f3n se capacitan en el desarrollo de proyectos de ciencia para preescolares - Coquimbo","og_description":"Estudiantes y profesionales del \u00e1rea, participaron de un taller de inducci\u00f3n en el marco del VII Congreso de Ciencia y Tecnolog\u00eda para p\u00e1rvulos, que se desarrollar\u00e1 en el mes de noviembre. \u00a0 \u00a0 Con un taller de biomim\u00e9tica y una capacitaci\u00f3n en el desarrollo de iniciativas cient\u00edficas para pre escolares, se realiz\u00f3 un curso de [&hellip;]","og_url":"https:\/\/explora.cl\/coquimbo\/educadoras-de-parvulos-de-la-region-se-capacitan-en-el-desarrollo-de-proyectos-de-ciencia-para-pre-escolares-2\/","og_site_name":"Coquimbo","article_published_time":"2016-07-29T04:00:00+00:00","article_modified_time":"2019-05-16T06:33:02+00:00","og_image":[{"width":220,"height":110,"url":"https:\/\/explora.cl\/coquimbo\/wp-content\/uploads\/sites\/6\/2018\/06\/Portada-Parvulo.jpg","type":"image\/jpeg"}],"author":"webman","twitter_card":"summary_large_image","twitter_misc":{"Escrito por":"webman","Tiempo estimado de lectura":"3 minutos"},"schema":{"@context":"https:\/\/schema.org","@graph":[{"@type":"Article","@id":"https:\/\/explora.cl\/coquimbo\/educadoras-de-parvulos-de-la-region-se-capacitan-en-el-desarrollo-de-proyectos-de-ciencia-para-pre-escolares-2\/#article","isPartOf":{"@id":"https:\/\/explora.cl\/coquimbo\/educadoras-de-parvulos-de-la-region-se-capacitan-en-el-desarrollo-de-proyectos-de-ciencia-para-pre-escolares-2\/"},"author":{"name":"webman","@id":"https:\/\/explora.cl\/coquimbo\/#\/schema\/person\/cb8349c13ea2d324080adf8480d7ba5d"},"headline":"Educadoras de p\u00e1rvulos de la regi\u00f3n se capacitan en el desarrollo de proyectos de ciencia para preescolares","datePublished":"2016-07-29T04:00:00+00:00","dateModified":"2019-05-16T06:33:02+00:00","mainEntityOfPage":{"@id":"https:\/\/explora.cl\/coquimbo\/educadoras-de-parvulos-de-la-region-se-capacitan-en-el-desarrollo-de-proyectos-de-ciencia-para-pre-escolares-2\/"},"wordCount":539,"commentCount":0,"publisher":{"@id":"https:\/\/explora.cl\/coquimbo\/#organization"},"image":{"@id":"https:\/\/explora.cl\/coquimbo\/educadoras-de-parvulos-de-la-region-se-capacitan-en-el-desarrollo-de-proyectos-de-ciencia-para-pre-escolares-2\/#primaryimage"},"thumbnailUrl":"https:\/\/explora.cl\/coquimbo\/wp-content\/uploads\/sites\/6\/2018\/06\/Portada-Parvulo.jpg","articleSection":["Noticias"],"inLanguage":"es-CL","potentialAction":[{"@type":"CommentAction","name":"Comment","target":["https:\/\/explora.cl\/coquimbo\/educadoras-de-parvulos-de-la-region-se-capacitan-en-el-desarrollo-de-proyectos-de-ciencia-para-pre-escolares-2\/#respond"]}]},{"@type":"WebPage","@id":"https:\/\/explora.cl\/coquimbo\/educadoras-de-parvulos-de-la-region-se-capacitan-en-el-desarrollo-de-proyectos-de-ciencia-para-pre-escolares-2\/","url":"https:\/\/explora.cl\/coquimbo\/educadoras-de-parvulos-de-la-region-se-capacitan-en-el-desarrollo-de-proyectos-de-ciencia-para-pre-escolares-2\/","name":"Educadoras de p\u00e1rvulos de la regi\u00f3n se capacitan en el desarrollo de proyectos de ciencia para preescolares - Coquimbo","isPartOf":{"@id":"https:\/\/explora.cl\/coquimbo\/#website"},"primaryImageOfPage":{"@id":"https:\/\/explora.cl\/coquimbo\/educadoras-de-parvulos-de-la-region-se-capacitan-en-el-desarrollo-de-proyectos-de-ciencia-para-pre-escolares-2\/#primaryimage"},"image":{"@id":"https:\/\/explora.cl\/coquimbo\/educadoras-de-parvulos-de-la-region-se-capacitan-en-el-desarrollo-de-proyectos-de-ciencia-para-pre-escolares-2\/#primaryimage"},"thumbnailUrl":"https:\/\/explora.cl\/coquimbo\/wp-content\/uploads\/sites\/6\/2018\/06\/Portada-Parvulo.jpg","datePublished":"2016-07-29T04:00:00+00:00","dateModified":"2019-05-16T06:33:02+00:00","breadcrumb":{"@id":"https:\/\/explora.cl\/coquimbo\/educadoras-de-parvulos-de-la-region-se-capacitan-en-el-desarrollo-de-proyectos-de-ciencia-para-pre-escolares-2\/#breadcrumb"},"inLanguage":"es-CL","potentialAction":[{"@type":"ReadAction","target":["https:\/\/explora.cl\/coquimbo\/educadoras-de-parvulos-de-la-region-se-capacitan-en-el-desarrollo-de-proyectos-de-ciencia-para-pre-escolares-2\/"]}]},{"@type":"ImageObject","inLanguage":"es-CL","@id":"https:\/\/explora.cl\/coquimbo\/educadoras-de-parvulos-de-la-region-se-capacitan-en-el-desarrollo-de-proyectos-de-ciencia-para-pre-escolares-2\/#primaryimage","url":"https:\/\/explora.cl\/coquimbo\/wp-content\/uploads\/sites\/6\/2018\/06\/Portada-Parvulo.jpg","contentUrl":"https:\/\/explora.cl\/coquimbo\/wp-content\/uploads\/sites\/6\/2018\/06\/Portada-Parvulo.jpg","width":220,"height":110},{"@type":"BreadcrumbList","@id":"https:\/\/explora.cl\/coquimbo\/educadoras-de-parvulos-de-la-region-se-capacitan-en-el-desarrollo-de-proyectos-de-ciencia-para-pre-escolares-2\/#breadcrumb","itemListElement":[{"@type":"ListItem","position":1,"name":"Portada","item":"https:\/\/explora.cl\/coquimbo\/"},{"@type":"ListItem","position":2,"name":"Educadoras de p\u00e1rvulos de la regi\u00f3n se capacitan en el desarrollo de proyectos de ciencia para preescolares"}]},{"@type":"WebSite","@id":"https:\/\/explora.cl\/coquimbo\/#website","url":"https:\/\/explora.cl\/coquimbo\/","name":"Coquimbo","description":"Otro sitio m\u00e1s de explora.cl","publisher":{"@id":"https:\/\/explora.cl\/coquimbo\/#organization"},"potentialAction":[{"@type":"SearchAction","target":{"@type":"EntryPoint","urlTemplate":"https:\/\/explora.cl\/coquimbo\/?s={search_term_string}"},"query-input":{"@type":"PropertyValueSpecification","valueRequired":true,"valueName":"search_term_string"}}],"inLanguage":"es-CL"},{"@type":"Organization","@id":"https:\/\/explora.cl\/coquimbo\/#organization","name":"Coquimbo","url":"https:\/\/explora.cl\/coquimbo\/","logo":{"@type":"ImageObject","inLanguage":"es-CL","@id":"https:\/\/explora.cl\/coquimbo\/#\/schema\/logo\/image\/","url":"https:\/\/explora.cl\/coquimbo\/wp-content\/uploads\/sites\/6\/2020\/08\/cropped-Mesa-de-trabajo-1-100.jpg","contentUrl":"https:\/\/explora.cl\/coquimbo\/wp-content\/uploads\/sites\/6\/2020\/08\/cropped-Mesa-de-trabajo-1-100.jpg","width":615,"height":576,"caption":"Coquimbo"},"image":{"@id":"https:\/\/explora.cl\/coquimbo\/#\/schema\/logo\/image\/"}},{"@type":"Person","@id":"https:\/\/explora.cl\/coquimbo\/#\/schema\/person\/cb8349c13ea2d324080adf8480d7ba5d","name":"webman","image":{"@type":"ImageObject","inLanguage":"es-CL","@id":"https:\/\/explora.cl\/coquimbo\/#\/schema\/person\/image\/","url":"https:\/\/secure.gravatar.com\/avatar\/eeff3c82f2c02f7177d13663b7e6f890e9a6a0647ce9bb29cae02dcb094c7312?s=96&d=mm&r=g","contentUrl":"https:\/\/secure.gravatar.com\/avatar\/eeff3c82f2c02f7177d13663b7e6f890e9a6a0647ce9bb29cae02dcb094c7312?s=96&d=mm&r=g","caption":"webman"},"url":"https:\/\/explora.cl\/coquimbo\/author\/webman\/"}]}},"_links":{"self":[{"href":"https:\/\/explora.cl\/coquimbo\/wp-json\/wp\/v2\/posts\/38177","targetHints":{"allow":["GET"]}}],"collection":[{"href":"https:\/\/explora.cl\/coquimbo\/wp-json\/wp\/v2\/posts"}],"about":[{"href":"https:\/\/explora.cl\/coquimbo\/wp-json\/wp\/v2\/types\/post"}],"author":[{"embeddable":true,"href":"https:\/\/explora.cl\/coquimbo\/wp-json\/wp\/v2\/users\/2"}],"replies":[{"embeddable":true,"href":"https:\/\/explora.cl\/coquimbo\/wp-json\/wp\/v2\/comments?post=38177"}],"version-history":[{"count":1,"href":"https:\/\/explora.cl\/coquimbo\/wp-json\/wp\/v2\/posts\/38177\/revisions"}],"predecessor-version":[{"id":39012,"href":"https:\/\/explora.cl\/coquimbo\/wp-json\/wp\/v2\/posts\/38177\/revisions\/39012"}],"wp:featuredmedia":[{"embeddable":true,"href":"https:\/\/explora.cl\/coquimbo\/wp-json\/wp\/v2\/media\/32400"}],"wp:attachment":[{"href":"https:\/\/explora.cl\/coquimbo\/wp-json\/wp\/v2\/media?parent=38177"}],"wp:term":[{"taxonomy":"category","embeddable":true,"href":"https:\/\/explora.cl\/coquimbo\/wp-json\/wp\/v2\/categories?post=38177"},{"taxonomy":"post_tag","embeddable":true,"href":"https:\/\/explora.cl\/coquimbo\/wp-json\/wp\/v2\/tags?post=38177"}],"curies":[{"name":"wp","href":"https:\/\/api.w.org\/{rel}","templated":true}]}}