{"id":38173,"date":"2016-07-25T00:00:00","date_gmt":"2016-07-25T04:00:00","guid":{"rendered":"https:\/\/explora.cl\/coquimbo\/blog\/2016\/07\/25\/ovalle-y-la-serena-celebraron-las-vacaciones-de-invierno-a-pura-ciencia\/"},"modified":"2019-05-16T06:33:07","modified_gmt":"2019-05-16T06:33:07","slug":"ovalle-y-la-serena-celebraron-las-vacaciones-de-invierno-a-pura-ciencia","status":"publish","type":"post","link":"https:\/\/explora.cl\/coquimbo\/ovalle-y-la-serena-celebraron-las-vacaciones-de-invierno-a-pura-ciencia\/","title":{"rendered":"Ovalle y La Serena celebraron las vacaciones de invierno a pura ciencia"},"content":{"rendered":"<p class=\"MsoNormal\" style=\"text-align: center\"><i>Ambas comunas cerraron sus actividades con muestras, exhibiciones, e iniciativas que buscaron unir la cultura con la actividad cient\u00edfica.<\/i><\/p>\n<hr \/>\n<p class=\"MsoNormal\" style=\"text-align: center\">\u00a0<\/p>\n<p class=\"MsoNormal\" style=\"text-align: center\">\u00a0<\/p>\n<p class=\"MsoNormal\" style=\"text-align: justify\">Unas vacaciones de invierno a pura ciencia vivieron los habitantes de las comunas de Ovalle y La Serena este 2016, en el marco de las actividades que organiz\u00f3 el PAR Explora Coquimbo de la Universidad Cat\u00f3lica del Norte, para fomentar la ense\u00f1anza de la ciencia de forma entretenida y que una a toda la familia, en torno a exposiciones, muestras y diversas actividades durante las dos \u00faltimas semanas.<\/p>\n<p class=\"MsoNormal\" style=\"text-align: justify\">En la ciudad de La Serena se realizaron dos muestras en el Mall Puerta del Mar, para que los visitantes del centro comercial pudieran conocer el trabajo que realiza el proyecto y pueda aprender jugando y de forma did\u00e1ctica.<\/p>\n<p class=\"MsoNormal\" style=\"text-align: justify\">La muestra de contaminaci\u00f3n marina, que re\u00fane diversos stands para fomentar el cuidado del oc\u00e9ano y una exhibici\u00f3n de Tecnolog\u00eda Espacial, que busca ense\u00f1ar los avances en esta disciplina, cautivaron a grandes y chicos durante dos semanas.<\/p>\n<p class=\"MsoNormal\" style=\"text-align: justify\">Cientos de personas visitaron las muestras y quedaron encantadas con la posibilidad de conocer un poco m\u00e1s sobre las ciencias y que sea por medio de charlas amenas.<\/p>\n<p class=\"MsoNormal\" style=\"text-align: justify\">En tanto en la capital del Limar\u00ed, el PAR Explora Coquimbo junto a la municipalidad de Ovalle y su Unidad de Gesti\u00f3n Ambiental, realizaron por una semana una exhibici\u00f3n de ciencias y cultura en la Plaza de Armas Local.<\/p>\n<p class=\"MsoNormal\" style=\"text-align: justify\">La muestra de Contaminaci\u00f3n Marina se traslad\u00f3 para la comuna ovallina para el deleite de grandes y chicos, quienes tambi\u00e9n pudieron observar una exhibici\u00f3n de fotograf\u00eda sobre la biodiversidad local, exposiciones del programa Cient\u00edficos de la Basura de la UCN y un concurso de dibujo para los m\u00e1s peque\u00f1os del hogar.<\/p>\n<p class=\"MsoNormal\" style=\"text-align: justify\">La cultura fue parte de esta iniciativa, con la reproducci\u00f3n de documentales cient\u00edficos a cargo de Silvestre Producciones, reproducciones que dan a conocer la inmensidad del mar de Chile y todos sus secretos. Adem\u00e1s, el d\u00eda viernes se finaliz\u00f3 con una tocata a cargo del grupo Surtio Pa Caldillo, quienes mezclaron ritmos que disfrutaron decenas de personas que llegaron hasta la Plaza de Armas local.<\/p>\n<p class=\"MsoNormal\" style=\"text-align: justify\">Las jornadas de Vacaciones de Invierno a Pura Ciencia se vienen desarrollando desde el a\u00f1o 2015 y pretenden ser una alternativa de entretenci\u00f3n, pero tambi\u00e9n de aprendizaje, para los ni\u00f1os, ni\u00f1as y adultos que descansan en este periodo del a\u00f1o.<\/p>\n<p>\u00a0<\/p>\n<p class=\"MsoNormal\">\u00a0<img decoding=\"async\" class=\" size-full wp-image-19276\" src=\"http:\/\/ec2-54-245-22-188.us-west-2.compute.amazonaws.com\/wp-content\/uploads\/2016\/07\/IMG_6245.JPG\" alt=\"\" width=\"800\" \/><\/p>\n<p class=\"MsoNormal\"><img decoding=\"async\" class=\" size-full wp-image-19277\" src=\"http:\/\/ec2-54-245-22-188.us-west-2.compute.amazonaws.com\/wp-content\/uploads\/2016\/07\/IMG_6174.JPG\" alt=\"\" width=\"800\" \/><\/p>\n","protected":false},"excerpt":{"rendered":"<p>Ambas comunas cerraron sus actividades con muestras, exhibiciones, e iniciativas que buscaron unir la cultura con la actividad cient\u00edfica. \u00a0 \u00a0 Unas vacaciones de invierno a pura ciencia vivieron los habitantes de las comunas de Ovalle y La Serena este 2016, en el marco de las actividades que organiz\u00f3 el PAR Explora Coquimbo de la [&hellip;]<\/p>\n","protected":false},"author":2,"featured_media":32377,"comment_status":"open","ping_status":"open","sticky":false,"template":"","format":"standard","meta":{"_acf_changed":false,"_exactmetrics_skip_tracking":false,"_exactmetrics_sitenote_active":false,"_exactmetrics_sitenote_note":"","_exactmetrics_sitenote_category":0,"footnotes":"","_links_to":"","_links_to_target":""},"categories":[4],"tags":[],"class_list":["post-38173","post","type-post","status-publish","format-standard","has-post-thumbnail","hentry","category-noticias"],"acf":[],"yoast_head":"<!-- This site is optimized with the Yoast SEO plugin v26.9 - https:\/\/yoast.com\/product\/yoast-seo-wordpress\/ -->\n<title>Ovalle y La Serena celebraron las vacaciones de invierno a pura ciencia - Coquimbo<\/title>\n<meta name=\"robots\" content=\"index, follow, max-snippet:-1, max-image-preview:large, max-video-preview:-1\" \/>\n<link rel=\"canonical\" href=\"https:\/\/explora.cl\/coquimbo\/ovalle-y-la-serena-celebraron-las-vacaciones-de-invierno-a-pura-ciencia\/\" class=\"yoast-seo-meta-tag\" \/>\n<meta property=\"og:locale\" content=\"es_ES\" class=\"yoast-seo-meta-tag\" \/>\n<meta property=\"og:type\" content=\"article\" class=\"yoast-seo-meta-tag\" \/>\n<meta property=\"og:title\" content=\"Ovalle y La Serena celebraron las vacaciones de invierno a pura ciencia - Coquimbo\" class=\"yoast-seo-meta-tag\" \/>\n<meta property=\"og:description\" content=\"Ambas comunas cerraron sus actividades con muestras, exhibiciones, e iniciativas que buscaron unir la cultura con la actividad cient\u00edfica. \u00a0 \u00a0 Unas vacaciones de invierno a pura ciencia vivieron los habitantes de las comunas de Ovalle y La Serena este 2016, en el marco de las actividades que organiz\u00f3 el PAR Explora Coquimbo de la [&hellip;]\" class=\"yoast-seo-meta-tag\" \/>\n<meta property=\"og:url\" content=\"https:\/\/explora.cl\/coquimbo\/ovalle-y-la-serena-celebraron-las-vacaciones-de-invierno-a-pura-ciencia\/\" class=\"yoast-seo-meta-tag\" \/>\n<meta property=\"og:site_name\" content=\"Coquimbo\" class=\"yoast-seo-meta-tag\" \/>\n<meta property=\"article:published_time\" content=\"2016-07-25T04:00:00+00:00\" class=\"yoast-seo-meta-tag\" \/>\n<meta property=\"article:modified_time\" content=\"2019-05-16T06:33:07+00:00\" class=\"yoast-seo-meta-tag\" \/>\n<meta name=\"author\" content=\"webman\" class=\"yoast-seo-meta-tag\" \/>\n<meta name=\"twitter:card\" content=\"summary_large_image\" class=\"yoast-seo-meta-tag\" \/>\n<meta name=\"twitter:label1\" content=\"Escrito por\" class=\"yoast-seo-meta-tag\" \/>\n\t<meta name=\"twitter:data1\" content=\"webman\" class=\"yoast-seo-meta-tag\" \/>\n\t<meta name=\"twitter:label2\" content=\"Tiempo estimado de lectura\" class=\"yoast-seo-meta-tag\" \/>\n\t<meta name=\"twitter:data2\" content=\"2 minutos\" class=\"yoast-seo-meta-tag\" \/>\n<script type=\"application\/ld+json\" class=\"yoast-schema-graph\">{\"@context\":\"https:\/\/schema.org\",\"@graph\":[{\"@type\":\"Article\",\"@id\":\"https:\/\/explora.cl\/coquimbo\/ovalle-y-la-serena-celebraron-las-vacaciones-de-invierno-a-pura-ciencia\/#article\",\"isPartOf\":{\"@id\":\"https:\/\/explora.cl\/coquimbo\/ovalle-y-la-serena-celebraron-las-vacaciones-de-invierno-a-pura-ciencia\/\"},\"author\":{\"name\":\"webman\",\"@id\":\"https:\/\/explora.cl\/coquimbo\/#\/schema\/person\/cb8349c13ea2d324080adf8480d7ba5d\"},\"headline\":\"Ovalle y La Serena celebraron las vacaciones de invierno a pura ciencia\",\"datePublished\":\"2016-07-25T04:00:00+00:00\",\"dateModified\":\"2019-05-16T06:33:07+00:00\",\"mainEntityOfPage\":{\"@id\":\"https:\/\/explora.cl\/coquimbo\/ovalle-y-la-serena-celebraron-las-vacaciones-de-invierno-a-pura-ciencia\/\"},\"wordCount\":426,\"commentCount\":0,\"publisher\":{\"@id\":\"https:\/\/explora.cl\/coquimbo\/#organization\"},\"image\":{\"@id\":\"https:\/\/explora.cl\/coquimbo\/ovalle-y-la-serena-celebraron-las-vacaciones-de-invierno-a-pura-ciencia\/#primaryimage\"},\"thumbnailUrl\":\"\",\"articleSection\":[\"Noticias\"],\"inLanguage\":\"es-CL\",\"potentialAction\":[{\"@type\":\"CommentAction\",\"name\":\"Comment\",\"target\":[\"https:\/\/explora.cl\/coquimbo\/ovalle-y-la-serena-celebraron-las-vacaciones-de-invierno-a-pura-ciencia\/#respond\"]}]},{\"@type\":\"WebPage\",\"@id\":\"https:\/\/explora.cl\/coquimbo\/ovalle-y-la-serena-celebraron-las-vacaciones-de-invierno-a-pura-ciencia\/\",\"url\":\"https:\/\/explora.cl\/coquimbo\/ovalle-y-la-serena-celebraron-las-vacaciones-de-invierno-a-pura-ciencia\/\",\"name\":\"Ovalle y La Serena celebraron las vacaciones de invierno a pura ciencia - Coquimbo\",\"isPartOf\":{\"@id\":\"https:\/\/explora.cl\/coquimbo\/#website\"},\"primaryImageOfPage\":{\"@id\":\"https:\/\/explora.cl\/coquimbo\/ovalle-y-la-serena-celebraron-las-vacaciones-de-invierno-a-pura-ciencia\/#primaryimage\"},\"image\":{\"@id\":\"https:\/\/explora.cl\/coquimbo\/ovalle-y-la-serena-celebraron-las-vacaciones-de-invierno-a-pura-ciencia\/#primaryimage\"},\"thumbnailUrl\":\"\",\"datePublished\":\"2016-07-25T04:00:00+00:00\",\"dateModified\":\"2019-05-16T06:33:07+00:00\",\"breadcrumb\":{\"@id\":\"https:\/\/explora.cl\/coquimbo\/ovalle-y-la-serena-celebraron-las-vacaciones-de-invierno-a-pura-ciencia\/#breadcrumb\"},\"inLanguage\":\"es-CL\",\"potentialAction\":[{\"@type\":\"ReadAction\",\"target\":[\"https:\/\/explora.cl\/coquimbo\/ovalle-y-la-serena-celebraron-las-vacaciones-de-invierno-a-pura-ciencia\/\"]}]},{\"@type\":\"ImageObject\",\"inLanguage\":\"es-CL\",\"@id\":\"https:\/\/explora.cl\/coquimbo\/ovalle-y-la-serena-celebraron-las-vacaciones-de-invierno-a-pura-ciencia\/#primaryimage\",\"url\":\"\",\"contentUrl\":\"\"},{\"@type\":\"BreadcrumbList\",\"@id\":\"https:\/\/explora.cl\/coquimbo\/ovalle-y-la-serena-celebraron-las-vacaciones-de-invierno-a-pura-ciencia\/#breadcrumb\",\"itemListElement\":[{\"@type\":\"ListItem\",\"position\":1,\"name\":\"Portada\",\"item\":\"https:\/\/explora.cl\/coquimbo\/\"},{\"@type\":\"ListItem\",\"position\":2,\"name\":\"Ovalle y La Serena celebraron las vacaciones de invierno a pura ciencia\"}]},{\"@type\":\"WebSite\",\"@id\":\"https:\/\/explora.cl\/coquimbo\/#website\",\"url\":\"https:\/\/explora.cl\/coquimbo\/\",\"name\":\"Coquimbo\",\"description\":\"Otro sitio m\u00e1s de explora.cl\",\"publisher\":{\"@id\":\"https:\/\/explora.cl\/coquimbo\/#organization\"},\"potentialAction\":[{\"@type\":\"SearchAction\",\"target\":{\"@type\":\"EntryPoint\",\"urlTemplate\":\"https:\/\/explora.cl\/coquimbo\/?s={search_term_string}\"},\"query-input\":{\"@type\":\"PropertyValueSpecification\",\"valueRequired\":true,\"valueName\":\"search_term_string\"}}],\"inLanguage\":\"es-CL\"},{\"@type\":\"Organization\",\"@id\":\"https:\/\/explora.cl\/coquimbo\/#organization\",\"name\":\"Coquimbo\",\"url\":\"https:\/\/explora.cl\/coquimbo\/\",\"logo\":{\"@type\":\"ImageObject\",\"inLanguage\":\"es-CL\",\"@id\":\"https:\/\/explora.cl\/coquimbo\/#\/schema\/logo\/image\/\",\"url\":\"https:\/\/explora.cl\/coquimbo\/wp-content\/uploads\/sites\/6\/2020\/08\/cropped-Mesa-de-trabajo-1-100.jpg\",\"contentUrl\":\"https:\/\/explora.cl\/coquimbo\/wp-content\/uploads\/sites\/6\/2020\/08\/cropped-Mesa-de-trabajo-1-100.jpg\",\"width\":615,\"height\":576,\"caption\":\"Coquimbo\"},\"image\":{\"@id\":\"https:\/\/explora.cl\/coquimbo\/#\/schema\/logo\/image\/\"}},{\"@type\":\"Person\",\"@id\":\"https:\/\/explora.cl\/coquimbo\/#\/schema\/person\/cb8349c13ea2d324080adf8480d7ba5d\",\"name\":\"webman\",\"image\":{\"@type\":\"ImageObject\",\"inLanguage\":\"es-CL\",\"@id\":\"https:\/\/explora.cl\/coquimbo\/#\/schema\/person\/image\/\",\"url\":\"https:\/\/secure.gravatar.com\/avatar\/eeff3c82f2c02f7177d13663b7e6f890e9a6a0647ce9bb29cae02dcb094c7312?s=96&d=mm&r=g\",\"contentUrl\":\"https:\/\/secure.gravatar.com\/avatar\/eeff3c82f2c02f7177d13663b7e6f890e9a6a0647ce9bb29cae02dcb094c7312?s=96&d=mm&r=g\",\"caption\":\"webman\"},\"url\":\"https:\/\/explora.cl\/coquimbo\/author\/webman\/\"}]}<\/script>\n<!-- \/ Yoast SEO plugin. -->","yoast_head_json":{"title":"Ovalle y La Serena celebraron las vacaciones de invierno a pura ciencia - Coquimbo","robots":{"index":"index","follow":"follow","max-snippet":"max-snippet:-1","max-image-preview":"max-image-preview:large","max-video-preview":"max-video-preview:-1"},"canonical":"https:\/\/explora.cl\/coquimbo\/ovalle-y-la-serena-celebraron-las-vacaciones-de-invierno-a-pura-ciencia\/","og_locale":"es_ES","og_type":"article","og_title":"Ovalle y La Serena celebraron las vacaciones de invierno a pura ciencia - Coquimbo","og_description":"Ambas comunas cerraron sus actividades con muestras, exhibiciones, e iniciativas que buscaron unir la cultura con la actividad cient\u00edfica. \u00a0 \u00a0 Unas vacaciones de invierno a pura ciencia vivieron los habitantes de las comunas de Ovalle y La Serena este 2016, en el marco de las actividades que organiz\u00f3 el PAR Explora Coquimbo de la [&hellip;]","og_url":"https:\/\/explora.cl\/coquimbo\/ovalle-y-la-serena-celebraron-las-vacaciones-de-invierno-a-pura-ciencia\/","og_site_name":"Coquimbo","article_published_time":"2016-07-25T04:00:00+00:00","article_modified_time":"2019-05-16T06:33:07+00:00","author":"webman","twitter_card":"summary_large_image","twitter_misc":{"Escrito por":"webman","Tiempo estimado de lectura":"2 minutos"},"schema":{"@context":"https:\/\/schema.org","@graph":[{"@type":"Article","@id":"https:\/\/explora.cl\/coquimbo\/ovalle-y-la-serena-celebraron-las-vacaciones-de-invierno-a-pura-ciencia\/#article","isPartOf":{"@id":"https:\/\/explora.cl\/coquimbo\/ovalle-y-la-serena-celebraron-las-vacaciones-de-invierno-a-pura-ciencia\/"},"author":{"name":"webman","@id":"https:\/\/explora.cl\/coquimbo\/#\/schema\/person\/cb8349c13ea2d324080adf8480d7ba5d"},"headline":"Ovalle y La Serena celebraron las vacaciones de invierno a pura ciencia","datePublished":"2016-07-25T04:00:00+00:00","dateModified":"2019-05-16T06:33:07+00:00","mainEntityOfPage":{"@id":"https:\/\/explora.cl\/coquimbo\/ovalle-y-la-serena-celebraron-las-vacaciones-de-invierno-a-pura-ciencia\/"},"wordCount":426,"commentCount":0,"publisher":{"@id":"https:\/\/explora.cl\/coquimbo\/#organization"},"image":{"@id":"https:\/\/explora.cl\/coquimbo\/ovalle-y-la-serena-celebraron-las-vacaciones-de-invierno-a-pura-ciencia\/#primaryimage"},"thumbnailUrl":"","articleSection":["Noticias"],"inLanguage":"es-CL","potentialAction":[{"@type":"CommentAction","name":"Comment","target":["https:\/\/explora.cl\/coquimbo\/ovalle-y-la-serena-celebraron-las-vacaciones-de-invierno-a-pura-ciencia\/#respond"]}]},{"@type":"WebPage","@id":"https:\/\/explora.cl\/coquimbo\/ovalle-y-la-serena-celebraron-las-vacaciones-de-invierno-a-pura-ciencia\/","url":"https:\/\/explora.cl\/coquimbo\/ovalle-y-la-serena-celebraron-las-vacaciones-de-invierno-a-pura-ciencia\/","name":"Ovalle y La Serena celebraron las vacaciones de invierno a pura ciencia - Coquimbo","isPartOf":{"@id":"https:\/\/explora.cl\/coquimbo\/#website"},"primaryImageOfPage":{"@id":"https:\/\/explora.cl\/coquimbo\/ovalle-y-la-serena-celebraron-las-vacaciones-de-invierno-a-pura-ciencia\/#primaryimage"},"image":{"@id":"https:\/\/explora.cl\/coquimbo\/ovalle-y-la-serena-celebraron-las-vacaciones-de-invierno-a-pura-ciencia\/#primaryimage"},"thumbnailUrl":"","datePublished":"2016-07-25T04:00:00+00:00","dateModified":"2019-05-16T06:33:07+00:00","breadcrumb":{"@id":"https:\/\/explora.cl\/coquimbo\/ovalle-y-la-serena-celebraron-las-vacaciones-de-invierno-a-pura-ciencia\/#breadcrumb"},"inLanguage":"es-CL","potentialAction":[{"@type":"ReadAction","target":["https:\/\/explora.cl\/coquimbo\/ovalle-y-la-serena-celebraron-las-vacaciones-de-invierno-a-pura-ciencia\/"]}]},{"@type":"ImageObject","inLanguage":"es-CL","@id":"https:\/\/explora.cl\/coquimbo\/ovalle-y-la-serena-celebraron-las-vacaciones-de-invierno-a-pura-ciencia\/#primaryimage","url":"","contentUrl":""},{"@type":"BreadcrumbList","@id":"https:\/\/explora.cl\/coquimbo\/ovalle-y-la-serena-celebraron-las-vacaciones-de-invierno-a-pura-ciencia\/#breadcrumb","itemListElement":[{"@type":"ListItem","position":1,"name":"Portada","item":"https:\/\/explora.cl\/coquimbo\/"},{"@type":"ListItem","position":2,"name":"Ovalle y La Serena celebraron las vacaciones de invierno a pura ciencia"}]},{"@type":"WebSite","@id":"https:\/\/explora.cl\/coquimbo\/#website","url":"https:\/\/explora.cl\/coquimbo\/","name":"Coquimbo","description":"Otro sitio m\u00e1s de explora.cl","publisher":{"@id":"https:\/\/explora.cl\/coquimbo\/#organization"},"potentialAction":[{"@type":"SearchAction","target":{"@type":"EntryPoint","urlTemplate":"https:\/\/explora.cl\/coquimbo\/?s={search_term_string}"},"query-input":{"@type":"PropertyValueSpecification","valueRequired":true,"valueName":"search_term_string"}}],"inLanguage":"es-CL"},{"@type":"Organization","@id":"https:\/\/explora.cl\/coquimbo\/#organization","name":"Coquimbo","url":"https:\/\/explora.cl\/coquimbo\/","logo":{"@type":"ImageObject","inLanguage":"es-CL","@id":"https:\/\/explora.cl\/coquimbo\/#\/schema\/logo\/image\/","url":"https:\/\/explora.cl\/coquimbo\/wp-content\/uploads\/sites\/6\/2020\/08\/cropped-Mesa-de-trabajo-1-100.jpg","contentUrl":"https:\/\/explora.cl\/coquimbo\/wp-content\/uploads\/sites\/6\/2020\/08\/cropped-Mesa-de-trabajo-1-100.jpg","width":615,"height":576,"caption":"Coquimbo"},"image":{"@id":"https:\/\/explora.cl\/coquimbo\/#\/schema\/logo\/image\/"}},{"@type":"Person","@id":"https:\/\/explora.cl\/coquimbo\/#\/schema\/person\/cb8349c13ea2d324080adf8480d7ba5d","name":"webman","image":{"@type":"ImageObject","inLanguage":"es-CL","@id":"https:\/\/explora.cl\/coquimbo\/#\/schema\/person\/image\/","url":"https:\/\/secure.gravatar.com\/avatar\/eeff3c82f2c02f7177d13663b7e6f890e9a6a0647ce9bb29cae02dcb094c7312?s=96&d=mm&r=g","contentUrl":"https:\/\/secure.gravatar.com\/avatar\/eeff3c82f2c02f7177d13663b7e6f890e9a6a0647ce9bb29cae02dcb094c7312?s=96&d=mm&r=g","caption":"webman"},"url":"https:\/\/explora.cl\/coquimbo\/author\/webman\/"}]}},"_links":{"self":[{"href":"https:\/\/explora.cl\/coquimbo\/wp-json\/wp\/v2\/posts\/38173","targetHints":{"allow":["GET"]}}],"collection":[{"href":"https:\/\/explora.cl\/coquimbo\/wp-json\/wp\/v2\/posts"}],"about":[{"href":"https:\/\/explora.cl\/coquimbo\/wp-json\/wp\/v2\/types\/post"}],"author":[{"embeddable":true,"href":"https:\/\/explora.cl\/coquimbo\/wp-json\/wp\/v2\/users\/2"}],"replies":[{"embeddable":true,"href":"https:\/\/explora.cl\/coquimbo\/wp-json\/wp\/v2\/comments?post=38173"}],"version-history":[{"count":1,"href":"https:\/\/explora.cl\/coquimbo\/wp-json\/wp\/v2\/posts\/38173\/revisions"}],"predecessor-version":[{"id":39019,"href":"https:\/\/explora.cl\/coquimbo\/wp-json\/wp\/v2\/posts\/38173\/revisions\/39019"}],"wp:featuredmedia":[{"embeddable":true,"href":"https:\/\/explora.cl\/coquimbo\/wp-json\/wp\/v2\/posts\/32377"}],"wp:attachment":[{"href":"https:\/\/explora.cl\/coquimbo\/wp-json\/wp\/v2\/media?parent=38173"}],"wp:term":[{"taxonomy":"category","embeddable":true,"href":"https:\/\/explora.cl\/coquimbo\/wp-json\/wp\/v2\/categories?post=38173"},{"taxonomy":"post_tag","embeddable":true,"href":"https:\/\/explora.cl\/coquimbo\/wp-json\/wp\/v2\/tags?post=38173"}],"curies":[{"name":"wp","href":"https:\/\/api.w.org\/{rel}","templated":true}]}}