{"id":38165,"date":"2016-07-18T00:00:00","date_gmt":"2016-07-18T04:00:00","guid":{"rendered":"https:\/\/explora.cl\/coquimbo\/blog\/2016\/07\/18\/exhibicion-de-documentales-cientificos-y-una-gran-tocata-por-las-ciencias-se-desarrollaran-esta-semana-en-ovalle\/"},"modified":"2019-05-16T06:33:13","modified_gmt":"2019-05-16T06:33:13","slug":"exhibicion-de-documentales-cientificos-y-una-gran-tocata-por-las-ciencias-se-desarrollaran-esta-semana-en-ovalle","status":"publish","type":"post","link":"https:\/\/explora.cl\/coquimbo\/exhibicion-de-documentales-cientificos-y-una-gran-tocata-por-las-ciencias-se-desarrollaran-esta-semana-en-ovalle\/","title":{"rendered":"Exhibici\u00f3n de documentales cient\u00edficos y una gran \u201ctocata por las ciencias\u201d se desarrollar\u00e1n esta semana en Ovalle"},"content":{"rendered":"<p class=\"MsoNormal\" style=\"text-align: center\"><i>Actividad organizada por el municipio local y el PAR Explora Coquimbo, permitir\u00e1 acercar la ciencia y la cultura a la comunidad limarina y despedir de la mejor forma las vacaciones de invierno.<\/i><\/p>\n<hr \/>\n<p class=\"MsoNormal\" style=\"text-align: center\">\u00a0<\/p>\n<p class=\"MsoNormal\">\u00a0<\/p>\n<p class=\"MsoNormal\" style=\"text-align: justify\">Entretenidas y did\u00e1cticas actividades se desarrollar\u00e1n durante esta semana en la ciudad de Ovalle, para poder unir las ciencias con la cultura, realizando exhibiciones de documentales, muestras, charlas cient\u00edficas y una \u201ctocata por las ciencias\u201d.<\/p>\n<p class=\"MsoNormal\" style=\"text-align: justify\">La iniciativa es liderada por la Municipalidad de Ovalle, a trav\u00e9s de su Unidad de Gesti\u00f3n Ambiental y el PAR Explora Coquimbo de la Universidad Cat\u00f3lica del Norte, quienes celebrar\u00e1n las \u201cvacaciones de invierno a pura ciencia\u201d, para as\u00ed relevar la importancia de esta disciplina, con una ense\u00f1anza entretenida y did\u00e1ctica.<\/p>\n<p class=\"MsoNormal\" style=\"text-align: justify\">Para ello se ha dispuesto de un Stand en la Plaza de Armas de la comuna limarina y que estar\u00e1 hasta el pr\u00f3ximo viernes 22 de julio, en el que se podr\u00e1n ver muestras de contaminaci\u00f3n marina y del cuidado de los oc\u00e9anos, con charlas educativas para toda la familia. Sumado a esto, tambi\u00e9n estar\u00e1 en exhibici\u00f3n los acuarios de la Facultad de Ciencias del Mar de la casa de estudios porte\u00f1a.<\/p>\n<p class=\"MsoNormal\" style=\"text-align: justify\">En este stand, los m\u00e1s peque\u00f1os podr\u00e1n participar de un concurso de dibujo que se efectuar\u00e1 durante la semana, sobre tem\u00e1ticas de ciencia y el cuidado del mar.<\/p>\n<p class=\"MsoNormal\" style=\"text-align: justify\">En este lugar tambi\u00e9n se presentar\u00e1n las acciones del programa Cient\u00edficos de la Basura de la UCN, quienes lideran en la regi\u00f3n de Coquimbo el trabajo de protecci\u00f3n ambiental de los mares.<\/p>\n<p class=\"MsoNormal\" style=\"text-align: justify\">El d\u00eda mi\u00e9rcoles, a contar de las 19:30 horas en la sala de Micro Cine del Centro Cultural Municipal, se realizar\u00e1 una exhibici\u00f3n de documentales cient\u00edficos de Silvestre Producciones, sumado a otras reproducciones audiovisuales regionales que dar\u00e1n a conocer las actividades para el desarrollo de la ciencia y el cuidado del medio ambiente local.<\/p>\n<p class=\"MsoNormal\" style=\"text-align: justify\"><img fetchpriority=\"high\" decoding=\"async\" src=\"images\/IMAGENES-COQUIMBO\/Documentales.png\" alt=\"\" width=\"733\" height=\"393\" \/><\/p>\n<p class=\"MsoNormal\" style=\"margin-bottom: 0.0001pt;text-align: justify;line-height: normal;background-image: initial;background-position: initial\">Para Cristofer Flores, de la Unidad de Gesti\u00f3n Ambiental de Ovalle, estas actividades permiten relevar la importancia de la ciencia en la comunidad \u201cpara la Municipalidad de Ovalle es fundamental fomentar las actividades relacionadas con la alfabetizaci\u00f3n cient\u00edfica y la educaci\u00f3n ambiental, en especial aquellas que enfatizan \u00a0temas de inter\u00e9s local y regional. En este contexto las actividades de divulgaci\u00f3n cient\u00edfica, dirigidas a ni\u00f1os y j\u00f3venes que se encuentran en vacaciones de invierno son absolutamente relevantes ya que permiten el acercamiento del conocimiento a la sociedad exhibiendo el car\u00e1cter l\u00fadico de ciencia y en este caso generando conciencia sobre el cuidado del medioambiente\u201d.\u00a0<\/p>\n<p class=\"MsoNormal\" style=\"text-align: justify\">En tanto, el d\u00eda viernes se realizar\u00e1 un concierto al aire libre de la destacada banda local\u00a0 \u201cSurtio pa\u2019 Caldillo\u201d, quienes deleitar\u00e1n a los asistentes con sus mezclas y fusi\u00f3n de diversos estilos musicales y con ello despedir las vacaciones de invierno.<\/p>\n<p class=\"MsoNormal\" style=\"text-align: justify\">\u201cInvitamos a toda comunidad a participar de estas actividades. Creemos que es una oportunidad, en el que el aprendizaje y la entretenci\u00f3n est\u00e1n garantizadas. Sobre todo instamos a los padres a llevar a los ni\u00f1os, que estar\u00e1n de vacaciones de invierno, a la muestra que se montar\u00e1 en la plaza de armas y a los m\u00e1s grandes a asistir adem\u00e1s a la exhibici\u00f3n de documentales regionales en a la sala de micro-cine de la Municipalidad de Ovalle\u201d, manifest\u00f3 el profesional de la Unidad de Gesti\u00f3n Ambiental, Cristian Salgado-Luarte.<\/p>\n<p class=\"MsoNormal\" style=\"text-align: justify\">Para m\u00e1s informaci\u00f3n puedes visitar <a href=\"coquimbo\">explora.cl\/coquimbo<\/a> o dirigirte al stand de informaci\u00f3n que estar\u00e1 ubicado en la Plaza de Armas de Ovalle.<\/p>\n<p class=\"MsoNormal\">\u00a0<\/p>\n<p>\u00a0<\/p>\n<p class=\"MsoNormal\"><span style=\"font-family: Helvetica, sans-serif;color: black;background-image: initial;background-position: initial\">\u00a0<\/span><\/p>\n","protected":false},"excerpt":{"rendered":"<p>Actividad organizada por el municipio local y el PAR Explora Coquimbo, permitir\u00e1 acercar la ciencia y la cultura a la comunidad limarina y despedir de la mejor forma las vacaciones de invierno. \u00a0 \u00a0 Entretenidas y did\u00e1cticas actividades se desarrollar\u00e1n durante esta semana en la ciudad de Ovalle, para poder unir las ciencias con la [&hellip;]<\/p>\n","protected":false},"author":2,"featured_media":33992,"comment_status":"open","ping_status":"open","sticky":false,"template":"","format":"standard","meta":{"_acf_changed":false,"_exactmetrics_skip_tracking":false,"_exactmetrics_sitenote_active":false,"_exactmetrics_sitenote_note":"","_exactmetrics_sitenote_category":0,"footnotes":"","_links_to":"","_links_to_target":""},"categories":[4],"tags":[],"class_list":["post-38165","post","type-post","status-publish","format-standard","has-post-thumbnail","hentry","category-noticias"],"acf":[],"yoast_head":"<!-- This site is optimized with the Yoast SEO plugin v26.9 - https:\/\/yoast.com\/product\/yoast-seo-wordpress\/ -->\n<title>Exhibici\u00f3n de documentales cient\u00edficos y una gran \u201ctocata por las ciencias\u201d se desarrollar\u00e1n esta semana en Ovalle - Coquimbo<\/title>\n<meta name=\"robots\" content=\"index, follow, max-snippet:-1, max-image-preview:large, max-video-preview:-1\" \/>\n<link rel=\"canonical\" href=\"https:\/\/explora.cl\/coquimbo\/exhibicion-de-documentales-cientificos-y-una-gran-tocata-por-las-ciencias-se-desarrollaran-esta-semana-en-ovalle\/\" class=\"yoast-seo-meta-tag\" \/>\n<meta property=\"og:locale\" content=\"es_ES\" class=\"yoast-seo-meta-tag\" \/>\n<meta property=\"og:type\" content=\"article\" class=\"yoast-seo-meta-tag\" \/>\n<meta property=\"og:title\" content=\"Exhibici\u00f3n de documentales cient\u00edficos y una gran \u201ctocata por las ciencias\u201d se desarrollar\u00e1n esta semana en Ovalle - Coquimbo\" class=\"yoast-seo-meta-tag\" \/>\n<meta property=\"og:description\" content=\"Actividad organizada por el municipio local y el PAR Explora Coquimbo, permitir\u00e1 acercar la ciencia y la cultura a la comunidad limarina y despedir de la mejor forma las vacaciones de invierno. \u00a0 \u00a0 Entretenidas y did\u00e1cticas actividades se desarrollar\u00e1n durante esta semana en la ciudad de Ovalle, para poder unir las ciencias con la [&hellip;]\" class=\"yoast-seo-meta-tag\" \/>\n<meta property=\"og:url\" content=\"https:\/\/explora.cl\/coquimbo\/exhibicion-de-documentales-cientificos-y-una-gran-tocata-por-las-ciencias-se-desarrollaran-esta-semana-en-ovalle\/\" class=\"yoast-seo-meta-tag\" \/>\n<meta property=\"og:site_name\" content=\"Coquimbo\" class=\"yoast-seo-meta-tag\" \/>\n<meta property=\"article:published_time\" content=\"2016-07-18T04:00:00+00:00\" class=\"yoast-seo-meta-tag\" \/>\n<meta property=\"article:modified_time\" content=\"2019-05-16T06:33:13+00:00\" class=\"yoast-seo-meta-tag\" \/>\n<meta property=\"og:image\" content=\"https:\/\/explora.cl\/coquimbo\/wp-content\/uploads\/sites\/6\/2018\/06\/web-Documentales.png\" class=\"yoast-seo-meta-tag\" \/>\n\t<meta property=\"og:image:width\" content=\"220\" class=\"yoast-seo-meta-tag\" \/>\n\t<meta property=\"og:image:height\" content=\"117\" class=\"yoast-seo-meta-tag\" \/>\n\t<meta property=\"og:image:type\" content=\"image\/png\" class=\"yoast-seo-meta-tag\" \/>\n<meta name=\"author\" content=\"webman\" class=\"yoast-seo-meta-tag\" \/>\n<meta name=\"twitter:card\" content=\"summary_large_image\" class=\"yoast-seo-meta-tag\" \/>\n<meta name=\"twitter:label1\" content=\"Escrito por\" class=\"yoast-seo-meta-tag\" \/>\n\t<meta name=\"twitter:data1\" content=\"webman\" class=\"yoast-seo-meta-tag\" \/>\n\t<meta name=\"twitter:label2\" content=\"Tiempo estimado de lectura\" class=\"yoast-seo-meta-tag\" \/>\n\t<meta name=\"twitter:data2\" content=\"3 minutos\" class=\"yoast-seo-meta-tag\" \/>\n<script type=\"application\/ld+json\" class=\"yoast-schema-graph\">{\"@context\":\"https:\/\/schema.org\",\"@graph\":[{\"@type\":\"Article\",\"@id\":\"https:\/\/explora.cl\/coquimbo\/exhibicion-de-documentales-cientificos-y-una-gran-tocata-por-las-ciencias-se-desarrollaran-esta-semana-en-ovalle\/#article\",\"isPartOf\":{\"@id\":\"https:\/\/explora.cl\/coquimbo\/exhibicion-de-documentales-cientificos-y-una-gran-tocata-por-las-ciencias-se-desarrollaran-esta-semana-en-ovalle\/\"},\"author\":{\"name\":\"webman\",\"@id\":\"https:\/\/explora.cl\/coquimbo\/#\/schema\/person\/cb8349c13ea2d324080adf8480d7ba5d\"},\"headline\":\"Exhibici\u00f3n de documentales cient\u00edficos y una gran \u201ctocata por las ciencias\u201d se desarrollar\u00e1n esta semana en Ovalle\",\"datePublished\":\"2016-07-18T04:00:00+00:00\",\"dateModified\":\"2019-05-16T06:33:13+00:00\",\"mainEntityOfPage\":{\"@id\":\"https:\/\/explora.cl\/coquimbo\/exhibicion-de-documentales-cientificos-y-una-gran-tocata-por-las-ciencias-se-desarrollaran-esta-semana-en-ovalle\/\"},\"wordCount\":634,\"commentCount\":0,\"publisher\":{\"@id\":\"https:\/\/explora.cl\/coquimbo\/#organization\"},\"image\":{\"@id\":\"https:\/\/explora.cl\/coquimbo\/exhibicion-de-documentales-cientificos-y-una-gran-tocata-por-las-ciencias-se-desarrollaran-esta-semana-en-ovalle\/#primaryimage\"},\"thumbnailUrl\":\"https:\/\/explora.cl\/coquimbo\/wp-content\/uploads\/sites\/6\/2018\/06\/web-Documentales.png\",\"articleSection\":[\"Noticias\"],\"inLanguage\":\"es-CL\",\"potentialAction\":[{\"@type\":\"CommentAction\",\"name\":\"Comment\",\"target\":[\"https:\/\/explora.cl\/coquimbo\/exhibicion-de-documentales-cientificos-y-una-gran-tocata-por-las-ciencias-se-desarrollaran-esta-semana-en-ovalle\/#respond\"]}]},{\"@type\":\"WebPage\",\"@id\":\"https:\/\/explora.cl\/coquimbo\/exhibicion-de-documentales-cientificos-y-una-gran-tocata-por-las-ciencias-se-desarrollaran-esta-semana-en-ovalle\/\",\"url\":\"https:\/\/explora.cl\/coquimbo\/exhibicion-de-documentales-cientificos-y-una-gran-tocata-por-las-ciencias-se-desarrollaran-esta-semana-en-ovalle\/\",\"name\":\"Exhibici\u00f3n de documentales cient\u00edficos y una gran \u201ctocata por las ciencias\u201d se desarrollar\u00e1n esta semana en Ovalle - Coquimbo\",\"isPartOf\":{\"@id\":\"https:\/\/explora.cl\/coquimbo\/#website\"},\"primaryImageOfPage\":{\"@id\":\"https:\/\/explora.cl\/coquimbo\/exhibicion-de-documentales-cientificos-y-una-gran-tocata-por-las-ciencias-se-desarrollaran-esta-semana-en-ovalle\/#primaryimage\"},\"image\":{\"@id\":\"https:\/\/explora.cl\/coquimbo\/exhibicion-de-documentales-cientificos-y-una-gran-tocata-por-las-ciencias-se-desarrollaran-esta-semana-en-ovalle\/#primaryimage\"},\"thumbnailUrl\":\"https:\/\/explora.cl\/coquimbo\/wp-content\/uploads\/sites\/6\/2018\/06\/web-Documentales.png\",\"datePublished\":\"2016-07-18T04:00:00+00:00\",\"dateModified\":\"2019-05-16T06:33:13+00:00\",\"breadcrumb\":{\"@id\":\"https:\/\/explora.cl\/coquimbo\/exhibicion-de-documentales-cientificos-y-una-gran-tocata-por-las-ciencias-se-desarrollaran-esta-semana-en-ovalle\/#breadcrumb\"},\"inLanguage\":\"es-CL\",\"potentialAction\":[{\"@type\":\"ReadAction\",\"target\":[\"https:\/\/explora.cl\/coquimbo\/exhibicion-de-documentales-cientificos-y-una-gran-tocata-por-las-ciencias-se-desarrollaran-esta-semana-en-ovalle\/\"]}]},{\"@type\":\"ImageObject\",\"inLanguage\":\"es-CL\",\"@id\":\"https:\/\/explora.cl\/coquimbo\/exhibicion-de-documentales-cientificos-y-una-gran-tocata-por-las-ciencias-se-desarrollaran-esta-semana-en-ovalle\/#primaryimage\",\"url\":\"https:\/\/explora.cl\/coquimbo\/wp-content\/uploads\/sites\/6\/2018\/06\/web-Documentales.png\",\"contentUrl\":\"https:\/\/explora.cl\/coquimbo\/wp-content\/uploads\/sites\/6\/2018\/06\/web-Documentales.png\",\"width\":220,\"height\":117},{\"@type\":\"BreadcrumbList\",\"@id\":\"https:\/\/explora.cl\/coquimbo\/exhibicion-de-documentales-cientificos-y-una-gran-tocata-por-las-ciencias-se-desarrollaran-esta-semana-en-ovalle\/#breadcrumb\",\"itemListElement\":[{\"@type\":\"ListItem\",\"position\":1,\"name\":\"Portada\",\"item\":\"https:\/\/explora.cl\/coquimbo\/\"},{\"@type\":\"ListItem\",\"position\":2,\"name\":\"Exhibici\u00f3n de documentales cient\u00edficos y una gran \u201ctocata por las ciencias\u201d se desarrollar\u00e1n esta semana en Ovalle\"}]},{\"@type\":\"WebSite\",\"@id\":\"https:\/\/explora.cl\/coquimbo\/#website\",\"url\":\"https:\/\/explora.cl\/coquimbo\/\",\"name\":\"Coquimbo\",\"description\":\"Otro sitio m\u00e1s de explora.cl\",\"publisher\":{\"@id\":\"https:\/\/explora.cl\/coquimbo\/#organization\"},\"potentialAction\":[{\"@type\":\"SearchAction\",\"target\":{\"@type\":\"EntryPoint\",\"urlTemplate\":\"https:\/\/explora.cl\/coquimbo\/?s={search_term_string}\"},\"query-input\":{\"@type\":\"PropertyValueSpecification\",\"valueRequired\":true,\"valueName\":\"search_term_string\"}}],\"inLanguage\":\"es-CL\"},{\"@type\":\"Organization\",\"@id\":\"https:\/\/explora.cl\/coquimbo\/#organization\",\"name\":\"Coquimbo\",\"url\":\"https:\/\/explora.cl\/coquimbo\/\",\"logo\":{\"@type\":\"ImageObject\",\"inLanguage\":\"es-CL\",\"@id\":\"https:\/\/explora.cl\/coquimbo\/#\/schema\/logo\/image\/\",\"url\":\"https:\/\/explora.cl\/coquimbo\/wp-content\/uploads\/sites\/6\/2020\/08\/cropped-Mesa-de-trabajo-1-100.jpg\",\"contentUrl\":\"https:\/\/explora.cl\/coquimbo\/wp-content\/uploads\/sites\/6\/2020\/08\/cropped-Mesa-de-trabajo-1-100.jpg\",\"width\":615,\"height\":576,\"caption\":\"Coquimbo\"},\"image\":{\"@id\":\"https:\/\/explora.cl\/coquimbo\/#\/schema\/logo\/image\/\"}},{\"@type\":\"Person\",\"@id\":\"https:\/\/explora.cl\/coquimbo\/#\/schema\/person\/cb8349c13ea2d324080adf8480d7ba5d\",\"name\":\"webman\",\"image\":{\"@type\":\"ImageObject\",\"inLanguage\":\"es-CL\",\"@id\":\"https:\/\/explora.cl\/coquimbo\/#\/schema\/person\/image\/\",\"url\":\"https:\/\/secure.gravatar.com\/avatar\/eeff3c82f2c02f7177d13663b7e6f890e9a6a0647ce9bb29cae02dcb094c7312?s=96&d=mm&r=g\",\"contentUrl\":\"https:\/\/secure.gravatar.com\/avatar\/eeff3c82f2c02f7177d13663b7e6f890e9a6a0647ce9bb29cae02dcb094c7312?s=96&d=mm&r=g\",\"caption\":\"webman\"},\"url\":\"https:\/\/explora.cl\/coquimbo\/author\/webman\/\"}]}<\/script>\n<!-- \/ Yoast SEO plugin. -->","yoast_head_json":{"title":"Exhibici\u00f3n de documentales cient\u00edficos y una gran \u201ctocata por las ciencias\u201d se desarrollar\u00e1n esta semana en Ovalle - Coquimbo","robots":{"index":"index","follow":"follow","max-snippet":"max-snippet:-1","max-image-preview":"max-image-preview:large","max-video-preview":"max-video-preview:-1"},"canonical":"https:\/\/explora.cl\/coquimbo\/exhibicion-de-documentales-cientificos-y-una-gran-tocata-por-las-ciencias-se-desarrollaran-esta-semana-en-ovalle\/","og_locale":"es_ES","og_type":"article","og_title":"Exhibici\u00f3n de documentales cient\u00edficos y una gran \u201ctocata por las ciencias\u201d se desarrollar\u00e1n esta semana en Ovalle - Coquimbo","og_description":"Actividad organizada por el municipio local y el PAR Explora Coquimbo, permitir\u00e1 acercar la ciencia y la cultura a la comunidad limarina y despedir de la mejor forma las vacaciones de invierno. \u00a0 \u00a0 Entretenidas y did\u00e1cticas actividades se desarrollar\u00e1n durante esta semana en la ciudad de Ovalle, para poder unir las ciencias con la [&hellip;]","og_url":"https:\/\/explora.cl\/coquimbo\/exhibicion-de-documentales-cientificos-y-una-gran-tocata-por-las-ciencias-se-desarrollaran-esta-semana-en-ovalle\/","og_site_name":"Coquimbo","article_published_time":"2016-07-18T04:00:00+00:00","article_modified_time":"2019-05-16T06:33:13+00:00","og_image":[{"width":220,"height":117,"url":"https:\/\/explora.cl\/coquimbo\/wp-content\/uploads\/sites\/6\/2018\/06\/web-Documentales.png","type":"image\/png"}],"author":"webman","twitter_card":"summary_large_image","twitter_misc":{"Escrito por":"webman","Tiempo estimado de lectura":"3 minutos"},"schema":{"@context":"https:\/\/schema.org","@graph":[{"@type":"Article","@id":"https:\/\/explora.cl\/coquimbo\/exhibicion-de-documentales-cientificos-y-una-gran-tocata-por-las-ciencias-se-desarrollaran-esta-semana-en-ovalle\/#article","isPartOf":{"@id":"https:\/\/explora.cl\/coquimbo\/exhibicion-de-documentales-cientificos-y-una-gran-tocata-por-las-ciencias-se-desarrollaran-esta-semana-en-ovalle\/"},"author":{"name":"webman","@id":"https:\/\/explora.cl\/coquimbo\/#\/schema\/person\/cb8349c13ea2d324080adf8480d7ba5d"},"headline":"Exhibici\u00f3n de documentales cient\u00edficos y una gran \u201ctocata por las ciencias\u201d se desarrollar\u00e1n esta semana en Ovalle","datePublished":"2016-07-18T04:00:00+00:00","dateModified":"2019-05-16T06:33:13+00:00","mainEntityOfPage":{"@id":"https:\/\/explora.cl\/coquimbo\/exhibicion-de-documentales-cientificos-y-una-gran-tocata-por-las-ciencias-se-desarrollaran-esta-semana-en-ovalle\/"},"wordCount":634,"commentCount":0,"publisher":{"@id":"https:\/\/explora.cl\/coquimbo\/#organization"},"image":{"@id":"https:\/\/explora.cl\/coquimbo\/exhibicion-de-documentales-cientificos-y-una-gran-tocata-por-las-ciencias-se-desarrollaran-esta-semana-en-ovalle\/#primaryimage"},"thumbnailUrl":"https:\/\/explora.cl\/coquimbo\/wp-content\/uploads\/sites\/6\/2018\/06\/web-Documentales.png","articleSection":["Noticias"],"inLanguage":"es-CL","potentialAction":[{"@type":"CommentAction","name":"Comment","target":["https:\/\/explora.cl\/coquimbo\/exhibicion-de-documentales-cientificos-y-una-gran-tocata-por-las-ciencias-se-desarrollaran-esta-semana-en-ovalle\/#respond"]}]},{"@type":"WebPage","@id":"https:\/\/explora.cl\/coquimbo\/exhibicion-de-documentales-cientificos-y-una-gran-tocata-por-las-ciencias-se-desarrollaran-esta-semana-en-ovalle\/","url":"https:\/\/explora.cl\/coquimbo\/exhibicion-de-documentales-cientificos-y-una-gran-tocata-por-las-ciencias-se-desarrollaran-esta-semana-en-ovalle\/","name":"Exhibici\u00f3n de documentales cient\u00edficos y una gran \u201ctocata por las ciencias\u201d se desarrollar\u00e1n esta semana en Ovalle - Coquimbo","isPartOf":{"@id":"https:\/\/explora.cl\/coquimbo\/#website"},"primaryImageOfPage":{"@id":"https:\/\/explora.cl\/coquimbo\/exhibicion-de-documentales-cientificos-y-una-gran-tocata-por-las-ciencias-se-desarrollaran-esta-semana-en-ovalle\/#primaryimage"},"image":{"@id":"https:\/\/explora.cl\/coquimbo\/exhibicion-de-documentales-cientificos-y-una-gran-tocata-por-las-ciencias-se-desarrollaran-esta-semana-en-ovalle\/#primaryimage"},"thumbnailUrl":"https:\/\/explora.cl\/coquimbo\/wp-content\/uploads\/sites\/6\/2018\/06\/web-Documentales.png","datePublished":"2016-07-18T04:00:00+00:00","dateModified":"2019-05-16T06:33:13+00:00","breadcrumb":{"@id":"https:\/\/explora.cl\/coquimbo\/exhibicion-de-documentales-cientificos-y-una-gran-tocata-por-las-ciencias-se-desarrollaran-esta-semana-en-ovalle\/#breadcrumb"},"inLanguage":"es-CL","potentialAction":[{"@type":"ReadAction","target":["https:\/\/explora.cl\/coquimbo\/exhibicion-de-documentales-cientificos-y-una-gran-tocata-por-las-ciencias-se-desarrollaran-esta-semana-en-ovalle\/"]}]},{"@type":"ImageObject","inLanguage":"es-CL","@id":"https:\/\/explora.cl\/coquimbo\/exhibicion-de-documentales-cientificos-y-una-gran-tocata-por-las-ciencias-se-desarrollaran-esta-semana-en-ovalle\/#primaryimage","url":"https:\/\/explora.cl\/coquimbo\/wp-content\/uploads\/sites\/6\/2018\/06\/web-Documentales.png","contentUrl":"https:\/\/explora.cl\/coquimbo\/wp-content\/uploads\/sites\/6\/2018\/06\/web-Documentales.png","width":220,"height":117},{"@type":"BreadcrumbList","@id":"https:\/\/explora.cl\/coquimbo\/exhibicion-de-documentales-cientificos-y-una-gran-tocata-por-las-ciencias-se-desarrollaran-esta-semana-en-ovalle\/#breadcrumb","itemListElement":[{"@type":"ListItem","position":1,"name":"Portada","item":"https:\/\/explora.cl\/coquimbo\/"},{"@type":"ListItem","position":2,"name":"Exhibici\u00f3n de documentales cient\u00edficos y una gran \u201ctocata por las ciencias\u201d se desarrollar\u00e1n esta semana en Ovalle"}]},{"@type":"WebSite","@id":"https:\/\/explora.cl\/coquimbo\/#website","url":"https:\/\/explora.cl\/coquimbo\/","name":"Coquimbo","description":"Otro sitio m\u00e1s de explora.cl","publisher":{"@id":"https:\/\/explora.cl\/coquimbo\/#organization"},"potentialAction":[{"@type":"SearchAction","target":{"@type":"EntryPoint","urlTemplate":"https:\/\/explora.cl\/coquimbo\/?s={search_term_string}"},"query-input":{"@type":"PropertyValueSpecification","valueRequired":true,"valueName":"search_term_string"}}],"inLanguage":"es-CL"},{"@type":"Organization","@id":"https:\/\/explora.cl\/coquimbo\/#organization","name":"Coquimbo","url":"https:\/\/explora.cl\/coquimbo\/","logo":{"@type":"ImageObject","inLanguage":"es-CL","@id":"https:\/\/explora.cl\/coquimbo\/#\/schema\/logo\/image\/","url":"https:\/\/explora.cl\/coquimbo\/wp-content\/uploads\/sites\/6\/2020\/08\/cropped-Mesa-de-trabajo-1-100.jpg","contentUrl":"https:\/\/explora.cl\/coquimbo\/wp-content\/uploads\/sites\/6\/2020\/08\/cropped-Mesa-de-trabajo-1-100.jpg","width":615,"height":576,"caption":"Coquimbo"},"image":{"@id":"https:\/\/explora.cl\/coquimbo\/#\/schema\/logo\/image\/"}},{"@type":"Person","@id":"https:\/\/explora.cl\/coquimbo\/#\/schema\/person\/cb8349c13ea2d324080adf8480d7ba5d","name":"webman","image":{"@type":"ImageObject","inLanguage":"es-CL","@id":"https:\/\/explora.cl\/coquimbo\/#\/schema\/person\/image\/","url":"https:\/\/secure.gravatar.com\/avatar\/eeff3c82f2c02f7177d13663b7e6f890e9a6a0647ce9bb29cae02dcb094c7312?s=96&d=mm&r=g","contentUrl":"https:\/\/secure.gravatar.com\/avatar\/eeff3c82f2c02f7177d13663b7e6f890e9a6a0647ce9bb29cae02dcb094c7312?s=96&d=mm&r=g","caption":"webman"},"url":"https:\/\/explora.cl\/coquimbo\/author\/webman\/"}]}},"_links":{"self":[{"href":"https:\/\/explora.cl\/coquimbo\/wp-json\/wp\/v2\/posts\/38165","targetHints":{"allow":["GET"]}}],"collection":[{"href":"https:\/\/explora.cl\/coquimbo\/wp-json\/wp\/v2\/posts"}],"about":[{"href":"https:\/\/explora.cl\/coquimbo\/wp-json\/wp\/v2\/types\/post"}],"author":[{"embeddable":true,"href":"https:\/\/explora.cl\/coquimbo\/wp-json\/wp\/v2\/users\/2"}],"replies":[{"embeddable":true,"href":"https:\/\/explora.cl\/coquimbo\/wp-json\/wp\/v2\/comments?post=38165"}],"version-history":[{"count":1,"href":"https:\/\/explora.cl\/coquimbo\/wp-json\/wp\/v2\/posts\/38165\/revisions"}],"predecessor-version":[{"id":39025,"href":"https:\/\/explora.cl\/coquimbo\/wp-json\/wp\/v2\/posts\/38165\/revisions\/39025"}],"wp:featuredmedia":[{"embeddable":true,"href":"https:\/\/explora.cl\/coquimbo\/wp-json\/wp\/v2\/media\/33992"}],"wp:attachment":[{"href":"https:\/\/explora.cl\/coquimbo\/wp-json\/wp\/v2\/media?parent=38165"}],"wp:term":[{"taxonomy":"category","embeddable":true,"href":"https:\/\/explora.cl\/coquimbo\/wp-json\/wp\/v2\/categories?post=38165"},{"taxonomy":"post_tag","embeddable":true,"href":"https:\/\/explora.cl\/coquimbo\/wp-json\/wp\/v2\/tags?post=38165"}],"curies":[{"name":"wp","href":"https:\/\/api.w.org\/{rel}","templated":true}]}}