{"id":32526,"date":"2016-09-30T00:00:00","date_gmt":"2016-09-30T04:00:00","guid":{"rendered":"https:\/\/explora.cl\/coquimbo\/blog\/2016\/09\/30\/establecimientos-de-salamanca-canela-y-los-vilos-seran-los-representantes-de-choapa-para-el-congreso-regional-escolar-de-ciencia-y-tecnologia\/"},"modified":"2019-05-16T06:32:01","modified_gmt":"2019-05-16T06:32:01","slug":"establecimientos-de-salamanca-canela-y-los-vilos-seran-los-representantes-de-choapa-para-el-congreso-regional-escolar-de-ciencia-y-tecnologia","status":"publish","type":"post","link":"https:\/\/explora.cl\/coquimbo\/establecimientos-de-salamanca-canela-y-los-vilos-seran-los-representantes-de-choapa-para-el-congreso-regional-escolar-de-ciencia-y-tecnologia\/","title":{"rendered":"Cinco establecimientos de Choapa representar\u00e1n a la provincia en el Congreso Regional Escolar de Ciencia y Tecnolog\u00eda"},"content":{"rendered":"<p class=\"MsoNormal\" style=\"text-align: center\"><i>La actividad organizada por el PAR Explora Coquimbo y el Colegio Cumbres del Choapa, se realiz\u00f3 junto a una gran feria de ciencias en el establecimiento y que cont\u00f3 con una masiva asistencia.\u00a0<\/i><\/p>\n<hr \/>\n<p class=\"MsoNormal\" style=\"text-align: center\"><span style=\"font-size: 14.0pt;line-height: 107%\">\u00a0<\/span><\/p>\n<p class=\"MsoNormal\" style=\"text-align: justify\">Fueron diez investigaciones oficiales y seis proyectos invitados, los que participaron del primer <strong>Congreso Provincial Escolar de Ciencia y Tecnolog\u00eda en el Choapa<\/strong>, \u00a0que organiz\u00f3 el <strong>PAR Explora de CONICYT Coquimbo<\/strong> y el<strong> colegio Cumbres del Choapa de Salamanca.<\/strong><\/p>\n<p class=\"MsoNormal\">La actividad se enmarc\u00f3 adem\u00e1s en la primera feria de Ciencias del establecimiento \u201chaciendo ciencia conciencia\u201d y que fue visitada por m\u00e1s de 500 personas, entre estudiantes, docentes y p\u00fablico en general, quienes pudieron apreciar las investigaciones cient\u00edficas escolares que realizaron los alumnos y alumnas de la zona.<img fetchpriority=\"high\" decoding=\"async\" class=\" alignright size-full wp-image-20996\" style=\"float: right\" src=\"http:\/\/ec2-54-245-22-188.us-west-2.compute.amazonaws.com\/wp-content\/uploads\/2016\/09\/DSCF7752.JPG\" alt=\"\" width=\"435\" height=\"290\" \/><\/p>\n<p class=\"MsoNormal\" style=\"text-align: justify\">Esto fue destacado por C<strong>arlos Argando\u00f1a, director colegio Cumbres del Choapa<\/strong>, quien afirm\u00f3 que todas estas jornadas de ciencia son acorde a su proyecto educativo, que tambi\u00e9n busca generar un cambio en la provincia \u201cconsideramos que este congreso viene a ratificar nuestra iniciativa y valoraci\u00f3n de las instancias cient\u00edficas, nos sirve para ratificar nuestras ideas pedag\u00f3gicas, impulsando no solo a nuestro colegio, sino a todos los colegios de la provincia hacia el descubrimiento de la investigaci\u00f3n, a trav\u00e9s de una serie de proyectos que desarrollan al interior de cada unidad\u201d.<\/p>\n<p class=\"MsoNormal\" style=\"text-align: justify\">Los estudiantes y profesores fueron los grandes protagonistas de esta instancia, que se extendi\u00f3 en un primer momento con las exposiciones a la comunidad y durante la tarde con presentaciones orales, que fueron evaluadas por un comit\u00e9 de expertos en el \u00e1rea de las ciencias y la tecnolog\u00eda.<\/p>\n<p class=\"MsoNormal\" style=\"text-align: justify\">Esta actividad fue valorada por la <strong>docente del liceo Nicol\u00e1s Federico Lohse de Los Vilos, Ver\u00f3nica Espinoza<\/strong>, quien afirm\u00f3 que por medio del \u201censayo-error\u201d, fueron tom\u00e1ndole el peso a la investigaci\u00f3n en ciencias \u201cen un principio hubo errores e ignorancia por parte nuestra. Y cuando comenzamos a investigar, nos dimos cuenta que realmente somos ignorantes en la parte cient\u00edfica. Es fundamental que los chilenos y todos los ni\u00f1os, sean cient\u00edficamente alfabetizados\u201d.<\/p>\n<p class=\"MsoNormal\" style=\"text-align: justify\">Por otro lado, este Congreso fue la instancia para que los estudiantes puedan interactuar con el mundo cient\u00edfico y las entidades que trabajan en esta disciplina y que muchas veces, debido a las distancias geogr\u00e1ficas, no pueden vincularse.<\/p>\n<p class=\"MsoNormal\" style=\"text-align: justify\">Frente a esto, <strong>Yendery Cerda, Coordinadora Ejecutiva del PAR Explora Coquimbo<\/strong>, manifest\u00f3 su gratitud por el desarrollo de la actividad en la zona y el apoyo recibido para ejecutarla \u201cLa verdad ha sido muy sorprendente la gran acogida que ha tenido el Congreso, que estamos realizando en conjunto con el Cumbres del Choapa. Estamos contando con el apoyo del planetario del <strong>Observatorio Interamericano Cerro Tololo<\/strong>, contamos con el <strong>Ceaza Movil<\/strong> y tambi\u00e9n con el proyecto <strong>Cient\u00edficos de la Basura de la Facultad de Ciencias del Mar de la UCN<\/strong>. Por lo mismo estamos contentos, ha sido una iniciativa maravillosa conocer estos proyectos de investigaci\u00f3n escolar de la provincia\u201d<\/p>\n<p class=\"MsoNormal\"><img decoding=\"async\" class=\" size-full wp-image-20997\" style=\"margin-left: auto;margin-right: auto\" src=\"http:\/\/ec2-54-245-22-188.us-west-2.compute.amazonaws.com\/wp-content\/uploads\/2016\/09\/DSCF7793.JPG\" alt=\"\" width=\"450\" height=\"300\" \/><\/p>\n<p class=\"MsoNormal\" style=\"text-align: justify\">Al cierre del Congreso, el Mago H\u00e9ctor Lion entretuvo a los asistentes con su propuesta de entretenci\u00f3n y divulgaci\u00f3n cient\u00edfica, por medio de un show vinculado a la <strong>Biomim\u00e9tica<\/strong>, tema del a\u00f1o para el Programa Explora de CONICYT.<\/p>\n<p class=\"MsoNormal\" style=\"text-align: justify\">Los representantes provinciales que participar\u00e1n en el Congreso Regional, son El<strong> Liceo Polivalente Padre Jos\u00e9 Herde y la Escuela Carlos Vial Espantoso<\/strong> de la comuna de Canela; El <strong>Colegio Cumbres del Choapa y el Colegio San Francisco de As\u00eds<\/strong> de la ciudad de Salamanca; y finalmente el <strong>colegio Ercole Bencini<\/strong> de Los Vilos.<\/p>\n<p class=\"MsoNormal\" style=\"text-align: justify\">Kevin Vega, del Liceo Polivalente Padre Jos\u00e9 Herde, manifest\u00f3 su alegr\u00eda por participar de la instancia regional y coment\u00f3 cu\u00e1l es la investigaci\u00f3n que llevar\u00e1n a esta pr\u00f3xima jornada \u201cLo que nosotros expusimos, es que buscamos cosas que se mejoren en Canela. Es sobre la sequ\u00eda que est\u00e1 afectando, mezclando la agricultura con la rob\u00f3tica, y as\u00ed mejorar el \u00e1mbito entre estas dos variables\u201d.<\/p>\n<p>Ellos participar\u00e1n del pr\u00f3ximo <strong>Congreso Regional Escolar de Ciencia y Tecnolog\u00eda<\/strong>, a realizarse en las ciudades de La Serena y Coquimbo, los d\u00edas <strong>26 y 27 de octubre<\/strong> del 2016. Esta actividad pretende reunir a las mejores investigaciones educativas de las provincias de Elqui, Limar\u00ed y Choapa.\u00a0<\/p>\n<p class=\"MsoNormal\" style=\"text-align: justify\"><img decoding=\"async\" class=\" size-full wp-image-20995\" src=\"http:\/\/ec2-54-245-22-188.us-west-2.compute.amazonaws.com\/wp-content\/uploads\/2016\/09\/DSCF7895.JPG\" alt=\"\" width=\"939\" height=\"554\" \/><\/p>\n","protected":false},"excerpt":{"rendered":"<p>La actividad organizada por el PAR Explora Coquimbo y el Colegio Cumbres del Choapa, se realiz\u00f3 junto a una gran feria de ciencias en el establecimiento y que cont\u00f3 con una masiva asistencia.\u00a0 \u00a0 Fueron diez investigaciones oficiales y seis proyectos invitados, los que participaron del primer Congreso Provincial Escolar de Ciencia y Tecnolog\u00eda en [&hellip;]<\/p>\n","protected":false},"author":2,"featured_media":32527,"comment_status":"open","ping_status":"open","sticky":false,"template":"","format":"standard","meta":{"_acf_changed":false,"_exactmetrics_skip_tracking":false,"_exactmetrics_sitenote_active":false,"_exactmetrics_sitenote_note":"","_exactmetrics_sitenote_category":0,"footnotes":"","_links_to":"","_links_to_target":""},"categories":[4],"tags":[],"class_list":["post-32526","post","type-post","status-publish","format-standard","has-post-thumbnail","hentry","category-noticias"],"acf":[],"yoast_head":"<!-- This site is optimized with the Yoast SEO plugin v26.9 - https:\/\/yoast.com\/product\/yoast-seo-wordpress\/ -->\n<title>Cinco establecimientos de Choapa representar\u00e1n a la provincia en el Congreso Regional Escolar de Ciencia y Tecnolog\u00eda - Coquimbo<\/title>\n<meta name=\"robots\" content=\"index, follow, max-snippet:-1, max-image-preview:large, max-video-preview:-1\" \/>\n<link rel=\"canonical\" href=\"https:\/\/explora.cl\/coquimbo\/establecimientos-de-salamanca-canela-y-los-vilos-seran-los-representantes-de-choapa-para-el-congreso-regional-escolar-de-ciencia-y-tecnologia\/\" class=\"yoast-seo-meta-tag\" \/>\n<meta property=\"og:locale\" content=\"es_ES\" class=\"yoast-seo-meta-tag\" \/>\n<meta property=\"og:type\" content=\"article\" class=\"yoast-seo-meta-tag\" \/>\n<meta property=\"og:title\" content=\"Cinco establecimientos de Choapa representar\u00e1n a la provincia en el Congreso Regional Escolar de Ciencia y Tecnolog\u00eda - Coquimbo\" class=\"yoast-seo-meta-tag\" \/>\n<meta property=\"og:description\" content=\"La actividad organizada por el PAR Explora Coquimbo y el Colegio Cumbres del Choapa, se realiz\u00f3 junto a una gran feria de ciencias en el establecimiento y que cont\u00f3 con una masiva asistencia.\u00a0 \u00a0 Fueron diez investigaciones oficiales y seis proyectos invitados, los que participaron del primer Congreso Provincial Escolar de Ciencia y Tecnolog\u00eda en [&hellip;]\" class=\"yoast-seo-meta-tag\" \/>\n<meta property=\"og:url\" content=\"https:\/\/explora.cl\/coquimbo\/establecimientos-de-salamanca-canela-y-los-vilos-seran-los-representantes-de-choapa-para-el-congreso-regional-escolar-de-ciencia-y-tecnologia\/\" class=\"yoast-seo-meta-tag\" \/>\n<meta property=\"og:site_name\" content=\"Coquimbo\" class=\"yoast-seo-meta-tag\" \/>\n<meta property=\"article:published_time\" content=\"2016-09-30T04:00:00+00:00\" class=\"yoast-seo-meta-tag\" \/>\n<meta property=\"article:modified_time\" content=\"2019-05-16T06:32:01+00:00\" class=\"yoast-seo-meta-tag\" \/>\n<meta property=\"og:image\" content=\"https:\/\/explora.cl\/coquimbo\/wp-content\/uploads\/sites\/6\/2018\/06\/DSCF7895.jpg\" class=\"yoast-seo-meta-tag\" \/>\n\t<meta property=\"og:image:width\" content=\"989\" class=\"yoast-seo-meta-tag\" \/>\n\t<meta property=\"og:image:height\" content=\"584\" class=\"yoast-seo-meta-tag\" \/>\n\t<meta property=\"og:image:type\" content=\"image\/jpeg\" class=\"yoast-seo-meta-tag\" \/>\n<meta name=\"author\" content=\"webman\" class=\"yoast-seo-meta-tag\" \/>\n<meta name=\"twitter:card\" content=\"summary_large_image\" class=\"yoast-seo-meta-tag\" \/>\n<meta name=\"twitter:label1\" content=\"Escrito por\" class=\"yoast-seo-meta-tag\" \/>\n\t<meta name=\"twitter:data1\" content=\"webman\" class=\"yoast-seo-meta-tag\" \/>\n\t<meta name=\"twitter:label2\" content=\"Tiempo estimado de lectura\" class=\"yoast-seo-meta-tag\" \/>\n\t<meta name=\"twitter:data2\" content=\"4 minutos\" class=\"yoast-seo-meta-tag\" \/>\n<script type=\"application\/ld+json\" class=\"yoast-schema-graph\">{\"@context\":\"https:\/\/schema.org\",\"@graph\":[{\"@type\":\"Article\",\"@id\":\"https:\/\/explora.cl\/coquimbo\/establecimientos-de-salamanca-canela-y-los-vilos-seran-los-representantes-de-choapa-para-el-congreso-regional-escolar-de-ciencia-y-tecnologia\/#article\",\"isPartOf\":{\"@id\":\"https:\/\/explora.cl\/coquimbo\/establecimientos-de-salamanca-canela-y-los-vilos-seran-los-representantes-de-choapa-para-el-congreso-regional-escolar-de-ciencia-y-tecnologia\/\"},\"author\":{\"name\":\"webman\",\"@id\":\"https:\/\/explora.cl\/coquimbo\/#\/schema\/person\/cb8349c13ea2d324080adf8480d7ba5d\"},\"headline\":\"Cinco establecimientos de Choapa representar\u00e1n a la provincia en el Congreso Regional Escolar de Ciencia y Tecnolog\u00eda\",\"datePublished\":\"2016-09-30T04:00:00+00:00\",\"dateModified\":\"2019-05-16T06:32:01+00:00\",\"mainEntityOfPage\":{\"@id\":\"https:\/\/explora.cl\/coquimbo\/establecimientos-de-salamanca-canela-y-los-vilos-seran-los-representantes-de-choapa-para-el-congreso-regional-escolar-de-ciencia-y-tecnologia\/\"},\"wordCount\":736,\"commentCount\":0,\"publisher\":{\"@id\":\"https:\/\/explora.cl\/coquimbo\/#organization\"},\"image\":{\"@id\":\"https:\/\/explora.cl\/coquimbo\/establecimientos-de-salamanca-canela-y-los-vilos-seran-los-representantes-de-choapa-para-el-congreso-regional-escolar-de-ciencia-y-tecnologia\/#primaryimage\"},\"thumbnailUrl\":\"https:\/\/explora.cl\/coquimbo\/wp-content\/uploads\/sites\/6\/2018\/06\/DSCF7895.jpg\",\"articleSection\":[\"Noticias\"],\"inLanguage\":\"es-CL\",\"potentialAction\":[{\"@type\":\"CommentAction\",\"name\":\"Comment\",\"target\":[\"https:\/\/explora.cl\/coquimbo\/establecimientos-de-salamanca-canela-y-los-vilos-seran-los-representantes-de-choapa-para-el-congreso-regional-escolar-de-ciencia-y-tecnologia\/#respond\"]}]},{\"@type\":\"WebPage\",\"@id\":\"https:\/\/explora.cl\/coquimbo\/establecimientos-de-salamanca-canela-y-los-vilos-seran-los-representantes-de-choapa-para-el-congreso-regional-escolar-de-ciencia-y-tecnologia\/\",\"url\":\"https:\/\/explora.cl\/coquimbo\/establecimientos-de-salamanca-canela-y-los-vilos-seran-los-representantes-de-choapa-para-el-congreso-regional-escolar-de-ciencia-y-tecnologia\/\",\"name\":\"Cinco establecimientos de Choapa representar\u00e1n a la provincia en el Congreso Regional Escolar de Ciencia y Tecnolog\u00eda - Coquimbo\",\"isPartOf\":{\"@id\":\"https:\/\/explora.cl\/coquimbo\/#website\"},\"primaryImageOfPage\":{\"@id\":\"https:\/\/explora.cl\/coquimbo\/establecimientos-de-salamanca-canela-y-los-vilos-seran-los-representantes-de-choapa-para-el-congreso-regional-escolar-de-ciencia-y-tecnologia\/#primaryimage\"},\"image\":{\"@id\":\"https:\/\/explora.cl\/coquimbo\/establecimientos-de-salamanca-canela-y-los-vilos-seran-los-representantes-de-choapa-para-el-congreso-regional-escolar-de-ciencia-y-tecnologia\/#primaryimage\"},\"thumbnailUrl\":\"https:\/\/explora.cl\/coquimbo\/wp-content\/uploads\/sites\/6\/2018\/06\/DSCF7895.jpg\",\"datePublished\":\"2016-09-30T04:00:00+00:00\",\"dateModified\":\"2019-05-16T06:32:01+00:00\",\"breadcrumb\":{\"@id\":\"https:\/\/explora.cl\/coquimbo\/establecimientos-de-salamanca-canela-y-los-vilos-seran-los-representantes-de-choapa-para-el-congreso-regional-escolar-de-ciencia-y-tecnologia\/#breadcrumb\"},\"inLanguage\":\"es-CL\",\"potentialAction\":[{\"@type\":\"ReadAction\",\"target\":[\"https:\/\/explora.cl\/coquimbo\/establecimientos-de-salamanca-canela-y-los-vilos-seran-los-representantes-de-choapa-para-el-congreso-regional-escolar-de-ciencia-y-tecnologia\/\"]}]},{\"@type\":\"ImageObject\",\"inLanguage\":\"es-CL\",\"@id\":\"https:\/\/explora.cl\/coquimbo\/establecimientos-de-salamanca-canela-y-los-vilos-seran-los-representantes-de-choapa-para-el-congreso-regional-escolar-de-ciencia-y-tecnologia\/#primaryimage\",\"url\":\"https:\/\/explora.cl\/coquimbo\/wp-content\/uploads\/sites\/6\/2018\/06\/DSCF7895.jpg\",\"contentUrl\":\"https:\/\/explora.cl\/coquimbo\/wp-content\/uploads\/sites\/6\/2018\/06\/DSCF7895.jpg\",\"width\":989,\"height\":584},{\"@type\":\"BreadcrumbList\",\"@id\":\"https:\/\/explora.cl\/coquimbo\/establecimientos-de-salamanca-canela-y-los-vilos-seran-los-representantes-de-choapa-para-el-congreso-regional-escolar-de-ciencia-y-tecnologia\/#breadcrumb\",\"itemListElement\":[{\"@type\":\"ListItem\",\"position\":1,\"name\":\"Portada\",\"item\":\"https:\/\/explora.cl\/coquimbo\/\"},{\"@type\":\"ListItem\",\"position\":2,\"name\":\"Cinco establecimientos de Choapa representar\u00e1n a la provincia en el Congreso Regional Escolar de Ciencia y Tecnolog\u00eda\"}]},{\"@type\":\"WebSite\",\"@id\":\"https:\/\/explora.cl\/coquimbo\/#website\",\"url\":\"https:\/\/explora.cl\/coquimbo\/\",\"name\":\"Coquimbo\",\"description\":\"Otro sitio m\u00e1s de explora.cl\",\"publisher\":{\"@id\":\"https:\/\/explora.cl\/coquimbo\/#organization\"},\"potentialAction\":[{\"@type\":\"SearchAction\",\"target\":{\"@type\":\"EntryPoint\",\"urlTemplate\":\"https:\/\/explora.cl\/coquimbo\/?s={search_term_string}\"},\"query-input\":{\"@type\":\"PropertyValueSpecification\",\"valueRequired\":true,\"valueName\":\"search_term_string\"}}],\"inLanguage\":\"es-CL\"},{\"@type\":\"Organization\",\"@id\":\"https:\/\/explora.cl\/coquimbo\/#organization\",\"name\":\"Coquimbo\",\"url\":\"https:\/\/explora.cl\/coquimbo\/\",\"logo\":{\"@type\":\"ImageObject\",\"inLanguage\":\"es-CL\",\"@id\":\"https:\/\/explora.cl\/coquimbo\/#\/schema\/logo\/image\/\",\"url\":\"https:\/\/explora.cl\/coquimbo\/wp-content\/uploads\/sites\/6\/2020\/08\/cropped-Mesa-de-trabajo-1-100.jpg\",\"contentUrl\":\"https:\/\/explora.cl\/coquimbo\/wp-content\/uploads\/sites\/6\/2020\/08\/cropped-Mesa-de-trabajo-1-100.jpg\",\"width\":615,\"height\":576,\"caption\":\"Coquimbo\"},\"image\":{\"@id\":\"https:\/\/explora.cl\/coquimbo\/#\/schema\/logo\/image\/\"}},{\"@type\":\"Person\",\"@id\":\"https:\/\/explora.cl\/coquimbo\/#\/schema\/person\/cb8349c13ea2d324080adf8480d7ba5d\",\"name\":\"webman\",\"image\":{\"@type\":\"ImageObject\",\"inLanguage\":\"es-CL\",\"@id\":\"https:\/\/explora.cl\/coquimbo\/#\/schema\/person\/image\/\",\"url\":\"https:\/\/secure.gravatar.com\/avatar\/eeff3c82f2c02f7177d13663b7e6f890e9a6a0647ce9bb29cae02dcb094c7312?s=96&d=mm&r=g\",\"contentUrl\":\"https:\/\/secure.gravatar.com\/avatar\/eeff3c82f2c02f7177d13663b7e6f890e9a6a0647ce9bb29cae02dcb094c7312?s=96&d=mm&r=g\",\"caption\":\"webman\"},\"url\":\"https:\/\/explora.cl\/coquimbo\/author\/webman\/\"}]}<\/script>\n<!-- \/ Yoast SEO plugin. -->","yoast_head_json":{"title":"Cinco establecimientos de Choapa representar\u00e1n a la provincia en el Congreso Regional Escolar de Ciencia y Tecnolog\u00eda - Coquimbo","robots":{"index":"index","follow":"follow","max-snippet":"max-snippet:-1","max-image-preview":"max-image-preview:large","max-video-preview":"max-video-preview:-1"},"canonical":"https:\/\/explora.cl\/coquimbo\/establecimientos-de-salamanca-canela-y-los-vilos-seran-los-representantes-de-choapa-para-el-congreso-regional-escolar-de-ciencia-y-tecnologia\/","og_locale":"es_ES","og_type":"article","og_title":"Cinco establecimientos de Choapa representar\u00e1n a la provincia en el Congreso Regional Escolar de Ciencia y Tecnolog\u00eda - Coquimbo","og_description":"La actividad organizada por el PAR Explora Coquimbo y el Colegio Cumbres del Choapa, se realiz\u00f3 junto a una gran feria de ciencias en el establecimiento y que cont\u00f3 con una masiva asistencia.\u00a0 \u00a0 Fueron diez investigaciones oficiales y seis proyectos invitados, los que participaron del primer Congreso Provincial Escolar de Ciencia y Tecnolog\u00eda en [&hellip;]","og_url":"https:\/\/explora.cl\/coquimbo\/establecimientos-de-salamanca-canela-y-los-vilos-seran-los-representantes-de-choapa-para-el-congreso-regional-escolar-de-ciencia-y-tecnologia\/","og_site_name":"Coquimbo","article_published_time":"2016-09-30T04:00:00+00:00","article_modified_time":"2019-05-16T06:32:01+00:00","og_image":[{"width":989,"height":584,"url":"https:\/\/explora.cl\/coquimbo\/wp-content\/uploads\/sites\/6\/2018\/06\/DSCF7895.jpg","type":"image\/jpeg"}],"author":"webman","twitter_card":"summary_large_image","twitter_misc":{"Escrito por":"webman","Tiempo estimado de lectura":"4 minutos"},"schema":{"@context":"https:\/\/schema.org","@graph":[{"@type":"Article","@id":"https:\/\/explora.cl\/coquimbo\/establecimientos-de-salamanca-canela-y-los-vilos-seran-los-representantes-de-choapa-para-el-congreso-regional-escolar-de-ciencia-y-tecnologia\/#article","isPartOf":{"@id":"https:\/\/explora.cl\/coquimbo\/establecimientos-de-salamanca-canela-y-los-vilos-seran-los-representantes-de-choapa-para-el-congreso-regional-escolar-de-ciencia-y-tecnologia\/"},"author":{"name":"webman","@id":"https:\/\/explora.cl\/coquimbo\/#\/schema\/person\/cb8349c13ea2d324080adf8480d7ba5d"},"headline":"Cinco establecimientos de Choapa representar\u00e1n a la provincia en el Congreso Regional Escolar de Ciencia y Tecnolog\u00eda","datePublished":"2016-09-30T04:00:00+00:00","dateModified":"2019-05-16T06:32:01+00:00","mainEntityOfPage":{"@id":"https:\/\/explora.cl\/coquimbo\/establecimientos-de-salamanca-canela-y-los-vilos-seran-los-representantes-de-choapa-para-el-congreso-regional-escolar-de-ciencia-y-tecnologia\/"},"wordCount":736,"commentCount":0,"publisher":{"@id":"https:\/\/explora.cl\/coquimbo\/#organization"},"image":{"@id":"https:\/\/explora.cl\/coquimbo\/establecimientos-de-salamanca-canela-y-los-vilos-seran-los-representantes-de-choapa-para-el-congreso-regional-escolar-de-ciencia-y-tecnologia\/#primaryimage"},"thumbnailUrl":"https:\/\/explora.cl\/coquimbo\/wp-content\/uploads\/sites\/6\/2018\/06\/DSCF7895.jpg","articleSection":["Noticias"],"inLanguage":"es-CL","potentialAction":[{"@type":"CommentAction","name":"Comment","target":["https:\/\/explora.cl\/coquimbo\/establecimientos-de-salamanca-canela-y-los-vilos-seran-los-representantes-de-choapa-para-el-congreso-regional-escolar-de-ciencia-y-tecnologia\/#respond"]}]},{"@type":"WebPage","@id":"https:\/\/explora.cl\/coquimbo\/establecimientos-de-salamanca-canela-y-los-vilos-seran-los-representantes-de-choapa-para-el-congreso-regional-escolar-de-ciencia-y-tecnologia\/","url":"https:\/\/explora.cl\/coquimbo\/establecimientos-de-salamanca-canela-y-los-vilos-seran-los-representantes-de-choapa-para-el-congreso-regional-escolar-de-ciencia-y-tecnologia\/","name":"Cinco establecimientos de Choapa representar\u00e1n a la provincia en el Congreso Regional Escolar de Ciencia y Tecnolog\u00eda - Coquimbo","isPartOf":{"@id":"https:\/\/explora.cl\/coquimbo\/#website"},"primaryImageOfPage":{"@id":"https:\/\/explora.cl\/coquimbo\/establecimientos-de-salamanca-canela-y-los-vilos-seran-los-representantes-de-choapa-para-el-congreso-regional-escolar-de-ciencia-y-tecnologia\/#primaryimage"},"image":{"@id":"https:\/\/explora.cl\/coquimbo\/establecimientos-de-salamanca-canela-y-los-vilos-seran-los-representantes-de-choapa-para-el-congreso-regional-escolar-de-ciencia-y-tecnologia\/#primaryimage"},"thumbnailUrl":"https:\/\/explora.cl\/coquimbo\/wp-content\/uploads\/sites\/6\/2018\/06\/DSCF7895.jpg","datePublished":"2016-09-30T04:00:00+00:00","dateModified":"2019-05-16T06:32:01+00:00","breadcrumb":{"@id":"https:\/\/explora.cl\/coquimbo\/establecimientos-de-salamanca-canela-y-los-vilos-seran-los-representantes-de-choapa-para-el-congreso-regional-escolar-de-ciencia-y-tecnologia\/#breadcrumb"},"inLanguage":"es-CL","potentialAction":[{"@type":"ReadAction","target":["https:\/\/explora.cl\/coquimbo\/establecimientos-de-salamanca-canela-y-los-vilos-seran-los-representantes-de-choapa-para-el-congreso-regional-escolar-de-ciencia-y-tecnologia\/"]}]},{"@type":"ImageObject","inLanguage":"es-CL","@id":"https:\/\/explora.cl\/coquimbo\/establecimientos-de-salamanca-canela-y-los-vilos-seran-los-representantes-de-choapa-para-el-congreso-regional-escolar-de-ciencia-y-tecnologia\/#primaryimage","url":"https:\/\/explora.cl\/coquimbo\/wp-content\/uploads\/sites\/6\/2018\/06\/DSCF7895.jpg","contentUrl":"https:\/\/explora.cl\/coquimbo\/wp-content\/uploads\/sites\/6\/2018\/06\/DSCF7895.jpg","width":989,"height":584},{"@type":"BreadcrumbList","@id":"https:\/\/explora.cl\/coquimbo\/establecimientos-de-salamanca-canela-y-los-vilos-seran-los-representantes-de-choapa-para-el-congreso-regional-escolar-de-ciencia-y-tecnologia\/#breadcrumb","itemListElement":[{"@type":"ListItem","position":1,"name":"Portada","item":"https:\/\/explora.cl\/coquimbo\/"},{"@type":"ListItem","position":2,"name":"Cinco establecimientos de Choapa representar\u00e1n a la provincia en el Congreso Regional Escolar de Ciencia y Tecnolog\u00eda"}]},{"@type":"WebSite","@id":"https:\/\/explora.cl\/coquimbo\/#website","url":"https:\/\/explora.cl\/coquimbo\/","name":"Coquimbo","description":"Otro sitio m\u00e1s de explora.cl","publisher":{"@id":"https:\/\/explora.cl\/coquimbo\/#organization"},"potentialAction":[{"@type":"SearchAction","target":{"@type":"EntryPoint","urlTemplate":"https:\/\/explora.cl\/coquimbo\/?s={search_term_string}"},"query-input":{"@type":"PropertyValueSpecification","valueRequired":true,"valueName":"search_term_string"}}],"inLanguage":"es-CL"},{"@type":"Organization","@id":"https:\/\/explora.cl\/coquimbo\/#organization","name":"Coquimbo","url":"https:\/\/explora.cl\/coquimbo\/","logo":{"@type":"ImageObject","inLanguage":"es-CL","@id":"https:\/\/explora.cl\/coquimbo\/#\/schema\/logo\/image\/","url":"https:\/\/explora.cl\/coquimbo\/wp-content\/uploads\/sites\/6\/2020\/08\/cropped-Mesa-de-trabajo-1-100.jpg","contentUrl":"https:\/\/explora.cl\/coquimbo\/wp-content\/uploads\/sites\/6\/2020\/08\/cropped-Mesa-de-trabajo-1-100.jpg","width":615,"height":576,"caption":"Coquimbo"},"image":{"@id":"https:\/\/explora.cl\/coquimbo\/#\/schema\/logo\/image\/"}},{"@type":"Person","@id":"https:\/\/explora.cl\/coquimbo\/#\/schema\/person\/cb8349c13ea2d324080adf8480d7ba5d","name":"webman","image":{"@type":"ImageObject","inLanguage":"es-CL","@id":"https:\/\/explora.cl\/coquimbo\/#\/schema\/person\/image\/","url":"https:\/\/secure.gravatar.com\/avatar\/eeff3c82f2c02f7177d13663b7e6f890e9a6a0647ce9bb29cae02dcb094c7312?s=96&d=mm&r=g","contentUrl":"https:\/\/secure.gravatar.com\/avatar\/eeff3c82f2c02f7177d13663b7e6f890e9a6a0647ce9bb29cae02dcb094c7312?s=96&d=mm&r=g","caption":"webman"},"url":"https:\/\/explora.cl\/coquimbo\/author\/webman\/"}]}},"_links":{"self":[{"href":"https:\/\/explora.cl\/coquimbo\/wp-json\/wp\/v2\/posts\/32526","targetHints":{"allow":["GET"]}}],"collection":[{"href":"https:\/\/explora.cl\/coquimbo\/wp-json\/wp\/v2\/posts"}],"about":[{"href":"https:\/\/explora.cl\/coquimbo\/wp-json\/wp\/v2\/types\/post"}],"author":[{"embeddable":true,"href":"https:\/\/explora.cl\/coquimbo\/wp-json\/wp\/v2\/users\/2"}],"replies":[{"embeddable":true,"href":"https:\/\/explora.cl\/coquimbo\/wp-json\/wp\/v2\/comments?post=32526"}],"version-history":[{"count":1,"href":"https:\/\/explora.cl\/coquimbo\/wp-json\/wp\/v2\/posts\/32526\/revisions"}],"predecessor-version":[{"id":38960,"href":"https:\/\/explora.cl\/coquimbo\/wp-json\/wp\/v2\/posts\/32526\/revisions\/38960"}],"wp:featuredmedia":[{"embeddable":true,"href":"https:\/\/explora.cl\/coquimbo\/wp-json\/wp\/v2\/media\/32527"}],"wp:attachment":[{"href":"https:\/\/explora.cl\/coquimbo\/wp-json\/wp\/v2\/media?parent=32526"}],"wp:term":[{"taxonomy":"category","embeddable":true,"href":"https:\/\/explora.cl\/coquimbo\/wp-json\/wp\/v2\/categories?post=32526"},{"taxonomy":"post_tag","embeddable":true,"href":"https:\/\/explora.cl\/coquimbo\/wp-json\/wp\/v2\/tags?post=32526"}],"curies":[{"name":"wp","href":"https:\/\/api.w.org\/{rel}","templated":true}]}}