{"id":32476,"date":"2016-08-30T00:00:00","date_gmt":"2016-08-30T04:00:00","guid":{"rendered":"https:\/\/explora.cl\/coquimbo\/blog\/2016\/08\/30\/invitan-a-educadores-ambientales-a-capacitacion-sobre-sustentabilidad\/"},"modified":"2019-05-16T06:32:44","modified_gmt":"2019-05-16T06:32:44","slug":"invitan-a-educadores-ambientales-a-capacitacion-sobre-sustentabilidad","status":"publish","type":"post","link":"https:\/\/explora.cl\/coquimbo\/invitan-a-educadores-ambientales-a-capacitacion-sobre-sustentabilidad\/","title":{"rendered":"Invitan a educadores ambientales a capacitaci\u00f3n sobre sustentabilidad"},"content":{"rendered":"<p class=\"MsoNormal\" style=\"text-align: center\"><span lang=\"ES\"><em>La jornada formativa es organizada por la mesa interinstitucional \u201cEducaci\u00f3n Para la Sustentabilidad\u201d y se realizar\u00e1 el pr\u00f3ximo 6 y 7 de septiembre en Coquimbo.<\/em><\/span><\/p>\n<hr \/>\n<p class=\"MsoNormal\" style=\"text-align: center\">\u00a0<\/p>\n<p class=\"MsoNormal\"><span lang=\"ES\">\u00a0<\/span><\/p>\n<p class=\"MsoNormal\" style=\"text-align: justify\"><span lang=\"ES\">Para fortalecer las herramientas y buenas pr\u00e1cticas de quienes trabajan en el \u00e1rea de educaci\u00f3n ambiental, el pr\u00f3ximo martes 6 y mi\u00e9rcoles 7 de septiembre, entre las 09:00 a las 18:00 horas, en la Universidad Cat\u00f3lica del Norte de Coquimbo se desarrollar\u00e1 el 6\u00ba Seminario Habla Educador: \u201cConstrucci\u00f3n de Comunidades Sustentables para la Protecci\u00f3n del Patrimonio Ambiental de la Regi\u00f3n de Coquimbo\u201d, organizado por la Mesa Regional de Educaci\u00f3n Para la Sustentabilidad, cuyo eje de acci\u00f3n es instaurar procesos de educaci\u00f3n permanente que promuevan ciudadanos empoderados y comprometidos con el cuidado del medio ambiente.<\/span><span style=\"font-size: 12.16px;line-height: 1.3em\">\u00a0<\/span><\/p>\n<p class=\"MsoNormal\"><span lang=\"ES\">La mesa interinstitucional \u201cEducaci\u00f3n para la Sustentabilidad\u201d es liderada por la SEREMI del Medio Ambiente y participan la SEREMI de Educaci\u00f3n, SEREMI de Energ\u00eda, JUNJI, CONAF, DGA, \u00a0Universidad Cat\u00f3lica del Norte con su proyecto Par Explora CONICYT y programa Campus Sustentable, los centros de investigaci\u00f3n CEAZA y CAZALAC, el Observatorio Astron\u00f3mico Cerro Tololo, la agrupaci\u00f3n Tierra y Valle de los Ni\u00f1os, las fundaciones Ciencia para Todos y Alter-Eco, la ONG Red Aves, el Consejo Nacional de Televisi\u00f3n, entre otros colaboradores.<\/span><span style=\"font-size: 12.16px;line-height: 1.3em\">\u00a0<img fetchpriority=\"high\" decoding=\"async\" class=\" alignright size-full wp-image-20268\" style=\"float: right\" src=\"http:\/\/ec2-54-245-22-188.us-west-2.compute.amazonaws.com\/wp-content\/uploads\/2016\/08\/1.JPG\" alt=\"\" width=\"5184\" height=\"3456\" \/><\/span><\/p>\n<p class=\"MsoNormal\" style=\"text-align: justify\"><span lang=\"ES\">El seremi subrogante del Medio Ambiente, Sergio Troncoso, explica que \u201ca trav\u00e9s de un trabajo colectivo, los organismos que pertenecen a esta mesa han definido en la Estrategia Regional de Educaci\u00f3n para la Sustentabilidad 2015-2020 capacitar en cinco principales temas que son biodiversidad, eficiencia energ\u00e9tica, residuos, recurso h\u00eddrico, astronom\u00eda y cambio clim\u00e1tico\u201d.<\/span><span style=\"font-size: 12.16px;line-height: 1.3em\">\u00a0<\/span><\/p>\n<p class=\"MsoNormal\" style=\"text-align: justify\"><span lang=\"ES\">A esta actividad se convocan a educadores de colegios, jardines infantiles, instituciones p\u00fablicas y privadas, profesionales municipales y de servicios p\u00fablicos que desarrollan acciones de gesti\u00f3n ambiental y educaci\u00f3n para la sustentabilidad. Adem\u00e1s alumnos y representantes de universidades, centros de investigaci\u00f3n, organizaciones no gubernamentales, adem\u00e1s de p\u00fablico en general. Los interesados deben inscribirse en el correo <a href=\"mailto:hablaeducadorcoquimbo@mma.gob.cl\"><span style=\"font-family: gobCL\">hablaeducadorcoquimbo@mma.gob.cl<\/span><\/a> o al tel\u00e9fono 51-2473161.<\/span><span style=\"font-size: 12.16px;line-height: 1.3em\">\u00a0<\/span><\/p>\n<p style=\"text-align: justify\">\u00a0<\/p>\n<p class=\"MsoNormal\" style=\"text-align: justify\"><span lang=\"ES\">Entre los temas que se abordar\u00e1n en el seminario, ser\u00e1 la nueva Ley de Reciclaje y la gesti\u00f3n de residuos en Chile, el impacto del crecimiento urbano en el borde costero de la Regi\u00f3n de Coquimbo y experiencias de conservaci\u00f3n de ecosistemas y especies tanto p\u00fablicas como privadas. Adem\u00e1s, se dar\u00e1n a conocer algunos proyectos ciudadanos vinculados a la adaptaci\u00f3n al cambio clim\u00e1tico, conservaci\u00f3n de humedales y aves. Junto a esto, se discutir\u00e1 el rol de la investigaci\u00f3n escolar en la gesti\u00f3n de residuos y conservaci\u00f3n de la naturaleza, entre otros temas asociados a la protecci\u00f3n del entorno y los recursos naturales.\u00a0 M\u00e1s informaci\u00f3n en <a href=\"http:\/\/www.educacionsustentable.cl\/\"><span style=\"font-family: gobCL\">www.educacionsustentable.cl<\/span><\/a> .-\u00a0<\/span><\/p>\n","protected":false},"excerpt":{"rendered":"<p>La jornada formativa es organizada por la mesa interinstitucional \u201cEducaci\u00f3n Para la Sustentabilidad\u201d y se realizar\u00e1 el pr\u00f3ximo 6 y 7 de septiembre en Coquimbo. \u00a0 \u00a0 Para fortalecer las herramientas y buenas pr\u00e1cticas de quienes trabajan en el \u00e1rea de educaci\u00f3n ambiental, el pr\u00f3ximo martes 6 y mi\u00e9rcoles 7 de septiembre, entre las 09:00 [&hellip;]<\/p>\n","protected":false},"author":2,"featured_media":33861,"comment_status":"open","ping_status":"open","sticky":false,"template":"","format":"standard","meta":{"_acf_changed":false,"_exactmetrics_skip_tracking":false,"_exactmetrics_sitenote_active":false,"_exactmetrics_sitenote_note":"","_exactmetrics_sitenote_category":0,"footnotes":"","_links_to":"","_links_to_target":""},"categories":[4],"tags":[],"class_list":["post-32476","post","type-post","status-publish","format-standard","has-post-thumbnail","hentry","category-noticias"],"acf":[],"yoast_head":"<!-- This site is optimized with the Yoast SEO plugin v26.9 - https:\/\/yoast.com\/product\/yoast-seo-wordpress\/ -->\n<title>Invitan a educadores ambientales a capacitaci\u00f3n sobre sustentabilidad - Coquimbo<\/title>\n<meta name=\"robots\" content=\"index, follow, max-snippet:-1, max-image-preview:large, max-video-preview:-1\" \/>\n<link rel=\"canonical\" href=\"https:\/\/explora.cl\/coquimbo\/invitan-a-educadores-ambientales-a-capacitacion-sobre-sustentabilidad\/\" class=\"yoast-seo-meta-tag\" \/>\n<meta property=\"og:locale\" content=\"es_ES\" class=\"yoast-seo-meta-tag\" \/>\n<meta property=\"og:type\" content=\"article\" class=\"yoast-seo-meta-tag\" \/>\n<meta property=\"og:title\" content=\"Invitan a educadores ambientales a capacitaci\u00f3n sobre sustentabilidad - Coquimbo\" class=\"yoast-seo-meta-tag\" \/>\n<meta property=\"og:description\" content=\"La jornada formativa es organizada por la mesa interinstitucional \u201cEducaci\u00f3n Para la Sustentabilidad\u201d y se realizar\u00e1 el pr\u00f3ximo 6 y 7 de septiembre en Coquimbo. \u00a0 \u00a0 Para fortalecer las herramientas y buenas pr\u00e1cticas de quienes trabajan en el \u00e1rea de educaci\u00f3n ambiental, el pr\u00f3ximo martes 6 y mi\u00e9rcoles 7 de septiembre, entre las 09:00 [&hellip;]\" class=\"yoast-seo-meta-tag\" \/>\n<meta property=\"og:url\" content=\"https:\/\/explora.cl\/coquimbo\/invitan-a-educadores-ambientales-a-capacitacion-sobre-sustentabilidad\/\" class=\"yoast-seo-meta-tag\" \/>\n<meta property=\"og:site_name\" content=\"Coquimbo\" class=\"yoast-seo-meta-tag\" \/>\n<meta property=\"article:published_time\" content=\"2016-08-30T04:00:00+00:00\" class=\"yoast-seo-meta-tag\" \/>\n<meta property=\"article:modified_time\" content=\"2019-05-16T06:32:44+00:00\" class=\"yoast-seo-meta-tag\" \/>\n<meta property=\"og:image\" content=\"https:\/\/explora.cl\/coquimbo\/wp-content\/uploads\/sites\/6\/2018\/06\/1-1.jpg\" class=\"yoast-seo-meta-tag\" \/>\n\t<meta property=\"og:image:width\" content=\"120\" class=\"yoast-seo-meta-tag\" \/>\n\t<meta property=\"og:image:height\" content=\"120\" class=\"yoast-seo-meta-tag\" \/>\n\t<meta property=\"og:image:type\" content=\"image\/jpeg\" class=\"yoast-seo-meta-tag\" \/>\n<meta name=\"author\" content=\"webman\" class=\"yoast-seo-meta-tag\" \/>\n<meta name=\"twitter:card\" content=\"summary_large_image\" class=\"yoast-seo-meta-tag\" \/>\n<meta name=\"twitter:label1\" content=\"Escrito por\" class=\"yoast-seo-meta-tag\" \/>\n\t<meta name=\"twitter:data1\" content=\"webman\" class=\"yoast-seo-meta-tag\" \/>\n\t<meta name=\"twitter:label2\" content=\"Tiempo estimado de lectura\" class=\"yoast-seo-meta-tag\" \/>\n\t<meta name=\"twitter:data2\" content=\"2 minutos\" class=\"yoast-seo-meta-tag\" \/>\n<script type=\"application\/ld+json\" class=\"yoast-schema-graph\">{\"@context\":\"https:\/\/schema.org\",\"@graph\":[{\"@type\":\"Article\",\"@id\":\"https:\/\/explora.cl\/coquimbo\/invitan-a-educadores-ambientales-a-capacitacion-sobre-sustentabilidad\/#article\",\"isPartOf\":{\"@id\":\"https:\/\/explora.cl\/coquimbo\/invitan-a-educadores-ambientales-a-capacitacion-sobre-sustentabilidad\/\"},\"author\":{\"name\":\"webman\",\"@id\":\"https:\/\/explora.cl\/coquimbo\/#\/schema\/person\/cb8349c13ea2d324080adf8480d7ba5d\"},\"headline\":\"Invitan a educadores ambientales a capacitaci\u00f3n sobre sustentabilidad\",\"datePublished\":\"2016-08-30T04:00:00+00:00\",\"dateModified\":\"2019-05-16T06:32:44+00:00\",\"mainEntityOfPage\":{\"@id\":\"https:\/\/explora.cl\/coquimbo\/invitan-a-educadores-ambientales-a-capacitacion-sobre-sustentabilidad\/\"},\"wordCount\":479,\"commentCount\":0,\"publisher\":{\"@id\":\"https:\/\/explora.cl\/coquimbo\/#organization\"},\"image\":{\"@id\":\"https:\/\/explora.cl\/coquimbo\/invitan-a-educadores-ambientales-a-capacitacion-sobre-sustentabilidad\/#primaryimage\"},\"thumbnailUrl\":\"https:\/\/explora.cl\/coquimbo\/wp-content\/uploads\/sites\/6\/2018\/06\/1-1.jpg\",\"articleSection\":[\"Noticias\"],\"inLanguage\":\"es-CL\",\"potentialAction\":[{\"@type\":\"CommentAction\",\"name\":\"Comment\",\"target\":[\"https:\/\/explora.cl\/coquimbo\/invitan-a-educadores-ambientales-a-capacitacion-sobre-sustentabilidad\/#respond\"]}]},{\"@type\":\"WebPage\",\"@id\":\"https:\/\/explora.cl\/coquimbo\/invitan-a-educadores-ambientales-a-capacitacion-sobre-sustentabilidad\/\",\"url\":\"https:\/\/explora.cl\/coquimbo\/invitan-a-educadores-ambientales-a-capacitacion-sobre-sustentabilidad\/\",\"name\":\"Invitan a educadores ambientales a capacitaci\u00f3n sobre sustentabilidad - Coquimbo\",\"isPartOf\":{\"@id\":\"https:\/\/explora.cl\/coquimbo\/#website\"},\"primaryImageOfPage\":{\"@id\":\"https:\/\/explora.cl\/coquimbo\/invitan-a-educadores-ambientales-a-capacitacion-sobre-sustentabilidad\/#primaryimage\"},\"image\":{\"@id\":\"https:\/\/explora.cl\/coquimbo\/invitan-a-educadores-ambientales-a-capacitacion-sobre-sustentabilidad\/#primaryimage\"},\"thumbnailUrl\":\"https:\/\/explora.cl\/coquimbo\/wp-content\/uploads\/sites\/6\/2018\/06\/1-1.jpg\",\"datePublished\":\"2016-08-30T04:00:00+00:00\",\"dateModified\":\"2019-05-16T06:32:44+00:00\",\"breadcrumb\":{\"@id\":\"https:\/\/explora.cl\/coquimbo\/invitan-a-educadores-ambientales-a-capacitacion-sobre-sustentabilidad\/#breadcrumb\"},\"inLanguage\":\"es-CL\",\"potentialAction\":[{\"@type\":\"ReadAction\",\"target\":[\"https:\/\/explora.cl\/coquimbo\/invitan-a-educadores-ambientales-a-capacitacion-sobre-sustentabilidad\/\"]}]},{\"@type\":\"ImageObject\",\"inLanguage\":\"es-CL\",\"@id\":\"https:\/\/explora.cl\/coquimbo\/invitan-a-educadores-ambientales-a-capacitacion-sobre-sustentabilidad\/#primaryimage\",\"url\":\"https:\/\/explora.cl\/coquimbo\/wp-content\/uploads\/sites\/6\/2018\/06\/1-1.jpg\",\"contentUrl\":\"https:\/\/explora.cl\/coquimbo\/wp-content\/uploads\/sites\/6\/2018\/06\/1-1.jpg\",\"width\":120,\"height\":120},{\"@type\":\"BreadcrumbList\",\"@id\":\"https:\/\/explora.cl\/coquimbo\/invitan-a-educadores-ambientales-a-capacitacion-sobre-sustentabilidad\/#breadcrumb\",\"itemListElement\":[{\"@type\":\"ListItem\",\"position\":1,\"name\":\"Portada\",\"item\":\"https:\/\/explora.cl\/coquimbo\/\"},{\"@type\":\"ListItem\",\"position\":2,\"name\":\"Invitan a educadores ambientales a capacitaci\u00f3n sobre sustentabilidad\"}]},{\"@type\":\"WebSite\",\"@id\":\"https:\/\/explora.cl\/coquimbo\/#website\",\"url\":\"https:\/\/explora.cl\/coquimbo\/\",\"name\":\"Coquimbo\",\"description\":\"Otro sitio m\u00e1s de explora.cl\",\"publisher\":{\"@id\":\"https:\/\/explora.cl\/coquimbo\/#organization\"},\"potentialAction\":[{\"@type\":\"SearchAction\",\"target\":{\"@type\":\"EntryPoint\",\"urlTemplate\":\"https:\/\/explora.cl\/coquimbo\/?s={search_term_string}\"},\"query-input\":{\"@type\":\"PropertyValueSpecification\",\"valueRequired\":true,\"valueName\":\"search_term_string\"}}],\"inLanguage\":\"es-CL\"},{\"@type\":\"Organization\",\"@id\":\"https:\/\/explora.cl\/coquimbo\/#organization\",\"name\":\"Coquimbo\",\"url\":\"https:\/\/explora.cl\/coquimbo\/\",\"logo\":{\"@type\":\"ImageObject\",\"inLanguage\":\"es-CL\",\"@id\":\"https:\/\/explora.cl\/coquimbo\/#\/schema\/logo\/image\/\",\"url\":\"https:\/\/explora.cl\/coquimbo\/wp-content\/uploads\/sites\/6\/2020\/08\/cropped-Mesa-de-trabajo-1-100.jpg\",\"contentUrl\":\"https:\/\/explora.cl\/coquimbo\/wp-content\/uploads\/sites\/6\/2020\/08\/cropped-Mesa-de-trabajo-1-100.jpg\",\"width\":615,\"height\":576,\"caption\":\"Coquimbo\"},\"image\":{\"@id\":\"https:\/\/explora.cl\/coquimbo\/#\/schema\/logo\/image\/\"}},{\"@type\":\"Person\",\"@id\":\"https:\/\/explora.cl\/coquimbo\/#\/schema\/person\/cb8349c13ea2d324080adf8480d7ba5d\",\"name\":\"webman\",\"image\":{\"@type\":\"ImageObject\",\"inLanguage\":\"es-CL\",\"@id\":\"https:\/\/explora.cl\/coquimbo\/#\/schema\/person\/image\/\",\"url\":\"https:\/\/secure.gravatar.com\/avatar\/eeff3c82f2c02f7177d13663b7e6f890e9a6a0647ce9bb29cae02dcb094c7312?s=96&d=mm&r=g\",\"contentUrl\":\"https:\/\/secure.gravatar.com\/avatar\/eeff3c82f2c02f7177d13663b7e6f890e9a6a0647ce9bb29cae02dcb094c7312?s=96&d=mm&r=g\",\"caption\":\"webman\"},\"url\":\"https:\/\/explora.cl\/coquimbo\/author\/webman\/\"}]}<\/script>\n<!-- \/ Yoast SEO plugin. -->","yoast_head_json":{"title":"Invitan a educadores ambientales a capacitaci\u00f3n sobre sustentabilidad - Coquimbo","robots":{"index":"index","follow":"follow","max-snippet":"max-snippet:-1","max-image-preview":"max-image-preview:large","max-video-preview":"max-video-preview:-1"},"canonical":"https:\/\/explora.cl\/coquimbo\/invitan-a-educadores-ambientales-a-capacitacion-sobre-sustentabilidad\/","og_locale":"es_ES","og_type":"article","og_title":"Invitan a educadores ambientales a capacitaci\u00f3n sobre sustentabilidad - Coquimbo","og_description":"La jornada formativa es organizada por la mesa interinstitucional \u201cEducaci\u00f3n Para la Sustentabilidad\u201d y se realizar\u00e1 el pr\u00f3ximo 6 y 7 de septiembre en Coquimbo. \u00a0 \u00a0 Para fortalecer las herramientas y buenas pr\u00e1cticas de quienes trabajan en el \u00e1rea de educaci\u00f3n ambiental, el pr\u00f3ximo martes 6 y mi\u00e9rcoles 7 de septiembre, entre las 09:00 [&hellip;]","og_url":"https:\/\/explora.cl\/coquimbo\/invitan-a-educadores-ambientales-a-capacitacion-sobre-sustentabilidad\/","og_site_name":"Coquimbo","article_published_time":"2016-08-30T04:00:00+00:00","article_modified_time":"2019-05-16T06:32:44+00:00","og_image":[{"width":120,"height":120,"url":"https:\/\/explora.cl\/coquimbo\/wp-content\/uploads\/sites\/6\/2018\/06\/1-1.jpg","type":"image\/jpeg"}],"author":"webman","twitter_card":"summary_large_image","twitter_misc":{"Escrito por":"webman","Tiempo estimado de lectura":"2 minutos"},"schema":{"@context":"https:\/\/schema.org","@graph":[{"@type":"Article","@id":"https:\/\/explora.cl\/coquimbo\/invitan-a-educadores-ambientales-a-capacitacion-sobre-sustentabilidad\/#article","isPartOf":{"@id":"https:\/\/explora.cl\/coquimbo\/invitan-a-educadores-ambientales-a-capacitacion-sobre-sustentabilidad\/"},"author":{"name":"webman","@id":"https:\/\/explora.cl\/coquimbo\/#\/schema\/person\/cb8349c13ea2d324080adf8480d7ba5d"},"headline":"Invitan a educadores ambientales a capacitaci\u00f3n sobre sustentabilidad","datePublished":"2016-08-30T04:00:00+00:00","dateModified":"2019-05-16T06:32:44+00:00","mainEntityOfPage":{"@id":"https:\/\/explora.cl\/coquimbo\/invitan-a-educadores-ambientales-a-capacitacion-sobre-sustentabilidad\/"},"wordCount":479,"commentCount":0,"publisher":{"@id":"https:\/\/explora.cl\/coquimbo\/#organization"},"image":{"@id":"https:\/\/explora.cl\/coquimbo\/invitan-a-educadores-ambientales-a-capacitacion-sobre-sustentabilidad\/#primaryimage"},"thumbnailUrl":"https:\/\/explora.cl\/coquimbo\/wp-content\/uploads\/sites\/6\/2018\/06\/1-1.jpg","articleSection":["Noticias"],"inLanguage":"es-CL","potentialAction":[{"@type":"CommentAction","name":"Comment","target":["https:\/\/explora.cl\/coquimbo\/invitan-a-educadores-ambientales-a-capacitacion-sobre-sustentabilidad\/#respond"]}]},{"@type":"WebPage","@id":"https:\/\/explora.cl\/coquimbo\/invitan-a-educadores-ambientales-a-capacitacion-sobre-sustentabilidad\/","url":"https:\/\/explora.cl\/coquimbo\/invitan-a-educadores-ambientales-a-capacitacion-sobre-sustentabilidad\/","name":"Invitan a educadores ambientales a capacitaci\u00f3n sobre sustentabilidad - Coquimbo","isPartOf":{"@id":"https:\/\/explora.cl\/coquimbo\/#website"},"primaryImageOfPage":{"@id":"https:\/\/explora.cl\/coquimbo\/invitan-a-educadores-ambientales-a-capacitacion-sobre-sustentabilidad\/#primaryimage"},"image":{"@id":"https:\/\/explora.cl\/coquimbo\/invitan-a-educadores-ambientales-a-capacitacion-sobre-sustentabilidad\/#primaryimage"},"thumbnailUrl":"https:\/\/explora.cl\/coquimbo\/wp-content\/uploads\/sites\/6\/2018\/06\/1-1.jpg","datePublished":"2016-08-30T04:00:00+00:00","dateModified":"2019-05-16T06:32:44+00:00","breadcrumb":{"@id":"https:\/\/explora.cl\/coquimbo\/invitan-a-educadores-ambientales-a-capacitacion-sobre-sustentabilidad\/#breadcrumb"},"inLanguage":"es-CL","potentialAction":[{"@type":"ReadAction","target":["https:\/\/explora.cl\/coquimbo\/invitan-a-educadores-ambientales-a-capacitacion-sobre-sustentabilidad\/"]}]},{"@type":"ImageObject","inLanguage":"es-CL","@id":"https:\/\/explora.cl\/coquimbo\/invitan-a-educadores-ambientales-a-capacitacion-sobre-sustentabilidad\/#primaryimage","url":"https:\/\/explora.cl\/coquimbo\/wp-content\/uploads\/sites\/6\/2018\/06\/1-1.jpg","contentUrl":"https:\/\/explora.cl\/coquimbo\/wp-content\/uploads\/sites\/6\/2018\/06\/1-1.jpg","width":120,"height":120},{"@type":"BreadcrumbList","@id":"https:\/\/explora.cl\/coquimbo\/invitan-a-educadores-ambientales-a-capacitacion-sobre-sustentabilidad\/#breadcrumb","itemListElement":[{"@type":"ListItem","position":1,"name":"Portada","item":"https:\/\/explora.cl\/coquimbo\/"},{"@type":"ListItem","position":2,"name":"Invitan a educadores ambientales a capacitaci\u00f3n sobre sustentabilidad"}]},{"@type":"WebSite","@id":"https:\/\/explora.cl\/coquimbo\/#website","url":"https:\/\/explora.cl\/coquimbo\/","name":"Coquimbo","description":"Otro sitio m\u00e1s de explora.cl","publisher":{"@id":"https:\/\/explora.cl\/coquimbo\/#organization"},"potentialAction":[{"@type":"SearchAction","target":{"@type":"EntryPoint","urlTemplate":"https:\/\/explora.cl\/coquimbo\/?s={search_term_string}"},"query-input":{"@type":"PropertyValueSpecification","valueRequired":true,"valueName":"search_term_string"}}],"inLanguage":"es-CL"},{"@type":"Organization","@id":"https:\/\/explora.cl\/coquimbo\/#organization","name":"Coquimbo","url":"https:\/\/explora.cl\/coquimbo\/","logo":{"@type":"ImageObject","inLanguage":"es-CL","@id":"https:\/\/explora.cl\/coquimbo\/#\/schema\/logo\/image\/","url":"https:\/\/explora.cl\/coquimbo\/wp-content\/uploads\/sites\/6\/2020\/08\/cropped-Mesa-de-trabajo-1-100.jpg","contentUrl":"https:\/\/explora.cl\/coquimbo\/wp-content\/uploads\/sites\/6\/2020\/08\/cropped-Mesa-de-trabajo-1-100.jpg","width":615,"height":576,"caption":"Coquimbo"},"image":{"@id":"https:\/\/explora.cl\/coquimbo\/#\/schema\/logo\/image\/"}},{"@type":"Person","@id":"https:\/\/explora.cl\/coquimbo\/#\/schema\/person\/cb8349c13ea2d324080adf8480d7ba5d","name":"webman","image":{"@type":"ImageObject","inLanguage":"es-CL","@id":"https:\/\/explora.cl\/coquimbo\/#\/schema\/person\/image\/","url":"https:\/\/secure.gravatar.com\/avatar\/eeff3c82f2c02f7177d13663b7e6f890e9a6a0647ce9bb29cae02dcb094c7312?s=96&d=mm&r=g","contentUrl":"https:\/\/secure.gravatar.com\/avatar\/eeff3c82f2c02f7177d13663b7e6f890e9a6a0647ce9bb29cae02dcb094c7312?s=96&d=mm&r=g","caption":"webman"},"url":"https:\/\/explora.cl\/coquimbo\/author\/webman\/"}]}},"_links":{"self":[{"href":"https:\/\/explora.cl\/coquimbo\/wp-json\/wp\/v2\/posts\/32476","targetHints":{"allow":["GET"]}}],"collection":[{"href":"https:\/\/explora.cl\/coquimbo\/wp-json\/wp\/v2\/posts"}],"about":[{"href":"https:\/\/explora.cl\/coquimbo\/wp-json\/wp\/v2\/types\/post"}],"author":[{"embeddable":true,"href":"https:\/\/explora.cl\/coquimbo\/wp-json\/wp\/v2\/users\/2"}],"replies":[{"embeddable":true,"href":"https:\/\/explora.cl\/coquimbo\/wp-json\/wp\/v2\/comments?post=32476"}],"version-history":[{"count":1,"href":"https:\/\/explora.cl\/coquimbo\/wp-json\/wp\/v2\/posts\/32476\/revisions"}],"predecessor-version":[{"id":38985,"href":"https:\/\/explora.cl\/coquimbo\/wp-json\/wp\/v2\/posts\/32476\/revisions\/38985"}],"wp:featuredmedia":[{"embeddable":true,"href":"https:\/\/explora.cl\/coquimbo\/wp-json\/wp\/v2\/media\/33861"}],"wp:attachment":[{"href":"https:\/\/explora.cl\/coquimbo\/wp-json\/wp\/v2\/media?parent=32476"}],"wp:term":[{"taxonomy":"category","embeddable":true,"href":"https:\/\/explora.cl\/coquimbo\/wp-json\/wp\/v2\/categories?post=32476"},{"taxonomy":"post_tag","embeddable":true,"href":"https:\/\/explora.cl\/coquimbo\/wp-json\/wp\/v2\/tags?post=32476"}],"curies":[{"name":"wp","href":"https:\/\/api.w.org\/{rel}","templated":true}]}}