{"id":32472,"date":"2016-08-26T00:00:00","date_gmt":"2016-08-26T04:00:00","guid":{"rendered":"https:\/\/explora.cl\/coquimbo\/blog\/2016\/08\/26\/ya-estan-abiertas-las-postulaciones-al-premio-de-innovacion-en-educacion-cientifica-2016\/"},"modified":"2019-05-16T06:32:45","modified_gmt":"2019-05-16T06:32:45","slug":"ya-estan-abiertas-las-postulaciones-al-premio-de-innovacion-en-educacion-cientifica-2016","status":"publish","type":"post","link":"https:\/\/explora.cl\/coquimbo\/ya-estan-abiertas-las-postulaciones-al-premio-de-innovacion-en-educacion-cientifica-2016\/","title":{"rendered":"Ya est\u00e1n abiertas las postulaciones al Premio de Innovaci\u00f3n en Educaci\u00f3n Cient\u00edfica 2016"},"content":{"rendered":"<p class=\"MsoNormal\" style=\"text-align: center\"><em><span style=\"font-family: Calibri, sans-serif;background-image: initial;background-position: initial\">Por cuarto a\u00f1o consecutivo Fundaci\u00f3n Ciencia Joven y UNESCO reconocer\u00e1n a 5 iniciativas que se destaquen en la ense\u00f1anza de las ciencias<\/span><span style=\"font-family: 'Calibri',sans-serif\">. <span style=\"background-image: initial;background-position: initial\">Hasta el 20 de septiembre se podr\u00e1 postular al Premio Innovaci\u00f3n en Educaci\u00f3n Cient\u00edfica 2016.<\/span><\/span><\/em><\/p>\n<hr \/>\n<p class=\"MsoNormal\" style=\"text-align: center\">\u00a0<\/p>\n<p class=\"MsoNormal\" style=\"text-align: center\"><span style=\"font-family: Calibri, sans-serif;background-image: initial;background-position: initial\">Fundaci\u00f3n Ciencia Joven y la Oficina Regional de Educaci\u00f3n de Unesco para Am\u00e9rica Latina y el Caribe, lanz\u00f3 la convocatoria del Premio Anual Innovaci\u00f3n en Educaci\u00f3n Cient\u00edfica 2016.<\/span><span style=\"font-family: Calibri, sans-serif;background-image: initial;background-position: initial\">\u00a0<\/span><\/p>\n<p class=\"MsoNormal\"><span style=\"font-family: Calibri, sans-serif;background-image: initial;background-position: initial\">El reconocimiento tiene por finalidad destacar y difundir las cinco iniciativas m\u00e1s innovadoras<\/span><span lang=\"ES-TRAD\" style=\"font-family: Calibri, sans-serif;background-image: initial;background-position: initial\"> que presenten un impacto positivo y medible en la educaci\u00f3n cient\u00edfica de escolares, universitarios y profesores. \u201cBuscamos reconocer a las instituciones que est\u00e1n generando innovaciones de alto impacto en la educaci\u00f3n cient\u00edfica de Chile, potenciando una red de innovadores en educaci\u00f3n, la cual ya est\u00e1 conformada por 15 iniciativas a lo largo de todo Chile\u201d, indica Oscar Contreras-Villarroel, director ejecutivo de Ciencia Joven.<\/span><span lang=\"ES-TRAD\" style=\"font-family: Calibri, sans-serif;background-image: initial;background-position: initial\">\u00a0<img fetchpriority=\"high\" decoding=\"async\" class=\" alignright size-full wp-image-20155\" style=\"float: right\" src=\"http:\/\/ec2-54-245-22-188.us-west-2.compute.amazonaws.com\/wp-content\/uploads\/2016\/08\/IMG_2313.jpg\" alt=\"\" width=\"440\" height=\"220\" \/><\/span><\/p>\n<p class=\"MsoNormal\"><span lang=\"ES-TRAD\" style=\"font-family: Calibri, sans-serif;background-image: initial;background-position: initial\">Se seleccionar\u00e1 a un ganador por categor\u00eda: <\/span><span lang=\"ES-TRAD\" style=\"font-family: 'Calibri',sans-serif\">Educaci\u00f3n Cient\u00edfica Formal, No Formal, Superior, Docentes y TICs<span style=\"background-image: initial;background-position: initial\">; quienes recibir\u00e1n un galvano de reconocimiento en la Ceremonia de Premiaci\u00f3n a realizarse en noviembre del presente a\u00f1o; junto con <\/span><\/span><span style=\"font-family: Calibri, sans-serif;background-image: initial;background-position: initial\">el sello de Innovaci\u00f3n en Educaci\u00f3n Cient\u00edfica<\/span><span style=\"font-family: Calibri, sans-serif;background-image: initial;background-position: initial\"> <span lang=\"ES-TRAD\">y la participaci\u00f3n en una <\/span><\/span><span style=\"font-family: Calibri, sans-serif;background-image: initial;background-position: initial\">Capacitaci\u00f3n Especializada en tem\u00e1ticas de Comunicaci\u00f3n, Innovaci\u00f3n, Educaci\u00f3n y Medici\u00f3n de Impacto, desarrollada por expertos nacionales e internacionales en lugar y fecha por definir.<\/span><\/p>\n<p class=\"MsoNormal\"><span style=\"font-family: Calibri, sans-serif;background-image: initial;background-position: initial\">El jurado est\u00e1 compuesto por el Premio Nacional de Ciencias Patricio Felmer, la directora del programa Explora, Natalia Mackenzie, la presidenta de la Sociedad Chilena de Educaci\u00f3n Cient\u00edfica, Joahan Camacho, la directora de EduLab UC, Sabrina Seltzer, entre otros destacados especialistas.<\/span><span style=\"font-family: Calibri, sans-serif;background-image: initial;background-position: initial\">\u00a0<\/span><\/p>\n<p class=\"MsoNormal\"><span style=\"font-family: Calibri, sans-serif;background-image: initial;background-position: initial\">Quienes deseen postular, podr\u00e1n hacerlo hasta el 20 de septiembre en <\/span><span lang=\"ES-TRAD\" style=\"font-family: 'Calibri',sans-serif\"><a href=\"http:\/\/www.cienciajoven.cl\/premios\">www.cienciajoven.cl\/premios<\/a> <\/span><\/p>\n<p class=\"MsoNormal\"><span style=\"font-family: 'Calibri',sans-serif\">\u00a0<\/span><\/p>\n<p class=\"MsoNormal\"><b><span style=\"font-family: 'Calibri',sans-serif\">Ganadores 2015<\/span><\/b><\/p>\n<p class=\"MsoNormal\"><span style=\"font-family: 'Calibri',sans-serif\">\u00a0<\/span><\/p>\n<p class=\"MsoNormal\"><span style=\"font-family: 'Calibri',sans-serif\">Las 5 iniciativas ganadoras del Premio Innovaci\u00f3n en Educaci\u00f3n Cient\u00edfica 2014 fueron las siguientes<\/span><\/p>\n<p class=\"MsoNormal\"><span style=\"font-family: 'Calibri',sans-serif\">\u00a0<\/span><\/p>\n<p class=\"MsoNormal\"><b><span lang=\"ES\" style=\"font-family: 'Calibri',sans-serif\">Educaci\u00f3n Cient\u00edfica Formal<\/span><\/b><span lang=\"ES\" style=\"font-family: 'Calibri',sans-serif\">: Programa Ciencia Especial de la Universidad T\u00e9cnica Federico Santa Mar\u00eda<\/span><\/p>\n<p class=\"MsoNormal\"><b><span style=\"font-family: 'Calibri',sans-serif\">Educaci\u00f3n Cient\u00edfica No Formal<\/span><\/b><span style=\"font-family: 'Calibri',sans-serif\">: <\/span><span lang=\"ES\" style=\"font-family: 'Calibri',sans-serif\">Programa Ciencia Al Tiro del Centro Interdisciplinario de Neurociencia de la Universidad de Valpara\u00edso <\/span><span lang=\"ES-TRAD\" style=\"font-family: 'Calibri',sans-serif\"><a href=\"http:\/\/www.cienciaaltiro.cl\/\"><span lang=\"ES\">www.cienciaaltiro.cl<\/span><\/a><\/span><span lang=\"ES\" style=\"font-family: 'Calibri',sans-serif\"> \u00a0<\/span><\/p>\n<p class=\"MsoNormal\"><b><span lang=\"ES\" style=\"font-family: 'Calibri',sans-serif\">Educaci\u00f3n Cient\u00edfica Superior<\/span><\/b><span lang=\"ES\" style=\"font-family: 'Calibri',sans-serif\">: Programa ECODIM del Instituto Milenio de Oceanograf\u00eda <\/span><span lang=\"ES-TRAD\" style=\"font-family: 'Calibri',sans-serif\"><a href=\"http:\/\/ecodim.imo-chile.cl\/\"><span lang=\"ES\">http:\/\/ecodim.imo-chile.cl<\/span><\/a><\/span> <u><\/u><\/p>\n<p class=\"MsoNormal\"><b><span lang=\"ES\" style=\"font-family: 'Calibri',sans-serif\">Educaci\u00f3n Cient\u00edfica Formaci\u00f3n Docente<\/span><\/b><span lang=\"ES\" style=\"font-family: 'Calibri',sans-serif\">: Programa Biobio Energ\u00eda de Chiler del Centro Interactiva de las Ciencias de Concepci\u00f3n, CICAT <\/span><span lang=\"ES-TRAD\" style=\"font-family: 'Calibri',sans-serif\"><a href=\"http:\/\/www.cicat.cl\/\"><span lang=\"ES\">www.cicat.cl<\/span><\/a><\/span> <u><\/u><\/p>\n<p class=\"MsoNormal\"><b><span lang=\"ES\" style=\"font-family: 'Calibri',sans-serif\">Educaci\u00f3n Cient\u00edfica TICs<\/span><\/b><span lang=\"ES\" style=\"font-family: 'Calibri',sans-serif\">: Programa J\u00f3venes Programas de Biblioredes de la Direcci\u00f3n de Bibliotecas, Archivos y Museos \u2013 Dibam <\/span><span lang=\"ES-TRAD\" style=\"font-family: 'Calibri',sans-serif\"><a href=\"http:\/\/www.jovenesprogramadores.cl\/\"><span lang=\"ES\">www.jovenesprogramadores.cl<\/span><\/a><\/span><span lang=\"ES\" style=\"font-family: 'Calibri',sans-serif\"> \u00a0<u><\/u><\/span><\/p>\n<p class=\"MsoNormal\"><span lang=\"ES\" style=\"font-family: 'Calibri',sans-serif\">\u00a0<\/span><\/p>\n<p>\u00a0<\/p>\n<p class=\"MsoNormal\"><span style=\"font-family: 'Calibri',sans-serif\">\u00a0<\/span><\/p>\n","protected":false},"excerpt":{"rendered":"<p>Por cuarto a\u00f1o consecutivo Fundaci\u00f3n Ciencia Joven y UNESCO reconocer\u00e1n a 5 iniciativas que se destaquen en la ense\u00f1anza de las ciencias. Hasta el 20 de septiembre se podr\u00e1 postular al Premio Innovaci\u00f3n en Educaci\u00f3n Cient\u00edfica 2016. \u00a0 Fundaci\u00f3n Ciencia Joven y la Oficina Regional de Educaci\u00f3n de Unesco para Am\u00e9rica Latina y el Caribe, [&hellip;]<\/p>\n","protected":false},"author":2,"featured_media":32473,"comment_status":"open","ping_status":"open","sticky":false,"template":"","format":"standard","meta":{"_acf_changed":false,"_exactmetrics_skip_tracking":false,"_exactmetrics_sitenote_active":false,"_exactmetrics_sitenote_note":"","_exactmetrics_sitenote_category":0,"footnotes":"","_links_to":"","_links_to_target":""},"categories":[4],"tags":[],"class_list":["post-32472","post","type-post","status-publish","format-standard","has-post-thumbnail","hentry","category-noticias"],"acf":[],"yoast_head":"<!-- This site is optimized with the Yoast SEO plugin v26.9 - https:\/\/yoast.com\/product\/yoast-seo-wordpress\/ -->\n<title>Ya est\u00e1n abiertas las postulaciones al Premio de Innovaci\u00f3n en Educaci\u00f3n Cient\u00edfica 2016 - Coquimbo<\/title>\n<meta name=\"robots\" content=\"index, follow, max-snippet:-1, max-image-preview:large, max-video-preview:-1\" \/>\n<link rel=\"canonical\" href=\"https:\/\/explora.cl\/coquimbo\/ya-estan-abiertas-las-postulaciones-al-premio-de-innovacion-en-educacion-cientifica-2016\/\" class=\"yoast-seo-meta-tag\" \/>\n<meta property=\"og:locale\" content=\"es_ES\" class=\"yoast-seo-meta-tag\" \/>\n<meta property=\"og:type\" content=\"article\" class=\"yoast-seo-meta-tag\" \/>\n<meta property=\"og:title\" content=\"Ya est\u00e1n abiertas las postulaciones al Premio de Innovaci\u00f3n en Educaci\u00f3n Cient\u00edfica 2016 - Coquimbo\" class=\"yoast-seo-meta-tag\" \/>\n<meta property=\"og:description\" content=\"Por cuarto a\u00f1o consecutivo Fundaci\u00f3n Ciencia Joven y UNESCO reconocer\u00e1n a 5 iniciativas que se destaquen en la ense\u00f1anza de las ciencias. Hasta el 20 de septiembre se podr\u00e1 postular al Premio Innovaci\u00f3n en Educaci\u00f3n Cient\u00edfica 2016. \u00a0 Fundaci\u00f3n Ciencia Joven y la Oficina Regional de Educaci\u00f3n de Unesco para Am\u00e9rica Latina y el Caribe, [&hellip;]\" class=\"yoast-seo-meta-tag\" \/>\n<meta property=\"og:url\" content=\"https:\/\/explora.cl\/coquimbo\/ya-estan-abiertas-las-postulaciones-al-premio-de-innovacion-en-educacion-cientifica-2016\/\" class=\"yoast-seo-meta-tag\" \/>\n<meta property=\"og:site_name\" content=\"Coquimbo\" class=\"yoast-seo-meta-tag\" \/>\n<meta property=\"article:published_time\" content=\"2016-08-26T04:00:00+00:00\" class=\"yoast-seo-meta-tag\" \/>\n<meta property=\"article:modified_time\" content=\"2019-05-16T06:32:45+00:00\" class=\"yoast-seo-meta-tag\" \/>\n<meta property=\"og:image\" content=\"https:\/\/explora.cl\/coquimbo\/wp-content\/uploads\/sites\/6\/2018\/06\/IMG_2313.jpg\" class=\"yoast-seo-meta-tag\" \/>\n\t<meta property=\"og:image:width\" content=\"440\" class=\"yoast-seo-meta-tag\" \/>\n\t<meta property=\"og:image:height\" content=\"220\" class=\"yoast-seo-meta-tag\" \/>\n\t<meta property=\"og:image:type\" content=\"image\/jpeg\" class=\"yoast-seo-meta-tag\" \/>\n<meta name=\"author\" content=\"webman\" class=\"yoast-seo-meta-tag\" \/>\n<meta name=\"twitter:card\" content=\"summary_large_image\" class=\"yoast-seo-meta-tag\" \/>\n<meta name=\"twitter:label1\" content=\"Escrito por\" class=\"yoast-seo-meta-tag\" \/>\n\t<meta name=\"twitter:data1\" content=\"webman\" class=\"yoast-seo-meta-tag\" \/>\n\t<meta name=\"twitter:label2\" content=\"Tiempo estimado de lectura\" class=\"yoast-seo-meta-tag\" \/>\n\t<meta name=\"twitter:data2\" content=\"2 minutos\" class=\"yoast-seo-meta-tag\" \/>\n<script type=\"application\/ld+json\" class=\"yoast-schema-graph\">{\"@context\":\"https:\/\/schema.org\",\"@graph\":[{\"@type\":\"Article\",\"@id\":\"https:\/\/explora.cl\/coquimbo\/ya-estan-abiertas-las-postulaciones-al-premio-de-innovacion-en-educacion-cientifica-2016\/#article\",\"isPartOf\":{\"@id\":\"https:\/\/explora.cl\/coquimbo\/ya-estan-abiertas-las-postulaciones-al-premio-de-innovacion-en-educacion-cientifica-2016\/\"},\"author\":{\"name\":\"webman\",\"@id\":\"https:\/\/explora.cl\/coquimbo\/#\/schema\/person\/cb8349c13ea2d324080adf8480d7ba5d\"},\"headline\":\"Ya est\u00e1n abiertas las postulaciones al Premio de Innovaci\u00f3n en Educaci\u00f3n Cient\u00edfica 2016\",\"datePublished\":\"2016-08-26T04:00:00+00:00\",\"dateModified\":\"2019-05-16T06:32:45+00:00\",\"mainEntityOfPage\":{\"@id\":\"https:\/\/explora.cl\/coquimbo\/ya-estan-abiertas-las-postulaciones-al-premio-de-innovacion-en-educacion-cientifica-2016\/\"},\"wordCount\":442,\"commentCount\":0,\"publisher\":{\"@id\":\"https:\/\/explora.cl\/coquimbo\/#organization\"},\"image\":{\"@id\":\"https:\/\/explora.cl\/coquimbo\/ya-estan-abiertas-las-postulaciones-al-premio-de-innovacion-en-educacion-cientifica-2016\/#primaryimage\"},\"thumbnailUrl\":\"https:\/\/explora.cl\/coquimbo\/wp-content\/uploads\/sites\/6\/2018\/06\/IMG_2313.jpg\",\"articleSection\":[\"Noticias\"],\"inLanguage\":\"es-CL\",\"potentialAction\":[{\"@type\":\"CommentAction\",\"name\":\"Comment\",\"target\":[\"https:\/\/explora.cl\/coquimbo\/ya-estan-abiertas-las-postulaciones-al-premio-de-innovacion-en-educacion-cientifica-2016\/#respond\"]}]},{\"@type\":\"WebPage\",\"@id\":\"https:\/\/explora.cl\/coquimbo\/ya-estan-abiertas-las-postulaciones-al-premio-de-innovacion-en-educacion-cientifica-2016\/\",\"url\":\"https:\/\/explora.cl\/coquimbo\/ya-estan-abiertas-las-postulaciones-al-premio-de-innovacion-en-educacion-cientifica-2016\/\",\"name\":\"Ya est\u00e1n abiertas las postulaciones al Premio de Innovaci\u00f3n en Educaci\u00f3n Cient\u00edfica 2016 - Coquimbo\",\"isPartOf\":{\"@id\":\"https:\/\/explora.cl\/coquimbo\/#website\"},\"primaryImageOfPage\":{\"@id\":\"https:\/\/explora.cl\/coquimbo\/ya-estan-abiertas-las-postulaciones-al-premio-de-innovacion-en-educacion-cientifica-2016\/#primaryimage\"},\"image\":{\"@id\":\"https:\/\/explora.cl\/coquimbo\/ya-estan-abiertas-las-postulaciones-al-premio-de-innovacion-en-educacion-cientifica-2016\/#primaryimage\"},\"thumbnailUrl\":\"https:\/\/explora.cl\/coquimbo\/wp-content\/uploads\/sites\/6\/2018\/06\/IMG_2313.jpg\",\"datePublished\":\"2016-08-26T04:00:00+00:00\",\"dateModified\":\"2019-05-16T06:32:45+00:00\",\"breadcrumb\":{\"@id\":\"https:\/\/explora.cl\/coquimbo\/ya-estan-abiertas-las-postulaciones-al-premio-de-innovacion-en-educacion-cientifica-2016\/#breadcrumb\"},\"inLanguage\":\"es-CL\",\"potentialAction\":[{\"@type\":\"ReadAction\",\"target\":[\"https:\/\/explora.cl\/coquimbo\/ya-estan-abiertas-las-postulaciones-al-premio-de-innovacion-en-educacion-cientifica-2016\/\"]}]},{\"@type\":\"ImageObject\",\"inLanguage\":\"es-CL\",\"@id\":\"https:\/\/explora.cl\/coquimbo\/ya-estan-abiertas-las-postulaciones-al-premio-de-innovacion-en-educacion-cientifica-2016\/#primaryimage\",\"url\":\"https:\/\/explora.cl\/coquimbo\/wp-content\/uploads\/sites\/6\/2018\/06\/IMG_2313.jpg\",\"contentUrl\":\"https:\/\/explora.cl\/coquimbo\/wp-content\/uploads\/sites\/6\/2018\/06\/IMG_2313.jpg\",\"width\":440,\"height\":220},{\"@type\":\"BreadcrumbList\",\"@id\":\"https:\/\/explora.cl\/coquimbo\/ya-estan-abiertas-las-postulaciones-al-premio-de-innovacion-en-educacion-cientifica-2016\/#breadcrumb\",\"itemListElement\":[{\"@type\":\"ListItem\",\"position\":1,\"name\":\"Portada\",\"item\":\"https:\/\/explora.cl\/coquimbo\/\"},{\"@type\":\"ListItem\",\"position\":2,\"name\":\"Ya est\u00e1n abiertas las postulaciones al Premio de Innovaci\u00f3n en Educaci\u00f3n Cient\u00edfica 2016\"}]},{\"@type\":\"WebSite\",\"@id\":\"https:\/\/explora.cl\/coquimbo\/#website\",\"url\":\"https:\/\/explora.cl\/coquimbo\/\",\"name\":\"Coquimbo\",\"description\":\"Otro sitio m\u00e1s de explora.cl\",\"publisher\":{\"@id\":\"https:\/\/explora.cl\/coquimbo\/#organization\"},\"potentialAction\":[{\"@type\":\"SearchAction\",\"target\":{\"@type\":\"EntryPoint\",\"urlTemplate\":\"https:\/\/explora.cl\/coquimbo\/?s={search_term_string}\"},\"query-input\":{\"@type\":\"PropertyValueSpecification\",\"valueRequired\":true,\"valueName\":\"search_term_string\"}}],\"inLanguage\":\"es-CL\"},{\"@type\":\"Organization\",\"@id\":\"https:\/\/explora.cl\/coquimbo\/#organization\",\"name\":\"Coquimbo\",\"url\":\"https:\/\/explora.cl\/coquimbo\/\",\"logo\":{\"@type\":\"ImageObject\",\"inLanguage\":\"es-CL\",\"@id\":\"https:\/\/explora.cl\/coquimbo\/#\/schema\/logo\/image\/\",\"url\":\"https:\/\/explora.cl\/coquimbo\/wp-content\/uploads\/sites\/6\/2020\/08\/cropped-Mesa-de-trabajo-1-100.jpg\",\"contentUrl\":\"https:\/\/explora.cl\/coquimbo\/wp-content\/uploads\/sites\/6\/2020\/08\/cropped-Mesa-de-trabajo-1-100.jpg\",\"width\":615,\"height\":576,\"caption\":\"Coquimbo\"},\"image\":{\"@id\":\"https:\/\/explora.cl\/coquimbo\/#\/schema\/logo\/image\/\"}},{\"@type\":\"Person\",\"@id\":\"https:\/\/explora.cl\/coquimbo\/#\/schema\/person\/cb8349c13ea2d324080adf8480d7ba5d\",\"name\":\"webman\",\"image\":{\"@type\":\"ImageObject\",\"inLanguage\":\"es-CL\",\"@id\":\"https:\/\/explora.cl\/coquimbo\/#\/schema\/person\/image\/\",\"url\":\"https:\/\/secure.gravatar.com\/avatar\/eeff3c82f2c02f7177d13663b7e6f890e9a6a0647ce9bb29cae02dcb094c7312?s=96&d=mm&r=g\",\"contentUrl\":\"https:\/\/secure.gravatar.com\/avatar\/eeff3c82f2c02f7177d13663b7e6f890e9a6a0647ce9bb29cae02dcb094c7312?s=96&d=mm&r=g\",\"caption\":\"webman\"},\"url\":\"https:\/\/explora.cl\/coquimbo\/author\/webman\/\"}]}<\/script>\n<!-- \/ Yoast SEO plugin. -->","yoast_head_json":{"title":"Ya est\u00e1n abiertas las postulaciones al Premio de Innovaci\u00f3n en Educaci\u00f3n Cient\u00edfica 2016 - Coquimbo","robots":{"index":"index","follow":"follow","max-snippet":"max-snippet:-1","max-image-preview":"max-image-preview:large","max-video-preview":"max-video-preview:-1"},"canonical":"https:\/\/explora.cl\/coquimbo\/ya-estan-abiertas-las-postulaciones-al-premio-de-innovacion-en-educacion-cientifica-2016\/","og_locale":"es_ES","og_type":"article","og_title":"Ya est\u00e1n abiertas las postulaciones al Premio de Innovaci\u00f3n en Educaci\u00f3n Cient\u00edfica 2016 - Coquimbo","og_description":"Por cuarto a\u00f1o consecutivo Fundaci\u00f3n Ciencia Joven y UNESCO reconocer\u00e1n a 5 iniciativas que se destaquen en la ense\u00f1anza de las ciencias. Hasta el 20 de septiembre se podr\u00e1 postular al Premio Innovaci\u00f3n en Educaci\u00f3n Cient\u00edfica 2016. \u00a0 Fundaci\u00f3n Ciencia Joven y la Oficina Regional de Educaci\u00f3n de Unesco para Am\u00e9rica Latina y el Caribe, [&hellip;]","og_url":"https:\/\/explora.cl\/coquimbo\/ya-estan-abiertas-las-postulaciones-al-premio-de-innovacion-en-educacion-cientifica-2016\/","og_site_name":"Coquimbo","article_published_time":"2016-08-26T04:00:00+00:00","article_modified_time":"2019-05-16T06:32:45+00:00","og_image":[{"width":440,"height":220,"url":"https:\/\/explora.cl\/coquimbo\/wp-content\/uploads\/sites\/6\/2018\/06\/IMG_2313.jpg","type":"image\/jpeg"}],"author":"webman","twitter_card":"summary_large_image","twitter_misc":{"Escrito por":"webman","Tiempo estimado de lectura":"2 minutos"},"schema":{"@context":"https:\/\/schema.org","@graph":[{"@type":"Article","@id":"https:\/\/explora.cl\/coquimbo\/ya-estan-abiertas-las-postulaciones-al-premio-de-innovacion-en-educacion-cientifica-2016\/#article","isPartOf":{"@id":"https:\/\/explora.cl\/coquimbo\/ya-estan-abiertas-las-postulaciones-al-premio-de-innovacion-en-educacion-cientifica-2016\/"},"author":{"name":"webman","@id":"https:\/\/explora.cl\/coquimbo\/#\/schema\/person\/cb8349c13ea2d324080adf8480d7ba5d"},"headline":"Ya est\u00e1n abiertas las postulaciones al Premio de Innovaci\u00f3n en Educaci\u00f3n Cient\u00edfica 2016","datePublished":"2016-08-26T04:00:00+00:00","dateModified":"2019-05-16T06:32:45+00:00","mainEntityOfPage":{"@id":"https:\/\/explora.cl\/coquimbo\/ya-estan-abiertas-las-postulaciones-al-premio-de-innovacion-en-educacion-cientifica-2016\/"},"wordCount":442,"commentCount":0,"publisher":{"@id":"https:\/\/explora.cl\/coquimbo\/#organization"},"image":{"@id":"https:\/\/explora.cl\/coquimbo\/ya-estan-abiertas-las-postulaciones-al-premio-de-innovacion-en-educacion-cientifica-2016\/#primaryimage"},"thumbnailUrl":"https:\/\/explora.cl\/coquimbo\/wp-content\/uploads\/sites\/6\/2018\/06\/IMG_2313.jpg","articleSection":["Noticias"],"inLanguage":"es-CL","potentialAction":[{"@type":"CommentAction","name":"Comment","target":["https:\/\/explora.cl\/coquimbo\/ya-estan-abiertas-las-postulaciones-al-premio-de-innovacion-en-educacion-cientifica-2016\/#respond"]}]},{"@type":"WebPage","@id":"https:\/\/explora.cl\/coquimbo\/ya-estan-abiertas-las-postulaciones-al-premio-de-innovacion-en-educacion-cientifica-2016\/","url":"https:\/\/explora.cl\/coquimbo\/ya-estan-abiertas-las-postulaciones-al-premio-de-innovacion-en-educacion-cientifica-2016\/","name":"Ya est\u00e1n abiertas las postulaciones al Premio de Innovaci\u00f3n en Educaci\u00f3n Cient\u00edfica 2016 - Coquimbo","isPartOf":{"@id":"https:\/\/explora.cl\/coquimbo\/#website"},"primaryImageOfPage":{"@id":"https:\/\/explora.cl\/coquimbo\/ya-estan-abiertas-las-postulaciones-al-premio-de-innovacion-en-educacion-cientifica-2016\/#primaryimage"},"image":{"@id":"https:\/\/explora.cl\/coquimbo\/ya-estan-abiertas-las-postulaciones-al-premio-de-innovacion-en-educacion-cientifica-2016\/#primaryimage"},"thumbnailUrl":"https:\/\/explora.cl\/coquimbo\/wp-content\/uploads\/sites\/6\/2018\/06\/IMG_2313.jpg","datePublished":"2016-08-26T04:00:00+00:00","dateModified":"2019-05-16T06:32:45+00:00","breadcrumb":{"@id":"https:\/\/explora.cl\/coquimbo\/ya-estan-abiertas-las-postulaciones-al-premio-de-innovacion-en-educacion-cientifica-2016\/#breadcrumb"},"inLanguage":"es-CL","potentialAction":[{"@type":"ReadAction","target":["https:\/\/explora.cl\/coquimbo\/ya-estan-abiertas-las-postulaciones-al-premio-de-innovacion-en-educacion-cientifica-2016\/"]}]},{"@type":"ImageObject","inLanguage":"es-CL","@id":"https:\/\/explora.cl\/coquimbo\/ya-estan-abiertas-las-postulaciones-al-premio-de-innovacion-en-educacion-cientifica-2016\/#primaryimage","url":"https:\/\/explora.cl\/coquimbo\/wp-content\/uploads\/sites\/6\/2018\/06\/IMG_2313.jpg","contentUrl":"https:\/\/explora.cl\/coquimbo\/wp-content\/uploads\/sites\/6\/2018\/06\/IMG_2313.jpg","width":440,"height":220},{"@type":"BreadcrumbList","@id":"https:\/\/explora.cl\/coquimbo\/ya-estan-abiertas-las-postulaciones-al-premio-de-innovacion-en-educacion-cientifica-2016\/#breadcrumb","itemListElement":[{"@type":"ListItem","position":1,"name":"Portada","item":"https:\/\/explora.cl\/coquimbo\/"},{"@type":"ListItem","position":2,"name":"Ya est\u00e1n abiertas las postulaciones al Premio de Innovaci\u00f3n en Educaci\u00f3n Cient\u00edfica 2016"}]},{"@type":"WebSite","@id":"https:\/\/explora.cl\/coquimbo\/#website","url":"https:\/\/explora.cl\/coquimbo\/","name":"Coquimbo","description":"Otro sitio m\u00e1s de explora.cl","publisher":{"@id":"https:\/\/explora.cl\/coquimbo\/#organization"},"potentialAction":[{"@type":"SearchAction","target":{"@type":"EntryPoint","urlTemplate":"https:\/\/explora.cl\/coquimbo\/?s={search_term_string}"},"query-input":{"@type":"PropertyValueSpecification","valueRequired":true,"valueName":"search_term_string"}}],"inLanguage":"es-CL"},{"@type":"Organization","@id":"https:\/\/explora.cl\/coquimbo\/#organization","name":"Coquimbo","url":"https:\/\/explora.cl\/coquimbo\/","logo":{"@type":"ImageObject","inLanguage":"es-CL","@id":"https:\/\/explora.cl\/coquimbo\/#\/schema\/logo\/image\/","url":"https:\/\/explora.cl\/coquimbo\/wp-content\/uploads\/sites\/6\/2020\/08\/cropped-Mesa-de-trabajo-1-100.jpg","contentUrl":"https:\/\/explora.cl\/coquimbo\/wp-content\/uploads\/sites\/6\/2020\/08\/cropped-Mesa-de-trabajo-1-100.jpg","width":615,"height":576,"caption":"Coquimbo"},"image":{"@id":"https:\/\/explora.cl\/coquimbo\/#\/schema\/logo\/image\/"}},{"@type":"Person","@id":"https:\/\/explora.cl\/coquimbo\/#\/schema\/person\/cb8349c13ea2d324080adf8480d7ba5d","name":"webman","image":{"@type":"ImageObject","inLanguage":"es-CL","@id":"https:\/\/explora.cl\/coquimbo\/#\/schema\/person\/image\/","url":"https:\/\/secure.gravatar.com\/avatar\/eeff3c82f2c02f7177d13663b7e6f890e9a6a0647ce9bb29cae02dcb094c7312?s=96&d=mm&r=g","contentUrl":"https:\/\/secure.gravatar.com\/avatar\/eeff3c82f2c02f7177d13663b7e6f890e9a6a0647ce9bb29cae02dcb094c7312?s=96&d=mm&r=g","caption":"webman"},"url":"https:\/\/explora.cl\/coquimbo\/author\/webman\/"}]}},"_links":{"self":[{"href":"https:\/\/explora.cl\/coquimbo\/wp-json\/wp\/v2\/posts\/32472","targetHints":{"allow":["GET"]}}],"collection":[{"href":"https:\/\/explora.cl\/coquimbo\/wp-json\/wp\/v2\/posts"}],"about":[{"href":"https:\/\/explora.cl\/coquimbo\/wp-json\/wp\/v2\/types\/post"}],"author":[{"embeddable":true,"href":"https:\/\/explora.cl\/coquimbo\/wp-json\/wp\/v2\/users\/2"}],"replies":[{"embeddable":true,"href":"https:\/\/explora.cl\/coquimbo\/wp-json\/wp\/v2\/comments?post=32472"}],"version-history":[{"count":1,"href":"https:\/\/explora.cl\/coquimbo\/wp-json\/wp\/v2\/posts\/32472\/revisions"}],"predecessor-version":[{"id":38987,"href":"https:\/\/explora.cl\/coquimbo\/wp-json\/wp\/v2\/posts\/32472\/revisions\/38987"}],"wp:featuredmedia":[{"embeddable":true,"href":"https:\/\/explora.cl\/coquimbo\/wp-json\/wp\/v2\/media\/32473"}],"wp:attachment":[{"href":"https:\/\/explora.cl\/coquimbo\/wp-json\/wp\/v2\/media?parent=32472"}],"wp:term":[{"taxonomy":"category","embeddable":true,"href":"https:\/\/explora.cl\/coquimbo\/wp-json\/wp\/v2\/categories?post=32472"},{"taxonomy":"post_tag","embeddable":true,"href":"https:\/\/explora.cl\/coquimbo\/wp-json\/wp\/v2\/tags?post=32472"}],"curies":[{"name":"wp","href":"https:\/\/api.w.org\/{rel}","templated":true}]}}