{"id":32461,"date":"2016-08-22T00:00:00","date_gmt":"2016-08-22T04:00:00","guid":{"rendered":"https:\/\/explora.cl\/coquimbo\/blog\/2016\/08\/22\/par-explora-coquimbo-llama-a-participar-de-los-congresos-escolares-de-ciencia-y-tecnologia-en-la-region\/"},"modified":"2019-05-16T06:32:49","modified_gmt":"2019-05-16T06:32:49","slug":"par-explora-coquimbo-llama-a-participar-de-los-congresos-escolares-de-ciencia-y-tecnologia-en-la-region","status":"publish","type":"post","link":"https:\/\/explora.cl\/coquimbo\/par-explora-coquimbo-llama-a-participar-de-los-congresos-escolares-de-ciencia-y-tecnologia-en-la-region\/","title":{"rendered":"PAR Explora Coquimbo llama a participar de los congresos escolares de ciencia y tecnolog\u00eda en la regi\u00f3n"},"content":{"rendered":"<p class=\"MsoNormal\" style=\"text-align: center\"><i>Hasta los primeros d\u00edas de septiembre se estar\u00e1n recibiendo los proyectos que desean participar de las instancias provinciales y regionales que tiene el proyecto de divulgaci\u00f3n cient\u00edfica y que se desarrollar\u00e1n en Salamanca, Ovalle, La Serena y Coquimbo.<\/i><\/p>\n<hr \/>\n<p class=\"MsoNormal\" style=\"text-align: center\">\u00a0<\/p>\n<p class=\"MsoNormal\"><i>\u00a0<\/i><\/p>\n<p class=\"MsoNormal\" style=\"text-align: justify\">El PAR Explora de CONICYT Coquimbo hace un llamado a todos los establecimientos educacionales de la regi\u00f3n, a participar de las iniciativas escolares de ciencia y tecnolog\u00eda que el proyecto tiene para la zona, enmarcadas en congresos escolares provinciales y la cita a nivel regional.<\/p>\n<p class=\"MsoNormal\" style=\"text-align: justify\">Por un lado, las ciudades de Salamanca y Ovalle recibir\u00e1n por primera vez los Congresos Provinciales Escolares de Ciencia y Tecnolog\u00eda y que buscan fomentar la cultura cient\u00edfica en los estudiantes y docentes de estas provincias.<\/p>\n<p class=\"MsoNormal\">El pr\u00f3ximo 29 de septiembre se realizar\u00e1 la actividad en Salamanca, espec\u00edficamente en el colegio Cumbres del Choapa de la ciudad. En este establecimiento se realizar\u00e1n la presentaci\u00f3n de los Stand de los diferentes proyectos, como tambi\u00e9n las presentaciones orales.<img fetchpriority=\"high\" decoding=\"async\" style=\"float: right\" src=\"images\/IMAGENES-COQUIMBO\/10734251_304398516434596_4175861641381574630_n.jpg\" alt=\"\" width=\"363\" height=\"272\" \/><\/p>\n<p class=\"MsoNormal\" style=\"text-align: justify\">En tanto el d\u00eda 6 de octubre se efectuar\u00e1 el Congreso de Limar\u00ed en la ciudad de Ovalle. La presentaci\u00f3n de los trabajos de los estudiantes se desarrollar\u00e1 en la Plaza de Armas de la ciudad y las\u00a0 exposiciones orales en el auditorio de la municipalidad.<\/p>\n<p class=\"MsoNormal\" style=\"text-align: justify\">Estas dos actividades ser\u00e1n iniciativas clasificatorias para el gran Congreso Regional Escolar de Ciencia y Tecnolog\u00eda, que se realizar\u00e1 durante el mes de octubre en las comunas de La Serena y Coquimbo, en donde m\u00e1s de treinta trabajos se presentar\u00e1n en una gran feria abierta a la comunidad.<\/p>\n<p class=\"MsoNormal\" style=\"text-align: justify\">Los ganadores de la actividad ser\u00e1n los representantes de la regi\u00f3n en el Congreso Nacional de Ciencia y Tecnolog\u00eda a realizarse en Santiago, el mes de noviembre. <\/p>\n<p> \u201cInvitamos a todos los docentes de la regi\u00f3n de Coquimbo, a participar del catorceavo Congreso de Ciencia Escolar, este congreso se realizar\u00e1 el 26 y 27 de octubre, por lo que los invitamos a animarse a participar, enviar sus investigaciones y obtener mayores informaciones en nuestra p\u00e1gina web\u201d, declar\u00f3 la encargada de Valoraci\u00f3n del PAR Explora de CONICYT Coquimbo de la Universidad Cat\u00f3lica del Norte, Jessica Vargas.<\/p>\n<p class=\"MsoNormal\" style=\"text-align: justify\">Los Congresos Escolares son una feria cient\u00edfica y tecnol\u00f3gica de sana competencia donde estudiantes entre 5\u00b0 a\u00f1o de Educaci\u00f3n B\u00e1sica y 3\u00b0 a\u00f1o de Educaci\u00f3n Media tienen la posibilidad de presentar sus proyectos de investigaci\u00f3n, compartir e interactuar con sus pares de otros establecimientos y conocer los principales trabajos en ciencias que se realizan en la zona.<\/p>\n<p class=\"MsoNormal\" style=\"text-align: justify\">El plazo m\u00e1ximo para postular a los congresos provinciales es el 9 de septiembre. En tanto, para el evento a nivel regional, el plazo para las postulaciones de la provincia de Elqui es el 16 de septiembre. Todas las iniciativas ser\u00e1n evaluadas por un comit\u00e9 de expertos, para confirmar su participaci\u00f3n en estas instancias.<\/p>\n<p class=\"MsoNormal\" style=\"text-align: justify\"><span style=\"background-image: initial;background-position: initial\">Los Congresos Escolares de Ciencia y Tecnolog\u00eda son una iniciativa del PAR Explora de CONICYT Coquimbo de la Universidad Cat\u00f3lica del Norte y cuentan con el apoyo de la Facultad de Ciencias de Mar de la casa de estudios porte\u00f1a, CEAZA, Observatorio Cerro Tololo, la Municipalidad de La Serena, la Corporaci\u00f3n Municipal Gabriel Gonz\u00e1lez Videla, la Municipalidad de Ovalle, Museo del Limar\u00ed y el Colegio Cumbres del Choapa.<\/span><\/p>\n<p>\u00a0<\/p>\n<p class=\"MsoNormal\" style=\"text-align: justify\">Para conocer m\u00e1s informaci\u00f3n, descargue las bases, anexos, y formularios en <a href=\"coquimbo\">explora.cl\/coquimbo<\/a>.<\/p>\n","protected":false},"excerpt":{"rendered":"<p>Hasta los primeros d\u00edas de septiembre se estar\u00e1n recibiendo los proyectos que desean participar de las instancias provinciales y regionales que tiene el proyecto de divulgaci\u00f3n cient\u00edfica y que se desarrollar\u00e1n en Salamanca, Ovalle, La Serena y Coquimbo. \u00a0 \u00a0 El PAR Explora de CONICYT Coquimbo hace un llamado a todos los establecimientos educacionales de [&hellip;]<\/p>\n","protected":false},"author":2,"featured_media":32338,"comment_status":"open","ping_status":"open","sticky":false,"template":"","format":"standard","meta":{"_acf_changed":false,"_exactmetrics_skip_tracking":false,"_exactmetrics_sitenote_active":false,"_exactmetrics_sitenote_note":"","_exactmetrics_sitenote_category":0,"footnotes":"","_links_to":"","_links_to_target":""},"categories":[4],"tags":[],"class_list":["post-32461","post","type-post","status-publish","format-standard","has-post-thumbnail","hentry","category-noticias"],"acf":[],"yoast_head":"<!-- This site is optimized with the Yoast SEO plugin v26.9 - https:\/\/yoast.com\/product\/yoast-seo-wordpress\/ -->\n<title>PAR Explora Coquimbo llama a participar de los congresos escolares de ciencia y tecnolog\u00eda en la regi\u00f3n - Coquimbo<\/title>\n<meta name=\"robots\" content=\"index, follow, max-snippet:-1, max-image-preview:large, max-video-preview:-1\" \/>\n<link rel=\"canonical\" href=\"https:\/\/explora.cl\/coquimbo\/par-explora-coquimbo-llama-a-participar-de-los-congresos-escolares-de-ciencia-y-tecnologia-en-la-region\/\" class=\"yoast-seo-meta-tag\" \/>\n<meta property=\"og:locale\" content=\"es_ES\" class=\"yoast-seo-meta-tag\" \/>\n<meta property=\"og:type\" content=\"article\" class=\"yoast-seo-meta-tag\" \/>\n<meta property=\"og:title\" content=\"PAR Explora Coquimbo llama a participar de los congresos escolares de ciencia y tecnolog\u00eda en la regi\u00f3n - Coquimbo\" class=\"yoast-seo-meta-tag\" \/>\n<meta property=\"og:description\" content=\"Hasta los primeros d\u00edas de septiembre se estar\u00e1n recibiendo los proyectos que desean participar de las instancias provinciales y regionales que tiene el proyecto de divulgaci\u00f3n cient\u00edfica y que se desarrollar\u00e1n en Salamanca, Ovalle, La Serena y Coquimbo. \u00a0 \u00a0 El PAR Explora de CONICYT Coquimbo hace un llamado a todos los establecimientos educacionales de [&hellip;]\" class=\"yoast-seo-meta-tag\" \/>\n<meta property=\"og:url\" content=\"https:\/\/explora.cl\/coquimbo\/par-explora-coquimbo-llama-a-participar-de-los-congresos-escolares-de-ciencia-y-tecnologia-en-la-region\/\" class=\"yoast-seo-meta-tag\" \/>\n<meta property=\"og:site_name\" content=\"Coquimbo\" class=\"yoast-seo-meta-tag\" \/>\n<meta property=\"article:published_time\" content=\"2016-08-22T04:00:00+00:00\" class=\"yoast-seo-meta-tag\" \/>\n<meta property=\"article:modified_time\" content=\"2019-05-16T06:32:49+00:00\" class=\"yoast-seo-meta-tag\" \/>\n<meta name=\"author\" content=\"webman\" class=\"yoast-seo-meta-tag\" \/>\n<meta name=\"twitter:card\" content=\"summary_large_image\" class=\"yoast-seo-meta-tag\" \/>\n<meta name=\"twitter:label1\" content=\"Escrito por\" class=\"yoast-seo-meta-tag\" \/>\n\t<meta name=\"twitter:data1\" content=\"webman\" class=\"yoast-seo-meta-tag\" \/>\n\t<meta name=\"twitter:label2\" content=\"Tiempo estimado de lectura\" class=\"yoast-seo-meta-tag\" \/>\n\t<meta name=\"twitter:data2\" content=\"3 minutos\" class=\"yoast-seo-meta-tag\" \/>\n<script type=\"application\/ld+json\" class=\"yoast-schema-graph\">{\"@context\":\"https:\/\/schema.org\",\"@graph\":[{\"@type\":\"Article\",\"@id\":\"https:\/\/explora.cl\/coquimbo\/par-explora-coquimbo-llama-a-participar-de-los-congresos-escolares-de-ciencia-y-tecnologia-en-la-region\/#article\",\"isPartOf\":{\"@id\":\"https:\/\/explora.cl\/coquimbo\/par-explora-coquimbo-llama-a-participar-de-los-congresos-escolares-de-ciencia-y-tecnologia-en-la-region\/\"},\"author\":{\"name\":\"webman\",\"@id\":\"https:\/\/explora.cl\/coquimbo\/#\/schema\/person\/cb8349c13ea2d324080adf8480d7ba5d\"},\"headline\":\"PAR Explora Coquimbo llama a participar de los congresos escolares de ciencia y tecnolog\u00eda en la regi\u00f3n\",\"datePublished\":\"2016-08-22T04:00:00+00:00\",\"dateModified\":\"2019-05-16T06:32:49+00:00\",\"mainEntityOfPage\":{\"@id\":\"https:\/\/explora.cl\/coquimbo\/par-explora-coquimbo-llama-a-participar-de-los-congresos-escolares-de-ciencia-y-tecnologia-en-la-region\/\"},\"wordCount\":597,\"commentCount\":0,\"publisher\":{\"@id\":\"https:\/\/explora.cl\/coquimbo\/#organization\"},\"image\":{\"@id\":\"https:\/\/explora.cl\/coquimbo\/par-explora-coquimbo-llama-a-participar-de-los-congresos-escolares-de-ciencia-y-tecnologia-en-la-region\/#primaryimage\"},\"thumbnailUrl\":\"\",\"articleSection\":[\"Noticias\"],\"inLanguage\":\"es-CL\",\"potentialAction\":[{\"@type\":\"CommentAction\",\"name\":\"Comment\",\"target\":[\"https:\/\/explora.cl\/coquimbo\/par-explora-coquimbo-llama-a-participar-de-los-congresos-escolares-de-ciencia-y-tecnologia-en-la-region\/#respond\"]}]},{\"@type\":\"WebPage\",\"@id\":\"https:\/\/explora.cl\/coquimbo\/par-explora-coquimbo-llama-a-participar-de-los-congresos-escolares-de-ciencia-y-tecnologia-en-la-region\/\",\"url\":\"https:\/\/explora.cl\/coquimbo\/par-explora-coquimbo-llama-a-participar-de-los-congresos-escolares-de-ciencia-y-tecnologia-en-la-region\/\",\"name\":\"PAR Explora Coquimbo llama a participar de los congresos escolares de ciencia y tecnolog\u00eda en la regi\u00f3n - Coquimbo\",\"isPartOf\":{\"@id\":\"https:\/\/explora.cl\/coquimbo\/#website\"},\"primaryImageOfPage\":{\"@id\":\"https:\/\/explora.cl\/coquimbo\/par-explora-coquimbo-llama-a-participar-de-los-congresos-escolares-de-ciencia-y-tecnologia-en-la-region\/#primaryimage\"},\"image\":{\"@id\":\"https:\/\/explora.cl\/coquimbo\/par-explora-coquimbo-llama-a-participar-de-los-congresos-escolares-de-ciencia-y-tecnologia-en-la-region\/#primaryimage\"},\"thumbnailUrl\":\"\",\"datePublished\":\"2016-08-22T04:00:00+00:00\",\"dateModified\":\"2019-05-16T06:32:49+00:00\",\"breadcrumb\":{\"@id\":\"https:\/\/explora.cl\/coquimbo\/par-explora-coquimbo-llama-a-participar-de-los-congresos-escolares-de-ciencia-y-tecnologia-en-la-region\/#breadcrumb\"},\"inLanguage\":\"es-CL\",\"potentialAction\":[{\"@type\":\"ReadAction\",\"target\":[\"https:\/\/explora.cl\/coquimbo\/par-explora-coquimbo-llama-a-participar-de-los-congresos-escolares-de-ciencia-y-tecnologia-en-la-region\/\"]}]},{\"@type\":\"ImageObject\",\"inLanguage\":\"es-CL\",\"@id\":\"https:\/\/explora.cl\/coquimbo\/par-explora-coquimbo-llama-a-participar-de-los-congresos-escolares-de-ciencia-y-tecnologia-en-la-region\/#primaryimage\",\"url\":\"\",\"contentUrl\":\"\"},{\"@type\":\"BreadcrumbList\",\"@id\":\"https:\/\/explora.cl\/coquimbo\/par-explora-coquimbo-llama-a-participar-de-los-congresos-escolares-de-ciencia-y-tecnologia-en-la-region\/#breadcrumb\",\"itemListElement\":[{\"@type\":\"ListItem\",\"position\":1,\"name\":\"Portada\",\"item\":\"https:\/\/explora.cl\/coquimbo\/\"},{\"@type\":\"ListItem\",\"position\":2,\"name\":\"PAR Explora Coquimbo llama a participar de los congresos escolares de ciencia y tecnolog\u00eda en la regi\u00f3n\"}]},{\"@type\":\"WebSite\",\"@id\":\"https:\/\/explora.cl\/coquimbo\/#website\",\"url\":\"https:\/\/explora.cl\/coquimbo\/\",\"name\":\"Coquimbo\",\"description\":\"Otro sitio m\u00e1s de explora.cl\",\"publisher\":{\"@id\":\"https:\/\/explora.cl\/coquimbo\/#organization\"},\"potentialAction\":[{\"@type\":\"SearchAction\",\"target\":{\"@type\":\"EntryPoint\",\"urlTemplate\":\"https:\/\/explora.cl\/coquimbo\/?s={search_term_string}\"},\"query-input\":{\"@type\":\"PropertyValueSpecification\",\"valueRequired\":true,\"valueName\":\"search_term_string\"}}],\"inLanguage\":\"es-CL\"},{\"@type\":\"Organization\",\"@id\":\"https:\/\/explora.cl\/coquimbo\/#organization\",\"name\":\"Coquimbo\",\"url\":\"https:\/\/explora.cl\/coquimbo\/\",\"logo\":{\"@type\":\"ImageObject\",\"inLanguage\":\"es-CL\",\"@id\":\"https:\/\/explora.cl\/coquimbo\/#\/schema\/logo\/image\/\",\"url\":\"https:\/\/explora.cl\/coquimbo\/wp-content\/uploads\/sites\/6\/2020\/08\/cropped-Mesa-de-trabajo-1-100.jpg\",\"contentUrl\":\"https:\/\/explora.cl\/coquimbo\/wp-content\/uploads\/sites\/6\/2020\/08\/cropped-Mesa-de-trabajo-1-100.jpg\",\"width\":615,\"height\":576,\"caption\":\"Coquimbo\"},\"image\":{\"@id\":\"https:\/\/explora.cl\/coquimbo\/#\/schema\/logo\/image\/\"}},{\"@type\":\"Person\",\"@id\":\"https:\/\/explora.cl\/coquimbo\/#\/schema\/person\/cb8349c13ea2d324080adf8480d7ba5d\",\"name\":\"webman\",\"image\":{\"@type\":\"ImageObject\",\"inLanguage\":\"es-CL\",\"@id\":\"https:\/\/explora.cl\/coquimbo\/#\/schema\/person\/image\/\",\"url\":\"https:\/\/secure.gravatar.com\/avatar\/eeff3c82f2c02f7177d13663b7e6f890e9a6a0647ce9bb29cae02dcb094c7312?s=96&d=mm&r=g\",\"contentUrl\":\"https:\/\/secure.gravatar.com\/avatar\/eeff3c82f2c02f7177d13663b7e6f890e9a6a0647ce9bb29cae02dcb094c7312?s=96&d=mm&r=g\",\"caption\":\"webman\"},\"url\":\"https:\/\/explora.cl\/coquimbo\/author\/webman\/\"}]}<\/script>\n<!-- \/ Yoast SEO plugin. -->","yoast_head_json":{"title":"PAR Explora Coquimbo llama a participar de los congresos escolares de ciencia y tecnolog\u00eda en la regi\u00f3n - Coquimbo","robots":{"index":"index","follow":"follow","max-snippet":"max-snippet:-1","max-image-preview":"max-image-preview:large","max-video-preview":"max-video-preview:-1"},"canonical":"https:\/\/explora.cl\/coquimbo\/par-explora-coquimbo-llama-a-participar-de-los-congresos-escolares-de-ciencia-y-tecnologia-en-la-region\/","og_locale":"es_ES","og_type":"article","og_title":"PAR Explora Coquimbo llama a participar de los congresos escolares de ciencia y tecnolog\u00eda en la regi\u00f3n - Coquimbo","og_description":"Hasta los primeros d\u00edas de septiembre se estar\u00e1n recibiendo los proyectos que desean participar de las instancias provinciales y regionales que tiene el proyecto de divulgaci\u00f3n cient\u00edfica y que se desarrollar\u00e1n en Salamanca, Ovalle, La Serena y Coquimbo. \u00a0 \u00a0 El PAR Explora de CONICYT Coquimbo hace un llamado a todos los establecimientos educacionales de [&hellip;]","og_url":"https:\/\/explora.cl\/coquimbo\/par-explora-coquimbo-llama-a-participar-de-los-congresos-escolares-de-ciencia-y-tecnologia-en-la-region\/","og_site_name":"Coquimbo","article_published_time":"2016-08-22T04:00:00+00:00","article_modified_time":"2019-05-16T06:32:49+00:00","author":"webman","twitter_card":"summary_large_image","twitter_misc":{"Escrito por":"webman","Tiempo estimado de lectura":"3 minutos"},"schema":{"@context":"https:\/\/schema.org","@graph":[{"@type":"Article","@id":"https:\/\/explora.cl\/coquimbo\/par-explora-coquimbo-llama-a-participar-de-los-congresos-escolares-de-ciencia-y-tecnologia-en-la-region\/#article","isPartOf":{"@id":"https:\/\/explora.cl\/coquimbo\/par-explora-coquimbo-llama-a-participar-de-los-congresos-escolares-de-ciencia-y-tecnologia-en-la-region\/"},"author":{"name":"webman","@id":"https:\/\/explora.cl\/coquimbo\/#\/schema\/person\/cb8349c13ea2d324080adf8480d7ba5d"},"headline":"PAR Explora Coquimbo llama a participar de los congresos escolares de ciencia y tecnolog\u00eda en la regi\u00f3n","datePublished":"2016-08-22T04:00:00+00:00","dateModified":"2019-05-16T06:32:49+00:00","mainEntityOfPage":{"@id":"https:\/\/explora.cl\/coquimbo\/par-explora-coquimbo-llama-a-participar-de-los-congresos-escolares-de-ciencia-y-tecnologia-en-la-region\/"},"wordCount":597,"commentCount":0,"publisher":{"@id":"https:\/\/explora.cl\/coquimbo\/#organization"},"image":{"@id":"https:\/\/explora.cl\/coquimbo\/par-explora-coquimbo-llama-a-participar-de-los-congresos-escolares-de-ciencia-y-tecnologia-en-la-region\/#primaryimage"},"thumbnailUrl":"","articleSection":["Noticias"],"inLanguage":"es-CL","potentialAction":[{"@type":"CommentAction","name":"Comment","target":["https:\/\/explora.cl\/coquimbo\/par-explora-coquimbo-llama-a-participar-de-los-congresos-escolares-de-ciencia-y-tecnologia-en-la-region\/#respond"]}]},{"@type":"WebPage","@id":"https:\/\/explora.cl\/coquimbo\/par-explora-coquimbo-llama-a-participar-de-los-congresos-escolares-de-ciencia-y-tecnologia-en-la-region\/","url":"https:\/\/explora.cl\/coquimbo\/par-explora-coquimbo-llama-a-participar-de-los-congresos-escolares-de-ciencia-y-tecnologia-en-la-region\/","name":"PAR Explora Coquimbo llama a participar de los congresos escolares de ciencia y tecnolog\u00eda en la regi\u00f3n - Coquimbo","isPartOf":{"@id":"https:\/\/explora.cl\/coquimbo\/#website"},"primaryImageOfPage":{"@id":"https:\/\/explora.cl\/coquimbo\/par-explora-coquimbo-llama-a-participar-de-los-congresos-escolares-de-ciencia-y-tecnologia-en-la-region\/#primaryimage"},"image":{"@id":"https:\/\/explora.cl\/coquimbo\/par-explora-coquimbo-llama-a-participar-de-los-congresos-escolares-de-ciencia-y-tecnologia-en-la-region\/#primaryimage"},"thumbnailUrl":"","datePublished":"2016-08-22T04:00:00+00:00","dateModified":"2019-05-16T06:32:49+00:00","breadcrumb":{"@id":"https:\/\/explora.cl\/coquimbo\/par-explora-coquimbo-llama-a-participar-de-los-congresos-escolares-de-ciencia-y-tecnologia-en-la-region\/#breadcrumb"},"inLanguage":"es-CL","potentialAction":[{"@type":"ReadAction","target":["https:\/\/explora.cl\/coquimbo\/par-explora-coquimbo-llama-a-participar-de-los-congresos-escolares-de-ciencia-y-tecnologia-en-la-region\/"]}]},{"@type":"ImageObject","inLanguage":"es-CL","@id":"https:\/\/explora.cl\/coquimbo\/par-explora-coquimbo-llama-a-participar-de-los-congresos-escolares-de-ciencia-y-tecnologia-en-la-region\/#primaryimage","url":"","contentUrl":""},{"@type":"BreadcrumbList","@id":"https:\/\/explora.cl\/coquimbo\/par-explora-coquimbo-llama-a-participar-de-los-congresos-escolares-de-ciencia-y-tecnologia-en-la-region\/#breadcrumb","itemListElement":[{"@type":"ListItem","position":1,"name":"Portada","item":"https:\/\/explora.cl\/coquimbo\/"},{"@type":"ListItem","position":2,"name":"PAR Explora Coquimbo llama a participar de los congresos escolares de ciencia y tecnolog\u00eda en la regi\u00f3n"}]},{"@type":"WebSite","@id":"https:\/\/explora.cl\/coquimbo\/#website","url":"https:\/\/explora.cl\/coquimbo\/","name":"Coquimbo","description":"Otro sitio m\u00e1s de explora.cl","publisher":{"@id":"https:\/\/explora.cl\/coquimbo\/#organization"},"potentialAction":[{"@type":"SearchAction","target":{"@type":"EntryPoint","urlTemplate":"https:\/\/explora.cl\/coquimbo\/?s={search_term_string}"},"query-input":{"@type":"PropertyValueSpecification","valueRequired":true,"valueName":"search_term_string"}}],"inLanguage":"es-CL"},{"@type":"Organization","@id":"https:\/\/explora.cl\/coquimbo\/#organization","name":"Coquimbo","url":"https:\/\/explora.cl\/coquimbo\/","logo":{"@type":"ImageObject","inLanguage":"es-CL","@id":"https:\/\/explora.cl\/coquimbo\/#\/schema\/logo\/image\/","url":"https:\/\/explora.cl\/coquimbo\/wp-content\/uploads\/sites\/6\/2020\/08\/cropped-Mesa-de-trabajo-1-100.jpg","contentUrl":"https:\/\/explora.cl\/coquimbo\/wp-content\/uploads\/sites\/6\/2020\/08\/cropped-Mesa-de-trabajo-1-100.jpg","width":615,"height":576,"caption":"Coquimbo"},"image":{"@id":"https:\/\/explora.cl\/coquimbo\/#\/schema\/logo\/image\/"}},{"@type":"Person","@id":"https:\/\/explora.cl\/coquimbo\/#\/schema\/person\/cb8349c13ea2d324080adf8480d7ba5d","name":"webman","image":{"@type":"ImageObject","inLanguage":"es-CL","@id":"https:\/\/explora.cl\/coquimbo\/#\/schema\/person\/image\/","url":"https:\/\/secure.gravatar.com\/avatar\/eeff3c82f2c02f7177d13663b7e6f890e9a6a0647ce9bb29cae02dcb094c7312?s=96&d=mm&r=g","contentUrl":"https:\/\/secure.gravatar.com\/avatar\/eeff3c82f2c02f7177d13663b7e6f890e9a6a0647ce9bb29cae02dcb094c7312?s=96&d=mm&r=g","caption":"webman"},"url":"https:\/\/explora.cl\/coquimbo\/author\/webman\/"}]}},"_links":{"self":[{"href":"https:\/\/explora.cl\/coquimbo\/wp-json\/wp\/v2\/posts\/32461","targetHints":{"allow":["GET"]}}],"collection":[{"href":"https:\/\/explora.cl\/coquimbo\/wp-json\/wp\/v2\/posts"}],"about":[{"href":"https:\/\/explora.cl\/coquimbo\/wp-json\/wp\/v2\/types\/post"}],"author":[{"embeddable":true,"href":"https:\/\/explora.cl\/coquimbo\/wp-json\/wp\/v2\/users\/2"}],"replies":[{"embeddable":true,"href":"https:\/\/explora.cl\/coquimbo\/wp-json\/wp\/v2\/comments?post=32461"}],"version-history":[{"count":1,"href":"https:\/\/explora.cl\/coquimbo\/wp-json\/wp\/v2\/posts\/32461\/revisions"}],"predecessor-version":[{"id":38993,"href":"https:\/\/explora.cl\/coquimbo\/wp-json\/wp\/v2\/posts\/32461\/revisions\/38993"}],"wp:featuredmedia":[{"embeddable":true,"href":"https:\/\/explora.cl\/coquimbo\/wp-json\/wp\/v2\/posts\/32338"}],"wp:attachment":[{"href":"https:\/\/explora.cl\/coquimbo\/wp-json\/wp\/v2\/media?parent=32461"}],"wp:term":[{"taxonomy":"category","embeddable":true,"href":"https:\/\/explora.cl\/coquimbo\/wp-json\/wp\/v2\/categories?post=32461"},{"taxonomy":"post_tag","embeddable":true,"href":"https:\/\/explora.cl\/coquimbo\/wp-json\/wp\/v2\/tags?post=32461"}],"curies":[{"name":"wp","href":"https:\/\/api.w.org\/{rel}","templated":true}]}}