{"id":32424,"date":"2016-08-08T00:00:00","date_gmt":"2016-08-08T04:00:00","guid":{"rendered":"https:\/\/explora.cl\/coquimbo\/blog\/2016\/08\/08\/una-veintena-de-docentes-de-la-provincia-de-choapa-fueron-parte-de-la-primera-capacitacion-en-habilidades-astronomicas\/"},"modified":"2019-05-16T06:32:55","modified_gmt":"2019-05-16T06:32:55","slug":"una-veintena-de-docentes-de-la-provincia-de-choapa-fueron-parte-de-la-primera-capacitacion-en-habilidades-astronomicas","status":"publish","type":"post","link":"https:\/\/explora.cl\/coquimbo\/una-veintena-de-docentes-de-la-provincia-de-choapa-fueron-parte-de-la-primera-capacitacion-en-habilidades-astronomicas\/","title":{"rendered":"Una veintena de docentes de la provincia de Choapa fueron parte de la primera capacitaci\u00f3n en habilidades astron\u00f3micas"},"content":{"rendered":"<p style=\"margin-bottom: 0cm\" align=\"JUSTIFY\"><i>Profesionales del \u00e1rea de la educaci\u00f3n vivieron una jornada en donde pudieron tomar conocimiento, sobre c\u00f3mo desarrollar trabajos cient\u00edficos escolares en esta disciplina.<\/i><\/p>\n<hr \/>\n<p style=\"margin-bottom: 0cm\" align=\"JUSTIFY\">\u00a0<\/p>\n<p style=\"margin-bottom: 0cm\" align=\"JUSTIFY\"><a name=\"_GoBack\"><\/a><\/p>\n<p style=\"margin-bottom: 0cm\" align=\"JUSTIFY\">Durante dos d\u00edas, cerca de una veintena de docentes de la provincia de Choapa realizaron una capacitaci\u00f3n en habilidades astron\u00f3micas, para as\u00ed fomentar el trabajo en esta \u00e1rea en los profesores y profesoras, para que ellos puedan potenciar sus conocimientos para aplicarlos en sus estudiantes.<\/p>\n<p style=\"margin-bottom: 0cm\" align=\"JUSTIFY\">\u00a0<\/p>\n<p style=\"margin-bottom: 0cm\" align=\"JUSTIFY\">En la comuna de Salamanca, los profesionales del \u00e1rea de la educaci\u00f3n recibieron diversos talleres y actividades aplicadas, organizadas por el PAR Explora Coquimbo de la Universidad Cat\u00f3lica del Norte, <span style=\"color: #333333\"><span style=\"font-family: Helvetica, serif\">\u00a0<\/span><\/span>la Fundaci\u00f3n Unawe, el Observatorio Cerro Tololo, el Observatorio Gemini, y el colegio San Francisco de As\u00eds, quien ofreci\u00f3 de anfitri\u00f3n para esta actividad.<\/p>\n<p style=\"margin-bottom: 0cm\" align=\"JUSTIFY\">\u00a0<\/p>\n<p style=\"margin-bottom: 0cm\" align=\"JUSTIFY\"><img fetchpriority=\"high\" decoding=\"async\" class=\" alignleft size-full wp-image-19722\" style=\"float: left\" src=\"http:\/\/ec2-54-245-22-188.us-west-2.compute.amazonaws.com\/wp-content\/uploads\/2016\/08\/IMG_6640.JPG\" alt=\"\" width=\"322\" height=\"242\" \/>Durante las dos jornadas los docentes recibieron charlas sobre el m\u00e9todo cient\u00edfico, la elaboraci\u00f3n de proyectos cient\u00edficos escolares, talleres de f\u00edsica y de la aplicaci\u00f3n de la astronom\u00eda en la sala de clases. Adem\u00e1s aprendieron a usar telescopios y material para la observaci\u00f3n del cielo nocturno.<\/p>\n<p style=\"margin-bottom: 0cm\" align=\"JUSTIFY\">\u00a0<\/p>\n<p style=\"margin-bottom: 0cm\" align=\"JUSTIFY\">Jos\u00e9 Miguel Montecinos, profesor de Matem\u00e1tica y F\u00edsica del colegio San Francisco Javier de Los Vilos, manifest\u00f3 su gratitud por haber participado en la jornada y tambi\u00e9n hizo un llamado a que se generen m\u00e1s actividades de este tipo \u201cno se pueden hacer estas instancias en los colegios, con el d\u00eda a d\u00eda, con la voragine del trabajo. Uno no se acostumbra y por eso se valora este tipo de actividades, porque nos recuerdan que nosotros como docentes somos los due\u00f1os de las metodolog\u00edas. Poder llegar a ese tipo de reflexiones me deja muy satisfecho\u201d.<\/p>\n<p style=\"margin-bottom: 0cm\" align=\"JUSTIFY\">\u00a0<\/p>\n<p style=\"margin-bottom: 0cm\" align=\"JUSTIFY\">Misma opini\u00f3n tiene la docente Lorena Morales, profesora de Qu\u00edmica del Colegio San Francisco de As\u00eds \u201cSalamanca siempre est\u00e1 muy retirado, y en la parte de ciencias no hemos generado redes entre docentes. Entonces esta es una instancia que podemos formar esta red, pudiendo colaborar entre todos y de alguna manera salir, porque a veces uno se encasilla mucho en los contenidos, en pasar el programa, pero no tenemos estas instancias de compartir\u201d.<\/p>\n<p style=\"margin-bottom: 0cm\" align=\"JUSTIFY\">\u00a0<\/p>\n<p style=\"margin-bottom: 0cm\" align=\"JUSTIFY\">La actividad permiti\u00f3 unir la visi\u00f3n de profesionales de las diferentes comunas de la provincia y conocer c\u00f3mo ense\u00f1an esta disciplina cient\u00edfica en sus establecimientos.<\/p>\n<p style=\"margin-bottom: 0cm\" align=\"JUSTIFY\">\u00a0<\/p>\n<p style=\"margin-bottom: 0cm\" align=\"JUSTIFY\">Douglas Moyano, Supervisor del Departamento Provincial de Educaci\u00f3n de Choapa, valor\u00f3 el trabajo realizado con los docentes de la zona sur de la regi\u00f3n de Coquimbo \u201cla verdad, que nosotros que vivimos en la provincia, permanentemente nos quejamos que las acciones son muy centralizadas. Que bien que hayan llegado a Salamanca y desde ese punto de vista estamos muy contentos\u201d.<\/p>\n<p style=\"margin-bottom: 0cm\" align=\"JUSTIFY\">\u00a0<\/p>\n<p style=\"margin-bottom: 0cm\" align=\"JUSTIFY\">Una de las actividades m\u00e1s importantes de la jornada, fue que los profesores y profesoras pudieron utilizar el domo astron\u00f3mico que tiene el colegio y con ello empaparse del conocimiento de las estrellas que se generan en el colegio San Francisco de As\u00eds.<\/p>\n<p style=\"margin-bottom: 0cm\" align=\"JUSTIFY\">\u00a0<\/p>\n<p style=\"margin-bottom: 0cm\" align=\"JUSTIFY\">Dicha actividad fue destacada por Alejandro Mallega, director del establecimiento salamanquino, valorando la importancia de la actividad y c\u00f3mo las habilidades de sus estudiantes han ido aumentado en el \u00e1rea cient\u00edfica \u201cpara nosotros fue muy importante la actividad, porque tenemos un domo y empezaremos a tener un taller de astronom\u00eda en el colegio. El trabajo que estamos realizando con Explora ha sido importante, porque hemos trabajado en los r\u00edos de la zona y los alumnos han mejorado toda su investigaci\u00f3n cient\u00edfica\u201d.<\/p>\n<p style=\"margin-bottom: 0cm\" align=\"JUSTIFY\">\u00a0<\/p>\n<p style=\"margin-bottom: 0cm\" align=\"JUSTIFY\">El taller de perfeccionamiento docente es parte del trabajo de las Red de Academias de Astronom\u00eda, que el PAR Explora de CONICYT Coquimbo est\u00e1 desarrollando en las diversas provincias de la regi\u00f3n y que ya tuvo como primera experiencia el trabajo con profesores y profesoras de Elqui.<\/p>\n<p style=\"margin-bottom: 0cm\" align=\"JUSTIFY\"><img decoding=\"async\" class=\" size-full wp-image-19723\" src=\"http:\/\/ec2-54-245-22-188.us-west-2.compute.amazonaws.com\/wp-content\/uploads\/2016\/08\/IMG_6589.JPG\" alt=\"\" width=\"915\" height=\"687\" \/><\/p>\n<p style=\"margin-bottom: 0cm\" align=\"JUSTIFY\">\u00a0<\/p>\n<p style=\"margin-bottom: 0cm\" align=\"JUSTIFY\">\u00a0<\/p>\n<p style=\"margin-bottom: 0cm\" align=\"JUSTIFY\">\u00a0<\/p>\n<p>\u00a0<\/p>\n<p style=\"margin-bottom: 0cm\" align=\"JUSTIFY\">\u00a0<\/p>\n","protected":false},"excerpt":{"rendered":"<p>Profesionales del \u00e1rea de la educaci\u00f3n vivieron una jornada en donde pudieron tomar conocimiento, sobre c\u00f3mo desarrollar trabajos cient\u00edficos escolares en esta disciplina. \u00a0 Durante dos d\u00edas, cerca de una veintena de docentes de la provincia de Choapa realizaron una capacitaci\u00f3n en habilidades astron\u00f3micas, para as\u00ed fomentar el trabajo en esta \u00e1rea en los profesores [&hellip;]<\/p>\n","protected":false},"author":2,"featured_media":32425,"comment_status":"open","ping_status":"open","sticky":false,"template":"","format":"standard","meta":{"_acf_changed":false,"_exactmetrics_skip_tracking":false,"_exactmetrics_sitenote_active":false,"_exactmetrics_sitenote_note":"","_exactmetrics_sitenote_category":0,"footnotes":"","_links_to":"","_links_to_target":""},"categories":[4],"tags":[],"class_list":["post-32424","post","type-post","status-publish","format-standard","has-post-thumbnail","hentry","category-noticias"],"acf":[],"yoast_head":"<!-- This site is optimized with the Yoast SEO plugin v26.9 - https:\/\/yoast.com\/product\/yoast-seo-wordpress\/ -->\n<title>Una veintena de docentes de la provincia de Choapa fueron parte de la primera capacitaci\u00f3n en habilidades astron\u00f3micas - Coquimbo<\/title>\n<meta name=\"robots\" content=\"index, follow, max-snippet:-1, max-image-preview:large, max-video-preview:-1\" \/>\n<link rel=\"canonical\" href=\"https:\/\/explora.cl\/coquimbo\/una-veintena-de-docentes-de-la-provincia-de-choapa-fueron-parte-de-la-primera-capacitacion-en-habilidades-astronomicas\/\" class=\"yoast-seo-meta-tag\" \/>\n<meta property=\"og:locale\" content=\"es_ES\" class=\"yoast-seo-meta-tag\" \/>\n<meta property=\"og:type\" content=\"article\" class=\"yoast-seo-meta-tag\" \/>\n<meta property=\"og:title\" content=\"Una veintena de docentes de la provincia de Choapa fueron parte de la primera capacitaci\u00f3n en habilidades astron\u00f3micas - Coquimbo\" class=\"yoast-seo-meta-tag\" \/>\n<meta property=\"og:description\" content=\"Profesionales del \u00e1rea de la educaci\u00f3n vivieron una jornada en donde pudieron tomar conocimiento, sobre c\u00f3mo desarrollar trabajos cient\u00edficos escolares en esta disciplina. \u00a0 Durante dos d\u00edas, cerca de una veintena de docentes de la provincia de Choapa realizaron una capacitaci\u00f3n en habilidades astron\u00f3micas, para as\u00ed fomentar el trabajo en esta \u00e1rea en los profesores [&hellip;]\" class=\"yoast-seo-meta-tag\" \/>\n<meta property=\"og:url\" content=\"https:\/\/explora.cl\/coquimbo\/una-veintena-de-docentes-de-la-provincia-de-choapa-fueron-parte-de-la-primera-capacitacion-en-habilidades-astronomicas\/\" class=\"yoast-seo-meta-tag\" \/>\n<meta property=\"og:site_name\" content=\"Coquimbo\" class=\"yoast-seo-meta-tag\" \/>\n<meta property=\"article:published_time\" content=\"2016-08-08T04:00:00+00:00\" class=\"yoast-seo-meta-tag\" \/>\n<meta property=\"article:modified_time\" content=\"2019-05-16T06:32:55+00:00\" class=\"yoast-seo-meta-tag\" \/>\n<meta property=\"og:image\" content=\"https:\/\/explora.cl\/coquimbo\/wp-content\/uploads\/sites\/6\/2018\/06\/IMG_6726.jpg\" class=\"yoast-seo-meta-tag\" \/>\n\t<meta property=\"og:image:width\" content=\"440\" class=\"yoast-seo-meta-tag\" \/>\n\t<meta property=\"og:image:height\" content=\"220\" class=\"yoast-seo-meta-tag\" \/>\n\t<meta property=\"og:image:type\" content=\"image\/jpeg\" class=\"yoast-seo-meta-tag\" \/>\n<meta name=\"author\" content=\"webman\" class=\"yoast-seo-meta-tag\" \/>\n<meta name=\"twitter:card\" content=\"summary_large_image\" class=\"yoast-seo-meta-tag\" \/>\n<meta name=\"twitter:label1\" content=\"Escrito por\" class=\"yoast-seo-meta-tag\" \/>\n\t<meta name=\"twitter:data1\" content=\"webman\" class=\"yoast-seo-meta-tag\" \/>\n\t<meta name=\"twitter:label2\" content=\"Tiempo estimado de lectura\" class=\"yoast-seo-meta-tag\" \/>\n\t<meta name=\"twitter:data2\" content=\"3 minutos\" class=\"yoast-seo-meta-tag\" \/>\n<script type=\"application\/ld+json\" class=\"yoast-schema-graph\">{\"@context\":\"https:\/\/schema.org\",\"@graph\":[{\"@type\":\"Article\",\"@id\":\"https:\/\/explora.cl\/coquimbo\/una-veintena-de-docentes-de-la-provincia-de-choapa-fueron-parte-de-la-primera-capacitacion-en-habilidades-astronomicas\/#article\",\"isPartOf\":{\"@id\":\"https:\/\/explora.cl\/coquimbo\/una-veintena-de-docentes-de-la-provincia-de-choapa-fueron-parte-de-la-primera-capacitacion-en-habilidades-astronomicas\/\"},\"author\":{\"name\":\"webman\",\"@id\":\"https:\/\/explora.cl\/coquimbo\/#\/schema\/person\/cb8349c13ea2d324080adf8480d7ba5d\"},\"headline\":\"Una veintena de docentes de la provincia de Choapa fueron parte de la primera capacitaci\u00f3n en habilidades astron\u00f3micas\",\"datePublished\":\"2016-08-08T04:00:00+00:00\",\"dateModified\":\"2019-05-16T06:32:55+00:00\",\"mainEntityOfPage\":{\"@id\":\"https:\/\/explora.cl\/coquimbo\/una-veintena-de-docentes-de-la-provincia-de-choapa-fueron-parte-de-la-primera-capacitacion-en-habilidades-astronomicas\/\"},\"wordCount\":660,\"commentCount\":0,\"publisher\":{\"@id\":\"https:\/\/explora.cl\/coquimbo\/#organization\"},\"image\":{\"@id\":\"https:\/\/explora.cl\/coquimbo\/una-veintena-de-docentes-de-la-provincia-de-choapa-fueron-parte-de-la-primera-capacitacion-en-habilidades-astronomicas\/#primaryimage\"},\"thumbnailUrl\":\"https:\/\/explora.cl\/coquimbo\/wp-content\/uploads\/sites\/6\/2018\/06\/IMG_6726.jpg\",\"articleSection\":[\"Noticias\"],\"inLanguage\":\"es-CL\",\"potentialAction\":[{\"@type\":\"CommentAction\",\"name\":\"Comment\",\"target\":[\"https:\/\/explora.cl\/coquimbo\/una-veintena-de-docentes-de-la-provincia-de-choapa-fueron-parte-de-la-primera-capacitacion-en-habilidades-astronomicas\/#respond\"]}]},{\"@type\":\"WebPage\",\"@id\":\"https:\/\/explora.cl\/coquimbo\/una-veintena-de-docentes-de-la-provincia-de-choapa-fueron-parte-de-la-primera-capacitacion-en-habilidades-astronomicas\/\",\"url\":\"https:\/\/explora.cl\/coquimbo\/una-veintena-de-docentes-de-la-provincia-de-choapa-fueron-parte-de-la-primera-capacitacion-en-habilidades-astronomicas\/\",\"name\":\"Una veintena de docentes de la provincia de Choapa fueron parte de la primera capacitaci\u00f3n en habilidades astron\u00f3micas - Coquimbo\",\"isPartOf\":{\"@id\":\"https:\/\/explora.cl\/coquimbo\/#website\"},\"primaryImageOfPage\":{\"@id\":\"https:\/\/explora.cl\/coquimbo\/una-veintena-de-docentes-de-la-provincia-de-choapa-fueron-parte-de-la-primera-capacitacion-en-habilidades-astronomicas\/#primaryimage\"},\"image\":{\"@id\":\"https:\/\/explora.cl\/coquimbo\/una-veintena-de-docentes-de-la-provincia-de-choapa-fueron-parte-de-la-primera-capacitacion-en-habilidades-astronomicas\/#primaryimage\"},\"thumbnailUrl\":\"https:\/\/explora.cl\/coquimbo\/wp-content\/uploads\/sites\/6\/2018\/06\/IMG_6726.jpg\",\"datePublished\":\"2016-08-08T04:00:00+00:00\",\"dateModified\":\"2019-05-16T06:32:55+00:00\",\"breadcrumb\":{\"@id\":\"https:\/\/explora.cl\/coquimbo\/una-veintena-de-docentes-de-la-provincia-de-choapa-fueron-parte-de-la-primera-capacitacion-en-habilidades-astronomicas\/#breadcrumb\"},\"inLanguage\":\"es-CL\",\"potentialAction\":[{\"@type\":\"ReadAction\",\"target\":[\"https:\/\/explora.cl\/coquimbo\/una-veintena-de-docentes-de-la-provincia-de-choapa-fueron-parte-de-la-primera-capacitacion-en-habilidades-astronomicas\/\"]}]},{\"@type\":\"ImageObject\",\"inLanguage\":\"es-CL\",\"@id\":\"https:\/\/explora.cl\/coquimbo\/una-veintena-de-docentes-de-la-provincia-de-choapa-fueron-parte-de-la-primera-capacitacion-en-habilidades-astronomicas\/#primaryimage\",\"url\":\"https:\/\/explora.cl\/coquimbo\/wp-content\/uploads\/sites\/6\/2018\/06\/IMG_6726.jpg\",\"contentUrl\":\"https:\/\/explora.cl\/coquimbo\/wp-content\/uploads\/sites\/6\/2018\/06\/IMG_6726.jpg\",\"width\":440,\"height\":220},{\"@type\":\"BreadcrumbList\",\"@id\":\"https:\/\/explora.cl\/coquimbo\/una-veintena-de-docentes-de-la-provincia-de-choapa-fueron-parte-de-la-primera-capacitacion-en-habilidades-astronomicas\/#breadcrumb\",\"itemListElement\":[{\"@type\":\"ListItem\",\"position\":1,\"name\":\"Portada\",\"item\":\"https:\/\/explora.cl\/coquimbo\/\"},{\"@type\":\"ListItem\",\"position\":2,\"name\":\"Una veintena de docentes de la provincia de Choapa fueron parte de la primera capacitaci\u00f3n en habilidades astron\u00f3micas\"}]},{\"@type\":\"WebSite\",\"@id\":\"https:\/\/explora.cl\/coquimbo\/#website\",\"url\":\"https:\/\/explora.cl\/coquimbo\/\",\"name\":\"Coquimbo\",\"description\":\"Otro sitio m\u00e1s de explora.cl\",\"publisher\":{\"@id\":\"https:\/\/explora.cl\/coquimbo\/#organization\"},\"potentialAction\":[{\"@type\":\"SearchAction\",\"target\":{\"@type\":\"EntryPoint\",\"urlTemplate\":\"https:\/\/explora.cl\/coquimbo\/?s={search_term_string}\"},\"query-input\":{\"@type\":\"PropertyValueSpecification\",\"valueRequired\":true,\"valueName\":\"search_term_string\"}}],\"inLanguage\":\"es-CL\"},{\"@type\":\"Organization\",\"@id\":\"https:\/\/explora.cl\/coquimbo\/#organization\",\"name\":\"Coquimbo\",\"url\":\"https:\/\/explora.cl\/coquimbo\/\",\"logo\":{\"@type\":\"ImageObject\",\"inLanguage\":\"es-CL\",\"@id\":\"https:\/\/explora.cl\/coquimbo\/#\/schema\/logo\/image\/\",\"url\":\"https:\/\/explora.cl\/coquimbo\/wp-content\/uploads\/sites\/6\/2020\/08\/cropped-Mesa-de-trabajo-1-100.jpg\",\"contentUrl\":\"https:\/\/explora.cl\/coquimbo\/wp-content\/uploads\/sites\/6\/2020\/08\/cropped-Mesa-de-trabajo-1-100.jpg\",\"width\":615,\"height\":576,\"caption\":\"Coquimbo\"},\"image\":{\"@id\":\"https:\/\/explora.cl\/coquimbo\/#\/schema\/logo\/image\/\"}},{\"@type\":\"Person\",\"@id\":\"https:\/\/explora.cl\/coquimbo\/#\/schema\/person\/cb8349c13ea2d324080adf8480d7ba5d\",\"name\":\"webman\",\"image\":{\"@type\":\"ImageObject\",\"inLanguage\":\"es-CL\",\"@id\":\"https:\/\/explora.cl\/coquimbo\/#\/schema\/person\/image\/\",\"url\":\"https:\/\/secure.gravatar.com\/avatar\/eeff3c82f2c02f7177d13663b7e6f890e9a6a0647ce9bb29cae02dcb094c7312?s=96&d=mm&r=g\",\"contentUrl\":\"https:\/\/secure.gravatar.com\/avatar\/eeff3c82f2c02f7177d13663b7e6f890e9a6a0647ce9bb29cae02dcb094c7312?s=96&d=mm&r=g\",\"caption\":\"webman\"},\"url\":\"https:\/\/explora.cl\/coquimbo\/author\/webman\/\"}]}<\/script>\n<!-- \/ Yoast SEO plugin. -->","yoast_head_json":{"title":"Una veintena de docentes de la provincia de Choapa fueron parte de la primera capacitaci\u00f3n en habilidades astron\u00f3micas - Coquimbo","robots":{"index":"index","follow":"follow","max-snippet":"max-snippet:-1","max-image-preview":"max-image-preview:large","max-video-preview":"max-video-preview:-1"},"canonical":"https:\/\/explora.cl\/coquimbo\/una-veintena-de-docentes-de-la-provincia-de-choapa-fueron-parte-de-la-primera-capacitacion-en-habilidades-astronomicas\/","og_locale":"es_ES","og_type":"article","og_title":"Una veintena de docentes de la provincia de Choapa fueron parte de la primera capacitaci\u00f3n en habilidades astron\u00f3micas - Coquimbo","og_description":"Profesionales del \u00e1rea de la educaci\u00f3n vivieron una jornada en donde pudieron tomar conocimiento, sobre c\u00f3mo desarrollar trabajos cient\u00edficos escolares en esta disciplina. \u00a0 Durante dos d\u00edas, cerca de una veintena de docentes de la provincia de Choapa realizaron una capacitaci\u00f3n en habilidades astron\u00f3micas, para as\u00ed fomentar el trabajo en esta \u00e1rea en los profesores [&hellip;]","og_url":"https:\/\/explora.cl\/coquimbo\/una-veintena-de-docentes-de-la-provincia-de-choapa-fueron-parte-de-la-primera-capacitacion-en-habilidades-astronomicas\/","og_site_name":"Coquimbo","article_published_time":"2016-08-08T04:00:00+00:00","article_modified_time":"2019-05-16T06:32:55+00:00","og_image":[{"width":440,"height":220,"url":"https:\/\/explora.cl\/coquimbo\/wp-content\/uploads\/sites\/6\/2018\/06\/IMG_6726.jpg","type":"image\/jpeg"}],"author":"webman","twitter_card":"summary_large_image","twitter_misc":{"Escrito por":"webman","Tiempo estimado de lectura":"3 minutos"},"schema":{"@context":"https:\/\/schema.org","@graph":[{"@type":"Article","@id":"https:\/\/explora.cl\/coquimbo\/una-veintena-de-docentes-de-la-provincia-de-choapa-fueron-parte-de-la-primera-capacitacion-en-habilidades-astronomicas\/#article","isPartOf":{"@id":"https:\/\/explora.cl\/coquimbo\/una-veintena-de-docentes-de-la-provincia-de-choapa-fueron-parte-de-la-primera-capacitacion-en-habilidades-astronomicas\/"},"author":{"name":"webman","@id":"https:\/\/explora.cl\/coquimbo\/#\/schema\/person\/cb8349c13ea2d324080adf8480d7ba5d"},"headline":"Una veintena de docentes de la provincia de Choapa fueron parte de la primera capacitaci\u00f3n en habilidades astron\u00f3micas","datePublished":"2016-08-08T04:00:00+00:00","dateModified":"2019-05-16T06:32:55+00:00","mainEntityOfPage":{"@id":"https:\/\/explora.cl\/coquimbo\/una-veintena-de-docentes-de-la-provincia-de-choapa-fueron-parte-de-la-primera-capacitacion-en-habilidades-astronomicas\/"},"wordCount":660,"commentCount":0,"publisher":{"@id":"https:\/\/explora.cl\/coquimbo\/#organization"},"image":{"@id":"https:\/\/explora.cl\/coquimbo\/una-veintena-de-docentes-de-la-provincia-de-choapa-fueron-parte-de-la-primera-capacitacion-en-habilidades-astronomicas\/#primaryimage"},"thumbnailUrl":"https:\/\/explora.cl\/coquimbo\/wp-content\/uploads\/sites\/6\/2018\/06\/IMG_6726.jpg","articleSection":["Noticias"],"inLanguage":"es-CL","potentialAction":[{"@type":"CommentAction","name":"Comment","target":["https:\/\/explora.cl\/coquimbo\/una-veintena-de-docentes-de-la-provincia-de-choapa-fueron-parte-de-la-primera-capacitacion-en-habilidades-astronomicas\/#respond"]}]},{"@type":"WebPage","@id":"https:\/\/explora.cl\/coquimbo\/una-veintena-de-docentes-de-la-provincia-de-choapa-fueron-parte-de-la-primera-capacitacion-en-habilidades-astronomicas\/","url":"https:\/\/explora.cl\/coquimbo\/una-veintena-de-docentes-de-la-provincia-de-choapa-fueron-parte-de-la-primera-capacitacion-en-habilidades-astronomicas\/","name":"Una veintena de docentes de la provincia de Choapa fueron parte de la primera capacitaci\u00f3n en habilidades astron\u00f3micas - Coquimbo","isPartOf":{"@id":"https:\/\/explora.cl\/coquimbo\/#website"},"primaryImageOfPage":{"@id":"https:\/\/explora.cl\/coquimbo\/una-veintena-de-docentes-de-la-provincia-de-choapa-fueron-parte-de-la-primera-capacitacion-en-habilidades-astronomicas\/#primaryimage"},"image":{"@id":"https:\/\/explora.cl\/coquimbo\/una-veintena-de-docentes-de-la-provincia-de-choapa-fueron-parte-de-la-primera-capacitacion-en-habilidades-astronomicas\/#primaryimage"},"thumbnailUrl":"https:\/\/explora.cl\/coquimbo\/wp-content\/uploads\/sites\/6\/2018\/06\/IMG_6726.jpg","datePublished":"2016-08-08T04:00:00+00:00","dateModified":"2019-05-16T06:32:55+00:00","breadcrumb":{"@id":"https:\/\/explora.cl\/coquimbo\/una-veintena-de-docentes-de-la-provincia-de-choapa-fueron-parte-de-la-primera-capacitacion-en-habilidades-astronomicas\/#breadcrumb"},"inLanguage":"es-CL","potentialAction":[{"@type":"ReadAction","target":["https:\/\/explora.cl\/coquimbo\/una-veintena-de-docentes-de-la-provincia-de-choapa-fueron-parte-de-la-primera-capacitacion-en-habilidades-astronomicas\/"]}]},{"@type":"ImageObject","inLanguage":"es-CL","@id":"https:\/\/explora.cl\/coquimbo\/una-veintena-de-docentes-de-la-provincia-de-choapa-fueron-parte-de-la-primera-capacitacion-en-habilidades-astronomicas\/#primaryimage","url":"https:\/\/explora.cl\/coquimbo\/wp-content\/uploads\/sites\/6\/2018\/06\/IMG_6726.jpg","contentUrl":"https:\/\/explora.cl\/coquimbo\/wp-content\/uploads\/sites\/6\/2018\/06\/IMG_6726.jpg","width":440,"height":220},{"@type":"BreadcrumbList","@id":"https:\/\/explora.cl\/coquimbo\/una-veintena-de-docentes-de-la-provincia-de-choapa-fueron-parte-de-la-primera-capacitacion-en-habilidades-astronomicas\/#breadcrumb","itemListElement":[{"@type":"ListItem","position":1,"name":"Portada","item":"https:\/\/explora.cl\/coquimbo\/"},{"@type":"ListItem","position":2,"name":"Una veintena de docentes de la provincia de Choapa fueron parte de la primera capacitaci\u00f3n en habilidades astron\u00f3micas"}]},{"@type":"WebSite","@id":"https:\/\/explora.cl\/coquimbo\/#website","url":"https:\/\/explora.cl\/coquimbo\/","name":"Coquimbo","description":"Otro sitio m\u00e1s de explora.cl","publisher":{"@id":"https:\/\/explora.cl\/coquimbo\/#organization"},"potentialAction":[{"@type":"SearchAction","target":{"@type":"EntryPoint","urlTemplate":"https:\/\/explora.cl\/coquimbo\/?s={search_term_string}"},"query-input":{"@type":"PropertyValueSpecification","valueRequired":true,"valueName":"search_term_string"}}],"inLanguage":"es-CL"},{"@type":"Organization","@id":"https:\/\/explora.cl\/coquimbo\/#organization","name":"Coquimbo","url":"https:\/\/explora.cl\/coquimbo\/","logo":{"@type":"ImageObject","inLanguage":"es-CL","@id":"https:\/\/explora.cl\/coquimbo\/#\/schema\/logo\/image\/","url":"https:\/\/explora.cl\/coquimbo\/wp-content\/uploads\/sites\/6\/2020\/08\/cropped-Mesa-de-trabajo-1-100.jpg","contentUrl":"https:\/\/explora.cl\/coquimbo\/wp-content\/uploads\/sites\/6\/2020\/08\/cropped-Mesa-de-trabajo-1-100.jpg","width":615,"height":576,"caption":"Coquimbo"},"image":{"@id":"https:\/\/explora.cl\/coquimbo\/#\/schema\/logo\/image\/"}},{"@type":"Person","@id":"https:\/\/explora.cl\/coquimbo\/#\/schema\/person\/cb8349c13ea2d324080adf8480d7ba5d","name":"webman","image":{"@type":"ImageObject","inLanguage":"es-CL","@id":"https:\/\/explora.cl\/coquimbo\/#\/schema\/person\/image\/","url":"https:\/\/secure.gravatar.com\/avatar\/eeff3c82f2c02f7177d13663b7e6f890e9a6a0647ce9bb29cae02dcb094c7312?s=96&d=mm&r=g","contentUrl":"https:\/\/secure.gravatar.com\/avatar\/eeff3c82f2c02f7177d13663b7e6f890e9a6a0647ce9bb29cae02dcb094c7312?s=96&d=mm&r=g","caption":"webman"},"url":"https:\/\/explora.cl\/coquimbo\/author\/webman\/"}]}},"_links":{"self":[{"href":"https:\/\/explora.cl\/coquimbo\/wp-json\/wp\/v2\/posts\/32424","targetHints":{"allow":["GET"]}}],"collection":[{"href":"https:\/\/explora.cl\/coquimbo\/wp-json\/wp\/v2\/posts"}],"about":[{"href":"https:\/\/explora.cl\/coquimbo\/wp-json\/wp\/v2\/types\/post"}],"author":[{"embeddable":true,"href":"https:\/\/explora.cl\/coquimbo\/wp-json\/wp\/v2\/users\/2"}],"replies":[{"embeddable":true,"href":"https:\/\/explora.cl\/coquimbo\/wp-json\/wp\/v2\/comments?post=32424"}],"version-history":[{"count":1,"href":"https:\/\/explora.cl\/coquimbo\/wp-json\/wp\/v2\/posts\/32424\/revisions"}],"predecessor-version":[{"id":39000,"href":"https:\/\/explora.cl\/coquimbo\/wp-json\/wp\/v2\/posts\/32424\/revisions\/39000"}],"wp:featuredmedia":[{"embeddable":true,"href":"https:\/\/explora.cl\/coquimbo\/wp-json\/wp\/v2\/media\/32425"}],"wp:attachment":[{"href":"https:\/\/explora.cl\/coquimbo\/wp-json\/wp\/v2\/media?parent=32424"}],"wp:term":[{"taxonomy":"category","embeddable":true,"href":"https:\/\/explora.cl\/coquimbo\/wp-json\/wp\/v2\/categories?post=32424"},{"taxonomy":"post_tag","embeddable":true,"href":"https:\/\/explora.cl\/coquimbo\/wp-json\/wp\/v2\/tags?post=32424"}],"curies":[{"name":"wp","href":"https:\/\/api.w.org\/{rel}","templated":true}]}}