{"id":32417,"date":"2016-08-02T00:00:00","date_gmt":"2016-08-02T04:00:00","guid":{"rendered":"https:\/\/explora.cl\/coquimbo\/blog\/2016\/08\/02\/ya-esta-disponible-el-ultimo-boletin-informativo-del-par-explora-de-conicyt-coquimbo\/"},"modified":"2019-05-16T06:32:57","modified_gmt":"2019-05-16T06:32:57","slug":"ya-esta-disponible-el-ultimo-boletin-informativo-del-par-explora-de-conicyt-coquimbo","status":"publish","type":"post","link":"https:\/\/explora.cl\/coquimbo\/ya-esta-disponible-el-ultimo-boletin-informativo-del-par-explora-de-conicyt-coquimbo\/","title":{"rendered":"Ya est\u00e1 disponible el \u00faltimo bolet\u00edn informativo del PAR Explora de CONICYT Coquimbo"},"content":{"rendered":"<p style=\"margin-bottom: 0cm;text-align: center\"><em>Lee la edici\u00f3n del mes del bolet\u00edn de julio de EL EXPLORADOR.<\/em><\/p>\n<hr \/>\n<p style=\"margin-bottom: 0cm;text-align: center\">\u00a0<\/p>\n<p style=\"margin-bottom: 0cm\">Ya est\u00e1 para descargar la \u00faltima edici\u00f3n del bolet\u00edn informativo EL EXPLORADOR.<\/p>\n<p style=\"margin-bottom: 0cm\">En este edici\u00f3n podr\u00e1 conocer sobre los Congresos Provinciales que se realizar\u00e1n en Ovalle, 1000 cient\u00edficos 1000 aulas, reportajes audiovisuales y mucho m\u00e1s.<\/p>\n<p style=\"margin-bottom: 0cm\">Descarga la edici\u00f3n ac\u00e1. \u00a0<\/p>\n","protected":false},"excerpt":{"rendered":"<p>Lee la edici\u00f3n del mes del bolet\u00edn de julio de EL EXPLORADOR. \u00a0 Ya est\u00e1 para descargar la \u00faltima edici\u00f3n del bolet\u00edn informativo EL EXPLORADOR. En este edici\u00f3n podr\u00e1 conocer sobre los Congresos Provinciales que se realizar\u00e1n en Ovalle, 1000 cient\u00edficos 1000 aulas, reportajes audiovisuales y mucho m\u00e1s. Descarga la edici\u00f3n ac\u00e1. \u00a0<\/p>\n","protected":false},"author":2,"featured_media":18535,"comment_status":"open","ping_status":"open","sticky":false,"template":"","format":"standard","meta":{"_acf_changed":false,"_exactmetrics_skip_tracking":false,"_exactmetrics_sitenote_active":false,"_exactmetrics_sitenote_note":"","_exactmetrics_sitenote_category":0,"footnotes":"","_links_to":"","_links_to_target":""},"categories":[4],"tags":[],"class_list":["post-32417","post","type-post","status-publish","format-standard","has-post-thumbnail","hentry","category-noticias"],"acf":[],"yoast_head":"<!-- This site is optimized with the Yoast SEO plugin v26.9 - https:\/\/yoast.com\/product\/yoast-seo-wordpress\/ -->\n<title>Ya est\u00e1 disponible el \u00faltimo bolet\u00edn informativo del PAR Explora de CONICYT Coquimbo - Coquimbo<\/title>\n<meta name=\"robots\" content=\"index, follow, max-snippet:-1, max-image-preview:large, max-video-preview:-1\" \/>\n<link rel=\"canonical\" href=\"https:\/\/explora.cl\/coquimbo\/ya-esta-disponible-el-ultimo-boletin-informativo-del-par-explora-de-conicyt-coquimbo\/\" class=\"yoast-seo-meta-tag\" \/>\n<meta property=\"og:locale\" content=\"es_ES\" class=\"yoast-seo-meta-tag\" \/>\n<meta property=\"og:type\" content=\"article\" class=\"yoast-seo-meta-tag\" \/>\n<meta property=\"og:title\" content=\"Ya est\u00e1 disponible el \u00faltimo bolet\u00edn informativo del PAR Explora de CONICYT Coquimbo - Coquimbo\" class=\"yoast-seo-meta-tag\" \/>\n<meta property=\"og:description\" content=\"Lee la edici\u00f3n del mes del bolet\u00edn de julio de EL EXPLORADOR. \u00a0 Ya est\u00e1 para descargar la \u00faltima edici\u00f3n del bolet\u00edn informativo EL EXPLORADOR. En este edici\u00f3n podr\u00e1 conocer sobre los Congresos Provinciales que se realizar\u00e1n en Ovalle, 1000 cient\u00edficos 1000 aulas, reportajes audiovisuales y mucho m\u00e1s. Descarga la edici\u00f3n ac\u00e1. \u00a0\" class=\"yoast-seo-meta-tag\" \/>\n<meta property=\"og:url\" content=\"https:\/\/explora.cl\/coquimbo\/ya-esta-disponible-el-ultimo-boletin-informativo-del-par-explora-de-conicyt-coquimbo\/\" class=\"yoast-seo-meta-tag\" \/>\n<meta property=\"og:site_name\" content=\"Coquimbo\" class=\"yoast-seo-meta-tag\" \/>\n<meta property=\"article:published_time\" content=\"2016-08-02T04:00:00+00:00\" class=\"yoast-seo-meta-tag\" \/>\n<meta property=\"article:modified_time\" content=\"2019-05-16T06:32:57+00:00\" class=\"yoast-seo-meta-tag\" \/>\n<meta property=\"og:image\" content=\"https:\/\/explora.cl\/coquimbo\/wp-content\/uploads\/sites\/6\/2016\/06\/Boletin3.jpg\" class=\"yoast-seo-meta-tag\" \/>\n\t<meta property=\"og:image:width\" content=\"221\" class=\"yoast-seo-meta-tag\" \/>\n\t<meta property=\"og:image:height\" content=\"109\" class=\"yoast-seo-meta-tag\" \/>\n\t<meta property=\"og:image:type\" content=\"image\/jpeg\" class=\"yoast-seo-meta-tag\" \/>\n<meta name=\"author\" content=\"webman\" class=\"yoast-seo-meta-tag\" \/>\n<meta name=\"twitter:card\" content=\"summary_large_image\" class=\"yoast-seo-meta-tag\" \/>\n<meta name=\"twitter:label1\" content=\"Escrito por\" class=\"yoast-seo-meta-tag\" \/>\n\t<meta name=\"twitter:data1\" content=\"webman\" class=\"yoast-seo-meta-tag\" \/>\n<script type=\"application\/ld+json\" class=\"yoast-schema-graph\">{\"@context\":\"https:\/\/schema.org\",\"@graph\":[{\"@type\":\"Article\",\"@id\":\"https:\/\/explora.cl\/coquimbo\/ya-esta-disponible-el-ultimo-boletin-informativo-del-par-explora-de-conicyt-coquimbo\/#article\",\"isPartOf\":{\"@id\":\"https:\/\/explora.cl\/coquimbo\/ya-esta-disponible-el-ultimo-boletin-informativo-del-par-explora-de-conicyt-coquimbo\/\"},\"author\":{\"name\":\"webman\",\"@id\":\"https:\/\/explora.cl\/coquimbo\/#\/schema\/person\/cb8349c13ea2d324080adf8480d7ba5d\"},\"headline\":\"Ya est\u00e1 disponible el \u00faltimo bolet\u00edn informativo del PAR Explora de CONICYT Coquimbo\",\"datePublished\":\"2016-08-02T04:00:00+00:00\",\"dateModified\":\"2019-05-16T06:32:57+00:00\",\"mainEntityOfPage\":{\"@id\":\"https:\/\/explora.cl\/coquimbo\/ya-esta-disponible-el-ultimo-boletin-informativo-del-par-explora-de-conicyt-coquimbo\/\"},\"wordCount\":72,\"commentCount\":0,\"publisher\":{\"@id\":\"https:\/\/explora.cl\/coquimbo\/#organization\"},\"image\":{\"@id\":\"https:\/\/explora.cl\/coquimbo\/ya-esta-disponible-el-ultimo-boletin-informativo-del-par-explora-de-conicyt-coquimbo\/#primaryimage\"},\"thumbnailUrl\":\"https:\/\/explora.cl\/coquimbo\/wp-content\/uploads\/sites\/6\/2016\/06\/Boletin3.jpg\",\"articleSection\":[\"Noticias\"],\"inLanguage\":\"es-CL\",\"potentialAction\":[{\"@type\":\"CommentAction\",\"name\":\"Comment\",\"target\":[\"https:\/\/explora.cl\/coquimbo\/ya-esta-disponible-el-ultimo-boletin-informativo-del-par-explora-de-conicyt-coquimbo\/#respond\"]}]},{\"@type\":\"WebPage\",\"@id\":\"https:\/\/explora.cl\/coquimbo\/ya-esta-disponible-el-ultimo-boletin-informativo-del-par-explora-de-conicyt-coquimbo\/\",\"url\":\"https:\/\/explora.cl\/coquimbo\/ya-esta-disponible-el-ultimo-boletin-informativo-del-par-explora-de-conicyt-coquimbo\/\",\"name\":\"Ya est\u00e1 disponible el \u00faltimo bolet\u00edn informativo del PAR Explora de CONICYT Coquimbo - Coquimbo\",\"isPartOf\":{\"@id\":\"https:\/\/explora.cl\/coquimbo\/#website\"},\"primaryImageOfPage\":{\"@id\":\"https:\/\/explora.cl\/coquimbo\/ya-esta-disponible-el-ultimo-boletin-informativo-del-par-explora-de-conicyt-coquimbo\/#primaryimage\"},\"image\":{\"@id\":\"https:\/\/explora.cl\/coquimbo\/ya-esta-disponible-el-ultimo-boletin-informativo-del-par-explora-de-conicyt-coquimbo\/#primaryimage\"},\"thumbnailUrl\":\"https:\/\/explora.cl\/coquimbo\/wp-content\/uploads\/sites\/6\/2016\/06\/Boletin3.jpg\",\"datePublished\":\"2016-08-02T04:00:00+00:00\",\"dateModified\":\"2019-05-16T06:32:57+00:00\",\"breadcrumb\":{\"@id\":\"https:\/\/explora.cl\/coquimbo\/ya-esta-disponible-el-ultimo-boletin-informativo-del-par-explora-de-conicyt-coquimbo\/#breadcrumb\"},\"inLanguage\":\"es-CL\",\"potentialAction\":[{\"@type\":\"ReadAction\",\"target\":[\"https:\/\/explora.cl\/coquimbo\/ya-esta-disponible-el-ultimo-boletin-informativo-del-par-explora-de-conicyt-coquimbo\/\"]}]},{\"@type\":\"ImageObject\",\"inLanguage\":\"es-CL\",\"@id\":\"https:\/\/explora.cl\/coquimbo\/ya-esta-disponible-el-ultimo-boletin-informativo-del-par-explora-de-conicyt-coquimbo\/#primaryimage\",\"url\":\"https:\/\/explora.cl\/coquimbo\/wp-content\/uploads\/sites\/6\/2016\/06\/Boletin3.jpg\",\"contentUrl\":\"https:\/\/explora.cl\/coquimbo\/wp-content\/uploads\/sites\/6\/2016\/06\/Boletin3.jpg\",\"width\":221,\"height\":109},{\"@type\":\"BreadcrumbList\",\"@id\":\"https:\/\/explora.cl\/coquimbo\/ya-esta-disponible-el-ultimo-boletin-informativo-del-par-explora-de-conicyt-coquimbo\/#breadcrumb\",\"itemListElement\":[{\"@type\":\"ListItem\",\"position\":1,\"name\":\"Portada\",\"item\":\"https:\/\/explora.cl\/coquimbo\/\"},{\"@type\":\"ListItem\",\"position\":2,\"name\":\"Ya est\u00e1 disponible el \u00faltimo bolet\u00edn informativo del PAR Explora de CONICYT Coquimbo\"}]},{\"@type\":\"WebSite\",\"@id\":\"https:\/\/explora.cl\/coquimbo\/#website\",\"url\":\"https:\/\/explora.cl\/coquimbo\/\",\"name\":\"Coquimbo\",\"description\":\"Otro sitio m\u00e1s de explora.cl\",\"publisher\":{\"@id\":\"https:\/\/explora.cl\/coquimbo\/#organization\"},\"potentialAction\":[{\"@type\":\"SearchAction\",\"target\":{\"@type\":\"EntryPoint\",\"urlTemplate\":\"https:\/\/explora.cl\/coquimbo\/?s={search_term_string}\"},\"query-input\":{\"@type\":\"PropertyValueSpecification\",\"valueRequired\":true,\"valueName\":\"search_term_string\"}}],\"inLanguage\":\"es-CL\"},{\"@type\":\"Organization\",\"@id\":\"https:\/\/explora.cl\/coquimbo\/#organization\",\"name\":\"Coquimbo\",\"url\":\"https:\/\/explora.cl\/coquimbo\/\",\"logo\":{\"@type\":\"ImageObject\",\"inLanguage\":\"es-CL\",\"@id\":\"https:\/\/explora.cl\/coquimbo\/#\/schema\/logo\/image\/\",\"url\":\"https:\/\/explora.cl\/coquimbo\/wp-content\/uploads\/sites\/6\/2020\/08\/cropped-Mesa-de-trabajo-1-100.jpg\",\"contentUrl\":\"https:\/\/explora.cl\/coquimbo\/wp-content\/uploads\/sites\/6\/2020\/08\/cropped-Mesa-de-trabajo-1-100.jpg\",\"width\":615,\"height\":576,\"caption\":\"Coquimbo\"},\"image\":{\"@id\":\"https:\/\/explora.cl\/coquimbo\/#\/schema\/logo\/image\/\"}},{\"@type\":\"Person\",\"@id\":\"https:\/\/explora.cl\/coquimbo\/#\/schema\/person\/cb8349c13ea2d324080adf8480d7ba5d\",\"name\":\"webman\",\"image\":{\"@type\":\"ImageObject\",\"inLanguage\":\"es-CL\",\"@id\":\"https:\/\/explora.cl\/coquimbo\/#\/schema\/person\/image\/\",\"url\":\"https:\/\/secure.gravatar.com\/avatar\/eeff3c82f2c02f7177d13663b7e6f890e9a6a0647ce9bb29cae02dcb094c7312?s=96&d=mm&r=g\",\"contentUrl\":\"https:\/\/secure.gravatar.com\/avatar\/eeff3c82f2c02f7177d13663b7e6f890e9a6a0647ce9bb29cae02dcb094c7312?s=96&d=mm&r=g\",\"caption\":\"webman\"},\"url\":\"https:\/\/explora.cl\/coquimbo\/author\/webman\/\"}]}<\/script>\n<!-- \/ Yoast SEO plugin. -->","yoast_head_json":{"title":"Ya est\u00e1 disponible el \u00faltimo bolet\u00edn informativo del PAR Explora de CONICYT Coquimbo - Coquimbo","robots":{"index":"index","follow":"follow","max-snippet":"max-snippet:-1","max-image-preview":"max-image-preview:large","max-video-preview":"max-video-preview:-1"},"canonical":"https:\/\/explora.cl\/coquimbo\/ya-esta-disponible-el-ultimo-boletin-informativo-del-par-explora-de-conicyt-coquimbo\/","og_locale":"es_ES","og_type":"article","og_title":"Ya est\u00e1 disponible el \u00faltimo bolet\u00edn informativo del PAR Explora de CONICYT Coquimbo - Coquimbo","og_description":"Lee la edici\u00f3n del mes del bolet\u00edn de julio de EL EXPLORADOR. \u00a0 Ya est\u00e1 para descargar la \u00faltima edici\u00f3n del bolet\u00edn informativo EL EXPLORADOR. En este edici\u00f3n podr\u00e1 conocer sobre los Congresos Provinciales que se realizar\u00e1n en Ovalle, 1000 cient\u00edficos 1000 aulas, reportajes audiovisuales y mucho m\u00e1s. Descarga la edici\u00f3n ac\u00e1. \u00a0","og_url":"https:\/\/explora.cl\/coquimbo\/ya-esta-disponible-el-ultimo-boletin-informativo-del-par-explora-de-conicyt-coquimbo\/","og_site_name":"Coquimbo","article_published_time":"2016-08-02T04:00:00+00:00","article_modified_time":"2019-05-16T06:32:57+00:00","og_image":[{"width":221,"height":109,"url":"https:\/\/explora.cl\/coquimbo\/wp-content\/uploads\/sites\/6\/2016\/06\/Boletin3.jpg","type":"image\/jpeg"}],"author":"webman","twitter_card":"summary_large_image","twitter_misc":{"Escrito por":"webman"},"schema":{"@context":"https:\/\/schema.org","@graph":[{"@type":"Article","@id":"https:\/\/explora.cl\/coquimbo\/ya-esta-disponible-el-ultimo-boletin-informativo-del-par-explora-de-conicyt-coquimbo\/#article","isPartOf":{"@id":"https:\/\/explora.cl\/coquimbo\/ya-esta-disponible-el-ultimo-boletin-informativo-del-par-explora-de-conicyt-coquimbo\/"},"author":{"name":"webman","@id":"https:\/\/explora.cl\/coquimbo\/#\/schema\/person\/cb8349c13ea2d324080adf8480d7ba5d"},"headline":"Ya est\u00e1 disponible el \u00faltimo bolet\u00edn informativo del PAR Explora de CONICYT Coquimbo","datePublished":"2016-08-02T04:00:00+00:00","dateModified":"2019-05-16T06:32:57+00:00","mainEntityOfPage":{"@id":"https:\/\/explora.cl\/coquimbo\/ya-esta-disponible-el-ultimo-boletin-informativo-del-par-explora-de-conicyt-coquimbo\/"},"wordCount":72,"commentCount":0,"publisher":{"@id":"https:\/\/explora.cl\/coquimbo\/#organization"},"image":{"@id":"https:\/\/explora.cl\/coquimbo\/ya-esta-disponible-el-ultimo-boletin-informativo-del-par-explora-de-conicyt-coquimbo\/#primaryimage"},"thumbnailUrl":"https:\/\/explora.cl\/coquimbo\/wp-content\/uploads\/sites\/6\/2016\/06\/Boletin3.jpg","articleSection":["Noticias"],"inLanguage":"es-CL","potentialAction":[{"@type":"CommentAction","name":"Comment","target":["https:\/\/explora.cl\/coquimbo\/ya-esta-disponible-el-ultimo-boletin-informativo-del-par-explora-de-conicyt-coquimbo\/#respond"]}]},{"@type":"WebPage","@id":"https:\/\/explora.cl\/coquimbo\/ya-esta-disponible-el-ultimo-boletin-informativo-del-par-explora-de-conicyt-coquimbo\/","url":"https:\/\/explora.cl\/coquimbo\/ya-esta-disponible-el-ultimo-boletin-informativo-del-par-explora-de-conicyt-coquimbo\/","name":"Ya est\u00e1 disponible el \u00faltimo bolet\u00edn informativo del PAR Explora de CONICYT Coquimbo - Coquimbo","isPartOf":{"@id":"https:\/\/explora.cl\/coquimbo\/#website"},"primaryImageOfPage":{"@id":"https:\/\/explora.cl\/coquimbo\/ya-esta-disponible-el-ultimo-boletin-informativo-del-par-explora-de-conicyt-coquimbo\/#primaryimage"},"image":{"@id":"https:\/\/explora.cl\/coquimbo\/ya-esta-disponible-el-ultimo-boletin-informativo-del-par-explora-de-conicyt-coquimbo\/#primaryimage"},"thumbnailUrl":"https:\/\/explora.cl\/coquimbo\/wp-content\/uploads\/sites\/6\/2016\/06\/Boletin3.jpg","datePublished":"2016-08-02T04:00:00+00:00","dateModified":"2019-05-16T06:32:57+00:00","breadcrumb":{"@id":"https:\/\/explora.cl\/coquimbo\/ya-esta-disponible-el-ultimo-boletin-informativo-del-par-explora-de-conicyt-coquimbo\/#breadcrumb"},"inLanguage":"es-CL","potentialAction":[{"@type":"ReadAction","target":["https:\/\/explora.cl\/coquimbo\/ya-esta-disponible-el-ultimo-boletin-informativo-del-par-explora-de-conicyt-coquimbo\/"]}]},{"@type":"ImageObject","inLanguage":"es-CL","@id":"https:\/\/explora.cl\/coquimbo\/ya-esta-disponible-el-ultimo-boletin-informativo-del-par-explora-de-conicyt-coquimbo\/#primaryimage","url":"https:\/\/explora.cl\/coquimbo\/wp-content\/uploads\/sites\/6\/2016\/06\/Boletin3.jpg","contentUrl":"https:\/\/explora.cl\/coquimbo\/wp-content\/uploads\/sites\/6\/2016\/06\/Boletin3.jpg","width":221,"height":109},{"@type":"BreadcrumbList","@id":"https:\/\/explora.cl\/coquimbo\/ya-esta-disponible-el-ultimo-boletin-informativo-del-par-explora-de-conicyt-coquimbo\/#breadcrumb","itemListElement":[{"@type":"ListItem","position":1,"name":"Portada","item":"https:\/\/explora.cl\/coquimbo\/"},{"@type":"ListItem","position":2,"name":"Ya est\u00e1 disponible el \u00faltimo bolet\u00edn informativo del PAR Explora de CONICYT Coquimbo"}]},{"@type":"WebSite","@id":"https:\/\/explora.cl\/coquimbo\/#website","url":"https:\/\/explora.cl\/coquimbo\/","name":"Coquimbo","description":"Otro sitio m\u00e1s de explora.cl","publisher":{"@id":"https:\/\/explora.cl\/coquimbo\/#organization"},"potentialAction":[{"@type":"SearchAction","target":{"@type":"EntryPoint","urlTemplate":"https:\/\/explora.cl\/coquimbo\/?s={search_term_string}"},"query-input":{"@type":"PropertyValueSpecification","valueRequired":true,"valueName":"search_term_string"}}],"inLanguage":"es-CL"},{"@type":"Organization","@id":"https:\/\/explora.cl\/coquimbo\/#organization","name":"Coquimbo","url":"https:\/\/explora.cl\/coquimbo\/","logo":{"@type":"ImageObject","inLanguage":"es-CL","@id":"https:\/\/explora.cl\/coquimbo\/#\/schema\/logo\/image\/","url":"https:\/\/explora.cl\/coquimbo\/wp-content\/uploads\/sites\/6\/2020\/08\/cropped-Mesa-de-trabajo-1-100.jpg","contentUrl":"https:\/\/explora.cl\/coquimbo\/wp-content\/uploads\/sites\/6\/2020\/08\/cropped-Mesa-de-trabajo-1-100.jpg","width":615,"height":576,"caption":"Coquimbo"},"image":{"@id":"https:\/\/explora.cl\/coquimbo\/#\/schema\/logo\/image\/"}},{"@type":"Person","@id":"https:\/\/explora.cl\/coquimbo\/#\/schema\/person\/cb8349c13ea2d324080adf8480d7ba5d","name":"webman","image":{"@type":"ImageObject","inLanguage":"es-CL","@id":"https:\/\/explora.cl\/coquimbo\/#\/schema\/person\/image\/","url":"https:\/\/secure.gravatar.com\/avatar\/eeff3c82f2c02f7177d13663b7e6f890e9a6a0647ce9bb29cae02dcb094c7312?s=96&d=mm&r=g","contentUrl":"https:\/\/secure.gravatar.com\/avatar\/eeff3c82f2c02f7177d13663b7e6f890e9a6a0647ce9bb29cae02dcb094c7312?s=96&d=mm&r=g","caption":"webman"},"url":"https:\/\/explora.cl\/coquimbo\/author\/webman\/"}]}},"_links":{"self":[{"href":"https:\/\/explora.cl\/coquimbo\/wp-json\/wp\/v2\/posts\/32417","targetHints":{"allow":["GET"]}}],"collection":[{"href":"https:\/\/explora.cl\/coquimbo\/wp-json\/wp\/v2\/posts"}],"about":[{"href":"https:\/\/explora.cl\/coquimbo\/wp-json\/wp\/v2\/types\/post"}],"author":[{"embeddable":true,"href":"https:\/\/explora.cl\/coquimbo\/wp-json\/wp\/v2\/users\/2"}],"replies":[{"embeddable":true,"href":"https:\/\/explora.cl\/coquimbo\/wp-json\/wp\/v2\/comments?post=32417"}],"version-history":[{"count":1,"href":"https:\/\/explora.cl\/coquimbo\/wp-json\/wp\/v2\/posts\/32417\/revisions"}],"predecessor-version":[{"id":39004,"href":"https:\/\/explora.cl\/coquimbo\/wp-json\/wp\/v2\/posts\/32417\/revisions\/39004"}],"wp:featuredmedia":[{"embeddable":true,"href":"https:\/\/explora.cl\/coquimbo\/wp-json\/wp\/v2\/media\/18535"}],"wp:attachment":[{"href":"https:\/\/explora.cl\/coquimbo\/wp-json\/wp\/v2\/media?parent=32417"}],"wp:term":[{"taxonomy":"category","embeddable":true,"href":"https:\/\/explora.cl\/coquimbo\/wp-json\/wp\/v2\/categories?post=32417"},{"taxonomy":"post_tag","embeddable":true,"href":"https:\/\/explora.cl\/coquimbo\/wp-json\/wp\/v2\/tags?post=32417"}],"curies":[{"name":"wp","href":"https:\/\/api.w.org\/{rel}","templated":true}]}}