{"id":32414,"date":"2016-08-01T00:00:00","date_gmt":"2016-08-01T04:00:00","guid":{"rendered":"https:\/\/explora.cl\/coquimbo\/blog\/2016\/08\/01\/avances-en-investigacion-docencia-y-vinculacion-destacan-en-aniversario-de-ciencias-del-mar-ucn\/"},"modified":"2019-05-16T06:32:58","modified_gmt":"2019-05-16T06:32:58","slug":"avances-en-investigacion-docencia-y-vinculacion-destacan-en-aniversario-de-ciencias-del-mar-ucn","status":"publish","type":"post","link":"https:\/\/explora.cl\/coquimbo\/avances-en-investigacion-docencia-y-vinculacion-destacan-en-aniversario-de-ciencias-del-mar-ucn\/","title":{"rendered":"Avances en investigaci\u00f3n, docencia y vinculaci\u00f3n destacan en aniversario de Ciencias del Mar UCN"},"content":{"rendered":"<ul>\n<li>\n<p style=\"margin-bottom: 0cm;text-align: center\"><em>La Facultad celebr\u00f3 sus 33 a\u00f1os de vida, premiando el compromiso de sus colaboradores<\/em><\/p>\n<\/li>\n<\/ul>\n<p>\u00a0<\/p>\n<hr \/>\n<p>\u00a0<\/p>\n<p style=\"margin-bottom: 0cm\">El redise\u00f1o de un curr\u00edculo por competencias, que ya est\u00e1 siendo implementado; un 40% de aumento en el n\u00famero de publicaciones ISI; y una pr\u00f3xima renovaci\u00f3n en infraestructura con una inversi\u00f3n del orden de 1,5 millones de d\u00f3lares, se cuentan entre los principales logros de la Facultad de Ciencias del Mar de la Universidad Cat\u00f3lica de Norte.<\/p>\n<p style=\"margin-bottom: 0cm\">\u00a0<\/p>\n<p style=\"margin-bottom: 0cm\">As\u00ed lo dio a conocer hoy (29) el Decano Dr. Alfonso Silva Arancibia, en el marco de la celebraci\u00f3n de los 33 a\u00f1os de dicha facultad. La conmemoraci\u00f3n reuni\u00f3 a autoridades universitarias, acad\u00e9micos, estudiantes y funcionarios en un emotivo acto que tambi\u00e9n fue propicio para otorgar diversos reconocimientos.<\/p>\n<p style=\"margin-bottom: 0cm\">\u00a0<\/p>\n<p style=\"margin-bottom: 0cm\">Pr\u00f3ximo a culminar su gesti\u00f3n a la cabeza de la Facultad de Ciencias del Mar de la UCN durante los \u00faltimos tres a\u00f1os, Silva hizo una rese\u00f1a de los principales hitos que han marcado este periodo. As\u00ed, por ejemplo, destac\u00f3 en el \u00e1mbito de la docencia el nuevo redise\u00f1o curricular por competencias, m\u00e1s flexible, integrado e interdisciplinario, que permite mejorar la eficiencia en los procesos de formaci\u00f3n y optimizar la movilidad estudiantil, entre otras ventajas.<img fetchpriority=\"high\" decoding=\"async\" class=\" alignright size-full wp-image-19484\" style=\"float: right\" src=\"http:\/\/ec2-54-245-22-188.us-west-2.compute.amazonaws.com\/wp-content\/uploads\/2016\/08\/Aniversario-3.jpg\" alt=\"\" width=\"497\" height=\"373\" \/><\/p>\n<p style=\"margin-bottom: 0cm\">\u00a0<\/p>\n<p style=\"margin-bottom: 0cm\">El directivo valor\u00f3 asimismo el aumento de un 40% en el n\u00famero de publicaciones ISI, pasando de 62, en el 2013, a 87 en el 2015. En este periodo, la facultad adem\u00e1s fue sede de importantes eventos cient\u00edficos, como el Congreso internacional Physiomar, el XI Congreso Chileno de Ornitolog\u00eda, el V Congreso Nacional de Acuicultura 2014, y el XXXV Congreso de Ciencias del Mar 2015, que congreg\u00f3 a m\u00e1s de 400 expositores de todo el pa\u00eds.<\/p>\n<p style=\"margin-bottom: 0cm\">\u00a0<\/p>\n<p style=\"margin-bottom: 0cm\">Alfonso Silva tambi\u00e9n resalt\u00f3 el fomento a la divulgaci\u00f3n cient\u00edfico-tecnol\u00f3gica, apoyando especialmente dos programas que generan un alto impacto: el programa Explora de CONICYT, que se adjudic\u00f3 para el periodo 2016-2018 un proyecto asociativo regional por un monto de $ 220 millones; y los Cient\u00edficos de la Basura, iniciativa de ciencia ciudadana que abarca todo el territorio. A ello se suma el programa Acuario y Museo, que desde el 2013 a la fecha ha aumentado en un 159% el n\u00famero de visitantes, proyect\u00e1ndose para este a\u00f1o un p\u00fablico de m\u00e1s de 10.000 personas.<\/p>\n<p style=\"margin-bottom: 0cm\">\u00a0<\/p>\n<p style=\"margin-bottom: 0cm\">Especial menci\u00f3n tuvo el Centro de Innovaci\u00f3n Acu\u00edcola, adjudicado por CORFO, y que significar\u00e1 una alianza con Fundaci\u00f3n Chile, m\u00e1s el apoyo de importantes instituciones y empresas nacionales e internacionales. A trav\u00e9s de dicho proyecto se tiene contemplada una inversi\u00f3n cercana a 1,5 millones de d\u00f3lares durante los pr\u00f3ximos 8 a\u00f1os, destinada a modernizar la infraestructura del Laboratorio Central de Cultivos de la UCN.<\/p>\n<p style=\"margin-bottom: 0cm\">\u00a0<\/p>\n<p style=\"margin-bottom: 0cm\"><strong>Reforma <\/strong><\/p>\n<p style=\"margin-bottom: 0cm\">Durante la ceremonia, el rector Jorge Tabilo Alvarez destac\u00f3 la trayectoria de la Facultad de Ciencias del Mar, manifestando que \u201cha hecho una tremenda contribuci\u00f3n para el posicionamiento de nuestra instituci\u00f3n\u201d. En su mensaje, la autoridad reconoci\u00f3 al mismo tiempo la preocupaci\u00f3n institucional por la reforma impulsada por el Gobierno, cuyo objetivo, dijo, es mejorar el sistema de educaci\u00f3n del pa\u00eds. \u201cSin embargo, cuando uno revisa a nivel de detalle, uno puede ver c\u00f3mo hay aspectos que se contradicen con ese mensaje, espec\u00edficamente en instituciones tan importantes como es la Universidad Cat\u00f3lica del Norte, que es una universidad de mucho prestigio, mucha tradici\u00f3n, y que por el nuevo sistema de financiamiento que se est\u00e1 proponiendo al menos nos genera incertidumbre en todos nosotros\u201d, se\u00f1al\u00f3.<\/p>\n<p style=\"margin-bottom: 0cm\">\u00a0<\/p>\n<p style=\"margin-bottom: 0cm\"><strong>RECONOCIMIENTOS<\/strong><\/p>\n<p style=\"margin-bottom: 0cm\">Tras un intermedio musical a cargo del d\u00fao integrado por Math\u00edas Rojas y Francisco Vergara, profesores de guitarra cl\u00e1sica de la ULS, se procedi\u00f3 a la entrega de los siguientes reconocimientos:<\/p>\n<p style=\"margin-bottom: 0cm\">\u00a0<\/p>\n<ul>\n<li>\n<p style=\"margin-bottom: 0cm\">Al Servicio Nacional de Pesca y Acuicultura, por su constante apoyo y colaboraci\u00f3n en el desarrollo de diversos proyectos de investigaci\u00f3n. El premio fue recibido por Cristian G\u00f3mez Garete, Director Regional Subrogante del Sernapesca.<\/p>\n<\/li>\n<li>\n<p style=\"margin-bottom: 0cm\">Al docente destacado, Manuel Berrios Retamales, acad\u00e9mico del Departamento de Biolog\u00eda Marina.<\/p>\n<\/li>\n<li>\n<p style=\"margin-bottom: 0cm\">A la trayectoria profesional, Eduardo Manzano Munizaga, Coordinador de Laboratorio de la Escuela Prevenci\u00f3n de Riesgos y Medioambiente.<\/p>\n<\/li>\n<li>\n<p style=\"margin-bottom: 0cm\">A los ex directores del Departamento de Biolog\u00eda Marina, Enzo Acu\u00f1a Soto y Guillermo Luna Jorquera, y del Departamento de Acuicultura, H\u00e9ctor Flores Gatica.<\/p>\n<\/li>\n<li>\n<p style=\"margin-bottom: 0cm\">A los ex jefes de carrera de Biolog\u00eda Marina, Paola Chand\u00eda Parra, y de Ingenier\u00eda en Acuicultura, Jos\u00e9 Bakit San Mart\u00edn.<\/p>\n<\/li>\n<li>\n<p style=\"margin-bottom: 0cm\">A la ex directora del Mag\u00edster en Acuicultura, Maria Luz Fern\u00e1ndez Contreras, quien tambi\u00e9n fue resaltada como representante de los acad\u00e9micos ante el Consejo de Facultad,<\/p>\n<\/li>\n<li>\n<p style=\"margin-bottom: 0cm\">Al ex director del Mag\u00edster en Ciencias del Mar, menci\u00f3n recursos costeros, Mario Edding Villablanca.<\/p>\n<\/li>\n<\/ul>\n<p style=\"margin-bottom: 0cm\">\u00a0<\/p>\n<p style=\"margin-bottom: 0cm\">Por: Comunicaciones UCN<\/p>\n<p style=\"margin-bottom: 0cm\">\u00a0<\/p>\n<p>\u00a0<\/p>\n<p style=\"margin-bottom: 0cm\">\u00a0<\/p>\n","protected":false},"excerpt":{"rendered":"<p>La Facultad celebr\u00f3 sus 33 a\u00f1os de vida, premiando el compromiso de sus colaboradores \u00a0 \u00a0 El redise\u00f1o de un curr\u00edculo por competencias, que ya est\u00e1 siendo implementado; un 40% de aumento en el n\u00famero de publicaciones ISI; y una pr\u00f3xima renovaci\u00f3n en infraestructura con una inversi\u00f3n del orden de 1,5 millones de d\u00f3lares, se [&hellip;]<\/p>\n","protected":false},"author":2,"featured_media":32415,"comment_status":"open","ping_status":"open","sticky":false,"template":"","format":"standard","meta":{"_acf_changed":false,"_exactmetrics_skip_tracking":false,"_exactmetrics_sitenote_active":false,"_exactmetrics_sitenote_note":"","_exactmetrics_sitenote_category":0,"footnotes":"","_links_to":"","_links_to_target":""},"categories":[4],"tags":[],"class_list":["post-32414","post","type-post","status-publish","format-standard","has-post-thumbnail","hentry","category-noticias"],"acf":[],"yoast_head":"<!-- This site is optimized with the Yoast SEO plugin v26.9 - https:\/\/yoast.com\/product\/yoast-seo-wordpress\/ -->\n<title>Avances en investigaci\u00f3n, docencia y vinculaci\u00f3n destacan en aniversario de Ciencias del Mar UCN - Coquimbo<\/title>\n<meta name=\"robots\" content=\"index, follow, max-snippet:-1, max-image-preview:large, max-video-preview:-1\" \/>\n<link rel=\"canonical\" href=\"https:\/\/explora.cl\/coquimbo\/avances-en-investigacion-docencia-y-vinculacion-destacan-en-aniversario-de-ciencias-del-mar-ucn\/\" class=\"yoast-seo-meta-tag\" \/>\n<meta property=\"og:locale\" content=\"es_ES\" class=\"yoast-seo-meta-tag\" \/>\n<meta property=\"og:type\" content=\"article\" class=\"yoast-seo-meta-tag\" \/>\n<meta property=\"og:title\" content=\"Avances en investigaci\u00f3n, docencia y vinculaci\u00f3n destacan en aniversario de Ciencias del Mar UCN - Coquimbo\" class=\"yoast-seo-meta-tag\" \/>\n<meta property=\"og:description\" content=\"La Facultad celebr\u00f3 sus 33 a\u00f1os de vida, premiando el compromiso de sus colaboradores \u00a0 \u00a0 El redise\u00f1o de un curr\u00edculo por competencias, que ya est\u00e1 siendo implementado; un 40% de aumento en el n\u00famero de publicaciones ISI; y una pr\u00f3xima renovaci\u00f3n en infraestructura con una inversi\u00f3n del orden de 1,5 millones de d\u00f3lares, se [&hellip;]\" class=\"yoast-seo-meta-tag\" \/>\n<meta property=\"og:url\" content=\"https:\/\/explora.cl\/coquimbo\/avances-en-investigacion-docencia-y-vinculacion-destacan-en-aniversario-de-ciencias-del-mar-ucn\/\" class=\"yoast-seo-meta-tag\" \/>\n<meta property=\"og:site_name\" content=\"Coquimbo\" class=\"yoast-seo-meta-tag\" \/>\n<meta property=\"article:published_time\" content=\"2016-08-01T04:00:00+00:00\" class=\"yoast-seo-meta-tag\" \/>\n<meta property=\"article:modified_time\" content=\"2019-05-16T06:32:58+00:00\" class=\"yoast-seo-meta-tag\" \/>\n<meta property=\"og:image\" content=\"https:\/\/explora.cl\/coquimbo\/wp-content\/uploads\/sites\/6\/2018\/06\/Aniversario-3-copia.jpg\" class=\"yoast-seo-meta-tag\" \/>\n\t<meta property=\"og:image:width\" content=\"220\" class=\"yoast-seo-meta-tag\" \/>\n\t<meta property=\"og:image:height\" content=\"110\" class=\"yoast-seo-meta-tag\" \/>\n\t<meta property=\"og:image:type\" content=\"image\/jpeg\" class=\"yoast-seo-meta-tag\" \/>\n<meta name=\"author\" content=\"webman\" class=\"yoast-seo-meta-tag\" \/>\n<meta name=\"twitter:card\" content=\"summary_large_image\" class=\"yoast-seo-meta-tag\" \/>\n<meta name=\"twitter:label1\" content=\"Escrito por\" class=\"yoast-seo-meta-tag\" \/>\n\t<meta name=\"twitter:data1\" content=\"webman\" class=\"yoast-seo-meta-tag\" \/>\n\t<meta name=\"twitter:label2\" content=\"Tiempo estimado de lectura\" class=\"yoast-seo-meta-tag\" \/>\n\t<meta name=\"twitter:data2\" content=\"4 minutos\" class=\"yoast-seo-meta-tag\" \/>\n<script type=\"application\/ld+json\" class=\"yoast-schema-graph\">{\"@context\":\"https:\/\/schema.org\",\"@graph\":[{\"@type\":\"Article\",\"@id\":\"https:\/\/explora.cl\/coquimbo\/avances-en-investigacion-docencia-y-vinculacion-destacan-en-aniversario-de-ciencias-del-mar-ucn\/#article\",\"isPartOf\":{\"@id\":\"https:\/\/explora.cl\/coquimbo\/avances-en-investigacion-docencia-y-vinculacion-destacan-en-aniversario-de-ciencias-del-mar-ucn\/\"},\"author\":{\"name\":\"webman\",\"@id\":\"https:\/\/explora.cl\/coquimbo\/#\/schema\/person\/cb8349c13ea2d324080adf8480d7ba5d\"},\"headline\":\"Avances en investigaci\u00f3n, docencia y vinculaci\u00f3n destacan en aniversario de Ciencias del Mar UCN\",\"datePublished\":\"2016-08-01T04:00:00+00:00\",\"dateModified\":\"2019-05-16T06:32:58+00:00\",\"mainEntityOfPage\":{\"@id\":\"https:\/\/explora.cl\/coquimbo\/avances-en-investigacion-docencia-y-vinculacion-destacan-en-aniversario-de-ciencias-del-mar-ucn\/\"},\"wordCount\":812,\"commentCount\":0,\"publisher\":{\"@id\":\"https:\/\/explora.cl\/coquimbo\/#organization\"},\"image\":{\"@id\":\"https:\/\/explora.cl\/coquimbo\/avances-en-investigacion-docencia-y-vinculacion-destacan-en-aniversario-de-ciencias-del-mar-ucn\/#primaryimage\"},\"thumbnailUrl\":\"https:\/\/explora.cl\/coquimbo\/wp-content\/uploads\/sites\/6\/2018\/06\/Aniversario-3-copia.jpg\",\"articleSection\":[\"Noticias\"],\"inLanguage\":\"es-CL\",\"potentialAction\":[{\"@type\":\"CommentAction\",\"name\":\"Comment\",\"target\":[\"https:\/\/explora.cl\/coquimbo\/avances-en-investigacion-docencia-y-vinculacion-destacan-en-aniversario-de-ciencias-del-mar-ucn\/#respond\"]}]},{\"@type\":\"WebPage\",\"@id\":\"https:\/\/explora.cl\/coquimbo\/avances-en-investigacion-docencia-y-vinculacion-destacan-en-aniversario-de-ciencias-del-mar-ucn\/\",\"url\":\"https:\/\/explora.cl\/coquimbo\/avances-en-investigacion-docencia-y-vinculacion-destacan-en-aniversario-de-ciencias-del-mar-ucn\/\",\"name\":\"Avances en investigaci\u00f3n, docencia y vinculaci\u00f3n destacan en aniversario de Ciencias del Mar UCN - Coquimbo\",\"isPartOf\":{\"@id\":\"https:\/\/explora.cl\/coquimbo\/#website\"},\"primaryImageOfPage\":{\"@id\":\"https:\/\/explora.cl\/coquimbo\/avances-en-investigacion-docencia-y-vinculacion-destacan-en-aniversario-de-ciencias-del-mar-ucn\/#primaryimage\"},\"image\":{\"@id\":\"https:\/\/explora.cl\/coquimbo\/avances-en-investigacion-docencia-y-vinculacion-destacan-en-aniversario-de-ciencias-del-mar-ucn\/#primaryimage\"},\"thumbnailUrl\":\"https:\/\/explora.cl\/coquimbo\/wp-content\/uploads\/sites\/6\/2018\/06\/Aniversario-3-copia.jpg\",\"datePublished\":\"2016-08-01T04:00:00+00:00\",\"dateModified\":\"2019-05-16T06:32:58+00:00\",\"breadcrumb\":{\"@id\":\"https:\/\/explora.cl\/coquimbo\/avances-en-investigacion-docencia-y-vinculacion-destacan-en-aniversario-de-ciencias-del-mar-ucn\/#breadcrumb\"},\"inLanguage\":\"es-CL\",\"potentialAction\":[{\"@type\":\"ReadAction\",\"target\":[\"https:\/\/explora.cl\/coquimbo\/avances-en-investigacion-docencia-y-vinculacion-destacan-en-aniversario-de-ciencias-del-mar-ucn\/\"]}]},{\"@type\":\"ImageObject\",\"inLanguage\":\"es-CL\",\"@id\":\"https:\/\/explora.cl\/coquimbo\/avances-en-investigacion-docencia-y-vinculacion-destacan-en-aniversario-de-ciencias-del-mar-ucn\/#primaryimage\",\"url\":\"https:\/\/explora.cl\/coquimbo\/wp-content\/uploads\/sites\/6\/2018\/06\/Aniversario-3-copia.jpg\",\"contentUrl\":\"https:\/\/explora.cl\/coquimbo\/wp-content\/uploads\/sites\/6\/2018\/06\/Aniversario-3-copia.jpg\",\"width\":220,\"height\":110},{\"@type\":\"BreadcrumbList\",\"@id\":\"https:\/\/explora.cl\/coquimbo\/avances-en-investigacion-docencia-y-vinculacion-destacan-en-aniversario-de-ciencias-del-mar-ucn\/#breadcrumb\",\"itemListElement\":[{\"@type\":\"ListItem\",\"position\":1,\"name\":\"Portada\",\"item\":\"https:\/\/explora.cl\/coquimbo\/\"},{\"@type\":\"ListItem\",\"position\":2,\"name\":\"Avances en investigaci\u00f3n, docencia y vinculaci\u00f3n destacan en aniversario de Ciencias del Mar UCN\"}]},{\"@type\":\"WebSite\",\"@id\":\"https:\/\/explora.cl\/coquimbo\/#website\",\"url\":\"https:\/\/explora.cl\/coquimbo\/\",\"name\":\"Coquimbo\",\"description\":\"Otro sitio m\u00e1s de explora.cl\",\"publisher\":{\"@id\":\"https:\/\/explora.cl\/coquimbo\/#organization\"},\"potentialAction\":[{\"@type\":\"SearchAction\",\"target\":{\"@type\":\"EntryPoint\",\"urlTemplate\":\"https:\/\/explora.cl\/coquimbo\/?s={search_term_string}\"},\"query-input\":{\"@type\":\"PropertyValueSpecification\",\"valueRequired\":true,\"valueName\":\"search_term_string\"}}],\"inLanguage\":\"es-CL\"},{\"@type\":\"Organization\",\"@id\":\"https:\/\/explora.cl\/coquimbo\/#organization\",\"name\":\"Coquimbo\",\"url\":\"https:\/\/explora.cl\/coquimbo\/\",\"logo\":{\"@type\":\"ImageObject\",\"inLanguage\":\"es-CL\",\"@id\":\"https:\/\/explora.cl\/coquimbo\/#\/schema\/logo\/image\/\",\"url\":\"https:\/\/explora.cl\/coquimbo\/wp-content\/uploads\/sites\/6\/2020\/08\/cropped-Mesa-de-trabajo-1-100.jpg\",\"contentUrl\":\"https:\/\/explora.cl\/coquimbo\/wp-content\/uploads\/sites\/6\/2020\/08\/cropped-Mesa-de-trabajo-1-100.jpg\",\"width\":615,\"height\":576,\"caption\":\"Coquimbo\"},\"image\":{\"@id\":\"https:\/\/explora.cl\/coquimbo\/#\/schema\/logo\/image\/\"}},{\"@type\":\"Person\",\"@id\":\"https:\/\/explora.cl\/coquimbo\/#\/schema\/person\/cb8349c13ea2d324080adf8480d7ba5d\",\"name\":\"webman\",\"image\":{\"@type\":\"ImageObject\",\"inLanguage\":\"es-CL\",\"@id\":\"https:\/\/explora.cl\/coquimbo\/#\/schema\/person\/image\/\",\"url\":\"https:\/\/secure.gravatar.com\/avatar\/eeff3c82f2c02f7177d13663b7e6f890e9a6a0647ce9bb29cae02dcb094c7312?s=96&d=mm&r=g\",\"contentUrl\":\"https:\/\/secure.gravatar.com\/avatar\/eeff3c82f2c02f7177d13663b7e6f890e9a6a0647ce9bb29cae02dcb094c7312?s=96&d=mm&r=g\",\"caption\":\"webman\"},\"url\":\"https:\/\/explora.cl\/coquimbo\/author\/webman\/\"}]}<\/script>\n<!-- \/ Yoast SEO plugin. -->","yoast_head_json":{"title":"Avances en investigaci\u00f3n, docencia y vinculaci\u00f3n destacan en aniversario de Ciencias del Mar UCN - Coquimbo","robots":{"index":"index","follow":"follow","max-snippet":"max-snippet:-1","max-image-preview":"max-image-preview:large","max-video-preview":"max-video-preview:-1"},"canonical":"https:\/\/explora.cl\/coquimbo\/avances-en-investigacion-docencia-y-vinculacion-destacan-en-aniversario-de-ciencias-del-mar-ucn\/","og_locale":"es_ES","og_type":"article","og_title":"Avances en investigaci\u00f3n, docencia y vinculaci\u00f3n destacan en aniversario de Ciencias del Mar UCN - Coquimbo","og_description":"La Facultad celebr\u00f3 sus 33 a\u00f1os de vida, premiando el compromiso de sus colaboradores \u00a0 \u00a0 El redise\u00f1o de un curr\u00edculo por competencias, que ya est\u00e1 siendo implementado; un 40% de aumento en el n\u00famero de publicaciones ISI; y una pr\u00f3xima renovaci\u00f3n en infraestructura con una inversi\u00f3n del orden de 1,5 millones de d\u00f3lares, se [&hellip;]","og_url":"https:\/\/explora.cl\/coquimbo\/avances-en-investigacion-docencia-y-vinculacion-destacan-en-aniversario-de-ciencias-del-mar-ucn\/","og_site_name":"Coquimbo","article_published_time":"2016-08-01T04:00:00+00:00","article_modified_time":"2019-05-16T06:32:58+00:00","og_image":[{"width":220,"height":110,"url":"https:\/\/explora.cl\/coquimbo\/wp-content\/uploads\/sites\/6\/2018\/06\/Aniversario-3-copia.jpg","type":"image\/jpeg"}],"author":"webman","twitter_card":"summary_large_image","twitter_misc":{"Escrito por":"webman","Tiempo estimado de lectura":"4 minutos"},"schema":{"@context":"https:\/\/schema.org","@graph":[{"@type":"Article","@id":"https:\/\/explora.cl\/coquimbo\/avances-en-investigacion-docencia-y-vinculacion-destacan-en-aniversario-de-ciencias-del-mar-ucn\/#article","isPartOf":{"@id":"https:\/\/explora.cl\/coquimbo\/avances-en-investigacion-docencia-y-vinculacion-destacan-en-aniversario-de-ciencias-del-mar-ucn\/"},"author":{"name":"webman","@id":"https:\/\/explora.cl\/coquimbo\/#\/schema\/person\/cb8349c13ea2d324080adf8480d7ba5d"},"headline":"Avances en investigaci\u00f3n, docencia y vinculaci\u00f3n destacan en aniversario de Ciencias del Mar UCN","datePublished":"2016-08-01T04:00:00+00:00","dateModified":"2019-05-16T06:32:58+00:00","mainEntityOfPage":{"@id":"https:\/\/explora.cl\/coquimbo\/avances-en-investigacion-docencia-y-vinculacion-destacan-en-aniversario-de-ciencias-del-mar-ucn\/"},"wordCount":812,"commentCount":0,"publisher":{"@id":"https:\/\/explora.cl\/coquimbo\/#organization"},"image":{"@id":"https:\/\/explora.cl\/coquimbo\/avances-en-investigacion-docencia-y-vinculacion-destacan-en-aniversario-de-ciencias-del-mar-ucn\/#primaryimage"},"thumbnailUrl":"https:\/\/explora.cl\/coquimbo\/wp-content\/uploads\/sites\/6\/2018\/06\/Aniversario-3-copia.jpg","articleSection":["Noticias"],"inLanguage":"es-CL","potentialAction":[{"@type":"CommentAction","name":"Comment","target":["https:\/\/explora.cl\/coquimbo\/avances-en-investigacion-docencia-y-vinculacion-destacan-en-aniversario-de-ciencias-del-mar-ucn\/#respond"]}]},{"@type":"WebPage","@id":"https:\/\/explora.cl\/coquimbo\/avances-en-investigacion-docencia-y-vinculacion-destacan-en-aniversario-de-ciencias-del-mar-ucn\/","url":"https:\/\/explora.cl\/coquimbo\/avances-en-investigacion-docencia-y-vinculacion-destacan-en-aniversario-de-ciencias-del-mar-ucn\/","name":"Avances en investigaci\u00f3n, docencia y vinculaci\u00f3n destacan en aniversario de Ciencias del Mar UCN - Coquimbo","isPartOf":{"@id":"https:\/\/explora.cl\/coquimbo\/#website"},"primaryImageOfPage":{"@id":"https:\/\/explora.cl\/coquimbo\/avances-en-investigacion-docencia-y-vinculacion-destacan-en-aniversario-de-ciencias-del-mar-ucn\/#primaryimage"},"image":{"@id":"https:\/\/explora.cl\/coquimbo\/avances-en-investigacion-docencia-y-vinculacion-destacan-en-aniversario-de-ciencias-del-mar-ucn\/#primaryimage"},"thumbnailUrl":"https:\/\/explora.cl\/coquimbo\/wp-content\/uploads\/sites\/6\/2018\/06\/Aniversario-3-copia.jpg","datePublished":"2016-08-01T04:00:00+00:00","dateModified":"2019-05-16T06:32:58+00:00","breadcrumb":{"@id":"https:\/\/explora.cl\/coquimbo\/avances-en-investigacion-docencia-y-vinculacion-destacan-en-aniversario-de-ciencias-del-mar-ucn\/#breadcrumb"},"inLanguage":"es-CL","potentialAction":[{"@type":"ReadAction","target":["https:\/\/explora.cl\/coquimbo\/avances-en-investigacion-docencia-y-vinculacion-destacan-en-aniversario-de-ciencias-del-mar-ucn\/"]}]},{"@type":"ImageObject","inLanguage":"es-CL","@id":"https:\/\/explora.cl\/coquimbo\/avances-en-investigacion-docencia-y-vinculacion-destacan-en-aniversario-de-ciencias-del-mar-ucn\/#primaryimage","url":"https:\/\/explora.cl\/coquimbo\/wp-content\/uploads\/sites\/6\/2018\/06\/Aniversario-3-copia.jpg","contentUrl":"https:\/\/explora.cl\/coquimbo\/wp-content\/uploads\/sites\/6\/2018\/06\/Aniversario-3-copia.jpg","width":220,"height":110},{"@type":"BreadcrumbList","@id":"https:\/\/explora.cl\/coquimbo\/avances-en-investigacion-docencia-y-vinculacion-destacan-en-aniversario-de-ciencias-del-mar-ucn\/#breadcrumb","itemListElement":[{"@type":"ListItem","position":1,"name":"Portada","item":"https:\/\/explora.cl\/coquimbo\/"},{"@type":"ListItem","position":2,"name":"Avances en investigaci\u00f3n, docencia y vinculaci\u00f3n destacan en aniversario de Ciencias del Mar UCN"}]},{"@type":"WebSite","@id":"https:\/\/explora.cl\/coquimbo\/#website","url":"https:\/\/explora.cl\/coquimbo\/","name":"Coquimbo","description":"Otro sitio m\u00e1s de explora.cl","publisher":{"@id":"https:\/\/explora.cl\/coquimbo\/#organization"},"potentialAction":[{"@type":"SearchAction","target":{"@type":"EntryPoint","urlTemplate":"https:\/\/explora.cl\/coquimbo\/?s={search_term_string}"},"query-input":{"@type":"PropertyValueSpecification","valueRequired":true,"valueName":"search_term_string"}}],"inLanguage":"es-CL"},{"@type":"Organization","@id":"https:\/\/explora.cl\/coquimbo\/#organization","name":"Coquimbo","url":"https:\/\/explora.cl\/coquimbo\/","logo":{"@type":"ImageObject","inLanguage":"es-CL","@id":"https:\/\/explora.cl\/coquimbo\/#\/schema\/logo\/image\/","url":"https:\/\/explora.cl\/coquimbo\/wp-content\/uploads\/sites\/6\/2020\/08\/cropped-Mesa-de-trabajo-1-100.jpg","contentUrl":"https:\/\/explora.cl\/coquimbo\/wp-content\/uploads\/sites\/6\/2020\/08\/cropped-Mesa-de-trabajo-1-100.jpg","width":615,"height":576,"caption":"Coquimbo"},"image":{"@id":"https:\/\/explora.cl\/coquimbo\/#\/schema\/logo\/image\/"}},{"@type":"Person","@id":"https:\/\/explora.cl\/coquimbo\/#\/schema\/person\/cb8349c13ea2d324080adf8480d7ba5d","name":"webman","image":{"@type":"ImageObject","inLanguage":"es-CL","@id":"https:\/\/explora.cl\/coquimbo\/#\/schema\/person\/image\/","url":"https:\/\/secure.gravatar.com\/avatar\/eeff3c82f2c02f7177d13663b7e6f890e9a6a0647ce9bb29cae02dcb094c7312?s=96&d=mm&r=g","contentUrl":"https:\/\/secure.gravatar.com\/avatar\/eeff3c82f2c02f7177d13663b7e6f890e9a6a0647ce9bb29cae02dcb094c7312?s=96&d=mm&r=g","caption":"webman"},"url":"https:\/\/explora.cl\/coquimbo\/author\/webman\/"}]}},"_links":{"self":[{"href":"https:\/\/explora.cl\/coquimbo\/wp-json\/wp\/v2\/posts\/32414","targetHints":{"allow":["GET"]}}],"collection":[{"href":"https:\/\/explora.cl\/coquimbo\/wp-json\/wp\/v2\/posts"}],"about":[{"href":"https:\/\/explora.cl\/coquimbo\/wp-json\/wp\/v2\/types\/post"}],"author":[{"embeddable":true,"href":"https:\/\/explora.cl\/coquimbo\/wp-json\/wp\/v2\/users\/2"}],"replies":[{"embeddable":true,"href":"https:\/\/explora.cl\/coquimbo\/wp-json\/wp\/v2\/comments?post=32414"}],"version-history":[{"count":1,"href":"https:\/\/explora.cl\/coquimbo\/wp-json\/wp\/v2\/posts\/32414\/revisions"}],"predecessor-version":[{"id":39005,"href":"https:\/\/explora.cl\/coquimbo\/wp-json\/wp\/v2\/posts\/32414\/revisions\/39005"}],"wp:featuredmedia":[{"embeddable":true,"href":"https:\/\/explora.cl\/coquimbo\/wp-json\/wp\/v2\/media\/32415"}],"wp:attachment":[{"href":"https:\/\/explora.cl\/coquimbo\/wp-json\/wp\/v2\/media?parent=32414"}],"wp:term":[{"taxonomy":"category","embeddable":true,"href":"https:\/\/explora.cl\/coquimbo\/wp-json\/wp\/v2\/categories?post=32414"},{"taxonomy":"post_tag","embeddable":true,"href":"https:\/\/explora.cl\/coquimbo\/wp-json\/wp\/v2\/tags?post=32414"}],"curies":[{"name":"wp","href":"https:\/\/api.w.org\/{rel}","templated":true}]}}