{"id":32389,"date":"2016-07-26T00:00:00","date_gmt":"2016-07-26T04:00:00","guid":{"rendered":"https:\/\/explora.cl\/coquimbo\/blog\/2016\/07\/26\/estudiantes-de-la-region-de-coquimbo-inventa-un-superheroe-con-poderes-de-la-naturaleza\/"},"modified":"2019-05-16T06:33:04","modified_gmt":"2019-05-16T06:33:04","slug":"estudiantes-de-la-region-de-coquimbo-inventa-un-superheroe-con-poderes-de-la-naturaleza","status":"publish","type":"post","link":"https:\/\/explora.cl\/coquimbo\/estudiantes-de-la-region-de-coquimbo-inventa-un-superheroe-con-poderes-de-la-naturaleza\/","title":{"rendered":"ATENCI\u00d3N: Hasta el 12 de septiembre puedes Inventar un superh\u00e9roe con poderes de la naturaleza"},"content":{"rendered":"<p style=\"margin-bottom: 0cm;text-align: center\"><em>Concurso del Programa Explora CONICYT en el a\u00f1o de la biomim\u00e9tica.<\/em><\/p>\n<hr \/>\n<p style=\"margin-bottom: 0cm\">Ideonella sakaiensis es un tipo de bacteria que fue recientemente identificada con una capacidad especial, una tan \u00fatil que podr\u00eda ayudarnos a terminar con el problema de la contaminaci\u00f3n del pl\u00e1stico en los mares del mundo. Puede degradar ciertos tipos de este material de forma casi completa en un m\u00e1ximo de 6 semanas, un proceso que en circunstancias normales demorar\u00eda hasta 600 a\u00f1os en completarse. \u00bfTe imaginas contar con ese s\u00faper poder para acabar con la basura de los mares? M\u00e1s de 25 mil toneladas se arrojan cada a\u00f1o al mar, de manera que, si as\u00ed fuera, no cabe duda que ser\u00edas un aut\u00e9ntico s\u00faper h\u00e9roe.<\/p>\n<p style=\"margin-bottom: 0cm\">As\u00ed como en este caso, abundan ejemplos en la naturaleza que podr\u00edan representar soluciones a nuestros problemas cotidianos. Como la tela de ara\u00f1a, uno de los materiales m\u00e1s resistentes de la naturaleza que los cient\u00edficos llevan a\u00f1os intentando imitar. Pero las posibilidades son infinitas. Imagina controlar el viento para limpiar la contaminaci\u00f3n de las ciudades. O hacer llover para terminar con las sequ\u00edas. \u00bfCierto que ser\u00eda genial?<\/p>\n<p style=\"margin-bottom: 0cm\">Pues ahora puedes imaginarlo y, al menos por un instante, convertirte en un s\u00faper h\u00e9roe participando en el concurso \u201cLa naturaleza s\u00faper poderosa\u201d, organizado por el Programa Explora para celebrar el a\u00f1o dedicado a esta disciplina cient\u00edfica que busca soluciones inspiradas en la naturaleza: la biomim\u00e9tica. La idea es buscar alg\u00fan problema que afecta a tu barrio, a tu colegio o tu comunidad, y a partir de eso encontrar en la naturaleza una forma de resolverlo. O viceversa, buscar un poder de la naturaleza y aplicarlo para resolver un problema de tu entorno.<\/p>\n<p style=\"margin-bottom: 0cm\">A partir de ah\u00ed solo debes llamar a tus compa\u00f1eros para juntos crear un s\u00faper h\u00e9roe o s\u00faper hero\u00edna, darle un nombre, inventarle un traje y mostrar en un video de m\u00e1ximo un minuto de duraci\u00f3n, c\u00f3mo resuelve el problema que eligieron. Podr\u00e1n concursar todos los establecimientos educacionales del pa\u00eds, desde Pre-k\u00ednder a 4\u00b0 a\u00f1o de Educaci\u00f3n Media. Pueden participar todos los grupos que lo deseen por establecimiento educacional, presentando<\/p>\n<p style=\"margin-bottom: 0cm\">Ideas para participar encontrar\u00e1s en todas partes:\u00a0<span style=\"color: #222222;font-family: arial, sans-serif;font-size: 12.8px;line-height: normal\">desde los materiales resistentes presentes en las conchas de organismos marinos, pasando por las formas de captaci\u00f3n de la luz que tienen las plantas, o las partes que poseen los insectos para adaptarse a su ambiente.<\/span>\u00a0En toda la naturaleza Encontraremos ideas para solucionar problemas que nos afectan d\u00eda a d\u00eda. \u00a1A participar!<\/p>\n<p style=\"margin-bottom: 0cm\">Tienes hasta el lunes 12 de septiembre para participar en este concurso.<\/p>\n<p style=\"margin-bottom: 0cm\">Descarga las bases\u00a0en los archivos adjuntos<\/p>\n<p style=\"margin-bottom: 0cm\"><img fetchpriority=\"high\" decoding=\"async\" class=\" size-full wp-image-19320\" src=\"http:\/\/ec2-54-245-22-188.us-west-2.compute.amazonaws.com\/wp-content\/uploads\/2016\/07\/NSP.jpg\" alt=\"\" width=\"282\" height=\"510\" \/><\/p>\n<p style=\"margin-bottom: 0cm;text-align: center\">\u00a0<\/p>\n","protected":false},"excerpt":{"rendered":"<p>Concurso del Programa Explora CONICYT en el a\u00f1o de la biomim\u00e9tica. Ideonella sakaiensis es un tipo de bacteria que fue recientemente identificada con una capacidad especial, una tan \u00fatil que podr\u00eda ayudarnos a terminar con el problema de la contaminaci\u00f3n del pl\u00e1stico en los mares del mundo. Puede degradar ciertos tipos de este material de [&hellip;]<\/p>\n","protected":false},"author":2,"featured_media":32390,"comment_status":"open","ping_status":"open","sticky":false,"template":"","format":"standard","meta":{"_acf_changed":false,"_exactmetrics_skip_tracking":false,"_exactmetrics_sitenote_active":false,"_exactmetrics_sitenote_note":"","_exactmetrics_sitenote_category":0,"footnotes":"","_links_to":"","_links_to_target":""},"categories":[4],"tags":[],"class_list":["post-32389","post","type-post","status-publish","format-standard","has-post-thumbnail","hentry","category-noticias"],"acf":[],"yoast_head":"<!-- This site is optimized with the Yoast SEO plugin v26.9 - https:\/\/yoast.com\/product\/yoast-seo-wordpress\/ -->\n<title>ATENCI\u00d3N: Hasta el 12 de septiembre puedes Inventar un superh\u00e9roe con poderes de la naturaleza - Coquimbo<\/title>\n<meta name=\"robots\" content=\"index, follow, max-snippet:-1, max-image-preview:large, max-video-preview:-1\" \/>\n<link rel=\"canonical\" href=\"https:\/\/explora.cl\/coquimbo\/estudiantes-de-la-region-de-coquimbo-inventa-un-superheroe-con-poderes-de-la-naturaleza\/\" class=\"yoast-seo-meta-tag\" \/>\n<meta property=\"og:locale\" content=\"es_ES\" class=\"yoast-seo-meta-tag\" \/>\n<meta property=\"og:type\" content=\"article\" class=\"yoast-seo-meta-tag\" \/>\n<meta property=\"og:title\" content=\"ATENCI\u00d3N: Hasta el 12 de septiembre puedes Inventar un superh\u00e9roe con poderes de la naturaleza - Coquimbo\" class=\"yoast-seo-meta-tag\" \/>\n<meta property=\"og:description\" content=\"Concurso del Programa Explora CONICYT en el a\u00f1o de la biomim\u00e9tica. Ideonella sakaiensis es un tipo de bacteria que fue recientemente identificada con una capacidad especial, una tan \u00fatil que podr\u00eda ayudarnos a terminar con el problema de la contaminaci\u00f3n del pl\u00e1stico en los mares del mundo. Puede degradar ciertos tipos de este material de [&hellip;]\" class=\"yoast-seo-meta-tag\" \/>\n<meta property=\"og:url\" content=\"https:\/\/explora.cl\/coquimbo\/estudiantes-de-la-region-de-coquimbo-inventa-un-superheroe-con-poderes-de-la-naturaleza\/\" class=\"yoast-seo-meta-tag\" \/>\n<meta property=\"og:site_name\" content=\"Coquimbo\" class=\"yoast-seo-meta-tag\" \/>\n<meta property=\"article:published_time\" content=\"2016-07-26T04:00:00+00:00\" class=\"yoast-seo-meta-tag\" \/>\n<meta property=\"article:modified_time\" content=\"2019-05-16T06:33:04+00:00\" class=\"yoast-seo-meta-tag\" \/>\n<meta property=\"og:image\" content=\"https:\/\/explora.cl\/coquimbo\/wp-content\/uploads\/sites\/6\/2018\/06\/Natura.jpg\" class=\"yoast-seo-meta-tag\" \/>\n\t<meta property=\"og:image:width\" content=\"220\" class=\"yoast-seo-meta-tag\" \/>\n\t<meta property=\"og:image:height\" content=\"110\" class=\"yoast-seo-meta-tag\" \/>\n\t<meta property=\"og:image:type\" content=\"image\/jpeg\" class=\"yoast-seo-meta-tag\" \/>\n<meta name=\"author\" content=\"webman\" class=\"yoast-seo-meta-tag\" \/>\n<meta name=\"twitter:card\" content=\"summary_large_image\" class=\"yoast-seo-meta-tag\" \/>\n<meta name=\"twitter:label1\" content=\"Escrito por\" class=\"yoast-seo-meta-tag\" \/>\n\t<meta name=\"twitter:data1\" content=\"webman\" class=\"yoast-seo-meta-tag\" \/>\n\t<meta name=\"twitter:label2\" content=\"Tiempo estimado de lectura\" class=\"yoast-seo-meta-tag\" \/>\n\t<meta name=\"twitter:data2\" content=\"2 minutos\" class=\"yoast-seo-meta-tag\" \/>\n<script type=\"application\/ld+json\" class=\"yoast-schema-graph\">{\"@context\":\"https:\/\/schema.org\",\"@graph\":[{\"@type\":\"Article\",\"@id\":\"https:\/\/explora.cl\/coquimbo\/estudiantes-de-la-region-de-coquimbo-inventa-un-superheroe-con-poderes-de-la-naturaleza\/#article\",\"isPartOf\":{\"@id\":\"https:\/\/explora.cl\/coquimbo\/estudiantes-de-la-region-de-coquimbo-inventa-un-superheroe-con-poderes-de-la-naturaleza\/\"},\"author\":{\"name\":\"webman\",\"@id\":\"https:\/\/explora.cl\/coquimbo\/#\/schema\/person\/cb8349c13ea2d324080adf8480d7ba5d\"},\"headline\":\"ATENCI\u00d3N: Hasta el 12 de septiembre puedes Inventar un superh\u00e9roe con poderes de la naturaleza\",\"datePublished\":\"2016-07-26T04:00:00+00:00\",\"dateModified\":\"2019-05-16T06:33:04+00:00\",\"mainEntityOfPage\":{\"@id\":\"https:\/\/explora.cl\/coquimbo\/estudiantes-de-la-region-de-coquimbo-inventa-un-superheroe-con-poderes-de-la-naturaleza\/\"},\"wordCount\":484,\"commentCount\":0,\"publisher\":{\"@id\":\"https:\/\/explora.cl\/coquimbo\/#organization\"},\"image\":{\"@id\":\"https:\/\/explora.cl\/coquimbo\/estudiantes-de-la-region-de-coquimbo-inventa-un-superheroe-con-poderes-de-la-naturaleza\/#primaryimage\"},\"thumbnailUrl\":\"https:\/\/explora.cl\/coquimbo\/wp-content\/uploads\/sites\/6\/2018\/06\/Natura.jpg\",\"articleSection\":[\"Noticias\"],\"inLanguage\":\"es-CL\",\"potentialAction\":[{\"@type\":\"CommentAction\",\"name\":\"Comment\",\"target\":[\"https:\/\/explora.cl\/coquimbo\/estudiantes-de-la-region-de-coquimbo-inventa-un-superheroe-con-poderes-de-la-naturaleza\/#respond\"]}]},{\"@type\":\"WebPage\",\"@id\":\"https:\/\/explora.cl\/coquimbo\/estudiantes-de-la-region-de-coquimbo-inventa-un-superheroe-con-poderes-de-la-naturaleza\/\",\"url\":\"https:\/\/explora.cl\/coquimbo\/estudiantes-de-la-region-de-coquimbo-inventa-un-superheroe-con-poderes-de-la-naturaleza\/\",\"name\":\"ATENCI\u00d3N: Hasta el 12 de septiembre puedes Inventar un superh\u00e9roe con poderes de la naturaleza - Coquimbo\",\"isPartOf\":{\"@id\":\"https:\/\/explora.cl\/coquimbo\/#website\"},\"primaryImageOfPage\":{\"@id\":\"https:\/\/explora.cl\/coquimbo\/estudiantes-de-la-region-de-coquimbo-inventa-un-superheroe-con-poderes-de-la-naturaleza\/#primaryimage\"},\"image\":{\"@id\":\"https:\/\/explora.cl\/coquimbo\/estudiantes-de-la-region-de-coquimbo-inventa-un-superheroe-con-poderes-de-la-naturaleza\/#primaryimage\"},\"thumbnailUrl\":\"https:\/\/explora.cl\/coquimbo\/wp-content\/uploads\/sites\/6\/2018\/06\/Natura.jpg\",\"datePublished\":\"2016-07-26T04:00:00+00:00\",\"dateModified\":\"2019-05-16T06:33:04+00:00\",\"breadcrumb\":{\"@id\":\"https:\/\/explora.cl\/coquimbo\/estudiantes-de-la-region-de-coquimbo-inventa-un-superheroe-con-poderes-de-la-naturaleza\/#breadcrumb\"},\"inLanguage\":\"es-CL\",\"potentialAction\":[{\"@type\":\"ReadAction\",\"target\":[\"https:\/\/explora.cl\/coquimbo\/estudiantes-de-la-region-de-coquimbo-inventa-un-superheroe-con-poderes-de-la-naturaleza\/\"]}]},{\"@type\":\"ImageObject\",\"inLanguage\":\"es-CL\",\"@id\":\"https:\/\/explora.cl\/coquimbo\/estudiantes-de-la-region-de-coquimbo-inventa-un-superheroe-con-poderes-de-la-naturaleza\/#primaryimage\",\"url\":\"https:\/\/explora.cl\/coquimbo\/wp-content\/uploads\/sites\/6\/2018\/06\/Natura.jpg\",\"contentUrl\":\"https:\/\/explora.cl\/coquimbo\/wp-content\/uploads\/sites\/6\/2018\/06\/Natura.jpg\",\"width\":220,\"height\":110},{\"@type\":\"BreadcrumbList\",\"@id\":\"https:\/\/explora.cl\/coquimbo\/estudiantes-de-la-region-de-coquimbo-inventa-un-superheroe-con-poderes-de-la-naturaleza\/#breadcrumb\",\"itemListElement\":[{\"@type\":\"ListItem\",\"position\":1,\"name\":\"Portada\",\"item\":\"https:\/\/explora.cl\/coquimbo\/\"},{\"@type\":\"ListItem\",\"position\":2,\"name\":\"ATENCI\u00d3N: Hasta el 12 de septiembre puedes Inventar un superh\u00e9roe con poderes de la naturaleza\"}]},{\"@type\":\"WebSite\",\"@id\":\"https:\/\/explora.cl\/coquimbo\/#website\",\"url\":\"https:\/\/explora.cl\/coquimbo\/\",\"name\":\"Coquimbo\",\"description\":\"Otro sitio m\u00e1s de explora.cl\",\"publisher\":{\"@id\":\"https:\/\/explora.cl\/coquimbo\/#organization\"},\"potentialAction\":[{\"@type\":\"SearchAction\",\"target\":{\"@type\":\"EntryPoint\",\"urlTemplate\":\"https:\/\/explora.cl\/coquimbo\/?s={search_term_string}\"},\"query-input\":{\"@type\":\"PropertyValueSpecification\",\"valueRequired\":true,\"valueName\":\"search_term_string\"}}],\"inLanguage\":\"es-CL\"},{\"@type\":\"Organization\",\"@id\":\"https:\/\/explora.cl\/coquimbo\/#organization\",\"name\":\"Coquimbo\",\"url\":\"https:\/\/explora.cl\/coquimbo\/\",\"logo\":{\"@type\":\"ImageObject\",\"inLanguage\":\"es-CL\",\"@id\":\"https:\/\/explora.cl\/coquimbo\/#\/schema\/logo\/image\/\",\"url\":\"https:\/\/explora.cl\/coquimbo\/wp-content\/uploads\/sites\/6\/2020\/08\/cropped-Mesa-de-trabajo-1-100.jpg\",\"contentUrl\":\"https:\/\/explora.cl\/coquimbo\/wp-content\/uploads\/sites\/6\/2020\/08\/cropped-Mesa-de-trabajo-1-100.jpg\",\"width\":615,\"height\":576,\"caption\":\"Coquimbo\"},\"image\":{\"@id\":\"https:\/\/explora.cl\/coquimbo\/#\/schema\/logo\/image\/\"}},{\"@type\":\"Person\",\"@id\":\"https:\/\/explora.cl\/coquimbo\/#\/schema\/person\/cb8349c13ea2d324080adf8480d7ba5d\",\"name\":\"webman\",\"image\":{\"@type\":\"ImageObject\",\"inLanguage\":\"es-CL\",\"@id\":\"https:\/\/explora.cl\/coquimbo\/#\/schema\/person\/image\/\",\"url\":\"https:\/\/secure.gravatar.com\/avatar\/eeff3c82f2c02f7177d13663b7e6f890e9a6a0647ce9bb29cae02dcb094c7312?s=96&d=mm&r=g\",\"contentUrl\":\"https:\/\/secure.gravatar.com\/avatar\/eeff3c82f2c02f7177d13663b7e6f890e9a6a0647ce9bb29cae02dcb094c7312?s=96&d=mm&r=g\",\"caption\":\"webman\"},\"url\":\"https:\/\/explora.cl\/coquimbo\/author\/webman\/\"}]}<\/script>\n<!-- \/ Yoast SEO plugin. -->","yoast_head_json":{"title":"ATENCI\u00d3N: Hasta el 12 de septiembre puedes Inventar un superh\u00e9roe con poderes de la naturaleza - Coquimbo","robots":{"index":"index","follow":"follow","max-snippet":"max-snippet:-1","max-image-preview":"max-image-preview:large","max-video-preview":"max-video-preview:-1"},"canonical":"https:\/\/explora.cl\/coquimbo\/estudiantes-de-la-region-de-coquimbo-inventa-un-superheroe-con-poderes-de-la-naturaleza\/","og_locale":"es_ES","og_type":"article","og_title":"ATENCI\u00d3N: Hasta el 12 de septiembre puedes Inventar un superh\u00e9roe con poderes de la naturaleza - Coquimbo","og_description":"Concurso del Programa Explora CONICYT en el a\u00f1o de la biomim\u00e9tica. Ideonella sakaiensis es un tipo de bacteria que fue recientemente identificada con una capacidad especial, una tan \u00fatil que podr\u00eda ayudarnos a terminar con el problema de la contaminaci\u00f3n del pl\u00e1stico en los mares del mundo. Puede degradar ciertos tipos de este material de [&hellip;]","og_url":"https:\/\/explora.cl\/coquimbo\/estudiantes-de-la-region-de-coquimbo-inventa-un-superheroe-con-poderes-de-la-naturaleza\/","og_site_name":"Coquimbo","article_published_time":"2016-07-26T04:00:00+00:00","article_modified_time":"2019-05-16T06:33:04+00:00","og_image":[{"width":220,"height":110,"url":"https:\/\/explora.cl\/coquimbo\/wp-content\/uploads\/sites\/6\/2018\/06\/Natura.jpg","type":"image\/jpeg"}],"author":"webman","twitter_card":"summary_large_image","twitter_misc":{"Escrito por":"webman","Tiempo estimado de lectura":"2 minutos"},"schema":{"@context":"https:\/\/schema.org","@graph":[{"@type":"Article","@id":"https:\/\/explora.cl\/coquimbo\/estudiantes-de-la-region-de-coquimbo-inventa-un-superheroe-con-poderes-de-la-naturaleza\/#article","isPartOf":{"@id":"https:\/\/explora.cl\/coquimbo\/estudiantes-de-la-region-de-coquimbo-inventa-un-superheroe-con-poderes-de-la-naturaleza\/"},"author":{"name":"webman","@id":"https:\/\/explora.cl\/coquimbo\/#\/schema\/person\/cb8349c13ea2d324080adf8480d7ba5d"},"headline":"ATENCI\u00d3N: Hasta el 12 de septiembre puedes Inventar un superh\u00e9roe con poderes de la naturaleza","datePublished":"2016-07-26T04:00:00+00:00","dateModified":"2019-05-16T06:33:04+00:00","mainEntityOfPage":{"@id":"https:\/\/explora.cl\/coquimbo\/estudiantes-de-la-region-de-coquimbo-inventa-un-superheroe-con-poderes-de-la-naturaleza\/"},"wordCount":484,"commentCount":0,"publisher":{"@id":"https:\/\/explora.cl\/coquimbo\/#organization"},"image":{"@id":"https:\/\/explora.cl\/coquimbo\/estudiantes-de-la-region-de-coquimbo-inventa-un-superheroe-con-poderes-de-la-naturaleza\/#primaryimage"},"thumbnailUrl":"https:\/\/explora.cl\/coquimbo\/wp-content\/uploads\/sites\/6\/2018\/06\/Natura.jpg","articleSection":["Noticias"],"inLanguage":"es-CL","potentialAction":[{"@type":"CommentAction","name":"Comment","target":["https:\/\/explora.cl\/coquimbo\/estudiantes-de-la-region-de-coquimbo-inventa-un-superheroe-con-poderes-de-la-naturaleza\/#respond"]}]},{"@type":"WebPage","@id":"https:\/\/explora.cl\/coquimbo\/estudiantes-de-la-region-de-coquimbo-inventa-un-superheroe-con-poderes-de-la-naturaleza\/","url":"https:\/\/explora.cl\/coquimbo\/estudiantes-de-la-region-de-coquimbo-inventa-un-superheroe-con-poderes-de-la-naturaleza\/","name":"ATENCI\u00d3N: Hasta el 12 de septiembre puedes Inventar un superh\u00e9roe con poderes de la naturaleza - Coquimbo","isPartOf":{"@id":"https:\/\/explora.cl\/coquimbo\/#website"},"primaryImageOfPage":{"@id":"https:\/\/explora.cl\/coquimbo\/estudiantes-de-la-region-de-coquimbo-inventa-un-superheroe-con-poderes-de-la-naturaleza\/#primaryimage"},"image":{"@id":"https:\/\/explora.cl\/coquimbo\/estudiantes-de-la-region-de-coquimbo-inventa-un-superheroe-con-poderes-de-la-naturaleza\/#primaryimage"},"thumbnailUrl":"https:\/\/explora.cl\/coquimbo\/wp-content\/uploads\/sites\/6\/2018\/06\/Natura.jpg","datePublished":"2016-07-26T04:00:00+00:00","dateModified":"2019-05-16T06:33:04+00:00","breadcrumb":{"@id":"https:\/\/explora.cl\/coquimbo\/estudiantes-de-la-region-de-coquimbo-inventa-un-superheroe-con-poderes-de-la-naturaleza\/#breadcrumb"},"inLanguage":"es-CL","potentialAction":[{"@type":"ReadAction","target":["https:\/\/explora.cl\/coquimbo\/estudiantes-de-la-region-de-coquimbo-inventa-un-superheroe-con-poderes-de-la-naturaleza\/"]}]},{"@type":"ImageObject","inLanguage":"es-CL","@id":"https:\/\/explora.cl\/coquimbo\/estudiantes-de-la-region-de-coquimbo-inventa-un-superheroe-con-poderes-de-la-naturaleza\/#primaryimage","url":"https:\/\/explora.cl\/coquimbo\/wp-content\/uploads\/sites\/6\/2018\/06\/Natura.jpg","contentUrl":"https:\/\/explora.cl\/coquimbo\/wp-content\/uploads\/sites\/6\/2018\/06\/Natura.jpg","width":220,"height":110},{"@type":"BreadcrumbList","@id":"https:\/\/explora.cl\/coquimbo\/estudiantes-de-la-region-de-coquimbo-inventa-un-superheroe-con-poderes-de-la-naturaleza\/#breadcrumb","itemListElement":[{"@type":"ListItem","position":1,"name":"Portada","item":"https:\/\/explora.cl\/coquimbo\/"},{"@type":"ListItem","position":2,"name":"ATENCI\u00d3N: Hasta el 12 de septiembre puedes Inventar un superh\u00e9roe con poderes de la naturaleza"}]},{"@type":"WebSite","@id":"https:\/\/explora.cl\/coquimbo\/#website","url":"https:\/\/explora.cl\/coquimbo\/","name":"Coquimbo","description":"Otro sitio m\u00e1s de explora.cl","publisher":{"@id":"https:\/\/explora.cl\/coquimbo\/#organization"},"potentialAction":[{"@type":"SearchAction","target":{"@type":"EntryPoint","urlTemplate":"https:\/\/explora.cl\/coquimbo\/?s={search_term_string}"},"query-input":{"@type":"PropertyValueSpecification","valueRequired":true,"valueName":"search_term_string"}}],"inLanguage":"es-CL"},{"@type":"Organization","@id":"https:\/\/explora.cl\/coquimbo\/#organization","name":"Coquimbo","url":"https:\/\/explora.cl\/coquimbo\/","logo":{"@type":"ImageObject","inLanguage":"es-CL","@id":"https:\/\/explora.cl\/coquimbo\/#\/schema\/logo\/image\/","url":"https:\/\/explora.cl\/coquimbo\/wp-content\/uploads\/sites\/6\/2020\/08\/cropped-Mesa-de-trabajo-1-100.jpg","contentUrl":"https:\/\/explora.cl\/coquimbo\/wp-content\/uploads\/sites\/6\/2020\/08\/cropped-Mesa-de-trabajo-1-100.jpg","width":615,"height":576,"caption":"Coquimbo"},"image":{"@id":"https:\/\/explora.cl\/coquimbo\/#\/schema\/logo\/image\/"}},{"@type":"Person","@id":"https:\/\/explora.cl\/coquimbo\/#\/schema\/person\/cb8349c13ea2d324080adf8480d7ba5d","name":"webman","image":{"@type":"ImageObject","inLanguage":"es-CL","@id":"https:\/\/explora.cl\/coquimbo\/#\/schema\/person\/image\/","url":"https:\/\/secure.gravatar.com\/avatar\/eeff3c82f2c02f7177d13663b7e6f890e9a6a0647ce9bb29cae02dcb094c7312?s=96&d=mm&r=g","contentUrl":"https:\/\/secure.gravatar.com\/avatar\/eeff3c82f2c02f7177d13663b7e6f890e9a6a0647ce9bb29cae02dcb094c7312?s=96&d=mm&r=g","caption":"webman"},"url":"https:\/\/explora.cl\/coquimbo\/author\/webman\/"}]}},"_links":{"self":[{"href":"https:\/\/explora.cl\/coquimbo\/wp-json\/wp\/v2\/posts\/32389","targetHints":{"allow":["GET"]}}],"collection":[{"href":"https:\/\/explora.cl\/coquimbo\/wp-json\/wp\/v2\/posts"}],"about":[{"href":"https:\/\/explora.cl\/coquimbo\/wp-json\/wp\/v2\/types\/post"}],"author":[{"embeddable":true,"href":"https:\/\/explora.cl\/coquimbo\/wp-json\/wp\/v2\/users\/2"}],"replies":[{"embeddable":true,"href":"https:\/\/explora.cl\/coquimbo\/wp-json\/wp\/v2\/comments?post=32389"}],"version-history":[{"count":1,"href":"https:\/\/explora.cl\/coquimbo\/wp-json\/wp\/v2\/posts\/32389\/revisions"}],"predecessor-version":[{"id":39016,"href":"https:\/\/explora.cl\/coquimbo\/wp-json\/wp\/v2\/posts\/32389\/revisions\/39016"}],"wp:featuredmedia":[{"embeddable":true,"href":"https:\/\/explora.cl\/coquimbo\/wp-json\/wp\/v2\/media\/32390"}],"wp:attachment":[{"href":"https:\/\/explora.cl\/coquimbo\/wp-json\/wp\/v2\/media?parent=32389"}],"wp:term":[{"taxonomy":"category","embeddable":true,"href":"https:\/\/explora.cl\/coquimbo\/wp-json\/wp\/v2\/categories?post=32389"},{"taxonomy":"post_tag","embeddable":true,"href":"https:\/\/explora.cl\/coquimbo\/wp-json\/wp\/v2\/tags?post=32389"}],"curies":[{"name":"wp","href":"https:\/\/api.w.org\/{rel}","templated":true}]}}