{"id":32147,"date":"2016-07-22T00:00:00","date_gmt":"2016-07-22T00:00:00","guid":{"rendered":"https:\/\/explora.cl\/aricayparinacota\/blog\/2016\/07\/22\/alumnos-ariquenos-encantados-con-la-etnomatematica\/"},"modified":"2019-05-20T16:49:46","modified_gmt":"2019-05-20T16:49:46","slug":"alumnos-ariquenos-encantados-con-la-etnomatematica","status":"publish","type":"post","link":"https:\/\/explora.cl\/coquimbo\/alumnos-ariquenos-encantados-con-la-etnomatematica\/","title":{"rendered":"Alumnos arique\u00f1os encantados con la etnomatem\u00e1tica"},"content":{"rendered":"<p class=\"MsoNormal\" style=\"text-align: justify\"><b><span lang=\"ES-CL\" style=\"font-size: 12.0pt;line-height: 115%;font-family: 'Arial',sans-serif\"><span style=\"text-decoration: underline\">Observaron figuras geom\u00e9tricas desde un dron<\/span><\/span><\/b><\/p>\n<p class=\"MsoNormal\" style=\"text-align: justify\"><i><span lang=\"ES-CL\" style=\"font-size: 12.0pt;line-height: 115%;font-family: 'Arial',sans-serif\"><strong>Sesenta alumnos de tres establecimientos educacionales de Arica, vivenciaron las matem\u00e1ticas relacionadas con geoglifos, pukaras y textiles, en dos versiones de la Academia de Etnomatem\u00e1tica, dictada por el Proyecto Asociativo Regional Explora de Conicyt Regi\u00f3n de Arica y Parinacota, siendo la \u00fanica actividad de este tipo desarrollada a nivel nacional.<\/strong><\/span><\/i><\/p>\n<p class=\"MsoNormal\" style=\"text-align: justify\"><span lang=\"ES-CL\" style=\"font-size: 12.0pt;line-height: 115%;font-family: 'Arial',sans-serif\">\u00a0<\/span><\/p>\n<p class=\"MsoNormal\" style=\"text-align: justify\"><span lang=\"ES-CL\" style=\"font-size: 12.0pt;line-height: 115%;font-family: 'Arial',sans-serif\">S\u00f3lo el ladrido de un perro puede romper un breve silencio a las 10 de la ma\u00f1ana, mientras un grupo de estudiantes de ense\u00f1anza media observa las figuras realizadas por acumulamiento de piedras, que forman cam\u00e9lidos, en una peque\u00f1a caravana que da vida al panel de geoglifos La Tropilla, en la ladera sur de un cerro del valle de Azapa. <\/span><\/p>\n<p class=\"MsoNormal\" style=\"text-align: justify\"><span lang=\"ES-CL\" style=\"font-size: 12.0pt;line-height: 115%;font-family: 'Arial',sans-serif\">Dependiendo de la hora y del sol que impere, las figuras humanas en actitud danzante se ver\u00e1n m\u00e1s o menos destacadas, en esta ruta de animales que representa el intercambio de bienes entre la costa y las tierras altas, de una poblaci\u00f3n que durante miles de a\u00f1os aprendi\u00f3 a dominar el desierto m\u00e1s \u00e1rido del mundo.<\/span><\/p>\n<p class=\"MsoNormal\" style=\"text-align: justify\"><span lang=\"ES-CL\" style=\"font-size: 12.0pt;line-height: 115%;font-family: 'Arial',sans-serif\">El sonido de un potente dron, con el que es posible observar lo que a simple vista no se ve, inunda con su movimiento y muestra la caravana, que en un segundo parece cobrar vida en un cerro o malku protector del mundo andino.<\/span> <span lang=\"ES-CL\" style=\"font-size: 12.0pt;line-height: 115%;font-family: 'Arial',sans-serif\">Manuel Barraza, acad\u00e9mico de la Escuela de Ingenier\u00eda El\u00e9ctrica Electr\u00f3nica de la Universidad de Tarapac\u00e1, es quien provee las im\u00e1genes en alta resoluci\u00f3n de la majestuosidad de estas obras de arte, que como se\u00f1ales camineras entregaron informaci\u00f3n a quienes transitaron por este lugar. Durante 12 minutos, el dron de alta gama, por primera vez sobrevuela una zona de geoglifos milenarios.<\/span><\/p>\n<p class=\"MsoNormal\" style=\"text-align: justify\"><span lang=\"ES-CL\" style=\"font-size: 12.0pt;line-height: 115%;font-family: 'Arial',sans-serif\">\u00c9sta fue una de las salidas a terreno de los alumnos del Liceo Pablo Neruda y Colegios San Marcos y San Jorge de la ciudad de Arica, que participaron en la\u00a0 Academia de Etnomatem\u00e1tica, dise\u00f1ada y desarrollada por el Proyecto Asociativo Regional Explora de Conicyt Regi\u00f3n de Arica y Parinacota en dos versiones.<\/span><\/p>\n<p class=\"MsoNormal\"><span lang=\"ES-CL\" style=\"font-size: 12.0pt;line-height: 115%;font-family: 'Arial',sans-serif\"><img fetchpriority=\"high\" decoding=\"async\" class=\" size-full wp-image-19231\" style=\"margin-left: auto;margin-right: auto\" src=\"https:\/\/explora.cl\/wp-content\/uploads\/2016\/07\/Manuel-Barraza-acadmico-de-la-Escuela-de-Ingeniera-Elctrica-Electrnica-de-la-Universidad-de-Tarapac-y-el-dron.JPG\" alt=\"\" width=\"653\" height=\"434\" \/><\/span><\/p>\n<p class=\"MsoNormal\" style=\"text-align: justify\">\u00a0<\/p>\n<p class=\"MsoNormal\" style=\"text-align: justify\"><span style=\"text-decoration: underline\"><strong><span lang=\"ES-CL\" style=\"font-size: 12.0pt;line-height: 115%;font-family: 'Arial',sans-serif\">PRINCIPIOS MATEM\u00c1TICOS<\/span><\/strong><\/span><\/p>\n<p class=\"MsoNormal\" style=\"text-align: justify\"><span lang=\"ES-CL\" style=\"font-size: 12.0pt;line-height: 115%;font-family: 'Arial',sans-serif\">Las grandes figuras fueron dise\u00f1adas y construidas en equipo, donde al menos intervinieron tres personas, se\u00f1alan los historiadores, e implicaron varios principios matem\u00e1ticos como traslaci\u00f3n, rotaci\u00f3n y simetr\u00eda; adem\u00e1s de las distancias, importantes a la hora de realizar estos dibujos inclinados, y las formas geom\u00e9tricas presentes que hoy son estudiadas desde la etnomatem\u00e1tica. \u00a0<\/span><\/p>\n<p class=\"MsoNormal\" style=\"text-align: justify\"><span lang=\"ES-CL\" style=\"font-size: 12.0pt;line-height: 115%;font-family: 'Arial',sans-serif\">\u00c1ngulos, magnitud, punto, origen, intersecci\u00f3n, desviaci\u00f3n est\u00e1ndar, fractal, simetr\u00edas, cuadrados, tri\u00e1ngulos y ex\u00e1gonos, son algunos de los elementos matem\u00e1ticos que est\u00e1n presentes en los grupos culturales, que expresaban y realizaban pr\u00e1cticas t\u00e9cnicas para resolver las propias necesidades que ten\u00edan en su contexto. As\u00ed surge la etnomatem\u00e1tica.<\/span><\/p>\n<p class=\"MsoNormal\" style=\"text-align: justify\"><span lang=\"ES-CL\" style=\"font-size: 12.0pt;line-height: 115%;font-family: 'Arial',sans-serif\">El Cerro Sagrado fue otro panel de geoglifos visitado por los estudiantes junto a un equipo selecto de profesionales que describieron los sitios. La historiadora Patricia Ar\u00e9valo traslad\u00f3 m\u00e1gicamente a sus interlocutores a la \u00e9poca en que probablemente se crearon las grandes figuras humanas presentes, adem\u00e1s de serpientes, lagartos y cam\u00e9lidos observables desde lejos, en las que se encuentran pol\u00edgonos, c\u00edrculos y rombos.<\/span><\/p>\n<p class=\"MsoNormal\" style=\"text-align: justify\"><span lang=\"ES-CL\" style=\"font-size: 12.0pt;line-height: 115%;font-family: 'Arial',sans-serif\">El Pukara San Lorenzo, una aldea con terrazas donde se efectuaba intercambio rec\u00edproco de alimentos, posee restos de construcciones habitacionales y una vista estrat\u00e9gica del valle y fue otro de los lugares considerados en las visitas guiadas por los expertos. Aqu\u00ed los alumnos realizaron un registro planim\u00e9trico del sitio, identificando elementos geom\u00e9tricos tales como pol\u00edgonos regulares e irregulares presentes en las piedras que siguen un mismo patr\u00f3n en las terrazas. En estas tareas y a lo largo de la academia, fueron apoyados por los acad\u00e9micos de matem\u00e1ticas Carolina Condori, Iv\u00e1n Aguirre y Gino Maqui. Este \u00faltimo graduado en Cuzco, Per\u00fa, actualmente realizando su doctorado en Brasil, y en una corta pasant\u00eda en la Universidad de Tarapac\u00e1.<\/span><\/p>\n<p class=\"MsoNormal\" style=\"text-align: center\"><span lang=\"ES-CL\" style=\"font-size: 12.0pt;line-height: 115%;font-family: 'Arial',sans-serif\"><img decoding=\"async\" class=\" size-full wp-image-19232\" src=\"https:\/\/explora.cl\/wp-content\/uploads\/2016\/07\/pukara.JPG\" alt=\"\" width=\"900\" height=\"300\" \/><\/span><\/p>\n<p class=\"MsoNormal\" style=\"text-align: justify\">\u00a0<\/p>\n<p class=\"MsoNormal\" style=\"text-align: justify\"><span style=\"text-decoration: underline\"><strong><span lang=\"ES-CL\" style=\"font-size: 12.0pt;line-height: 115%;font-family: 'Arial',sans-serif\">PATRIMONIO TEXTIL<\/span><\/strong><\/span><\/p>\n<p class=\"MsoNormal\" style=\"text-align: justify\"><span lang=\"ES-CL\" style=\"font-size: 12.0pt;line-height: 115%;font-family: 'Arial',sans-serif\">Pero la etnomatem\u00e1tica llev\u00f3 a los alumnos participantes m\u00e1s all\u00e1, pues tambi\u00e9n conocieron de la antrop\u00f3loga Andrea Chamorro los<\/span> <span lang=\"ES-CL\" style=\"font-size: 12.0pt;line-height: 115%;font-family: 'Arial',sans-serif\">principios matem\u00e1ticos presentes en el patrimonio textil de la regi\u00f3n. Se realiz\u00f3 una din\u00e1mica con la evoluci\u00f3n de prendas a trav\u00e9s de la historia y se cont\u00f3 una experiencia sobre la extinci\u00f3n de este quehacer en una comunidad altipl\u00e1nica. La academia convoc\u00f3 a distintas tejedoras, que mostraron su arte textil in situ, trabajando en sus telares las lanas de cam\u00e9lidos y los diversos productos con saltas o figuras aprendidas generacionalmente.<\/span><\/p>\n<p class=\"MsoNormal\" style=\"text-align: justify\"><span lang=\"ES-CL\" style=\"font-size: 12.0pt;line-height: 115%;font-family: 'Arial',sans-serif\">El trabajo final de los alumnos, despu\u00e9s de varias sesiones en terreno y en aula, implic\u00f3 la identificaci\u00f3n de la etnomatem\u00e1tica en los elementos patrimoniales de la regi\u00f3n, valorando los saberes matem\u00e1ticos de los ancestros. El resultado deriv\u00f3 a \u00a0exposiciones grupales, construcci\u00f3n de relatos de los lugares visitados, reconstrucci\u00f3n de figuras, dise\u00f1os de telas y geoglifos de acuerdo a los principios matem\u00e1ticos que fueron repasados en clases. La academia <\/span><span lang=\"ES-CL\" style=\"font-size: 12.0pt;line-height: 115%;font-family: 'Arial',sans-serif\">brind\u00f3 a los alumnos arique\u00f1os la posibilidad de ver su patrimonio desde otra perspectiva, donde las matem\u00e1ticas, la antropolog\u00eda y la tecnolog\u00eda fueron los mejores socios.<\/span><\/p>\n<p class=\"MsoNormal\" style=\"text-align: center\"><img decoding=\"async\" class=\" size-full wp-image-19233\" src=\"https:\/\/explora.cl\/wp-content\/uploads\/2016\/07\/telar.JPG\" alt=\"\" width=\"900\" height=\"317\" \/><\/p>\n<p class=\"MsoNormal\" style=\"text-align: justify\"><span lang=\"ES-CL\" style=\"font-size: 12.0pt;line-height: 115%;font-family: 'Arial',sans-serif\">\u00a0<\/span><\/p>\n<p class=\"MsoNormal\" style=\"text-align: justify\"><span style=\"text-decoration: underline\"><strong><span lang=\"ES-CL\" style=\"font-size: 12.0pt;line-height: 115%;font-family: 'Arial',sans-serif\">ATRACTIVO PEDAG\u00d3GICO<\/span><\/strong><\/span><\/p>\n<p class=\"MsoNormal\" style=\"text-align: justify\"><span lang=\"ES-CL\" style=\"font-size: 12.0pt;line-height: 115%;font-family: 'Arial',sans-serif\">M\u00f3nica Navarrete, directora del Proyecto Asociativo Regional Explora de CONICYT Regi\u00f3n de Arica y Parinacota, se\u00f1al\u00f3 que la actividad se inserta en una regi\u00f3n con un gran patrimonio intercultural e inmaterial, \u201cvisualizar los principios matem\u00e1ticos presentes en una cultura milenaria, por supuesto que es atractivo pedag\u00f3gicamente; pero tambi\u00e9n lo hace interesante porque intenta que los estudiantes valoricen su patrimonio descubriendo la gran capacidad l\u00f3gica y el pensamiento matem\u00e1tico que ten\u00edan nuestros ancestros, eso hace muy particular a nuestra regi\u00f3n\u201d.<\/span><\/p>\n<p class=\"MsoNormal\" style=\"text-align: justify\"><span lang=\"ES-CL\" style=\"font-size: 12.0pt;line-height: 115%;font-family: 'Arial',sans-serif\">\u00a0<\/span><\/p>\n<p class=\"MsoNormal\" style=\"text-align: justify\"><strong><span lang=\"ES-CL\" style=\"font-size: 12pt;line-height: 18.4px;font-family: Arial, sans-serif\">Noticia Relacionada:<\/span><\/strong><\/p>\n<table style=\"border-collapse: collapse;border-spacing: 0px;font-family: Roboto, 'Helvetica Neue', Helvetica, Arial, sans-serif;font-size: 16px;line-height: 27.4286px\">\n<tbody>\n<tr>\n<td style=\"padding: 0px;line-height: 1.71429;vertical-align: top;border-top-width: 1px;border-top-style: solid;border-top-color: #e5e5e5\"><strong><em><strong><span lang=\"ES-CL\" style=\"font-size: 12pt;line-height: 18.4px;font-family: Arial, sans-serif\">Enfoques y Gr\u00e1ficas \u00a0-&gt;<\/span><\/strong><br \/><\/em><\/strong><\/td>\n<td style=\"padding: 0px;line-height: 1.71429;vertical-align: top;border-top-width: 1px;border-top-style: solid;border-top-color: #e5e5e5\"><span lang=\"ES-CL\" style=\"font-size: 12pt;line-height: 18.4px;font-family: Arial, sans-serif\">\u00a0\u00a0<a href=\"index.php?option=com_content&amp;view=article&amp;id=10423&amp;catid=561&amp;Itemid=369\">Academia de Etnomatem\u00e1tica<\/a><\/span><\/td>\n<\/tr>\n<\/tbody>\n<\/table>\n<p>\u00a0<\/p>\n<p class=\"MsoNormal\" style=\"text-align: justify\"><span lang=\"ES-CL\" style=\"font-size: 12.0pt;line-height: 115%;font-family: 'Arial',sans-serif\">\u00a0<\/span><\/p>\n","protected":false},"excerpt":{"rendered":"<p>Observaron figuras geom\u00e9tricas desde un dron Sesenta alumnos de tres establecimientos educacionales de Arica, vivenciaron las matem\u00e1ticas relacionadas con geoglifos, pukaras y textiles, en dos versiones de la Academia de Etnomatem\u00e1tica, dictada por el Proyecto Asociativo Regional Explora de Conicyt Regi\u00f3n de Arica y Parinacota, siendo la \u00fanica actividad de este tipo desarrollada a nivel [&hellip;]<\/p>\n","protected":false},"author":2,"featured_media":32148,"comment_status":"open","ping_status":"open","sticky":false,"template":"","format":"standard","meta":{"_acf_changed":false,"_exactmetrics_skip_tracking":false,"_exactmetrics_sitenote_active":false,"_exactmetrics_sitenote_note":"","_exactmetrics_sitenote_category":0,"footnotes":"","_links_to":"","_links_to_target":""},"categories":[4],"tags":[],"class_list":["post-32147","post","type-post","status-publish","format-standard","has-post-thumbnail","hentry","category-noticias"],"acf":[],"yoast_head":"<!-- This site is optimized with the Yoast SEO plugin v26.9 - https:\/\/yoast.com\/product\/yoast-seo-wordpress\/ -->\n<title>Alumnos arique\u00f1os encantados con la etnomatem\u00e1tica - Coquimbo<\/title>\n<meta name=\"robots\" content=\"index, follow, max-snippet:-1, max-image-preview:large, max-video-preview:-1\" \/>\n<link rel=\"canonical\" href=\"https:\/\/explora.cl\/coquimbo\/alumnos-ariquenos-encantados-con-la-etnomatematica\/\" class=\"yoast-seo-meta-tag\" \/>\n<meta property=\"og:locale\" content=\"es_ES\" class=\"yoast-seo-meta-tag\" \/>\n<meta property=\"og:type\" content=\"article\" class=\"yoast-seo-meta-tag\" \/>\n<meta property=\"og:title\" content=\"Alumnos arique\u00f1os encantados con la etnomatem\u00e1tica - Coquimbo\" class=\"yoast-seo-meta-tag\" \/>\n<meta property=\"og:description\" content=\"Observaron figuras geom\u00e9tricas desde un dron Sesenta alumnos de tres establecimientos educacionales de Arica, vivenciaron las matem\u00e1ticas relacionadas con geoglifos, pukaras y textiles, en dos versiones de la Academia de Etnomatem\u00e1tica, dictada por el Proyecto Asociativo Regional Explora de Conicyt Regi\u00f3n de Arica y Parinacota, siendo la \u00fanica actividad de este tipo desarrollada a nivel [&hellip;]\" class=\"yoast-seo-meta-tag\" \/>\n<meta property=\"og:url\" content=\"https:\/\/explora.cl\/coquimbo\/alumnos-ariquenos-encantados-con-la-etnomatematica\/\" class=\"yoast-seo-meta-tag\" \/>\n<meta property=\"og:site_name\" content=\"Coquimbo\" class=\"yoast-seo-meta-tag\" \/>\n<meta property=\"article:published_time\" content=\"2016-07-22T00:00:00+00:00\" class=\"yoast-seo-meta-tag\" \/>\n<meta property=\"article:modified_time\" content=\"2019-05-20T16:49:46+00:00\" class=\"yoast-seo-meta-tag\" \/>\n<meta property=\"og:image\" content=\"https:\/\/explora.cl\/coquimbo\/wp-content\/uploads\/sites\/6\/2018\/06\/fotoPortada.jpg\" class=\"yoast-seo-meta-tag\" \/>\n\t<meta property=\"og:image:width\" content=\"222\" class=\"yoast-seo-meta-tag\" \/>\n\t<meta property=\"og:image:height\" content=\"110\" class=\"yoast-seo-meta-tag\" \/>\n\t<meta property=\"og:image:type\" content=\"image\/jpeg\" class=\"yoast-seo-meta-tag\" \/>\n<meta name=\"author\" content=\"webman\" class=\"yoast-seo-meta-tag\" \/>\n<meta name=\"twitter:card\" content=\"summary_large_image\" class=\"yoast-seo-meta-tag\" \/>\n<meta name=\"twitter:label1\" content=\"Escrito por\" class=\"yoast-seo-meta-tag\" \/>\n\t<meta name=\"twitter:data1\" content=\"webman\" class=\"yoast-seo-meta-tag\" \/>\n\t<meta name=\"twitter:label2\" content=\"Tiempo estimado de lectura\" class=\"yoast-seo-meta-tag\" \/>\n\t<meta name=\"twitter:data2\" content=\"5 minutos\" class=\"yoast-seo-meta-tag\" \/>\n<script type=\"application\/ld+json\" class=\"yoast-schema-graph\">{\"@context\":\"https:\/\/schema.org\",\"@graph\":[{\"@type\":\"Article\",\"@id\":\"https:\/\/explora.cl\/coquimbo\/alumnos-ariquenos-encantados-con-la-etnomatematica\/#article\",\"isPartOf\":{\"@id\":\"https:\/\/explora.cl\/coquimbo\/alumnos-ariquenos-encantados-con-la-etnomatematica\/\"},\"author\":{\"name\":\"webman\",\"@id\":\"https:\/\/explora.cl\/coquimbo\/#\/schema\/person\/cb8349c13ea2d324080adf8480d7ba5d\"},\"headline\":\"Alumnos arique\u00f1os encantados con la etnomatem\u00e1tica\",\"datePublished\":\"2016-07-22T00:00:00+00:00\",\"dateModified\":\"2019-05-20T16:49:46+00:00\",\"mainEntityOfPage\":{\"@id\":\"https:\/\/explora.cl\/coquimbo\/alumnos-ariquenos-encantados-con-la-etnomatematica\/\"},\"wordCount\":994,\"commentCount\":0,\"publisher\":{\"@id\":\"https:\/\/explora.cl\/coquimbo\/#organization\"},\"image\":{\"@id\":\"https:\/\/explora.cl\/coquimbo\/alumnos-ariquenos-encantados-con-la-etnomatematica\/#primaryimage\"},\"thumbnailUrl\":\"https:\/\/explora.cl\/coquimbo\/wp-content\/uploads\/sites\/6\/2018\/06\/fotoPortada.jpg\",\"articleSection\":[\"Noticias\"],\"inLanguage\":\"es-CL\",\"potentialAction\":[{\"@type\":\"CommentAction\",\"name\":\"Comment\",\"target\":[\"https:\/\/explora.cl\/coquimbo\/alumnos-ariquenos-encantados-con-la-etnomatematica\/#respond\"]}]},{\"@type\":\"WebPage\",\"@id\":\"https:\/\/explora.cl\/coquimbo\/alumnos-ariquenos-encantados-con-la-etnomatematica\/\",\"url\":\"https:\/\/explora.cl\/coquimbo\/alumnos-ariquenos-encantados-con-la-etnomatematica\/\",\"name\":\"Alumnos arique\u00f1os encantados con la etnomatem\u00e1tica - Coquimbo\",\"isPartOf\":{\"@id\":\"https:\/\/explora.cl\/coquimbo\/#website\"},\"primaryImageOfPage\":{\"@id\":\"https:\/\/explora.cl\/coquimbo\/alumnos-ariquenos-encantados-con-la-etnomatematica\/#primaryimage\"},\"image\":{\"@id\":\"https:\/\/explora.cl\/coquimbo\/alumnos-ariquenos-encantados-con-la-etnomatematica\/#primaryimage\"},\"thumbnailUrl\":\"https:\/\/explora.cl\/coquimbo\/wp-content\/uploads\/sites\/6\/2018\/06\/fotoPortada.jpg\",\"datePublished\":\"2016-07-22T00:00:00+00:00\",\"dateModified\":\"2019-05-20T16:49:46+00:00\",\"breadcrumb\":{\"@id\":\"https:\/\/explora.cl\/coquimbo\/alumnos-ariquenos-encantados-con-la-etnomatematica\/#breadcrumb\"},\"inLanguage\":\"es-CL\",\"potentialAction\":[{\"@type\":\"ReadAction\",\"target\":[\"https:\/\/explora.cl\/coquimbo\/alumnos-ariquenos-encantados-con-la-etnomatematica\/\"]}]},{\"@type\":\"ImageObject\",\"inLanguage\":\"es-CL\",\"@id\":\"https:\/\/explora.cl\/coquimbo\/alumnos-ariquenos-encantados-con-la-etnomatematica\/#primaryimage\",\"url\":\"https:\/\/explora.cl\/coquimbo\/wp-content\/uploads\/sites\/6\/2018\/06\/fotoPortada.jpg\",\"contentUrl\":\"https:\/\/explora.cl\/coquimbo\/wp-content\/uploads\/sites\/6\/2018\/06\/fotoPortada.jpg\",\"width\":222,\"height\":110},{\"@type\":\"BreadcrumbList\",\"@id\":\"https:\/\/explora.cl\/coquimbo\/alumnos-ariquenos-encantados-con-la-etnomatematica\/#breadcrumb\",\"itemListElement\":[{\"@type\":\"ListItem\",\"position\":1,\"name\":\"Portada\",\"item\":\"https:\/\/explora.cl\/coquimbo\/\"},{\"@type\":\"ListItem\",\"position\":2,\"name\":\"Alumnos arique\u00f1os encantados con la etnomatem\u00e1tica\"}]},{\"@type\":\"WebSite\",\"@id\":\"https:\/\/explora.cl\/coquimbo\/#website\",\"url\":\"https:\/\/explora.cl\/coquimbo\/\",\"name\":\"Coquimbo\",\"description\":\"Otro sitio m\u00e1s de explora.cl\",\"publisher\":{\"@id\":\"https:\/\/explora.cl\/coquimbo\/#organization\"},\"potentialAction\":[{\"@type\":\"SearchAction\",\"target\":{\"@type\":\"EntryPoint\",\"urlTemplate\":\"https:\/\/explora.cl\/coquimbo\/?s={search_term_string}\"},\"query-input\":{\"@type\":\"PropertyValueSpecification\",\"valueRequired\":true,\"valueName\":\"search_term_string\"}}],\"inLanguage\":\"es-CL\"},{\"@type\":\"Organization\",\"@id\":\"https:\/\/explora.cl\/coquimbo\/#organization\",\"name\":\"Coquimbo\",\"url\":\"https:\/\/explora.cl\/coquimbo\/\",\"logo\":{\"@type\":\"ImageObject\",\"inLanguage\":\"es-CL\",\"@id\":\"https:\/\/explora.cl\/coquimbo\/#\/schema\/logo\/image\/\",\"url\":\"https:\/\/explora.cl\/coquimbo\/wp-content\/uploads\/sites\/6\/2020\/08\/cropped-Mesa-de-trabajo-1-100.jpg\",\"contentUrl\":\"https:\/\/explora.cl\/coquimbo\/wp-content\/uploads\/sites\/6\/2020\/08\/cropped-Mesa-de-trabajo-1-100.jpg\",\"width\":615,\"height\":576,\"caption\":\"Coquimbo\"},\"image\":{\"@id\":\"https:\/\/explora.cl\/coquimbo\/#\/schema\/logo\/image\/\"}},{\"@type\":\"Person\",\"@id\":\"https:\/\/explora.cl\/coquimbo\/#\/schema\/person\/cb8349c13ea2d324080adf8480d7ba5d\",\"name\":\"webman\",\"image\":{\"@type\":\"ImageObject\",\"inLanguage\":\"es-CL\",\"@id\":\"https:\/\/explora.cl\/coquimbo\/#\/schema\/person\/image\/\",\"url\":\"https:\/\/secure.gravatar.com\/avatar\/eeff3c82f2c02f7177d13663b7e6f890e9a6a0647ce9bb29cae02dcb094c7312?s=96&d=mm&r=g\",\"contentUrl\":\"https:\/\/secure.gravatar.com\/avatar\/eeff3c82f2c02f7177d13663b7e6f890e9a6a0647ce9bb29cae02dcb094c7312?s=96&d=mm&r=g\",\"caption\":\"webman\"},\"url\":\"https:\/\/explora.cl\/coquimbo\/author\/webman\/\"}]}<\/script>\n<!-- \/ Yoast SEO plugin. -->","yoast_head_json":{"title":"Alumnos arique\u00f1os encantados con la etnomatem\u00e1tica - Coquimbo","robots":{"index":"index","follow":"follow","max-snippet":"max-snippet:-1","max-image-preview":"max-image-preview:large","max-video-preview":"max-video-preview:-1"},"canonical":"https:\/\/explora.cl\/coquimbo\/alumnos-ariquenos-encantados-con-la-etnomatematica\/","og_locale":"es_ES","og_type":"article","og_title":"Alumnos arique\u00f1os encantados con la etnomatem\u00e1tica - Coquimbo","og_description":"Observaron figuras geom\u00e9tricas desde un dron Sesenta alumnos de tres establecimientos educacionales de Arica, vivenciaron las matem\u00e1ticas relacionadas con geoglifos, pukaras y textiles, en dos versiones de la Academia de Etnomatem\u00e1tica, dictada por el Proyecto Asociativo Regional Explora de Conicyt Regi\u00f3n de Arica y Parinacota, siendo la \u00fanica actividad de este tipo desarrollada a nivel [&hellip;]","og_url":"https:\/\/explora.cl\/coquimbo\/alumnos-ariquenos-encantados-con-la-etnomatematica\/","og_site_name":"Coquimbo","article_published_time":"2016-07-22T00:00:00+00:00","article_modified_time":"2019-05-20T16:49:46+00:00","og_image":[{"width":222,"height":110,"url":"https:\/\/explora.cl\/coquimbo\/wp-content\/uploads\/sites\/6\/2018\/06\/fotoPortada.jpg","type":"image\/jpeg"}],"author":"webman","twitter_card":"summary_large_image","twitter_misc":{"Escrito por":"webman","Tiempo estimado de lectura":"5 minutos"},"schema":{"@context":"https:\/\/schema.org","@graph":[{"@type":"Article","@id":"https:\/\/explora.cl\/coquimbo\/alumnos-ariquenos-encantados-con-la-etnomatematica\/#article","isPartOf":{"@id":"https:\/\/explora.cl\/coquimbo\/alumnos-ariquenos-encantados-con-la-etnomatematica\/"},"author":{"name":"webman","@id":"https:\/\/explora.cl\/coquimbo\/#\/schema\/person\/cb8349c13ea2d324080adf8480d7ba5d"},"headline":"Alumnos arique\u00f1os encantados con la etnomatem\u00e1tica","datePublished":"2016-07-22T00:00:00+00:00","dateModified":"2019-05-20T16:49:46+00:00","mainEntityOfPage":{"@id":"https:\/\/explora.cl\/coquimbo\/alumnos-ariquenos-encantados-con-la-etnomatematica\/"},"wordCount":994,"commentCount":0,"publisher":{"@id":"https:\/\/explora.cl\/coquimbo\/#organization"},"image":{"@id":"https:\/\/explora.cl\/coquimbo\/alumnos-ariquenos-encantados-con-la-etnomatematica\/#primaryimage"},"thumbnailUrl":"https:\/\/explora.cl\/coquimbo\/wp-content\/uploads\/sites\/6\/2018\/06\/fotoPortada.jpg","articleSection":["Noticias"],"inLanguage":"es-CL","potentialAction":[{"@type":"CommentAction","name":"Comment","target":["https:\/\/explora.cl\/coquimbo\/alumnos-ariquenos-encantados-con-la-etnomatematica\/#respond"]}]},{"@type":"WebPage","@id":"https:\/\/explora.cl\/coquimbo\/alumnos-ariquenos-encantados-con-la-etnomatematica\/","url":"https:\/\/explora.cl\/coquimbo\/alumnos-ariquenos-encantados-con-la-etnomatematica\/","name":"Alumnos arique\u00f1os encantados con la etnomatem\u00e1tica - Coquimbo","isPartOf":{"@id":"https:\/\/explora.cl\/coquimbo\/#website"},"primaryImageOfPage":{"@id":"https:\/\/explora.cl\/coquimbo\/alumnos-ariquenos-encantados-con-la-etnomatematica\/#primaryimage"},"image":{"@id":"https:\/\/explora.cl\/coquimbo\/alumnos-ariquenos-encantados-con-la-etnomatematica\/#primaryimage"},"thumbnailUrl":"https:\/\/explora.cl\/coquimbo\/wp-content\/uploads\/sites\/6\/2018\/06\/fotoPortada.jpg","datePublished":"2016-07-22T00:00:00+00:00","dateModified":"2019-05-20T16:49:46+00:00","breadcrumb":{"@id":"https:\/\/explora.cl\/coquimbo\/alumnos-ariquenos-encantados-con-la-etnomatematica\/#breadcrumb"},"inLanguage":"es-CL","potentialAction":[{"@type":"ReadAction","target":["https:\/\/explora.cl\/coquimbo\/alumnos-ariquenos-encantados-con-la-etnomatematica\/"]}]},{"@type":"ImageObject","inLanguage":"es-CL","@id":"https:\/\/explora.cl\/coquimbo\/alumnos-ariquenos-encantados-con-la-etnomatematica\/#primaryimage","url":"https:\/\/explora.cl\/coquimbo\/wp-content\/uploads\/sites\/6\/2018\/06\/fotoPortada.jpg","contentUrl":"https:\/\/explora.cl\/coquimbo\/wp-content\/uploads\/sites\/6\/2018\/06\/fotoPortada.jpg","width":222,"height":110},{"@type":"BreadcrumbList","@id":"https:\/\/explora.cl\/coquimbo\/alumnos-ariquenos-encantados-con-la-etnomatematica\/#breadcrumb","itemListElement":[{"@type":"ListItem","position":1,"name":"Portada","item":"https:\/\/explora.cl\/coquimbo\/"},{"@type":"ListItem","position":2,"name":"Alumnos arique\u00f1os encantados con la etnomatem\u00e1tica"}]},{"@type":"WebSite","@id":"https:\/\/explora.cl\/coquimbo\/#website","url":"https:\/\/explora.cl\/coquimbo\/","name":"Coquimbo","description":"Otro sitio m\u00e1s de explora.cl","publisher":{"@id":"https:\/\/explora.cl\/coquimbo\/#organization"},"potentialAction":[{"@type":"SearchAction","target":{"@type":"EntryPoint","urlTemplate":"https:\/\/explora.cl\/coquimbo\/?s={search_term_string}"},"query-input":{"@type":"PropertyValueSpecification","valueRequired":true,"valueName":"search_term_string"}}],"inLanguage":"es-CL"},{"@type":"Organization","@id":"https:\/\/explora.cl\/coquimbo\/#organization","name":"Coquimbo","url":"https:\/\/explora.cl\/coquimbo\/","logo":{"@type":"ImageObject","inLanguage":"es-CL","@id":"https:\/\/explora.cl\/coquimbo\/#\/schema\/logo\/image\/","url":"https:\/\/explora.cl\/coquimbo\/wp-content\/uploads\/sites\/6\/2020\/08\/cropped-Mesa-de-trabajo-1-100.jpg","contentUrl":"https:\/\/explora.cl\/coquimbo\/wp-content\/uploads\/sites\/6\/2020\/08\/cropped-Mesa-de-trabajo-1-100.jpg","width":615,"height":576,"caption":"Coquimbo"},"image":{"@id":"https:\/\/explora.cl\/coquimbo\/#\/schema\/logo\/image\/"}},{"@type":"Person","@id":"https:\/\/explora.cl\/coquimbo\/#\/schema\/person\/cb8349c13ea2d324080adf8480d7ba5d","name":"webman","image":{"@type":"ImageObject","inLanguage":"es-CL","@id":"https:\/\/explora.cl\/coquimbo\/#\/schema\/person\/image\/","url":"https:\/\/secure.gravatar.com\/avatar\/eeff3c82f2c02f7177d13663b7e6f890e9a6a0647ce9bb29cae02dcb094c7312?s=96&d=mm&r=g","contentUrl":"https:\/\/secure.gravatar.com\/avatar\/eeff3c82f2c02f7177d13663b7e6f890e9a6a0647ce9bb29cae02dcb094c7312?s=96&d=mm&r=g","caption":"webman"},"url":"https:\/\/explora.cl\/coquimbo\/author\/webman\/"}]}},"_links":{"self":[{"href":"https:\/\/explora.cl\/coquimbo\/wp-json\/wp\/v2\/posts\/32147","targetHints":{"allow":["GET"]}}],"collection":[{"href":"https:\/\/explora.cl\/coquimbo\/wp-json\/wp\/v2\/posts"}],"about":[{"href":"https:\/\/explora.cl\/coquimbo\/wp-json\/wp\/v2\/types\/post"}],"author":[{"embeddable":true,"href":"https:\/\/explora.cl\/coquimbo\/wp-json\/wp\/v2\/users\/2"}],"replies":[{"embeddable":true,"href":"https:\/\/explora.cl\/coquimbo\/wp-json\/wp\/v2\/comments?post=32147"}],"version-history":[{"count":1,"href":"https:\/\/explora.cl\/coquimbo\/wp-json\/wp\/v2\/posts\/32147\/revisions"}],"predecessor-version":[{"id":32916,"href":"https:\/\/explora.cl\/coquimbo\/wp-json\/wp\/v2\/posts\/32147\/revisions\/32916"}],"wp:featuredmedia":[{"embeddable":true,"href":"https:\/\/explora.cl\/coquimbo\/wp-json\/wp\/v2\/media\/32148"}],"wp:attachment":[{"href":"https:\/\/explora.cl\/coquimbo\/wp-json\/wp\/v2\/media?parent=32147"}],"wp:term":[{"taxonomy":"category","embeddable":true,"href":"https:\/\/explora.cl\/coquimbo\/wp-json\/wp\/v2\/categories?post=32147"},{"taxonomy":"post_tag","embeddable":true,"href":"https:\/\/explora.cl\/coquimbo\/wp-json\/wp\/v2\/tags?post=32147"}],"curies":[{"name":"wp","href":"https:\/\/api.w.org\/{rel}","templated":true}]}}