{"id":32029,"date":"2015-05-20T00:00:00","date_gmt":"2015-05-20T00:00:00","guid":{"rendered":"https:\/\/explora.cl\/aricayparinacota\/blog\/2015\/05\/20\/telescopio-en-chile-capta-la-imagen-mas-detallada-de-la-colorida-nebulosa-medusa-3\/"},"modified":"2019-05-20T16:50:24","modified_gmt":"2019-05-20T16:50:24","slug":"telescopio-en-chile-capta-la-imagen-mas-detallada-de-la-colorida-nebulosa-medusa-3","status":"publish","type":"post","link":"https:\/\/explora.cl\/coquimbo\/telescopio-en-chile-capta-la-imagen-mas-detallada-de-la-colorida-nebulosa-medusa-3\/","title":{"rendered":"Telescopio en Chile capta la imagen m\u00e1s detallada de la colorida nebulosa Medusa"},"content":{"rendered":"<p><img fetchpriority=\"high\" decoding=\"async\" class=\" size-full wp-image-11175\" src=\"http:\/\/ec2-34-218-253-251.us-west-2.compute.amazonaws.com\/wp-content\/uploads\/2015\/05\/4eeb67a0dfe87cb46b385aca5f00f9e9.jpg\" alt=\"\" width=\"600\" height=\"400\" \/><\/p>\n<p>El Observatorio Europeo Austral (ESO) revel\u00f3 hoy la imagen m\u00e1s detallada tomada hasta el momento de la nebulosa Medusa, en la que las estrellas situadas en su coraz\u00f3n ya iniciaron &#8220;su transici\u00f3n a la jubilaci\u00f3n&#8221; arrojando sus capas externas al espacio y formando una colorida nube.<\/p>\n<p>La nueva imagen fue captada por un equipo de astr\u00f3nomos utilizando el Very Large Telescope (VLT) instalado en el norte de Chile, dentro del programa &#8220;Joyas C\u00f3smicas&#8221; del ESO.<\/p>\n<p>Seg\u00fan explica el Observatorio en un comunicado, la imagen augura el destino final del Sol, que finalmente tambi\u00e9n se convertir\u00e1 en un objeto de este tipo antes de terminar su vida activa como &#8220;enana blanca&#8221;.<\/p>\n<p>Tambi\u00e9n conocida como Sharpless 2-274, Medusa tiene una extensi\u00f3n aproximada de cuatro a\u00f1os luz, se encuentra en la constelaci\u00f3n de G\u00e9minis (los gemelos) a 1.500 a\u00f1os luz de la Tierra y, a pesar de su tama\u00f1o, es extremadamente d\u00e9bil y dif\u00edcil de observar.<\/p>\n<p>Los filamentos serpentinos de gas \u2013con el resplandor rojizo del hidr\u00f3geno y verde, del ox\u00edgeno\u2013 bautizan a esta nebulosa con el nombre de la &#8220;gorgona Medusa&#8221;, criatura de la mitolog\u00eda griega que ten\u00eda serpientes en lugar de cabellos.<\/p>\n<p>Durante decenas de miles de a\u00f1os, los n\u00facleos estelares de las nebulosas planetarias &#8220;permanecen rodeados por nubes de gas espectacularmente coloridas&#8221;; pocos miles de a\u00f1os despu\u00e9s, el gas se dispersa de manera intermitente en su entorno, dando lugar a estructuras como la de Medusa.<\/p>\n<p>La etapa como nebulosa planetaria es s\u00f3lo una peque\u00f1a fracci\u00f3n de la vida \u00fatil total de una estrella, apunta el Observatorio.<\/p>\n<p>Comparada con una vida humana, a\u00f1ade, ser\u00eda un breve instante &#8220;equiparable al tiempo que tarda un ni\u00f1o en hacer una burbuja de jab\u00f3n y verla alejarse a la deriva&#8221;.<\/p>\n<p>El programa &#8220;Joyas C\u00f3smicas&#8221; del ESO \u2013en el que se incluye la \u00faltima representaci\u00f3n de la nebulosa Medusa\u2013, es una iniciativa que hace uso de un tiempo de telescopio que no puede utilizarse para observaciones cient\u00edficas y reproduce im\u00e1genes de objetos interesantes, enigm\u00e1ticos o visualmente atractivos con un fin educativo y divulgativo.<\/p>\n<p>Fuente: <a href=\"http:\/\/www.emol.com\/noticias\/tecnologia\/2015\/05\/20\/717772\/telescopio-en-chile-capta-la-imagen-mas-detallada-de-la-colorida-nebulosa-medusa.html\" target=\"_blank\" rel=\"noopener noreferrer\"><span style=\"text-decoration: underline;color: #0000ff\">EMOL<\/span><\/a><\/p>\n","protected":false},"excerpt":{"rendered":"<p>El Observatorio Europeo Austral (ESO) revel\u00f3 hoy la imagen m\u00e1s detallada tomada hasta el momento de la nebulosa Medusa, en la que las estrellas situadas en su coraz\u00f3n ya iniciaron &#8220;su transici\u00f3n a la jubilaci\u00f3n&#8221; arrojando sus capas externas al espacio y formando una colorida nube. La nueva imagen fue captada por un equipo de [&hellip;]<\/p>\n","protected":false},"author":2,"featured_media":32030,"comment_status":"open","ping_status":"open","sticky":false,"template":"","format":"standard","meta":{"_acf_changed":false,"_exactmetrics_skip_tracking":false,"_exactmetrics_sitenote_active":false,"_exactmetrics_sitenote_note":"","_exactmetrics_sitenote_category":0,"footnotes":"","_links_to":"","_links_to_target":""},"categories":[4],"tags":[],"class_list":["post-32029","post","type-post","status-publish","format-standard","has-post-thumbnail","hentry","category-noticias"],"acf":[],"yoast_head":"<!-- This site is optimized with the Yoast SEO plugin v26.9 - https:\/\/yoast.com\/product\/yoast-seo-wordpress\/ -->\n<title>Telescopio en Chile capta la imagen m\u00e1s detallada de la colorida nebulosa Medusa - Coquimbo<\/title>\n<meta name=\"robots\" content=\"index, follow, max-snippet:-1, max-image-preview:large, max-video-preview:-1\" \/>\n<link rel=\"canonical\" href=\"https:\/\/explora.cl\/coquimbo\/telescopio-en-chile-capta-la-imagen-mas-detallada-de-la-colorida-nebulosa-medusa-3\/\" class=\"yoast-seo-meta-tag\" \/>\n<meta property=\"og:locale\" content=\"es_ES\" class=\"yoast-seo-meta-tag\" \/>\n<meta property=\"og:type\" content=\"article\" class=\"yoast-seo-meta-tag\" \/>\n<meta property=\"og:title\" content=\"Telescopio en Chile capta la imagen m\u00e1s detallada de la colorida nebulosa Medusa - Coquimbo\" class=\"yoast-seo-meta-tag\" \/>\n<meta property=\"og:description\" content=\"El Observatorio Europeo Austral (ESO) revel\u00f3 hoy la imagen m\u00e1s detallada tomada hasta el momento de la nebulosa Medusa, en la que las estrellas situadas en su coraz\u00f3n ya iniciaron &#8220;su transici\u00f3n a la jubilaci\u00f3n&#8221; arrojando sus capas externas al espacio y formando una colorida nube. La nueva imagen fue captada por un equipo de [&hellip;]\" class=\"yoast-seo-meta-tag\" \/>\n<meta property=\"og:url\" content=\"https:\/\/explora.cl\/coquimbo\/telescopio-en-chile-capta-la-imagen-mas-detallada-de-la-colorida-nebulosa-medusa-3\/\" class=\"yoast-seo-meta-tag\" \/>\n<meta property=\"og:site_name\" content=\"Coquimbo\" class=\"yoast-seo-meta-tag\" \/>\n<meta property=\"article:published_time\" content=\"2015-05-20T00:00:00+00:00\" class=\"yoast-seo-meta-tag\" \/>\n<meta property=\"article:modified_time\" content=\"2019-05-20T16:50:24+00:00\" class=\"yoast-seo-meta-tag\" \/>\n<meta property=\"og:image\" content=\"https:\/\/explora.cl\/coquimbo\/wp-content\/uploads\/sites\/6\/2018\/06\/4eeb67a0dfe87cb46b385aca5f00f9e9.jpg\" class=\"yoast-seo-meta-tag\" \/>\n\t<meta property=\"og:image:width\" content=\"600\" class=\"yoast-seo-meta-tag\" \/>\n\t<meta property=\"og:image:height\" content=\"400\" class=\"yoast-seo-meta-tag\" \/>\n\t<meta property=\"og:image:type\" content=\"image\/jpeg\" class=\"yoast-seo-meta-tag\" \/>\n<meta name=\"author\" content=\"webman\" class=\"yoast-seo-meta-tag\" \/>\n<meta name=\"twitter:card\" content=\"summary_large_image\" class=\"yoast-seo-meta-tag\" \/>\n<meta name=\"twitter:label1\" content=\"Escrito por\" class=\"yoast-seo-meta-tag\" \/>\n\t<meta name=\"twitter:data1\" content=\"webman\" class=\"yoast-seo-meta-tag\" \/>\n\t<meta name=\"twitter:label2\" content=\"Tiempo estimado de lectura\" class=\"yoast-seo-meta-tag\" \/>\n\t<meta name=\"twitter:data2\" content=\"2 minutos\" class=\"yoast-seo-meta-tag\" \/>\n<script type=\"application\/ld+json\" class=\"yoast-schema-graph\">{\"@context\":\"https:\/\/schema.org\",\"@graph\":[{\"@type\":\"Article\",\"@id\":\"https:\/\/explora.cl\/coquimbo\/telescopio-en-chile-capta-la-imagen-mas-detallada-de-la-colorida-nebulosa-medusa-3\/#article\",\"isPartOf\":{\"@id\":\"https:\/\/explora.cl\/coquimbo\/telescopio-en-chile-capta-la-imagen-mas-detallada-de-la-colorida-nebulosa-medusa-3\/\"},\"author\":{\"name\":\"webman\",\"@id\":\"https:\/\/explora.cl\/coquimbo\/#\/schema\/person\/cb8349c13ea2d324080adf8480d7ba5d\"},\"headline\":\"Telescopio en Chile capta la imagen m\u00e1s detallada de la colorida nebulosa Medusa\",\"datePublished\":\"2015-05-20T00:00:00+00:00\",\"dateModified\":\"2019-05-20T16:50:24+00:00\",\"mainEntityOfPage\":{\"@id\":\"https:\/\/explora.cl\/coquimbo\/telescopio-en-chile-capta-la-imagen-mas-detallada-de-la-colorida-nebulosa-medusa-3\/\"},\"wordCount\":389,\"commentCount\":0,\"publisher\":{\"@id\":\"https:\/\/explora.cl\/coquimbo\/#organization\"},\"image\":{\"@id\":\"https:\/\/explora.cl\/coquimbo\/telescopio-en-chile-capta-la-imagen-mas-detallada-de-la-colorida-nebulosa-medusa-3\/#primaryimage\"},\"thumbnailUrl\":\"https:\/\/explora.cl\/coquimbo\/wp-content\/uploads\/sites\/6\/2018\/06\/4eeb67a0dfe87cb46b385aca5f00f9e9.jpg\",\"articleSection\":[\"Noticias\"],\"inLanguage\":\"es-CL\",\"potentialAction\":[{\"@type\":\"CommentAction\",\"name\":\"Comment\",\"target\":[\"https:\/\/explora.cl\/coquimbo\/telescopio-en-chile-capta-la-imagen-mas-detallada-de-la-colorida-nebulosa-medusa-3\/#respond\"]}]},{\"@type\":\"WebPage\",\"@id\":\"https:\/\/explora.cl\/coquimbo\/telescopio-en-chile-capta-la-imagen-mas-detallada-de-la-colorida-nebulosa-medusa-3\/\",\"url\":\"https:\/\/explora.cl\/coquimbo\/telescopio-en-chile-capta-la-imagen-mas-detallada-de-la-colorida-nebulosa-medusa-3\/\",\"name\":\"Telescopio en Chile capta la imagen m\u00e1s detallada de la colorida nebulosa Medusa - Coquimbo\",\"isPartOf\":{\"@id\":\"https:\/\/explora.cl\/coquimbo\/#website\"},\"primaryImageOfPage\":{\"@id\":\"https:\/\/explora.cl\/coquimbo\/telescopio-en-chile-capta-la-imagen-mas-detallada-de-la-colorida-nebulosa-medusa-3\/#primaryimage\"},\"image\":{\"@id\":\"https:\/\/explora.cl\/coquimbo\/telescopio-en-chile-capta-la-imagen-mas-detallada-de-la-colorida-nebulosa-medusa-3\/#primaryimage\"},\"thumbnailUrl\":\"https:\/\/explora.cl\/coquimbo\/wp-content\/uploads\/sites\/6\/2018\/06\/4eeb67a0dfe87cb46b385aca5f00f9e9.jpg\",\"datePublished\":\"2015-05-20T00:00:00+00:00\",\"dateModified\":\"2019-05-20T16:50:24+00:00\",\"breadcrumb\":{\"@id\":\"https:\/\/explora.cl\/coquimbo\/telescopio-en-chile-capta-la-imagen-mas-detallada-de-la-colorida-nebulosa-medusa-3\/#breadcrumb\"},\"inLanguage\":\"es-CL\",\"potentialAction\":[{\"@type\":\"ReadAction\",\"target\":[\"https:\/\/explora.cl\/coquimbo\/telescopio-en-chile-capta-la-imagen-mas-detallada-de-la-colorida-nebulosa-medusa-3\/\"]}]},{\"@type\":\"ImageObject\",\"inLanguage\":\"es-CL\",\"@id\":\"https:\/\/explora.cl\/coquimbo\/telescopio-en-chile-capta-la-imagen-mas-detallada-de-la-colorida-nebulosa-medusa-3\/#primaryimage\",\"url\":\"https:\/\/explora.cl\/coquimbo\/wp-content\/uploads\/sites\/6\/2018\/06\/4eeb67a0dfe87cb46b385aca5f00f9e9.jpg\",\"contentUrl\":\"https:\/\/explora.cl\/coquimbo\/wp-content\/uploads\/sites\/6\/2018\/06\/4eeb67a0dfe87cb46b385aca5f00f9e9.jpg\",\"width\":600,\"height\":400},{\"@type\":\"BreadcrumbList\",\"@id\":\"https:\/\/explora.cl\/coquimbo\/telescopio-en-chile-capta-la-imagen-mas-detallada-de-la-colorida-nebulosa-medusa-3\/#breadcrumb\",\"itemListElement\":[{\"@type\":\"ListItem\",\"position\":1,\"name\":\"Portada\",\"item\":\"https:\/\/explora.cl\/coquimbo\/\"},{\"@type\":\"ListItem\",\"position\":2,\"name\":\"Telescopio en Chile capta la imagen m\u00e1s detallada de la colorida nebulosa Medusa\"}]},{\"@type\":\"WebSite\",\"@id\":\"https:\/\/explora.cl\/coquimbo\/#website\",\"url\":\"https:\/\/explora.cl\/coquimbo\/\",\"name\":\"Coquimbo\",\"description\":\"Otro sitio m\u00e1s de explora.cl\",\"publisher\":{\"@id\":\"https:\/\/explora.cl\/coquimbo\/#organization\"},\"potentialAction\":[{\"@type\":\"SearchAction\",\"target\":{\"@type\":\"EntryPoint\",\"urlTemplate\":\"https:\/\/explora.cl\/coquimbo\/?s={search_term_string}\"},\"query-input\":{\"@type\":\"PropertyValueSpecification\",\"valueRequired\":true,\"valueName\":\"search_term_string\"}}],\"inLanguage\":\"es-CL\"},{\"@type\":\"Organization\",\"@id\":\"https:\/\/explora.cl\/coquimbo\/#organization\",\"name\":\"Coquimbo\",\"url\":\"https:\/\/explora.cl\/coquimbo\/\",\"logo\":{\"@type\":\"ImageObject\",\"inLanguage\":\"es-CL\",\"@id\":\"https:\/\/explora.cl\/coquimbo\/#\/schema\/logo\/image\/\",\"url\":\"https:\/\/explora.cl\/coquimbo\/wp-content\/uploads\/sites\/6\/2020\/08\/cropped-Mesa-de-trabajo-1-100.jpg\",\"contentUrl\":\"https:\/\/explora.cl\/coquimbo\/wp-content\/uploads\/sites\/6\/2020\/08\/cropped-Mesa-de-trabajo-1-100.jpg\",\"width\":615,\"height\":576,\"caption\":\"Coquimbo\"},\"image\":{\"@id\":\"https:\/\/explora.cl\/coquimbo\/#\/schema\/logo\/image\/\"}},{\"@type\":\"Person\",\"@id\":\"https:\/\/explora.cl\/coquimbo\/#\/schema\/person\/cb8349c13ea2d324080adf8480d7ba5d\",\"name\":\"webman\",\"image\":{\"@type\":\"ImageObject\",\"inLanguage\":\"es-CL\",\"@id\":\"https:\/\/explora.cl\/coquimbo\/#\/schema\/person\/image\/\",\"url\":\"https:\/\/secure.gravatar.com\/avatar\/eeff3c82f2c02f7177d13663b7e6f890e9a6a0647ce9bb29cae02dcb094c7312?s=96&d=mm&r=g\",\"contentUrl\":\"https:\/\/secure.gravatar.com\/avatar\/eeff3c82f2c02f7177d13663b7e6f890e9a6a0647ce9bb29cae02dcb094c7312?s=96&d=mm&r=g\",\"caption\":\"webman\"},\"url\":\"https:\/\/explora.cl\/coquimbo\/author\/webman\/\"}]}<\/script>\n<!-- \/ Yoast SEO plugin. -->","yoast_head_json":{"title":"Telescopio en Chile capta la imagen m\u00e1s detallada de la colorida nebulosa Medusa - Coquimbo","robots":{"index":"index","follow":"follow","max-snippet":"max-snippet:-1","max-image-preview":"max-image-preview:large","max-video-preview":"max-video-preview:-1"},"canonical":"https:\/\/explora.cl\/coquimbo\/telescopio-en-chile-capta-la-imagen-mas-detallada-de-la-colorida-nebulosa-medusa-3\/","og_locale":"es_ES","og_type":"article","og_title":"Telescopio en Chile capta la imagen m\u00e1s detallada de la colorida nebulosa Medusa - Coquimbo","og_description":"El Observatorio Europeo Austral (ESO) revel\u00f3 hoy la imagen m\u00e1s detallada tomada hasta el momento de la nebulosa Medusa, en la que las estrellas situadas en su coraz\u00f3n ya iniciaron &#8220;su transici\u00f3n a la jubilaci\u00f3n&#8221; arrojando sus capas externas al espacio y formando una colorida nube. La nueva imagen fue captada por un equipo de [&hellip;]","og_url":"https:\/\/explora.cl\/coquimbo\/telescopio-en-chile-capta-la-imagen-mas-detallada-de-la-colorida-nebulosa-medusa-3\/","og_site_name":"Coquimbo","article_published_time":"2015-05-20T00:00:00+00:00","article_modified_time":"2019-05-20T16:50:24+00:00","og_image":[{"width":600,"height":400,"url":"https:\/\/explora.cl\/coquimbo\/wp-content\/uploads\/sites\/6\/2018\/06\/4eeb67a0dfe87cb46b385aca5f00f9e9.jpg","type":"image\/jpeg"}],"author":"webman","twitter_card":"summary_large_image","twitter_misc":{"Escrito por":"webman","Tiempo estimado de lectura":"2 minutos"},"schema":{"@context":"https:\/\/schema.org","@graph":[{"@type":"Article","@id":"https:\/\/explora.cl\/coquimbo\/telescopio-en-chile-capta-la-imagen-mas-detallada-de-la-colorida-nebulosa-medusa-3\/#article","isPartOf":{"@id":"https:\/\/explora.cl\/coquimbo\/telescopio-en-chile-capta-la-imagen-mas-detallada-de-la-colorida-nebulosa-medusa-3\/"},"author":{"name":"webman","@id":"https:\/\/explora.cl\/coquimbo\/#\/schema\/person\/cb8349c13ea2d324080adf8480d7ba5d"},"headline":"Telescopio en Chile capta la imagen m\u00e1s detallada de la colorida nebulosa Medusa","datePublished":"2015-05-20T00:00:00+00:00","dateModified":"2019-05-20T16:50:24+00:00","mainEntityOfPage":{"@id":"https:\/\/explora.cl\/coquimbo\/telescopio-en-chile-capta-la-imagen-mas-detallada-de-la-colorida-nebulosa-medusa-3\/"},"wordCount":389,"commentCount":0,"publisher":{"@id":"https:\/\/explora.cl\/coquimbo\/#organization"},"image":{"@id":"https:\/\/explora.cl\/coquimbo\/telescopio-en-chile-capta-la-imagen-mas-detallada-de-la-colorida-nebulosa-medusa-3\/#primaryimage"},"thumbnailUrl":"https:\/\/explora.cl\/coquimbo\/wp-content\/uploads\/sites\/6\/2018\/06\/4eeb67a0dfe87cb46b385aca5f00f9e9.jpg","articleSection":["Noticias"],"inLanguage":"es-CL","potentialAction":[{"@type":"CommentAction","name":"Comment","target":["https:\/\/explora.cl\/coquimbo\/telescopio-en-chile-capta-la-imagen-mas-detallada-de-la-colorida-nebulosa-medusa-3\/#respond"]}]},{"@type":"WebPage","@id":"https:\/\/explora.cl\/coquimbo\/telescopio-en-chile-capta-la-imagen-mas-detallada-de-la-colorida-nebulosa-medusa-3\/","url":"https:\/\/explora.cl\/coquimbo\/telescopio-en-chile-capta-la-imagen-mas-detallada-de-la-colorida-nebulosa-medusa-3\/","name":"Telescopio en Chile capta la imagen m\u00e1s detallada de la colorida nebulosa Medusa - Coquimbo","isPartOf":{"@id":"https:\/\/explora.cl\/coquimbo\/#website"},"primaryImageOfPage":{"@id":"https:\/\/explora.cl\/coquimbo\/telescopio-en-chile-capta-la-imagen-mas-detallada-de-la-colorida-nebulosa-medusa-3\/#primaryimage"},"image":{"@id":"https:\/\/explora.cl\/coquimbo\/telescopio-en-chile-capta-la-imagen-mas-detallada-de-la-colorida-nebulosa-medusa-3\/#primaryimage"},"thumbnailUrl":"https:\/\/explora.cl\/coquimbo\/wp-content\/uploads\/sites\/6\/2018\/06\/4eeb67a0dfe87cb46b385aca5f00f9e9.jpg","datePublished":"2015-05-20T00:00:00+00:00","dateModified":"2019-05-20T16:50:24+00:00","breadcrumb":{"@id":"https:\/\/explora.cl\/coquimbo\/telescopio-en-chile-capta-la-imagen-mas-detallada-de-la-colorida-nebulosa-medusa-3\/#breadcrumb"},"inLanguage":"es-CL","potentialAction":[{"@type":"ReadAction","target":["https:\/\/explora.cl\/coquimbo\/telescopio-en-chile-capta-la-imagen-mas-detallada-de-la-colorida-nebulosa-medusa-3\/"]}]},{"@type":"ImageObject","inLanguage":"es-CL","@id":"https:\/\/explora.cl\/coquimbo\/telescopio-en-chile-capta-la-imagen-mas-detallada-de-la-colorida-nebulosa-medusa-3\/#primaryimage","url":"https:\/\/explora.cl\/coquimbo\/wp-content\/uploads\/sites\/6\/2018\/06\/4eeb67a0dfe87cb46b385aca5f00f9e9.jpg","contentUrl":"https:\/\/explora.cl\/coquimbo\/wp-content\/uploads\/sites\/6\/2018\/06\/4eeb67a0dfe87cb46b385aca5f00f9e9.jpg","width":600,"height":400},{"@type":"BreadcrumbList","@id":"https:\/\/explora.cl\/coquimbo\/telescopio-en-chile-capta-la-imagen-mas-detallada-de-la-colorida-nebulosa-medusa-3\/#breadcrumb","itemListElement":[{"@type":"ListItem","position":1,"name":"Portada","item":"https:\/\/explora.cl\/coquimbo\/"},{"@type":"ListItem","position":2,"name":"Telescopio en Chile capta la imagen m\u00e1s detallada de la colorida nebulosa Medusa"}]},{"@type":"WebSite","@id":"https:\/\/explora.cl\/coquimbo\/#website","url":"https:\/\/explora.cl\/coquimbo\/","name":"Coquimbo","description":"Otro sitio m\u00e1s de explora.cl","publisher":{"@id":"https:\/\/explora.cl\/coquimbo\/#organization"},"potentialAction":[{"@type":"SearchAction","target":{"@type":"EntryPoint","urlTemplate":"https:\/\/explora.cl\/coquimbo\/?s={search_term_string}"},"query-input":{"@type":"PropertyValueSpecification","valueRequired":true,"valueName":"search_term_string"}}],"inLanguage":"es-CL"},{"@type":"Organization","@id":"https:\/\/explora.cl\/coquimbo\/#organization","name":"Coquimbo","url":"https:\/\/explora.cl\/coquimbo\/","logo":{"@type":"ImageObject","inLanguage":"es-CL","@id":"https:\/\/explora.cl\/coquimbo\/#\/schema\/logo\/image\/","url":"https:\/\/explora.cl\/coquimbo\/wp-content\/uploads\/sites\/6\/2020\/08\/cropped-Mesa-de-trabajo-1-100.jpg","contentUrl":"https:\/\/explora.cl\/coquimbo\/wp-content\/uploads\/sites\/6\/2020\/08\/cropped-Mesa-de-trabajo-1-100.jpg","width":615,"height":576,"caption":"Coquimbo"},"image":{"@id":"https:\/\/explora.cl\/coquimbo\/#\/schema\/logo\/image\/"}},{"@type":"Person","@id":"https:\/\/explora.cl\/coquimbo\/#\/schema\/person\/cb8349c13ea2d324080adf8480d7ba5d","name":"webman","image":{"@type":"ImageObject","inLanguage":"es-CL","@id":"https:\/\/explora.cl\/coquimbo\/#\/schema\/person\/image\/","url":"https:\/\/secure.gravatar.com\/avatar\/eeff3c82f2c02f7177d13663b7e6f890e9a6a0647ce9bb29cae02dcb094c7312?s=96&d=mm&r=g","contentUrl":"https:\/\/secure.gravatar.com\/avatar\/eeff3c82f2c02f7177d13663b7e6f890e9a6a0647ce9bb29cae02dcb094c7312?s=96&d=mm&r=g","caption":"webman"},"url":"https:\/\/explora.cl\/coquimbo\/author\/webman\/"}]}},"_links":{"self":[{"href":"https:\/\/explora.cl\/coquimbo\/wp-json\/wp\/v2\/posts\/32029","targetHints":{"allow":["GET"]}}],"collection":[{"href":"https:\/\/explora.cl\/coquimbo\/wp-json\/wp\/v2\/posts"}],"about":[{"href":"https:\/\/explora.cl\/coquimbo\/wp-json\/wp\/v2\/types\/post"}],"author":[{"embeddable":true,"href":"https:\/\/explora.cl\/coquimbo\/wp-json\/wp\/v2\/users\/2"}],"replies":[{"embeddable":true,"href":"https:\/\/explora.cl\/coquimbo\/wp-json\/wp\/v2\/comments?post=32029"}],"version-history":[{"count":1,"href":"https:\/\/explora.cl\/coquimbo\/wp-json\/wp\/v2\/posts\/32029\/revisions"}],"predecessor-version":[{"id":32964,"href":"https:\/\/explora.cl\/coquimbo\/wp-json\/wp\/v2\/posts\/32029\/revisions\/32964"}],"wp:featuredmedia":[{"embeddable":true,"href":"https:\/\/explora.cl\/coquimbo\/wp-json\/wp\/v2\/media\/32030"}],"wp:attachment":[{"href":"https:\/\/explora.cl\/coquimbo\/wp-json\/wp\/v2\/media?parent=32029"}],"wp:term":[{"taxonomy":"category","embeddable":true,"href":"https:\/\/explora.cl\/coquimbo\/wp-json\/wp\/v2\/categories?post=32029"},{"taxonomy":"post_tag","embeddable":true,"href":"https:\/\/explora.cl\/coquimbo\/wp-json\/wp\/v2\/tags?post=32029"}],"curies":[{"name":"wp","href":"https:\/\/api.w.org\/{rel}","templated":true}]}}