{"id":887,"date":"2015-10-06T00:00:00","date_gmt":"2015-10-06T04:00:00","guid":{"rendered":"https:\/\/explora.cl\/biobio\/blog\/2015\/10\/06\/comenzaron-las-charlas-de-1-000-cientificos-1-000-aulas\/"},"modified":"2019-05-20T18:32:02","modified_gmt":"2019-05-20T18:32:02","slug":"comenzaron-las-charlas-de-1-000-cientificos-1-000-aulas","status":"publish","type":"post","link":"https:\/\/explora.cl\/biobio\/comenzaron-las-charlas-de-1-000-cientificos-1-000-aulas\/","title":{"rendered":"Comenzaron las charlas de &quot;1.000 Cient\u00edficos, 1.000 Aulas&quot;"},"content":{"rendered":"<p><img fetchpriority=\"high\" decoding=\"async\" class=\" size-full wp-image-15437\" src=\"http:\/\/ec2-54-245-22-188.us-west-2.compute.amazonaws.com\/wp-content\/uploads\/2015\/10\/f036b1e85f5b076a75998b4827f1bb79.jpg\" alt=\"\" width=\"750\" height=\"560\" \/><\/p>\n<p><p style=\"margin: 0px 0px 22px;color: #3e3e3e;font-family: 'Gotham SSm A', 'Gotham SSm B', 'Gotham SSm', Gotham, 'Proxima Nova', 'Open Sans', 'Helvetica Neue', Helvetica, Arial, sans-serif;font-size: 12px;line-height: 22px\">Con la presencia del Dr. Carlos Saavedra, Director Cient\u00edfico del Centro de \u00d3ptica y Fot\u00f3nica de la Universidad de Concepci\u00f3n,&nbsp;comenz\u00f3&nbsp;la actividad &#8220;1.000 Cient\u00edficos, 1.000 Aulas&#8221;, enmarcada en la XXI Semana Nacional de la Ciencia y la Tecnolog\u00eda de EXPLORA.<\/p>\n<p style=\"margin: 22px 0px;color: #3e3e3e;font-family: 'Gotham SSm A', 'Gotham SSm B', 'Gotham SSm', Gotham, 'Proxima Nova', 'Open Sans', 'Helvetica Neue', Helvetica, Arial, sans-serif;font-size: 12px;line-height: 22px\">Ante un auditorio copado de estudiantes de Educaci\u00f3n Media del Instituto de Humanidades de Concepci\u00f3n,&nbsp;Carlos Saavedra inici\u00f3 su charla referida a las m\u00faltiples aplicaciones de la luz pasando por la fot\u00f3nica, la \u00f3ptica, la mec\u00e1nica y el medio ambiente.<\/p>\n<p style=\"margin: 22px 0px;color: #3e3e3e;font-family: 'Gotham SSm A', 'Gotham SSm B', 'Gotham SSm', Gotham, 'Proxima Nova', 'Open Sans', 'Helvetica Neue', Helvetica, Arial, sans-serif;font-size: 12px;line-height: 22px\">&#8220;La ciencia est\u00e1 ligada profundamente a las relaciones humanas y a la habilidad transformadora que nos permite avanzar.&nbsp;La ciencia no es algo lejano, se puede estudiar y todos tenemos las mismas oportunidades, s\u00f3lo va a depender de los intereses de cada uno. Pero si realmente les gusta el \u00e1rea de las ciencias deben ser excepcionalmente buenos lectores&#8221;, fueron las palabras de Carlos Saavedra dirigidas a los estudiantes al t\u00e9rmino de la jornada.&nbsp;<\/p>\n<p style=\"margin: 22px 0px;color: #3e3e3e;font-family: 'Gotham SSm A', 'Gotham SSm B', 'Gotham SSm', Gotham, 'Proxima Nova', 'Open Sans', 'Helvetica Neue', Helvetica, Arial, sans-serif;font-size: 12px;line-height: 22px\">Ariel Araneda, Jefe del Departamento de F\u00edsica y Matem\u00e1tica del Instituto Humanidades, coment\u00f3 &#8220;fue una exposici\u00f3n atingente con lo que &nbsp;se est\u00e1&nbsp;viendo en tercero y cuarto medio acerca de energ\u00eda nuclear,&nbsp;\u00e1tomo e investigaciones relacionadas con la luz. Que los acad\u00e9micos visiten a los establecimientos y sean capaces de conectar las investigaciones que ellos realizan con la realidad de los estudiantes, me parece excelente&#8221;.&nbsp;<\/p>\n<p style=\"margin: 22px 0px;color: #3e3e3e;font-family: 'Gotham SSm A', 'Gotham SSm B', 'Gotham SSm', Gotham, 'Proxima Nova', 'Open Sans', 'Helvetica Neue', Helvetica, Arial, sans-serif;font-size: 12px;line-height: 22px\">Por su parte,&nbsp;&nbsp;Juan Carlos Gacit\u00faa, Director del PAR EXPLORA B\u00edobio, coment\u00f3 a los asistentes estar muy contento de desarrollar este tipo de actividades &#8220;que los acad\u00e9micos compartan sus experiencias con los estudiantes permite aproximar las diversas \u00e1reas del conocimiento a trav\u00e9s de otra perspectiva&#8221;.&nbsp;<\/p>\n<p style=\"margin: 22px 0px;color: #3e3e3e;font-family: 'Gotham SSm A', 'Gotham SSm B', 'Gotham SSm', Gotham, 'Proxima Nova', 'Open Sans', 'Helvetica Neue', Helvetica, Arial, sans-serif;font-size: 12px;line-height: 22px\">Durante todo octubre, cient\u00edficos de diversas casas de estudio de la regi\u00f3n visitar\u00e1n establecimientos educacionales y ofrecer\u00e1n charlas a estudiantes tanto de ense\u00f1anza b\u00e1sica como de media.&nbsp;<\/p>\n<p id=\"yui_3_17_2_1_1444160487988_20666\" style=\"margin: 22px 0px 0px;color: #3e3e3e;font-family: 'Gotham SSm A', 'Gotham SSm B', 'Gotham SSm', Gotham, 'Proxima Nova', 'Open Sans', 'Helvetica Neue', Helvetica, Arial, sans-serif;font-size: 12px;line-height: 22px\">&#8220;1.000 Cient\u00edficos, 1.000 Aulas&#8221;&nbsp;se realiza a lo largo de todo el pa\u00eds y es una oportunidad para que los cient\u00edficos se acerque a la comunidad escolar. &nbsp;<\/p><\/p>\n","protected":false},"excerpt":{"rendered":"<p>Con la presencia del Dr. Carlos Saavedra, Director Cient\u00edfico del Centro de \u00d3ptica y Fot\u00f3nica de la Universidad de Concepci\u00f3n,&nbsp;comenz\u00f3&nbsp;la actividad &#8220;1.000 Cient\u00edficos, 1.000 Aulas&#8221;, enmarcada en la XXI Semana Nacional de la Ciencia y la Tecnolog\u00eda de EXPLORA. Ante un auditorio copado de estudiantes de Educaci\u00f3n Media del Instituto de Humanidades de Concepci\u00f3n,&nbsp;Carlos Saavedra [&hellip;]<\/p>\n","protected":false},"author":2,"featured_media":888,"comment_status":"open","ping_status":"open","sticky":false,"template":"","format":"standard","meta":{"_acf_changed":false,"_exactmetrics_skip_tracking":false,"_exactmetrics_sitenote_active":false,"_exactmetrics_sitenote_note":"","_exactmetrics_sitenote_category":0,"footnotes":"","_links_to":"","_links_to_target":""},"categories":[4],"tags":[19,157,114],"class_list":["post-887","post","type-post","status-publish","format-standard","has-post-thumbnail","hentry","category-noticias","tag-1000-cientificos-1000-aulas","tag-explora-biobio","tag-sncyt"],"acf":[],"yoast_head":"<!-- This site is optimized with the Yoast SEO plugin v26.9 - https:\/\/yoast.com\/product\/yoast-seo-wordpress\/ -->\n<title>Comenzaron las charlas de &quot;1.000 Cient\u00edficos, 1.000 Aulas&quot; - Biob\u00edo<\/title>\n<meta name=\"robots\" content=\"index, follow, max-snippet:-1, max-image-preview:large, max-video-preview:-1\" \/>\n<link rel=\"canonical\" href=\"https:\/\/explora.cl\/biobio\/comenzaron-las-charlas-de-1-000-cientificos-1-000-aulas\/\" class=\"yoast-seo-meta-tag\" \/>\n<meta property=\"og:locale\" content=\"es_ES\" class=\"yoast-seo-meta-tag\" \/>\n<meta property=\"og:type\" content=\"article\" class=\"yoast-seo-meta-tag\" \/>\n<meta property=\"og:title\" content=\"Comenzaron las charlas de &quot;1.000 Cient\u00edficos, 1.000 Aulas&quot; - Biob\u00edo\" class=\"yoast-seo-meta-tag\" \/>\n<meta property=\"og:description\" content=\"Con la presencia del Dr. Carlos Saavedra, Director Cient\u00edfico del Centro de \u00d3ptica y Fot\u00f3nica de la Universidad de Concepci\u00f3n,&nbsp;comenz\u00f3&nbsp;la actividad &#8220;1.000 Cient\u00edficos, 1.000 Aulas&#8221;, enmarcada en la XXI Semana Nacional de la Ciencia y la Tecnolog\u00eda de EXPLORA. Ante un auditorio copado de estudiantes de Educaci\u00f3n Media del Instituto de Humanidades de Concepci\u00f3n,&nbsp;Carlos Saavedra [&hellip;]\" class=\"yoast-seo-meta-tag\" \/>\n<meta property=\"og:url\" content=\"https:\/\/explora.cl\/biobio\/comenzaron-las-charlas-de-1-000-cientificos-1-000-aulas\/\" class=\"yoast-seo-meta-tag\" \/>\n<meta property=\"og:site_name\" content=\"Biob\u00edo\" class=\"yoast-seo-meta-tag\" \/>\n<meta property=\"article:published_time\" content=\"2015-10-06T04:00:00+00:00\" class=\"yoast-seo-meta-tag\" \/>\n<meta property=\"article:modified_time\" content=\"2019-05-20T18:32:02+00:00\" class=\"yoast-seo-meta-tag\" \/>\n<meta property=\"og:image\" content=\"https:\/\/explora.cl\/biobio\/wp-content\/uploads\/sites\/14\/2018\/06\/f036b1e85f5b076a75998b4827f1bb79.jpg\" class=\"yoast-seo-meta-tag\" \/>\n\t<meta property=\"og:image:width\" content=\"750\" class=\"yoast-seo-meta-tag\" \/>\n\t<meta property=\"og:image:height\" content=\"560\" class=\"yoast-seo-meta-tag\" \/>\n\t<meta property=\"og:image:type\" content=\"image\/jpeg\" class=\"yoast-seo-meta-tag\" \/>\n<meta name=\"author\" content=\"webman\" class=\"yoast-seo-meta-tag\" \/>\n<meta name=\"twitter:card\" content=\"summary_large_image\" class=\"yoast-seo-meta-tag\" \/>\n<meta name=\"twitter:label1\" content=\"Escrito por\" class=\"yoast-seo-meta-tag\" \/>\n\t<meta name=\"twitter:data1\" content=\"webman\" class=\"yoast-seo-meta-tag\" \/>\n\t<meta name=\"twitter:label2\" content=\"Tiempo estimado de lectura\" class=\"yoast-seo-meta-tag\" \/>\n\t<meta name=\"twitter:data2\" content=\"2 minutos\" class=\"yoast-seo-meta-tag\" \/>\n<script type=\"application\/ld+json\" class=\"yoast-schema-graph\">{\"@context\":\"https:\/\/schema.org\",\"@graph\":[{\"@type\":\"Article\",\"@id\":\"https:\/\/explora.cl\/biobio\/comenzaron-las-charlas-de-1-000-cientificos-1-000-aulas\/#article\",\"isPartOf\":{\"@id\":\"https:\/\/explora.cl\/biobio\/comenzaron-las-charlas-de-1-000-cientificos-1-000-aulas\/\"},\"author\":{\"name\":\"webman\",\"@id\":\"https:\/\/explora.cl\/biobio\/#\/schema\/person\/cb8349c13ea2d324080adf8480d7ba5d\"},\"headline\":\"Comenzaron las charlas de &quot;1.000 Cient\u00edficos, 1.000 Aulas&quot;\",\"datePublished\":\"2015-10-06T04:00:00+00:00\",\"dateModified\":\"2019-05-20T18:32:02+00:00\",\"mainEntityOfPage\":{\"@id\":\"https:\/\/explora.cl\/biobio\/comenzaron-las-charlas-de-1-000-cientificos-1-000-aulas\/\"},\"wordCount\":368,\"commentCount\":0,\"image\":{\"@id\":\"https:\/\/explora.cl\/biobio\/comenzaron-las-charlas-de-1-000-cientificos-1-000-aulas\/#primaryimage\"},\"thumbnailUrl\":\"https:\/\/explora.cl\/biobio\/wp-content\/uploads\/sites\/14\/2018\/06\/f036b1e85f5b076a75998b4827f1bb79.jpg\",\"keywords\":[\"1000 cient\u00edficos 1000 aulas\",\"EXPLORA Biob\u00edo\",\"sncyt\"],\"articleSection\":[\"Noticias\"],\"inLanguage\":\"es-CL\",\"potentialAction\":[{\"@type\":\"CommentAction\",\"name\":\"Comment\",\"target\":[\"https:\/\/explora.cl\/biobio\/comenzaron-las-charlas-de-1-000-cientificos-1-000-aulas\/#respond\"]}]},{\"@type\":\"WebPage\",\"@id\":\"https:\/\/explora.cl\/biobio\/comenzaron-las-charlas-de-1-000-cientificos-1-000-aulas\/\",\"url\":\"https:\/\/explora.cl\/biobio\/comenzaron-las-charlas-de-1-000-cientificos-1-000-aulas\/\",\"name\":\"Comenzaron las charlas de &quot;1.000 Cient\u00edficos, 1.000 Aulas&quot; - Biob\u00edo\",\"isPartOf\":{\"@id\":\"https:\/\/explora.cl\/biobio\/#website\"},\"primaryImageOfPage\":{\"@id\":\"https:\/\/explora.cl\/biobio\/comenzaron-las-charlas-de-1-000-cientificos-1-000-aulas\/#primaryimage\"},\"image\":{\"@id\":\"https:\/\/explora.cl\/biobio\/comenzaron-las-charlas-de-1-000-cientificos-1-000-aulas\/#primaryimage\"},\"thumbnailUrl\":\"https:\/\/explora.cl\/biobio\/wp-content\/uploads\/sites\/14\/2018\/06\/f036b1e85f5b076a75998b4827f1bb79.jpg\",\"datePublished\":\"2015-10-06T04:00:00+00:00\",\"dateModified\":\"2019-05-20T18:32:02+00:00\",\"author\":{\"@id\":\"https:\/\/explora.cl\/biobio\/#\/schema\/person\/cb8349c13ea2d324080adf8480d7ba5d\"},\"breadcrumb\":{\"@id\":\"https:\/\/explora.cl\/biobio\/comenzaron-las-charlas-de-1-000-cientificos-1-000-aulas\/#breadcrumb\"},\"inLanguage\":\"es-CL\",\"potentialAction\":[{\"@type\":\"ReadAction\",\"target\":[\"https:\/\/explora.cl\/biobio\/comenzaron-las-charlas-de-1-000-cientificos-1-000-aulas\/\"]}]},{\"@type\":\"ImageObject\",\"inLanguage\":\"es-CL\",\"@id\":\"https:\/\/explora.cl\/biobio\/comenzaron-las-charlas-de-1-000-cientificos-1-000-aulas\/#primaryimage\",\"url\":\"https:\/\/explora.cl\/biobio\/wp-content\/uploads\/sites\/14\/2018\/06\/f036b1e85f5b076a75998b4827f1bb79.jpg\",\"contentUrl\":\"https:\/\/explora.cl\/biobio\/wp-content\/uploads\/sites\/14\/2018\/06\/f036b1e85f5b076a75998b4827f1bb79.jpg\",\"width\":750,\"height\":560},{\"@type\":\"BreadcrumbList\",\"@id\":\"https:\/\/explora.cl\/biobio\/comenzaron-las-charlas-de-1-000-cientificos-1-000-aulas\/#breadcrumb\",\"itemListElement\":[{\"@type\":\"ListItem\",\"position\":1,\"name\":\"Portada\",\"item\":\"https:\/\/explora.cl\/biobio\/\"},{\"@type\":\"ListItem\",\"position\":2,\"name\":\"Comenzaron las charlas de &quot;1.000 Cient\u00edficos, 1.000 Aulas&quot;\"}]},{\"@type\":\"WebSite\",\"@id\":\"https:\/\/explora.cl\/biobio\/#website\",\"url\":\"https:\/\/explora.cl\/biobio\/\",\"name\":\"Biob\u00edo\",\"description\":\"Otro sitio m\u00e1s de explora.cl\",\"potentialAction\":[{\"@type\":\"SearchAction\",\"target\":{\"@type\":\"EntryPoint\",\"urlTemplate\":\"https:\/\/explora.cl\/biobio\/?s={search_term_string}\"},\"query-input\":{\"@type\":\"PropertyValueSpecification\",\"valueRequired\":true,\"valueName\":\"search_term_string\"}}],\"inLanguage\":\"es-CL\"},{\"@type\":\"Person\",\"@id\":\"https:\/\/explora.cl\/biobio\/#\/schema\/person\/cb8349c13ea2d324080adf8480d7ba5d\",\"name\":\"webman\",\"image\":{\"@type\":\"ImageObject\",\"inLanguage\":\"es-CL\",\"@id\":\"https:\/\/explora.cl\/biobio\/#\/schema\/person\/image\/\",\"url\":\"https:\/\/secure.gravatar.com\/avatar\/eeff3c82f2c02f7177d13663b7e6f890e9a6a0647ce9bb29cae02dcb094c7312?s=96&d=mm&r=g\",\"contentUrl\":\"https:\/\/secure.gravatar.com\/avatar\/eeff3c82f2c02f7177d13663b7e6f890e9a6a0647ce9bb29cae02dcb094c7312?s=96&d=mm&r=g\",\"caption\":\"webman\"},\"url\":\"https:\/\/explora.cl\/biobio\/author\/webman\/\"}]}<\/script>\n<!-- \/ Yoast SEO plugin. -->","yoast_head_json":{"title":"Comenzaron las charlas de &quot;1.000 Cient\u00edficos, 1.000 Aulas&quot; - Biob\u00edo","robots":{"index":"index","follow":"follow","max-snippet":"max-snippet:-1","max-image-preview":"max-image-preview:large","max-video-preview":"max-video-preview:-1"},"canonical":"https:\/\/explora.cl\/biobio\/comenzaron-las-charlas-de-1-000-cientificos-1-000-aulas\/","og_locale":"es_ES","og_type":"article","og_title":"Comenzaron las charlas de &quot;1.000 Cient\u00edficos, 1.000 Aulas&quot; - Biob\u00edo","og_description":"Con la presencia del Dr. Carlos Saavedra, Director Cient\u00edfico del Centro de \u00d3ptica y Fot\u00f3nica de la Universidad de Concepci\u00f3n,&nbsp;comenz\u00f3&nbsp;la actividad &#8220;1.000 Cient\u00edficos, 1.000 Aulas&#8221;, enmarcada en la XXI Semana Nacional de la Ciencia y la Tecnolog\u00eda de EXPLORA. Ante un auditorio copado de estudiantes de Educaci\u00f3n Media del Instituto de Humanidades de Concepci\u00f3n,&nbsp;Carlos Saavedra [&hellip;]","og_url":"https:\/\/explora.cl\/biobio\/comenzaron-las-charlas-de-1-000-cientificos-1-000-aulas\/","og_site_name":"Biob\u00edo","article_published_time":"2015-10-06T04:00:00+00:00","article_modified_time":"2019-05-20T18:32:02+00:00","og_image":[{"width":750,"height":560,"url":"https:\/\/explora.cl\/biobio\/wp-content\/uploads\/sites\/14\/2018\/06\/f036b1e85f5b076a75998b4827f1bb79.jpg","type":"image\/jpeg"}],"author":"webman","twitter_card":"summary_large_image","twitter_misc":{"Escrito por":"webman","Tiempo estimado de lectura":"2 minutos"},"schema":{"@context":"https:\/\/schema.org","@graph":[{"@type":"Article","@id":"https:\/\/explora.cl\/biobio\/comenzaron-las-charlas-de-1-000-cientificos-1-000-aulas\/#article","isPartOf":{"@id":"https:\/\/explora.cl\/biobio\/comenzaron-las-charlas-de-1-000-cientificos-1-000-aulas\/"},"author":{"name":"webman","@id":"https:\/\/explora.cl\/biobio\/#\/schema\/person\/cb8349c13ea2d324080adf8480d7ba5d"},"headline":"Comenzaron las charlas de &quot;1.000 Cient\u00edficos, 1.000 Aulas&quot;","datePublished":"2015-10-06T04:00:00+00:00","dateModified":"2019-05-20T18:32:02+00:00","mainEntityOfPage":{"@id":"https:\/\/explora.cl\/biobio\/comenzaron-las-charlas-de-1-000-cientificos-1-000-aulas\/"},"wordCount":368,"commentCount":0,"image":{"@id":"https:\/\/explora.cl\/biobio\/comenzaron-las-charlas-de-1-000-cientificos-1-000-aulas\/#primaryimage"},"thumbnailUrl":"https:\/\/explora.cl\/biobio\/wp-content\/uploads\/sites\/14\/2018\/06\/f036b1e85f5b076a75998b4827f1bb79.jpg","keywords":["1000 cient\u00edficos 1000 aulas","EXPLORA Biob\u00edo","sncyt"],"articleSection":["Noticias"],"inLanguage":"es-CL","potentialAction":[{"@type":"CommentAction","name":"Comment","target":["https:\/\/explora.cl\/biobio\/comenzaron-las-charlas-de-1-000-cientificos-1-000-aulas\/#respond"]}]},{"@type":"WebPage","@id":"https:\/\/explora.cl\/biobio\/comenzaron-las-charlas-de-1-000-cientificos-1-000-aulas\/","url":"https:\/\/explora.cl\/biobio\/comenzaron-las-charlas-de-1-000-cientificos-1-000-aulas\/","name":"Comenzaron las charlas de &quot;1.000 Cient\u00edficos, 1.000 Aulas&quot; - Biob\u00edo","isPartOf":{"@id":"https:\/\/explora.cl\/biobio\/#website"},"primaryImageOfPage":{"@id":"https:\/\/explora.cl\/biobio\/comenzaron-las-charlas-de-1-000-cientificos-1-000-aulas\/#primaryimage"},"image":{"@id":"https:\/\/explora.cl\/biobio\/comenzaron-las-charlas-de-1-000-cientificos-1-000-aulas\/#primaryimage"},"thumbnailUrl":"https:\/\/explora.cl\/biobio\/wp-content\/uploads\/sites\/14\/2018\/06\/f036b1e85f5b076a75998b4827f1bb79.jpg","datePublished":"2015-10-06T04:00:00+00:00","dateModified":"2019-05-20T18:32:02+00:00","author":{"@id":"https:\/\/explora.cl\/biobio\/#\/schema\/person\/cb8349c13ea2d324080adf8480d7ba5d"},"breadcrumb":{"@id":"https:\/\/explora.cl\/biobio\/comenzaron-las-charlas-de-1-000-cientificos-1-000-aulas\/#breadcrumb"},"inLanguage":"es-CL","potentialAction":[{"@type":"ReadAction","target":["https:\/\/explora.cl\/biobio\/comenzaron-las-charlas-de-1-000-cientificos-1-000-aulas\/"]}]},{"@type":"ImageObject","inLanguage":"es-CL","@id":"https:\/\/explora.cl\/biobio\/comenzaron-las-charlas-de-1-000-cientificos-1-000-aulas\/#primaryimage","url":"https:\/\/explora.cl\/biobio\/wp-content\/uploads\/sites\/14\/2018\/06\/f036b1e85f5b076a75998b4827f1bb79.jpg","contentUrl":"https:\/\/explora.cl\/biobio\/wp-content\/uploads\/sites\/14\/2018\/06\/f036b1e85f5b076a75998b4827f1bb79.jpg","width":750,"height":560},{"@type":"BreadcrumbList","@id":"https:\/\/explora.cl\/biobio\/comenzaron-las-charlas-de-1-000-cientificos-1-000-aulas\/#breadcrumb","itemListElement":[{"@type":"ListItem","position":1,"name":"Portada","item":"https:\/\/explora.cl\/biobio\/"},{"@type":"ListItem","position":2,"name":"Comenzaron las charlas de &quot;1.000 Cient\u00edficos, 1.000 Aulas&quot;"}]},{"@type":"WebSite","@id":"https:\/\/explora.cl\/biobio\/#website","url":"https:\/\/explora.cl\/biobio\/","name":"Biob\u00edo","description":"Otro sitio m\u00e1s de explora.cl","potentialAction":[{"@type":"SearchAction","target":{"@type":"EntryPoint","urlTemplate":"https:\/\/explora.cl\/biobio\/?s={search_term_string}"},"query-input":{"@type":"PropertyValueSpecification","valueRequired":true,"valueName":"search_term_string"}}],"inLanguage":"es-CL"},{"@type":"Person","@id":"https:\/\/explora.cl\/biobio\/#\/schema\/person\/cb8349c13ea2d324080adf8480d7ba5d","name":"webman","image":{"@type":"ImageObject","inLanguage":"es-CL","@id":"https:\/\/explora.cl\/biobio\/#\/schema\/person\/image\/","url":"https:\/\/secure.gravatar.com\/avatar\/eeff3c82f2c02f7177d13663b7e6f890e9a6a0647ce9bb29cae02dcb094c7312?s=96&d=mm&r=g","contentUrl":"https:\/\/secure.gravatar.com\/avatar\/eeff3c82f2c02f7177d13663b7e6f890e9a6a0647ce9bb29cae02dcb094c7312?s=96&d=mm&r=g","caption":"webman"},"url":"https:\/\/explora.cl\/biobio\/author\/webman\/"}]}},"_links":{"self":[{"href":"https:\/\/explora.cl\/biobio\/wp-json\/wp\/v2\/posts\/887","targetHints":{"allow":["GET"]}}],"collection":[{"href":"https:\/\/explora.cl\/biobio\/wp-json\/wp\/v2\/posts"}],"about":[{"href":"https:\/\/explora.cl\/biobio\/wp-json\/wp\/v2\/types\/post"}],"author":[{"embeddable":true,"href":"https:\/\/explora.cl\/biobio\/wp-json\/wp\/v2\/users\/2"}],"replies":[{"embeddable":true,"href":"https:\/\/explora.cl\/biobio\/wp-json\/wp\/v2\/comments?post=887"}],"version-history":[{"count":1,"href":"https:\/\/explora.cl\/biobio\/wp-json\/wp\/v2\/posts\/887\/revisions"}],"predecessor-version":[{"id":37824,"href":"https:\/\/explora.cl\/biobio\/wp-json\/wp\/v2\/posts\/887\/revisions\/37824"}],"wp:featuredmedia":[{"embeddable":true,"href":"https:\/\/explora.cl\/biobio\/wp-json\/wp\/v2\/media\/888"}],"wp:attachment":[{"href":"https:\/\/explora.cl\/biobio\/wp-json\/wp\/v2\/media?parent=887"}],"wp:term":[{"taxonomy":"category","embeddable":true,"href":"https:\/\/explora.cl\/biobio\/wp-json\/wp\/v2\/categories?post=887"},{"taxonomy":"post_tag","embeddable":true,"href":"https:\/\/explora.cl\/biobio\/wp-json\/wp\/v2\/tags?post=887"}],"curies":[{"name":"wp","href":"https:\/\/api.w.org\/{rel}","templated":true}]}}