{"id":871,"date":"2015-09-29T00:00:00","date_gmt":"2015-09-29T04:00:00","guid":{"rendered":"https:\/\/explora.cl\/biobio\/blog\/2015\/09\/29\/a-punto-de-partir-una-nueva-semana-nacional-de-la-ciencia-y-tecnologia\/"},"modified":"2019-05-20T18:32:08","modified_gmt":"2019-05-20T18:32:08","slug":"a-punto-de-partir-una-nueva-semana-nacional-de-la-ciencia-y-tecnologia","status":"publish","type":"post","link":"https:\/\/explora.cl\/biobio\/a-punto-de-partir-una-nueva-semana-nacional-de-la-ciencia-y-tecnologia\/","title":{"rendered":"A Punto De Partir Una Nueva Semana Nacional De La Ciencia Y Tecnolog\u00eda"},"content":{"rendered":"<p><img fetchpriority=\"high\" decoding=\"async\" class=\" size-full wp-image-15162\" src=\"http:\/\/ec2-54-245-22-188.us-west-2.compute.amazonaws.com\/wp-content\/uploads\/2015\/09\/f743d64e813e1d5009e690b31daf1224.jpg\" alt=\"\" width=\"348\" height=\"262\" \/><\/p>\n<p>Desde el s\u00e1bado 3 hasta el domingo 11 de octubre se llevar\u00e1 a cabo la XXI versi\u00f3n de la Semana Nacional de la Ciencia y Tecnolog\u00eda EXPLORA- CONICYT y el PAR EXPLORA Biob\u00edo est\u00e1 organizando un gran n\u00famero de actividades para celebrar a lo largo de toda la Regi\u00f3n.<\/p>\n<p>Juan Carlos Gacit\u00faa, Director del PAR EXPLORA Biob\u00edo resalt\u00f3 que &#8220;este a\u00f1o, se ha realizado un esfuerzo por descentralizar las actividades y llevarlas a m\u00e1s comunas. Nos hemos vinculado con organismos e instituciones que nos han ayudado a fortalecer este proyecto en distintas ciudades, lo que se traducir\u00e1&nbsp;en una Semana de la Ciencia que se celebrar\u00e1 a lo largo de las 4 provincias.&nbsp;Estamos m\u00e1s maduros, pero con muchas ganas de seguir creciendo&#8221;<\/p>\n<p>As\u00ed, el s\u00e1bado 3 de octubre parten las actividades con el &#8220;D\u00eda de la Ciencia en Familia&#8221;, que consistir\u00e1&nbsp;en abrir los laboratorios de la Universidad de Concepci\u00f3n tanto en el campus Chill\u00e1n, como en el de Los \u00c1ngeles, con el objetivo de que la comunidad en general pueda visitarlos y conocer m\u00e1s de cerca lo que se hace en cada uno de ellos. El domingo 4 se repite la actividad pero en el campus de Concepci\u00f3n.<\/p>\n<p>Otra de las actividades que se tienen planificadas es &#8220;1.000 cient\u00edficos, 1.000 aulas&#8221;, en la que acad\u00e9micos de diferentes casas de estudios van a establecimientos educacionales a dar charlas a estudiantes pertenecientes a diversas comunas de la Regi\u00f3n. Tambi\u00e9n se desarrollar\u00e1 el &#8220;D\u00eda de la Ciencia en mi Colegio&#8221;, en la que monitores &#8220;Voluntarios por la Ciencia&#8221;, llevar\u00e1n talleres a los liceos y escuelas relacionados con el Tema del A\u00f1o: la Luz.<\/p>\n<p>La semana se cerrar\u00e1 en el campus UDEC de Concepci\u00f3n, el domingo 11 de octubre con la &#8220;Fiesta de la Luz&#8221;, actividad organizada junto al Centro de \u00d3ptica y Fot\u00f3nica, CEFOP.<\/p>\n","protected":false},"excerpt":{"rendered":"<p>Desde el s\u00e1bado 3 hasta el domingo 11 de octubre se llevar\u00e1 a cabo la XXI versi\u00f3n de la Semana Nacional de la Ciencia y Tecnolog\u00eda EXPLORA- CONICYT y el PAR EXPLORA Biob\u00edo est\u00e1 organizando un gran n\u00famero de actividades para celebrar a lo largo de toda la Regi\u00f3n. Juan Carlos Gacit\u00faa, Director del PAR [&hellip;]<\/p>\n","protected":false},"author":2,"featured_media":872,"comment_status":"open","ping_status":"open","sticky":false,"template":"","format":"standard","meta":{"_acf_changed":false,"_exactmetrics_skip_tracking":false,"_exactmetrics_sitenote_active":false,"_exactmetrics_sitenote_note":"","_exactmetrics_sitenote_category":0,"footnotes":"","_links_to":"","_links_to_target":""},"categories":[4],"tags":[],"class_list":["post-871","post","type-post","status-publish","format-standard","has-post-thumbnail","hentry","category-noticias"],"acf":[],"yoast_head":"<!-- This site is optimized with the Yoast SEO plugin v26.9 - https:\/\/yoast.com\/product\/yoast-seo-wordpress\/ -->\n<title>A Punto De Partir Una Nueva Semana Nacional De La Ciencia Y Tecnolog\u00eda - Biob\u00edo<\/title>\n<meta name=\"robots\" content=\"index, follow, max-snippet:-1, max-image-preview:large, max-video-preview:-1\" \/>\n<link rel=\"canonical\" href=\"https:\/\/explora.cl\/biobio\/a-punto-de-partir-una-nueva-semana-nacional-de-la-ciencia-y-tecnologia\/\" class=\"yoast-seo-meta-tag\" \/>\n<meta property=\"og:locale\" content=\"es_ES\" class=\"yoast-seo-meta-tag\" \/>\n<meta property=\"og:type\" content=\"article\" class=\"yoast-seo-meta-tag\" \/>\n<meta property=\"og:title\" content=\"A Punto De Partir Una Nueva Semana Nacional De La Ciencia Y Tecnolog\u00eda - Biob\u00edo\" class=\"yoast-seo-meta-tag\" \/>\n<meta property=\"og:description\" content=\"Desde el s\u00e1bado 3 hasta el domingo 11 de octubre se llevar\u00e1 a cabo la XXI versi\u00f3n de la Semana Nacional de la Ciencia y Tecnolog\u00eda EXPLORA- CONICYT y el PAR EXPLORA Biob\u00edo est\u00e1 organizando un gran n\u00famero de actividades para celebrar a lo largo de toda la Regi\u00f3n. Juan Carlos Gacit\u00faa, Director del PAR [&hellip;]\" class=\"yoast-seo-meta-tag\" \/>\n<meta property=\"og:url\" content=\"https:\/\/explora.cl\/biobio\/a-punto-de-partir-una-nueva-semana-nacional-de-la-ciencia-y-tecnologia\/\" class=\"yoast-seo-meta-tag\" \/>\n<meta property=\"og:site_name\" content=\"Biob\u00edo\" class=\"yoast-seo-meta-tag\" \/>\n<meta property=\"article:published_time\" content=\"2015-09-29T04:00:00+00:00\" class=\"yoast-seo-meta-tag\" \/>\n<meta property=\"article:modified_time\" content=\"2019-05-20T18:32:08+00:00\" class=\"yoast-seo-meta-tag\" \/>\n<meta property=\"og:image\" content=\"https:\/\/explora.cl\/biobio\/wp-content\/uploads\/sites\/14\/2018\/06\/f743d64e813e1d5009e690b31daf1224.jpg\" class=\"yoast-seo-meta-tag\" \/>\n\t<meta property=\"og:image:width\" content=\"348\" class=\"yoast-seo-meta-tag\" \/>\n\t<meta property=\"og:image:height\" content=\"262\" class=\"yoast-seo-meta-tag\" \/>\n\t<meta property=\"og:image:type\" content=\"image\/jpeg\" class=\"yoast-seo-meta-tag\" \/>\n<meta name=\"author\" content=\"webman\" class=\"yoast-seo-meta-tag\" \/>\n<meta name=\"twitter:card\" content=\"summary_large_image\" class=\"yoast-seo-meta-tag\" \/>\n<meta name=\"twitter:label1\" content=\"Escrito por\" class=\"yoast-seo-meta-tag\" \/>\n\t<meta name=\"twitter:data1\" content=\"webman\" class=\"yoast-seo-meta-tag\" \/>\n\t<meta name=\"twitter:label2\" content=\"Tiempo estimado de lectura\" class=\"yoast-seo-meta-tag\" \/>\n\t<meta name=\"twitter:data2\" content=\"2 minutos\" class=\"yoast-seo-meta-tag\" \/>\n<script type=\"application\/ld+json\" class=\"yoast-schema-graph\">{\"@context\":\"https:\/\/schema.org\",\"@graph\":[{\"@type\":\"Article\",\"@id\":\"https:\/\/explora.cl\/biobio\/a-punto-de-partir-una-nueva-semana-nacional-de-la-ciencia-y-tecnologia\/#article\",\"isPartOf\":{\"@id\":\"https:\/\/explora.cl\/biobio\/a-punto-de-partir-una-nueva-semana-nacional-de-la-ciencia-y-tecnologia\/\"},\"author\":{\"name\":\"webman\",\"@id\":\"https:\/\/explora.cl\/biobio\/#\/schema\/person\/cb8349c13ea2d324080adf8480d7ba5d\"},\"headline\":\"A Punto De Partir Una Nueva Semana Nacional De La Ciencia Y Tecnolog\u00eda\",\"datePublished\":\"2015-09-29T04:00:00+00:00\",\"dateModified\":\"2019-05-20T18:32:08+00:00\",\"mainEntityOfPage\":{\"@id\":\"https:\/\/explora.cl\/biobio\/a-punto-de-partir-una-nueva-semana-nacional-de-la-ciencia-y-tecnologia\/\"},\"wordCount\":338,\"commentCount\":0,\"image\":{\"@id\":\"https:\/\/explora.cl\/biobio\/a-punto-de-partir-una-nueva-semana-nacional-de-la-ciencia-y-tecnologia\/#primaryimage\"},\"thumbnailUrl\":\"https:\/\/explora.cl\/biobio\/wp-content\/uploads\/sites\/14\/2018\/06\/f743d64e813e1d5009e690b31daf1224.jpg\",\"articleSection\":[\"Noticias\"],\"inLanguage\":\"es-CL\",\"potentialAction\":[{\"@type\":\"CommentAction\",\"name\":\"Comment\",\"target\":[\"https:\/\/explora.cl\/biobio\/a-punto-de-partir-una-nueva-semana-nacional-de-la-ciencia-y-tecnologia\/#respond\"]}]},{\"@type\":\"WebPage\",\"@id\":\"https:\/\/explora.cl\/biobio\/a-punto-de-partir-una-nueva-semana-nacional-de-la-ciencia-y-tecnologia\/\",\"url\":\"https:\/\/explora.cl\/biobio\/a-punto-de-partir-una-nueva-semana-nacional-de-la-ciencia-y-tecnologia\/\",\"name\":\"A Punto De Partir Una Nueva Semana Nacional De La Ciencia Y Tecnolog\u00eda - Biob\u00edo\",\"isPartOf\":{\"@id\":\"https:\/\/explora.cl\/biobio\/#website\"},\"primaryImageOfPage\":{\"@id\":\"https:\/\/explora.cl\/biobio\/a-punto-de-partir-una-nueva-semana-nacional-de-la-ciencia-y-tecnologia\/#primaryimage\"},\"image\":{\"@id\":\"https:\/\/explora.cl\/biobio\/a-punto-de-partir-una-nueva-semana-nacional-de-la-ciencia-y-tecnologia\/#primaryimage\"},\"thumbnailUrl\":\"https:\/\/explora.cl\/biobio\/wp-content\/uploads\/sites\/14\/2018\/06\/f743d64e813e1d5009e690b31daf1224.jpg\",\"datePublished\":\"2015-09-29T04:00:00+00:00\",\"dateModified\":\"2019-05-20T18:32:08+00:00\",\"author\":{\"@id\":\"https:\/\/explora.cl\/biobio\/#\/schema\/person\/cb8349c13ea2d324080adf8480d7ba5d\"},\"breadcrumb\":{\"@id\":\"https:\/\/explora.cl\/biobio\/a-punto-de-partir-una-nueva-semana-nacional-de-la-ciencia-y-tecnologia\/#breadcrumb\"},\"inLanguage\":\"es-CL\",\"potentialAction\":[{\"@type\":\"ReadAction\",\"target\":[\"https:\/\/explora.cl\/biobio\/a-punto-de-partir-una-nueva-semana-nacional-de-la-ciencia-y-tecnologia\/\"]}]},{\"@type\":\"ImageObject\",\"inLanguage\":\"es-CL\",\"@id\":\"https:\/\/explora.cl\/biobio\/a-punto-de-partir-una-nueva-semana-nacional-de-la-ciencia-y-tecnologia\/#primaryimage\",\"url\":\"https:\/\/explora.cl\/biobio\/wp-content\/uploads\/sites\/14\/2018\/06\/f743d64e813e1d5009e690b31daf1224.jpg\",\"contentUrl\":\"https:\/\/explora.cl\/biobio\/wp-content\/uploads\/sites\/14\/2018\/06\/f743d64e813e1d5009e690b31daf1224.jpg\",\"width\":348,\"height\":262},{\"@type\":\"BreadcrumbList\",\"@id\":\"https:\/\/explora.cl\/biobio\/a-punto-de-partir-una-nueva-semana-nacional-de-la-ciencia-y-tecnologia\/#breadcrumb\",\"itemListElement\":[{\"@type\":\"ListItem\",\"position\":1,\"name\":\"Portada\",\"item\":\"https:\/\/explora.cl\/biobio\/\"},{\"@type\":\"ListItem\",\"position\":2,\"name\":\"A Punto De Partir Una Nueva Semana Nacional De La Ciencia Y Tecnolog\u00eda\"}]},{\"@type\":\"WebSite\",\"@id\":\"https:\/\/explora.cl\/biobio\/#website\",\"url\":\"https:\/\/explora.cl\/biobio\/\",\"name\":\"Biob\u00edo\",\"description\":\"Otro sitio m\u00e1s de explora.cl\",\"potentialAction\":[{\"@type\":\"SearchAction\",\"target\":{\"@type\":\"EntryPoint\",\"urlTemplate\":\"https:\/\/explora.cl\/biobio\/?s={search_term_string}\"},\"query-input\":{\"@type\":\"PropertyValueSpecification\",\"valueRequired\":true,\"valueName\":\"search_term_string\"}}],\"inLanguage\":\"es-CL\"},{\"@type\":\"Person\",\"@id\":\"https:\/\/explora.cl\/biobio\/#\/schema\/person\/cb8349c13ea2d324080adf8480d7ba5d\",\"name\":\"webman\",\"image\":{\"@type\":\"ImageObject\",\"inLanguage\":\"es-CL\",\"@id\":\"https:\/\/explora.cl\/biobio\/#\/schema\/person\/image\/\",\"url\":\"https:\/\/secure.gravatar.com\/avatar\/eeff3c82f2c02f7177d13663b7e6f890e9a6a0647ce9bb29cae02dcb094c7312?s=96&d=mm&r=g\",\"contentUrl\":\"https:\/\/secure.gravatar.com\/avatar\/eeff3c82f2c02f7177d13663b7e6f890e9a6a0647ce9bb29cae02dcb094c7312?s=96&d=mm&r=g\",\"caption\":\"webman\"},\"url\":\"https:\/\/explora.cl\/biobio\/author\/webman\/\"}]}<\/script>\n<!-- \/ Yoast SEO plugin. -->","yoast_head_json":{"title":"A Punto De Partir Una Nueva Semana Nacional De La Ciencia Y Tecnolog\u00eda - Biob\u00edo","robots":{"index":"index","follow":"follow","max-snippet":"max-snippet:-1","max-image-preview":"max-image-preview:large","max-video-preview":"max-video-preview:-1"},"canonical":"https:\/\/explora.cl\/biobio\/a-punto-de-partir-una-nueva-semana-nacional-de-la-ciencia-y-tecnologia\/","og_locale":"es_ES","og_type":"article","og_title":"A Punto De Partir Una Nueva Semana Nacional De La Ciencia Y Tecnolog\u00eda - Biob\u00edo","og_description":"Desde el s\u00e1bado 3 hasta el domingo 11 de octubre se llevar\u00e1 a cabo la XXI versi\u00f3n de la Semana Nacional de la Ciencia y Tecnolog\u00eda EXPLORA- CONICYT y el PAR EXPLORA Biob\u00edo est\u00e1 organizando un gran n\u00famero de actividades para celebrar a lo largo de toda la Regi\u00f3n. Juan Carlos Gacit\u00faa, Director del PAR [&hellip;]","og_url":"https:\/\/explora.cl\/biobio\/a-punto-de-partir-una-nueva-semana-nacional-de-la-ciencia-y-tecnologia\/","og_site_name":"Biob\u00edo","article_published_time":"2015-09-29T04:00:00+00:00","article_modified_time":"2019-05-20T18:32:08+00:00","og_image":[{"width":348,"height":262,"url":"https:\/\/explora.cl\/biobio\/wp-content\/uploads\/sites\/14\/2018\/06\/f743d64e813e1d5009e690b31daf1224.jpg","type":"image\/jpeg"}],"author":"webman","twitter_card":"summary_large_image","twitter_misc":{"Escrito por":"webman","Tiempo estimado de lectura":"2 minutos"},"schema":{"@context":"https:\/\/schema.org","@graph":[{"@type":"Article","@id":"https:\/\/explora.cl\/biobio\/a-punto-de-partir-una-nueva-semana-nacional-de-la-ciencia-y-tecnologia\/#article","isPartOf":{"@id":"https:\/\/explora.cl\/biobio\/a-punto-de-partir-una-nueva-semana-nacional-de-la-ciencia-y-tecnologia\/"},"author":{"name":"webman","@id":"https:\/\/explora.cl\/biobio\/#\/schema\/person\/cb8349c13ea2d324080adf8480d7ba5d"},"headline":"A Punto De Partir Una Nueva Semana Nacional De La Ciencia Y Tecnolog\u00eda","datePublished":"2015-09-29T04:00:00+00:00","dateModified":"2019-05-20T18:32:08+00:00","mainEntityOfPage":{"@id":"https:\/\/explora.cl\/biobio\/a-punto-de-partir-una-nueva-semana-nacional-de-la-ciencia-y-tecnologia\/"},"wordCount":338,"commentCount":0,"image":{"@id":"https:\/\/explora.cl\/biobio\/a-punto-de-partir-una-nueva-semana-nacional-de-la-ciencia-y-tecnologia\/#primaryimage"},"thumbnailUrl":"https:\/\/explora.cl\/biobio\/wp-content\/uploads\/sites\/14\/2018\/06\/f743d64e813e1d5009e690b31daf1224.jpg","articleSection":["Noticias"],"inLanguage":"es-CL","potentialAction":[{"@type":"CommentAction","name":"Comment","target":["https:\/\/explora.cl\/biobio\/a-punto-de-partir-una-nueva-semana-nacional-de-la-ciencia-y-tecnologia\/#respond"]}]},{"@type":"WebPage","@id":"https:\/\/explora.cl\/biobio\/a-punto-de-partir-una-nueva-semana-nacional-de-la-ciencia-y-tecnologia\/","url":"https:\/\/explora.cl\/biobio\/a-punto-de-partir-una-nueva-semana-nacional-de-la-ciencia-y-tecnologia\/","name":"A Punto De Partir Una Nueva Semana Nacional De La Ciencia Y Tecnolog\u00eda - Biob\u00edo","isPartOf":{"@id":"https:\/\/explora.cl\/biobio\/#website"},"primaryImageOfPage":{"@id":"https:\/\/explora.cl\/biobio\/a-punto-de-partir-una-nueva-semana-nacional-de-la-ciencia-y-tecnologia\/#primaryimage"},"image":{"@id":"https:\/\/explora.cl\/biobio\/a-punto-de-partir-una-nueva-semana-nacional-de-la-ciencia-y-tecnologia\/#primaryimage"},"thumbnailUrl":"https:\/\/explora.cl\/biobio\/wp-content\/uploads\/sites\/14\/2018\/06\/f743d64e813e1d5009e690b31daf1224.jpg","datePublished":"2015-09-29T04:00:00+00:00","dateModified":"2019-05-20T18:32:08+00:00","author":{"@id":"https:\/\/explora.cl\/biobio\/#\/schema\/person\/cb8349c13ea2d324080adf8480d7ba5d"},"breadcrumb":{"@id":"https:\/\/explora.cl\/biobio\/a-punto-de-partir-una-nueva-semana-nacional-de-la-ciencia-y-tecnologia\/#breadcrumb"},"inLanguage":"es-CL","potentialAction":[{"@type":"ReadAction","target":["https:\/\/explora.cl\/biobio\/a-punto-de-partir-una-nueva-semana-nacional-de-la-ciencia-y-tecnologia\/"]}]},{"@type":"ImageObject","inLanguage":"es-CL","@id":"https:\/\/explora.cl\/biobio\/a-punto-de-partir-una-nueva-semana-nacional-de-la-ciencia-y-tecnologia\/#primaryimage","url":"https:\/\/explora.cl\/biobio\/wp-content\/uploads\/sites\/14\/2018\/06\/f743d64e813e1d5009e690b31daf1224.jpg","contentUrl":"https:\/\/explora.cl\/biobio\/wp-content\/uploads\/sites\/14\/2018\/06\/f743d64e813e1d5009e690b31daf1224.jpg","width":348,"height":262},{"@type":"BreadcrumbList","@id":"https:\/\/explora.cl\/biobio\/a-punto-de-partir-una-nueva-semana-nacional-de-la-ciencia-y-tecnologia\/#breadcrumb","itemListElement":[{"@type":"ListItem","position":1,"name":"Portada","item":"https:\/\/explora.cl\/biobio\/"},{"@type":"ListItem","position":2,"name":"A Punto De Partir Una Nueva Semana Nacional De La Ciencia Y Tecnolog\u00eda"}]},{"@type":"WebSite","@id":"https:\/\/explora.cl\/biobio\/#website","url":"https:\/\/explora.cl\/biobio\/","name":"Biob\u00edo","description":"Otro sitio m\u00e1s de explora.cl","potentialAction":[{"@type":"SearchAction","target":{"@type":"EntryPoint","urlTemplate":"https:\/\/explora.cl\/biobio\/?s={search_term_string}"},"query-input":{"@type":"PropertyValueSpecification","valueRequired":true,"valueName":"search_term_string"}}],"inLanguage":"es-CL"},{"@type":"Person","@id":"https:\/\/explora.cl\/biobio\/#\/schema\/person\/cb8349c13ea2d324080adf8480d7ba5d","name":"webman","image":{"@type":"ImageObject","inLanguage":"es-CL","@id":"https:\/\/explora.cl\/biobio\/#\/schema\/person\/image\/","url":"https:\/\/secure.gravatar.com\/avatar\/eeff3c82f2c02f7177d13663b7e6f890e9a6a0647ce9bb29cae02dcb094c7312?s=96&d=mm&r=g","contentUrl":"https:\/\/secure.gravatar.com\/avatar\/eeff3c82f2c02f7177d13663b7e6f890e9a6a0647ce9bb29cae02dcb094c7312?s=96&d=mm&r=g","caption":"webman"},"url":"https:\/\/explora.cl\/biobio\/author\/webman\/"}]}},"_links":{"self":[{"href":"https:\/\/explora.cl\/biobio\/wp-json\/wp\/v2\/posts\/871","targetHints":{"allow":["GET"]}}],"collection":[{"href":"https:\/\/explora.cl\/biobio\/wp-json\/wp\/v2\/posts"}],"about":[{"href":"https:\/\/explora.cl\/biobio\/wp-json\/wp\/v2\/types\/post"}],"author":[{"embeddable":true,"href":"https:\/\/explora.cl\/biobio\/wp-json\/wp\/v2\/users\/2"}],"replies":[{"embeddable":true,"href":"https:\/\/explora.cl\/biobio\/wp-json\/wp\/v2\/comments?post=871"}],"version-history":[{"count":1,"href":"https:\/\/explora.cl\/biobio\/wp-json\/wp\/v2\/posts\/871\/revisions"}],"predecessor-version":[{"id":37833,"href":"https:\/\/explora.cl\/biobio\/wp-json\/wp\/v2\/posts\/871\/revisions\/37833"}],"wp:featuredmedia":[{"embeddable":true,"href":"https:\/\/explora.cl\/biobio\/wp-json\/wp\/v2\/media\/872"}],"wp:attachment":[{"href":"https:\/\/explora.cl\/biobio\/wp-json\/wp\/v2\/media?parent=871"}],"wp:term":[{"taxonomy":"category","embeddable":true,"href":"https:\/\/explora.cl\/biobio\/wp-json\/wp\/v2\/categories?post=871"},{"taxonomy":"post_tag","embeddable":true,"href":"https:\/\/explora.cl\/biobio\/wp-json\/wp\/v2\/tags?post=871"}],"curies":[{"name":"wp","href":"https:\/\/api.w.org\/{rel}","templated":true}]}}