{"id":865,"date":"2015-09-26T00:00:00","date_gmt":"2015-09-26T04:00:00","guid":{"rendered":"https:\/\/explora.cl\/biobio\/blog\/2015\/09\/26\/estudiantes-de-arauco-los-alamos-lebu-y-curanilahue-participaron-del-congreso-escolar-de-ciencia-y-tecnologia-de-la-provincia-de-arauco\/"},"modified":"2019-05-20T18:32:09","modified_gmt":"2019-05-20T18:32:09","slug":"estudiantes-de-arauco-los-alamos-lebu-y-curanilahue-participaron-del-congreso-escolar-de-ciencia-y-tecnologia-de-la-provincia-de-arauco","status":"publish","type":"post","link":"https:\/\/explora.cl\/biobio\/estudiantes-de-arauco-los-alamos-lebu-y-curanilahue-participaron-del-congreso-escolar-de-ciencia-y-tecnologia-de-la-provincia-de-arauco\/","title":{"rendered":"Estudiantes De Arauco, Los \u00c1lamos, Lebu Y Curanilahue Participaron Del Congreso Escolar De Ciencia Y Tecnolog\u00eda De La Provincia De Arauco"},"content":{"rendered":"<p><img fetchpriority=\"high\" decoding=\"async\" class=\" size-full wp-image-15107\" src=\"http:\/\/ec2-54-245-22-188.us-west-2.compute.amazonaws.com\/wp-content\/uploads\/2015\/09\/2b038789335c5f97f690e37793701a9e.jpg\" alt=\"\" width=\"750\" height=\"560\" \/><\/p>\n<p>Doce equipos provenientes de las comunas de Arauco, Los \u00c1lamos, Lebu y Curanilahue participaron del Congreso Escolar de Ciencia y Tecnolog\u00eda de la Provincia de Arauco, organizado por el Proyecto Asociativo Regional EXPLORA Biob\u00edo.<\/p>\n<p>La instancia desarrollada el viernes 25 de septiembre, en el Liceo Mariano Latorre de la comuna de Curanilhue,&nbsp;permiti\u00f3 que los estudiantes expusieran interesantes proyectos de investigaci\u00f3n en diversas \u00e1reas de las ciencias y prototipos tecnol\u00f3gicos.<\/p>\n<p>La jornada comenz\u00f3 con el saludo de Juan Carlos Gacit\u00faa, Director del PAR EXPLORA Biob\u00edo, quien expuso &#8220;me parece muy interesante que los proyectos de hoy est\u00e9n vinculados a la realidad local. Ver que los estudiantes est\u00e1n presentes y con mucha energ\u00eda, nos mantiene muy contentos. Por otra parte, sentimos que es importante recalcar el trabajo que realizan, d\u00eda a d\u00eda, los profesores en sus establecimientos, sin el entusiasmo de ellos ser\u00eda muy dif\u00edcil llevar a cabo estas actividades&#8221;.<\/p>\n<p>Gonzalo Araneda, Director del DAEM, coment\u00f3 &#8220;hoy estamos dando movimiento a la ciencia y la tecnolog\u00eda en Curanilahue, sin duda, unos de los lineamientos que tenemos como comuna. Esperamos que esta actividad se siga desarrollando y que sea una instancia de intercambio de experiencias y conocimientos en pos de la ciencia&#8221;.<\/p>\n<p>Durante la ma\u00f1ana,&nbsp;los asistentes se deleitaron con una espl\u00e9ndida presentaci\u00f3n de la Orquesta Sinf\u00f3nica Juvenil de Curanilahue, cuarta generaci\u00f3n, quienes presentaron dos piezas musicales. M\u00e1s tarde, el Dr.&nbsp;Claudio Jim\u00e9nez de la Facultad de Ciencias Qu\u00edmicas de la &nbsp;Universidad de Concepci\u00f3n,&nbsp;realiz\u00f3 una conferencia acerca de la nanotecnolog\u00eda y sus avances.<\/p>\n<p>&nbsp;&#8220;Propiedades nutritivas de la doca&#8221;, &nbsp;&#8220;Grandes beneficios de un peque\u00f1o fruto&#8221;, &#8220;Reciclaje de aceites para la producci\u00f3n de combustibles&#8221; fueron algunos de los 12 proyectos presentados al p\u00fablico y al comit\u00e9 evaluador compuesto por cuatro acad\u00e9micos de la Regi\u00f3n.&nbsp;<\/p>\n<p>Para finalizar, se dieron a conocer los cinco proyectos seleccionados para participar en el Congreso Regional, que se realizar\u00e1 el 19 y 20 de octubre en las dependencias del Centro Interactivo de Ciencias, Artes y Tecnolog\u00edas, CICAT, de la Universidad de Concepci\u00f3n.&nbsp;<\/p>\n","protected":false},"excerpt":{"rendered":"<p>Doce equipos provenientes de las comunas de Arauco, Los \u00c1lamos, Lebu y Curanilahue participaron del Congreso Escolar de Ciencia y Tecnolog\u00eda de la Provincia de Arauco, organizado por el Proyecto Asociativo Regional EXPLORA Biob\u00edo. La instancia desarrollada el viernes 25 de septiembre, en el Liceo Mariano Latorre de la comuna de Curanilhue,&nbsp;permiti\u00f3 que los estudiantes [&hellip;]<\/p>\n","protected":false},"author":2,"featured_media":866,"comment_status":"open","ping_status":"open","sticky":false,"template":"","format":"standard","meta":{"_acf_changed":false,"_exactmetrics_skip_tracking":false,"_exactmetrics_sitenote_active":false,"_exactmetrics_sitenote_note":"","_exactmetrics_sitenote_category":0,"footnotes":"","_links_to":"","_links_to_target":""},"categories":[4],"tags":[],"class_list":["post-865","post","type-post","status-publish","format-standard","has-post-thumbnail","hentry","category-noticias"],"acf":[],"yoast_head":"<!-- This site is optimized with the Yoast SEO plugin v26.9 - https:\/\/yoast.com\/product\/yoast-seo-wordpress\/ -->\n<title>Estudiantes De Arauco, Los \u00c1lamos, Lebu Y Curanilahue Participaron Del Congreso Escolar De Ciencia Y Tecnolog\u00eda De La Provincia De Arauco - Biob\u00edo<\/title>\n<meta name=\"robots\" content=\"index, follow, max-snippet:-1, max-image-preview:large, max-video-preview:-1\" \/>\n<link rel=\"canonical\" href=\"https:\/\/explora.cl\/biobio\/estudiantes-de-arauco-los-alamos-lebu-y-curanilahue-participaron-del-congreso-escolar-de-ciencia-y-tecnologia-de-la-provincia-de-arauco\/\" class=\"yoast-seo-meta-tag\" \/>\n<meta property=\"og:locale\" content=\"es_ES\" class=\"yoast-seo-meta-tag\" \/>\n<meta property=\"og:type\" content=\"article\" class=\"yoast-seo-meta-tag\" \/>\n<meta property=\"og:title\" content=\"Estudiantes De Arauco, Los \u00c1lamos, Lebu Y Curanilahue Participaron Del Congreso Escolar De Ciencia Y Tecnolog\u00eda De La Provincia De Arauco - Biob\u00edo\" class=\"yoast-seo-meta-tag\" \/>\n<meta property=\"og:description\" content=\"Doce equipos provenientes de las comunas de Arauco, Los \u00c1lamos, Lebu y Curanilahue participaron del Congreso Escolar de Ciencia y Tecnolog\u00eda de la Provincia de Arauco, organizado por el Proyecto Asociativo Regional EXPLORA Biob\u00edo. La instancia desarrollada el viernes 25 de septiembre, en el Liceo Mariano Latorre de la comuna de Curanilhue,&nbsp;permiti\u00f3 que los estudiantes [&hellip;]\" class=\"yoast-seo-meta-tag\" \/>\n<meta property=\"og:url\" content=\"https:\/\/explora.cl\/biobio\/estudiantes-de-arauco-los-alamos-lebu-y-curanilahue-participaron-del-congreso-escolar-de-ciencia-y-tecnologia-de-la-provincia-de-arauco\/\" class=\"yoast-seo-meta-tag\" \/>\n<meta property=\"og:site_name\" content=\"Biob\u00edo\" class=\"yoast-seo-meta-tag\" \/>\n<meta property=\"article:published_time\" content=\"2015-09-26T04:00:00+00:00\" class=\"yoast-seo-meta-tag\" \/>\n<meta property=\"article:modified_time\" content=\"2019-05-20T18:32:09+00:00\" class=\"yoast-seo-meta-tag\" \/>\n<meta property=\"og:image\" content=\"https:\/\/explora.cl\/biobio\/wp-content\/uploads\/sites\/14\/2018\/06\/2b038789335c5f97f690e37793701a9e.jpg\" class=\"yoast-seo-meta-tag\" \/>\n\t<meta property=\"og:image:width\" content=\"750\" class=\"yoast-seo-meta-tag\" \/>\n\t<meta property=\"og:image:height\" content=\"560\" class=\"yoast-seo-meta-tag\" \/>\n\t<meta property=\"og:image:type\" content=\"image\/jpeg\" class=\"yoast-seo-meta-tag\" \/>\n<meta name=\"author\" content=\"webman\" class=\"yoast-seo-meta-tag\" \/>\n<meta name=\"twitter:card\" content=\"summary_large_image\" class=\"yoast-seo-meta-tag\" \/>\n<meta name=\"twitter:label1\" content=\"Escrito por\" class=\"yoast-seo-meta-tag\" \/>\n\t<meta name=\"twitter:data1\" content=\"webman\" class=\"yoast-seo-meta-tag\" \/>\n\t<meta name=\"twitter:label2\" content=\"Tiempo estimado de lectura\" class=\"yoast-seo-meta-tag\" \/>\n\t<meta name=\"twitter:data2\" content=\"2 minutos\" class=\"yoast-seo-meta-tag\" \/>\n<script type=\"application\/ld+json\" class=\"yoast-schema-graph\">{\"@context\":\"https:\/\/schema.org\",\"@graph\":[{\"@type\":\"Article\",\"@id\":\"https:\/\/explora.cl\/biobio\/estudiantes-de-arauco-los-alamos-lebu-y-curanilahue-participaron-del-congreso-escolar-de-ciencia-y-tecnologia-de-la-provincia-de-arauco\/#article\",\"isPartOf\":{\"@id\":\"https:\/\/explora.cl\/biobio\/estudiantes-de-arauco-los-alamos-lebu-y-curanilahue-participaron-del-congreso-escolar-de-ciencia-y-tecnologia-de-la-provincia-de-arauco\/\"},\"author\":{\"name\":\"webman\",\"@id\":\"https:\/\/explora.cl\/biobio\/#\/schema\/person\/cb8349c13ea2d324080adf8480d7ba5d\"},\"headline\":\"Estudiantes De Arauco, Los \u00c1lamos, Lebu Y Curanilahue Participaron Del Congreso Escolar De Ciencia Y Tecnolog\u00eda De La Provincia De Arauco\",\"datePublished\":\"2015-09-26T04:00:00+00:00\",\"dateModified\":\"2019-05-20T18:32:09+00:00\",\"mainEntityOfPage\":{\"@id\":\"https:\/\/explora.cl\/biobio\/estudiantes-de-arauco-los-alamos-lebu-y-curanilahue-participaron-del-congreso-escolar-de-ciencia-y-tecnologia-de-la-provincia-de-arauco\/\"},\"wordCount\":391,\"commentCount\":0,\"image\":{\"@id\":\"https:\/\/explora.cl\/biobio\/estudiantes-de-arauco-los-alamos-lebu-y-curanilahue-participaron-del-congreso-escolar-de-ciencia-y-tecnologia-de-la-provincia-de-arauco\/#primaryimage\"},\"thumbnailUrl\":\"https:\/\/explora.cl\/biobio\/wp-content\/uploads\/sites\/14\/2018\/06\/2b038789335c5f97f690e37793701a9e.jpg\",\"articleSection\":[\"Noticias\"],\"inLanguage\":\"es-CL\",\"potentialAction\":[{\"@type\":\"CommentAction\",\"name\":\"Comment\",\"target\":[\"https:\/\/explora.cl\/biobio\/estudiantes-de-arauco-los-alamos-lebu-y-curanilahue-participaron-del-congreso-escolar-de-ciencia-y-tecnologia-de-la-provincia-de-arauco\/#respond\"]}]},{\"@type\":\"WebPage\",\"@id\":\"https:\/\/explora.cl\/biobio\/estudiantes-de-arauco-los-alamos-lebu-y-curanilahue-participaron-del-congreso-escolar-de-ciencia-y-tecnologia-de-la-provincia-de-arauco\/\",\"url\":\"https:\/\/explora.cl\/biobio\/estudiantes-de-arauco-los-alamos-lebu-y-curanilahue-participaron-del-congreso-escolar-de-ciencia-y-tecnologia-de-la-provincia-de-arauco\/\",\"name\":\"Estudiantes De Arauco, Los \u00c1lamos, Lebu Y Curanilahue Participaron Del Congreso Escolar De Ciencia Y Tecnolog\u00eda De La Provincia De Arauco - Biob\u00edo\",\"isPartOf\":{\"@id\":\"https:\/\/explora.cl\/biobio\/#website\"},\"primaryImageOfPage\":{\"@id\":\"https:\/\/explora.cl\/biobio\/estudiantes-de-arauco-los-alamos-lebu-y-curanilahue-participaron-del-congreso-escolar-de-ciencia-y-tecnologia-de-la-provincia-de-arauco\/#primaryimage\"},\"image\":{\"@id\":\"https:\/\/explora.cl\/biobio\/estudiantes-de-arauco-los-alamos-lebu-y-curanilahue-participaron-del-congreso-escolar-de-ciencia-y-tecnologia-de-la-provincia-de-arauco\/#primaryimage\"},\"thumbnailUrl\":\"https:\/\/explora.cl\/biobio\/wp-content\/uploads\/sites\/14\/2018\/06\/2b038789335c5f97f690e37793701a9e.jpg\",\"datePublished\":\"2015-09-26T04:00:00+00:00\",\"dateModified\":\"2019-05-20T18:32:09+00:00\",\"author\":{\"@id\":\"https:\/\/explora.cl\/biobio\/#\/schema\/person\/cb8349c13ea2d324080adf8480d7ba5d\"},\"breadcrumb\":{\"@id\":\"https:\/\/explora.cl\/biobio\/estudiantes-de-arauco-los-alamos-lebu-y-curanilahue-participaron-del-congreso-escolar-de-ciencia-y-tecnologia-de-la-provincia-de-arauco\/#breadcrumb\"},\"inLanguage\":\"es-CL\",\"potentialAction\":[{\"@type\":\"ReadAction\",\"target\":[\"https:\/\/explora.cl\/biobio\/estudiantes-de-arauco-los-alamos-lebu-y-curanilahue-participaron-del-congreso-escolar-de-ciencia-y-tecnologia-de-la-provincia-de-arauco\/\"]}]},{\"@type\":\"ImageObject\",\"inLanguage\":\"es-CL\",\"@id\":\"https:\/\/explora.cl\/biobio\/estudiantes-de-arauco-los-alamos-lebu-y-curanilahue-participaron-del-congreso-escolar-de-ciencia-y-tecnologia-de-la-provincia-de-arauco\/#primaryimage\",\"url\":\"https:\/\/explora.cl\/biobio\/wp-content\/uploads\/sites\/14\/2018\/06\/2b038789335c5f97f690e37793701a9e.jpg\",\"contentUrl\":\"https:\/\/explora.cl\/biobio\/wp-content\/uploads\/sites\/14\/2018\/06\/2b038789335c5f97f690e37793701a9e.jpg\",\"width\":750,\"height\":560},{\"@type\":\"BreadcrumbList\",\"@id\":\"https:\/\/explora.cl\/biobio\/estudiantes-de-arauco-los-alamos-lebu-y-curanilahue-participaron-del-congreso-escolar-de-ciencia-y-tecnologia-de-la-provincia-de-arauco\/#breadcrumb\",\"itemListElement\":[{\"@type\":\"ListItem\",\"position\":1,\"name\":\"Portada\",\"item\":\"https:\/\/explora.cl\/biobio\/\"},{\"@type\":\"ListItem\",\"position\":2,\"name\":\"Estudiantes De Arauco, Los \u00c1lamos, Lebu Y Curanilahue Participaron Del Congreso Escolar De Ciencia Y Tecnolog\u00eda De La Provincia De Arauco\"}]},{\"@type\":\"WebSite\",\"@id\":\"https:\/\/explora.cl\/biobio\/#website\",\"url\":\"https:\/\/explora.cl\/biobio\/\",\"name\":\"Biob\u00edo\",\"description\":\"Otro sitio m\u00e1s de explora.cl\",\"potentialAction\":[{\"@type\":\"SearchAction\",\"target\":{\"@type\":\"EntryPoint\",\"urlTemplate\":\"https:\/\/explora.cl\/biobio\/?s={search_term_string}\"},\"query-input\":{\"@type\":\"PropertyValueSpecification\",\"valueRequired\":true,\"valueName\":\"search_term_string\"}}],\"inLanguage\":\"es-CL\"},{\"@type\":\"Person\",\"@id\":\"https:\/\/explora.cl\/biobio\/#\/schema\/person\/cb8349c13ea2d324080adf8480d7ba5d\",\"name\":\"webman\",\"image\":{\"@type\":\"ImageObject\",\"inLanguage\":\"es-CL\",\"@id\":\"https:\/\/explora.cl\/biobio\/#\/schema\/person\/image\/\",\"url\":\"https:\/\/secure.gravatar.com\/avatar\/eeff3c82f2c02f7177d13663b7e6f890e9a6a0647ce9bb29cae02dcb094c7312?s=96&d=mm&r=g\",\"contentUrl\":\"https:\/\/secure.gravatar.com\/avatar\/eeff3c82f2c02f7177d13663b7e6f890e9a6a0647ce9bb29cae02dcb094c7312?s=96&d=mm&r=g\",\"caption\":\"webman\"},\"url\":\"https:\/\/explora.cl\/biobio\/author\/webman\/\"}]}<\/script>\n<!-- \/ Yoast SEO plugin. -->","yoast_head_json":{"title":"Estudiantes De Arauco, Los \u00c1lamos, Lebu Y Curanilahue Participaron Del Congreso Escolar De Ciencia Y Tecnolog\u00eda De La Provincia De Arauco - Biob\u00edo","robots":{"index":"index","follow":"follow","max-snippet":"max-snippet:-1","max-image-preview":"max-image-preview:large","max-video-preview":"max-video-preview:-1"},"canonical":"https:\/\/explora.cl\/biobio\/estudiantes-de-arauco-los-alamos-lebu-y-curanilahue-participaron-del-congreso-escolar-de-ciencia-y-tecnologia-de-la-provincia-de-arauco\/","og_locale":"es_ES","og_type":"article","og_title":"Estudiantes De Arauco, Los \u00c1lamos, Lebu Y Curanilahue Participaron Del Congreso Escolar De Ciencia Y Tecnolog\u00eda De La Provincia De Arauco - Biob\u00edo","og_description":"Doce equipos provenientes de las comunas de Arauco, Los \u00c1lamos, Lebu y Curanilahue participaron del Congreso Escolar de Ciencia y Tecnolog\u00eda de la Provincia de Arauco, organizado por el Proyecto Asociativo Regional EXPLORA Biob\u00edo. La instancia desarrollada el viernes 25 de septiembre, en el Liceo Mariano Latorre de la comuna de Curanilhue,&nbsp;permiti\u00f3 que los estudiantes [&hellip;]","og_url":"https:\/\/explora.cl\/biobio\/estudiantes-de-arauco-los-alamos-lebu-y-curanilahue-participaron-del-congreso-escolar-de-ciencia-y-tecnologia-de-la-provincia-de-arauco\/","og_site_name":"Biob\u00edo","article_published_time":"2015-09-26T04:00:00+00:00","article_modified_time":"2019-05-20T18:32:09+00:00","og_image":[{"width":750,"height":560,"url":"https:\/\/explora.cl\/biobio\/wp-content\/uploads\/sites\/14\/2018\/06\/2b038789335c5f97f690e37793701a9e.jpg","type":"image\/jpeg"}],"author":"webman","twitter_card":"summary_large_image","twitter_misc":{"Escrito por":"webman","Tiempo estimado de lectura":"2 minutos"},"schema":{"@context":"https:\/\/schema.org","@graph":[{"@type":"Article","@id":"https:\/\/explora.cl\/biobio\/estudiantes-de-arauco-los-alamos-lebu-y-curanilahue-participaron-del-congreso-escolar-de-ciencia-y-tecnologia-de-la-provincia-de-arauco\/#article","isPartOf":{"@id":"https:\/\/explora.cl\/biobio\/estudiantes-de-arauco-los-alamos-lebu-y-curanilahue-participaron-del-congreso-escolar-de-ciencia-y-tecnologia-de-la-provincia-de-arauco\/"},"author":{"name":"webman","@id":"https:\/\/explora.cl\/biobio\/#\/schema\/person\/cb8349c13ea2d324080adf8480d7ba5d"},"headline":"Estudiantes De Arauco, Los \u00c1lamos, Lebu Y Curanilahue Participaron Del Congreso Escolar De Ciencia Y Tecnolog\u00eda De La Provincia De Arauco","datePublished":"2015-09-26T04:00:00+00:00","dateModified":"2019-05-20T18:32:09+00:00","mainEntityOfPage":{"@id":"https:\/\/explora.cl\/biobio\/estudiantes-de-arauco-los-alamos-lebu-y-curanilahue-participaron-del-congreso-escolar-de-ciencia-y-tecnologia-de-la-provincia-de-arauco\/"},"wordCount":391,"commentCount":0,"image":{"@id":"https:\/\/explora.cl\/biobio\/estudiantes-de-arauco-los-alamos-lebu-y-curanilahue-participaron-del-congreso-escolar-de-ciencia-y-tecnologia-de-la-provincia-de-arauco\/#primaryimage"},"thumbnailUrl":"https:\/\/explora.cl\/biobio\/wp-content\/uploads\/sites\/14\/2018\/06\/2b038789335c5f97f690e37793701a9e.jpg","articleSection":["Noticias"],"inLanguage":"es-CL","potentialAction":[{"@type":"CommentAction","name":"Comment","target":["https:\/\/explora.cl\/biobio\/estudiantes-de-arauco-los-alamos-lebu-y-curanilahue-participaron-del-congreso-escolar-de-ciencia-y-tecnologia-de-la-provincia-de-arauco\/#respond"]}]},{"@type":"WebPage","@id":"https:\/\/explora.cl\/biobio\/estudiantes-de-arauco-los-alamos-lebu-y-curanilahue-participaron-del-congreso-escolar-de-ciencia-y-tecnologia-de-la-provincia-de-arauco\/","url":"https:\/\/explora.cl\/biobio\/estudiantes-de-arauco-los-alamos-lebu-y-curanilahue-participaron-del-congreso-escolar-de-ciencia-y-tecnologia-de-la-provincia-de-arauco\/","name":"Estudiantes De Arauco, Los \u00c1lamos, Lebu Y Curanilahue Participaron Del Congreso Escolar De Ciencia Y Tecnolog\u00eda De La Provincia De Arauco - Biob\u00edo","isPartOf":{"@id":"https:\/\/explora.cl\/biobio\/#website"},"primaryImageOfPage":{"@id":"https:\/\/explora.cl\/biobio\/estudiantes-de-arauco-los-alamos-lebu-y-curanilahue-participaron-del-congreso-escolar-de-ciencia-y-tecnologia-de-la-provincia-de-arauco\/#primaryimage"},"image":{"@id":"https:\/\/explora.cl\/biobio\/estudiantes-de-arauco-los-alamos-lebu-y-curanilahue-participaron-del-congreso-escolar-de-ciencia-y-tecnologia-de-la-provincia-de-arauco\/#primaryimage"},"thumbnailUrl":"https:\/\/explora.cl\/biobio\/wp-content\/uploads\/sites\/14\/2018\/06\/2b038789335c5f97f690e37793701a9e.jpg","datePublished":"2015-09-26T04:00:00+00:00","dateModified":"2019-05-20T18:32:09+00:00","author":{"@id":"https:\/\/explora.cl\/biobio\/#\/schema\/person\/cb8349c13ea2d324080adf8480d7ba5d"},"breadcrumb":{"@id":"https:\/\/explora.cl\/biobio\/estudiantes-de-arauco-los-alamos-lebu-y-curanilahue-participaron-del-congreso-escolar-de-ciencia-y-tecnologia-de-la-provincia-de-arauco\/#breadcrumb"},"inLanguage":"es-CL","potentialAction":[{"@type":"ReadAction","target":["https:\/\/explora.cl\/biobio\/estudiantes-de-arauco-los-alamos-lebu-y-curanilahue-participaron-del-congreso-escolar-de-ciencia-y-tecnologia-de-la-provincia-de-arauco\/"]}]},{"@type":"ImageObject","inLanguage":"es-CL","@id":"https:\/\/explora.cl\/biobio\/estudiantes-de-arauco-los-alamos-lebu-y-curanilahue-participaron-del-congreso-escolar-de-ciencia-y-tecnologia-de-la-provincia-de-arauco\/#primaryimage","url":"https:\/\/explora.cl\/biobio\/wp-content\/uploads\/sites\/14\/2018\/06\/2b038789335c5f97f690e37793701a9e.jpg","contentUrl":"https:\/\/explora.cl\/biobio\/wp-content\/uploads\/sites\/14\/2018\/06\/2b038789335c5f97f690e37793701a9e.jpg","width":750,"height":560},{"@type":"BreadcrumbList","@id":"https:\/\/explora.cl\/biobio\/estudiantes-de-arauco-los-alamos-lebu-y-curanilahue-participaron-del-congreso-escolar-de-ciencia-y-tecnologia-de-la-provincia-de-arauco\/#breadcrumb","itemListElement":[{"@type":"ListItem","position":1,"name":"Portada","item":"https:\/\/explora.cl\/biobio\/"},{"@type":"ListItem","position":2,"name":"Estudiantes De Arauco, Los \u00c1lamos, Lebu Y Curanilahue Participaron Del Congreso Escolar De Ciencia Y Tecnolog\u00eda De La Provincia De Arauco"}]},{"@type":"WebSite","@id":"https:\/\/explora.cl\/biobio\/#website","url":"https:\/\/explora.cl\/biobio\/","name":"Biob\u00edo","description":"Otro sitio m\u00e1s de explora.cl","potentialAction":[{"@type":"SearchAction","target":{"@type":"EntryPoint","urlTemplate":"https:\/\/explora.cl\/biobio\/?s={search_term_string}"},"query-input":{"@type":"PropertyValueSpecification","valueRequired":true,"valueName":"search_term_string"}}],"inLanguage":"es-CL"},{"@type":"Person","@id":"https:\/\/explora.cl\/biobio\/#\/schema\/person\/cb8349c13ea2d324080adf8480d7ba5d","name":"webman","image":{"@type":"ImageObject","inLanguage":"es-CL","@id":"https:\/\/explora.cl\/biobio\/#\/schema\/person\/image\/","url":"https:\/\/secure.gravatar.com\/avatar\/eeff3c82f2c02f7177d13663b7e6f890e9a6a0647ce9bb29cae02dcb094c7312?s=96&d=mm&r=g","contentUrl":"https:\/\/secure.gravatar.com\/avatar\/eeff3c82f2c02f7177d13663b7e6f890e9a6a0647ce9bb29cae02dcb094c7312?s=96&d=mm&r=g","caption":"webman"},"url":"https:\/\/explora.cl\/biobio\/author\/webman\/"}]}},"_links":{"self":[{"href":"https:\/\/explora.cl\/biobio\/wp-json\/wp\/v2\/posts\/865","targetHints":{"allow":["GET"]}}],"collection":[{"href":"https:\/\/explora.cl\/biobio\/wp-json\/wp\/v2\/posts"}],"about":[{"href":"https:\/\/explora.cl\/biobio\/wp-json\/wp\/v2\/types\/post"}],"author":[{"embeddable":true,"href":"https:\/\/explora.cl\/biobio\/wp-json\/wp\/v2\/users\/2"}],"replies":[{"embeddable":true,"href":"https:\/\/explora.cl\/biobio\/wp-json\/wp\/v2\/comments?post=865"}],"version-history":[{"count":1,"href":"https:\/\/explora.cl\/biobio\/wp-json\/wp\/v2\/posts\/865\/revisions"}],"predecessor-version":[{"id":37836,"href":"https:\/\/explora.cl\/biobio\/wp-json\/wp\/v2\/posts\/865\/revisions\/37836"}],"wp:featuredmedia":[{"embeddable":true,"href":"https:\/\/explora.cl\/biobio\/wp-json\/wp\/v2\/media\/866"}],"wp:attachment":[{"href":"https:\/\/explora.cl\/biobio\/wp-json\/wp\/v2\/media?parent=865"}],"wp:term":[{"taxonomy":"category","embeddable":true,"href":"https:\/\/explora.cl\/biobio\/wp-json\/wp\/v2\/categories?post=865"},{"taxonomy":"post_tag","embeddable":true,"href":"https:\/\/explora.cl\/biobio\/wp-json\/wp\/v2\/tags?post=865"}],"curies":[{"name":"wp","href":"https:\/\/api.w.org\/{rel}","templated":true}]}}