{"id":863,"date":"2015-09-25T00:00:00","date_gmt":"2015-09-25T04:00:00","guid":{"rendered":"https:\/\/explora.cl\/biobio\/blog\/2015\/09\/25\/estudiantes-de-laja-tucapel-santa-barbara-y-los-angeles-se-presentaron-en-el-congreso-escolar-de-ciencia-y-tecnologia-de-la-provincia-de-biobio\/"},"modified":"2019-05-20T18:32:10","modified_gmt":"2019-05-20T18:32:10","slug":"estudiantes-de-laja-tucapel-santa-barbara-y-los-angeles-se-presentaron-en-el-congreso-escolar-de-ciencia-y-tecnologia-de-la-provincia-de-biobio","status":"publish","type":"post","link":"https:\/\/explora.cl\/biobio\/estudiantes-de-laja-tucapel-santa-barbara-y-los-angeles-se-presentaron-en-el-congreso-escolar-de-ciencia-y-tecnologia-de-la-provincia-de-biobio\/","title":{"rendered":"Estudiantes De Laja, Tucapel, Santa B\u00e1rbara Y Los \u00c1ngeles Se Presentaron En El Congreso Escolar De Ciencia Y Tecnolog\u00eda De La Provincia De Biob\u00edo"},"content":{"rendered":"<p><img fetchpriority=\"high\" decoding=\"async\" class=\" size-full wp-image-15065\" src=\"http:\/\/ec2-54-245-22-188.us-west-2.compute.amazonaws.com\/wp-content\/uploads\/2015\/09\/f74bf165c2dcb6ef0893c6a138fe3eab.jpg\" alt=\"\" width=\"750\" height=\"560\" \/><\/p>\n<p>Con un gran dominio de tema en sus investigaciones, este jueves 24 de septiembre, 15 equipos se presentaron al Congreso Escolar de Ciencia y Tecnolog\u00eda de la Provincia de Biob\u00edo organizado por el Proyecto Asociativo Regional EXPLORA Biob\u00edo.<\/p>\n<p>La instancia, que se desarroll\u00f3 en el Polideportivo de la ciudad de Los \u00c1ngeles, se inici\u00f3 con el saludo de Juan Carlos Gacit\u00faa, Director del PAR EXPLORA Biob\u00edo, quien coment\u00f3, \u201cestamos muy contentos de realizar un congreso provincial en esta localidad, sabemos del gran trabajo que realizan los profesores y los estudiantes en las diferentes \u00e1reas de las ciencias y la tecnolog\u00eda. Sin duda, escoger a los 6 mejores proyectos ser\u00e1 una dif\u00edcil misi\u00f3n para los acad\u00e9micos&#8221;.<\/p>\n<p>Durante la ma\u00f1ana la Dra. Berta Schulz de la Facultad de Farmacia de la Universidad de Concepci\u00f3n, realiz\u00f3 una conferencia acerca de la luz y sus propiedades. &nbsp;M\u00e1s tarde, los estudiantes de las comunas de Laja, Tucapel, Santa B\u00e1rbara y Los \u00c1ngeles expusieran interesantes proyectos de investigaci\u00f3n en diversas \u00e1reas de las ciencias y prototipos tecnol\u00f3gicos, a trav\u00e9s de un stand y una breve exposici\u00f3n de sus trabajos.&nbsp;<\/p>\n<p>&#8220;Alertador s\u00edsmico\u201d, \u201cMejoramiento de aguas residuales a partir de lombrices\u201d, \u201cLa temperatura interna de una colmena\u201d fueron algunos de los proyectos presentados al comit\u00e9 evaluador, compuesto por seis acad\u00e9micos de diversas casas de estudios de la Regi\u00f3n.<\/p>\n<p>Un total de 6 fueron los trabajos que obtuvieron la mayor puntuaci\u00f3n y lograron asegurar un cupo para presentarse en el Congreso Regional a realizar el 19 y 20 de octubre en las dependencias del Centro Interactivo de Ciencias, Artes y Tecnolog\u00edas, CICAT, de la Universidad de Concepci\u00f3n.<\/p>\n<p>Natalia Kuncar,&nbsp;estudiante del Liceo Alem\u00e1n del Verbo Divino, coment\u00f3 &#8220;es una nueva experiencia ser parte de un congreso, si bien nos cost\u00f3 un poco realizar la investigaci\u00f3n, porque tuvimos que reunir bastantes informaci\u00f3n, todo sali\u00f3 muy bien. Esperamos seguir avanzado y llegar hasta el nacional&#8221;.&nbsp; &nbsp; &nbsp; &nbsp; &nbsp; &nbsp; &nbsp; &nbsp; &nbsp; &nbsp; &nbsp; &nbsp; &nbsp; &nbsp; &nbsp; &nbsp; &nbsp; &nbsp; &nbsp; &nbsp; &nbsp; &nbsp; &nbsp; &nbsp;<\/p>\n<p>Por su parte Ximena Salinas, Coordinadora de Ciencias de la comuna de Los \u00c1ngeles, se mostr\u00f3 comprometida con la divulgaci\u00f3n cient\u00edfica en los estudiantes, &#8220;es primera vez que realizamos un congreso de ciencia en nuestra comuna, me siento agradecida de todos los profesores que han entusiasmados a sus estudiantes a llevar a cabo estas iniciativas y esperamos el pr\u00f3ximo a\u00f1o ser m\u00e1s los equipos que participen de esta actividad&#8221;.&nbsp;<\/p>\n","protected":false},"excerpt":{"rendered":"<p>Con un gran dominio de tema en sus investigaciones, este jueves 24 de septiembre, 15 equipos se presentaron al Congreso Escolar de Ciencia y Tecnolog\u00eda de la Provincia de Biob\u00edo organizado por el Proyecto Asociativo Regional EXPLORA Biob\u00edo. La instancia, que se desarroll\u00f3 en el Polideportivo de la ciudad de Los \u00c1ngeles, se inici\u00f3 con [&hellip;]<\/p>\n","protected":false},"author":2,"featured_media":864,"comment_status":"open","ping_status":"open","sticky":false,"template":"","format":"standard","meta":{"_acf_changed":false,"_exactmetrics_skip_tracking":false,"_exactmetrics_sitenote_active":false,"_exactmetrics_sitenote_note":"","_exactmetrics_sitenote_category":0,"footnotes":"","_links_to":"","_links_to_target":""},"categories":[4],"tags":[],"class_list":["post-863","post","type-post","status-publish","format-standard","has-post-thumbnail","hentry","category-noticias"],"acf":[],"yoast_head":"<!-- This site is optimized with the Yoast SEO plugin v26.9 - https:\/\/yoast.com\/product\/yoast-seo-wordpress\/ -->\n<title>Estudiantes De Laja, Tucapel, Santa B\u00e1rbara Y Los \u00c1ngeles Se Presentaron En El Congreso Escolar De Ciencia Y Tecnolog\u00eda De La Provincia De Biob\u00edo - Biob\u00edo<\/title>\n<meta name=\"robots\" content=\"index, follow, max-snippet:-1, max-image-preview:large, max-video-preview:-1\" \/>\n<link rel=\"canonical\" href=\"https:\/\/explora.cl\/biobio\/estudiantes-de-laja-tucapel-santa-barbara-y-los-angeles-se-presentaron-en-el-congreso-escolar-de-ciencia-y-tecnologia-de-la-provincia-de-biobio\/\" class=\"yoast-seo-meta-tag\" \/>\n<meta property=\"og:locale\" content=\"es_ES\" class=\"yoast-seo-meta-tag\" \/>\n<meta property=\"og:type\" content=\"article\" class=\"yoast-seo-meta-tag\" \/>\n<meta property=\"og:title\" content=\"Estudiantes De Laja, Tucapel, Santa B\u00e1rbara Y Los \u00c1ngeles Se Presentaron En El Congreso Escolar De Ciencia Y Tecnolog\u00eda De La Provincia De Biob\u00edo - Biob\u00edo\" class=\"yoast-seo-meta-tag\" \/>\n<meta property=\"og:description\" content=\"Con un gran dominio de tema en sus investigaciones, este jueves 24 de septiembre, 15 equipos se presentaron al Congreso Escolar de Ciencia y Tecnolog\u00eda de la Provincia de Biob\u00edo organizado por el Proyecto Asociativo Regional EXPLORA Biob\u00edo. La instancia, que se desarroll\u00f3 en el Polideportivo de la ciudad de Los \u00c1ngeles, se inici\u00f3 con [&hellip;]\" class=\"yoast-seo-meta-tag\" \/>\n<meta property=\"og:url\" content=\"https:\/\/explora.cl\/biobio\/estudiantes-de-laja-tucapel-santa-barbara-y-los-angeles-se-presentaron-en-el-congreso-escolar-de-ciencia-y-tecnologia-de-la-provincia-de-biobio\/\" class=\"yoast-seo-meta-tag\" \/>\n<meta property=\"og:site_name\" content=\"Biob\u00edo\" class=\"yoast-seo-meta-tag\" \/>\n<meta property=\"article:published_time\" content=\"2015-09-25T04:00:00+00:00\" class=\"yoast-seo-meta-tag\" \/>\n<meta property=\"article:modified_time\" content=\"2019-05-20T18:32:10+00:00\" class=\"yoast-seo-meta-tag\" \/>\n<meta property=\"og:image\" content=\"https:\/\/explora.cl\/biobio\/wp-content\/uploads\/sites\/14\/2018\/06\/f74bf165c2dcb6ef0893c6a138fe3eab.jpg\" class=\"yoast-seo-meta-tag\" \/>\n\t<meta property=\"og:image:width\" content=\"750\" class=\"yoast-seo-meta-tag\" \/>\n\t<meta property=\"og:image:height\" content=\"560\" class=\"yoast-seo-meta-tag\" \/>\n\t<meta property=\"og:image:type\" content=\"image\/jpeg\" class=\"yoast-seo-meta-tag\" \/>\n<meta name=\"author\" content=\"webman\" class=\"yoast-seo-meta-tag\" \/>\n<meta name=\"twitter:card\" content=\"summary_large_image\" class=\"yoast-seo-meta-tag\" \/>\n<meta name=\"twitter:label1\" content=\"Escrito por\" class=\"yoast-seo-meta-tag\" \/>\n\t<meta name=\"twitter:data1\" content=\"webman\" class=\"yoast-seo-meta-tag\" \/>\n\t<meta name=\"twitter:label2\" content=\"Tiempo estimado de lectura\" class=\"yoast-seo-meta-tag\" \/>\n\t<meta name=\"twitter:data2\" content=\"2 minutos\" class=\"yoast-seo-meta-tag\" \/>\n<script type=\"application\/ld+json\" class=\"yoast-schema-graph\">{\"@context\":\"https:\/\/schema.org\",\"@graph\":[{\"@type\":\"Article\",\"@id\":\"https:\/\/explora.cl\/biobio\/estudiantes-de-laja-tucapel-santa-barbara-y-los-angeles-se-presentaron-en-el-congreso-escolar-de-ciencia-y-tecnologia-de-la-provincia-de-biobio\/#article\",\"isPartOf\":{\"@id\":\"https:\/\/explora.cl\/biobio\/estudiantes-de-laja-tucapel-santa-barbara-y-los-angeles-se-presentaron-en-el-congreso-escolar-de-ciencia-y-tecnologia-de-la-provincia-de-biobio\/\"},\"author\":{\"name\":\"webman\",\"@id\":\"https:\/\/explora.cl\/biobio\/#\/schema\/person\/cb8349c13ea2d324080adf8480d7ba5d\"},\"headline\":\"Estudiantes De Laja, Tucapel, Santa B\u00e1rbara Y Los \u00c1ngeles Se Presentaron En El Congreso Escolar De Ciencia Y Tecnolog\u00eda De La Provincia De Biob\u00edo\",\"datePublished\":\"2015-09-25T04:00:00+00:00\",\"dateModified\":\"2019-05-20T18:32:10+00:00\",\"mainEntityOfPage\":{\"@id\":\"https:\/\/explora.cl\/biobio\/estudiantes-de-laja-tucapel-santa-barbara-y-los-angeles-se-presentaron-en-el-congreso-escolar-de-ciencia-y-tecnologia-de-la-provincia-de-biobio\/\"},\"wordCount\":463,\"commentCount\":0,\"image\":{\"@id\":\"https:\/\/explora.cl\/biobio\/estudiantes-de-laja-tucapel-santa-barbara-y-los-angeles-se-presentaron-en-el-congreso-escolar-de-ciencia-y-tecnologia-de-la-provincia-de-biobio\/#primaryimage\"},\"thumbnailUrl\":\"https:\/\/explora.cl\/biobio\/wp-content\/uploads\/sites\/14\/2018\/06\/f74bf165c2dcb6ef0893c6a138fe3eab.jpg\",\"articleSection\":[\"Noticias\"],\"inLanguage\":\"es-CL\",\"potentialAction\":[{\"@type\":\"CommentAction\",\"name\":\"Comment\",\"target\":[\"https:\/\/explora.cl\/biobio\/estudiantes-de-laja-tucapel-santa-barbara-y-los-angeles-se-presentaron-en-el-congreso-escolar-de-ciencia-y-tecnologia-de-la-provincia-de-biobio\/#respond\"]}]},{\"@type\":\"WebPage\",\"@id\":\"https:\/\/explora.cl\/biobio\/estudiantes-de-laja-tucapel-santa-barbara-y-los-angeles-se-presentaron-en-el-congreso-escolar-de-ciencia-y-tecnologia-de-la-provincia-de-biobio\/\",\"url\":\"https:\/\/explora.cl\/biobio\/estudiantes-de-laja-tucapel-santa-barbara-y-los-angeles-se-presentaron-en-el-congreso-escolar-de-ciencia-y-tecnologia-de-la-provincia-de-biobio\/\",\"name\":\"Estudiantes De Laja, Tucapel, Santa B\u00e1rbara Y Los \u00c1ngeles Se Presentaron En El Congreso Escolar De Ciencia Y Tecnolog\u00eda De La Provincia De Biob\u00edo - Biob\u00edo\",\"isPartOf\":{\"@id\":\"https:\/\/explora.cl\/biobio\/#website\"},\"primaryImageOfPage\":{\"@id\":\"https:\/\/explora.cl\/biobio\/estudiantes-de-laja-tucapel-santa-barbara-y-los-angeles-se-presentaron-en-el-congreso-escolar-de-ciencia-y-tecnologia-de-la-provincia-de-biobio\/#primaryimage\"},\"image\":{\"@id\":\"https:\/\/explora.cl\/biobio\/estudiantes-de-laja-tucapel-santa-barbara-y-los-angeles-se-presentaron-en-el-congreso-escolar-de-ciencia-y-tecnologia-de-la-provincia-de-biobio\/#primaryimage\"},\"thumbnailUrl\":\"https:\/\/explora.cl\/biobio\/wp-content\/uploads\/sites\/14\/2018\/06\/f74bf165c2dcb6ef0893c6a138fe3eab.jpg\",\"datePublished\":\"2015-09-25T04:00:00+00:00\",\"dateModified\":\"2019-05-20T18:32:10+00:00\",\"author\":{\"@id\":\"https:\/\/explora.cl\/biobio\/#\/schema\/person\/cb8349c13ea2d324080adf8480d7ba5d\"},\"breadcrumb\":{\"@id\":\"https:\/\/explora.cl\/biobio\/estudiantes-de-laja-tucapel-santa-barbara-y-los-angeles-se-presentaron-en-el-congreso-escolar-de-ciencia-y-tecnologia-de-la-provincia-de-biobio\/#breadcrumb\"},\"inLanguage\":\"es-CL\",\"potentialAction\":[{\"@type\":\"ReadAction\",\"target\":[\"https:\/\/explora.cl\/biobio\/estudiantes-de-laja-tucapel-santa-barbara-y-los-angeles-se-presentaron-en-el-congreso-escolar-de-ciencia-y-tecnologia-de-la-provincia-de-biobio\/\"]}]},{\"@type\":\"ImageObject\",\"inLanguage\":\"es-CL\",\"@id\":\"https:\/\/explora.cl\/biobio\/estudiantes-de-laja-tucapel-santa-barbara-y-los-angeles-se-presentaron-en-el-congreso-escolar-de-ciencia-y-tecnologia-de-la-provincia-de-biobio\/#primaryimage\",\"url\":\"https:\/\/explora.cl\/biobio\/wp-content\/uploads\/sites\/14\/2018\/06\/f74bf165c2dcb6ef0893c6a138fe3eab.jpg\",\"contentUrl\":\"https:\/\/explora.cl\/biobio\/wp-content\/uploads\/sites\/14\/2018\/06\/f74bf165c2dcb6ef0893c6a138fe3eab.jpg\",\"width\":750,\"height\":560},{\"@type\":\"BreadcrumbList\",\"@id\":\"https:\/\/explora.cl\/biobio\/estudiantes-de-laja-tucapel-santa-barbara-y-los-angeles-se-presentaron-en-el-congreso-escolar-de-ciencia-y-tecnologia-de-la-provincia-de-biobio\/#breadcrumb\",\"itemListElement\":[{\"@type\":\"ListItem\",\"position\":1,\"name\":\"Portada\",\"item\":\"https:\/\/explora.cl\/biobio\/\"},{\"@type\":\"ListItem\",\"position\":2,\"name\":\"Estudiantes De Laja, Tucapel, Santa B\u00e1rbara Y Los \u00c1ngeles Se Presentaron En El Congreso Escolar De Ciencia Y Tecnolog\u00eda De La Provincia De Biob\u00edo\"}]},{\"@type\":\"WebSite\",\"@id\":\"https:\/\/explora.cl\/biobio\/#website\",\"url\":\"https:\/\/explora.cl\/biobio\/\",\"name\":\"Biob\u00edo\",\"description\":\"Otro sitio m\u00e1s de explora.cl\",\"potentialAction\":[{\"@type\":\"SearchAction\",\"target\":{\"@type\":\"EntryPoint\",\"urlTemplate\":\"https:\/\/explora.cl\/biobio\/?s={search_term_string}\"},\"query-input\":{\"@type\":\"PropertyValueSpecification\",\"valueRequired\":true,\"valueName\":\"search_term_string\"}}],\"inLanguage\":\"es-CL\"},{\"@type\":\"Person\",\"@id\":\"https:\/\/explora.cl\/biobio\/#\/schema\/person\/cb8349c13ea2d324080adf8480d7ba5d\",\"name\":\"webman\",\"image\":{\"@type\":\"ImageObject\",\"inLanguage\":\"es-CL\",\"@id\":\"https:\/\/explora.cl\/biobio\/#\/schema\/person\/image\/\",\"url\":\"https:\/\/secure.gravatar.com\/avatar\/eeff3c82f2c02f7177d13663b7e6f890e9a6a0647ce9bb29cae02dcb094c7312?s=96&d=mm&r=g\",\"contentUrl\":\"https:\/\/secure.gravatar.com\/avatar\/eeff3c82f2c02f7177d13663b7e6f890e9a6a0647ce9bb29cae02dcb094c7312?s=96&d=mm&r=g\",\"caption\":\"webman\"},\"url\":\"https:\/\/explora.cl\/biobio\/author\/webman\/\"}]}<\/script>\n<!-- \/ Yoast SEO plugin. -->","yoast_head_json":{"title":"Estudiantes De Laja, Tucapel, Santa B\u00e1rbara Y Los \u00c1ngeles Se Presentaron En El Congreso Escolar De Ciencia Y Tecnolog\u00eda De La Provincia De Biob\u00edo - Biob\u00edo","robots":{"index":"index","follow":"follow","max-snippet":"max-snippet:-1","max-image-preview":"max-image-preview:large","max-video-preview":"max-video-preview:-1"},"canonical":"https:\/\/explora.cl\/biobio\/estudiantes-de-laja-tucapel-santa-barbara-y-los-angeles-se-presentaron-en-el-congreso-escolar-de-ciencia-y-tecnologia-de-la-provincia-de-biobio\/","og_locale":"es_ES","og_type":"article","og_title":"Estudiantes De Laja, Tucapel, Santa B\u00e1rbara Y Los \u00c1ngeles Se Presentaron En El Congreso Escolar De Ciencia Y Tecnolog\u00eda De La Provincia De Biob\u00edo - Biob\u00edo","og_description":"Con un gran dominio de tema en sus investigaciones, este jueves 24 de septiembre, 15 equipos se presentaron al Congreso Escolar de Ciencia y Tecnolog\u00eda de la Provincia de Biob\u00edo organizado por el Proyecto Asociativo Regional EXPLORA Biob\u00edo. La instancia, que se desarroll\u00f3 en el Polideportivo de la ciudad de Los \u00c1ngeles, se inici\u00f3 con [&hellip;]","og_url":"https:\/\/explora.cl\/biobio\/estudiantes-de-laja-tucapel-santa-barbara-y-los-angeles-se-presentaron-en-el-congreso-escolar-de-ciencia-y-tecnologia-de-la-provincia-de-biobio\/","og_site_name":"Biob\u00edo","article_published_time":"2015-09-25T04:00:00+00:00","article_modified_time":"2019-05-20T18:32:10+00:00","og_image":[{"width":750,"height":560,"url":"https:\/\/explora.cl\/biobio\/wp-content\/uploads\/sites\/14\/2018\/06\/f74bf165c2dcb6ef0893c6a138fe3eab.jpg","type":"image\/jpeg"}],"author":"webman","twitter_card":"summary_large_image","twitter_misc":{"Escrito por":"webman","Tiempo estimado de lectura":"2 minutos"},"schema":{"@context":"https:\/\/schema.org","@graph":[{"@type":"Article","@id":"https:\/\/explora.cl\/biobio\/estudiantes-de-laja-tucapel-santa-barbara-y-los-angeles-se-presentaron-en-el-congreso-escolar-de-ciencia-y-tecnologia-de-la-provincia-de-biobio\/#article","isPartOf":{"@id":"https:\/\/explora.cl\/biobio\/estudiantes-de-laja-tucapel-santa-barbara-y-los-angeles-se-presentaron-en-el-congreso-escolar-de-ciencia-y-tecnologia-de-la-provincia-de-biobio\/"},"author":{"name":"webman","@id":"https:\/\/explora.cl\/biobio\/#\/schema\/person\/cb8349c13ea2d324080adf8480d7ba5d"},"headline":"Estudiantes De Laja, Tucapel, Santa B\u00e1rbara Y Los \u00c1ngeles Se Presentaron En El Congreso Escolar De Ciencia Y Tecnolog\u00eda De La Provincia De Biob\u00edo","datePublished":"2015-09-25T04:00:00+00:00","dateModified":"2019-05-20T18:32:10+00:00","mainEntityOfPage":{"@id":"https:\/\/explora.cl\/biobio\/estudiantes-de-laja-tucapel-santa-barbara-y-los-angeles-se-presentaron-en-el-congreso-escolar-de-ciencia-y-tecnologia-de-la-provincia-de-biobio\/"},"wordCount":463,"commentCount":0,"image":{"@id":"https:\/\/explora.cl\/biobio\/estudiantes-de-laja-tucapel-santa-barbara-y-los-angeles-se-presentaron-en-el-congreso-escolar-de-ciencia-y-tecnologia-de-la-provincia-de-biobio\/#primaryimage"},"thumbnailUrl":"https:\/\/explora.cl\/biobio\/wp-content\/uploads\/sites\/14\/2018\/06\/f74bf165c2dcb6ef0893c6a138fe3eab.jpg","articleSection":["Noticias"],"inLanguage":"es-CL","potentialAction":[{"@type":"CommentAction","name":"Comment","target":["https:\/\/explora.cl\/biobio\/estudiantes-de-laja-tucapel-santa-barbara-y-los-angeles-se-presentaron-en-el-congreso-escolar-de-ciencia-y-tecnologia-de-la-provincia-de-biobio\/#respond"]}]},{"@type":"WebPage","@id":"https:\/\/explora.cl\/biobio\/estudiantes-de-laja-tucapel-santa-barbara-y-los-angeles-se-presentaron-en-el-congreso-escolar-de-ciencia-y-tecnologia-de-la-provincia-de-biobio\/","url":"https:\/\/explora.cl\/biobio\/estudiantes-de-laja-tucapel-santa-barbara-y-los-angeles-se-presentaron-en-el-congreso-escolar-de-ciencia-y-tecnologia-de-la-provincia-de-biobio\/","name":"Estudiantes De Laja, Tucapel, Santa B\u00e1rbara Y Los \u00c1ngeles Se Presentaron En El Congreso Escolar De Ciencia Y Tecnolog\u00eda De La Provincia De Biob\u00edo - Biob\u00edo","isPartOf":{"@id":"https:\/\/explora.cl\/biobio\/#website"},"primaryImageOfPage":{"@id":"https:\/\/explora.cl\/biobio\/estudiantes-de-laja-tucapel-santa-barbara-y-los-angeles-se-presentaron-en-el-congreso-escolar-de-ciencia-y-tecnologia-de-la-provincia-de-biobio\/#primaryimage"},"image":{"@id":"https:\/\/explora.cl\/biobio\/estudiantes-de-laja-tucapel-santa-barbara-y-los-angeles-se-presentaron-en-el-congreso-escolar-de-ciencia-y-tecnologia-de-la-provincia-de-biobio\/#primaryimage"},"thumbnailUrl":"https:\/\/explora.cl\/biobio\/wp-content\/uploads\/sites\/14\/2018\/06\/f74bf165c2dcb6ef0893c6a138fe3eab.jpg","datePublished":"2015-09-25T04:00:00+00:00","dateModified":"2019-05-20T18:32:10+00:00","author":{"@id":"https:\/\/explora.cl\/biobio\/#\/schema\/person\/cb8349c13ea2d324080adf8480d7ba5d"},"breadcrumb":{"@id":"https:\/\/explora.cl\/biobio\/estudiantes-de-laja-tucapel-santa-barbara-y-los-angeles-se-presentaron-en-el-congreso-escolar-de-ciencia-y-tecnologia-de-la-provincia-de-biobio\/#breadcrumb"},"inLanguage":"es-CL","potentialAction":[{"@type":"ReadAction","target":["https:\/\/explora.cl\/biobio\/estudiantes-de-laja-tucapel-santa-barbara-y-los-angeles-se-presentaron-en-el-congreso-escolar-de-ciencia-y-tecnologia-de-la-provincia-de-biobio\/"]}]},{"@type":"ImageObject","inLanguage":"es-CL","@id":"https:\/\/explora.cl\/biobio\/estudiantes-de-laja-tucapel-santa-barbara-y-los-angeles-se-presentaron-en-el-congreso-escolar-de-ciencia-y-tecnologia-de-la-provincia-de-biobio\/#primaryimage","url":"https:\/\/explora.cl\/biobio\/wp-content\/uploads\/sites\/14\/2018\/06\/f74bf165c2dcb6ef0893c6a138fe3eab.jpg","contentUrl":"https:\/\/explora.cl\/biobio\/wp-content\/uploads\/sites\/14\/2018\/06\/f74bf165c2dcb6ef0893c6a138fe3eab.jpg","width":750,"height":560},{"@type":"BreadcrumbList","@id":"https:\/\/explora.cl\/biobio\/estudiantes-de-laja-tucapel-santa-barbara-y-los-angeles-se-presentaron-en-el-congreso-escolar-de-ciencia-y-tecnologia-de-la-provincia-de-biobio\/#breadcrumb","itemListElement":[{"@type":"ListItem","position":1,"name":"Portada","item":"https:\/\/explora.cl\/biobio\/"},{"@type":"ListItem","position":2,"name":"Estudiantes De Laja, Tucapel, Santa B\u00e1rbara Y Los \u00c1ngeles Se Presentaron En El Congreso Escolar De Ciencia Y Tecnolog\u00eda De La Provincia De Biob\u00edo"}]},{"@type":"WebSite","@id":"https:\/\/explora.cl\/biobio\/#website","url":"https:\/\/explora.cl\/biobio\/","name":"Biob\u00edo","description":"Otro sitio m\u00e1s de explora.cl","potentialAction":[{"@type":"SearchAction","target":{"@type":"EntryPoint","urlTemplate":"https:\/\/explora.cl\/biobio\/?s={search_term_string}"},"query-input":{"@type":"PropertyValueSpecification","valueRequired":true,"valueName":"search_term_string"}}],"inLanguage":"es-CL"},{"@type":"Person","@id":"https:\/\/explora.cl\/biobio\/#\/schema\/person\/cb8349c13ea2d324080adf8480d7ba5d","name":"webman","image":{"@type":"ImageObject","inLanguage":"es-CL","@id":"https:\/\/explora.cl\/biobio\/#\/schema\/person\/image\/","url":"https:\/\/secure.gravatar.com\/avatar\/eeff3c82f2c02f7177d13663b7e6f890e9a6a0647ce9bb29cae02dcb094c7312?s=96&d=mm&r=g","contentUrl":"https:\/\/secure.gravatar.com\/avatar\/eeff3c82f2c02f7177d13663b7e6f890e9a6a0647ce9bb29cae02dcb094c7312?s=96&d=mm&r=g","caption":"webman"},"url":"https:\/\/explora.cl\/biobio\/author\/webman\/"}]}},"_links":{"self":[{"href":"https:\/\/explora.cl\/biobio\/wp-json\/wp\/v2\/posts\/863","targetHints":{"allow":["GET"]}}],"collection":[{"href":"https:\/\/explora.cl\/biobio\/wp-json\/wp\/v2\/posts"}],"about":[{"href":"https:\/\/explora.cl\/biobio\/wp-json\/wp\/v2\/types\/post"}],"author":[{"embeddable":true,"href":"https:\/\/explora.cl\/biobio\/wp-json\/wp\/v2\/users\/2"}],"replies":[{"embeddable":true,"href":"https:\/\/explora.cl\/biobio\/wp-json\/wp\/v2\/comments?post=863"}],"version-history":[{"count":1,"href":"https:\/\/explora.cl\/biobio\/wp-json\/wp\/v2\/posts\/863\/revisions"}],"predecessor-version":[{"id":37837,"href":"https:\/\/explora.cl\/biobio\/wp-json\/wp\/v2\/posts\/863\/revisions\/37837"}],"wp:featuredmedia":[{"embeddable":true,"href":"https:\/\/explora.cl\/biobio\/wp-json\/wp\/v2\/media\/864"}],"wp:attachment":[{"href":"https:\/\/explora.cl\/biobio\/wp-json\/wp\/v2\/media?parent=863"}],"wp:term":[{"taxonomy":"category","embeddable":true,"href":"https:\/\/explora.cl\/biobio\/wp-json\/wp\/v2\/categories?post=863"},{"taxonomy":"post_tag","embeddable":true,"href":"https:\/\/explora.cl\/biobio\/wp-json\/wp\/v2\/tags?post=863"}],"curies":[{"name":"wp","href":"https:\/\/api.w.org\/{rel}","templated":true}]}}