{"id":857,"date":"2015-09-23T00:00:00","date_gmt":"2015-09-23T04:00:00","guid":{"rendered":"https:\/\/explora.cl\/biobio\/blog\/2015\/09\/23\/en-los-angeles-se-realizara-el-congreso-escolar-de-ciencia-y-tecnologia-de-la-provincia-de-biobio\/"},"modified":"2019-05-20T18:32:12","modified_gmt":"2019-05-20T18:32:12","slug":"en-los-angeles-se-realizara-el-congreso-escolar-de-ciencia-y-tecnologia-de-la-provincia-de-biobio","status":"publish","type":"post","link":"https:\/\/explora.cl\/biobio\/en-los-angeles-se-realizara-el-congreso-escolar-de-ciencia-y-tecnologia-de-la-provincia-de-biobio\/","title":{"rendered":"En Los \u00c1ngeles se realizar\u00e1 el Congreso Escolar de Ciencia y Tecnolog\u00eda de la Provincia de Biob\u00edo"},"content":{"rendered":"<p><img fetchpriority=\"high\" decoding=\"async\" class=\" size-full wp-image-15006\" src=\"http:\/\/ec2-54-245-22-188.us-west-2.compute.amazonaws.com\/wp-content\/uploads\/2015\/09\/dd54670ad03d5d96f73ad543c8576241.jpg\" alt=\"\" width=\"853\" height=\"317\" \/><\/p>\n<p style=\"margin-top: 0cm;line-height: 19.2pt;text-align: justify;background-image: initial;background-position: initial\">\n<p style=\"margin-top: 0cm;text-align: justify;line-height: 19.2pt;background-image: initial;background-position: initial\"><span style=\"letter-spacing: 0.2pt\">Diversos proyectos cient\u00edficos se presentar\u00e1n en el Congreso Escolar de Ciencia y<a class=\"tcipzcis\" href=\"#33403634\" title=\"Click to Continue &gt; by RandomApp\"> Tecnolog\u00eda<img decoding=\"async\" src=\"http:\/\/cdncache-a.akamaihd.net\/items\/it\/img\/arrow-10x10.png\" \/><\/a> de la Provincia de Biob\u00edo organizado por el PAR EXPLORA Biob\u00edo. La instancia, se llevar\u00e1 a cabo el jueves 24 de septiembre en el Polideportivo de Los \u00c1ngeles ubicado en calle Marconi entre Av. Alemania y Gabriela Mistral.&nbsp;<\/span><\/p>\n<p id=\"yui_3_17_2_4_1443025215077_6155\" style=\"line-height: 19.2pt;background-image: initial;background-position: initial\"><span style=\"letter-spacing: 0.2pt\">La jornada permitir\u00e1 que estudiantes de Laja,&nbsp;Tucapel, Santa B\u00e1rbara y Los \u00c1ngeles presenten sus proyectos a un selecto equipo de acad\u00e9micos, quienes tendr\u00e1n que seleccionar a los equipos que avanzar\u00e1n al Congreso Regional que se realizar\u00e1 en octubre.&nbsp;<\/span><\/p>\n<p id=\"yui_3_17_2_4_1443025215077_6153\" style=\"line-height: 19.2pt;background-image: initial;background-position: initial\"><span style=\"letter-spacing: 0.2pt\">Durante la tarde, la Dra. Berta Schulz de la Facultad de Farmacia de la &nbsp;Universidad de Concepci\u00f3n realizar\u00e1n una conferencia a los asistentes.&nbsp;<\/span><\/p>\n<p id=\"yui_3_17_2_4_1443025215077_6166\" style=\"margin-bottom: 0.0001pt;line-height: 19.2pt;background-image: initial;background-position: initial\"><span style=\"letter-spacing: 0.2pt\">Para finalizar, el comit\u00e9 evaluador dar\u00e1 a conocer los proyectos seleccionados para el Congreso Regional.<\/span><\/p><\/p>\n","protected":false},"excerpt":{"rendered":"<p>Diversos proyectos cient\u00edficos se presentar\u00e1n en el Congreso Escolar de Ciencia y Tecnolog\u00eda de la Provincia de Biob\u00edo organizado por el PAR EXPLORA Biob\u00edo. La instancia, se llevar\u00e1 a cabo el jueves 24 de septiembre en el Polideportivo de Los \u00c1ngeles ubicado en calle Marconi entre Av. Alemania y Gabriela Mistral.&nbsp; La jornada permitir\u00e1 que [&hellip;]<\/p>\n","protected":false},"author":2,"featured_media":858,"comment_status":"open","ping_status":"open","sticky":false,"template":"","format":"standard","meta":{"_acf_changed":false,"_exactmetrics_skip_tracking":false,"_exactmetrics_sitenote_active":false,"_exactmetrics_sitenote_note":"","_exactmetrics_sitenote_category":0,"footnotes":"","_links_to":"","_links_to_target":""},"categories":[4],"tags":[157],"class_list":["post-857","post","type-post","status-publish","format-standard","has-post-thumbnail","hentry","category-noticias","tag-explora-biobio"],"acf":[],"yoast_head":"<!-- This site is optimized with the Yoast SEO plugin v26.9 - https:\/\/yoast.com\/product\/yoast-seo-wordpress\/ -->\n<title>En Los \u00c1ngeles se realizar\u00e1 el Congreso Escolar de Ciencia y Tecnolog\u00eda de la Provincia de Biob\u00edo - Biob\u00edo<\/title>\n<meta name=\"robots\" content=\"index, follow, max-snippet:-1, max-image-preview:large, max-video-preview:-1\" \/>\n<link rel=\"canonical\" href=\"https:\/\/explora.cl\/biobio\/en-los-angeles-se-realizara-el-congreso-escolar-de-ciencia-y-tecnologia-de-la-provincia-de-biobio\/\" class=\"yoast-seo-meta-tag\" \/>\n<meta property=\"og:locale\" content=\"es_ES\" class=\"yoast-seo-meta-tag\" \/>\n<meta property=\"og:type\" content=\"article\" class=\"yoast-seo-meta-tag\" \/>\n<meta property=\"og:title\" content=\"En Los \u00c1ngeles se realizar\u00e1 el Congreso Escolar de Ciencia y Tecnolog\u00eda de la Provincia de Biob\u00edo - Biob\u00edo\" class=\"yoast-seo-meta-tag\" \/>\n<meta property=\"og:description\" content=\"Diversos proyectos cient\u00edficos se presentar\u00e1n en el Congreso Escolar de Ciencia y Tecnolog\u00eda de la Provincia de Biob\u00edo organizado por el PAR EXPLORA Biob\u00edo. La instancia, se llevar\u00e1 a cabo el jueves 24 de septiembre en el Polideportivo de Los \u00c1ngeles ubicado en calle Marconi entre Av. Alemania y Gabriela Mistral.&nbsp; La jornada permitir\u00e1 que [&hellip;]\" class=\"yoast-seo-meta-tag\" \/>\n<meta property=\"og:url\" content=\"https:\/\/explora.cl\/biobio\/en-los-angeles-se-realizara-el-congreso-escolar-de-ciencia-y-tecnologia-de-la-provincia-de-biobio\/\" class=\"yoast-seo-meta-tag\" \/>\n<meta property=\"og:site_name\" content=\"Biob\u00edo\" class=\"yoast-seo-meta-tag\" \/>\n<meta property=\"article:published_time\" content=\"2015-09-23T04:00:00+00:00\" class=\"yoast-seo-meta-tag\" \/>\n<meta property=\"article:modified_time\" content=\"2019-05-20T18:32:12+00:00\" class=\"yoast-seo-meta-tag\" \/>\n<meta property=\"og:image\" content=\"https:\/\/explora.cl\/biobio\/wp-content\/uploads\/sites\/14\/2018\/06\/dd54670ad03d5d96f73ad543c8576241.jpg\" class=\"yoast-seo-meta-tag\" \/>\n\t<meta property=\"og:image:width\" content=\"853\" class=\"yoast-seo-meta-tag\" \/>\n\t<meta property=\"og:image:height\" content=\"317\" class=\"yoast-seo-meta-tag\" \/>\n\t<meta property=\"og:image:type\" content=\"image\/jpeg\" class=\"yoast-seo-meta-tag\" \/>\n<meta name=\"author\" content=\"webman\" class=\"yoast-seo-meta-tag\" \/>\n<meta name=\"twitter:card\" content=\"summary_large_image\" class=\"yoast-seo-meta-tag\" \/>\n<meta name=\"twitter:label1\" content=\"Escrito por\" class=\"yoast-seo-meta-tag\" \/>\n\t<meta name=\"twitter:data1\" content=\"webman\" class=\"yoast-seo-meta-tag\" \/>\n\t<meta name=\"twitter:label2\" content=\"Tiempo estimado de lectura\" class=\"yoast-seo-meta-tag\" \/>\n\t<meta name=\"twitter:data2\" content=\"1 minuto\" class=\"yoast-seo-meta-tag\" \/>\n<script type=\"application\/ld+json\" class=\"yoast-schema-graph\">{\"@context\":\"https:\/\/schema.org\",\"@graph\":[{\"@type\":\"Article\",\"@id\":\"https:\/\/explora.cl\/biobio\/en-los-angeles-se-realizara-el-congreso-escolar-de-ciencia-y-tecnologia-de-la-provincia-de-biobio\/#article\",\"isPartOf\":{\"@id\":\"https:\/\/explora.cl\/biobio\/en-los-angeles-se-realizara-el-congreso-escolar-de-ciencia-y-tecnologia-de-la-provincia-de-biobio\/\"},\"author\":{\"name\":\"webman\",\"@id\":\"https:\/\/explora.cl\/biobio\/#\/schema\/person\/cb8349c13ea2d324080adf8480d7ba5d\"},\"headline\":\"En Los \u00c1ngeles se realizar\u00e1 el Congreso Escolar de Ciencia y Tecnolog\u00eda de la Provincia de Biob\u00edo\",\"datePublished\":\"2015-09-23T04:00:00+00:00\",\"dateModified\":\"2019-05-20T18:32:12+00:00\",\"mainEntityOfPage\":{\"@id\":\"https:\/\/explora.cl\/biobio\/en-los-angeles-se-realizara-el-congreso-escolar-de-ciencia-y-tecnologia-de-la-provincia-de-biobio\/\"},\"wordCount\":162,\"commentCount\":0,\"image\":{\"@id\":\"https:\/\/explora.cl\/biobio\/en-los-angeles-se-realizara-el-congreso-escolar-de-ciencia-y-tecnologia-de-la-provincia-de-biobio\/#primaryimage\"},\"thumbnailUrl\":\"https:\/\/explora.cl\/biobio\/wp-content\/uploads\/sites\/14\/2018\/06\/dd54670ad03d5d96f73ad543c8576241.jpg\",\"keywords\":[\"EXPLORA Biob\u00edo\"],\"articleSection\":[\"Noticias\"],\"inLanguage\":\"es-CL\",\"potentialAction\":[{\"@type\":\"CommentAction\",\"name\":\"Comment\",\"target\":[\"https:\/\/explora.cl\/biobio\/en-los-angeles-se-realizara-el-congreso-escolar-de-ciencia-y-tecnologia-de-la-provincia-de-biobio\/#respond\"]}]},{\"@type\":\"WebPage\",\"@id\":\"https:\/\/explora.cl\/biobio\/en-los-angeles-se-realizara-el-congreso-escolar-de-ciencia-y-tecnologia-de-la-provincia-de-biobio\/\",\"url\":\"https:\/\/explora.cl\/biobio\/en-los-angeles-se-realizara-el-congreso-escolar-de-ciencia-y-tecnologia-de-la-provincia-de-biobio\/\",\"name\":\"En Los \u00c1ngeles se realizar\u00e1 el Congreso Escolar de Ciencia y Tecnolog\u00eda de la Provincia de Biob\u00edo - Biob\u00edo\",\"isPartOf\":{\"@id\":\"https:\/\/explora.cl\/biobio\/#website\"},\"primaryImageOfPage\":{\"@id\":\"https:\/\/explora.cl\/biobio\/en-los-angeles-se-realizara-el-congreso-escolar-de-ciencia-y-tecnologia-de-la-provincia-de-biobio\/#primaryimage\"},\"image\":{\"@id\":\"https:\/\/explora.cl\/biobio\/en-los-angeles-se-realizara-el-congreso-escolar-de-ciencia-y-tecnologia-de-la-provincia-de-biobio\/#primaryimage\"},\"thumbnailUrl\":\"https:\/\/explora.cl\/biobio\/wp-content\/uploads\/sites\/14\/2018\/06\/dd54670ad03d5d96f73ad543c8576241.jpg\",\"datePublished\":\"2015-09-23T04:00:00+00:00\",\"dateModified\":\"2019-05-20T18:32:12+00:00\",\"author\":{\"@id\":\"https:\/\/explora.cl\/biobio\/#\/schema\/person\/cb8349c13ea2d324080adf8480d7ba5d\"},\"breadcrumb\":{\"@id\":\"https:\/\/explora.cl\/biobio\/en-los-angeles-se-realizara-el-congreso-escolar-de-ciencia-y-tecnologia-de-la-provincia-de-biobio\/#breadcrumb\"},\"inLanguage\":\"es-CL\",\"potentialAction\":[{\"@type\":\"ReadAction\",\"target\":[\"https:\/\/explora.cl\/biobio\/en-los-angeles-se-realizara-el-congreso-escolar-de-ciencia-y-tecnologia-de-la-provincia-de-biobio\/\"]}]},{\"@type\":\"ImageObject\",\"inLanguage\":\"es-CL\",\"@id\":\"https:\/\/explora.cl\/biobio\/en-los-angeles-se-realizara-el-congreso-escolar-de-ciencia-y-tecnologia-de-la-provincia-de-biobio\/#primaryimage\",\"url\":\"https:\/\/explora.cl\/biobio\/wp-content\/uploads\/sites\/14\/2018\/06\/dd54670ad03d5d96f73ad543c8576241.jpg\",\"contentUrl\":\"https:\/\/explora.cl\/biobio\/wp-content\/uploads\/sites\/14\/2018\/06\/dd54670ad03d5d96f73ad543c8576241.jpg\",\"width\":853,\"height\":317},{\"@type\":\"BreadcrumbList\",\"@id\":\"https:\/\/explora.cl\/biobio\/en-los-angeles-se-realizara-el-congreso-escolar-de-ciencia-y-tecnologia-de-la-provincia-de-biobio\/#breadcrumb\",\"itemListElement\":[{\"@type\":\"ListItem\",\"position\":1,\"name\":\"Portada\",\"item\":\"https:\/\/explora.cl\/biobio\/\"},{\"@type\":\"ListItem\",\"position\":2,\"name\":\"En Los \u00c1ngeles se realizar\u00e1 el Congreso Escolar de Ciencia y Tecnolog\u00eda de la Provincia de Biob\u00edo\"}]},{\"@type\":\"WebSite\",\"@id\":\"https:\/\/explora.cl\/biobio\/#website\",\"url\":\"https:\/\/explora.cl\/biobio\/\",\"name\":\"Biob\u00edo\",\"description\":\"Otro sitio m\u00e1s de explora.cl\",\"potentialAction\":[{\"@type\":\"SearchAction\",\"target\":{\"@type\":\"EntryPoint\",\"urlTemplate\":\"https:\/\/explora.cl\/biobio\/?s={search_term_string}\"},\"query-input\":{\"@type\":\"PropertyValueSpecification\",\"valueRequired\":true,\"valueName\":\"search_term_string\"}}],\"inLanguage\":\"es-CL\"},{\"@type\":\"Person\",\"@id\":\"https:\/\/explora.cl\/biobio\/#\/schema\/person\/cb8349c13ea2d324080adf8480d7ba5d\",\"name\":\"webman\",\"image\":{\"@type\":\"ImageObject\",\"inLanguage\":\"es-CL\",\"@id\":\"https:\/\/explora.cl\/biobio\/#\/schema\/person\/image\/\",\"url\":\"https:\/\/secure.gravatar.com\/avatar\/eeff3c82f2c02f7177d13663b7e6f890e9a6a0647ce9bb29cae02dcb094c7312?s=96&d=mm&r=g\",\"contentUrl\":\"https:\/\/secure.gravatar.com\/avatar\/eeff3c82f2c02f7177d13663b7e6f890e9a6a0647ce9bb29cae02dcb094c7312?s=96&d=mm&r=g\",\"caption\":\"webman\"},\"url\":\"https:\/\/explora.cl\/biobio\/author\/webman\/\"}]}<\/script>\n<!-- \/ Yoast SEO plugin. -->","yoast_head_json":{"title":"En Los \u00c1ngeles se realizar\u00e1 el Congreso Escolar de Ciencia y Tecnolog\u00eda de la Provincia de Biob\u00edo - Biob\u00edo","robots":{"index":"index","follow":"follow","max-snippet":"max-snippet:-1","max-image-preview":"max-image-preview:large","max-video-preview":"max-video-preview:-1"},"canonical":"https:\/\/explora.cl\/biobio\/en-los-angeles-se-realizara-el-congreso-escolar-de-ciencia-y-tecnologia-de-la-provincia-de-biobio\/","og_locale":"es_ES","og_type":"article","og_title":"En Los \u00c1ngeles se realizar\u00e1 el Congreso Escolar de Ciencia y Tecnolog\u00eda de la Provincia de Biob\u00edo - Biob\u00edo","og_description":"Diversos proyectos cient\u00edficos se presentar\u00e1n en el Congreso Escolar de Ciencia y Tecnolog\u00eda de la Provincia de Biob\u00edo organizado por el PAR EXPLORA Biob\u00edo. La instancia, se llevar\u00e1 a cabo el jueves 24 de septiembre en el Polideportivo de Los \u00c1ngeles ubicado en calle Marconi entre Av. Alemania y Gabriela Mistral.&nbsp; La jornada permitir\u00e1 que [&hellip;]","og_url":"https:\/\/explora.cl\/biobio\/en-los-angeles-se-realizara-el-congreso-escolar-de-ciencia-y-tecnologia-de-la-provincia-de-biobio\/","og_site_name":"Biob\u00edo","article_published_time":"2015-09-23T04:00:00+00:00","article_modified_time":"2019-05-20T18:32:12+00:00","og_image":[{"width":853,"height":317,"url":"https:\/\/explora.cl\/biobio\/wp-content\/uploads\/sites\/14\/2018\/06\/dd54670ad03d5d96f73ad543c8576241.jpg","type":"image\/jpeg"}],"author":"webman","twitter_card":"summary_large_image","twitter_misc":{"Escrito por":"webman","Tiempo estimado de lectura":"1 minuto"},"schema":{"@context":"https:\/\/schema.org","@graph":[{"@type":"Article","@id":"https:\/\/explora.cl\/biobio\/en-los-angeles-se-realizara-el-congreso-escolar-de-ciencia-y-tecnologia-de-la-provincia-de-biobio\/#article","isPartOf":{"@id":"https:\/\/explora.cl\/biobio\/en-los-angeles-se-realizara-el-congreso-escolar-de-ciencia-y-tecnologia-de-la-provincia-de-biobio\/"},"author":{"name":"webman","@id":"https:\/\/explora.cl\/biobio\/#\/schema\/person\/cb8349c13ea2d324080adf8480d7ba5d"},"headline":"En Los \u00c1ngeles se realizar\u00e1 el Congreso Escolar de Ciencia y Tecnolog\u00eda de la Provincia de Biob\u00edo","datePublished":"2015-09-23T04:00:00+00:00","dateModified":"2019-05-20T18:32:12+00:00","mainEntityOfPage":{"@id":"https:\/\/explora.cl\/biobio\/en-los-angeles-se-realizara-el-congreso-escolar-de-ciencia-y-tecnologia-de-la-provincia-de-biobio\/"},"wordCount":162,"commentCount":0,"image":{"@id":"https:\/\/explora.cl\/biobio\/en-los-angeles-se-realizara-el-congreso-escolar-de-ciencia-y-tecnologia-de-la-provincia-de-biobio\/#primaryimage"},"thumbnailUrl":"https:\/\/explora.cl\/biobio\/wp-content\/uploads\/sites\/14\/2018\/06\/dd54670ad03d5d96f73ad543c8576241.jpg","keywords":["EXPLORA Biob\u00edo"],"articleSection":["Noticias"],"inLanguage":"es-CL","potentialAction":[{"@type":"CommentAction","name":"Comment","target":["https:\/\/explora.cl\/biobio\/en-los-angeles-se-realizara-el-congreso-escolar-de-ciencia-y-tecnologia-de-la-provincia-de-biobio\/#respond"]}]},{"@type":"WebPage","@id":"https:\/\/explora.cl\/biobio\/en-los-angeles-se-realizara-el-congreso-escolar-de-ciencia-y-tecnologia-de-la-provincia-de-biobio\/","url":"https:\/\/explora.cl\/biobio\/en-los-angeles-se-realizara-el-congreso-escolar-de-ciencia-y-tecnologia-de-la-provincia-de-biobio\/","name":"En Los \u00c1ngeles se realizar\u00e1 el Congreso Escolar de Ciencia y Tecnolog\u00eda de la Provincia de Biob\u00edo - Biob\u00edo","isPartOf":{"@id":"https:\/\/explora.cl\/biobio\/#website"},"primaryImageOfPage":{"@id":"https:\/\/explora.cl\/biobio\/en-los-angeles-se-realizara-el-congreso-escolar-de-ciencia-y-tecnologia-de-la-provincia-de-biobio\/#primaryimage"},"image":{"@id":"https:\/\/explora.cl\/biobio\/en-los-angeles-se-realizara-el-congreso-escolar-de-ciencia-y-tecnologia-de-la-provincia-de-biobio\/#primaryimage"},"thumbnailUrl":"https:\/\/explora.cl\/biobio\/wp-content\/uploads\/sites\/14\/2018\/06\/dd54670ad03d5d96f73ad543c8576241.jpg","datePublished":"2015-09-23T04:00:00+00:00","dateModified":"2019-05-20T18:32:12+00:00","author":{"@id":"https:\/\/explora.cl\/biobio\/#\/schema\/person\/cb8349c13ea2d324080adf8480d7ba5d"},"breadcrumb":{"@id":"https:\/\/explora.cl\/biobio\/en-los-angeles-se-realizara-el-congreso-escolar-de-ciencia-y-tecnologia-de-la-provincia-de-biobio\/#breadcrumb"},"inLanguage":"es-CL","potentialAction":[{"@type":"ReadAction","target":["https:\/\/explora.cl\/biobio\/en-los-angeles-se-realizara-el-congreso-escolar-de-ciencia-y-tecnologia-de-la-provincia-de-biobio\/"]}]},{"@type":"ImageObject","inLanguage":"es-CL","@id":"https:\/\/explora.cl\/biobio\/en-los-angeles-se-realizara-el-congreso-escolar-de-ciencia-y-tecnologia-de-la-provincia-de-biobio\/#primaryimage","url":"https:\/\/explora.cl\/biobio\/wp-content\/uploads\/sites\/14\/2018\/06\/dd54670ad03d5d96f73ad543c8576241.jpg","contentUrl":"https:\/\/explora.cl\/biobio\/wp-content\/uploads\/sites\/14\/2018\/06\/dd54670ad03d5d96f73ad543c8576241.jpg","width":853,"height":317},{"@type":"BreadcrumbList","@id":"https:\/\/explora.cl\/biobio\/en-los-angeles-se-realizara-el-congreso-escolar-de-ciencia-y-tecnologia-de-la-provincia-de-biobio\/#breadcrumb","itemListElement":[{"@type":"ListItem","position":1,"name":"Portada","item":"https:\/\/explora.cl\/biobio\/"},{"@type":"ListItem","position":2,"name":"En Los \u00c1ngeles se realizar\u00e1 el Congreso Escolar de Ciencia y Tecnolog\u00eda de la Provincia de Biob\u00edo"}]},{"@type":"WebSite","@id":"https:\/\/explora.cl\/biobio\/#website","url":"https:\/\/explora.cl\/biobio\/","name":"Biob\u00edo","description":"Otro sitio m\u00e1s de explora.cl","potentialAction":[{"@type":"SearchAction","target":{"@type":"EntryPoint","urlTemplate":"https:\/\/explora.cl\/biobio\/?s={search_term_string}"},"query-input":{"@type":"PropertyValueSpecification","valueRequired":true,"valueName":"search_term_string"}}],"inLanguage":"es-CL"},{"@type":"Person","@id":"https:\/\/explora.cl\/biobio\/#\/schema\/person\/cb8349c13ea2d324080adf8480d7ba5d","name":"webman","image":{"@type":"ImageObject","inLanguage":"es-CL","@id":"https:\/\/explora.cl\/biobio\/#\/schema\/person\/image\/","url":"https:\/\/secure.gravatar.com\/avatar\/eeff3c82f2c02f7177d13663b7e6f890e9a6a0647ce9bb29cae02dcb094c7312?s=96&d=mm&r=g","contentUrl":"https:\/\/secure.gravatar.com\/avatar\/eeff3c82f2c02f7177d13663b7e6f890e9a6a0647ce9bb29cae02dcb094c7312?s=96&d=mm&r=g","caption":"webman"},"url":"https:\/\/explora.cl\/biobio\/author\/webman\/"}]}},"_links":{"self":[{"href":"https:\/\/explora.cl\/biobio\/wp-json\/wp\/v2\/posts\/857","targetHints":{"allow":["GET"]}}],"collection":[{"href":"https:\/\/explora.cl\/biobio\/wp-json\/wp\/v2\/posts"}],"about":[{"href":"https:\/\/explora.cl\/biobio\/wp-json\/wp\/v2\/types\/post"}],"author":[{"embeddable":true,"href":"https:\/\/explora.cl\/biobio\/wp-json\/wp\/v2\/users\/2"}],"replies":[{"embeddable":true,"href":"https:\/\/explora.cl\/biobio\/wp-json\/wp\/v2\/comments?post=857"}],"version-history":[{"count":1,"href":"https:\/\/explora.cl\/biobio\/wp-json\/wp\/v2\/posts\/857\/revisions"}],"predecessor-version":[{"id":37841,"href":"https:\/\/explora.cl\/biobio\/wp-json\/wp\/v2\/posts\/857\/revisions\/37841"}],"wp:featuredmedia":[{"embeddable":true,"href":"https:\/\/explora.cl\/biobio\/wp-json\/wp\/v2\/media\/858"}],"wp:attachment":[{"href":"https:\/\/explora.cl\/biobio\/wp-json\/wp\/v2\/media?parent=857"}],"wp:term":[{"taxonomy":"category","embeddable":true,"href":"https:\/\/explora.cl\/biobio\/wp-json\/wp\/v2\/categories?post=857"},{"taxonomy":"post_tag","embeddable":true,"href":"https:\/\/explora.cl\/biobio\/wp-json\/wp\/v2\/tags?post=857"}],"curies":[{"name":"wp","href":"https:\/\/api.w.org\/{rel}","templated":true}]}}