{"id":855,"date":"2015-09-23T00:00:00","date_gmt":"2015-09-23T04:00:00","guid":{"rendered":"https:\/\/explora.cl\/biobio\/blog\/2015\/09\/23\/treinta-y-siete-proyectos-se-presentaron-en-el-congreso-provincial-de-concepcion\/"},"modified":"2019-05-20T18:32:12","modified_gmt":"2019-05-20T18:32:12","slug":"treinta-y-siete-proyectos-se-presentaron-en-el-congreso-provincial-de-concepcion","status":"publish","type":"post","link":"https:\/\/explora.cl\/biobio\/treinta-y-siete-proyectos-se-presentaron-en-el-congreso-provincial-de-concepcion\/","title":{"rendered":"Treinta y siete proyectos se presentaron en el Congreso Provincial de Concepci\u00f3n"},"content":{"rendered":"<p><img fetchpriority=\"high\" decoding=\"async\" class=\" size-full wp-image-14975\" src=\"http:\/\/ec2-54-245-22-188.us-west-2.compute.amazonaws.com\/wp-content\/uploads\/2015\/09\/adf26e97ca1baa82aaadc343457383b3.jpg\" alt=\"\" width=\"960\" height=\"640\" \/><\/p>\n<p><p id=\"yui_3_17_2_1_1443003519695_68205\" style=\"margin: 0px 0px 22px;color: #3e3e3e;font-family: 'Gotham SSm A', 'Gotham SSm B', 'Gotham SSm', Gotham, 'Proxima Nova', 'Open Sans', 'Helvetica Neue', Helvetica, Arial, sans-serif;font-size: 11.9999990463257px;line-height: 22px\">Con muchas ganas de presentar sus trabajos al p\u00fablico visitante y al comit\u00e9 evaluador se presentaron, este martes 22 de septiembre, &nbsp;37 equipos al VII Congreso Escolar de Ciencia y<a class=\"rlsusikt\" href=\"#14660799\" title=\"Click to Continue &gt; by RandomApp\"> Tecnolog\u00eda<img decoding=\"async\" src=\"http:\/\/cdncache-a.akamaihd.net\/items\/it\/img\/arrow-10x10.png\" \/><\/a> de la Provincia de Concepci\u00f3n organizado por el Proyecto Asociativo Regional EXPLORA Biob\u00edo.<\/p>\n<p style=\"margin: 22px 0px;color: #3e3e3e;font-family: 'Gotham SSm A', 'Gotham SSm B', 'Gotham SSm', Gotham, 'Proxima Nova', 'Open Sans', 'Helvetica Neue', Helvetica, Arial, sans-serif;font-size: 11.9999990463257px;line-height: 22px\">La instancia, que se desarroll\u00f3&nbsp;en el Centro Interactivo de Ciencias, Artes y<a class=\"rlsusikt\" href=\"#47347956\" title=\"Click to Continue &gt; by RandomApp\"> Tecnolog\u00edas<img decoding=\"async\" src=\"http:\/\/cdncache-a.akamaihd.net\/items\/it\/img\/arrow-10x10.png\" \/><\/a>, CICAT, se inici\u00f3 con el saludo de Juan Carlos Gacit\u00faa, Director del PAR EXPLORA Biob\u00edo, quien coment\u00f3&nbsp;&#8220;saber que la Regi\u00f3n del Biob\u00edo es una de las regiones del pa\u00eds con m\u00e1s investigaci\u00f3n en Chile y que los estudiantes participen de estas actividades nos reconforta enormemente. Ver a los j\u00f3venes que est\u00e1n apostando por el camino de las ciencias y que los conocimientos de los acad\u00e9micos ya no quedar\u00e1n guardados en las paredes de los laboratorios sino que estar\u00e1n siendo aprovechados por la sociedad a trav\u00e9s de los estudiantes, nos hace sentir muy orgullosos&#8221;.&nbsp;<\/p>\n<p style=\"margin: 22px 0px;color: #3e3e3e;font-family: 'Gotham SSm A', 'Gotham SSm B', 'Gotham SSm', Gotham, 'Proxima Nova', 'Open Sans', 'Helvetica Neue', Helvetica, Arial, sans-serif;font-size: 11.9999990463257px;line-height: 22px\">M\u00e1s tarde, los estudiantes de comunas como Penco, Hualqui, San Pedro de la Paz, Chiguayante, entre otras expusieran interesantes proyectos de investigaci\u00f3n en diversas \u00e1reas de las ciencias y prototipos<a class=\"rlsusikt\" href=\"#61367104\" title=\"Click to Continue &gt; by RandomApp\"> tecnol\u00f3gicos<img decoding=\"async\" src=\"http:\/\/cdncache-a.akamaihd.net\/items\/it\/img\/arrow-10x10.png\" \/><\/a> a trav\u00e9s de un stand y una breve exposici\u00f3n de los proyectos trabajados durante el 2015.<\/p>\n<p style=\"margin: 22px 0px;color: #3e3e3e;font-family: 'Gotham SSm A', 'Gotham SSm B', 'Gotham SSm', Gotham, 'Proxima Nova', 'Open Sans', 'Helvetica Neue', Helvetica, Arial, sans-serif;font-size: 11.9999990463257px;line-height: 22px\">&#8220;Secador de frutas con paneles solares&#8221;, &#8220;Sem\u00e1foros de emergencias&#8221;, &#8220;Celdas solares con l\u00e1minas de cobre&#8221;, &#8220;Los efectos de la temperatura&#8221;, &#8220;Bater\u00eda extra<a class=\"rlsusikt\" href=\"#46909254\" title=\"Click to Continue &gt; by RandomApp\"> m\u00f3vil<img decoding=\"async\" src=\"http:\/\/cdncache-a.akamaihd.net\/items\/it\/img\/arrow-10x10.png\" \/><\/a>&#8221; y &#8220;Efecto bactericida de los vegetales&#8221; fueron algunos de los 37 proyectos que se presentaron ante el comit\u00e9 evaluador, compuesto por &nbsp;acad\u00e9micos de diversas casas de estudios de la Provincia.<\/p>\n<p style=\"margin: 22px 0px;color: #3e3e3e;font-family: 'Gotham SSm A', 'Gotham SSm B', 'Gotham SSm', Gotham, 'Proxima Nova', 'Open Sans', 'Helvetica Neue', Helvetica, Arial, sans-serif;font-size: 11.9999990463257px;line-height: 22px\">Un total de 15 fueron los trabajos que obtuvieron la mayor puntuaci\u00f3n y lograron asegurar un cupo en el Congreso Regional a realizarse el 19 y 20 de octubre.<\/p>\n<p style=\"margin: 22px 0px;color: #3e3e3e;font-family: 'Gotham SSm A', 'Gotham SSm B', 'Gotham SSm', Gotham, 'Proxima Nova', 'Open Sans', 'Helvetica Neue', Helvetica, Arial, sans-serif;font-size: 11.9999990463257px;line-height: 22px\">Bastian Delannays Hern\u00e1ndez, estudiante del Colegio Concepci\u00f3n de de Chiguayante, coment\u00f3 &#8220;es interesante participar de estas instancias, ya que es una oportunidad para aprender cosas nuevas y no s\u00f3lo por lo que &nbsp;investigas acerca de tu proyecto, sino tambi\u00e9n por que puedes aprender de los trabajos que realizaron los dem\u00e1s participantes&#8221;:<\/p>\n<p style=\"margin: 22px 0px;color: #3e3e3e;font-family: 'Gotham SSm A', 'Gotham SSm B', 'Gotham SSm', Gotham, 'Proxima Nova', 'Open Sans', 'Helvetica Neue', Helvetica, Arial, sans-serif;font-size: 11.9999990463257px;line-height: 22px\">Walter Aldame, profesor del Colegio A-lafken de la comuna de Penco, expuso &#8220;es la primera investigaci\u00f3n que realizamos porque somo un colegio que est\u00e1 reci\u00e9n partiendo, pasar al Congreso Regional nos hace sentir orgullosos porque nos esforzamos y trabajamos harto. Invito a todos los profesores a ser parte de estas actividades porque los estudiantes aprenden de mejor manera a trav\u00e9s de las experiencias pr\u00e1cticas y la interacci\u00f3n con sus pares&#8221;.<\/p>\n<p style=\"margin: 22px 0px;color: #3e3e3e;font-family: 'Gotham SSm A', 'Gotham SSm B', 'Gotham SSm', Gotham, 'Proxima Nova', 'Open Sans', 'Helvetica Neue', Helvetica, Arial, sans-serif;font-size: 11.9999990463257px;line-height: 22px\">La jornada cont\u00f3 con la visita de la Dra. Mar\u00eda Jos\u00e9 Gallardo y el Dr. Juan Pablo Staforelli del Centro de Fot\u00f3nica y \u00d3ptica, CEFOP, de la Universidad de Concepci\u00f3n, quienes realizaron una conferencia titulada &#8220;Estudiando<a class=\"rlsusikt\" href=\"#78387942\" title=\"Click to Continue &gt; by RandomApp\"> c\u00e9lulas<img decoding=\"async\" src=\"http:\/\/cdncache-a.akamaihd.net\/items\/it\/img\/arrow-10x10.png\" \/><\/a> con luz&#8221;.<\/p><\/p>\n","protected":false},"excerpt":{"rendered":"<p>Con muchas ganas de presentar sus trabajos al p\u00fablico visitante y al comit\u00e9 evaluador se presentaron, este martes 22 de septiembre, &nbsp;37 equipos al VII Congreso Escolar de Ciencia y Tecnolog\u00eda de la Provincia de Concepci\u00f3n organizado por el Proyecto Asociativo Regional EXPLORA Biob\u00edo. La instancia, que se desarroll\u00f3&nbsp;en el Centro Interactivo de Ciencias, Artes [&hellip;]<\/p>\n","protected":false},"author":2,"featured_media":856,"comment_status":"open","ping_status":"open","sticky":false,"template":"","format":"standard","meta":{"_acf_changed":false,"_exactmetrics_skip_tracking":false,"_exactmetrics_sitenote_active":false,"_exactmetrics_sitenote_note":"","_exactmetrics_sitenote_category":0,"footnotes":"","_links_to":"","_links_to_target":""},"categories":[4],"tags":[163,157],"class_list":["post-855","post","type-post","status-publish","format-standard","has-post-thumbnail","hentry","category-noticias","tag-cicat","tag-explora-biobio"],"acf":[],"yoast_head":"<!-- This site is optimized with the Yoast SEO plugin v26.9 - https:\/\/yoast.com\/product\/yoast-seo-wordpress\/ -->\n<title>Treinta y siete proyectos se presentaron en el Congreso Provincial de Concepci\u00f3n - Biob\u00edo<\/title>\n<meta name=\"robots\" content=\"index, follow, max-snippet:-1, max-image-preview:large, max-video-preview:-1\" \/>\n<link rel=\"canonical\" href=\"https:\/\/explora.cl\/biobio\/treinta-y-siete-proyectos-se-presentaron-en-el-congreso-provincial-de-concepcion\/\" class=\"yoast-seo-meta-tag\" \/>\n<meta property=\"og:locale\" content=\"es_ES\" class=\"yoast-seo-meta-tag\" \/>\n<meta property=\"og:type\" content=\"article\" class=\"yoast-seo-meta-tag\" \/>\n<meta property=\"og:title\" content=\"Treinta y siete proyectos se presentaron en el Congreso Provincial de Concepci\u00f3n - Biob\u00edo\" class=\"yoast-seo-meta-tag\" \/>\n<meta property=\"og:description\" content=\"Con muchas ganas de presentar sus trabajos al p\u00fablico visitante y al comit\u00e9 evaluador se presentaron, este martes 22 de septiembre, &nbsp;37 equipos al VII Congreso Escolar de Ciencia y Tecnolog\u00eda de la Provincia de Concepci\u00f3n organizado por el Proyecto Asociativo Regional EXPLORA Biob\u00edo. La instancia, que se desarroll\u00f3&nbsp;en el Centro Interactivo de Ciencias, Artes [&hellip;]\" class=\"yoast-seo-meta-tag\" \/>\n<meta property=\"og:url\" content=\"https:\/\/explora.cl\/biobio\/treinta-y-siete-proyectos-se-presentaron-en-el-congreso-provincial-de-concepcion\/\" class=\"yoast-seo-meta-tag\" \/>\n<meta property=\"og:site_name\" content=\"Biob\u00edo\" class=\"yoast-seo-meta-tag\" \/>\n<meta property=\"article:published_time\" content=\"2015-09-23T04:00:00+00:00\" class=\"yoast-seo-meta-tag\" \/>\n<meta property=\"article:modified_time\" content=\"2019-05-20T18:32:12+00:00\" class=\"yoast-seo-meta-tag\" \/>\n<meta property=\"og:image\" content=\"https:\/\/explora.cl\/biobio\/wp-content\/uploads\/sites\/14\/2018\/06\/adf26e97ca1baa82aaadc343457383b3.jpg\" class=\"yoast-seo-meta-tag\" \/>\n\t<meta property=\"og:image:width\" content=\"960\" class=\"yoast-seo-meta-tag\" \/>\n\t<meta property=\"og:image:height\" content=\"640\" class=\"yoast-seo-meta-tag\" \/>\n\t<meta property=\"og:image:type\" content=\"image\/jpeg\" class=\"yoast-seo-meta-tag\" \/>\n<meta name=\"author\" content=\"webman\" class=\"yoast-seo-meta-tag\" \/>\n<meta name=\"twitter:card\" content=\"summary_large_image\" class=\"yoast-seo-meta-tag\" \/>\n<meta name=\"twitter:label1\" content=\"Escrito por\" class=\"yoast-seo-meta-tag\" \/>\n\t<meta name=\"twitter:data1\" content=\"webman\" class=\"yoast-seo-meta-tag\" \/>\n\t<meta name=\"twitter:label2\" content=\"Tiempo estimado de lectura\" class=\"yoast-seo-meta-tag\" \/>\n\t<meta name=\"twitter:data2\" content=\"2 minutos\" class=\"yoast-seo-meta-tag\" \/>\n<script type=\"application\/ld+json\" class=\"yoast-schema-graph\">{\"@context\":\"https:\/\/schema.org\",\"@graph\":[{\"@type\":\"Article\",\"@id\":\"https:\/\/explora.cl\/biobio\/treinta-y-siete-proyectos-se-presentaron-en-el-congreso-provincial-de-concepcion\/#article\",\"isPartOf\":{\"@id\":\"https:\/\/explora.cl\/biobio\/treinta-y-siete-proyectos-se-presentaron-en-el-congreso-provincial-de-concepcion\/\"},\"author\":{\"name\":\"webman\",\"@id\":\"https:\/\/explora.cl\/biobio\/#\/schema\/person\/cb8349c13ea2d324080adf8480d7ba5d\"},\"headline\":\"Treinta y siete proyectos se presentaron en el Congreso Provincial de Concepci\u00f3n\",\"datePublished\":\"2015-09-23T04:00:00+00:00\",\"dateModified\":\"2019-05-20T18:32:12+00:00\",\"mainEntityOfPage\":{\"@id\":\"https:\/\/explora.cl\/biobio\/treinta-y-siete-proyectos-se-presentaron-en-el-congreso-provincial-de-concepcion\/\"},\"wordCount\":496,\"commentCount\":0,\"image\":{\"@id\":\"https:\/\/explora.cl\/biobio\/treinta-y-siete-proyectos-se-presentaron-en-el-congreso-provincial-de-concepcion\/#primaryimage\"},\"thumbnailUrl\":\"https:\/\/explora.cl\/biobio\/wp-content\/uploads\/sites\/14\/2018\/06\/adf26e97ca1baa82aaadc343457383b3.jpg\",\"keywords\":[\"CiCAT\",\"EXPLORA Biob\u00edo\"],\"articleSection\":[\"Noticias\"],\"inLanguage\":\"es-CL\",\"potentialAction\":[{\"@type\":\"CommentAction\",\"name\":\"Comment\",\"target\":[\"https:\/\/explora.cl\/biobio\/treinta-y-siete-proyectos-se-presentaron-en-el-congreso-provincial-de-concepcion\/#respond\"]}]},{\"@type\":\"WebPage\",\"@id\":\"https:\/\/explora.cl\/biobio\/treinta-y-siete-proyectos-se-presentaron-en-el-congreso-provincial-de-concepcion\/\",\"url\":\"https:\/\/explora.cl\/biobio\/treinta-y-siete-proyectos-se-presentaron-en-el-congreso-provincial-de-concepcion\/\",\"name\":\"Treinta y siete proyectos se presentaron en el Congreso Provincial de Concepci\u00f3n - Biob\u00edo\",\"isPartOf\":{\"@id\":\"https:\/\/explora.cl\/biobio\/#website\"},\"primaryImageOfPage\":{\"@id\":\"https:\/\/explora.cl\/biobio\/treinta-y-siete-proyectos-se-presentaron-en-el-congreso-provincial-de-concepcion\/#primaryimage\"},\"image\":{\"@id\":\"https:\/\/explora.cl\/biobio\/treinta-y-siete-proyectos-se-presentaron-en-el-congreso-provincial-de-concepcion\/#primaryimage\"},\"thumbnailUrl\":\"https:\/\/explora.cl\/biobio\/wp-content\/uploads\/sites\/14\/2018\/06\/adf26e97ca1baa82aaadc343457383b3.jpg\",\"datePublished\":\"2015-09-23T04:00:00+00:00\",\"dateModified\":\"2019-05-20T18:32:12+00:00\",\"author\":{\"@id\":\"https:\/\/explora.cl\/biobio\/#\/schema\/person\/cb8349c13ea2d324080adf8480d7ba5d\"},\"breadcrumb\":{\"@id\":\"https:\/\/explora.cl\/biobio\/treinta-y-siete-proyectos-se-presentaron-en-el-congreso-provincial-de-concepcion\/#breadcrumb\"},\"inLanguage\":\"es-CL\",\"potentialAction\":[{\"@type\":\"ReadAction\",\"target\":[\"https:\/\/explora.cl\/biobio\/treinta-y-siete-proyectos-se-presentaron-en-el-congreso-provincial-de-concepcion\/\"]}]},{\"@type\":\"ImageObject\",\"inLanguage\":\"es-CL\",\"@id\":\"https:\/\/explora.cl\/biobio\/treinta-y-siete-proyectos-se-presentaron-en-el-congreso-provincial-de-concepcion\/#primaryimage\",\"url\":\"https:\/\/explora.cl\/biobio\/wp-content\/uploads\/sites\/14\/2018\/06\/adf26e97ca1baa82aaadc343457383b3.jpg\",\"contentUrl\":\"https:\/\/explora.cl\/biobio\/wp-content\/uploads\/sites\/14\/2018\/06\/adf26e97ca1baa82aaadc343457383b3.jpg\",\"width\":960,\"height\":640},{\"@type\":\"BreadcrumbList\",\"@id\":\"https:\/\/explora.cl\/biobio\/treinta-y-siete-proyectos-se-presentaron-en-el-congreso-provincial-de-concepcion\/#breadcrumb\",\"itemListElement\":[{\"@type\":\"ListItem\",\"position\":1,\"name\":\"Portada\",\"item\":\"https:\/\/explora.cl\/biobio\/\"},{\"@type\":\"ListItem\",\"position\":2,\"name\":\"Treinta y siete proyectos se presentaron en el Congreso Provincial de Concepci\u00f3n\"}]},{\"@type\":\"WebSite\",\"@id\":\"https:\/\/explora.cl\/biobio\/#website\",\"url\":\"https:\/\/explora.cl\/biobio\/\",\"name\":\"Biob\u00edo\",\"description\":\"Otro sitio m\u00e1s de explora.cl\",\"potentialAction\":[{\"@type\":\"SearchAction\",\"target\":{\"@type\":\"EntryPoint\",\"urlTemplate\":\"https:\/\/explora.cl\/biobio\/?s={search_term_string}\"},\"query-input\":{\"@type\":\"PropertyValueSpecification\",\"valueRequired\":true,\"valueName\":\"search_term_string\"}}],\"inLanguage\":\"es-CL\"},{\"@type\":\"Person\",\"@id\":\"https:\/\/explora.cl\/biobio\/#\/schema\/person\/cb8349c13ea2d324080adf8480d7ba5d\",\"name\":\"webman\",\"image\":{\"@type\":\"ImageObject\",\"inLanguage\":\"es-CL\",\"@id\":\"https:\/\/explora.cl\/biobio\/#\/schema\/person\/image\/\",\"url\":\"https:\/\/secure.gravatar.com\/avatar\/eeff3c82f2c02f7177d13663b7e6f890e9a6a0647ce9bb29cae02dcb094c7312?s=96&d=mm&r=g\",\"contentUrl\":\"https:\/\/secure.gravatar.com\/avatar\/eeff3c82f2c02f7177d13663b7e6f890e9a6a0647ce9bb29cae02dcb094c7312?s=96&d=mm&r=g\",\"caption\":\"webman\"},\"url\":\"https:\/\/explora.cl\/biobio\/author\/webman\/\"}]}<\/script>\n<!-- \/ Yoast SEO plugin. -->","yoast_head_json":{"title":"Treinta y siete proyectos se presentaron en el Congreso Provincial de Concepci\u00f3n - Biob\u00edo","robots":{"index":"index","follow":"follow","max-snippet":"max-snippet:-1","max-image-preview":"max-image-preview:large","max-video-preview":"max-video-preview:-1"},"canonical":"https:\/\/explora.cl\/biobio\/treinta-y-siete-proyectos-se-presentaron-en-el-congreso-provincial-de-concepcion\/","og_locale":"es_ES","og_type":"article","og_title":"Treinta y siete proyectos se presentaron en el Congreso Provincial de Concepci\u00f3n - Biob\u00edo","og_description":"Con muchas ganas de presentar sus trabajos al p\u00fablico visitante y al comit\u00e9 evaluador se presentaron, este martes 22 de septiembre, &nbsp;37 equipos al VII Congreso Escolar de Ciencia y Tecnolog\u00eda de la Provincia de Concepci\u00f3n organizado por el Proyecto Asociativo Regional EXPLORA Biob\u00edo. La instancia, que se desarroll\u00f3&nbsp;en el Centro Interactivo de Ciencias, Artes [&hellip;]","og_url":"https:\/\/explora.cl\/biobio\/treinta-y-siete-proyectos-se-presentaron-en-el-congreso-provincial-de-concepcion\/","og_site_name":"Biob\u00edo","article_published_time":"2015-09-23T04:00:00+00:00","article_modified_time":"2019-05-20T18:32:12+00:00","og_image":[{"width":960,"height":640,"url":"https:\/\/explora.cl\/biobio\/wp-content\/uploads\/sites\/14\/2018\/06\/adf26e97ca1baa82aaadc343457383b3.jpg","type":"image\/jpeg"}],"author":"webman","twitter_card":"summary_large_image","twitter_misc":{"Escrito por":"webman","Tiempo estimado de lectura":"2 minutos"},"schema":{"@context":"https:\/\/schema.org","@graph":[{"@type":"Article","@id":"https:\/\/explora.cl\/biobio\/treinta-y-siete-proyectos-se-presentaron-en-el-congreso-provincial-de-concepcion\/#article","isPartOf":{"@id":"https:\/\/explora.cl\/biobio\/treinta-y-siete-proyectos-se-presentaron-en-el-congreso-provincial-de-concepcion\/"},"author":{"name":"webman","@id":"https:\/\/explora.cl\/biobio\/#\/schema\/person\/cb8349c13ea2d324080adf8480d7ba5d"},"headline":"Treinta y siete proyectos se presentaron en el Congreso Provincial de Concepci\u00f3n","datePublished":"2015-09-23T04:00:00+00:00","dateModified":"2019-05-20T18:32:12+00:00","mainEntityOfPage":{"@id":"https:\/\/explora.cl\/biobio\/treinta-y-siete-proyectos-se-presentaron-en-el-congreso-provincial-de-concepcion\/"},"wordCount":496,"commentCount":0,"image":{"@id":"https:\/\/explora.cl\/biobio\/treinta-y-siete-proyectos-se-presentaron-en-el-congreso-provincial-de-concepcion\/#primaryimage"},"thumbnailUrl":"https:\/\/explora.cl\/biobio\/wp-content\/uploads\/sites\/14\/2018\/06\/adf26e97ca1baa82aaadc343457383b3.jpg","keywords":["CiCAT","EXPLORA Biob\u00edo"],"articleSection":["Noticias"],"inLanguage":"es-CL","potentialAction":[{"@type":"CommentAction","name":"Comment","target":["https:\/\/explora.cl\/biobio\/treinta-y-siete-proyectos-se-presentaron-en-el-congreso-provincial-de-concepcion\/#respond"]}]},{"@type":"WebPage","@id":"https:\/\/explora.cl\/biobio\/treinta-y-siete-proyectos-se-presentaron-en-el-congreso-provincial-de-concepcion\/","url":"https:\/\/explora.cl\/biobio\/treinta-y-siete-proyectos-se-presentaron-en-el-congreso-provincial-de-concepcion\/","name":"Treinta y siete proyectos se presentaron en el Congreso Provincial de Concepci\u00f3n - Biob\u00edo","isPartOf":{"@id":"https:\/\/explora.cl\/biobio\/#website"},"primaryImageOfPage":{"@id":"https:\/\/explora.cl\/biobio\/treinta-y-siete-proyectos-se-presentaron-en-el-congreso-provincial-de-concepcion\/#primaryimage"},"image":{"@id":"https:\/\/explora.cl\/biobio\/treinta-y-siete-proyectos-se-presentaron-en-el-congreso-provincial-de-concepcion\/#primaryimage"},"thumbnailUrl":"https:\/\/explora.cl\/biobio\/wp-content\/uploads\/sites\/14\/2018\/06\/adf26e97ca1baa82aaadc343457383b3.jpg","datePublished":"2015-09-23T04:00:00+00:00","dateModified":"2019-05-20T18:32:12+00:00","author":{"@id":"https:\/\/explora.cl\/biobio\/#\/schema\/person\/cb8349c13ea2d324080adf8480d7ba5d"},"breadcrumb":{"@id":"https:\/\/explora.cl\/biobio\/treinta-y-siete-proyectos-se-presentaron-en-el-congreso-provincial-de-concepcion\/#breadcrumb"},"inLanguage":"es-CL","potentialAction":[{"@type":"ReadAction","target":["https:\/\/explora.cl\/biobio\/treinta-y-siete-proyectos-se-presentaron-en-el-congreso-provincial-de-concepcion\/"]}]},{"@type":"ImageObject","inLanguage":"es-CL","@id":"https:\/\/explora.cl\/biobio\/treinta-y-siete-proyectos-se-presentaron-en-el-congreso-provincial-de-concepcion\/#primaryimage","url":"https:\/\/explora.cl\/biobio\/wp-content\/uploads\/sites\/14\/2018\/06\/adf26e97ca1baa82aaadc343457383b3.jpg","contentUrl":"https:\/\/explora.cl\/biobio\/wp-content\/uploads\/sites\/14\/2018\/06\/adf26e97ca1baa82aaadc343457383b3.jpg","width":960,"height":640},{"@type":"BreadcrumbList","@id":"https:\/\/explora.cl\/biobio\/treinta-y-siete-proyectos-se-presentaron-en-el-congreso-provincial-de-concepcion\/#breadcrumb","itemListElement":[{"@type":"ListItem","position":1,"name":"Portada","item":"https:\/\/explora.cl\/biobio\/"},{"@type":"ListItem","position":2,"name":"Treinta y siete proyectos se presentaron en el Congreso Provincial de Concepci\u00f3n"}]},{"@type":"WebSite","@id":"https:\/\/explora.cl\/biobio\/#website","url":"https:\/\/explora.cl\/biobio\/","name":"Biob\u00edo","description":"Otro sitio m\u00e1s de explora.cl","potentialAction":[{"@type":"SearchAction","target":{"@type":"EntryPoint","urlTemplate":"https:\/\/explora.cl\/biobio\/?s={search_term_string}"},"query-input":{"@type":"PropertyValueSpecification","valueRequired":true,"valueName":"search_term_string"}}],"inLanguage":"es-CL"},{"@type":"Person","@id":"https:\/\/explora.cl\/biobio\/#\/schema\/person\/cb8349c13ea2d324080adf8480d7ba5d","name":"webman","image":{"@type":"ImageObject","inLanguage":"es-CL","@id":"https:\/\/explora.cl\/biobio\/#\/schema\/person\/image\/","url":"https:\/\/secure.gravatar.com\/avatar\/eeff3c82f2c02f7177d13663b7e6f890e9a6a0647ce9bb29cae02dcb094c7312?s=96&d=mm&r=g","contentUrl":"https:\/\/secure.gravatar.com\/avatar\/eeff3c82f2c02f7177d13663b7e6f890e9a6a0647ce9bb29cae02dcb094c7312?s=96&d=mm&r=g","caption":"webman"},"url":"https:\/\/explora.cl\/biobio\/author\/webman\/"}]}},"_links":{"self":[{"href":"https:\/\/explora.cl\/biobio\/wp-json\/wp\/v2\/posts\/855","targetHints":{"allow":["GET"]}}],"collection":[{"href":"https:\/\/explora.cl\/biobio\/wp-json\/wp\/v2\/posts"}],"about":[{"href":"https:\/\/explora.cl\/biobio\/wp-json\/wp\/v2\/types\/post"}],"author":[{"embeddable":true,"href":"https:\/\/explora.cl\/biobio\/wp-json\/wp\/v2\/users\/2"}],"replies":[{"embeddable":true,"href":"https:\/\/explora.cl\/biobio\/wp-json\/wp\/v2\/comments?post=855"}],"version-history":[{"count":1,"href":"https:\/\/explora.cl\/biobio\/wp-json\/wp\/v2\/posts\/855\/revisions"}],"predecessor-version":[{"id":37840,"href":"https:\/\/explora.cl\/biobio\/wp-json\/wp\/v2\/posts\/855\/revisions\/37840"}],"wp:featuredmedia":[{"embeddable":true,"href":"https:\/\/explora.cl\/biobio\/wp-json\/wp\/v2\/media\/856"}],"wp:attachment":[{"href":"https:\/\/explora.cl\/biobio\/wp-json\/wp\/v2\/media?parent=855"}],"wp:term":[{"taxonomy":"category","embeddable":true,"href":"https:\/\/explora.cl\/biobio\/wp-json\/wp\/v2\/categories?post=855"},{"taxonomy":"post_tag","embeddable":true,"href":"https:\/\/explora.cl\/biobio\/wp-json\/wp\/v2\/tags?post=855"}],"curies":[{"name":"wp","href":"https:\/\/api.w.org\/{rel}","templated":true}]}}