{"id":845,"date":"2015-09-11T00:00:00","date_gmt":"2015-09-11T04:00:00","guid":{"rendered":"https:\/\/explora.cl\/biobio\/blog\/2015\/09\/11\/se-realizo-la-segunda-jornada-de-la-montana-al-mar-en-las-costas-de-cocholgue\/"},"modified":"2019-05-20T18:32:15","modified_gmt":"2019-05-20T18:32:15","slug":"se-realizo-la-segunda-jornada-de-la-montana-al-mar-en-las-costas-de-cocholgue","status":"publish","type":"post","link":"https:\/\/explora.cl\/biobio\/se-realizo-la-segunda-jornada-de-la-montana-al-mar-en-las-costas-de-cocholgue\/","title":{"rendered":"Se Realiz\u00f3 La Segunda Jornada \u201cDe La Monta\u00f1a Al Mar\u201d En Las Costas De Cocholgue"},"content":{"rendered":"<p><img fetchpriority=\"high\" decoding=\"async\" class=\" size-full wp-image-14739\" src=\"http:\/\/ec2-54-245-22-188.us-west-2.compute.amazonaws.com\/wp-content\/uploads\/2015\/09\/ad050a988524ff52e3695b745e19bbb5.jpg\" alt=\"\" width=\"960\" height=\"720\" \/><\/p>\n<p>Estudiantes de la comuna de Coihueco fueron los protagonistas de la segunda jornada de &#8220;De la Monta\u00f1a al Mar&#8221;, organizada por el N\u00facleo Milenio MUSELS, de la Iniciativa Cient\u00edfica Milenio, Ministerio de Econom\u00eda, en colaboraci\u00f3n con el PAR EXPLORA Biob\u00edo.<\/p>\n<p>La instancia reuni\u00f3 a 35 estudiantes de la Escuela Calquip\u00e9n y la Escuela El Porvenir de Cato, m\u00e1s tres docentes. Los asistentes tuvieron la oportunidad de realizar talleres en la caleta Coholgue junto a cient\u00edficos, investigadores y estudiantes que trabajan en MUSELS.<\/p>\n<p>&nbsp;\u201cMe encant\u00f3 descubrir otras especies marinas en las rocas como caracoles, chitones y an\u00e9monas. Yo nunca hab\u00eda estado en el mar y esta experiencia me sirvi\u00f3 para aprender que existen muchas especies marinas que a\u00fan no conocemos\u201d coment\u00f3 Ra\u00fal Sep\u00falveda, estudiante de 6\u00b0 Escuela el Porvenir de Cato de la comuna de Coihueco.<\/p>\n<p>Jennifer Ortiz Riquelme, Coordinadora de Ciencias de la comuna de Coihueco, expuso que \u201cmuchos de los ni\u00f1os y ni\u00f1as que nos acompa\u00f1aron hoy no conoc\u00edan el mar o bien, si lo conoc\u00edan, s\u00f3lo lo hab\u00edan visto una o doces veces. Por esta raz\u00f3n, los estudiantes no tienen mucha cultura de mar, porque ellos viven m\u00e1s cerca de la monta\u00f1a. Sin duda estas instancias permiten que los ni\u00f1os aprendan m\u00e1s de un tema que no es tan cercano a ellos\u201d.<\/p>\n<p>Por la tarde la delegaci\u00f3n se dirigi\u00f3 a Talcahuano para visitar el astillero ASMAR, donde pudieron conocer diferentes diques, laboratorios y unidades. Adem\u00e1s, pudieron conversar con personal experto quienes presentaron algunos de los sistemas que se reparan en el lugar y algunas de las actividades que a menudo realizan.<\/p>\n<p>Esta iniciativa, financiada por los proyectos de \u201cProyecci\u00f3n al Medio Externo\u201d PME, con el apoyo y ayuda otorgada por el DAEM de Coihueco, que gestion\u00f3 la locomoci\u00f3n para la delegaci\u00f3n visitante, permite que Centros de Investigaci\u00f3n de primer nivel e \u201cinstituciones\u201d como EXPLORA unan esfuerzos y realicen actividades en conjunto, para que los ni\u00f1os y ni\u00f1as se acerquen al conocimiento cient\u00edfico. &nbsp;<\/p>\n<p>Revisa la actividad&nbsp;<a href=\"https:\/\/www.youtube.com\/watch?v=ScCCW7V07YY&amp;feature=youtu.be\">aqu\u00ed&nbsp;<\/a><\/p>\n","protected":false},"excerpt":{"rendered":"<p>Estudiantes de la comuna de Coihueco fueron los protagonistas de la segunda jornada de &#8220;De la Monta\u00f1a al Mar&#8221;, organizada por el N\u00facleo Milenio MUSELS, de la Iniciativa Cient\u00edfica Milenio, Ministerio de Econom\u00eda, en colaboraci\u00f3n con el PAR EXPLORA Biob\u00edo. La instancia reuni\u00f3 a 35 estudiantes de la Escuela Calquip\u00e9n y la Escuela El Porvenir [&hellip;]<\/p>\n","protected":false},"author":2,"featured_media":846,"comment_status":"open","ping_status":"open","sticky":false,"template":"","format":"standard","meta":{"_acf_changed":false,"_exactmetrics_skip_tracking":false,"_exactmetrics_sitenote_active":false,"_exactmetrics_sitenote_note":"","_exactmetrics_sitenote_category":0,"footnotes":"","_links_to":"","_links_to_target":""},"categories":[4],"tags":[],"class_list":["post-845","post","type-post","status-publish","format-standard","has-post-thumbnail","hentry","category-noticias"],"acf":[],"yoast_head":"<!-- This site is optimized with the Yoast SEO plugin v26.9 - https:\/\/yoast.com\/product\/yoast-seo-wordpress\/ -->\n<title>Se Realiz\u00f3 La Segunda Jornada \u201cDe La Monta\u00f1a Al Mar\u201d En Las Costas De Cocholgue - Biob\u00edo<\/title>\n<meta name=\"robots\" content=\"index, follow, max-snippet:-1, max-image-preview:large, max-video-preview:-1\" \/>\n<link rel=\"canonical\" href=\"https:\/\/explora.cl\/biobio\/se-realizo-la-segunda-jornada-de-la-montana-al-mar-en-las-costas-de-cocholgue\/\" class=\"yoast-seo-meta-tag\" \/>\n<meta property=\"og:locale\" content=\"es_ES\" class=\"yoast-seo-meta-tag\" \/>\n<meta property=\"og:type\" content=\"article\" class=\"yoast-seo-meta-tag\" \/>\n<meta property=\"og:title\" content=\"Se Realiz\u00f3 La Segunda Jornada \u201cDe La Monta\u00f1a Al Mar\u201d En Las Costas De Cocholgue - Biob\u00edo\" class=\"yoast-seo-meta-tag\" \/>\n<meta property=\"og:description\" content=\"Estudiantes de la comuna de Coihueco fueron los protagonistas de la segunda jornada de &#8220;De la Monta\u00f1a al Mar&#8221;, organizada por el N\u00facleo Milenio MUSELS, de la Iniciativa Cient\u00edfica Milenio, Ministerio de Econom\u00eda, en colaboraci\u00f3n con el PAR EXPLORA Biob\u00edo. La instancia reuni\u00f3 a 35 estudiantes de la Escuela Calquip\u00e9n y la Escuela El Porvenir [&hellip;]\" class=\"yoast-seo-meta-tag\" \/>\n<meta property=\"og:url\" content=\"https:\/\/explora.cl\/biobio\/se-realizo-la-segunda-jornada-de-la-montana-al-mar-en-las-costas-de-cocholgue\/\" class=\"yoast-seo-meta-tag\" \/>\n<meta property=\"og:site_name\" content=\"Biob\u00edo\" class=\"yoast-seo-meta-tag\" \/>\n<meta property=\"article:published_time\" content=\"2015-09-11T04:00:00+00:00\" class=\"yoast-seo-meta-tag\" \/>\n<meta property=\"article:modified_time\" content=\"2019-05-20T18:32:15+00:00\" class=\"yoast-seo-meta-tag\" \/>\n<meta property=\"og:image\" content=\"https:\/\/explora.cl\/biobio\/wp-content\/uploads\/sites\/14\/2018\/06\/ad050a988524ff52e3695b745e19bbb5.jpg\" class=\"yoast-seo-meta-tag\" \/>\n\t<meta property=\"og:image:width\" content=\"960\" class=\"yoast-seo-meta-tag\" \/>\n\t<meta property=\"og:image:height\" content=\"720\" class=\"yoast-seo-meta-tag\" \/>\n\t<meta property=\"og:image:type\" content=\"image\/jpeg\" class=\"yoast-seo-meta-tag\" \/>\n<meta name=\"author\" content=\"webman\" class=\"yoast-seo-meta-tag\" \/>\n<meta name=\"twitter:card\" content=\"summary_large_image\" class=\"yoast-seo-meta-tag\" \/>\n<meta name=\"twitter:label1\" content=\"Escrito por\" class=\"yoast-seo-meta-tag\" \/>\n\t<meta name=\"twitter:data1\" content=\"webman\" class=\"yoast-seo-meta-tag\" \/>\n\t<meta name=\"twitter:label2\" content=\"Tiempo estimado de lectura\" class=\"yoast-seo-meta-tag\" \/>\n\t<meta name=\"twitter:data2\" content=\"2 minutos\" class=\"yoast-seo-meta-tag\" \/>\n<script type=\"application\/ld+json\" class=\"yoast-schema-graph\">{\"@context\":\"https:\/\/schema.org\",\"@graph\":[{\"@type\":\"Article\",\"@id\":\"https:\/\/explora.cl\/biobio\/se-realizo-la-segunda-jornada-de-la-montana-al-mar-en-las-costas-de-cocholgue\/#article\",\"isPartOf\":{\"@id\":\"https:\/\/explora.cl\/biobio\/se-realizo-la-segunda-jornada-de-la-montana-al-mar-en-las-costas-de-cocholgue\/\"},\"author\":{\"name\":\"webman\",\"@id\":\"https:\/\/explora.cl\/biobio\/#\/schema\/person\/cb8349c13ea2d324080adf8480d7ba5d\"},\"headline\":\"Se Realiz\u00f3 La Segunda Jornada \u201cDe La Monta\u00f1a Al Mar\u201d En Las Costas De Cocholgue\",\"datePublished\":\"2015-09-11T04:00:00+00:00\",\"dateModified\":\"2019-05-20T18:32:15+00:00\",\"mainEntityOfPage\":{\"@id\":\"https:\/\/explora.cl\/biobio\/se-realizo-la-segunda-jornada-de-la-montana-al-mar-en-las-costas-de-cocholgue\/\"},\"wordCount\":381,\"commentCount\":0,\"image\":{\"@id\":\"https:\/\/explora.cl\/biobio\/se-realizo-la-segunda-jornada-de-la-montana-al-mar-en-las-costas-de-cocholgue\/#primaryimage\"},\"thumbnailUrl\":\"https:\/\/explora.cl\/biobio\/wp-content\/uploads\/sites\/14\/2018\/06\/ad050a988524ff52e3695b745e19bbb5.jpg\",\"articleSection\":[\"Noticias\"],\"inLanguage\":\"es-CL\",\"potentialAction\":[{\"@type\":\"CommentAction\",\"name\":\"Comment\",\"target\":[\"https:\/\/explora.cl\/biobio\/se-realizo-la-segunda-jornada-de-la-montana-al-mar-en-las-costas-de-cocholgue\/#respond\"]}]},{\"@type\":\"WebPage\",\"@id\":\"https:\/\/explora.cl\/biobio\/se-realizo-la-segunda-jornada-de-la-montana-al-mar-en-las-costas-de-cocholgue\/\",\"url\":\"https:\/\/explora.cl\/biobio\/se-realizo-la-segunda-jornada-de-la-montana-al-mar-en-las-costas-de-cocholgue\/\",\"name\":\"Se Realiz\u00f3 La Segunda Jornada \u201cDe La Monta\u00f1a Al Mar\u201d En Las Costas De Cocholgue - Biob\u00edo\",\"isPartOf\":{\"@id\":\"https:\/\/explora.cl\/biobio\/#website\"},\"primaryImageOfPage\":{\"@id\":\"https:\/\/explora.cl\/biobio\/se-realizo-la-segunda-jornada-de-la-montana-al-mar-en-las-costas-de-cocholgue\/#primaryimage\"},\"image\":{\"@id\":\"https:\/\/explora.cl\/biobio\/se-realizo-la-segunda-jornada-de-la-montana-al-mar-en-las-costas-de-cocholgue\/#primaryimage\"},\"thumbnailUrl\":\"https:\/\/explora.cl\/biobio\/wp-content\/uploads\/sites\/14\/2018\/06\/ad050a988524ff52e3695b745e19bbb5.jpg\",\"datePublished\":\"2015-09-11T04:00:00+00:00\",\"dateModified\":\"2019-05-20T18:32:15+00:00\",\"author\":{\"@id\":\"https:\/\/explora.cl\/biobio\/#\/schema\/person\/cb8349c13ea2d324080adf8480d7ba5d\"},\"breadcrumb\":{\"@id\":\"https:\/\/explora.cl\/biobio\/se-realizo-la-segunda-jornada-de-la-montana-al-mar-en-las-costas-de-cocholgue\/#breadcrumb\"},\"inLanguage\":\"es-CL\",\"potentialAction\":[{\"@type\":\"ReadAction\",\"target\":[\"https:\/\/explora.cl\/biobio\/se-realizo-la-segunda-jornada-de-la-montana-al-mar-en-las-costas-de-cocholgue\/\"]}]},{\"@type\":\"ImageObject\",\"inLanguage\":\"es-CL\",\"@id\":\"https:\/\/explora.cl\/biobio\/se-realizo-la-segunda-jornada-de-la-montana-al-mar-en-las-costas-de-cocholgue\/#primaryimage\",\"url\":\"https:\/\/explora.cl\/biobio\/wp-content\/uploads\/sites\/14\/2018\/06\/ad050a988524ff52e3695b745e19bbb5.jpg\",\"contentUrl\":\"https:\/\/explora.cl\/biobio\/wp-content\/uploads\/sites\/14\/2018\/06\/ad050a988524ff52e3695b745e19bbb5.jpg\",\"width\":960,\"height\":720},{\"@type\":\"BreadcrumbList\",\"@id\":\"https:\/\/explora.cl\/biobio\/se-realizo-la-segunda-jornada-de-la-montana-al-mar-en-las-costas-de-cocholgue\/#breadcrumb\",\"itemListElement\":[{\"@type\":\"ListItem\",\"position\":1,\"name\":\"Portada\",\"item\":\"https:\/\/explora.cl\/biobio\/\"},{\"@type\":\"ListItem\",\"position\":2,\"name\":\"Se Realiz\u00f3 La Segunda Jornada \u201cDe La Monta\u00f1a Al Mar\u201d En Las Costas De Cocholgue\"}]},{\"@type\":\"WebSite\",\"@id\":\"https:\/\/explora.cl\/biobio\/#website\",\"url\":\"https:\/\/explora.cl\/biobio\/\",\"name\":\"Biob\u00edo\",\"description\":\"Otro sitio m\u00e1s de explora.cl\",\"potentialAction\":[{\"@type\":\"SearchAction\",\"target\":{\"@type\":\"EntryPoint\",\"urlTemplate\":\"https:\/\/explora.cl\/biobio\/?s={search_term_string}\"},\"query-input\":{\"@type\":\"PropertyValueSpecification\",\"valueRequired\":true,\"valueName\":\"search_term_string\"}}],\"inLanguage\":\"es-CL\"},{\"@type\":\"Person\",\"@id\":\"https:\/\/explora.cl\/biobio\/#\/schema\/person\/cb8349c13ea2d324080adf8480d7ba5d\",\"name\":\"webman\",\"image\":{\"@type\":\"ImageObject\",\"inLanguage\":\"es-CL\",\"@id\":\"https:\/\/explora.cl\/biobio\/#\/schema\/person\/image\/\",\"url\":\"https:\/\/secure.gravatar.com\/avatar\/eeff3c82f2c02f7177d13663b7e6f890e9a6a0647ce9bb29cae02dcb094c7312?s=96&d=mm&r=g\",\"contentUrl\":\"https:\/\/secure.gravatar.com\/avatar\/eeff3c82f2c02f7177d13663b7e6f890e9a6a0647ce9bb29cae02dcb094c7312?s=96&d=mm&r=g\",\"caption\":\"webman\"},\"url\":\"https:\/\/explora.cl\/biobio\/author\/webman\/\"}]}<\/script>\n<!-- \/ Yoast SEO plugin. -->","yoast_head_json":{"title":"Se Realiz\u00f3 La Segunda Jornada \u201cDe La Monta\u00f1a Al Mar\u201d En Las Costas De Cocholgue - Biob\u00edo","robots":{"index":"index","follow":"follow","max-snippet":"max-snippet:-1","max-image-preview":"max-image-preview:large","max-video-preview":"max-video-preview:-1"},"canonical":"https:\/\/explora.cl\/biobio\/se-realizo-la-segunda-jornada-de-la-montana-al-mar-en-las-costas-de-cocholgue\/","og_locale":"es_ES","og_type":"article","og_title":"Se Realiz\u00f3 La Segunda Jornada \u201cDe La Monta\u00f1a Al Mar\u201d En Las Costas De Cocholgue - Biob\u00edo","og_description":"Estudiantes de la comuna de Coihueco fueron los protagonistas de la segunda jornada de &#8220;De la Monta\u00f1a al Mar&#8221;, organizada por el N\u00facleo Milenio MUSELS, de la Iniciativa Cient\u00edfica Milenio, Ministerio de Econom\u00eda, en colaboraci\u00f3n con el PAR EXPLORA Biob\u00edo. La instancia reuni\u00f3 a 35 estudiantes de la Escuela Calquip\u00e9n y la Escuela El Porvenir [&hellip;]","og_url":"https:\/\/explora.cl\/biobio\/se-realizo-la-segunda-jornada-de-la-montana-al-mar-en-las-costas-de-cocholgue\/","og_site_name":"Biob\u00edo","article_published_time":"2015-09-11T04:00:00+00:00","article_modified_time":"2019-05-20T18:32:15+00:00","og_image":[{"width":960,"height":720,"url":"https:\/\/explora.cl\/biobio\/wp-content\/uploads\/sites\/14\/2018\/06\/ad050a988524ff52e3695b745e19bbb5.jpg","type":"image\/jpeg"}],"author":"webman","twitter_card":"summary_large_image","twitter_misc":{"Escrito por":"webman","Tiempo estimado de lectura":"2 minutos"},"schema":{"@context":"https:\/\/schema.org","@graph":[{"@type":"Article","@id":"https:\/\/explora.cl\/biobio\/se-realizo-la-segunda-jornada-de-la-montana-al-mar-en-las-costas-de-cocholgue\/#article","isPartOf":{"@id":"https:\/\/explora.cl\/biobio\/se-realizo-la-segunda-jornada-de-la-montana-al-mar-en-las-costas-de-cocholgue\/"},"author":{"name":"webman","@id":"https:\/\/explora.cl\/biobio\/#\/schema\/person\/cb8349c13ea2d324080adf8480d7ba5d"},"headline":"Se Realiz\u00f3 La Segunda Jornada \u201cDe La Monta\u00f1a Al Mar\u201d En Las Costas De Cocholgue","datePublished":"2015-09-11T04:00:00+00:00","dateModified":"2019-05-20T18:32:15+00:00","mainEntityOfPage":{"@id":"https:\/\/explora.cl\/biobio\/se-realizo-la-segunda-jornada-de-la-montana-al-mar-en-las-costas-de-cocholgue\/"},"wordCount":381,"commentCount":0,"image":{"@id":"https:\/\/explora.cl\/biobio\/se-realizo-la-segunda-jornada-de-la-montana-al-mar-en-las-costas-de-cocholgue\/#primaryimage"},"thumbnailUrl":"https:\/\/explora.cl\/biobio\/wp-content\/uploads\/sites\/14\/2018\/06\/ad050a988524ff52e3695b745e19bbb5.jpg","articleSection":["Noticias"],"inLanguage":"es-CL","potentialAction":[{"@type":"CommentAction","name":"Comment","target":["https:\/\/explora.cl\/biobio\/se-realizo-la-segunda-jornada-de-la-montana-al-mar-en-las-costas-de-cocholgue\/#respond"]}]},{"@type":"WebPage","@id":"https:\/\/explora.cl\/biobio\/se-realizo-la-segunda-jornada-de-la-montana-al-mar-en-las-costas-de-cocholgue\/","url":"https:\/\/explora.cl\/biobio\/se-realizo-la-segunda-jornada-de-la-montana-al-mar-en-las-costas-de-cocholgue\/","name":"Se Realiz\u00f3 La Segunda Jornada \u201cDe La Monta\u00f1a Al Mar\u201d En Las Costas De Cocholgue - Biob\u00edo","isPartOf":{"@id":"https:\/\/explora.cl\/biobio\/#website"},"primaryImageOfPage":{"@id":"https:\/\/explora.cl\/biobio\/se-realizo-la-segunda-jornada-de-la-montana-al-mar-en-las-costas-de-cocholgue\/#primaryimage"},"image":{"@id":"https:\/\/explora.cl\/biobio\/se-realizo-la-segunda-jornada-de-la-montana-al-mar-en-las-costas-de-cocholgue\/#primaryimage"},"thumbnailUrl":"https:\/\/explora.cl\/biobio\/wp-content\/uploads\/sites\/14\/2018\/06\/ad050a988524ff52e3695b745e19bbb5.jpg","datePublished":"2015-09-11T04:00:00+00:00","dateModified":"2019-05-20T18:32:15+00:00","author":{"@id":"https:\/\/explora.cl\/biobio\/#\/schema\/person\/cb8349c13ea2d324080adf8480d7ba5d"},"breadcrumb":{"@id":"https:\/\/explora.cl\/biobio\/se-realizo-la-segunda-jornada-de-la-montana-al-mar-en-las-costas-de-cocholgue\/#breadcrumb"},"inLanguage":"es-CL","potentialAction":[{"@type":"ReadAction","target":["https:\/\/explora.cl\/biobio\/se-realizo-la-segunda-jornada-de-la-montana-al-mar-en-las-costas-de-cocholgue\/"]}]},{"@type":"ImageObject","inLanguage":"es-CL","@id":"https:\/\/explora.cl\/biobio\/se-realizo-la-segunda-jornada-de-la-montana-al-mar-en-las-costas-de-cocholgue\/#primaryimage","url":"https:\/\/explora.cl\/biobio\/wp-content\/uploads\/sites\/14\/2018\/06\/ad050a988524ff52e3695b745e19bbb5.jpg","contentUrl":"https:\/\/explora.cl\/biobio\/wp-content\/uploads\/sites\/14\/2018\/06\/ad050a988524ff52e3695b745e19bbb5.jpg","width":960,"height":720},{"@type":"BreadcrumbList","@id":"https:\/\/explora.cl\/biobio\/se-realizo-la-segunda-jornada-de-la-montana-al-mar-en-las-costas-de-cocholgue\/#breadcrumb","itemListElement":[{"@type":"ListItem","position":1,"name":"Portada","item":"https:\/\/explora.cl\/biobio\/"},{"@type":"ListItem","position":2,"name":"Se Realiz\u00f3 La Segunda Jornada \u201cDe La Monta\u00f1a Al Mar\u201d En Las Costas De Cocholgue"}]},{"@type":"WebSite","@id":"https:\/\/explora.cl\/biobio\/#website","url":"https:\/\/explora.cl\/biobio\/","name":"Biob\u00edo","description":"Otro sitio m\u00e1s de explora.cl","potentialAction":[{"@type":"SearchAction","target":{"@type":"EntryPoint","urlTemplate":"https:\/\/explora.cl\/biobio\/?s={search_term_string}"},"query-input":{"@type":"PropertyValueSpecification","valueRequired":true,"valueName":"search_term_string"}}],"inLanguage":"es-CL"},{"@type":"Person","@id":"https:\/\/explora.cl\/biobio\/#\/schema\/person\/cb8349c13ea2d324080adf8480d7ba5d","name":"webman","image":{"@type":"ImageObject","inLanguage":"es-CL","@id":"https:\/\/explora.cl\/biobio\/#\/schema\/person\/image\/","url":"https:\/\/secure.gravatar.com\/avatar\/eeff3c82f2c02f7177d13663b7e6f890e9a6a0647ce9bb29cae02dcb094c7312?s=96&d=mm&r=g","contentUrl":"https:\/\/secure.gravatar.com\/avatar\/eeff3c82f2c02f7177d13663b7e6f890e9a6a0647ce9bb29cae02dcb094c7312?s=96&d=mm&r=g","caption":"webman"},"url":"https:\/\/explora.cl\/biobio\/author\/webman\/"}]}},"_links":{"self":[{"href":"https:\/\/explora.cl\/biobio\/wp-json\/wp\/v2\/posts\/845","targetHints":{"allow":["GET"]}}],"collection":[{"href":"https:\/\/explora.cl\/biobio\/wp-json\/wp\/v2\/posts"}],"about":[{"href":"https:\/\/explora.cl\/biobio\/wp-json\/wp\/v2\/types\/post"}],"author":[{"embeddable":true,"href":"https:\/\/explora.cl\/biobio\/wp-json\/wp\/v2\/users\/2"}],"replies":[{"embeddable":true,"href":"https:\/\/explora.cl\/biobio\/wp-json\/wp\/v2\/comments?post=845"}],"version-history":[{"count":1,"href":"https:\/\/explora.cl\/biobio\/wp-json\/wp\/v2\/posts\/845\/revisions"}],"predecessor-version":[{"id":37846,"href":"https:\/\/explora.cl\/biobio\/wp-json\/wp\/v2\/posts\/845\/revisions\/37846"}],"wp:featuredmedia":[{"embeddable":true,"href":"https:\/\/explora.cl\/biobio\/wp-json\/wp\/v2\/media\/846"}],"wp:attachment":[{"href":"https:\/\/explora.cl\/biobio\/wp-json\/wp\/v2\/media?parent=845"}],"wp:term":[{"taxonomy":"category","embeddable":true,"href":"https:\/\/explora.cl\/biobio\/wp-json\/wp\/v2\/categories?post=845"},{"taxonomy":"post_tag","embeddable":true,"href":"https:\/\/explora.cl\/biobio\/wp-json\/wp\/v2\/tags?post=845"}],"curies":[{"name":"wp","href":"https:\/\/api.w.org\/{rel}","templated":true}]}}