{"id":843,"date":"2015-09-10T00:00:00","date_gmt":"2015-09-10T04:00:00","guid":{"rendered":"https:\/\/explora.cl\/biobio\/blog\/2015\/09\/10\/ya-esta-disponible-la-nomina-de-trabajos-para-los-congresos-provinciales\/"},"modified":"2019-05-20T18:32:16","modified_gmt":"2019-05-20T18:32:16","slug":"ya-esta-disponible-la-nomina-de-trabajos-para-los-congresos-provinciales","status":"publish","type":"post","link":"https:\/\/explora.cl\/biobio\/ya-esta-disponible-la-nomina-de-trabajos-para-los-congresos-provinciales\/","title":{"rendered":"Ya Est\u00e1 Disponible La N\u00f3mina De Trabajos Para Los Congresos Provinciales"},"content":{"rendered":"<p><img fetchpriority=\"high\" decoding=\"async\" class=\" size-full wp-image-14699\" src=\"http:\/\/ec2-54-245-22-188.us-west-2.compute.amazonaws.com\/wp-content\/uploads\/2015\/09\/c74e438bec6c20ca818fb245d61cc485.jpg\" alt=\"\" width=\"853\" height=\"317\" \/><\/p>\n<p>Ya est\u00e1 disponible la n\u00f3mina de trabajos de investigaciones que se expondr\u00e1n en los Congresos Provinciales de Ciencia y Tecnolog\u00eda 2015, a desarrollarse entre el 22 y 25 de septiembre.<\/p>\n<p>Todas las investigaciones recepcionados ser\u00e1n evaluados por cient\u00edficos\/as de distintas \u00e1reas de la ciencia y s\u00f3lo los trabajos seleccionados por el comit\u00e9 evaluador pasar\u00e1n a la fase Regional.&nbsp;<\/p>\n<p>Al Congreso deber\u00e1n acudir 2 estudiantes, representantes del equipo que ha realizado la investigaci\u00f3n, en compa\u00f1\u00eda de su profesor\/a. (Revise los requerimientos para el Congreso&nbsp;<span style=\"color: #fbb900\"><span style=\"background-image: initial;background-position: initial\">AQU\u00cd<\/span><\/span>)<\/p>\n<p>Las fechas y lugares de cada Congreso son:<\/p>\n<p>PROVINCIA CONCEPCION<br \/>Fecha: 22 Septiembre<br \/>Lugar: Centro Interactivo CiCAT, Coronel<\/p>\n<p>PROVINCIA DE \u00d1UBLE<br \/>Fecha: 23 Septiembre<br \/>Lugar: Casa del deporte, Chill\u00e1n<\/p>\n<p>PROVINCIA DEL BIOBIO<br \/>Fecha: 24 de Septiembre<br \/>Lugar: Polideportivo, Los \u00e1ngeles<\/p>\n<p>PROVINCIA DE ARAUCO<br \/>Fecha:25 de Septimbre<br \/>Lugar: Liceo Mariano Latorre, Curanilahue<\/p>\n<p>Para revisar la n\u00f3mina de trabajos pinche&nbsp;<a target=\"_blank\" href=\"https:\/\/drive.google.com\/file\/d\/0B7vrHZ4NQbBSRlBPdjRBdXdJRjA\/view?usp=sharing\" id=\"yui_3_17_2_5_1441975987182_1431\" rel=\"noopener noreferrer\">AQU\u00cd<\/a><\/p>\n<p>&nbsp;<\/p>\n","protected":false},"excerpt":{"rendered":"<p>Ya est\u00e1 disponible la n\u00f3mina de trabajos de investigaciones que se expondr\u00e1n en los Congresos Provinciales de Ciencia y Tecnolog\u00eda 2015, a desarrollarse entre el 22 y 25 de septiembre. Todas las investigaciones recepcionados ser\u00e1n evaluados por cient\u00edficos\/as de distintas \u00e1reas de la ciencia y s\u00f3lo los trabajos seleccionados por el comit\u00e9 evaluador pasar\u00e1n a [&hellip;]<\/p>\n","protected":false},"author":2,"featured_media":844,"comment_status":"open","ping_status":"open","sticky":false,"template":"","format":"standard","meta":{"_acf_changed":false,"_exactmetrics_skip_tracking":false,"_exactmetrics_sitenote_active":false,"_exactmetrics_sitenote_note":"","_exactmetrics_sitenote_category":0,"footnotes":"","_links_to":"","_links_to_target":""},"categories":[4],"tags":[183],"class_list":["post-843","post","type-post","status-publish","format-standard","has-post-thumbnail","hentry","category-noticias","tag-congresos-provinciales"],"acf":[],"yoast_head":"<!-- This site is optimized with the Yoast SEO plugin v26.9 - https:\/\/yoast.com\/product\/yoast-seo-wordpress\/ -->\n<title>Ya Est\u00e1 Disponible La N\u00f3mina De Trabajos Para Los Congresos Provinciales - Biob\u00edo<\/title>\n<meta name=\"robots\" content=\"index, follow, max-snippet:-1, max-image-preview:large, max-video-preview:-1\" \/>\n<link rel=\"canonical\" href=\"https:\/\/explora.cl\/biobio\/ya-esta-disponible-la-nomina-de-trabajos-para-los-congresos-provinciales\/\" class=\"yoast-seo-meta-tag\" \/>\n<meta property=\"og:locale\" content=\"es_ES\" class=\"yoast-seo-meta-tag\" \/>\n<meta property=\"og:type\" content=\"article\" class=\"yoast-seo-meta-tag\" \/>\n<meta property=\"og:title\" content=\"Ya Est\u00e1 Disponible La N\u00f3mina De Trabajos Para Los Congresos Provinciales - Biob\u00edo\" class=\"yoast-seo-meta-tag\" \/>\n<meta property=\"og:description\" content=\"Ya est\u00e1 disponible la n\u00f3mina de trabajos de investigaciones que se expondr\u00e1n en los Congresos Provinciales de Ciencia y Tecnolog\u00eda 2015, a desarrollarse entre el 22 y 25 de septiembre. Todas las investigaciones recepcionados ser\u00e1n evaluados por cient\u00edficos\/as de distintas \u00e1reas de la ciencia y s\u00f3lo los trabajos seleccionados por el comit\u00e9 evaluador pasar\u00e1n a [&hellip;]\" class=\"yoast-seo-meta-tag\" \/>\n<meta property=\"og:url\" content=\"https:\/\/explora.cl\/biobio\/ya-esta-disponible-la-nomina-de-trabajos-para-los-congresos-provinciales\/\" class=\"yoast-seo-meta-tag\" \/>\n<meta property=\"og:site_name\" content=\"Biob\u00edo\" class=\"yoast-seo-meta-tag\" \/>\n<meta property=\"article:published_time\" content=\"2015-09-10T04:00:00+00:00\" class=\"yoast-seo-meta-tag\" \/>\n<meta property=\"article:modified_time\" content=\"2019-05-20T18:32:16+00:00\" class=\"yoast-seo-meta-tag\" \/>\n<meta property=\"og:image\" content=\"https:\/\/explora.cl\/biobio\/wp-content\/uploads\/sites\/14\/2018\/06\/c74e438bec6c20ca818fb245d61cc485.jpg\" class=\"yoast-seo-meta-tag\" \/>\n\t<meta property=\"og:image:width\" content=\"853\" class=\"yoast-seo-meta-tag\" \/>\n\t<meta property=\"og:image:height\" content=\"317\" class=\"yoast-seo-meta-tag\" \/>\n\t<meta property=\"og:image:type\" content=\"image\/jpeg\" class=\"yoast-seo-meta-tag\" \/>\n<meta name=\"author\" content=\"webman\" class=\"yoast-seo-meta-tag\" \/>\n<meta name=\"twitter:card\" content=\"summary_large_image\" class=\"yoast-seo-meta-tag\" \/>\n<meta name=\"twitter:label1\" content=\"Escrito por\" class=\"yoast-seo-meta-tag\" \/>\n\t<meta name=\"twitter:data1\" content=\"webman\" class=\"yoast-seo-meta-tag\" \/>\n\t<meta name=\"twitter:label2\" content=\"Tiempo estimado de lectura\" class=\"yoast-seo-meta-tag\" \/>\n\t<meta name=\"twitter:data2\" content=\"1 minuto\" class=\"yoast-seo-meta-tag\" \/>\n<script type=\"application\/ld+json\" class=\"yoast-schema-graph\">{\"@context\":\"https:\/\/schema.org\",\"@graph\":[{\"@type\":\"Article\",\"@id\":\"https:\/\/explora.cl\/biobio\/ya-esta-disponible-la-nomina-de-trabajos-para-los-congresos-provinciales\/#article\",\"isPartOf\":{\"@id\":\"https:\/\/explora.cl\/biobio\/ya-esta-disponible-la-nomina-de-trabajos-para-los-congresos-provinciales\/\"},\"author\":{\"name\":\"webman\",\"@id\":\"https:\/\/explora.cl\/biobio\/#\/schema\/person\/cb8349c13ea2d324080adf8480d7ba5d\"},\"headline\":\"Ya Est\u00e1 Disponible La N\u00f3mina De Trabajos Para Los Congresos Provinciales\",\"datePublished\":\"2015-09-10T04:00:00+00:00\",\"dateModified\":\"2019-05-20T18:32:16+00:00\",\"mainEntityOfPage\":{\"@id\":\"https:\/\/explora.cl\/biobio\/ya-esta-disponible-la-nomina-de-trabajos-para-los-congresos-provinciales\/\"},\"wordCount\":158,\"commentCount\":0,\"image\":{\"@id\":\"https:\/\/explora.cl\/biobio\/ya-esta-disponible-la-nomina-de-trabajos-para-los-congresos-provinciales\/#primaryimage\"},\"thumbnailUrl\":\"https:\/\/explora.cl\/biobio\/wp-content\/uploads\/sites\/14\/2018\/06\/c74e438bec6c20ca818fb245d61cc485.jpg\",\"keywords\":[\"Congresos Provinciales\"],\"articleSection\":[\"Noticias\"],\"inLanguage\":\"es-CL\",\"potentialAction\":[{\"@type\":\"CommentAction\",\"name\":\"Comment\",\"target\":[\"https:\/\/explora.cl\/biobio\/ya-esta-disponible-la-nomina-de-trabajos-para-los-congresos-provinciales\/#respond\"]}]},{\"@type\":\"WebPage\",\"@id\":\"https:\/\/explora.cl\/biobio\/ya-esta-disponible-la-nomina-de-trabajos-para-los-congresos-provinciales\/\",\"url\":\"https:\/\/explora.cl\/biobio\/ya-esta-disponible-la-nomina-de-trabajos-para-los-congresos-provinciales\/\",\"name\":\"Ya Est\u00e1 Disponible La N\u00f3mina De Trabajos Para Los Congresos Provinciales - Biob\u00edo\",\"isPartOf\":{\"@id\":\"https:\/\/explora.cl\/biobio\/#website\"},\"primaryImageOfPage\":{\"@id\":\"https:\/\/explora.cl\/biobio\/ya-esta-disponible-la-nomina-de-trabajos-para-los-congresos-provinciales\/#primaryimage\"},\"image\":{\"@id\":\"https:\/\/explora.cl\/biobio\/ya-esta-disponible-la-nomina-de-trabajos-para-los-congresos-provinciales\/#primaryimage\"},\"thumbnailUrl\":\"https:\/\/explora.cl\/biobio\/wp-content\/uploads\/sites\/14\/2018\/06\/c74e438bec6c20ca818fb245d61cc485.jpg\",\"datePublished\":\"2015-09-10T04:00:00+00:00\",\"dateModified\":\"2019-05-20T18:32:16+00:00\",\"author\":{\"@id\":\"https:\/\/explora.cl\/biobio\/#\/schema\/person\/cb8349c13ea2d324080adf8480d7ba5d\"},\"breadcrumb\":{\"@id\":\"https:\/\/explora.cl\/biobio\/ya-esta-disponible-la-nomina-de-trabajos-para-los-congresos-provinciales\/#breadcrumb\"},\"inLanguage\":\"es-CL\",\"potentialAction\":[{\"@type\":\"ReadAction\",\"target\":[\"https:\/\/explora.cl\/biobio\/ya-esta-disponible-la-nomina-de-trabajos-para-los-congresos-provinciales\/\"]}]},{\"@type\":\"ImageObject\",\"inLanguage\":\"es-CL\",\"@id\":\"https:\/\/explora.cl\/biobio\/ya-esta-disponible-la-nomina-de-trabajos-para-los-congresos-provinciales\/#primaryimage\",\"url\":\"https:\/\/explora.cl\/biobio\/wp-content\/uploads\/sites\/14\/2018\/06\/c74e438bec6c20ca818fb245d61cc485.jpg\",\"contentUrl\":\"https:\/\/explora.cl\/biobio\/wp-content\/uploads\/sites\/14\/2018\/06\/c74e438bec6c20ca818fb245d61cc485.jpg\",\"width\":853,\"height\":317},{\"@type\":\"BreadcrumbList\",\"@id\":\"https:\/\/explora.cl\/biobio\/ya-esta-disponible-la-nomina-de-trabajos-para-los-congresos-provinciales\/#breadcrumb\",\"itemListElement\":[{\"@type\":\"ListItem\",\"position\":1,\"name\":\"Portada\",\"item\":\"https:\/\/explora.cl\/biobio\/\"},{\"@type\":\"ListItem\",\"position\":2,\"name\":\"Ya Est\u00e1 Disponible La N\u00f3mina De Trabajos Para Los Congresos Provinciales\"}]},{\"@type\":\"WebSite\",\"@id\":\"https:\/\/explora.cl\/biobio\/#website\",\"url\":\"https:\/\/explora.cl\/biobio\/\",\"name\":\"Biob\u00edo\",\"description\":\"Otro sitio m\u00e1s de explora.cl\",\"potentialAction\":[{\"@type\":\"SearchAction\",\"target\":{\"@type\":\"EntryPoint\",\"urlTemplate\":\"https:\/\/explora.cl\/biobio\/?s={search_term_string}\"},\"query-input\":{\"@type\":\"PropertyValueSpecification\",\"valueRequired\":true,\"valueName\":\"search_term_string\"}}],\"inLanguage\":\"es-CL\"},{\"@type\":\"Person\",\"@id\":\"https:\/\/explora.cl\/biobio\/#\/schema\/person\/cb8349c13ea2d324080adf8480d7ba5d\",\"name\":\"webman\",\"image\":{\"@type\":\"ImageObject\",\"inLanguage\":\"es-CL\",\"@id\":\"https:\/\/explora.cl\/biobio\/#\/schema\/person\/image\/\",\"url\":\"https:\/\/secure.gravatar.com\/avatar\/eeff3c82f2c02f7177d13663b7e6f890e9a6a0647ce9bb29cae02dcb094c7312?s=96&d=mm&r=g\",\"contentUrl\":\"https:\/\/secure.gravatar.com\/avatar\/eeff3c82f2c02f7177d13663b7e6f890e9a6a0647ce9bb29cae02dcb094c7312?s=96&d=mm&r=g\",\"caption\":\"webman\"},\"url\":\"https:\/\/explora.cl\/biobio\/author\/webman\/\"}]}<\/script>\n<!-- \/ Yoast SEO plugin. -->","yoast_head_json":{"title":"Ya Est\u00e1 Disponible La N\u00f3mina De Trabajos Para Los Congresos Provinciales - Biob\u00edo","robots":{"index":"index","follow":"follow","max-snippet":"max-snippet:-1","max-image-preview":"max-image-preview:large","max-video-preview":"max-video-preview:-1"},"canonical":"https:\/\/explora.cl\/biobio\/ya-esta-disponible-la-nomina-de-trabajos-para-los-congresos-provinciales\/","og_locale":"es_ES","og_type":"article","og_title":"Ya Est\u00e1 Disponible La N\u00f3mina De Trabajos Para Los Congresos Provinciales - Biob\u00edo","og_description":"Ya est\u00e1 disponible la n\u00f3mina de trabajos de investigaciones que se expondr\u00e1n en los Congresos Provinciales de Ciencia y Tecnolog\u00eda 2015, a desarrollarse entre el 22 y 25 de septiembre. Todas las investigaciones recepcionados ser\u00e1n evaluados por cient\u00edficos\/as de distintas \u00e1reas de la ciencia y s\u00f3lo los trabajos seleccionados por el comit\u00e9 evaluador pasar\u00e1n a [&hellip;]","og_url":"https:\/\/explora.cl\/biobio\/ya-esta-disponible-la-nomina-de-trabajos-para-los-congresos-provinciales\/","og_site_name":"Biob\u00edo","article_published_time":"2015-09-10T04:00:00+00:00","article_modified_time":"2019-05-20T18:32:16+00:00","og_image":[{"width":853,"height":317,"url":"https:\/\/explora.cl\/biobio\/wp-content\/uploads\/sites\/14\/2018\/06\/c74e438bec6c20ca818fb245d61cc485.jpg","type":"image\/jpeg"}],"author":"webman","twitter_card":"summary_large_image","twitter_misc":{"Escrito por":"webman","Tiempo estimado de lectura":"1 minuto"},"schema":{"@context":"https:\/\/schema.org","@graph":[{"@type":"Article","@id":"https:\/\/explora.cl\/biobio\/ya-esta-disponible-la-nomina-de-trabajos-para-los-congresos-provinciales\/#article","isPartOf":{"@id":"https:\/\/explora.cl\/biobio\/ya-esta-disponible-la-nomina-de-trabajos-para-los-congresos-provinciales\/"},"author":{"name":"webman","@id":"https:\/\/explora.cl\/biobio\/#\/schema\/person\/cb8349c13ea2d324080adf8480d7ba5d"},"headline":"Ya Est\u00e1 Disponible La N\u00f3mina De Trabajos Para Los Congresos Provinciales","datePublished":"2015-09-10T04:00:00+00:00","dateModified":"2019-05-20T18:32:16+00:00","mainEntityOfPage":{"@id":"https:\/\/explora.cl\/biobio\/ya-esta-disponible-la-nomina-de-trabajos-para-los-congresos-provinciales\/"},"wordCount":158,"commentCount":0,"image":{"@id":"https:\/\/explora.cl\/biobio\/ya-esta-disponible-la-nomina-de-trabajos-para-los-congresos-provinciales\/#primaryimage"},"thumbnailUrl":"https:\/\/explora.cl\/biobio\/wp-content\/uploads\/sites\/14\/2018\/06\/c74e438bec6c20ca818fb245d61cc485.jpg","keywords":["Congresos Provinciales"],"articleSection":["Noticias"],"inLanguage":"es-CL","potentialAction":[{"@type":"CommentAction","name":"Comment","target":["https:\/\/explora.cl\/biobio\/ya-esta-disponible-la-nomina-de-trabajos-para-los-congresos-provinciales\/#respond"]}]},{"@type":"WebPage","@id":"https:\/\/explora.cl\/biobio\/ya-esta-disponible-la-nomina-de-trabajos-para-los-congresos-provinciales\/","url":"https:\/\/explora.cl\/biobio\/ya-esta-disponible-la-nomina-de-trabajos-para-los-congresos-provinciales\/","name":"Ya Est\u00e1 Disponible La N\u00f3mina De Trabajos Para Los Congresos Provinciales - Biob\u00edo","isPartOf":{"@id":"https:\/\/explora.cl\/biobio\/#website"},"primaryImageOfPage":{"@id":"https:\/\/explora.cl\/biobio\/ya-esta-disponible-la-nomina-de-trabajos-para-los-congresos-provinciales\/#primaryimage"},"image":{"@id":"https:\/\/explora.cl\/biobio\/ya-esta-disponible-la-nomina-de-trabajos-para-los-congresos-provinciales\/#primaryimage"},"thumbnailUrl":"https:\/\/explora.cl\/biobio\/wp-content\/uploads\/sites\/14\/2018\/06\/c74e438bec6c20ca818fb245d61cc485.jpg","datePublished":"2015-09-10T04:00:00+00:00","dateModified":"2019-05-20T18:32:16+00:00","author":{"@id":"https:\/\/explora.cl\/biobio\/#\/schema\/person\/cb8349c13ea2d324080adf8480d7ba5d"},"breadcrumb":{"@id":"https:\/\/explora.cl\/biobio\/ya-esta-disponible-la-nomina-de-trabajos-para-los-congresos-provinciales\/#breadcrumb"},"inLanguage":"es-CL","potentialAction":[{"@type":"ReadAction","target":["https:\/\/explora.cl\/biobio\/ya-esta-disponible-la-nomina-de-trabajos-para-los-congresos-provinciales\/"]}]},{"@type":"ImageObject","inLanguage":"es-CL","@id":"https:\/\/explora.cl\/biobio\/ya-esta-disponible-la-nomina-de-trabajos-para-los-congresos-provinciales\/#primaryimage","url":"https:\/\/explora.cl\/biobio\/wp-content\/uploads\/sites\/14\/2018\/06\/c74e438bec6c20ca818fb245d61cc485.jpg","contentUrl":"https:\/\/explora.cl\/biobio\/wp-content\/uploads\/sites\/14\/2018\/06\/c74e438bec6c20ca818fb245d61cc485.jpg","width":853,"height":317},{"@type":"BreadcrumbList","@id":"https:\/\/explora.cl\/biobio\/ya-esta-disponible-la-nomina-de-trabajos-para-los-congresos-provinciales\/#breadcrumb","itemListElement":[{"@type":"ListItem","position":1,"name":"Portada","item":"https:\/\/explora.cl\/biobio\/"},{"@type":"ListItem","position":2,"name":"Ya Est\u00e1 Disponible La N\u00f3mina De Trabajos Para Los Congresos Provinciales"}]},{"@type":"WebSite","@id":"https:\/\/explora.cl\/biobio\/#website","url":"https:\/\/explora.cl\/biobio\/","name":"Biob\u00edo","description":"Otro sitio m\u00e1s de explora.cl","potentialAction":[{"@type":"SearchAction","target":{"@type":"EntryPoint","urlTemplate":"https:\/\/explora.cl\/biobio\/?s={search_term_string}"},"query-input":{"@type":"PropertyValueSpecification","valueRequired":true,"valueName":"search_term_string"}}],"inLanguage":"es-CL"},{"@type":"Person","@id":"https:\/\/explora.cl\/biobio\/#\/schema\/person\/cb8349c13ea2d324080adf8480d7ba5d","name":"webman","image":{"@type":"ImageObject","inLanguage":"es-CL","@id":"https:\/\/explora.cl\/biobio\/#\/schema\/person\/image\/","url":"https:\/\/secure.gravatar.com\/avatar\/eeff3c82f2c02f7177d13663b7e6f890e9a6a0647ce9bb29cae02dcb094c7312?s=96&d=mm&r=g","contentUrl":"https:\/\/secure.gravatar.com\/avatar\/eeff3c82f2c02f7177d13663b7e6f890e9a6a0647ce9bb29cae02dcb094c7312?s=96&d=mm&r=g","caption":"webman"},"url":"https:\/\/explora.cl\/biobio\/author\/webman\/"}]}},"_links":{"self":[{"href":"https:\/\/explora.cl\/biobio\/wp-json\/wp\/v2\/posts\/843","targetHints":{"allow":["GET"]}}],"collection":[{"href":"https:\/\/explora.cl\/biobio\/wp-json\/wp\/v2\/posts"}],"about":[{"href":"https:\/\/explora.cl\/biobio\/wp-json\/wp\/v2\/types\/post"}],"author":[{"embeddable":true,"href":"https:\/\/explora.cl\/biobio\/wp-json\/wp\/v2\/users\/2"}],"replies":[{"embeddable":true,"href":"https:\/\/explora.cl\/biobio\/wp-json\/wp\/v2\/comments?post=843"}],"version-history":[{"count":1,"href":"https:\/\/explora.cl\/biobio\/wp-json\/wp\/v2\/posts\/843\/revisions"}],"predecessor-version":[{"id":37847,"href":"https:\/\/explora.cl\/biobio\/wp-json\/wp\/v2\/posts\/843\/revisions\/37847"}],"wp:featuredmedia":[{"embeddable":true,"href":"https:\/\/explora.cl\/biobio\/wp-json\/wp\/v2\/media\/844"}],"wp:attachment":[{"href":"https:\/\/explora.cl\/biobio\/wp-json\/wp\/v2\/media?parent=843"}],"wp:term":[{"taxonomy":"category","embeddable":true,"href":"https:\/\/explora.cl\/biobio\/wp-json\/wp\/v2\/categories?post=843"},{"taxonomy":"post_tag","embeddable":true,"href":"https:\/\/explora.cl\/biobio\/wp-json\/wp\/v2\/tags?post=843"}],"curies":[{"name":"wp","href":"https:\/\/api.w.org\/{rel}","templated":true}]}}