{"id":835,"date":"2015-09-03T00:00:00","date_gmt":"2015-09-03T04:00:00","guid":{"rendered":"https:\/\/explora.cl\/biobio\/blog\/2015\/09\/03\/club-de-los-sabados-abre-inscripciones-para-jovenes-del-bio-bio\/"},"modified":"2019-05-20T18:32:19","modified_gmt":"2019-05-20T18:32:19","slug":"club-de-los-sabados-abre-inscripciones-para-jovenes-del-bio-bio","status":"publish","type":"post","link":"https:\/\/explora.cl\/biobio\/club-de-los-sabados-abre-inscripciones-para-jovenes-del-bio-bio\/","title":{"rendered":"\u201cClub de los S\u00e1bados\u201d abre inscripciones para j\u00f3venes del B\u00edo-B\u00edo"},"content":{"rendered":"<p><img fetchpriority=\"high\" decoding=\"async\" class=\" size-full wp-image-14459\" src=\"http:\/\/ec2-54-245-22-188.us-west-2.compute.amazonaws.com\/wp-content\/uploads\/2015\/09\/626f6146f59d48b5efdf954f07d3a06c.jpg\" alt=\"\" width=\"730\" height=\"350\" \/><\/p>\n<p>&nbsp;<\/p>\n<p id=\"yui_3_17_2_1_1441299724480_17187\" style=\"margin: 0px 0px 22px;color: #3e3e3e;font-family: 'Gotham SSm A', 'Gotham SSm B', 'Gotham SSm', Gotham, 'Proxima Nova', 'Open Sans', 'Helvetica Neue', Helvetica, Arial, sans-serif;font-size: 12px;line-height: 22px;text-align: justify\"><span style=\"font-family: arial, helvetica, sans-serif;font-size: 10pt\">El Consejo de Monumentos Nacionales invita a los j\u00f3venes, entre 15 y 29 a\u00f1os, de la Regi\u00f3n del Biob\u00edo a ser parte de los \u201cClubes de los S\u00e1bados\u201d, con el objetivo de activar el inter\u00e9s por el patrimonio regional y conocer los atractivos de Lota, Hualp\u00e9n, Quinchamal\u00ed, Ca\u00f1ete y Concepci\u00f3n.<\/span><\/p>\n<p style=\"margin: 22px 0px;color: #3e3e3e;font-family: 'Gotham SSm A', 'Gotham SSm B', 'Gotham SSm', Gotham, 'Proxima Nova', 'Open Sans', 'Helvetica Neue', Helvetica, Arial, sans-serif;font-size: 12px;line-height: 22px;text-align: justify\"><span style=\"font-family: arial, helvetica, sans-serif;font-size: 10pt\">Este a\u00f1o, la actividad se realizar\u00e1&nbsp;por primera vez en la Regi\u00f3n del Bio-B\u00edo, por lo que los j\u00f3venes interesados en participar se podr\u00e1n inscribir hasta el viernes 4 de septiembre. Con el objetivo de generar un espacio de discusi\u00f3n, reflexi\u00f3n y experimentaci\u00f3n en torno al patrimonio.<\/span><\/p>\n<p style=\"margin: 22px 0px;color: #3e3e3e;font-family: 'Gotham SSm A', 'Gotham SSm B', 'Gotham SSm', Gotham, 'Proxima Nova', 'Open Sans', 'Helvetica Neue', Helvetica, Arial, sans-serif;font-size: 12px;line-height: 22px;text-align: justify\"><span style=\"font-family: arial, helvetica, sans-serif;font-size: 10pt\">Las personas que tengan un 80% de asistencia a las actividades, recibir\u00e1n un certificado de participaci\u00f3n. Por lo mismo, quienes no justifiquen su inasistencia a una de las actividades, ser\u00e1n desvinculados de la iniciativa, lo que permitir\u00e1 darle un cupo a otra persona<\/span><\/p>\n<p style=\"margin: 22px 0px;color: #3e3e3e;font-family: 'Gotham SSm A', 'Gotham SSm B', 'Gotham SSm', Gotham, 'Proxima Nova', 'Open Sans', 'Helvetica Neue', Helvetica, Arial, sans-serif;font-size: 12px;line-height: 22px;text-align: justify\"><span style=\"font-family: arial, helvetica, sans-serif;font-size: 10pt\">Algunas de las actividades propuestas son visitar el Chifl\u00f3n del Diablo, hacer una Guitarrera con las artesanas de Quinchamal\u00ed, comer comida mapuche en una ruca, contemplar un santuario de la naturaleza, entre otras.<\/span><\/p>\n<p style=\"margin: 22px 0px;color: #3e3e3e;font-family: 'Gotham SSm A', 'Gotham SSm B', 'Gotham SSm', Gotham, 'Proxima Nova', 'Open Sans', 'Helvetica Neue', Helvetica, Arial, sans-serif;font-size: 12px;line-height: 22px;text-align: justify\"><span style=\"font-family: arial, helvetica, sans-serif;font-size: 10pt\">Para acceder a estas jornadas gratuitas, donde se financiar\u00e1 el traslado y la alimentaci\u00f3n es necesario inscribirse hasta el 4 se septiembre en&nbsp;<a data-cke-saved-href=\"http:\/\/www.monumentos.cl\" href=\"http:\/\/www.monumentos.cl\/\" style=\"color: #2777ae;border-bottom-width: 1px;border-bottom-style: solid;border-bottom-color: #797979;background: transparent\">www.monumentos.cl<\/a>.&nbsp;<\/span><\/p>\n<p style=\"margin: 22px 0px;color: #3e3e3e;font-family: 'Gotham SSm A', 'Gotham SSm B', 'Gotham SSm', Gotham, 'Proxima Nova', 'Open Sans', 'Helvetica Neue', Helvetica, Arial, sans-serif;font-size: 12px;line-height: 22px;text-align: justify\"><span style=\"font-family: arial, helvetica, sans-serif;font-size: 10pt\">Programa:<\/span><\/p>\n<p style=\"margin: 22px 0px;color: #3e3e3e;font-family: 'Gotham SSm A', 'Gotham SSm B', 'Gotham SSm', Gotham, 'Proxima Nova', 'Open Sans', 'Helvetica Neue', Helvetica, Arial, sans-serif;font-size: 12px;line-height: 22px;text-align: justify\"><span style=\"font-family: arial, helvetica, sans-serif;font-size: 10pt\">&#8211; 12 de septiembre \/ Lota<\/span><\/p>\n<p style=\"margin: 22px 0px;color: #3e3e3e;font-family: 'Gotham SSm A', 'Gotham SSm B', 'Gotham SSm', Gotham, 'Proxima Nova', 'Open Sans', 'Helvetica Neue', Helvetica, Arial, sans-serif;font-size: 12px;line-height: 22px;text-align: justify\"><span style=\"font-family: arial, helvetica, sans-serif;font-size: 10pt\">Sentido delo\u00eddo: Donde el viento Chifla: Adentr\u00e1ndose en las entra\u00f1as de la tierra\/ Chifl\u00f3n del Diablo.<\/span><\/p>\n<p style=\"margin: 22px 0px;color: #3e3e3e;font-family: 'Gotham SSm A', 'Gotham SSm B', 'Gotham SSm', Gotham, 'Proxima Nova', 'Open Sans', 'Helvetica Neue', Helvetica, Arial, sans-serif;font-size: 12px;line-height: 22px;text-align: justify\"><span style=\"font-family: arial, helvetica, sans-serif;font-size: 10pt\">&#8211; 26 de septiembre \/ Hualp\u00e9n<\/span><\/p>\n<p style=\"margin: 22px 0px;color: #3e3e3e;font-family: 'Gotham SSm A', 'Gotham SSm B', 'Gotham SSm', Gotham, 'Proxima Nova', 'Open Sans', 'Helvetica Neue', Helvetica, Arial, sans-serif;font-size: 12px;line-height: 22px;text-align: justify\"><span style=\"font-family: arial, helvetica, sans-serif;font-size: 10pt\">Sentido de la vista: El paisaje natural como patrimonio \/ Santuarios de la Naturaleza, pen\u00ednsula de Hualp\u00e9n.<\/span><\/p>\n<p style=\"margin: 22px 0px;color: #3e3e3e;font-family: 'Gotham SSm A', 'Gotham SSm B', 'Gotham SSm', Gotham, 'Proxima Nova', 'Open Sans', 'Helvetica Neue', Helvetica, Arial, sans-serif;font-size: 12px;line-height: 22px;text-align: justify\"><span style=\"font-family: arial, helvetica, sans-serif;font-size: 10pt\">&#8211; 10 de octubre \/ Quinchamal\u00ed<\/span><\/p>\n<p style=\"margin: 22px 0px;color: #3e3e3e;font-family: 'Gotham SSm A', 'Gotham SSm B', 'Gotham SSm', Gotham, 'Proxima Nova', 'Open Sans', 'Helvetica Neue', Helvetica, Arial, sans-serif;font-size: 12px;line-height: 22px;text-align: justify\"><span style=\"font-family: arial, helvetica, sans-serif;font-size: 10pt\">Sentido del tacto: El patrimonio alfarero de Quinchamal\u00ed: \u00a1Manos a la obra!<\/span><\/p>\n<p style=\"margin: 22px 0px;color: #3e3e3e;font-family: 'Gotham SSm A', 'Gotham SSm B', 'Gotham SSm', Gotham, 'Proxima Nova', 'Open Sans', 'Helvetica Neue', Helvetica, Arial, sans-serif;font-size: 12px;line-height: 22px;text-align: justify\"><span style=\"font-family: arial, helvetica, sans-serif;font-size: 10pt\">&nbsp;&#8211; 24 de octubre \/ Ca\u00f1ete<\/span><\/p>\n<p style=\"margin: 22px 0px;color: #3e3e3e;font-family: 'Gotham SSm A', 'Gotham SSm B', 'Gotham SSm', Gotham, 'Proxima Nova', 'Open Sans', 'Helvetica Neue', Helvetica, Arial, sans-serif;font-size: 12px;line-height: 22px;text-align: justify\"><span style=\"font-family: arial, helvetica, sans-serif;font-size: 10pt\">Sentido del gusto: Cocina y Cosmovisi\u00f3n Ind\u00edgena.<\/span><\/p>\n<p style=\"margin: 22px 0px;color: #3e3e3e;font-family: 'Gotham SSm A', 'Gotham SSm B', 'Gotham SSm', Gotham, 'Proxima Nova', 'Open Sans', 'Helvetica Neue', Helvetica, Arial, sans-serif;font-size: 12px;line-height: 22px;text-align: justify\"><span style=\"font-family: arial, helvetica, sans-serif;font-size: 10pt\">&nbsp;&#8211; 7 de noviembre \/&nbsp; Concepci\u00f3n<\/span><\/p>\n<p style=\"margin: 22px 0px 0px;color: #3e3e3e;font-family: 'Gotham SSm A', 'Gotham SSm B', 'Gotham SSm', Gotham, 'Proxima Nova', 'Open Sans', 'Helvetica Neue', Helvetica, Arial, sans-serif;font-size: 12px;line-height: 22px;text-align: justify\"><span style=\"font-family: arial, helvetica, sans-serif;font-size: 10pt\">Sentido del olfato: Vapores y olores de Concepci\u00f3n urbano.<\/span><\/p>\n<p>&nbsp;<\/p>\n","protected":false},"excerpt":{"rendered":"<p>&nbsp; El Consejo de Monumentos Nacionales invita a los j\u00f3venes, entre 15 y 29 a\u00f1os, de la Regi\u00f3n del Biob\u00edo a ser parte de los \u201cClubes de los S\u00e1bados\u201d, con el objetivo de activar el inter\u00e9s por el patrimonio regional y conocer los atractivos de Lota, Hualp\u00e9n, Quinchamal\u00ed, Ca\u00f1ete y Concepci\u00f3n. Este a\u00f1o, la actividad [&hellip;]<\/p>\n","protected":false},"author":2,"featured_media":836,"comment_status":"open","ping_status":"open","sticky":false,"template":"","format":"standard","meta":{"_acf_changed":false,"_exactmetrics_skip_tracking":false,"_exactmetrics_sitenote_active":false,"_exactmetrics_sitenote_note":"","_exactmetrics_sitenote_category":0,"footnotes":"","_links_to":"","_links_to_target":""},"categories":[4],"tags":[],"class_list":["post-835","post","type-post","status-publish","format-standard","has-post-thumbnail","hentry","category-noticias"],"acf":[],"yoast_head":"<!-- This site is optimized with the Yoast SEO plugin v26.9 - https:\/\/yoast.com\/product\/yoast-seo-wordpress\/ -->\n<title>\u201cClub de los S\u00e1bados\u201d abre inscripciones para j\u00f3venes del B\u00edo-B\u00edo - Biob\u00edo<\/title>\n<meta name=\"robots\" content=\"index, follow, max-snippet:-1, max-image-preview:large, max-video-preview:-1\" \/>\n<link rel=\"canonical\" href=\"https:\/\/explora.cl\/biobio\/club-de-los-sabados-abre-inscripciones-para-jovenes-del-bio-bio\/\" class=\"yoast-seo-meta-tag\" \/>\n<meta property=\"og:locale\" content=\"es_ES\" class=\"yoast-seo-meta-tag\" \/>\n<meta property=\"og:type\" content=\"article\" class=\"yoast-seo-meta-tag\" \/>\n<meta property=\"og:title\" content=\"\u201cClub de los S\u00e1bados\u201d abre inscripciones para j\u00f3venes del B\u00edo-B\u00edo - Biob\u00edo\" class=\"yoast-seo-meta-tag\" \/>\n<meta property=\"og:description\" content=\"&nbsp; El Consejo de Monumentos Nacionales invita a los j\u00f3venes, entre 15 y 29 a\u00f1os, de la Regi\u00f3n del Biob\u00edo a ser parte de los \u201cClubes de los S\u00e1bados\u201d, con el objetivo de activar el inter\u00e9s por el patrimonio regional y conocer los atractivos de Lota, Hualp\u00e9n, Quinchamal\u00ed, Ca\u00f1ete y Concepci\u00f3n. Este a\u00f1o, la actividad [&hellip;]\" class=\"yoast-seo-meta-tag\" \/>\n<meta property=\"og:url\" content=\"https:\/\/explora.cl\/biobio\/club-de-los-sabados-abre-inscripciones-para-jovenes-del-bio-bio\/\" class=\"yoast-seo-meta-tag\" \/>\n<meta property=\"og:site_name\" content=\"Biob\u00edo\" class=\"yoast-seo-meta-tag\" \/>\n<meta property=\"article:published_time\" content=\"2015-09-03T04:00:00+00:00\" class=\"yoast-seo-meta-tag\" \/>\n<meta property=\"article:modified_time\" content=\"2019-05-20T18:32:19+00:00\" class=\"yoast-seo-meta-tag\" \/>\n<meta property=\"og:image\" content=\"https:\/\/explora.cl\/biobio\/wp-content\/uploads\/sites\/14\/2018\/06\/626f6146f59d48b5efdf954f07d3a06c.jpg\" class=\"yoast-seo-meta-tag\" \/>\n\t<meta property=\"og:image:width\" content=\"730\" class=\"yoast-seo-meta-tag\" \/>\n\t<meta property=\"og:image:height\" content=\"350\" class=\"yoast-seo-meta-tag\" \/>\n\t<meta property=\"og:image:type\" content=\"image\/jpeg\" class=\"yoast-seo-meta-tag\" \/>\n<meta name=\"author\" content=\"webman\" class=\"yoast-seo-meta-tag\" \/>\n<meta name=\"twitter:card\" content=\"summary_large_image\" class=\"yoast-seo-meta-tag\" \/>\n<meta name=\"twitter:label1\" content=\"Escrito por\" class=\"yoast-seo-meta-tag\" \/>\n\t<meta name=\"twitter:data1\" content=\"webman\" class=\"yoast-seo-meta-tag\" \/>\n\t<meta name=\"twitter:label2\" content=\"Tiempo estimado de lectura\" class=\"yoast-seo-meta-tag\" \/>\n\t<meta name=\"twitter:data2\" content=\"2 minutos\" class=\"yoast-seo-meta-tag\" \/>\n<script type=\"application\/ld+json\" class=\"yoast-schema-graph\">{\"@context\":\"https:\/\/schema.org\",\"@graph\":[{\"@type\":\"Article\",\"@id\":\"https:\/\/explora.cl\/biobio\/club-de-los-sabados-abre-inscripciones-para-jovenes-del-bio-bio\/#article\",\"isPartOf\":{\"@id\":\"https:\/\/explora.cl\/biobio\/club-de-los-sabados-abre-inscripciones-para-jovenes-del-bio-bio\/\"},\"author\":{\"name\":\"webman\",\"@id\":\"https:\/\/explora.cl\/biobio\/#\/schema\/person\/cb8349c13ea2d324080adf8480d7ba5d\"},\"headline\":\"\u201cClub de los S\u00e1bados\u201d abre inscripciones para j\u00f3venes del B\u00edo-B\u00edo\",\"datePublished\":\"2015-09-03T04:00:00+00:00\",\"dateModified\":\"2019-05-20T18:32:19+00:00\",\"mainEntityOfPage\":{\"@id\":\"https:\/\/explora.cl\/biobio\/club-de-los-sabados-abre-inscripciones-para-jovenes-del-bio-bio\/\"},\"wordCount\":331,\"commentCount\":0,\"image\":{\"@id\":\"https:\/\/explora.cl\/biobio\/club-de-los-sabados-abre-inscripciones-para-jovenes-del-bio-bio\/#primaryimage\"},\"thumbnailUrl\":\"https:\/\/explora.cl\/biobio\/wp-content\/uploads\/sites\/14\/2018\/06\/626f6146f59d48b5efdf954f07d3a06c.jpg\",\"articleSection\":[\"Noticias\"],\"inLanguage\":\"es-CL\",\"potentialAction\":[{\"@type\":\"CommentAction\",\"name\":\"Comment\",\"target\":[\"https:\/\/explora.cl\/biobio\/club-de-los-sabados-abre-inscripciones-para-jovenes-del-bio-bio\/#respond\"]}]},{\"@type\":\"WebPage\",\"@id\":\"https:\/\/explora.cl\/biobio\/club-de-los-sabados-abre-inscripciones-para-jovenes-del-bio-bio\/\",\"url\":\"https:\/\/explora.cl\/biobio\/club-de-los-sabados-abre-inscripciones-para-jovenes-del-bio-bio\/\",\"name\":\"\u201cClub de los S\u00e1bados\u201d abre inscripciones para j\u00f3venes del B\u00edo-B\u00edo - Biob\u00edo\",\"isPartOf\":{\"@id\":\"https:\/\/explora.cl\/biobio\/#website\"},\"primaryImageOfPage\":{\"@id\":\"https:\/\/explora.cl\/biobio\/club-de-los-sabados-abre-inscripciones-para-jovenes-del-bio-bio\/#primaryimage\"},\"image\":{\"@id\":\"https:\/\/explora.cl\/biobio\/club-de-los-sabados-abre-inscripciones-para-jovenes-del-bio-bio\/#primaryimage\"},\"thumbnailUrl\":\"https:\/\/explora.cl\/biobio\/wp-content\/uploads\/sites\/14\/2018\/06\/626f6146f59d48b5efdf954f07d3a06c.jpg\",\"datePublished\":\"2015-09-03T04:00:00+00:00\",\"dateModified\":\"2019-05-20T18:32:19+00:00\",\"author\":{\"@id\":\"https:\/\/explora.cl\/biobio\/#\/schema\/person\/cb8349c13ea2d324080adf8480d7ba5d\"},\"breadcrumb\":{\"@id\":\"https:\/\/explora.cl\/biobio\/club-de-los-sabados-abre-inscripciones-para-jovenes-del-bio-bio\/#breadcrumb\"},\"inLanguage\":\"es-CL\",\"potentialAction\":[{\"@type\":\"ReadAction\",\"target\":[\"https:\/\/explora.cl\/biobio\/club-de-los-sabados-abre-inscripciones-para-jovenes-del-bio-bio\/\"]}]},{\"@type\":\"ImageObject\",\"inLanguage\":\"es-CL\",\"@id\":\"https:\/\/explora.cl\/biobio\/club-de-los-sabados-abre-inscripciones-para-jovenes-del-bio-bio\/#primaryimage\",\"url\":\"https:\/\/explora.cl\/biobio\/wp-content\/uploads\/sites\/14\/2018\/06\/626f6146f59d48b5efdf954f07d3a06c.jpg\",\"contentUrl\":\"https:\/\/explora.cl\/biobio\/wp-content\/uploads\/sites\/14\/2018\/06\/626f6146f59d48b5efdf954f07d3a06c.jpg\",\"width\":730,\"height\":350},{\"@type\":\"BreadcrumbList\",\"@id\":\"https:\/\/explora.cl\/biobio\/club-de-los-sabados-abre-inscripciones-para-jovenes-del-bio-bio\/#breadcrumb\",\"itemListElement\":[{\"@type\":\"ListItem\",\"position\":1,\"name\":\"Portada\",\"item\":\"https:\/\/explora.cl\/biobio\/\"},{\"@type\":\"ListItem\",\"position\":2,\"name\":\"\u201cClub de los S\u00e1bados\u201d abre inscripciones para j\u00f3venes del B\u00edo-B\u00edo\"}]},{\"@type\":\"WebSite\",\"@id\":\"https:\/\/explora.cl\/biobio\/#website\",\"url\":\"https:\/\/explora.cl\/biobio\/\",\"name\":\"Biob\u00edo\",\"description\":\"Otro sitio m\u00e1s de explora.cl\",\"potentialAction\":[{\"@type\":\"SearchAction\",\"target\":{\"@type\":\"EntryPoint\",\"urlTemplate\":\"https:\/\/explora.cl\/biobio\/?s={search_term_string}\"},\"query-input\":{\"@type\":\"PropertyValueSpecification\",\"valueRequired\":true,\"valueName\":\"search_term_string\"}}],\"inLanguage\":\"es-CL\"},{\"@type\":\"Person\",\"@id\":\"https:\/\/explora.cl\/biobio\/#\/schema\/person\/cb8349c13ea2d324080adf8480d7ba5d\",\"name\":\"webman\",\"image\":{\"@type\":\"ImageObject\",\"inLanguage\":\"es-CL\",\"@id\":\"https:\/\/explora.cl\/biobio\/#\/schema\/person\/image\/\",\"url\":\"https:\/\/secure.gravatar.com\/avatar\/eeff3c82f2c02f7177d13663b7e6f890e9a6a0647ce9bb29cae02dcb094c7312?s=96&d=mm&r=g\",\"contentUrl\":\"https:\/\/secure.gravatar.com\/avatar\/eeff3c82f2c02f7177d13663b7e6f890e9a6a0647ce9bb29cae02dcb094c7312?s=96&d=mm&r=g\",\"caption\":\"webman\"},\"url\":\"https:\/\/explora.cl\/biobio\/author\/webman\/\"}]}<\/script>\n<!-- \/ Yoast SEO plugin. -->","yoast_head_json":{"title":"\u201cClub de los S\u00e1bados\u201d abre inscripciones para j\u00f3venes del B\u00edo-B\u00edo - Biob\u00edo","robots":{"index":"index","follow":"follow","max-snippet":"max-snippet:-1","max-image-preview":"max-image-preview:large","max-video-preview":"max-video-preview:-1"},"canonical":"https:\/\/explora.cl\/biobio\/club-de-los-sabados-abre-inscripciones-para-jovenes-del-bio-bio\/","og_locale":"es_ES","og_type":"article","og_title":"\u201cClub de los S\u00e1bados\u201d abre inscripciones para j\u00f3venes del B\u00edo-B\u00edo - Biob\u00edo","og_description":"&nbsp; El Consejo de Monumentos Nacionales invita a los j\u00f3venes, entre 15 y 29 a\u00f1os, de la Regi\u00f3n del Biob\u00edo a ser parte de los \u201cClubes de los S\u00e1bados\u201d, con el objetivo de activar el inter\u00e9s por el patrimonio regional y conocer los atractivos de Lota, Hualp\u00e9n, Quinchamal\u00ed, Ca\u00f1ete y Concepci\u00f3n. Este a\u00f1o, la actividad [&hellip;]","og_url":"https:\/\/explora.cl\/biobio\/club-de-los-sabados-abre-inscripciones-para-jovenes-del-bio-bio\/","og_site_name":"Biob\u00edo","article_published_time":"2015-09-03T04:00:00+00:00","article_modified_time":"2019-05-20T18:32:19+00:00","og_image":[{"width":730,"height":350,"url":"https:\/\/explora.cl\/biobio\/wp-content\/uploads\/sites\/14\/2018\/06\/626f6146f59d48b5efdf954f07d3a06c.jpg","type":"image\/jpeg"}],"author":"webman","twitter_card":"summary_large_image","twitter_misc":{"Escrito por":"webman","Tiempo estimado de lectura":"2 minutos"},"schema":{"@context":"https:\/\/schema.org","@graph":[{"@type":"Article","@id":"https:\/\/explora.cl\/biobio\/club-de-los-sabados-abre-inscripciones-para-jovenes-del-bio-bio\/#article","isPartOf":{"@id":"https:\/\/explora.cl\/biobio\/club-de-los-sabados-abre-inscripciones-para-jovenes-del-bio-bio\/"},"author":{"name":"webman","@id":"https:\/\/explora.cl\/biobio\/#\/schema\/person\/cb8349c13ea2d324080adf8480d7ba5d"},"headline":"\u201cClub de los S\u00e1bados\u201d abre inscripciones para j\u00f3venes del B\u00edo-B\u00edo","datePublished":"2015-09-03T04:00:00+00:00","dateModified":"2019-05-20T18:32:19+00:00","mainEntityOfPage":{"@id":"https:\/\/explora.cl\/biobio\/club-de-los-sabados-abre-inscripciones-para-jovenes-del-bio-bio\/"},"wordCount":331,"commentCount":0,"image":{"@id":"https:\/\/explora.cl\/biobio\/club-de-los-sabados-abre-inscripciones-para-jovenes-del-bio-bio\/#primaryimage"},"thumbnailUrl":"https:\/\/explora.cl\/biobio\/wp-content\/uploads\/sites\/14\/2018\/06\/626f6146f59d48b5efdf954f07d3a06c.jpg","articleSection":["Noticias"],"inLanguage":"es-CL","potentialAction":[{"@type":"CommentAction","name":"Comment","target":["https:\/\/explora.cl\/biobio\/club-de-los-sabados-abre-inscripciones-para-jovenes-del-bio-bio\/#respond"]}]},{"@type":"WebPage","@id":"https:\/\/explora.cl\/biobio\/club-de-los-sabados-abre-inscripciones-para-jovenes-del-bio-bio\/","url":"https:\/\/explora.cl\/biobio\/club-de-los-sabados-abre-inscripciones-para-jovenes-del-bio-bio\/","name":"\u201cClub de los S\u00e1bados\u201d abre inscripciones para j\u00f3venes del B\u00edo-B\u00edo - Biob\u00edo","isPartOf":{"@id":"https:\/\/explora.cl\/biobio\/#website"},"primaryImageOfPage":{"@id":"https:\/\/explora.cl\/biobio\/club-de-los-sabados-abre-inscripciones-para-jovenes-del-bio-bio\/#primaryimage"},"image":{"@id":"https:\/\/explora.cl\/biobio\/club-de-los-sabados-abre-inscripciones-para-jovenes-del-bio-bio\/#primaryimage"},"thumbnailUrl":"https:\/\/explora.cl\/biobio\/wp-content\/uploads\/sites\/14\/2018\/06\/626f6146f59d48b5efdf954f07d3a06c.jpg","datePublished":"2015-09-03T04:00:00+00:00","dateModified":"2019-05-20T18:32:19+00:00","author":{"@id":"https:\/\/explora.cl\/biobio\/#\/schema\/person\/cb8349c13ea2d324080adf8480d7ba5d"},"breadcrumb":{"@id":"https:\/\/explora.cl\/biobio\/club-de-los-sabados-abre-inscripciones-para-jovenes-del-bio-bio\/#breadcrumb"},"inLanguage":"es-CL","potentialAction":[{"@type":"ReadAction","target":["https:\/\/explora.cl\/biobio\/club-de-los-sabados-abre-inscripciones-para-jovenes-del-bio-bio\/"]}]},{"@type":"ImageObject","inLanguage":"es-CL","@id":"https:\/\/explora.cl\/biobio\/club-de-los-sabados-abre-inscripciones-para-jovenes-del-bio-bio\/#primaryimage","url":"https:\/\/explora.cl\/biobio\/wp-content\/uploads\/sites\/14\/2018\/06\/626f6146f59d48b5efdf954f07d3a06c.jpg","contentUrl":"https:\/\/explora.cl\/biobio\/wp-content\/uploads\/sites\/14\/2018\/06\/626f6146f59d48b5efdf954f07d3a06c.jpg","width":730,"height":350},{"@type":"BreadcrumbList","@id":"https:\/\/explora.cl\/biobio\/club-de-los-sabados-abre-inscripciones-para-jovenes-del-bio-bio\/#breadcrumb","itemListElement":[{"@type":"ListItem","position":1,"name":"Portada","item":"https:\/\/explora.cl\/biobio\/"},{"@type":"ListItem","position":2,"name":"\u201cClub de los S\u00e1bados\u201d abre inscripciones para j\u00f3venes del B\u00edo-B\u00edo"}]},{"@type":"WebSite","@id":"https:\/\/explora.cl\/biobio\/#website","url":"https:\/\/explora.cl\/biobio\/","name":"Biob\u00edo","description":"Otro sitio m\u00e1s de explora.cl","potentialAction":[{"@type":"SearchAction","target":{"@type":"EntryPoint","urlTemplate":"https:\/\/explora.cl\/biobio\/?s={search_term_string}"},"query-input":{"@type":"PropertyValueSpecification","valueRequired":true,"valueName":"search_term_string"}}],"inLanguage":"es-CL"},{"@type":"Person","@id":"https:\/\/explora.cl\/biobio\/#\/schema\/person\/cb8349c13ea2d324080adf8480d7ba5d","name":"webman","image":{"@type":"ImageObject","inLanguage":"es-CL","@id":"https:\/\/explora.cl\/biobio\/#\/schema\/person\/image\/","url":"https:\/\/secure.gravatar.com\/avatar\/eeff3c82f2c02f7177d13663b7e6f890e9a6a0647ce9bb29cae02dcb094c7312?s=96&d=mm&r=g","contentUrl":"https:\/\/secure.gravatar.com\/avatar\/eeff3c82f2c02f7177d13663b7e6f890e9a6a0647ce9bb29cae02dcb094c7312?s=96&d=mm&r=g","caption":"webman"},"url":"https:\/\/explora.cl\/biobio\/author\/webman\/"}]}},"_links":{"self":[{"href":"https:\/\/explora.cl\/biobio\/wp-json\/wp\/v2\/posts\/835","targetHints":{"allow":["GET"]}}],"collection":[{"href":"https:\/\/explora.cl\/biobio\/wp-json\/wp\/v2\/posts"}],"about":[{"href":"https:\/\/explora.cl\/biobio\/wp-json\/wp\/v2\/types\/post"}],"author":[{"embeddable":true,"href":"https:\/\/explora.cl\/biobio\/wp-json\/wp\/v2\/users\/2"}],"replies":[{"embeddable":true,"href":"https:\/\/explora.cl\/biobio\/wp-json\/wp\/v2\/comments?post=835"}],"version-history":[{"count":1,"href":"https:\/\/explora.cl\/biobio\/wp-json\/wp\/v2\/posts\/835\/revisions"}],"predecessor-version":[{"id":37851,"href":"https:\/\/explora.cl\/biobio\/wp-json\/wp\/v2\/posts\/835\/revisions\/37851"}],"wp:featuredmedia":[{"embeddable":true,"href":"https:\/\/explora.cl\/biobio\/wp-json\/wp\/v2\/media\/836"}],"wp:attachment":[{"href":"https:\/\/explora.cl\/biobio\/wp-json\/wp\/v2\/media?parent=835"}],"wp:term":[{"taxonomy":"category","embeddable":true,"href":"https:\/\/explora.cl\/biobio\/wp-json\/wp\/v2\/categories?post=835"},{"taxonomy":"post_tag","embeddable":true,"href":"https:\/\/explora.cl\/biobio\/wp-json\/wp\/v2\/tags?post=835"}],"curies":[{"name":"wp","href":"https:\/\/api.w.org\/{rel}","templated":true}]}}