{"id":821,"date":"2015-08-25T00:00:00","date_gmt":"2015-08-25T04:00:00","guid":{"rendered":"https:\/\/explora.cl\/biobio\/blog\/2015\/08\/25\/cafe-cientifico\/"},"modified":"2019-05-20T18:32:39","modified_gmt":"2019-05-20T18:32:39","slug":"cafe-cientifico","status":"publish","type":"post","link":"https:\/\/explora.cl\/biobio\/cafe-cientifico\/","title":{"rendered":"Caf\u00e9 Cient\u00edfico:  Astrobiolog\u00eda: lo que Atacama nos puede decir sobre la vida extraterrestre"},"content":{"rendered":"<p><img fetchpriority=\"high\" decoding=\"async\" class=\" size-full wp-image-14146\" src=\"http:\/\/ec2-54-245-22-188.us-west-2.compute.amazonaws.com\/wp-content\/uploads\/2015\/08\/b1cfcec9c78b0a86ee10def22355e2e7.jpg\" alt=\"\" width=\"348\" height=\"262\" \/><\/p>\n<p><span style=\"font-size: 10pt\">El Centro de Biotecnolog\u00eda de la Universidad de Concepci\u00f3n, en conjunto con PAR Explora Biob\u00edo y Direcci\u00f3n de Extensi\u00f3n UdeC, invitan al Caf\u00e9 Cient\u00edfico &#8220;Astrobiolog\u00eda: lo que Atacama nos puede decir de la vida extraterrestre&#8221;. \u00danete a la conversaci\u00f3n este jueves 27 de agosto desde las 19:00 hrs. en la Sala David Stitchkin, subsuelo Galer\u00eda Universidad de Concepci\u00f3n, Barros Arana frente a Plaza Independencia.<\/span><\/p>\n<p><span style=\"font-size: 10pt\">En este caf\u00e9, conversaremos con el Dr. Rafael Vicu\u00f1a, destacado acad\u00e9mico de la Facultad de Ciencias Biol\u00f3gicas en la Pontificia Universidad Cat\u00f3lica y miembro del Consejo Pontificio de la Cultura del Vaticano.&nbsp;<\/span><\/p>\n<p><span style=\"font-size: 10pt\">Desde su aparici\u00f3n en la Tierra hace m\u00e1s de 3.600 millones de a\u00f1os, la vida en todas sus tama\u00f1os, formas y colores ha poblado todos los nichos ecol\u00f3gicos del planeta. Desde las cumbres m\u00e1s altas hasta las profundidades del mar, la vida se abri\u00f3 paso hasta ser una caracter\u00edstica \u00fanica, hasta ahora, de nuestro acuoso y rocoso hogar. Pero si la vida es tan com\u00fan en nuestro planeta, \u00bflo ser\u00e1 en otros?&nbsp;<\/span><\/p>\n<p><span style=\"font-size: 10pt\">Un aspecto en la b\u00fasqueda de vida extraterrestre, se ha orientado hacia la comparaci\u00f3n entre microorganismos que viven en condiciones ambientales extremas en la Tierra, y las condiciones f\u00edsicas y qu\u00edmicas que existen en otros planetas del Sistema Solar, como por ejemplo Marte. Estos llamados \u201corganismos extrem\u00f3filos\u201d, sirven de modelo para estudiar las caracter\u00edsticas que podr\u00eda tener la vida en otros planetas en el universo conocido. Coincidentemente, nuestro desierto de Atacama alberga algunas especies de extrem\u00f3filos muy \u00fatiles para estudiar e imaginar una posible vida extraterrestre.<\/span><\/p>\n<p><span style=\"font-size: 10pt\">\u00bfEstamos solos en el universo? \u00bfQu\u00e9 probabilidad hay de que existan otras formas de vida en nuestra galaxia, e incluso nuestro sistema solar? Una respuesta definitiva a estas grandes y profundas preguntas seguramente cambiar\u00e1 el curso de la humanidad.<\/span><\/p>\n<p><span style=\"font-size: 10pt\">Como es costumbre, deliciosa cafe\u00edna y una grata conversaci\u00f3n en torno a la ciencia de la vida en la Tierra y all\u00e1 afuera, gratuita y abierta para todos. \u00a1Los esperamos!<\/span><\/p>\n<p>&nbsp;<\/p>\n","protected":false},"excerpt":{"rendered":"<p>El Centro de Biotecnolog\u00eda de la Universidad de Concepci\u00f3n, en conjunto con PAR Explora Biob\u00edo y Direcci\u00f3n de Extensi\u00f3n UdeC, invitan al Caf\u00e9 Cient\u00edfico &#8220;Astrobiolog\u00eda: lo que Atacama nos puede decir de la vida extraterrestre&#8221;. \u00danete a la conversaci\u00f3n este jueves 27 de agosto desde las 19:00 hrs. en la Sala David Stitchkin, subsuelo Galer\u00eda [&hellip;]<\/p>\n","protected":false},"author":2,"featured_media":822,"comment_status":"open","ping_status":"open","sticky":false,"template":"","format":"standard","meta":{"_acf_changed":false,"_exactmetrics_skip_tracking":false,"_exactmetrics_sitenote_active":false,"_exactmetrics_sitenote_note":"","_exactmetrics_sitenote_category":0,"footnotes":"","_links_to":"","_links_to_target":""},"categories":[4],"tags":[182],"class_list":["post-821","post","type-post","status-publish","format-standard","has-post-thumbnail","hentry","category-noticias","tag-cultura"],"acf":[],"yoast_head":"<!-- This site is optimized with the Yoast SEO plugin v26.9 - https:\/\/yoast.com\/product\/yoast-seo-wordpress\/ -->\n<title>Caf\u00e9 Cient\u00edfico: Astrobiolog\u00eda: lo que Atacama nos puede decir sobre la vida extraterrestre - Biob\u00edo<\/title>\n<meta name=\"robots\" content=\"index, follow, max-snippet:-1, max-image-preview:large, max-video-preview:-1\" \/>\n<link rel=\"canonical\" href=\"https:\/\/explora.cl\/biobio\/cafe-cientifico\/\" class=\"yoast-seo-meta-tag\" \/>\n<meta property=\"og:locale\" content=\"es_ES\" class=\"yoast-seo-meta-tag\" \/>\n<meta property=\"og:type\" content=\"article\" class=\"yoast-seo-meta-tag\" \/>\n<meta property=\"og:title\" content=\"Caf\u00e9 Cient\u00edfico: Astrobiolog\u00eda: lo que Atacama nos puede decir sobre la vida extraterrestre - Biob\u00edo\" class=\"yoast-seo-meta-tag\" \/>\n<meta property=\"og:description\" content=\"El Centro de Biotecnolog\u00eda de la Universidad de Concepci\u00f3n, en conjunto con PAR Explora Biob\u00edo y Direcci\u00f3n de Extensi\u00f3n UdeC, invitan al Caf\u00e9 Cient\u00edfico &#8220;Astrobiolog\u00eda: lo que Atacama nos puede decir de la vida extraterrestre&#8221;. \u00danete a la conversaci\u00f3n este jueves 27 de agosto desde las 19:00 hrs. en la Sala David Stitchkin, subsuelo Galer\u00eda [&hellip;]\" class=\"yoast-seo-meta-tag\" \/>\n<meta property=\"og:url\" content=\"https:\/\/explora.cl\/biobio\/cafe-cientifico\/\" class=\"yoast-seo-meta-tag\" \/>\n<meta property=\"og:site_name\" content=\"Biob\u00edo\" class=\"yoast-seo-meta-tag\" \/>\n<meta property=\"article:published_time\" content=\"2015-08-25T04:00:00+00:00\" class=\"yoast-seo-meta-tag\" \/>\n<meta property=\"article:modified_time\" content=\"2019-05-20T18:32:39+00:00\" class=\"yoast-seo-meta-tag\" \/>\n<meta property=\"og:image\" content=\"https:\/\/explora.cl\/biobio\/wp-content\/uploads\/sites\/14\/2018\/06\/b1cfcec9c78b0a86ee10def22355e2e7.jpg\" class=\"yoast-seo-meta-tag\" \/>\n\t<meta property=\"og:image:width\" content=\"348\" class=\"yoast-seo-meta-tag\" \/>\n\t<meta property=\"og:image:height\" content=\"262\" class=\"yoast-seo-meta-tag\" \/>\n\t<meta property=\"og:image:type\" content=\"image\/jpeg\" class=\"yoast-seo-meta-tag\" \/>\n<meta name=\"author\" content=\"webman\" class=\"yoast-seo-meta-tag\" \/>\n<meta name=\"twitter:card\" content=\"summary_large_image\" class=\"yoast-seo-meta-tag\" \/>\n<meta name=\"twitter:label1\" content=\"Escrito por\" class=\"yoast-seo-meta-tag\" \/>\n\t<meta name=\"twitter:data1\" content=\"webman\" class=\"yoast-seo-meta-tag\" \/>\n\t<meta name=\"twitter:label2\" content=\"Tiempo estimado de lectura\" class=\"yoast-seo-meta-tag\" \/>\n\t<meta name=\"twitter:data2\" content=\"2 minutos\" class=\"yoast-seo-meta-tag\" \/>\n<script type=\"application\/ld+json\" class=\"yoast-schema-graph\">{\"@context\":\"https:\/\/schema.org\",\"@graph\":[{\"@type\":\"Article\",\"@id\":\"https:\/\/explora.cl\/biobio\/cafe-cientifico\/#article\",\"isPartOf\":{\"@id\":\"https:\/\/explora.cl\/biobio\/cafe-cientifico\/\"},\"author\":{\"name\":\"webman\",\"@id\":\"https:\/\/explora.cl\/biobio\/#\/schema\/person\/cb8349c13ea2d324080adf8480d7ba5d\"},\"headline\":\"Caf\u00e9 Cient\u00edfico: Astrobiolog\u00eda: lo que Atacama nos puede decir sobre la vida extraterrestre\",\"datePublished\":\"2015-08-25T04:00:00+00:00\",\"dateModified\":\"2019-05-20T18:32:39+00:00\",\"mainEntityOfPage\":{\"@id\":\"https:\/\/explora.cl\/biobio\/cafe-cientifico\/\"},\"wordCount\":370,\"commentCount\":0,\"image\":{\"@id\":\"https:\/\/explora.cl\/biobio\/cafe-cientifico\/#primaryimage\"},\"thumbnailUrl\":\"https:\/\/explora.cl\/biobio\/wp-content\/uploads\/sites\/14\/2018\/06\/b1cfcec9c78b0a86ee10def22355e2e7.jpg\",\"keywords\":[\"cultura\"],\"articleSection\":[\"Noticias\"],\"inLanguage\":\"es-CL\",\"potentialAction\":[{\"@type\":\"CommentAction\",\"name\":\"Comment\",\"target\":[\"https:\/\/explora.cl\/biobio\/cafe-cientifico\/#respond\"]}]},{\"@type\":\"WebPage\",\"@id\":\"https:\/\/explora.cl\/biobio\/cafe-cientifico\/\",\"url\":\"https:\/\/explora.cl\/biobio\/cafe-cientifico\/\",\"name\":\"Caf\u00e9 Cient\u00edfico: Astrobiolog\u00eda: lo que Atacama nos puede decir sobre la vida extraterrestre - Biob\u00edo\",\"isPartOf\":{\"@id\":\"https:\/\/explora.cl\/biobio\/#website\"},\"primaryImageOfPage\":{\"@id\":\"https:\/\/explora.cl\/biobio\/cafe-cientifico\/#primaryimage\"},\"image\":{\"@id\":\"https:\/\/explora.cl\/biobio\/cafe-cientifico\/#primaryimage\"},\"thumbnailUrl\":\"https:\/\/explora.cl\/biobio\/wp-content\/uploads\/sites\/14\/2018\/06\/b1cfcec9c78b0a86ee10def22355e2e7.jpg\",\"datePublished\":\"2015-08-25T04:00:00+00:00\",\"dateModified\":\"2019-05-20T18:32:39+00:00\",\"author\":{\"@id\":\"https:\/\/explora.cl\/biobio\/#\/schema\/person\/cb8349c13ea2d324080adf8480d7ba5d\"},\"breadcrumb\":{\"@id\":\"https:\/\/explora.cl\/biobio\/cafe-cientifico\/#breadcrumb\"},\"inLanguage\":\"es-CL\",\"potentialAction\":[{\"@type\":\"ReadAction\",\"target\":[\"https:\/\/explora.cl\/biobio\/cafe-cientifico\/\"]}]},{\"@type\":\"ImageObject\",\"inLanguage\":\"es-CL\",\"@id\":\"https:\/\/explora.cl\/biobio\/cafe-cientifico\/#primaryimage\",\"url\":\"https:\/\/explora.cl\/biobio\/wp-content\/uploads\/sites\/14\/2018\/06\/b1cfcec9c78b0a86ee10def22355e2e7.jpg\",\"contentUrl\":\"https:\/\/explora.cl\/biobio\/wp-content\/uploads\/sites\/14\/2018\/06\/b1cfcec9c78b0a86ee10def22355e2e7.jpg\",\"width\":348,\"height\":262},{\"@type\":\"BreadcrumbList\",\"@id\":\"https:\/\/explora.cl\/biobio\/cafe-cientifico\/#breadcrumb\",\"itemListElement\":[{\"@type\":\"ListItem\",\"position\":1,\"name\":\"Portada\",\"item\":\"https:\/\/explora.cl\/biobio\/\"},{\"@type\":\"ListItem\",\"position\":2,\"name\":\"Caf\u00e9 Cient\u00edfico: Astrobiolog\u00eda: lo que Atacama nos puede decir sobre la vida extraterrestre\"}]},{\"@type\":\"WebSite\",\"@id\":\"https:\/\/explora.cl\/biobio\/#website\",\"url\":\"https:\/\/explora.cl\/biobio\/\",\"name\":\"Biob\u00edo\",\"description\":\"Otro sitio m\u00e1s de explora.cl\",\"potentialAction\":[{\"@type\":\"SearchAction\",\"target\":{\"@type\":\"EntryPoint\",\"urlTemplate\":\"https:\/\/explora.cl\/biobio\/?s={search_term_string}\"},\"query-input\":{\"@type\":\"PropertyValueSpecification\",\"valueRequired\":true,\"valueName\":\"search_term_string\"}}],\"inLanguage\":\"es-CL\"},{\"@type\":\"Person\",\"@id\":\"https:\/\/explora.cl\/biobio\/#\/schema\/person\/cb8349c13ea2d324080adf8480d7ba5d\",\"name\":\"webman\",\"image\":{\"@type\":\"ImageObject\",\"inLanguage\":\"es-CL\",\"@id\":\"https:\/\/explora.cl\/biobio\/#\/schema\/person\/image\/\",\"url\":\"https:\/\/secure.gravatar.com\/avatar\/eeff3c82f2c02f7177d13663b7e6f890e9a6a0647ce9bb29cae02dcb094c7312?s=96&d=mm&r=g\",\"contentUrl\":\"https:\/\/secure.gravatar.com\/avatar\/eeff3c82f2c02f7177d13663b7e6f890e9a6a0647ce9bb29cae02dcb094c7312?s=96&d=mm&r=g\",\"caption\":\"webman\"},\"url\":\"https:\/\/explora.cl\/biobio\/author\/webman\/\"}]}<\/script>\n<!-- \/ Yoast SEO plugin. -->","yoast_head_json":{"title":"Caf\u00e9 Cient\u00edfico: Astrobiolog\u00eda: lo que Atacama nos puede decir sobre la vida extraterrestre - Biob\u00edo","robots":{"index":"index","follow":"follow","max-snippet":"max-snippet:-1","max-image-preview":"max-image-preview:large","max-video-preview":"max-video-preview:-1"},"canonical":"https:\/\/explora.cl\/biobio\/cafe-cientifico\/","og_locale":"es_ES","og_type":"article","og_title":"Caf\u00e9 Cient\u00edfico: Astrobiolog\u00eda: lo que Atacama nos puede decir sobre la vida extraterrestre - Biob\u00edo","og_description":"El Centro de Biotecnolog\u00eda de la Universidad de Concepci\u00f3n, en conjunto con PAR Explora Biob\u00edo y Direcci\u00f3n de Extensi\u00f3n UdeC, invitan al Caf\u00e9 Cient\u00edfico &#8220;Astrobiolog\u00eda: lo que Atacama nos puede decir de la vida extraterrestre&#8221;. \u00danete a la conversaci\u00f3n este jueves 27 de agosto desde las 19:00 hrs. en la Sala David Stitchkin, subsuelo Galer\u00eda [&hellip;]","og_url":"https:\/\/explora.cl\/biobio\/cafe-cientifico\/","og_site_name":"Biob\u00edo","article_published_time":"2015-08-25T04:00:00+00:00","article_modified_time":"2019-05-20T18:32:39+00:00","og_image":[{"width":348,"height":262,"url":"https:\/\/explora.cl\/biobio\/wp-content\/uploads\/sites\/14\/2018\/06\/b1cfcec9c78b0a86ee10def22355e2e7.jpg","type":"image\/jpeg"}],"author":"webman","twitter_card":"summary_large_image","twitter_misc":{"Escrito por":"webman","Tiempo estimado de lectura":"2 minutos"},"schema":{"@context":"https:\/\/schema.org","@graph":[{"@type":"Article","@id":"https:\/\/explora.cl\/biobio\/cafe-cientifico\/#article","isPartOf":{"@id":"https:\/\/explora.cl\/biobio\/cafe-cientifico\/"},"author":{"name":"webman","@id":"https:\/\/explora.cl\/biobio\/#\/schema\/person\/cb8349c13ea2d324080adf8480d7ba5d"},"headline":"Caf\u00e9 Cient\u00edfico: Astrobiolog\u00eda: lo que Atacama nos puede decir sobre la vida extraterrestre","datePublished":"2015-08-25T04:00:00+00:00","dateModified":"2019-05-20T18:32:39+00:00","mainEntityOfPage":{"@id":"https:\/\/explora.cl\/biobio\/cafe-cientifico\/"},"wordCount":370,"commentCount":0,"image":{"@id":"https:\/\/explora.cl\/biobio\/cafe-cientifico\/#primaryimage"},"thumbnailUrl":"https:\/\/explora.cl\/biobio\/wp-content\/uploads\/sites\/14\/2018\/06\/b1cfcec9c78b0a86ee10def22355e2e7.jpg","keywords":["cultura"],"articleSection":["Noticias"],"inLanguage":"es-CL","potentialAction":[{"@type":"CommentAction","name":"Comment","target":["https:\/\/explora.cl\/biobio\/cafe-cientifico\/#respond"]}]},{"@type":"WebPage","@id":"https:\/\/explora.cl\/biobio\/cafe-cientifico\/","url":"https:\/\/explora.cl\/biobio\/cafe-cientifico\/","name":"Caf\u00e9 Cient\u00edfico: Astrobiolog\u00eda: lo que Atacama nos puede decir sobre la vida extraterrestre - Biob\u00edo","isPartOf":{"@id":"https:\/\/explora.cl\/biobio\/#website"},"primaryImageOfPage":{"@id":"https:\/\/explora.cl\/biobio\/cafe-cientifico\/#primaryimage"},"image":{"@id":"https:\/\/explora.cl\/biobio\/cafe-cientifico\/#primaryimage"},"thumbnailUrl":"https:\/\/explora.cl\/biobio\/wp-content\/uploads\/sites\/14\/2018\/06\/b1cfcec9c78b0a86ee10def22355e2e7.jpg","datePublished":"2015-08-25T04:00:00+00:00","dateModified":"2019-05-20T18:32:39+00:00","author":{"@id":"https:\/\/explora.cl\/biobio\/#\/schema\/person\/cb8349c13ea2d324080adf8480d7ba5d"},"breadcrumb":{"@id":"https:\/\/explora.cl\/biobio\/cafe-cientifico\/#breadcrumb"},"inLanguage":"es-CL","potentialAction":[{"@type":"ReadAction","target":["https:\/\/explora.cl\/biobio\/cafe-cientifico\/"]}]},{"@type":"ImageObject","inLanguage":"es-CL","@id":"https:\/\/explora.cl\/biobio\/cafe-cientifico\/#primaryimage","url":"https:\/\/explora.cl\/biobio\/wp-content\/uploads\/sites\/14\/2018\/06\/b1cfcec9c78b0a86ee10def22355e2e7.jpg","contentUrl":"https:\/\/explora.cl\/biobio\/wp-content\/uploads\/sites\/14\/2018\/06\/b1cfcec9c78b0a86ee10def22355e2e7.jpg","width":348,"height":262},{"@type":"BreadcrumbList","@id":"https:\/\/explora.cl\/biobio\/cafe-cientifico\/#breadcrumb","itemListElement":[{"@type":"ListItem","position":1,"name":"Portada","item":"https:\/\/explora.cl\/biobio\/"},{"@type":"ListItem","position":2,"name":"Caf\u00e9 Cient\u00edfico: Astrobiolog\u00eda: lo que Atacama nos puede decir sobre la vida extraterrestre"}]},{"@type":"WebSite","@id":"https:\/\/explora.cl\/biobio\/#website","url":"https:\/\/explora.cl\/biobio\/","name":"Biob\u00edo","description":"Otro sitio m\u00e1s de explora.cl","potentialAction":[{"@type":"SearchAction","target":{"@type":"EntryPoint","urlTemplate":"https:\/\/explora.cl\/biobio\/?s={search_term_string}"},"query-input":{"@type":"PropertyValueSpecification","valueRequired":true,"valueName":"search_term_string"}}],"inLanguage":"es-CL"},{"@type":"Person","@id":"https:\/\/explora.cl\/biobio\/#\/schema\/person\/cb8349c13ea2d324080adf8480d7ba5d","name":"webman","image":{"@type":"ImageObject","inLanguage":"es-CL","@id":"https:\/\/explora.cl\/biobio\/#\/schema\/person\/image\/","url":"https:\/\/secure.gravatar.com\/avatar\/eeff3c82f2c02f7177d13663b7e6f890e9a6a0647ce9bb29cae02dcb094c7312?s=96&d=mm&r=g","contentUrl":"https:\/\/secure.gravatar.com\/avatar\/eeff3c82f2c02f7177d13663b7e6f890e9a6a0647ce9bb29cae02dcb094c7312?s=96&d=mm&r=g","caption":"webman"},"url":"https:\/\/explora.cl\/biobio\/author\/webman\/"}]}},"_links":{"self":[{"href":"https:\/\/explora.cl\/biobio\/wp-json\/wp\/v2\/posts\/821","targetHints":{"allow":["GET"]}}],"collection":[{"href":"https:\/\/explora.cl\/biobio\/wp-json\/wp\/v2\/posts"}],"about":[{"href":"https:\/\/explora.cl\/biobio\/wp-json\/wp\/v2\/types\/post"}],"author":[{"embeddable":true,"href":"https:\/\/explora.cl\/biobio\/wp-json\/wp\/v2\/users\/2"}],"replies":[{"embeddable":true,"href":"https:\/\/explora.cl\/biobio\/wp-json\/wp\/v2\/comments?post=821"}],"version-history":[{"count":1,"href":"https:\/\/explora.cl\/biobio\/wp-json\/wp\/v2\/posts\/821\/revisions"}],"predecessor-version":[{"id":37859,"href":"https:\/\/explora.cl\/biobio\/wp-json\/wp\/v2\/posts\/821\/revisions\/37859"}],"wp:featuredmedia":[{"embeddable":true,"href":"https:\/\/explora.cl\/biobio\/wp-json\/wp\/v2\/media\/822"}],"wp:attachment":[{"href":"https:\/\/explora.cl\/biobio\/wp-json\/wp\/v2\/media?parent=821"}],"wp:term":[{"taxonomy":"category","embeddable":true,"href":"https:\/\/explora.cl\/biobio\/wp-json\/wp\/v2\/categories?post=821"},{"taxonomy":"post_tag","embeddable":true,"href":"https:\/\/explora.cl\/biobio\/wp-json\/wp\/v2\/tags?post=821"}],"curies":[{"name":"wp","href":"https:\/\/api.w.org\/{rel}","templated":true}]}}