{"id":816,"date":"2015-08-24T00:00:00","date_gmt":"2015-08-24T04:00:00","guid":{"rendered":"https:\/\/explora.cl\/biobio\/blog\/2015\/08\/24\/se-amplio-el-plazo-de-inscripcion-para-participar-en-los-congresos-provinciales-escolares-de-ciencias-y-tecnologias-en-la-region-del-biobio\/"},"modified":"2019-05-20T18:32:44","modified_gmt":"2019-05-20T18:32:44","slug":"se-amplio-el-plazo-de-inscripcion-para-participar-en-los-congresos-provinciales-escolares-de-ciencias-y-tecnologias-en-la-region-del-biobio","status":"publish","type":"post","link":"https:\/\/explora.cl\/biobio\/se-amplio-el-plazo-de-inscripcion-para-participar-en-los-congresos-provinciales-escolares-de-ciencias-y-tecnologias-en-la-region-del-biobio\/","title":{"rendered":"Se ampli\u00f3 el plazo de inscripci\u00f3n para participar en los Congresos Provinciales Escolares de Ciencias y Tecnolog\u00edas en la Regi\u00f3n del Biob\u00edo"},"content":{"rendered":"<p><img fetchpriority=\"high\" decoding=\"async\" class=\" size-full wp-image-14102\" src=\"http:\/\/ec2-54-245-22-188.us-west-2.compute.amazonaws.com\/wp-content\/uploads\/2015\/08\/8521dffc9cb65f13c88a5d887dc6bf35.jpg\" alt=\"\" width=\"591\" height=\"212\" \/><\/p>\n<p>&nbsp;<\/p>\n<p style=\"margin-top: 0cm;text-align: justify;line-height: 19.2pt;background-image: initial;background-position: initial\"><span style=\"font-family: freight-sans-pro, serif;letter-spacing: 0.25pt\">Hasta el 7 de septiembre se podr\u00e1n enviar los proyectos para participar en los Congresos Provinciales Escolares de Ciencias y Tecnolog\u00edas 2015 organizados por el PAR EXPLORA Biob\u00edo. La actividad, que se desarrollar\u00e1 entre el 22 y 25 de septiembre, espera ser una vitrina para mostrar la investigaci\u00f3n cient\u00edfica escolar que se realiza en todas las comunas de la Regi\u00f3n.<\/span><\/p>\n<p style=\"text-align: justify;line-height: 19.2pt;background-image: initial;background-position: initial\"><span style=\"font-family: freight-sans-pro, serif;letter-spacing: 0.25pt\">La iniciativa, que va dirigida a estudiantes entre 5\u00b0 de Educaci\u00f3n B\u00e1sica y 3\u00b0de Educaci\u00f3n Media, espera recibir trabajos de investigaci\u00f3n en todas las \u00e1reas de las Ciencias, ya sean naturales, sociales, m\u00e9dicas y de la salud, agr\u00edcolas, humanas y de la comunicaci\u00f3n. Adem\u00e1s de Ingenier\u00eda y Tecnolog\u00eda.<\/span><\/p>\n<p style=\"text-align: justify;line-height: 19.2pt;background-image: initial;background-position: initial\"><span style=\"font-family: freight-sans-pro, serif;letter-spacing: 0.25pt\">Es importante recalcar que los Congresos Escolares EXPLORA Biob\u00edo son ferias de investigaci\u00f3n cient\u00edfica y desarrollo tecnol\u00f3gico donde pueden competir estudiantes de establecimientos educacionales municipalizados, particulares subvencionados y particulares pagados.<\/span><\/p>\n<p style=\"margin-bottom: 0.0001pt;text-align: justify;line-height: 19.2pt;background-image: initial;background-position: initial\"><span style=\"font-family: freight-sans-pro, serif;letter-spacing: 0.25pt\">En cada provincia habr\u00e1 ocho proyectos seleccionados, cuatro de Educaci\u00f3n B\u00e1sica y cuatro de Educaci\u00f3n Media, que asistir\u00e1n XVIII Congreso Regional Escolar de Ciencia y Tecnolog\u00eda EXPLORA CONICYT a realizarse en el Centro Interactivo de Ciencias Artes y Tecnolog\u00edas, CiCAT, en Coronel, en octubre de 2015.<\/span><\/p>\n<p style=\"margin-bottom: 0.0001pt;line-height: 19.2pt;background-image: initial;background-position: initial\"><span style=\"font-family: freight-sans-pro, serif;letter-spacing: 0.25pt\"><img decoding=\"async\" class=\" size-full wp-image-14103\" src=\"http:\/\/ec2-54-245-22-188.us-west-2.compute.amazonaws.com\/wp-content\/uploads\/2015\/08\/Imagen1.png\" alt=\"Imagen1.png\" width=\"334\" height=\"88\" style=\"margin-left: auto;margin-right: auto\" \/><\/span><\/p>\n<p style=\"text-align: justify;line-height: 19.2pt;background-image: initial;background-position: initial\"><span style=\"font-family: freight-sans-pro, serif;letter-spacing: 0.25pt\">Recuerda que el plazo para enviar los proyectos es hasta el 7 de septiembre al siguiente e-mail <a href=\"http:&lt;a href=\"><\/a><span style=\"color: #fbb900\">parexplorabiobio@gmail<\/span>. Ante cualquier duda puedes comunicarte al 041-2661878<\/span><\/p>\n<p id=\"yui_3_17_2_1_1440448061618_420\" style=\"margin-bottom: 0.0001pt;text-align: justify;line-height: 19.2pt;background-image: initial;background-position: initial\"><span style=\"font-family: freight-sans-pro, serif;letter-spacing: 0.25pt\">Revisa las bases&nbsp;<a href=\"https:\/\/drive.google.com\/folderview?id=0B_Tz5ISxSocwZklkRkViM2NHaWs&amp;usp=sharing\" target=\"_blank\" id=\"yui_3_17_2_1_1440448061618_419\" rel=\"noopener noreferrer\"><span style=\"color: #fbb900\">aqu\u00ed&nbsp;<\/span><\/a><\/span><\/p>\n<p>&nbsp;<\/p>\n","protected":false},"excerpt":{"rendered":"<p>&nbsp; Hasta el 7 de septiembre se podr\u00e1n enviar los proyectos para participar en los Congresos Provinciales Escolares de Ciencias y Tecnolog\u00edas 2015 organizados por el PAR EXPLORA Biob\u00edo. La actividad, que se desarrollar\u00e1 entre el 22 y 25 de septiembre, espera ser una vitrina para mostrar la investigaci\u00f3n cient\u00edfica escolar que se realiza en [&hellip;]<\/p>\n","protected":false},"author":2,"featured_media":817,"comment_status":"open","ping_status":"open","sticky":false,"template":"","format":"standard","meta":{"_acf_changed":false,"_exactmetrics_skip_tracking":false,"_exactmetrics_sitenote_active":false,"_exactmetrics_sitenote_note":"","_exactmetrics_sitenote_category":0,"footnotes":"","_links_to":"","_links_to_target":""},"categories":[4],"tags":[163,157],"class_list":["post-816","post","type-post","status-publish","format-standard","has-post-thumbnail","hentry","category-noticias","tag-cicat","tag-explora-biobio"],"acf":[],"yoast_head":"<!-- This site is optimized with the Yoast SEO plugin v26.9 - https:\/\/yoast.com\/product\/yoast-seo-wordpress\/ -->\n<title>Se ampli\u00f3 el plazo de inscripci\u00f3n para participar en los Congresos Provinciales Escolares de Ciencias y Tecnolog\u00edas en la Regi\u00f3n del Biob\u00edo - Biob\u00edo<\/title>\n<meta name=\"robots\" content=\"index, follow, max-snippet:-1, max-image-preview:large, max-video-preview:-1\" \/>\n<link rel=\"canonical\" href=\"https:\/\/explora.cl\/biobio\/se-amplio-el-plazo-de-inscripcion-para-participar-en-los-congresos-provinciales-escolares-de-ciencias-y-tecnologias-en-la-region-del-biobio\/\" class=\"yoast-seo-meta-tag\" \/>\n<meta property=\"og:locale\" content=\"es_ES\" class=\"yoast-seo-meta-tag\" \/>\n<meta property=\"og:type\" content=\"article\" class=\"yoast-seo-meta-tag\" \/>\n<meta property=\"og:title\" content=\"Se ampli\u00f3 el plazo de inscripci\u00f3n para participar en los Congresos Provinciales Escolares de Ciencias y Tecnolog\u00edas en la Regi\u00f3n del Biob\u00edo - Biob\u00edo\" class=\"yoast-seo-meta-tag\" \/>\n<meta property=\"og:description\" content=\"&nbsp; Hasta el 7 de septiembre se podr\u00e1n enviar los proyectos para participar en los Congresos Provinciales Escolares de Ciencias y Tecnolog\u00edas 2015 organizados por el PAR EXPLORA Biob\u00edo. La actividad, que se desarrollar\u00e1 entre el 22 y 25 de septiembre, espera ser una vitrina para mostrar la investigaci\u00f3n cient\u00edfica escolar que se realiza en [&hellip;]\" class=\"yoast-seo-meta-tag\" \/>\n<meta property=\"og:url\" content=\"https:\/\/explora.cl\/biobio\/se-amplio-el-plazo-de-inscripcion-para-participar-en-los-congresos-provinciales-escolares-de-ciencias-y-tecnologias-en-la-region-del-biobio\/\" class=\"yoast-seo-meta-tag\" \/>\n<meta property=\"og:site_name\" content=\"Biob\u00edo\" class=\"yoast-seo-meta-tag\" \/>\n<meta property=\"article:published_time\" content=\"2015-08-24T04:00:00+00:00\" class=\"yoast-seo-meta-tag\" \/>\n<meta property=\"article:modified_time\" content=\"2019-05-20T18:32:44+00:00\" class=\"yoast-seo-meta-tag\" \/>\n<meta property=\"og:image\" content=\"https:\/\/explora.cl\/biobio\/wp-content\/uploads\/sites\/14\/2018\/06\/8521dffc9cb65f13c88a5d887dc6bf35.jpg\" class=\"yoast-seo-meta-tag\" \/>\n\t<meta property=\"og:image:width\" content=\"591\" class=\"yoast-seo-meta-tag\" \/>\n\t<meta property=\"og:image:height\" content=\"212\" class=\"yoast-seo-meta-tag\" \/>\n\t<meta property=\"og:image:type\" content=\"image\/jpeg\" class=\"yoast-seo-meta-tag\" \/>\n<meta name=\"author\" content=\"webman\" class=\"yoast-seo-meta-tag\" \/>\n<meta name=\"twitter:card\" content=\"summary_large_image\" class=\"yoast-seo-meta-tag\" \/>\n<meta name=\"twitter:label1\" content=\"Escrito por\" class=\"yoast-seo-meta-tag\" \/>\n\t<meta name=\"twitter:data1\" content=\"webman\" class=\"yoast-seo-meta-tag\" \/>\n\t<meta name=\"twitter:label2\" content=\"Tiempo estimado de lectura\" class=\"yoast-seo-meta-tag\" \/>\n\t<meta name=\"twitter:data2\" content=\"1 minuto\" class=\"yoast-seo-meta-tag\" \/>\n<script type=\"application\/ld+json\" class=\"yoast-schema-graph\">{\"@context\":\"https:\/\/schema.org\",\"@graph\":[{\"@type\":\"Article\",\"@id\":\"https:\/\/explora.cl\/biobio\/se-amplio-el-plazo-de-inscripcion-para-participar-en-los-congresos-provinciales-escolares-de-ciencias-y-tecnologias-en-la-region-del-biobio\/#article\",\"isPartOf\":{\"@id\":\"https:\/\/explora.cl\/biobio\/se-amplio-el-plazo-de-inscripcion-para-participar-en-los-congresos-provinciales-escolares-de-ciencias-y-tecnologias-en-la-region-del-biobio\/\"},\"author\":{\"name\":\"webman\",\"@id\":\"https:\/\/explora.cl\/biobio\/#\/schema\/person\/cb8349c13ea2d324080adf8480d7ba5d\"},\"headline\":\"Se ampli\u00f3 el plazo de inscripci\u00f3n para participar en los Congresos Provinciales Escolares de Ciencias y Tecnolog\u00edas en la Regi\u00f3n del Biob\u00edo\",\"datePublished\":\"2015-08-24T04:00:00+00:00\",\"dateModified\":\"2019-05-20T18:32:44+00:00\",\"mainEntityOfPage\":{\"@id\":\"https:\/\/explora.cl\/biobio\/se-amplio-el-plazo-de-inscripcion-para-participar-en-los-congresos-provinciales-escolares-de-ciencias-y-tecnologias-en-la-region-del-biobio\/\"},\"wordCount\":263,\"commentCount\":0,\"image\":{\"@id\":\"https:\/\/explora.cl\/biobio\/se-amplio-el-plazo-de-inscripcion-para-participar-en-los-congresos-provinciales-escolares-de-ciencias-y-tecnologias-en-la-region-del-biobio\/#primaryimage\"},\"thumbnailUrl\":\"https:\/\/explora.cl\/biobio\/wp-content\/uploads\/sites\/14\/2018\/06\/8521dffc9cb65f13c88a5d887dc6bf35.jpg\",\"keywords\":[\"CiCAT\",\"EXPLORA Biob\u00edo\"],\"articleSection\":[\"Noticias\"],\"inLanguage\":\"es-CL\",\"potentialAction\":[{\"@type\":\"CommentAction\",\"name\":\"Comment\",\"target\":[\"https:\/\/explora.cl\/biobio\/se-amplio-el-plazo-de-inscripcion-para-participar-en-los-congresos-provinciales-escolares-de-ciencias-y-tecnologias-en-la-region-del-biobio\/#respond\"]}]},{\"@type\":\"WebPage\",\"@id\":\"https:\/\/explora.cl\/biobio\/se-amplio-el-plazo-de-inscripcion-para-participar-en-los-congresos-provinciales-escolares-de-ciencias-y-tecnologias-en-la-region-del-biobio\/\",\"url\":\"https:\/\/explora.cl\/biobio\/se-amplio-el-plazo-de-inscripcion-para-participar-en-los-congresos-provinciales-escolares-de-ciencias-y-tecnologias-en-la-region-del-biobio\/\",\"name\":\"Se ampli\u00f3 el plazo de inscripci\u00f3n para participar en los Congresos Provinciales Escolares de Ciencias y Tecnolog\u00edas en la Regi\u00f3n del Biob\u00edo - Biob\u00edo\",\"isPartOf\":{\"@id\":\"https:\/\/explora.cl\/biobio\/#website\"},\"primaryImageOfPage\":{\"@id\":\"https:\/\/explora.cl\/biobio\/se-amplio-el-plazo-de-inscripcion-para-participar-en-los-congresos-provinciales-escolares-de-ciencias-y-tecnologias-en-la-region-del-biobio\/#primaryimage\"},\"image\":{\"@id\":\"https:\/\/explora.cl\/biobio\/se-amplio-el-plazo-de-inscripcion-para-participar-en-los-congresos-provinciales-escolares-de-ciencias-y-tecnologias-en-la-region-del-biobio\/#primaryimage\"},\"thumbnailUrl\":\"https:\/\/explora.cl\/biobio\/wp-content\/uploads\/sites\/14\/2018\/06\/8521dffc9cb65f13c88a5d887dc6bf35.jpg\",\"datePublished\":\"2015-08-24T04:00:00+00:00\",\"dateModified\":\"2019-05-20T18:32:44+00:00\",\"author\":{\"@id\":\"https:\/\/explora.cl\/biobio\/#\/schema\/person\/cb8349c13ea2d324080adf8480d7ba5d\"},\"breadcrumb\":{\"@id\":\"https:\/\/explora.cl\/biobio\/se-amplio-el-plazo-de-inscripcion-para-participar-en-los-congresos-provinciales-escolares-de-ciencias-y-tecnologias-en-la-region-del-biobio\/#breadcrumb\"},\"inLanguage\":\"es-CL\",\"potentialAction\":[{\"@type\":\"ReadAction\",\"target\":[\"https:\/\/explora.cl\/biobio\/se-amplio-el-plazo-de-inscripcion-para-participar-en-los-congresos-provinciales-escolares-de-ciencias-y-tecnologias-en-la-region-del-biobio\/\"]}]},{\"@type\":\"ImageObject\",\"inLanguage\":\"es-CL\",\"@id\":\"https:\/\/explora.cl\/biobio\/se-amplio-el-plazo-de-inscripcion-para-participar-en-los-congresos-provinciales-escolares-de-ciencias-y-tecnologias-en-la-region-del-biobio\/#primaryimage\",\"url\":\"https:\/\/explora.cl\/biobio\/wp-content\/uploads\/sites\/14\/2018\/06\/8521dffc9cb65f13c88a5d887dc6bf35.jpg\",\"contentUrl\":\"https:\/\/explora.cl\/biobio\/wp-content\/uploads\/sites\/14\/2018\/06\/8521dffc9cb65f13c88a5d887dc6bf35.jpg\",\"width\":591,\"height\":212},{\"@type\":\"BreadcrumbList\",\"@id\":\"https:\/\/explora.cl\/biobio\/se-amplio-el-plazo-de-inscripcion-para-participar-en-los-congresos-provinciales-escolares-de-ciencias-y-tecnologias-en-la-region-del-biobio\/#breadcrumb\",\"itemListElement\":[{\"@type\":\"ListItem\",\"position\":1,\"name\":\"Portada\",\"item\":\"https:\/\/explora.cl\/biobio\/\"},{\"@type\":\"ListItem\",\"position\":2,\"name\":\"Se ampli\u00f3 el plazo de inscripci\u00f3n para participar en los Congresos Provinciales Escolares de Ciencias y Tecnolog\u00edas en la Regi\u00f3n del Biob\u00edo\"}]},{\"@type\":\"WebSite\",\"@id\":\"https:\/\/explora.cl\/biobio\/#website\",\"url\":\"https:\/\/explora.cl\/biobio\/\",\"name\":\"Biob\u00edo\",\"description\":\"Otro sitio m\u00e1s de explora.cl\",\"potentialAction\":[{\"@type\":\"SearchAction\",\"target\":{\"@type\":\"EntryPoint\",\"urlTemplate\":\"https:\/\/explora.cl\/biobio\/?s={search_term_string}\"},\"query-input\":{\"@type\":\"PropertyValueSpecification\",\"valueRequired\":true,\"valueName\":\"search_term_string\"}}],\"inLanguage\":\"es-CL\"},{\"@type\":\"Person\",\"@id\":\"https:\/\/explora.cl\/biobio\/#\/schema\/person\/cb8349c13ea2d324080adf8480d7ba5d\",\"name\":\"webman\",\"image\":{\"@type\":\"ImageObject\",\"inLanguage\":\"es-CL\",\"@id\":\"https:\/\/explora.cl\/biobio\/#\/schema\/person\/image\/\",\"url\":\"https:\/\/secure.gravatar.com\/avatar\/eeff3c82f2c02f7177d13663b7e6f890e9a6a0647ce9bb29cae02dcb094c7312?s=96&d=mm&r=g\",\"contentUrl\":\"https:\/\/secure.gravatar.com\/avatar\/eeff3c82f2c02f7177d13663b7e6f890e9a6a0647ce9bb29cae02dcb094c7312?s=96&d=mm&r=g\",\"caption\":\"webman\"},\"url\":\"https:\/\/explora.cl\/biobio\/author\/webman\/\"}]}<\/script>\n<!-- \/ Yoast SEO plugin. -->","yoast_head_json":{"title":"Se ampli\u00f3 el plazo de inscripci\u00f3n para participar en los Congresos Provinciales Escolares de Ciencias y Tecnolog\u00edas en la Regi\u00f3n del Biob\u00edo - Biob\u00edo","robots":{"index":"index","follow":"follow","max-snippet":"max-snippet:-1","max-image-preview":"max-image-preview:large","max-video-preview":"max-video-preview:-1"},"canonical":"https:\/\/explora.cl\/biobio\/se-amplio-el-plazo-de-inscripcion-para-participar-en-los-congresos-provinciales-escolares-de-ciencias-y-tecnologias-en-la-region-del-biobio\/","og_locale":"es_ES","og_type":"article","og_title":"Se ampli\u00f3 el plazo de inscripci\u00f3n para participar en los Congresos Provinciales Escolares de Ciencias y Tecnolog\u00edas en la Regi\u00f3n del Biob\u00edo - Biob\u00edo","og_description":"&nbsp; Hasta el 7 de septiembre se podr\u00e1n enviar los proyectos para participar en los Congresos Provinciales Escolares de Ciencias y Tecnolog\u00edas 2015 organizados por el PAR EXPLORA Biob\u00edo. La actividad, que se desarrollar\u00e1 entre el 22 y 25 de septiembre, espera ser una vitrina para mostrar la investigaci\u00f3n cient\u00edfica escolar que se realiza en [&hellip;]","og_url":"https:\/\/explora.cl\/biobio\/se-amplio-el-plazo-de-inscripcion-para-participar-en-los-congresos-provinciales-escolares-de-ciencias-y-tecnologias-en-la-region-del-biobio\/","og_site_name":"Biob\u00edo","article_published_time":"2015-08-24T04:00:00+00:00","article_modified_time":"2019-05-20T18:32:44+00:00","og_image":[{"width":591,"height":212,"url":"https:\/\/explora.cl\/biobio\/wp-content\/uploads\/sites\/14\/2018\/06\/8521dffc9cb65f13c88a5d887dc6bf35.jpg","type":"image\/jpeg"}],"author":"webman","twitter_card":"summary_large_image","twitter_misc":{"Escrito por":"webman","Tiempo estimado de lectura":"1 minuto"},"schema":{"@context":"https:\/\/schema.org","@graph":[{"@type":"Article","@id":"https:\/\/explora.cl\/biobio\/se-amplio-el-plazo-de-inscripcion-para-participar-en-los-congresos-provinciales-escolares-de-ciencias-y-tecnologias-en-la-region-del-biobio\/#article","isPartOf":{"@id":"https:\/\/explora.cl\/biobio\/se-amplio-el-plazo-de-inscripcion-para-participar-en-los-congresos-provinciales-escolares-de-ciencias-y-tecnologias-en-la-region-del-biobio\/"},"author":{"name":"webman","@id":"https:\/\/explora.cl\/biobio\/#\/schema\/person\/cb8349c13ea2d324080adf8480d7ba5d"},"headline":"Se ampli\u00f3 el plazo de inscripci\u00f3n para participar en los Congresos Provinciales Escolares de Ciencias y Tecnolog\u00edas en la Regi\u00f3n del Biob\u00edo","datePublished":"2015-08-24T04:00:00+00:00","dateModified":"2019-05-20T18:32:44+00:00","mainEntityOfPage":{"@id":"https:\/\/explora.cl\/biobio\/se-amplio-el-plazo-de-inscripcion-para-participar-en-los-congresos-provinciales-escolares-de-ciencias-y-tecnologias-en-la-region-del-biobio\/"},"wordCount":263,"commentCount":0,"image":{"@id":"https:\/\/explora.cl\/biobio\/se-amplio-el-plazo-de-inscripcion-para-participar-en-los-congresos-provinciales-escolares-de-ciencias-y-tecnologias-en-la-region-del-biobio\/#primaryimage"},"thumbnailUrl":"https:\/\/explora.cl\/biobio\/wp-content\/uploads\/sites\/14\/2018\/06\/8521dffc9cb65f13c88a5d887dc6bf35.jpg","keywords":["CiCAT","EXPLORA Biob\u00edo"],"articleSection":["Noticias"],"inLanguage":"es-CL","potentialAction":[{"@type":"CommentAction","name":"Comment","target":["https:\/\/explora.cl\/biobio\/se-amplio-el-plazo-de-inscripcion-para-participar-en-los-congresos-provinciales-escolares-de-ciencias-y-tecnologias-en-la-region-del-biobio\/#respond"]}]},{"@type":"WebPage","@id":"https:\/\/explora.cl\/biobio\/se-amplio-el-plazo-de-inscripcion-para-participar-en-los-congresos-provinciales-escolares-de-ciencias-y-tecnologias-en-la-region-del-biobio\/","url":"https:\/\/explora.cl\/biobio\/se-amplio-el-plazo-de-inscripcion-para-participar-en-los-congresos-provinciales-escolares-de-ciencias-y-tecnologias-en-la-region-del-biobio\/","name":"Se ampli\u00f3 el plazo de inscripci\u00f3n para participar en los Congresos Provinciales Escolares de Ciencias y Tecnolog\u00edas en la Regi\u00f3n del Biob\u00edo - Biob\u00edo","isPartOf":{"@id":"https:\/\/explora.cl\/biobio\/#website"},"primaryImageOfPage":{"@id":"https:\/\/explora.cl\/biobio\/se-amplio-el-plazo-de-inscripcion-para-participar-en-los-congresos-provinciales-escolares-de-ciencias-y-tecnologias-en-la-region-del-biobio\/#primaryimage"},"image":{"@id":"https:\/\/explora.cl\/biobio\/se-amplio-el-plazo-de-inscripcion-para-participar-en-los-congresos-provinciales-escolares-de-ciencias-y-tecnologias-en-la-region-del-biobio\/#primaryimage"},"thumbnailUrl":"https:\/\/explora.cl\/biobio\/wp-content\/uploads\/sites\/14\/2018\/06\/8521dffc9cb65f13c88a5d887dc6bf35.jpg","datePublished":"2015-08-24T04:00:00+00:00","dateModified":"2019-05-20T18:32:44+00:00","author":{"@id":"https:\/\/explora.cl\/biobio\/#\/schema\/person\/cb8349c13ea2d324080adf8480d7ba5d"},"breadcrumb":{"@id":"https:\/\/explora.cl\/biobio\/se-amplio-el-plazo-de-inscripcion-para-participar-en-los-congresos-provinciales-escolares-de-ciencias-y-tecnologias-en-la-region-del-biobio\/#breadcrumb"},"inLanguage":"es-CL","potentialAction":[{"@type":"ReadAction","target":["https:\/\/explora.cl\/biobio\/se-amplio-el-plazo-de-inscripcion-para-participar-en-los-congresos-provinciales-escolares-de-ciencias-y-tecnologias-en-la-region-del-biobio\/"]}]},{"@type":"ImageObject","inLanguage":"es-CL","@id":"https:\/\/explora.cl\/biobio\/se-amplio-el-plazo-de-inscripcion-para-participar-en-los-congresos-provinciales-escolares-de-ciencias-y-tecnologias-en-la-region-del-biobio\/#primaryimage","url":"https:\/\/explora.cl\/biobio\/wp-content\/uploads\/sites\/14\/2018\/06\/8521dffc9cb65f13c88a5d887dc6bf35.jpg","contentUrl":"https:\/\/explora.cl\/biobio\/wp-content\/uploads\/sites\/14\/2018\/06\/8521dffc9cb65f13c88a5d887dc6bf35.jpg","width":591,"height":212},{"@type":"BreadcrumbList","@id":"https:\/\/explora.cl\/biobio\/se-amplio-el-plazo-de-inscripcion-para-participar-en-los-congresos-provinciales-escolares-de-ciencias-y-tecnologias-en-la-region-del-biobio\/#breadcrumb","itemListElement":[{"@type":"ListItem","position":1,"name":"Portada","item":"https:\/\/explora.cl\/biobio\/"},{"@type":"ListItem","position":2,"name":"Se ampli\u00f3 el plazo de inscripci\u00f3n para participar en los Congresos Provinciales Escolares de Ciencias y Tecnolog\u00edas en la Regi\u00f3n del Biob\u00edo"}]},{"@type":"WebSite","@id":"https:\/\/explora.cl\/biobio\/#website","url":"https:\/\/explora.cl\/biobio\/","name":"Biob\u00edo","description":"Otro sitio m\u00e1s de explora.cl","potentialAction":[{"@type":"SearchAction","target":{"@type":"EntryPoint","urlTemplate":"https:\/\/explora.cl\/biobio\/?s={search_term_string}"},"query-input":{"@type":"PropertyValueSpecification","valueRequired":true,"valueName":"search_term_string"}}],"inLanguage":"es-CL"},{"@type":"Person","@id":"https:\/\/explora.cl\/biobio\/#\/schema\/person\/cb8349c13ea2d324080adf8480d7ba5d","name":"webman","image":{"@type":"ImageObject","inLanguage":"es-CL","@id":"https:\/\/explora.cl\/biobio\/#\/schema\/person\/image\/","url":"https:\/\/secure.gravatar.com\/avatar\/eeff3c82f2c02f7177d13663b7e6f890e9a6a0647ce9bb29cae02dcb094c7312?s=96&d=mm&r=g","contentUrl":"https:\/\/secure.gravatar.com\/avatar\/eeff3c82f2c02f7177d13663b7e6f890e9a6a0647ce9bb29cae02dcb094c7312?s=96&d=mm&r=g","caption":"webman"},"url":"https:\/\/explora.cl\/biobio\/author\/webman\/"}]}},"_links":{"self":[{"href":"https:\/\/explora.cl\/biobio\/wp-json\/wp\/v2\/posts\/816","targetHints":{"allow":["GET"]}}],"collection":[{"href":"https:\/\/explora.cl\/biobio\/wp-json\/wp\/v2\/posts"}],"about":[{"href":"https:\/\/explora.cl\/biobio\/wp-json\/wp\/v2\/types\/post"}],"author":[{"embeddable":true,"href":"https:\/\/explora.cl\/biobio\/wp-json\/wp\/v2\/users\/2"}],"replies":[{"embeddable":true,"href":"https:\/\/explora.cl\/biobio\/wp-json\/wp\/v2\/comments?post=816"}],"version-history":[{"count":1,"href":"https:\/\/explora.cl\/biobio\/wp-json\/wp\/v2\/posts\/816\/revisions"}],"predecessor-version":[{"id":37860,"href":"https:\/\/explora.cl\/biobio\/wp-json\/wp\/v2\/posts\/816\/revisions\/37860"}],"wp:featuredmedia":[{"embeddable":true,"href":"https:\/\/explora.cl\/biobio\/wp-json\/wp\/v2\/media\/817"}],"wp:attachment":[{"href":"https:\/\/explora.cl\/biobio\/wp-json\/wp\/v2\/media?parent=816"}],"wp:term":[{"taxonomy":"category","embeddable":true,"href":"https:\/\/explora.cl\/biobio\/wp-json\/wp\/v2\/categories?post=816"},{"taxonomy":"post_tag","embeddable":true,"href":"https:\/\/explora.cl\/biobio\/wp-json\/wp\/v2\/tags?post=816"}],"curies":[{"name":"wp","href":"https:\/\/api.w.org\/{rel}","templated":true}]}}