{"id":812,"date":"2015-08-21T00:00:00","date_gmt":"2015-08-21T04:00:00","guid":{"rendered":"https:\/\/explora.cl\/biobio\/blog\/2015\/08\/21\/postulaciones-abiertas-para-la-xii-feria-antartica-escolar\/"},"modified":"2019-05-20T18:32:45","modified_gmt":"2019-05-20T18:32:45","slug":"postulaciones-abiertas-para-la-xii-feria-antartica-escolar","status":"publish","type":"post","link":"https:\/\/explora.cl\/biobio\/postulaciones-abiertas-para-la-xii-feria-antartica-escolar\/","title":{"rendered":"Postulaciones abiertas para la XII Feria Ant\u00e1rtica Escolar"},"content":{"rendered":"<p><img fetchpriority=\"high\" decoding=\"async\" class=\" size-full wp-image-14022\" src=\"http:\/\/ec2-54-245-22-188.us-west-2.compute.amazonaws.com\/wp-content\/uploads\/2015\/08\/8c8ecbaa7096e50087046f03e98fbebf.jpg\" alt=\"\" width=\"750\" height=\"1158\" \/><\/p>\n<p style=\"text-align: justify\">&nbsp;<\/p>\n<p style=\"text-align: justify\">&nbsp;<\/p>\n<p style=\"margin-top: 0px;font-family: freight-sans-pro;font-size: 16px;letter-spacing: 0.300000011920929px;line-height: 25.6000003814697px;text-align: justify\">Como parte de la tarea de acercar a la comunidad a los temas relacionados con el \u201cContinente Blanco\u201d, el Instituto Ant\u00e1rtico Chileno, a trav\u00e9s del PAR EXPLORA Biob\u00edo, invita a los estudiantes de Educaci\u00f3n Media a postular a la XII Feria Ant\u00e1rtica Escolar. El premio para los equipos ganadores del certamen ser\u00e1 integrar la Expedici\u00f3n Ant\u00e1rtica Escolar 2015 en la Isla Rey Jorge.<\/p>\n<p style=\"font-family: freight-sans-pro;font-size: 16px;letter-spacing: 0.300000011920929px;line-height: 25.6000003814697px;text-align: justify\">La iniciativa invita a los y las estudiantes a desarrollar sus habilidades en el uso del m\u00e9todo cient\u00edfico, para encontrar respuestas a las interrogantes que se presentan en la Ant\u00e1rtica y con ello, promover su conservaci\u00f3n y valoraci\u00f3n.<\/p>\n<p style=\"font-family: freight-sans-pro;font-size: 16px;letter-spacing: 0.300000011920929px;line-height: 25.6000003814697px;text-align: justify\">Podr\u00e1n postular estudiantes 1er a 3er a\u00f1o de ense\u00f1anza media de los establecimientos educacionales human\u00edstico-cient\u00edficos y estudiantes de 1er a 4\u00ba&nbsp;a\u00f1o de ense\u00f1anza media de establecimientos educacionales t\u00e9cnicos- profesionales. Mientras que los docentes, integrantes del equipo, pueden ser de cualquier disciplina.<\/p>\n<p style=\"font-family: freight-sans-pro;font-size: 16px;letter-spacing: 0.300000011920929px;line-height: 25.6000003814697px;text-align: justify\">Los trabajos podr\u00e1n seguir las l\u00edneas de la investigaci\u00f3n experimental o bien de investigaci\u00f3n bibliogr\u00e1fica. Los proyectos podr\u00e1n enmarcarse en las siguientes tem\u00e1ticas de investigaci\u00f3n cient\u00edfica: \u201cRelaci\u00f3n entre Sudam\u00e9rica y la Ant\u00e1rtica\u201d; \u201cAdaptaciones al medio ant\u00e1rtico y sus biorrecursos\u201d; \u201cAbundancia y diversidad de organismos ant\u00e1rticos\u201d; \u201cCalentamiento global y evoluci\u00f3n del clima\u201d; \u201cMedio ambiente ant\u00e1rtico\u201d y por \u00faltimo, \u201cAstronom\u00eda y astrof\u00edsica de la Ant\u00e1rtica\u201d.<\/p>\n<p style=\"font-family: freight-sans-pro;font-size: 16px;letter-spacing: 0.300000011920929px;line-height: 25.6000003814697px;text-align: justify\">La XII Feria Ant\u00e1rtica Escolar contar\u00e1 con un programa de actividades de socializaci\u00f3n con expertos en temas ant\u00e1rticos y con el p\u00fablico en general.&nbsp; Un jurado cient\u00edfico multidisciplinario y un jurado ciudadano evaluar\u00e1n las investigaciones. Los equipos mejor evaluados, estudiantes y docentes, podr\u00e1n realizar la Expedici\u00f3n Ant\u00e1rtica Escolar 2015.<\/p>\n<p id=\"yui_3_17_2_1_1440180197491_478\" style=\"font-family: freight-sans-pro;font-size: 16px;letter-spacing: 0.300000011920929px;line-height: 25.6000003814697px;text-align: justify\">La expedici\u00f3n se realiza en el verano polar en la isla Rey Jorge, pen\u00ednsula Ant\u00e1rtica, y comprende un programa de actividades pedag\u00f3gico-cient\u00edficas que se desarrollar\u00e1n en la base \u201cProfesor Julio Escudero\u201d del INACH y en terreno.<\/p>\n<p style=\"font-family: freight-sans-pro;font-size: 16px;letter-spacing: 0.300000011920929px;line-height: 25.6000003814697px;text-align: justify\"><span style=\"font-family: freight-sans-pro;font-size: 16px;letter-spacing: 0.300000011920929px;line-height: 25.6000003814697px\">Para descargar las bases, pincha<a href=\"https:\/\/drive.google.com\/folderview?id=0B_Tz5ISxSocwVm82cEw0NzhCRUU&amp;usp=sharing\"> aqu\u00ed&nbsp;<\/a><\/span><\/p>\n<p style=\"font-family: freight-sans-pro;font-size: 16px;letter-spacing: 0.300000011920929px;line-height: 25.6000003814697px;text-align: justify\"><span style=\"font-family: freight-sans-pro;font-size: 16px;letter-spacing: 0.300000011920929px;line-height: 25.6000003814697px\">Revisa el video de lo que fue la FAE 2014<a href=\"https:\/\/www.youtube.com\/watch?v=xcN-EJbc3Nk\"> aqu\u00ed&nbsp;<\/a><\/span><\/p>\n<p style=\"text-align: justify\">&nbsp;<\/p>\n<p>&nbsp;<\/p>\n","protected":false},"excerpt":{"rendered":"<p>&nbsp; &nbsp; Como parte de la tarea de acercar a la comunidad a los temas relacionados con el \u201cContinente Blanco\u201d, el Instituto Ant\u00e1rtico Chileno, a trav\u00e9s del PAR EXPLORA Biob\u00edo, invita a los estudiantes de Educaci\u00f3n Media a postular a la XII Feria Ant\u00e1rtica Escolar. El premio para los equipos ganadores del certamen ser\u00e1 integrar [&hellip;]<\/p>\n","protected":false},"author":2,"featured_media":813,"comment_status":"open","ping_status":"open","sticky":false,"template":"","format":"standard","meta":{"_acf_changed":false,"_exactmetrics_skip_tracking":false,"_exactmetrics_sitenote_active":false,"_exactmetrics_sitenote_note":"","_exactmetrics_sitenote_category":0,"footnotes":"","_links_to":"","_links_to_target":""},"categories":[4],"tags":[163,157],"class_list":["post-812","post","type-post","status-publish","format-standard","has-post-thumbnail","hentry","category-noticias","tag-cicat","tag-explora-biobio"],"acf":[],"yoast_head":"<!-- This site is optimized with the Yoast SEO plugin v26.9 - https:\/\/yoast.com\/product\/yoast-seo-wordpress\/ -->\n<title>Postulaciones abiertas para la XII Feria Ant\u00e1rtica Escolar - Biob\u00edo<\/title>\n<meta name=\"robots\" content=\"index, follow, max-snippet:-1, max-image-preview:large, max-video-preview:-1\" \/>\n<link rel=\"canonical\" href=\"https:\/\/explora.cl\/biobio\/postulaciones-abiertas-para-la-xii-feria-antartica-escolar\/\" class=\"yoast-seo-meta-tag\" \/>\n<meta property=\"og:locale\" content=\"es_ES\" class=\"yoast-seo-meta-tag\" \/>\n<meta property=\"og:type\" content=\"article\" class=\"yoast-seo-meta-tag\" \/>\n<meta property=\"og:title\" content=\"Postulaciones abiertas para la XII Feria Ant\u00e1rtica Escolar - Biob\u00edo\" class=\"yoast-seo-meta-tag\" \/>\n<meta property=\"og:description\" content=\"&nbsp; &nbsp; Como parte de la tarea de acercar a la comunidad a los temas relacionados con el \u201cContinente Blanco\u201d, el Instituto Ant\u00e1rtico Chileno, a trav\u00e9s del PAR EXPLORA Biob\u00edo, invita a los estudiantes de Educaci\u00f3n Media a postular a la XII Feria Ant\u00e1rtica Escolar. El premio para los equipos ganadores del certamen ser\u00e1 integrar [&hellip;]\" class=\"yoast-seo-meta-tag\" \/>\n<meta property=\"og:url\" content=\"https:\/\/explora.cl\/biobio\/postulaciones-abiertas-para-la-xii-feria-antartica-escolar\/\" class=\"yoast-seo-meta-tag\" \/>\n<meta property=\"og:site_name\" content=\"Biob\u00edo\" class=\"yoast-seo-meta-tag\" \/>\n<meta property=\"article:published_time\" content=\"2015-08-21T04:00:00+00:00\" class=\"yoast-seo-meta-tag\" \/>\n<meta property=\"article:modified_time\" content=\"2019-05-20T18:32:45+00:00\" class=\"yoast-seo-meta-tag\" \/>\n<meta property=\"og:image\" content=\"https:\/\/explora.cl\/biobio\/wp-content\/uploads\/sites\/14\/2018\/06\/8c8ecbaa7096e50087046f03e98fbebf.jpg\" class=\"yoast-seo-meta-tag\" \/>\n\t<meta property=\"og:image:width\" content=\"750\" class=\"yoast-seo-meta-tag\" \/>\n\t<meta property=\"og:image:height\" content=\"1158\" class=\"yoast-seo-meta-tag\" \/>\n\t<meta property=\"og:image:type\" content=\"image\/jpeg\" class=\"yoast-seo-meta-tag\" \/>\n<meta name=\"author\" content=\"webman\" class=\"yoast-seo-meta-tag\" \/>\n<meta name=\"twitter:card\" content=\"summary_large_image\" class=\"yoast-seo-meta-tag\" \/>\n<meta name=\"twitter:label1\" content=\"Escrito por\" class=\"yoast-seo-meta-tag\" \/>\n\t<meta name=\"twitter:data1\" content=\"webman\" class=\"yoast-seo-meta-tag\" \/>\n\t<meta name=\"twitter:label2\" content=\"Tiempo estimado de lectura\" class=\"yoast-seo-meta-tag\" \/>\n\t<meta name=\"twitter:data2\" content=\"2 minutos\" class=\"yoast-seo-meta-tag\" \/>\n<script type=\"application\/ld+json\" class=\"yoast-schema-graph\">{\"@context\":\"https:\/\/schema.org\",\"@graph\":[{\"@type\":\"Article\",\"@id\":\"https:\/\/explora.cl\/biobio\/postulaciones-abiertas-para-la-xii-feria-antartica-escolar\/#article\",\"isPartOf\":{\"@id\":\"https:\/\/explora.cl\/biobio\/postulaciones-abiertas-para-la-xii-feria-antartica-escolar\/\"},\"author\":{\"name\":\"webman\",\"@id\":\"https:\/\/explora.cl\/biobio\/#\/schema\/person\/cb8349c13ea2d324080adf8480d7ba5d\"},\"headline\":\"Postulaciones abiertas para la XII Feria Ant\u00e1rtica Escolar\",\"datePublished\":\"2015-08-21T04:00:00+00:00\",\"dateModified\":\"2019-05-20T18:32:45+00:00\",\"mainEntityOfPage\":{\"@id\":\"https:\/\/explora.cl\/biobio\/postulaciones-abiertas-para-la-xii-feria-antartica-escolar\/\"},\"wordCount\":375,\"commentCount\":0,\"image\":{\"@id\":\"https:\/\/explora.cl\/biobio\/postulaciones-abiertas-para-la-xii-feria-antartica-escolar\/#primaryimage\"},\"thumbnailUrl\":\"https:\/\/explora.cl\/biobio\/wp-content\/uploads\/sites\/14\/2018\/06\/8c8ecbaa7096e50087046f03e98fbebf.jpg\",\"keywords\":[\"CiCAT\",\"EXPLORA Biob\u00edo\"],\"articleSection\":[\"Noticias\"],\"inLanguage\":\"es-CL\",\"potentialAction\":[{\"@type\":\"CommentAction\",\"name\":\"Comment\",\"target\":[\"https:\/\/explora.cl\/biobio\/postulaciones-abiertas-para-la-xii-feria-antartica-escolar\/#respond\"]}]},{\"@type\":\"WebPage\",\"@id\":\"https:\/\/explora.cl\/biobio\/postulaciones-abiertas-para-la-xii-feria-antartica-escolar\/\",\"url\":\"https:\/\/explora.cl\/biobio\/postulaciones-abiertas-para-la-xii-feria-antartica-escolar\/\",\"name\":\"Postulaciones abiertas para la XII Feria Ant\u00e1rtica Escolar - Biob\u00edo\",\"isPartOf\":{\"@id\":\"https:\/\/explora.cl\/biobio\/#website\"},\"primaryImageOfPage\":{\"@id\":\"https:\/\/explora.cl\/biobio\/postulaciones-abiertas-para-la-xii-feria-antartica-escolar\/#primaryimage\"},\"image\":{\"@id\":\"https:\/\/explora.cl\/biobio\/postulaciones-abiertas-para-la-xii-feria-antartica-escolar\/#primaryimage\"},\"thumbnailUrl\":\"https:\/\/explora.cl\/biobio\/wp-content\/uploads\/sites\/14\/2018\/06\/8c8ecbaa7096e50087046f03e98fbebf.jpg\",\"datePublished\":\"2015-08-21T04:00:00+00:00\",\"dateModified\":\"2019-05-20T18:32:45+00:00\",\"author\":{\"@id\":\"https:\/\/explora.cl\/biobio\/#\/schema\/person\/cb8349c13ea2d324080adf8480d7ba5d\"},\"breadcrumb\":{\"@id\":\"https:\/\/explora.cl\/biobio\/postulaciones-abiertas-para-la-xii-feria-antartica-escolar\/#breadcrumb\"},\"inLanguage\":\"es-CL\",\"potentialAction\":[{\"@type\":\"ReadAction\",\"target\":[\"https:\/\/explora.cl\/biobio\/postulaciones-abiertas-para-la-xii-feria-antartica-escolar\/\"]}]},{\"@type\":\"ImageObject\",\"inLanguage\":\"es-CL\",\"@id\":\"https:\/\/explora.cl\/biobio\/postulaciones-abiertas-para-la-xii-feria-antartica-escolar\/#primaryimage\",\"url\":\"https:\/\/explora.cl\/biobio\/wp-content\/uploads\/sites\/14\/2018\/06\/8c8ecbaa7096e50087046f03e98fbebf.jpg\",\"contentUrl\":\"https:\/\/explora.cl\/biobio\/wp-content\/uploads\/sites\/14\/2018\/06\/8c8ecbaa7096e50087046f03e98fbebf.jpg\",\"width\":750,\"height\":1158},{\"@type\":\"BreadcrumbList\",\"@id\":\"https:\/\/explora.cl\/biobio\/postulaciones-abiertas-para-la-xii-feria-antartica-escolar\/#breadcrumb\",\"itemListElement\":[{\"@type\":\"ListItem\",\"position\":1,\"name\":\"Portada\",\"item\":\"https:\/\/explora.cl\/biobio\/\"},{\"@type\":\"ListItem\",\"position\":2,\"name\":\"Postulaciones abiertas para la XII Feria Ant\u00e1rtica Escolar\"}]},{\"@type\":\"WebSite\",\"@id\":\"https:\/\/explora.cl\/biobio\/#website\",\"url\":\"https:\/\/explora.cl\/biobio\/\",\"name\":\"Biob\u00edo\",\"description\":\"Otro sitio m\u00e1s de explora.cl\",\"potentialAction\":[{\"@type\":\"SearchAction\",\"target\":{\"@type\":\"EntryPoint\",\"urlTemplate\":\"https:\/\/explora.cl\/biobio\/?s={search_term_string}\"},\"query-input\":{\"@type\":\"PropertyValueSpecification\",\"valueRequired\":true,\"valueName\":\"search_term_string\"}}],\"inLanguage\":\"es-CL\"},{\"@type\":\"Person\",\"@id\":\"https:\/\/explora.cl\/biobio\/#\/schema\/person\/cb8349c13ea2d324080adf8480d7ba5d\",\"name\":\"webman\",\"image\":{\"@type\":\"ImageObject\",\"inLanguage\":\"es-CL\",\"@id\":\"https:\/\/explora.cl\/biobio\/#\/schema\/person\/image\/\",\"url\":\"https:\/\/secure.gravatar.com\/avatar\/eeff3c82f2c02f7177d13663b7e6f890e9a6a0647ce9bb29cae02dcb094c7312?s=96&d=mm&r=g\",\"contentUrl\":\"https:\/\/secure.gravatar.com\/avatar\/eeff3c82f2c02f7177d13663b7e6f890e9a6a0647ce9bb29cae02dcb094c7312?s=96&d=mm&r=g\",\"caption\":\"webman\"},\"url\":\"https:\/\/explora.cl\/biobio\/author\/webman\/\"}]}<\/script>\n<!-- \/ Yoast SEO plugin. -->","yoast_head_json":{"title":"Postulaciones abiertas para la XII Feria Ant\u00e1rtica Escolar - Biob\u00edo","robots":{"index":"index","follow":"follow","max-snippet":"max-snippet:-1","max-image-preview":"max-image-preview:large","max-video-preview":"max-video-preview:-1"},"canonical":"https:\/\/explora.cl\/biobio\/postulaciones-abiertas-para-la-xii-feria-antartica-escolar\/","og_locale":"es_ES","og_type":"article","og_title":"Postulaciones abiertas para la XII Feria Ant\u00e1rtica Escolar - Biob\u00edo","og_description":"&nbsp; &nbsp; Como parte de la tarea de acercar a la comunidad a los temas relacionados con el \u201cContinente Blanco\u201d, el Instituto Ant\u00e1rtico Chileno, a trav\u00e9s del PAR EXPLORA Biob\u00edo, invita a los estudiantes de Educaci\u00f3n Media a postular a la XII Feria Ant\u00e1rtica Escolar. El premio para los equipos ganadores del certamen ser\u00e1 integrar [&hellip;]","og_url":"https:\/\/explora.cl\/biobio\/postulaciones-abiertas-para-la-xii-feria-antartica-escolar\/","og_site_name":"Biob\u00edo","article_published_time":"2015-08-21T04:00:00+00:00","article_modified_time":"2019-05-20T18:32:45+00:00","og_image":[{"width":750,"height":1158,"url":"https:\/\/explora.cl\/biobio\/wp-content\/uploads\/sites\/14\/2018\/06\/8c8ecbaa7096e50087046f03e98fbebf.jpg","type":"image\/jpeg"}],"author":"webman","twitter_card":"summary_large_image","twitter_misc":{"Escrito por":"webman","Tiempo estimado de lectura":"2 minutos"},"schema":{"@context":"https:\/\/schema.org","@graph":[{"@type":"Article","@id":"https:\/\/explora.cl\/biobio\/postulaciones-abiertas-para-la-xii-feria-antartica-escolar\/#article","isPartOf":{"@id":"https:\/\/explora.cl\/biobio\/postulaciones-abiertas-para-la-xii-feria-antartica-escolar\/"},"author":{"name":"webman","@id":"https:\/\/explora.cl\/biobio\/#\/schema\/person\/cb8349c13ea2d324080adf8480d7ba5d"},"headline":"Postulaciones abiertas para la XII Feria Ant\u00e1rtica Escolar","datePublished":"2015-08-21T04:00:00+00:00","dateModified":"2019-05-20T18:32:45+00:00","mainEntityOfPage":{"@id":"https:\/\/explora.cl\/biobio\/postulaciones-abiertas-para-la-xii-feria-antartica-escolar\/"},"wordCount":375,"commentCount":0,"image":{"@id":"https:\/\/explora.cl\/biobio\/postulaciones-abiertas-para-la-xii-feria-antartica-escolar\/#primaryimage"},"thumbnailUrl":"https:\/\/explora.cl\/biobio\/wp-content\/uploads\/sites\/14\/2018\/06\/8c8ecbaa7096e50087046f03e98fbebf.jpg","keywords":["CiCAT","EXPLORA Biob\u00edo"],"articleSection":["Noticias"],"inLanguage":"es-CL","potentialAction":[{"@type":"CommentAction","name":"Comment","target":["https:\/\/explora.cl\/biobio\/postulaciones-abiertas-para-la-xii-feria-antartica-escolar\/#respond"]}]},{"@type":"WebPage","@id":"https:\/\/explora.cl\/biobio\/postulaciones-abiertas-para-la-xii-feria-antartica-escolar\/","url":"https:\/\/explora.cl\/biobio\/postulaciones-abiertas-para-la-xii-feria-antartica-escolar\/","name":"Postulaciones abiertas para la XII Feria Ant\u00e1rtica Escolar - Biob\u00edo","isPartOf":{"@id":"https:\/\/explora.cl\/biobio\/#website"},"primaryImageOfPage":{"@id":"https:\/\/explora.cl\/biobio\/postulaciones-abiertas-para-la-xii-feria-antartica-escolar\/#primaryimage"},"image":{"@id":"https:\/\/explora.cl\/biobio\/postulaciones-abiertas-para-la-xii-feria-antartica-escolar\/#primaryimage"},"thumbnailUrl":"https:\/\/explora.cl\/biobio\/wp-content\/uploads\/sites\/14\/2018\/06\/8c8ecbaa7096e50087046f03e98fbebf.jpg","datePublished":"2015-08-21T04:00:00+00:00","dateModified":"2019-05-20T18:32:45+00:00","author":{"@id":"https:\/\/explora.cl\/biobio\/#\/schema\/person\/cb8349c13ea2d324080adf8480d7ba5d"},"breadcrumb":{"@id":"https:\/\/explora.cl\/biobio\/postulaciones-abiertas-para-la-xii-feria-antartica-escolar\/#breadcrumb"},"inLanguage":"es-CL","potentialAction":[{"@type":"ReadAction","target":["https:\/\/explora.cl\/biobio\/postulaciones-abiertas-para-la-xii-feria-antartica-escolar\/"]}]},{"@type":"ImageObject","inLanguage":"es-CL","@id":"https:\/\/explora.cl\/biobio\/postulaciones-abiertas-para-la-xii-feria-antartica-escolar\/#primaryimage","url":"https:\/\/explora.cl\/biobio\/wp-content\/uploads\/sites\/14\/2018\/06\/8c8ecbaa7096e50087046f03e98fbebf.jpg","contentUrl":"https:\/\/explora.cl\/biobio\/wp-content\/uploads\/sites\/14\/2018\/06\/8c8ecbaa7096e50087046f03e98fbebf.jpg","width":750,"height":1158},{"@type":"BreadcrumbList","@id":"https:\/\/explora.cl\/biobio\/postulaciones-abiertas-para-la-xii-feria-antartica-escolar\/#breadcrumb","itemListElement":[{"@type":"ListItem","position":1,"name":"Portada","item":"https:\/\/explora.cl\/biobio\/"},{"@type":"ListItem","position":2,"name":"Postulaciones abiertas para la XII Feria Ant\u00e1rtica Escolar"}]},{"@type":"WebSite","@id":"https:\/\/explora.cl\/biobio\/#website","url":"https:\/\/explora.cl\/biobio\/","name":"Biob\u00edo","description":"Otro sitio m\u00e1s de explora.cl","potentialAction":[{"@type":"SearchAction","target":{"@type":"EntryPoint","urlTemplate":"https:\/\/explora.cl\/biobio\/?s={search_term_string}"},"query-input":{"@type":"PropertyValueSpecification","valueRequired":true,"valueName":"search_term_string"}}],"inLanguage":"es-CL"},{"@type":"Person","@id":"https:\/\/explora.cl\/biobio\/#\/schema\/person\/cb8349c13ea2d324080adf8480d7ba5d","name":"webman","image":{"@type":"ImageObject","inLanguage":"es-CL","@id":"https:\/\/explora.cl\/biobio\/#\/schema\/person\/image\/","url":"https:\/\/secure.gravatar.com\/avatar\/eeff3c82f2c02f7177d13663b7e6f890e9a6a0647ce9bb29cae02dcb094c7312?s=96&d=mm&r=g","contentUrl":"https:\/\/secure.gravatar.com\/avatar\/eeff3c82f2c02f7177d13663b7e6f890e9a6a0647ce9bb29cae02dcb094c7312?s=96&d=mm&r=g","caption":"webman"},"url":"https:\/\/explora.cl\/biobio\/author\/webman\/"}]}},"_links":{"self":[{"href":"https:\/\/explora.cl\/biobio\/wp-json\/wp\/v2\/posts\/812","targetHints":{"allow":["GET"]}}],"collection":[{"href":"https:\/\/explora.cl\/biobio\/wp-json\/wp\/v2\/posts"}],"about":[{"href":"https:\/\/explora.cl\/biobio\/wp-json\/wp\/v2\/types\/post"}],"author":[{"embeddable":true,"href":"https:\/\/explora.cl\/biobio\/wp-json\/wp\/v2\/users\/2"}],"replies":[{"embeddable":true,"href":"https:\/\/explora.cl\/biobio\/wp-json\/wp\/v2\/comments?post=812"}],"version-history":[{"count":1,"href":"https:\/\/explora.cl\/biobio\/wp-json\/wp\/v2\/posts\/812\/revisions"}],"predecessor-version":[{"id":37862,"href":"https:\/\/explora.cl\/biobio\/wp-json\/wp\/v2\/posts\/812\/revisions\/37862"}],"wp:featuredmedia":[{"embeddable":true,"href":"https:\/\/explora.cl\/biobio\/wp-json\/wp\/v2\/media\/813"}],"wp:attachment":[{"href":"https:\/\/explora.cl\/biobio\/wp-json\/wp\/v2\/media?parent=812"}],"wp:term":[{"taxonomy":"category","embeddable":true,"href":"https:\/\/explora.cl\/biobio\/wp-json\/wp\/v2\/categories?post=812"},{"taxonomy":"post_tag","embeddable":true,"href":"https:\/\/explora.cl\/biobio\/wp-json\/wp\/v2\/tags?post=812"}],"curies":[{"name":"wp","href":"https:\/\/api.w.org\/{rel}","templated":true}]}}