{"id":808,"date":"2015-08-20T00:00:00","date_gmt":"2015-08-20T04:00:00","guid":{"rendered":"https:\/\/explora.cl\/biobio\/blog\/2015\/08\/20\/con-mucho-animo-la-comuna-de-pemuco-recibe-la-magico-viaje-de-la-electricidad\/"},"modified":"2019-05-20T18:32:46","modified_gmt":"2019-05-20T18:32:46","slug":"con-mucho-animo-la-comuna-de-pemuco-recibe-la-magico-viaje-de-la-electricidad","status":"publish","type":"post","link":"https:\/\/explora.cl\/biobio\/con-mucho-animo-la-comuna-de-pemuco-recibe-la-magico-viaje-de-la-electricidad\/","title":{"rendered":"Con mucho \u00e1nimo la comuna de Pemuco recibe &quot;La m\u00e1gico viaje de la electricidad&quot;"},"content":{"rendered":"<p><img fetchpriority=\"high\" decoding=\"async\" class=\" size-full wp-image-13999\" src=\"http:\/\/ec2-54-245-22-188.us-west-2.compute.amazonaws.com\/wp-content\/uploads\/2015\/08\/8c2e8a8a31b434f53c0c1fb11aaaeb3e.jpg\" alt=\"\" width=\"750\" height=\"500\" \/><\/p>\n<p><p style=\"margin-top: 0px;font-family: freight-sans-pro;font-size: 16px;letter-spacing: 0.300000011920929px;line-height: 25.6000003814697px\">&#8220;El m\u00e1gico viaje de la electricidad&#8221;, muestra interactiva desarrollada por Transelec e itinerada por el Centro Interactivo de Ciencias, Artes y Tecnolog\u00edas, CiCAT, con el patrocinio del PAR EXPLORA Biob\u00edo fue inaugurada en la Biblioteca P\u00fablica de Pemuco.<\/p>\n<p style=\"font-family: freight-sans-pro;font-size: 16px;letter-spacing: 0.300000011920929px;line-height: 25.6000003814697px\">Con la presencia de Eduardo Guti\u00e9rrez, Director de DAEM de la comuna, Jocelyn Benavente, periodista de la empresa Transelec y Juan Carlos Gacit\u00faa,&nbsp;Director de CiCAT y del PAR EXPLORA Biob\u00edo se realiz\u00f3 la ceremonia que marca el paso de la muestra interactiva por la comuna. En la ocasi\u00f3n se presentaron monitores del CiCAT, quienes, por medio de talleres interactivos, expusieron algunas de las propiedades que tiene la energ\u00eda.<\/p>\n<p style=\"font-family: freight-sans-pro;font-size: 16px;letter-spacing: 0.300000011920929px;line-height: 25.6000003814697px\">Ni\u00f1os y ni\u00f1as de la comunidad podr\u00e1n disfrutar de &#8220;El m\u00e1gico viaje de la electricidad&#8221;&nbsp;que tiene por objetivo ense\u00f1ar de manera l\u00fadica y did\u00e1ctica, a trav\u00e9s de siete m\u00f3dulos, los diferentes aspectos relacionados con el fen\u00f3meno de la energ\u00eda el\u00e9ctrica, desde su historia hasta las aplicaciones que se desarrollan en nuestros d\u00edas.<\/p>\n<p style=\"font-family: freight-sans-pro;font-size: 16px;letter-spacing: 0.300000011920929px;line-height: 25.6000003814697px\">&#8220;Estamos muy contentos de tener esta muestra en Pemuco, porque es poco habitual tener este tipo de actividades cient\u00edficas. Hemos tratado de aprovecharla al m\u00e1ximo con las visitas que est\u00e1n siendo guiadas por los monitores del CiCAT. Esto es muy bueno, porque a los ni\u00f1os se les est\u00e1 entregando mucha informaci\u00f3n, pero adem\u00e1s tienen la posibilidad de manipular la muestra y esto, obviamente, mejora el aprendizaje&#8221;, afirm\u00f3 Eduardo Guti\u00e9rrez, Director del DAEM.<\/p>\n<p style=\"margin-bottom: 0px;font-family: freight-sans-pro;font-size: 16px;letter-spacing: 0.300000011920929px;line-height: 25.6000003814697px\">La exposici\u00f3n estar\u00e1 disponible al p\u00fablico de manera gratuita hasta el 28 de agosto, de martes a s\u00e1bado, durante la ma\u00f1ana de 9:00 a 13:00 horas y en la tarde de 14:30 a 17:30 horas, en la Biblioteca Municipal de Pemuco ubicada en Miraflores 585.&nbsp;<\/p><\/p>\n","protected":false},"excerpt":{"rendered":"<p>&#8220;El m\u00e1gico viaje de la electricidad&#8221;, muestra interactiva desarrollada por Transelec e itinerada por el Centro Interactivo de Ciencias, Artes y Tecnolog\u00edas, CiCAT, con el patrocinio del PAR EXPLORA Biob\u00edo fue inaugurada en la Biblioteca P\u00fablica de Pemuco. Con la presencia de Eduardo Guti\u00e9rrez, Director de DAEM de la comuna, Jocelyn Benavente, periodista de la [&hellip;]<\/p>\n","protected":false},"author":2,"featured_media":809,"comment_status":"open","ping_status":"open","sticky":false,"template":"","format":"standard","meta":{"_acf_changed":false,"_exactmetrics_skip_tracking":false,"_exactmetrics_sitenote_active":false,"_exactmetrics_sitenote_note":"","_exactmetrics_sitenote_category":0,"footnotes":"","_links_to":"","_links_to_target":""},"categories":[4],"tags":[163,157],"class_list":["post-808","post","type-post","status-publish","format-standard","has-post-thumbnail","hentry","category-noticias","tag-cicat","tag-explora-biobio"],"acf":[],"yoast_head":"<!-- This site is optimized with the Yoast SEO plugin v26.9 - https:\/\/yoast.com\/product\/yoast-seo-wordpress\/ -->\n<title>Con mucho \u00e1nimo la comuna de Pemuco recibe &quot;La m\u00e1gico viaje de la electricidad&quot; - Biob\u00edo<\/title>\n<meta name=\"robots\" content=\"index, follow, max-snippet:-1, max-image-preview:large, max-video-preview:-1\" \/>\n<link rel=\"canonical\" href=\"https:\/\/explora.cl\/biobio\/con-mucho-animo-la-comuna-de-pemuco-recibe-la-magico-viaje-de-la-electricidad\/\" class=\"yoast-seo-meta-tag\" \/>\n<meta property=\"og:locale\" content=\"es_ES\" class=\"yoast-seo-meta-tag\" \/>\n<meta property=\"og:type\" content=\"article\" class=\"yoast-seo-meta-tag\" \/>\n<meta property=\"og:title\" content=\"Con mucho \u00e1nimo la comuna de Pemuco recibe &quot;La m\u00e1gico viaje de la electricidad&quot; - Biob\u00edo\" class=\"yoast-seo-meta-tag\" \/>\n<meta property=\"og:description\" content=\"&#8220;El m\u00e1gico viaje de la electricidad&#8221;, muestra interactiva desarrollada por Transelec e itinerada por el Centro Interactivo de Ciencias, Artes y Tecnolog\u00edas, CiCAT, con el patrocinio del PAR EXPLORA Biob\u00edo fue inaugurada en la Biblioteca P\u00fablica de Pemuco. Con la presencia de Eduardo Guti\u00e9rrez, Director de DAEM de la comuna, Jocelyn Benavente, periodista de la [&hellip;]\" class=\"yoast-seo-meta-tag\" \/>\n<meta property=\"og:url\" content=\"https:\/\/explora.cl\/biobio\/con-mucho-animo-la-comuna-de-pemuco-recibe-la-magico-viaje-de-la-electricidad\/\" class=\"yoast-seo-meta-tag\" \/>\n<meta property=\"og:site_name\" content=\"Biob\u00edo\" class=\"yoast-seo-meta-tag\" \/>\n<meta property=\"article:published_time\" content=\"2015-08-20T04:00:00+00:00\" class=\"yoast-seo-meta-tag\" \/>\n<meta property=\"article:modified_time\" content=\"2019-05-20T18:32:46+00:00\" class=\"yoast-seo-meta-tag\" \/>\n<meta property=\"og:image\" content=\"https:\/\/explora.cl\/biobio\/wp-content\/uploads\/sites\/14\/2018\/06\/8c2e8a8a31b434f53c0c1fb11aaaeb3e.jpg\" class=\"yoast-seo-meta-tag\" \/>\n\t<meta property=\"og:image:width\" content=\"750\" class=\"yoast-seo-meta-tag\" \/>\n\t<meta property=\"og:image:height\" content=\"500\" class=\"yoast-seo-meta-tag\" \/>\n\t<meta property=\"og:image:type\" content=\"image\/jpeg\" class=\"yoast-seo-meta-tag\" \/>\n<meta name=\"author\" content=\"webman\" class=\"yoast-seo-meta-tag\" \/>\n<meta name=\"twitter:card\" content=\"summary_large_image\" class=\"yoast-seo-meta-tag\" \/>\n<meta name=\"twitter:label1\" content=\"Escrito por\" class=\"yoast-seo-meta-tag\" \/>\n\t<meta name=\"twitter:data1\" content=\"webman\" class=\"yoast-seo-meta-tag\" \/>\n\t<meta name=\"twitter:label2\" content=\"Tiempo estimado de lectura\" class=\"yoast-seo-meta-tag\" \/>\n\t<meta name=\"twitter:data2\" content=\"2 minutos\" class=\"yoast-seo-meta-tag\" \/>\n<script type=\"application\/ld+json\" class=\"yoast-schema-graph\">{\"@context\":\"https:\/\/schema.org\",\"@graph\":[{\"@type\":\"Article\",\"@id\":\"https:\/\/explora.cl\/biobio\/con-mucho-animo-la-comuna-de-pemuco-recibe-la-magico-viaje-de-la-electricidad\/#article\",\"isPartOf\":{\"@id\":\"https:\/\/explora.cl\/biobio\/con-mucho-animo-la-comuna-de-pemuco-recibe-la-magico-viaje-de-la-electricidad\/\"},\"author\":{\"name\":\"webman\",\"@id\":\"https:\/\/explora.cl\/biobio\/#\/schema\/person\/cb8349c13ea2d324080adf8480d7ba5d\"},\"headline\":\"Con mucho \u00e1nimo la comuna de Pemuco recibe &quot;La m\u00e1gico viaje de la electricidad&quot;\",\"datePublished\":\"2015-08-20T04:00:00+00:00\",\"dateModified\":\"2019-05-20T18:32:46+00:00\",\"mainEntityOfPage\":{\"@id\":\"https:\/\/explora.cl\/biobio\/con-mucho-animo-la-comuna-de-pemuco-recibe-la-magico-viaje-de-la-electricidad\/\"},\"wordCount\":324,\"commentCount\":0,\"image\":{\"@id\":\"https:\/\/explora.cl\/biobio\/con-mucho-animo-la-comuna-de-pemuco-recibe-la-magico-viaje-de-la-electricidad\/#primaryimage\"},\"thumbnailUrl\":\"https:\/\/explora.cl\/biobio\/wp-content\/uploads\/sites\/14\/2018\/06\/8c2e8a8a31b434f53c0c1fb11aaaeb3e.jpg\",\"keywords\":[\"CiCAT\",\"EXPLORA Biob\u00edo\"],\"articleSection\":[\"Noticias\"],\"inLanguage\":\"es-CL\",\"potentialAction\":[{\"@type\":\"CommentAction\",\"name\":\"Comment\",\"target\":[\"https:\/\/explora.cl\/biobio\/con-mucho-animo-la-comuna-de-pemuco-recibe-la-magico-viaje-de-la-electricidad\/#respond\"]}]},{\"@type\":\"WebPage\",\"@id\":\"https:\/\/explora.cl\/biobio\/con-mucho-animo-la-comuna-de-pemuco-recibe-la-magico-viaje-de-la-electricidad\/\",\"url\":\"https:\/\/explora.cl\/biobio\/con-mucho-animo-la-comuna-de-pemuco-recibe-la-magico-viaje-de-la-electricidad\/\",\"name\":\"Con mucho \u00e1nimo la comuna de Pemuco recibe &quot;La m\u00e1gico viaje de la electricidad&quot; - Biob\u00edo\",\"isPartOf\":{\"@id\":\"https:\/\/explora.cl\/biobio\/#website\"},\"primaryImageOfPage\":{\"@id\":\"https:\/\/explora.cl\/biobio\/con-mucho-animo-la-comuna-de-pemuco-recibe-la-magico-viaje-de-la-electricidad\/#primaryimage\"},\"image\":{\"@id\":\"https:\/\/explora.cl\/biobio\/con-mucho-animo-la-comuna-de-pemuco-recibe-la-magico-viaje-de-la-electricidad\/#primaryimage\"},\"thumbnailUrl\":\"https:\/\/explora.cl\/biobio\/wp-content\/uploads\/sites\/14\/2018\/06\/8c2e8a8a31b434f53c0c1fb11aaaeb3e.jpg\",\"datePublished\":\"2015-08-20T04:00:00+00:00\",\"dateModified\":\"2019-05-20T18:32:46+00:00\",\"author\":{\"@id\":\"https:\/\/explora.cl\/biobio\/#\/schema\/person\/cb8349c13ea2d324080adf8480d7ba5d\"},\"breadcrumb\":{\"@id\":\"https:\/\/explora.cl\/biobio\/con-mucho-animo-la-comuna-de-pemuco-recibe-la-magico-viaje-de-la-electricidad\/#breadcrumb\"},\"inLanguage\":\"es-CL\",\"potentialAction\":[{\"@type\":\"ReadAction\",\"target\":[\"https:\/\/explora.cl\/biobio\/con-mucho-animo-la-comuna-de-pemuco-recibe-la-magico-viaje-de-la-electricidad\/\"]}]},{\"@type\":\"ImageObject\",\"inLanguage\":\"es-CL\",\"@id\":\"https:\/\/explora.cl\/biobio\/con-mucho-animo-la-comuna-de-pemuco-recibe-la-magico-viaje-de-la-electricidad\/#primaryimage\",\"url\":\"https:\/\/explora.cl\/biobio\/wp-content\/uploads\/sites\/14\/2018\/06\/8c2e8a8a31b434f53c0c1fb11aaaeb3e.jpg\",\"contentUrl\":\"https:\/\/explora.cl\/biobio\/wp-content\/uploads\/sites\/14\/2018\/06\/8c2e8a8a31b434f53c0c1fb11aaaeb3e.jpg\",\"width\":750,\"height\":500},{\"@type\":\"BreadcrumbList\",\"@id\":\"https:\/\/explora.cl\/biobio\/con-mucho-animo-la-comuna-de-pemuco-recibe-la-magico-viaje-de-la-electricidad\/#breadcrumb\",\"itemListElement\":[{\"@type\":\"ListItem\",\"position\":1,\"name\":\"Portada\",\"item\":\"https:\/\/explora.cl\/biobio\/\"},{\"@type\":\"ListItem\",\"position\":2,\"name\":\"Con mucho \u00e1nimo la comuna de Pemuco recibe &quot;La m\u00e1gico viaje de la electricidad&quot;\"}]},{\"@type\":\"WebSite\",\"@id\":\"https:\/\/explora.cl\/biobio\/#website\",\"url\":\"https:\/\/explora.cl\/biobio\/\",\"name\":\"Biob\u00edo\",\"description\":\"Otro sitio m\u00e1s de explora.cl\",\"potentialAction\":[{\"@type\":\"SearchAction\",\"target\":{\"@type\":\"EntryPoint\",\"urlTemplate\":\"https:\/\/explora.cl\/biobio\/?s={search_term_string}\"},\"query-input\":{\"@type\":\"PropertyValueSpecification\",\"valueRequired\":true,\"valueName\":\"search_term_string\"}}],\"inLanguage\":\"es-CL\"},{\"@type\":\"Person\",\"@id\":\"https:\/\/explora.cl\/biobio\/#\/schema\/person\/cb8349c13ea2d324080adf8480d7ba5d\",\"name\":\"webman\",\"image\":{\"@type\":\"ImageObject\",\"inLanguage\":\"es-CL\",\"@id\":\"https:\/\/explora.cl\/biobio\/#\/schema\/person\/image\/\",\"url\":\"https:\/\/secure.gravatar.com\/avatar\/eeff3c82f2c02f7177d13663b7e6f890e9a6a0647ce9bb29cae02dcb094c7312?s=96&d=mm&r=g\",\"contentUrl\":\"https:\/\/secure.gravatar.com\/avatar\/eeff3c82f2c02f7177d13663b7e6f890e9a6a0647ce9bb29cae02dcb094c7312?s=96&d=mm&r=g\",\"caption\":\"webman\"},\"url\":\"https:\/\/explora.cl\/biobio\/author\/webman\/\"}]}<\/script>\n<!-- \/ Yoast SEO plugin. -->","yoast_head_json":{"title":"Con mucho \u00e1nimo la comuna de Pemuco recibe &quot;La m\u00e1gico viaje de la electricidad&quot; - Biob\u00edo","robots":{"index":"index","follow":"follow","max-snippet":"max-snippet:-1","max-image-preview":"max-image-preview:large","max-video-preview":"max-video-preview:-1"},"canonical":"https:\/\/explora.cl\/biobio\/con-mucho-animo-la-comuna-de-pemuco-recibe-la-magico-viaje-de-la-electricidad\/","og_locale":"es_ES","og_type":"article","og_title":"Con mucho \u00e1nimo la comuna de Pemuco recibe &quot;La m\u00e1gico viaje de la electricidad&quot; - Biob\u00edo","og_description":"&#8220;El m\u00e1gico viaje de la electricidad&#8221;, muestra interactiva desarrollada por Transelec e itinerada por el Centro Interactivo de Ciencias, Artes y Tecnolog\u00edas, CiCAT, con el patrocinio del PAR EXPLORA Biob\u00edo fue inaugurada en la Biblioteca P\u00fablica de Pemuco. Con la presencia de Eduardo Guti\u00e9rrez, Director de DAEM de la comuna, Jocelyn Benavente, periodista de la [&hellip;]","og_url":"https:\/\/explora.cl\/biobio\/con-mucho-animo-la-comuna-de-pemuco-recibe-la-magico-viaje-de-la-electricidad\/","og_site_name":"Biob\u00edo","article_published_time":"2015-08-20T04:00:00+00:00","article_modified_time":"2019-05-20T18:32:46+00:00","og_image":[{"width":750,"height":500,"url":"https:\/\/explora.cl\/biobio\/wp-content\/uploads\/sites\/14\/2018\/06\/8c2e8a8a31b434f53c0c1fb11aaaeb3e.jpg","type":"image\/jpeg"}],"author":"webman","twitter_card":"summary_large_image","twitter_misc":{"Escrito por":"webman","Tiempo estimado de lectura":"2 minutos"},"schema":{"@context":"https:\/\/schema.org","@graph":[{"@type":"Article","@id":"https:\/\/explora.cl\/biobio\/con-mucho-animo-la-comuna-de-pemuco-recibe-la-magico-viaje-de-la-electricidad\/#article","isPartOf":{"@id":"https:\/\/explora.cl\/biobio\/con-mucho-animo-la-comuna-de-pemuco-recibe-la-magico-viaje-de-la-electricidad\/"},"author":{"name":"webman","@id":"https:\/\/explora.cl\/biobio\/#\/schema\/person\/cb8349c13ea2d324080adf8480d7ba5d"},"headline":"Con mucho \u00e1nimo la comuna de Pemuco recibe &quot;La m\u00e1gico viaje de la electricidad&quot;","datePublished":"2015-08-20T04:00:00+00:00","dateModified":"2019-05-20T18:32:46+00:00","mainEntityOfPage":{"@id":"https:\/\/explora.cl\/biobio\/con-mucho-animo-la-comuna-de-pemuco-recibe-la-magico-viaje-de-la-electricidad\/"},"wordCount":324,"commentCount":0,"image":{"@id":"https:\/\/explora.cl\/biobio\/con-mucho-animo-la-comuna-de-pemuco-recibe-la-magico-viaje-de-la-electricidad\/#primaryimage"},"thumbnailUrl":"https:\/\/explora.cl\/biobio\/wp-content\/uploads\/sites\/14\/2018\/06\/8c2e8a8a31b434f53c0c1fb11aaaeb3e.jpg","keywords":["CiCAT","EXPLORA Biob\u00edo"],"articleSection":["Noticias"],"inLanguage":"es-CL","potentialAction":[{"@type":"CommentAction","name":"Comment","target":["https:\/\/explora.cl\/biobio\/con-mucho-animo-la-comuna-de-pemuco-recibe-la-magico-viaje-de-la-electricidad\/#respond"]}]},{"@type":"WebPage","@id":"https:\/\/explora.cl\/biobio\/con-mucho-animo-la-comuna-de-pemuco-recibe-la-magico-viaje-de-la-electricidad\/","url":"https:\/\/explora.cl\/biobio\/con-mucho-animo-la-comuna-de-pemuco-recibe-la-magico-viaje-de-la-electricidad\/","name":"Con mucho \u00e1nimo la comuna de Pemuco recibe &quot;La m\u00e1gico viaje de la electricidad&quot; - Biob\u00edo","isPartOf":{"@id":"https:\/\/explora.cl\/biobio\/#website"},"primaryImageOfPage":{"@id":"https:\/\/explora.cl\/biobio\/con-mucho-animo-la-comuna-de-pemuco-recibe-la-magico-viaje-de-la-electricidad\/#primaryimage"},"image":{"@id":"https:\/\/explora.cl\/biobio\/con-mucho-animo-la-comuna-de-pemuco-recibe-la-magico-viaje-de-la-electricidad\/#primaryimage"},"thumbnailUrl":"https:\/\/explora.cl\/biobio\/wp-content\/uploads\/sites\/14\/2018\/06\/8c2e8a8a31b434f53c0c1fb11aaaeb3e.jpg","datePublished":"2015-08-20T04:00:00+00:00","dateModified":"2019-05-20T18:32:46+00:00","author":{"@id":"https:\/\/explora.cl\/biobio\/#\/schema\/person\/cb8349c13ea2d324080adf8480d7ba5d"},"breadcrumb":{"@id":"https:\/\/explora.cl\/biobio\/con-mucho-animo-la-comuna-de-pemuco-recibe-la-magico-viaje-de-la-electricidad\/#breadcrumb"},"inLanguage":"es-CL","potentialAction":[{"@type":"ReadAction","target":["https:\/\/explora.cl\/biobio\/con-mucho-animo-la-comuna-de-pemuco-recibe-la-magico-viaje-de-la-electricidad\/"]}]},{"@type":"ImageObject","inLanguage":"es-CL","@id":"https:\/\/explora.cl\/biobio\/con-mucho-animo-la-comuna-de-pemuco-recibe-la-magico-viaje-de-la-electricidad\/#primaryimage","url":"https:\/\/explora.cl\/biobio\/wp-content\/uploads\/sites\/14\/2018\/06\/8c2e8a8a31b434f53c0c1fb11aaaeb3e.jpg","contentUrl":"https:\/\/explora.cl\/biobio\/wp-content\/uploads\/sites\/14\/2018\/06\/8c2e8a8a31b434f53c0c1fb11aaaeb3e.jpg","width":750,"height":500},{"@type":"BreadcrumbList","@id":"https:\/\/explora.cl\/biobio\/con-mucho-animo-la-comuna-de-pemuco-recibe-la-magico-viaje-de-la-electricidad\/#breadcrumb","itemListElement":[{"@type":"ListItem","position":1,"name":"Portada","item":"https:\/\/explora.cl\/biobio\/"},{"@type":"ListItem","position":2,"name":"Con mucho \u00e1nimo la comuna de Pemuco recibe &quot;La m\u00e1gico viaje de la electricidad&quot;"}]},{"@type":"WebSite","@id":"https:\/\/explora.cl\/biobio\/#website","url":"https:\/\/explora.cl\/biobio\/","name":"Biob\u00edo","description":"Otro sitio m\u00e1s de explora.cl","potentialAction":[{"@type":"SearchAction","target":{"@type":"EntryPoint","urlTemplate":"https:\/\/explora.cl\/biobio\/?s={search_term_string}"},"query-input":{"@type":"PropertyValueSpecification","valueRequired":true,"valueName":"search_term_string"}}],"inLanguage":"es-CL"},{"@type":"Person","@id":"https:\/\/explora.cl\/biobio\/#\/schema\/person\/cb8349c13ea2d324080adf8480d7ba5d","name":"webman","image":{"@type":"ImageObject","inLanguage":"es-CL","@id":"https:\/\/explora.cl\/biobio\/#\/schema\/person\/image\/","url":"https:\/\/secure.gravatar.com\/avatar\/eeff3c82f2c02f7177d13663b7e6f890e9a6a0647ce9bb29cae02dcb094c7312?s=96&d=mm&r=g","contentUrl":"https:\/\/secure.gravatar.com\/avatar\/eeff3c82f2c02f7177d13663b7e6f890e9a6a0647ce9bb29cae02dcb094c7312?s=96&d=mm&r=g","caption":"webman"},"url":"https:\/\/explora.cl\/biobio\/author\/webman\/"}]}},"_links":{"self":[{"href":"https:\/\/explora.cl\/biobio\/wp-json\/wp\/v2\/posts\/808","targetHints":{"allow":["GET"]}}],"collection":[{"href":"https:\/\/explora.cl\/biobio\/wp-json\/wp\/v2\/posts"}],"about":[{"href":"https:\/\/explora.cl\/biobio\/wp-json\/wp\/v2\/types\/post"}],"author":[{"embeddable":true,"href":"https:\/\/explora.cl\/biobio\/wp-json\/wp\/v2\/users\/2"}],"replies":[{"embeddable":true,"href":"https:\/\/explora.cl\/biobio\/wp-json\/wp\/v2\/comments?post=808"}],"version-history":[{"count":1,"href":"https:\/\/explora.cl\/biobio\/wp-json\/wp\/v2\/posts\/808\/revisions"}],"predecessor-version":[{"id":37866,"href":"https:\/\/explora.cl\/biobio\/wp-json\/wp\/v2\/posts\/808\/revisions\/37866"}],"wp:featuredmedia":[{"embeddable":true,"href":"https:\/\/explora.cl\/biobio\/wp-json\/wp\/v2\/media\/809"}],"wp:attachment":[{"href":"https:\/\/explora.cl\/biobio\/wp-json\/wp\/v2\/media?parent=808"}],"wp:term":[{"taxonomy":"category","embeddable":true,"href":"https:\/\/explora.cl\/biobio\/wp-json\/wp\/v2\/categories?post=808"},{"taxonomy":"post_tag","embeddable":true,"href":"https:\/\/explora.cl\/biobio\/wp-json\/wp\/v2\/tags?post=808"}],"curies":[{"name":"wp","href":"https:\/\/api.w.org\/{rel}","templated":true}]}}