{"id":792,"date":"2015-08-12T00:00:00","date_gmt":"2015-08-12T04:00:00","guid":{"rendered":"https:\/\/explora.cl\/biobio\/blog\/2015\/08\/12\/inicio-el-plazo-para-reservar-las-charlas-de-1000-cientificos-1000-aulas\/"},"modified":"2019-05-20T18:32:49","modified_gmt":"2019-05-20T18:32:49","slug":"inicio-el-plazo-para-reservar-las-charlas-de-1000-cientificos-1000-aulas","status":"publish","type":"post","link":"https:\/\/explora.cl\/biobio\/inicio-el-plazo-para-reservar-las-charlas-de-1000-cientificos-1000-aulas\/","title":{"rendered":"Inici\u00f3 el plazo para reservar las charlas de 1000 Cient\u00edficos 1000 Aulas"},"content":{"rendered":"<p><img fetchpriority=\"high\" decoding=\"async\" class=\" size-full wp-image-13773\" src=\"http:\/\/ec2-34-218-253-251.us-west-2.compute.amazonaws.com\/wp-content\/uploads\/2015\/08\/23d167f1efde3c30a9967d6ead246797.jpg\" alt=\"\" width=\"900\" height=\"541\" \/><\/p>\n<p>&nbsp;<\/p>\n<p><span style=\"font-size: 12pt\">Como todos los a\u00f1os, el Programa EXPLORA CONICYT, inicia 1000 Cient\u00edficos 1000 Aulas. Si eres docente de la Regi\u00f3n del Biob\u00edo, no te puedes perder la oportunidad de reservar una de las cientos de charlas y coordinar la visita de un acad\u00e9mico, cient\u00edfico y\/o estudiante de postgrado a tu establecimiento educativo durante octubre.<\/span><\/p>\n<p><span style=\"font-size: 12pt\">La instancia, que en 2014 cont\u00f3 con m\u00e1s de 100 charlas, &nbsp;permitir\u00e1 a los y las estudiantes de educaci\u00f3n Preb\u00e1sica, B\u00e1sica y Media conozcan de primera fuente el trabajo cient\u00edfico que se realiza en Chile, su relevancia para la sociedad y vislumbrar la ciencia como una actividad posible.<\/span><\/p>\n<p><span style=\"font-size: 12pt\">Para ser parte de la jornada, los y las docentes deben ingresar a <a href=\"http:\/\/1000cientificos.explora.cl\/\">http:\/\/1000cientificos.explora.cl\/<\/a> , en la plataforma podr\u00e1n escoger una de las charlas dictadas por acad\u00e9micos de todas las \u00e1reas de las ciencias. Una vez realizada la reserva del tema, comienza el proceso de consolidaci\u00f3n, donde ambas partes se coordinan para realizar la actividad. Los y las docentes que no posean una cuenta de acceso deben ir hasta \u201cInscripci\u00f3n Docente\u201d y luego indicar la charla. El plazo para realizar la reserva del tema es hasta el 20 de agosto.<\/span><\/p>\n<p><span style=\"font-size: 12pt\">La visita de los representantes de la comunidad cient\u00edfica a escuelas y liceos es concebida desde EXPLORA como un espacio para compartir tanto sus experiencias personales y las razones que los llevaron a ser cient\u00edficos, como contenidos cient\u00edficos de la manera m\u00e1s clara y simple posible para generar una comunicaci\u00f3n fluida con la audiencia. Por esta raz\u00f3n, se torna de gran inter\u00e9s la ejecuci\u00f3n de esta actividad en el aula.&nbsp;<\/span><\/p>\n<p><span style=\"font-size: 12pt\">&nbsp;&nbsp;&nbsp;&nbsp;&nbsp;&nbsp;&nbsp;&nbsp;&nbsp;&nbsp;&nbsp;&nbsp;&nbsp;&nbsp;&nbsp;&nbsp;&nbsp;&nbsp;&nbsp;&nbsp;&nbsp;&nbsp;&nbsp;&nbsp;&nbsp;&nbsp;&nbsp;&nbsp;&nbsp;&nbsp;&nbsp;&nbsp;&nbsp;&nbsp;&nbsp;&nbsp;&nbsp;&nbsp;&nbsp;&nbsp;&nbsp;&nbsp;&nbsp;&nbsp;&nbsp;&nbsp;&nbsp;&nbsp;&nbsp;&nbsp;&nbsp;&nbsp;&nbsp;&nbsp;&nbsp;&nbsp;&nbsp;&nbsp;&nbsp;&nbsp;&nbsp;&nbsp;&nbsp;&nbsp;&nbsp;&nbsp;&nbsp;&nbsp;&nbsp;&nbsp;&nbsp;&nbsp;&nbsp;&nbsp;&nbsp;&nbsp;&nbsp;&nbsp;&nbsp;&nbsp;&nbsp;&nbsp;&nbsp;&nbsp;&nbsp;&nbsp;&nbsp;&nbsp;&nbsp;&nbsp;&nbsp;&nbsp;&nbsp;&nbsp;&nbsp;&nbsp;&nbsp;&nbsp;&nbsp;&nbsp;&nbsp;&nbsp;&nbsp;&nbsp;&nbsp;&nbsp;&nbsp;&nbsp;&nbsp;&nbsp;&nbsp;&nbsp;&nbsp;&nbsp;&nbsp;&nbsp;&nbsp;&nbsp;<\/span><\/p>\n<p>&nbsp;<\/p>\n","protected":false},"excerpt":{"rendered":"<p>&nbsp; Como todos los a\u00f1os, el Programa EXPLORA CONICYT, inicia 1000 Cient\u00edficos 1000 Aulas. Si eres docente de la Regi\u00f3n del Biob\u00edo, no te puedes perder la oportunidad de reservar una de las cientos de charlas y coordinar la visita de un acad\u00e9mico, cient\u00edfico y\/o estudiante de postgrado a tu establecimiento educativo durante octubre. La [&hellip;]<\/p>\n","protected":false},"author":2,"featured_media":793,"comment_status":"open","ping_status":"open","sticky":false,"template":"","format":"standard","meta":{"_acf_changed":false,"_exactmetrics_skip_tracking":false,"_exactmetrics_sitenote_active":false,"_exactmetrics_sitenote_note":"","_exactmetrics_sitenote_category":0,"footnotes":"","_links_to":"","_links_to_target":""},"categories":[4],"tags":[19,148,157],"class_list":["post-792","post","type-post","status-publish","format-standard","has-post-thumbnail","hentry","category-noticias","tag-1000-cientificos-1000-aulas","tag-charlas-cientificas","tag-explora-biobio"],"acf":[],"yoast_head":"<!-- This site is optimized with the Yoast SEO plugin v26.9 - https:\/\/yoast.com\/product\/yoast-seo-wordpress\/ -->\n<title>Inici\u00f3 el plazo para reservar las charlas de 1000 Cient\u00edficos 1000 Aulas - Biob\u00edo<\/title>\n<meta name=\"robots\" content=\"index, follow, max-snippet:-1, max-image-preview:large, max-video-preview:-1\" \/>\n<link rel=\"canonical\" href=\"https:\/\/explora.cl\/biobio\/inicio-el-plazo-para-reservar-las-charlas-de-1000-cientificos-1000-aulas\/\" class=\"yoast-seo-meta-tag\" \/>\n<meta property=\"og:locale\" content=\"es_ES\" class=\"yoast-seo-meta-tag\" \/>\n<meta property=\"og:type\" content=\"article\" class=\"yoast-seo-meta-tag\" \/>\n<meta property=\"og:title\" content=\"Inici\u00f3 el plazo para reservar las charlas de 1000 Cient\u00edficos 1000 Aulas - Biob\u00edo\" class=\"yoast-seo-meta-tag\" \/>\n<meta property=\"og:description\" content=\"&nbsp; Como todos los a\u00f1os, el Programa EXPLORA CONICYT, inicia 1000 Cient\u00edficos 1000 Aulas. Si eres docente de la Regi\u00f3n del Biob\u00edo, no te puedes perder la oportunidad de reservar una de las cientos de charlas y coordinar la visita de un acad\u00e9mico, cient\u00edfico y\/o estudiante de postgrado a tu establecimiento educativo durante octubre. La [&hellip;]\" class=\"yoast-seo-meta-tag\" \/>\n<meta property=\"og:url\" content=\"https:\/\/explora.cl\/biobio\/inicio-el-plazo-para-reservar-las-charlas-de-1000-cientificos-1000-aulas\/\" class=\"yoast-seo-meta-tag\" \/>\n<meta property=\"og:site_name\" content=\"Biob\u00edo\" class=\"yoast-seo-meta-tag\" \/>\n<meta property=\"article:published_time\" content=\"2015-08-12T04:00:00+00:00\" class=\"yoast-seo-meta-tag\" \/>\n<meta property=\"article:modified_time\" content=\"2019-05-20T18:32:49+00:00\" class=\"yoast-seo-meta-tag\" \/>\n<meta property=\"og:image\" content=\"https:\/\/explora.cl\/biobio\/wp-content\/uploads\/sites\/14\/2018\/06\/23d167f1efde3c30a9967d6ead246797.jpg\" class=\"yoast-seo-meta-tag\" \/>\n\t<meta property=\"og:image:width\" content=\"900\" class=\"yoast-seo-meta-tag\" \/>\n\t<meta property=\"og:image:height\" content=\"541\" class=\"yoast-seo-meta-tag\" \/>\n\t<meta property=\"og:image:type\" content=\"image\/jpeg\" class=\"yoast-seo-meta-tag\" \/>\n<meta name=\"author\" content=\"webman\" class=\"yoast-seo-meta-tag\" \/>\n<meta name=\"twitter:card\" content=\"summary_large_image\" class=\"yoast-seo-meta-tag\" \/>\n<meta name=\"twitter:label1\" content=\"Escrito por\" class=\"yoast-seo-meta-tag\" \/>\n\t<meta name=\"twitter:data1\" content=\"webman\" class=\"yoast-seo-meta-tag\" \/>\n\t<meta name=\"twitter:label2\" content=\"Tiempo estimado de lectura\" class=\"yoast-seo-meta-tag\" \/>\n\t<meta name=\"twitter:data2\" content=\"2 minutos\" class=\"yoast-seo-meta-tag\" \/>\n<script type=\"application\/ld+json\" class=\"yoast-schema-graph\">{\"@context\":\"https:\/\/schema.org\",\"@graph\":[{\"@type\":\"Article\",\"@id\":\"https:\/\/explora.cl\/biobio\/inicio-el-plazo-para-reservar-las-charlas-de-1000-cientificos-1000-aulas\/#article\",\"isPartOf\":{\"@id\":\"https:\/\/explora.cl\/biobio\/inicio-el-plazo-para-reservar-las-charlas-de-1000-cientificos-1000-aulas\/\"},\"author\":{\"name\":\"webman\",\"@id\":\"https:\/\/explora.cl\/biobio\/#\/schema\/person\/cb8349c13ea2d324080adf8480d7ba5d\"},\"headline\":\"Inici\u00f3 el plazo para reservar las charlas de 1000 Cient\u00edficos 1000 Aulas\",\"datePublished\":\"2015-08-12T04:00:00+00:00\",\"dateModified\":\"2019-05-20T18:32:49+00:00\",\"mainEntityOfPage\":{\"@id\":\"https:\/\/explora.cl\/biobio\/inicio-el-plazo-para-reservar-las-charlas-de-1000-cientificos-1000-aulas\/\"},\"wordCount\":415,\"commentCount\":0,\"image\":{\"@id\":\"https:\/\/explora.cl\/biobio\/inicio-el-plazo-para-reservar-las-charlas-de-1000-cientificos-1000-aulas\/#primaryimage\"},\"thumbnailUrl\":\"https:\/\/explora.cl\/biobio\/wp-content\/uploads\/sites\/14\/2018\/06\/23d167f1efde3c30a9967d6ead246797.jpg\",\"keywords\":[\"1000 cient\u00edficos 1000 aulas\",\"charlas cient\u00edficas\",\"EXPLORA Biob\u00edo\"],\"articleSection\":[\"Noticias\"],\"inLanguage\":\"es-CL\",\"potentialAction\":[{\"@type\":\"CommentAction\",\"name\":\"Comment\",\"target\":[\"https:\/\/explora.cl\/biobio\/inicio-el-plazo-para-reservar-las-charlas-de-1000-cientificos-1000-aulas\/#respond\"]}]},{\"@type\":\"WebPage\",\"@id\":\"https:\/\/explora.cl\/biobio\/inicio-el-plazo-para-reservar-las-charlas-de-1000-cientificos-1000-aulas\/\",\"url\":\"https:\/\/explora.cl\/biobio\/inicio-el-plazo-para-reservar-las-charlas-de-1000-cientificos-1000-aulas\/\",\"name\":\"Inici\u00f3 el plazo para reservar las charlas de 1000 Cient\u00edficos 1000 Aulas - Biob\u00edo\",\"isPartOf\":{\"@id\":\"https:\/\/explora.cl\/biobio\/#website\"},\"primaryImageOfPage\":{\"@id\":\"https:\/\/explora.cl\/biobio\/inicio-el-plazo-para-reservar-las-charlas-de-1000-cientificos-1000-aulas\/#primaryimage\"},\"image\":{\"@id\":\"https:\/\/explora.cl\/biobio\/inicio-el-plazo-para-reservar-las-charlas-de-1000-cientificos-1000-aulas\/#primaryimage\"},\"thumbnailUrl\":\"https:\/\/explora.cl\/biobio\/wp-content\/uploads\/sites\/14\/2018\/06\/23d167f1efde3c30a9967d6ead246797.jpg\",\"datePublished\":\"2015-08-12T04:00:00+00:00\",\"dateModified\":\"2019-05-20T18:32:49+00:00\",\"author\":{\"@id\":\"https:\/\/explora.cl\/biobio\/#\/schema\/person\/cb8349c13ea2d324080adf8480d7ba5d\"},\"breadcrumb\":{\"@id\":\"https:\/\/explora.cl\/biobio\/inicio-el-plazo-para-reservar-las-charlas-de-1000-cientificos-1000-aulas\/#breadcrumb\"},\"inLanguage\":\"es-CL\",\"potentialAction\":[{\"@type\":\"ReadAction\",\"target\":[\"https:\/\/explora.cl\/biobio\/inicio-el-plazo-para-reservar-las-charlas-de-1000-cientificos-1000-aulas\/\"]}]},{\"@type\":\"ImageObject\",\"inLanguage\":\"es-CL\",\"@id\":\"https:\/\/explora.cl\/biobio\/inicio-el-plazo-para-reservar-las-charlas-de-1000-cientificos-1000-aulas\/#primaryimage\",\"url\":\"https:\/\/explora.cl\/biobio\/wp-content\/uploads\/sites\/14\/2018\/06\/23d167f1efde3c30a9967d6ead246797.jpg\",\"contentUrl\":\"https:\/\/explora.cl\/biobio\/wp-content\/uploads\/sites\/14\/2018\/06\/23d167f1efde3c30a9967d6ead246797.jpg\",\"width\":900,\"height\":541},{\"@type\":\"BreadcrumbList\",\"@id\":\"https:\/\/explora.cl\/biobio\/inicio-el-plazo-para-reservar-las-charlas-de-1000-cientificos-1000-aulas\/#breadcrumb\",\"itemListElement\":[{\"@type\":\"ListItem\",\"position\":1,\"name\":\"Portada\",\"item\":\"https:\/\/explora.cl\/biobio\/\"},{\"@type\":\"ListItem\",\"position\":2,\"name\":\"Inici\u00f3 el plazo para reservar las charlas de 1000 Cient\u00edficos 1000 Aulas\"}]},{\"@type\":\"WebSite\",\"@id\":\"https:\/\/explora.cl\/biobio\/#website\",\"url\":\"https:\/\/explora.cl\/biobio\/\",\"name\":\"Biob\u00edo\",\"description\":\"Otro sitio m\u00e1s de explora.cl\",\"potentialAction\":[{\"@type\":\"SearchAction\",\"target\":{\"@type\":\"EntryPoint\",\"urlTemplate\":\"https:\/\/explora.cl\/biobio\/?s={search_term_string}\"},\"query-input\":{\"@type\":\"PropertyValueSpecification\",\"valueRequired\":true,\"valueName\":\"search_term_string\"}}],\"inLanguage\":\"es-CL\"},{\"@type\":\"Person\",\"@id\":\"https:\/\/explora.cl\/biobio\/#\/schema\/person\/cb8349c13ea2d324080adf8480d7ba5d\",\"name\":\"webman\",\"image\":{\"@type\":\"ImageObject\",\"inLanguage\":\"es-CL\",\"@id\":\"https:\/\/explora.cl\/biobio\/#\/schema\/person\/image\/\",\"url\":\"https:\/\/secure.gravatar.com\/avatar\/eeff3c82f2c02f7177d13663b7e6f890e9a6a0647ce9bb29cae02dcb094c7312?s=96&d=mm&r=g\",\"contentUrl\":\"https:\/\/secure.gravatar.com\/avatar\/eeff3c82f2c02f7177d13663b7e6f890e9a6a0647ce9bb29cae02dcb094c7312?s=96&d=mm&r=g\",\"caption\":\"webman\"},\"url\":\"https:\/\/explora.cl\/biobio\/author\/webman\/\"}]}<\/script>\n<!-- \/ Yoast SEO plugin. -->","yoast_head_json":{"title":"Inici\u00f3 el plazo para reservar las charlas de 1000 Cient\u00edficos 1000 Aulas - Biob\u00edo","robots":{"index":"index","follow":"follow","max-snippet":"max-snippet:-1","max-image-preview":"max-image-preview:large","max-video-preview":"max-video-preview:-1"},"canonical":"https:\/\/explora.cl\/biobio\/inicio-el-plazo-para-reservar-las-charlas-de-1000-cientificos-1000-aulas\/","og_locale":"es_ES","og_type":"article","og_title":"Inici\u00f3 el plazo para reservar las charlas de 1000 Cient\u00edficos 1000 Aulas - Biob\u00edo","og_description":"&nbsp; Como todos los a\u00f1os, el Programa EXPLORA CONICYT, inicia 1000 Cient\u00edficos 1000 Aulas. Si eres docente de la Regi\u00f3n del Biob\u00edo, no te puedes perder la oportunidad de reservar una de las cientos de charlas y coordinar la visita de un acad\u00e9mico, cient\u00edfico y\/o estudiante de postgrado a tu establecimiento educativo durante octubre. La [&hellip;]","og_url":"https:\/\/explora.cl\/biobio\/inicio-el-plazo-para-reservar-las-charlas-de-1000-cientificos-1000-aulas\/","og_site_name":"Biob\u00edo","article_published_time":"2015-08-12T04:00:00+00:00","article_modified_time":"2019-05-20T18:32:49+00:00","og_image":[{"width":900,"height":541,"url":"https:\/\/explora.cl\/biobio\/wp-content\/uploads\/sites\/14\/2018\/06\/23d167f1efde3c30a9967d6ead246797.jpg","type":"image\/jpeg"}],"author":"webman","twitter_card":"summary_large_image","twitter_misc":{"Escrito por":"webman","Tiempo estimado de lectura":"2 minutos"},"schema":{"@context":"https:\/\/schema.org","@graph":[{"@type":"Article","@id":"https:\/\/explora.cl\/biobio\/inicio-el-plazo-para-reservar-las-charlas-de-1000-cientificos-1000-aulas\/#article","isPartOf":{"@id":"https:\/\/explora.cl\/biobio\/inicio-el-plazo-para-reservar-las-charlas-de-1000-cientificos-1000-aulas\/"},"author":{"name":"webman","@id":"https:\/\/explora.cl\/biobio\/#\/schema\/person\/cb8349c13ea2d324080adf8480d7ba5d"},"headline":"Inici\u00f3 el plazo para reservar las charlas de 1000 Cient\u00edficos 1000 Aulas","datePublished":"2015-08-12T04:00:00+00:00","dateModified":"2019-05-20T18:32:49+00:00","mainEntityOfPage":{"@id":"https:\/\/explora.cl\/biobio\/inicio-el-plazo-para-reservar-las-charlas-de-1000-cientificos-1000-aulas\/"},"wordCount":415,"commentCount":0,"image":{"@id":"https:\/\/explora.cl\/biobio\/inicio-el-plazo-para-reservar-las-charlas-de-1000-cientificos-1000-aulas\/#primaryimage"},"thumbnailUrl":"https:\/\/explora.cl\/biobio\/wp-content\/uploads\/sites\/14\/2018\/06\/23d167f1efde3c30a9967d6ead246797.jpg","keywords":["1000 cient\u00edficos 1000 aulas","charlas cient\u00edficas","EXPLORA Biob\u00edo"],"articleSection":["Noticias"],"inLanguage":"es-CL","potentialAction":[{"@type":"CommentAction","name":"Comment","target":["https:\/\/explora.cl\/biobio\/inicio-el-plazo-para-reservar-las-charlas-de-1000-cientificos-1000-aulas\/#respond"]}]},{"@type":"WebPage","@id":"https:\/\/explora.cl\/biobio\/inicio-el-plazo-para-reservar-las-charlas-de-1000-cientificos-1000-aulas\/","url":"https:\/\/explora.cl\/biobio\/inicio-el-plazo-para-reservar-las-charlas-de-1000-cientificos-1000-aulas\/","name":"Inici\u00f3 el plazo para reservar las charlas de 1000 Cient\u00edficos 1000 Aulas - Biob\u00edo","isPartOf":{"@id":"https:\/\/explora.cl\/biobio\/#website"},"primaryImageOfPage":{"@id":"https:\/\/explora.cl\/biobio\/inicio-el-plazo-para-reservar-las-charlas-de-1000-cientificos-1000-aulas\/#primaryimage"},"image":{"@id":"https:\/\/explora.cl\/biobio\/inicio-el-plazo-para-reservar-las-charlas-de-1000-cientificos-1000-aulas\/#primaryimage"},"thumbnailUrl":"https:\/\/explora.cl\/biobio\/wp-content\/uploads\/sites\/14\/2018\/06\/23d167f1efde3c30a9967d6ead246797.jpg","datePublished":"2015-08-12T04:00:00+00:00","dateModified":"2019-05-20T18:32:49+00:00","author":{"@id":"https:\/\/explora.cl\/biobio\/#\/schema\/person\/cb8349c13ea2d324080adf8480d7ba5d"},"breadcrumb":{"@id":"https:\/\/explora.cl\/biobio\/inicio-el-plazo-para-reservar-las-charlas-de-1000-cientificos-1000-aulas\/#breadcrumb"},"inLanguage":"es-CL","potentialAction":[{"@type":"ReadAction","target":["https:\/\/explora.cl\/biobio\/inicio-el-plazo-para-reservar-las-charlas-de-1000-cientificos-1000-aulas\/"]}]},{"@type":"ImageObject","inLanguage":"es-CL","@id":"https:\/\/explora.cl\/biobio\/inicio-el-plazo-para-reservar-las-charlas-de-1000-cientificos-1000-aulas\/#primaryimage","url":"https:\/\/explora.cl\/biobio\/wp-content\/uploads\/sites\/14\/2018\/06\/23d167f1efde3c30a9967d6ead246797.jpg","contentUrl":"https:\/\/explora.cl\/biobio\/wp-content\/uploads\/sites\/14\/2018\/06\/23d167f1efde3c30a9967d6ead246797.jpg","width":900,"height":541},{"@type":"BreadcrumbList","@id":"https:\/\/explora.cl\/biobio\/inicio-el-plazo-para-reservar-las-charlas-de-1000-cientificos-1000-aulas\/#breadcrumb","itemListElement":[{"@type":"ListItem","position":1,"name":"Portada","item":"https:\/\/explora.cl\/biobio\/"},{"@type":"ListItem","position":2,"name":"Inici\u00f3 el plazo para reservar las charlas de 1000 Cient\u00edficos 1000 Aulas"}]},{"@type":"WebSite","@id":"https:\/\/explora.cl\/biobio\/#website","url":"https:\/\/explora.cl\/biobio\/","name":"Biob\u00edo","description":"Otro sitio m\u00e1s de explora.cl","potentialAction":[{"@type":"SearchAction","target":{"@type":"EntryPoint","urlTemplate":"https:\/\/explora.cl\/biobio\/?s={search_term_string}"},"query-input":{"@type":"PropertyValueSpecification","valueRequired":true,"valueName":"search_term_string"}}],"inLanguage":"es-CL"},{"@type":"Person","@id":"https:\/\/explora.cl\/biobio\/#\/schema\/person\/cb8349c13ea2d324080adf8480d7ba5d","name":"webman","image":{"@type":"ImageObject","inLanguage":"es-CL","@id":"https:\/\/explora.cl\/biobio\/#\/schema\/person\/image\/","url":"https:\/\/secure.gravatar.com\/avatar\/eeff3c82f2c02f7177d13663b7e6f890e9a6a0647ce9bb29cae02dcb094c7312?s=96&d=mm&r=g","contentUrl":"https:\/\/secure.gravatar.com\/avatar\/eeff3c82f2c02f7177d13663b7e6f890e9a6a0647ce9bb29cae02dcb094c7312?s=96&d=mm&r=g","caption":"webman"},"url":"https:\/\/explora.cl\/biobio\/author\/webman\/"}]}},"_links":{"self":[{"href":"https:\/\/explora.cl\/biobio\/wp-json\/wp\/v2\/posts\/792","targetHints":{"allow":["GET"]}}],"collection":[{"href":"https:\/\/explora.cl\/biobio\/wp-json\/wp\/v2\/posts"}],"about":[{"href":"https:\/\/explora.cl\/biobio\/wp-json\/wp\/v2\/types\/post"}],"author":[{"embeddable":true,"href":"https:\/\/explora.cl\/biobio\/wp-json\/wp\/v2\/users\/2"}],"replies":[{"embeddable":true,"href":"https:\/\/explora.cl\/biobio\/wp-json\/wp\/v2\/comments?post=792"}],"version-history":[{"count":1,"href":"https:\/\/explora.cl\/biobio\/wp-json\/wp\/v2\/posts\/792\/revisions"}],"predecessor-version":[{"id":37872,"href":"https:\/\/explora.cl\/biobio\/wp-json\/wp\/v2\/posts\/792\/revisions\/37872"}],"wp:featuredmedia":[{"embeddable":true,"href":"https:\/\/explora.cl\/biobio\/wp-json\/wp\/v2\/media\/793"}],"wp:attachment":[{"href":"https:\/\/explora.cl\/biobio\/wp-json\/wp\/v2\/media?parent=792"}],"wp:term":[{"taxonomy":"category","embeddable":true,"href":"https:\/\/explora.cl\/biobio\/wp-json\/wp\/v2\/categories?post=792"},{"taxonomy":"post_tag","embeddable":true,"href":"https:\/\/explora.cl\/biobio\/wp-json\/wp\/v2\/tags?post=792"}],"curies":[{"name":"wp","href":"https:\/\/api.w.org\/{rel}","templated":true}]}}