{"id":790,"date":"2015-08-11T00:00:00","date_gmt":"2015-08-11T04:00:00","guid":{"rendered":"https:\/\/explora.cl\/biobio\/blog\/2015\/08\/11\/el-efecto-wow-es-una-actitud-ante-la-vida\/"},"modified":"2019-05-20T18:32:50","modified_gmt":"2019-05-20T18:32:50","slug":"el-efecto-wow-es-una-actitud-ante-la-vida","status":"publish","type":"post","link":"https:\/\/explora.cl\/biobio\/el-efecto-wow-es-una-actitud-ante-la-vida\/","title":{"rendered":"&quot;El efecto WOW, es una actitud ante la vida&quot;. Entrevista a Nicol\u00e1s Luco, Consejero Nacional EXPLORA"},"content":{"rendered":"<p><img fetchpriority=\"high\" decoding=\"async\" class=\" size-full wp-image-13732\" src=\"http:\/\/ec2-34-218-253-251.us-west-2.compute.amazonaws.com\/wp-content\/uploads\/2015\/08\/606f41d50b5b8b640938a7c0f978bc2f.jpg\" alt=\"\" width=\"640\" height=\"480\" \/><\/p>\n<p><p style=\"text-align: justify;line-height: 19.2pt;background-image: initial;background-position: initial\"><span style=\"font-size: 12pt;font-family: freight-sans-pro, serif;letter-spacing: 0.25pt\">Con el objetivo de conocer en terreno&nbsp;las acciones&nbsp;realizadas por el PAR EXPLORA Biob\u00edo, Nicol\u00e1s Luco, Consejero Nacional de EXPLORA y Yessenia Osorio, ejecutiva del EXPLORA compartieron&nbsp;durante dos d\u00edas las actividades que se llevan a cabo&nbsp; en el PAR EXPLORA Biob\u00edo y el Centro Interactivo de Ciencias, Artes y Tecnolog\u00edas, CICAT.<\/span><\/p>\n<p style=\"text-align: justify;line-height: 19.2pt;background-image: initial;background-position: initial\"><span style=\"font-size: 12pt;font-family: freight-sans-pro, serif;letter-spacing: 0.25pt\">Visitaron&nbsp;las muestras interactivas del Centro, asistieron&nbsp;a la Reuni\u00f3n Territorial con los profesores que componen la Red EXPLORA&nbsp;Biob\u00edo y nos acompa\u00f1aron&nbsp;en la actividad &#8220;De la Monta\u00f1a al Mar&#8221;, en la que ni\u00f1os\/as de Alto Biob\u00edo visitaron por primera vez una comuna costera y realizaron trabajos cient\u00edficos, junto a los acad\u00e9micos del N\u00facleo Milenio MUSELS, de la Universidad de Concepci\u00f3n.<\/span><\/p>\n<p style=\"margin-bottom: 0.0001pt;text-align: justify;line-height: 19.2pt;background-image: initial;background-position: initial\"><span style=\"font-size: 12pt;font-family: freight-sans-pro, serif;letter-spacing: 0.25pt\">En el marco de esta actividad, pudimos conversar con Don Nicol\u00e1s sobre su experiencia en la Regi\u00f3n y el desarrollo de la ciencia y la tecnolog\u00eda:<\/span><\/p>\n<p style=\"text-align: justify;line-height: 19.2pt;background-image: initial;background-position: initial\"><strong><span style=\"font-size: 12pt;font-family: freight-sans-pro, serif;letter-spacing: 0.25pt\">\u00bfC\u00f3mo lo has pasado?<\/span><\/strong><\/p>\n<p style=\"text-align: justify;line-height: 19.2pt;background-image: initial;background-position: initial\"><span style=\"font-size: 12pt;font-family: freight-sans-pro, serif;letter-spacing: 0.25pt\">&#8220;Muy bien.&nbsp;\u00a1Esto revive el alma!&#8221;<\/span><\/p>\n<p style=\"text-align: justify;line-height: 19.2pt;background-image: initial;background-position: initial\"><strong><span style=\"font-size: 12pt;font-family: freight-sans-pro, serif;letter-spacing: 0.25pt\">\u00bfCu\u00e1l es el objetivo de tu visita a la Regi\u00f3n?<\/span><\/strong><\/p>\n<p style=\"text-align: justify;line-height: 19.2pt;background-image: initial;background-position: initial\"><span style=\"font-size: 12pt;font-family: freight-sans-pro, serif;letter-spacing: 0.25pt\">&#8220;En el EXPLORA, en las reuniones de c\u00fapula,&nbsp;nos llegan muchos informes y porcentajes, pero&nbsp;tenemos muy pocas experiencias vitales de ver las necesidades y las satisfacciones reales que hace el Programa.<br \/> Me parece esencial que los directivos vayan a terreno, es un gran logro de la direcci\u00f3n actual del EXPLORA el&nbsp;tener&nbsp;la pol\u00edtica de mandar a los directores&nbsp;a terreno, porque&nbsp;tenemos que tomar decisiones y necesitamos&nbsp;tener im\u00e1genes mentales de lo&nbsp;que est\u00e1 pasando en la escuela, en la base, en los centros, en los museos, en las&nbsp;playas, en el territorio entendido&nbsp;como base de conquista, de creaci\u00f3n, que es al final lo que hace que el ser humano se proyecte, se sienta bien&#8221;.<\/span><\/p>\n<p style=\"text-align: justify;line-height: 19.2pt;background-image: initial;background-position: initial\"><strong><span style=\"font-size: 12pt;font-family: freight-sans-pro, serif;letter-spacing: 0.25pt\">\u00bfQu\u00e9 te ha parecido lo que has visto hasta ahora?<\/span><\/strong><\/p>\n<p style=\"text-align: justify;line-height: 19.2pt;background-image: initial;background-position: initial\"><span style=\"font-size: 12pt;font-family: freight-sans-pro, serif;letter-spacing: 0.25pt\">&#8220;Esta es la primera visita al PAR Biob\u00edo y lo primero que me llam\u00f3&nbsp;la atenci\u00f3n fue el gran sentido del humor, el humor siempre es creativo. Hay un tono de creatividad, de no tomarse las cosas tan graves y&nbsp;eso es lo mejor para crear un espacio de exploraci\u00f3n, de descubrimiento. Eso es lo que marca.<\/span><\/p>\n<p style=\"text-align: justify;line-height: 19.2pt;background-image: initial;background-position: initial\"><span style=\"font-size: 12pt;font-family: freight-sans-pro, serif;letter-spacing: 0.25pt\">Luego viene el tema de la seriedad. &nbsp;Yo cre\u00ed que cuando pregunt\u00e9 de d\u00f3nde hab\u00edan sacado la idea de la muestra &#8220;Esto es Vida&#8221;, pens\u00e9 que me iban a decir que hab\u00edan copiado una que se hizo en Francia, y \u00a1no!; Juan Carlos Gacit\u00faa,&nbsp;el director del Centro y del PAR EXPLORA Biob\u00edo&nbsp;me dijo: &#8220;nosotros la inventamos&#8221; y \u00a1eran geniales!<\/span><\/p>\n<p style=\"text-align: justify;line-height: 19.2pt;background-image: initial;background-position: initial\"><span style=\"font-size: 12pt;font-family: freight-sans-pro, serif;letter-spacing: 0.25pt\">La calidad t\u00e9cnica del trabajo me pareci\u00f3 fant\u00e1stica. Tambi\u00e9n eso se revela en las conexiones que han hecho con los profesores, el \u00e1nimo que yo vi&nbsp;en la Reuni\u00f3n Territorial, junto a los profesores que estaban presentes&nbsp;era de una relaci\u00f3n en un proyecto com\u00fan, eso tambi\u00e9n es genial.<\/span><\/p>\n<p style=\"text-align: justify;line-height: 19.2pt;background-image: initial;background-position: initial\"><span style=\"font-size: 12pt;font-family: freight-sans-pro, serif;letter-spacing: 0.25pt\">Y despu\u00e9s los ni\u00f1os&#8230; &nbsp;Uno dice \u00a1qu\u00e9 gasto!, traer a estos ni\u00f1os de 4 horas de distancia, para que vengan a hacer algo, quiz\u00e1s la misma plata la podr\u00edamos haber invertido en otra cosa, pero no.&nbsp;Esto de abrirles el territorio, ense\u00f1arles a buscar, a mirar, a clasificar. Me pareci\u00f3 que es la ruta correcta.<\/span><\/p>\n<p style=\"text-align: justify;line-height: 19.2pt;background-image: initial;background-position: initial\"><span style=\"font-size: 12pt;font-family: freight-sans-pro, serif;letter-spacing: 0.25pt\">Al final todo lo anterior, el humor, la calidad t\u00e9cnica, el esp\u00edritu&nbsp;de los profesores&nbsp;se juega en ese punto. El punto de contacto con los ni\u00f1os. Hay otra cosa m\u00e1s, al tocar a los ni\u00f1os, tocas a la sociedad entera, yo creo que EXPLORA&nbsp;tiene que tener la visi\u00f3n de toda la sociedad. No son s\u00f3lo los ni\u00f1os, somos&nbsp;todos&#8221;<\/span><\/p>\n<p style=\"text-align: justify;line-height: 19.2pt;background-image: initial;background-position: initial\"><strong><span style=\"font-size: 12pt;font-family: freight-sans-pro, serif;letter-spacing: 0.25pt\">En ese sentido, mirando a futuro, \u00bfCu\u00e1l es el desaf\u00edo que tiene Chile y el Programa EXPLORA&nbsp;en particular con respecto a la Ciencia y la Tecnolog\u00eda?<\/span><\/strong><\/p>\n<p style=\"text-align: justify;line-height: 19.2pt;background-image: initial;background-position: initial\"><span style=\"font-size: 12pt;font-family: freight-sans-pro, serif;letter-spacing: 0.25pt\">&#8220;Hay un concepto que son\u00f3 mucho en esta visita,&nbsp;el &#8220;Efecto WOW&#8221;, yo creo que eso es fundamental, incluso a veces cuando tu no<br \/>\ntengas el segundo paso que es la explicaci\u00f3n. El conseguir que una persona se d\u00e9 cuenta de que el piso bajo sus pies lo sostiene, que los zapatos est\u00e1n anclados en alguna parte, que la existencia es algo de lo que nos hacemos consciente, yo creo que ese primer paso es fundamental.<br \/> No vivir la vida como un tren que va regularmente hasta la muerte, sino que uno pasa por cada durmiente. Esa cosa es el Efecto WOW, es una actitud ante la vida, que al final te permite &#8220;ense\u00f1orearte&#8221; de tu responsabilidad, hacer contacto con los otros, pensar en creaci\u00f3n, en producci\u00f3n, en servicio. Para m\u00ed ese pelda\u00f1o me deja contento.<\/span><\/p>\n<p style=\"text-align: justify;line-height: 19.2pt;background-image: initial;background-position: initial\"><span style=\"font-size: 12pt;font-family: freight-sans-pro, serif;letter-spacing: 0.25pt\">Luego de eso viene la explicaci\u00f3n y llegar a consolidar proyectos, redondear ideas, etc. Yo creo que falta empujar a una sociedad a tomarse en brazos&nbsp;a s\u00ed misma&#8221;.<\/span><\/p><\/p>\n","protected":false},"excerpt":{"rendered":"<p>Con el objetivo de conocer en terreno&nbsp;las acciones&nbsp;realizadas por el PAR EXPLORA Biob\u00edo, Nicol\u00e1s Luco, Consejero Nacional de EXPLORA y Yessenia Osorio, ejecutiva del EXPLORA compartieron&nbsp;durante dos d\u00edas las actividades que se llevan a cabo&nbsp; en el PAR EXPLORA Biob\u00edo y el Centro Interactivo de Ciencias, Artes y Tecnolog\u00edas, CICAT. Visitaron&nbsp;las muestras interactivas del Centro, [&hellip;]<\/p>\n","protected":false},"author":2,"featured_media":791,"comment_status":"open","ping_status":"open","sticky":false,"template":"","format":"standard","meta":{"_acf_changed":false,"_exactmetrics_skip_tracking":false,"_exactmetrics_sitenote_active":false,"_exactmetrics_sitenote_note":"","_exactmetrics_sitenote_category":0,"footnotes":"","_links_to":"","_links_to_target":""},"categories":[4],"tags":[178,163,179,170,162,157,14,180],"class_list":["post-790","post","type-post","status-publish","format-standard","has-post-thumbnail","hentry","category-noticias","tag-chile-hace-ciencia","tag-cicat","tag-comunicacion","tag-entrevista","tag-escolares","tag-explora-biobio","tag-investigacion-cientifica-escolar","tag-playa"],"acf":[],"yoast_head":"<!-- This site is optimized with the Yoast SEO plugin v26.9 - https:\/\/yoast.com\/product\/yoast-seo-wordpress\/ -->\n<title>&quot;El efecto WOW, es una actitud ante la vida&quot;. Entrevista a Nicol\u00e1s Luco, Consejero Nacional EXPLORA - Biob\u00edo<\/title>\n<meta name=\"robots\" content=\"index, follow, max-snippet:-1, max-image-preview:large, max-video-preview:-1\" \/>\n<link rel=\"canonical\" href=\"https:\/\/explora.cl\/biobio\/el-efecto-wow-es-una-actitud-ante-la-vida\/\" class=\"yoast-seo-meta-tag\" \/>\n<meta property=\"og:locale\" content=\"es_ES\" class=\"yoast-seo-meta-tag\" \/>\n<meta property=\"og:type\" content=\"article\" class=\"yoast-seo-meta-tag\" \/>\n<meta property=\"og:title\" content=\"&quot;El efecto WOW, es una actitud ante la vida&quot;. Entrevista a Nicol\u00e1s Luco, Consejero Nacional EXPLORA - Biob\u00edo\" class=\"yoast-seo-meta-tag\" \/>\n<meta property=\"og:description\" content=\"Con el objetivo de conocer en terreno&nbsp;las acciones&nbsp;realizadas por el PAR EXPLORA Biob\u00edo, Nicol\u00e1s Luco, Consejero Nacional de EXPLORA y Yessenia Osorio, ejecutiva del EXPLORA compartieron&nbsp;durante dos d\u00edas las actividades que se llevan a cabo&nbsp; en el PAR EXPLORA Biob\u00edo y el Centro Interactivo de Ciencias, Artes y Tecnolog\u00edas, CICAT. Visitaron&nbsp;las muestras interactivas del Centro, [&hellip;]\" class=\"yoast-seo-meta-tag\" \/>\n<meta property=\"og:url\" content=\"https:\/\/explora.cl\/biobio\/el-efecto-wow-es-una-actitud-ante-la-vida\/\" class=\"yoast-seo-meta-tag\" \/>\n<meta property=\"og:site_name\" content=\"Biob\u00edo\" class=\"yoast-seo-meta-tag\" \/>\n<meta property=\"article:published_time\" content=\"2015-08-11T04:00:00+00:00\" class=\"yoast-seo-meta-tag\" \/>\n<meta property=\"article:modified_time\" content=\"2019-05-20T18:32:50+00:00\" class=\"yoast-seo-meta-tag\" \/>\n<meta property=\"og:image\" content=\"https:\/\/explora.cl\/biobio\/wp-content\/uploads\/sites\/14\/2018\/06\/606f41d50b5b8b640938a7c0f978bc2f.jpg\" class=\"yoast-seo-meta-tag\" \/>\n\t<meta property=\"og:image:width\" content=\"640\" class=\"yoast-seo-meta-tag\" \/>\n\t<meta property=\"og:image:height\" content=\"480\" class=\"yoast-seo-meta-tag\" \/>\n\t<meta property=\"og:image:type\" content=\"image\/jpeg\" class=\"yoast-seo-meta-tag\" \/>\n<meta name=\"author\" content=\"webman\" class=\"yoast-seo-meta-tag\" \/>\n<meta name=\"twitter:card\" content=\"summary_large_image\" class=\"yoast-seo-meta-tag\" \/>\n<meta name=\"twitter:label1\" content=\"Escrito por\" class=\"yoast-seo-meta-tag\" \/>\n\t<meta name=\"twitter:data1\" content=\"webman\" class=\"yoast-seo-meta-tag\" \/>\n\t<meta name=\"twitter:label2\" content=\"Tiempo estimado de lectura\" class=\"yoast-seo-meta-tag\" \/>\n\t<meta name=\"twitter:data2\" content=\"4 minutos\" class=\"yoast-seo-meta-tag\" \/>\n<script type=\"application\/ld+json\" class=\"yoast-schema-graph\">{\"@context\":\"https:\/\/schema.org\",\"@graph\":[{\"@type\":\"Article\",\"@id\":\"https:\/\/explora.cl\/biobio\/el-efecto-wow-es-una-actitud-ante-la-vida\/#article\",\"isPartOf\":{\"@id\":\"https:\/\/explora.cl\/biobio\/el-efecto-wow-es-una-actitud-ante-la-vida\/\"},\"author\":{\"name\":\"webman\",\"@id\":\"https:\/\/explora.cl\/biobio\/#\/schema\/person\/cb8349c13ea2d324080adf8480d7ba5d\"},\"headline\":\"&quot;El efecto WOW, es una actitud ante la vida&quot;. Entrevista a Nicol\u00e1s Luco, Consejero Nacional EXPLORA\",\"datePublished\":\"2015-08-11T04:00:00+00:00\",\"dateModified\":\"2019-05-20T18:32:50+00:00\",\"mainEntityOfPage\":{\"@id\":\"https:\/\/explora.cl\/biobio\/el-efecto-wow-es-una-actitud-ante-la-vida\/\"},\"wordCount\":883,\"commentCount\":0,\"image\":{\"@id\":\"https:\/\/explora.cl\/biobio\/el-efecto-wow-es-una-actitud-ante-la-vida\/#primaryimage\"},\"thumbnailUrl\":\"https:\/\/explora.cl\/biobio\/wp-content\/uploads\/sites\/14\/2018\/06\/606f41d50b5b8b640938a7c0f978bc2f.jpg\",\"keywords\":[\"Chile Hace Ciencia\",\"CiCAT\",\"comunicaci\u00f3n\",\"entrevista\",\"escolares\",\"EXPLORA Biob\u00edo\",\"investigaci\u00f3n cient\u00edfica escolar\",\"playa\"],\"articleSection\":[\"Noticias\"],\"inLanguage\":\"es-CL\",\"potentialAction\":[{\"@type\":\"CommentAction\",\"name\":\"Comment\",\"target\":[\"https:\/\/explora.cl\/biobio\/el-efecto-wow-es-una-actitud-ante-la-vida\/#respond\"]}]},{\"@type\":\"WebPage\",\"@id\":\"https:\/\/explora.cl\/biobio\/el-efecto-wow-es-una-actitud-ante-la-vida\/\",\"url\":\"https:\/\/explora.cl\/biobio\/el-efecto-wow-es-una-actitud-ante-la-vida\/\",\"name\":\"&quot;El efecto WOW, es una actitud ante la vida&quot;. Entrevista a Nicol\u00e1s Luco, Consejero Nacional EXPLORA - Biob\u00edo\",\"isPartOf\":{\"@id\":\"https:\/\/explora.cl\/biobio\/#website\"},\"primaryImageOfPage\":{\"@id\":\"https:\/\/explora.cl\/biobio\/el-efecto-wow-es-una-actitud-ante-la-vida\/#primaryimage\"},\"image\":{\"@id\":\"https:\/\/explora.cl\/biobio\/el-efecto-wow-es-una-actitud-ante-la-vida\/#primaryimage\"},\"thumbnailUrl\":\"https:\/\/explora.cl\/biobio\/wp-content\/uploads\/sites\/14\/2018\/06\/606f41d50b5b8b640938a7c0f978bc2f.jpg\",\"datePublished\":\"2015-08-11T04:00:00+00:00\",\"dateModified\":\"2019-05-20T18:32:50+00:00\",\"author\":{\"@id\":\"https:\/\/explora.cl\/biobio\/#\/schema\/person\/cb8349c13ea2d324080adf8480d7ba5d\"},\"breadcrumb\":{\"@id\":\"https:\/\/explora.cl\/biobio\/el-efecto-wow-es-una-actitud-ante-la-vida\/#breadcrumb\"},\"inLanguage\":\"es-CL\",\"potentialAction\":[{\"@type\":\"ReadAction\",\"target\":[\"https:\/\/explora.cl\/biobio\/el-efecto-wow-es-una-actitud-ante-la-vida\/\"]}]},{\"@type\":\"ImageObject\",\"inLanguage\":\"es-CL\",\"@id\":\"https:\/\/explora.cl\/biobio\/el-efecto-wow-es-una-actitud-ante-la-vida\/#primaryimage\",\"url\":\"https:\/\/explora.cl\/biobio\/wp-content\/uploads\/sites\/14\/2018\/06\/606f41d50b5b8b640938a7c0f978bc2f.jpg\",\"contentUrl\":\"https:\/\/explora.cl\/biobio\/wp-content\/uploads\/sites\/14\/2018\/06\/606f41d50b5b8b640938a7c0f978bc2f.jpg\",\"width\":640,\"height\":480},{\"@type\":\"BreadcrumbList\",\"@id\":\"https:\/\/explora.cl\/biobio\/el-efecto-wow-es-una-actitud-ante-la-vida\/#breadcrumb\",\"itemListElement\":[{\"@type\":\"ListItem\",\"position\":1,\"name\":\"Portada\",\"item\":\"https:\/\/explora.cl\/biobio\/\"},{\"@type\":\"ListItem\",\"position\":2,\"name\":\"&quot;El efecto WOW, es una actitud ante la vida&quot;. Entrevista a Nicol\u00e1s Luco, Consejero Nacional EXPLORA\"}]},{\"@type\":\"WebSite\",\"@id\":\"https:\/\/explora.cl\/biobio\/#website\",\"url\":\"https:\/\/explora.cl\/biobio\/\",\"name\":\"Biob\u00edo\",\"description\":\"Otro sitio m\u00e1s de explora.cl\",\"potentialAction\":[{\"@type\":\"SearchAction\",\"target\":{\"@type\":\"EntryPoint\",\"urlTemplate\":\"https:\/\/explora.cl\/biobio\/?s={search_term_string}\"},\"query-input\":{\"@type\":\"PropertyValueSpecification\",\"valueRequired\":true,\"valueName\":\"search_term_string\"}}],\"inLanguage\":\"es-CL\"},{\"@type\":\"Person\",\"@id\":\"https:\/\/explora.cl\/biobio\/#\/schema\/person\/cb8349c13ea2d324080adf8480d7ba5d\",\"name\":\"webman\",\"image\":{\"@type\":\"ImageObject\",\"inLanguage\":\"es-CL\",\"@id\":\"https:\/\/explora.cl\/biobio\/#\/schema\/person\/image\/\",\"url\":\"https:\/\/secure.gravatar.com\/avatar\/eeff3c82f2c02f7177d13663b7e6f890e9a6a0647ce9bb29cae02dcb094c7312?s=96&d=mm&r=g\",\"contentUrl\":\"https:\/\/secure.gravatar.com\/avatar\/eeff3c82f2c02f7177d13663b7e6f890e9a6a0647ce9bb29cae02dcb094c7312?s=96&d=mm&r=g\",\"caption\":\"webman\"},\"url\":\"https:\/\/explora.cl\/biobio\/author\/webman\/\"}]}<\/script>\n<!-- \/ Yoast SEO plugin. -->","yoast_head_json":{"title":"&quot;El efecto WOW, es una actitud ante la vida&quot;. Entrevista a Nicol\u00e1s Luco, Consejero Nacional EXPLORA - Biob\u00edo","robots":{"index":"index","follow":"follow","max-snippet":"max-snippet:-1","max-image-preview":"max-image-preview:large","max-video-preview":"max-video-preview:-1"},"canonical":"https:\/\/explora.cl\/biobio\/el-efecto-wow-es-una-actitud-ante-la-vida\/","og_locale":"es_ES","og_type":"article","og_title":"&quot;El efecto WOW, es una actitud ante la vida&quot;. Entrevista a Nicol\u00e1s Luco, Consejero Nacional EXPLORA - Biob\u00edo","og_description":"Con el objetivo de conocer en terreno&nbsp;las acciones&nbsp;realizadas por el PAR EXPLORA Biob\u00edo, Nicol\u00e1s Luco, Consejero Nacional de EXPLORA y Yessenia Osorio, ejecutiva del EXPLORA compartieron&nbsp;durante dos d\u00edas las actividades que se llevan a cabo&nbsp; en el PAR EXPLORA Biob\u00edo y el Centro Interactivo de Ciencias, Artes y Tecnolog\u00edas, CICAT. Visitaron&nbsp;las muestras interactivas del Centro, [&hellip;]","og_url":"https:\/\/explora.cl\/biobio\/el-efecto-wow-es-una-actitud-ante-la-vida\/","og_site_name":"Biob\u00edo","article_published_time":"2015-08-11T04:00:00+00:00","article_modified_time":"2019-05-20T18:32:50+00:00","og_image":[{"width":640,"height":480,"url":"https:\/\/explora.cl\/biobio\/wp-content\/uploads\/sites\/14\/2018\/06\/606f41d50b5b8b640938a7c0f978bc2f.jpg","type":"image\/jpeg"}],"author":"webman","twitter_card":"summary_large_image","twitter_misc":{"Escrito por":"webman","Tiempo estimado de lectura":"4 minutos"},"schema":{"@context":"https:\/\/schema.org","@graph":[{"@type":"Article","@id":"https:\/\/explora.cl\/biobio\/el-efecto-wow-es-una-actitud-ante-la-vida\/#article","isPartOf":{"@id":"https:\/\/explora.cl\/biobio\/el-efecto-wow-es-una-actitud-ante-la-vida\/"},"author":{"name":"webman","@id":"https:\/\/explora.cl\/biobio\/#\/schema\/person\/cb8349c13ea2d324080adf8480d7ba5d"},"headline":"&quot;El efecto WOW, es una actitud ante la vida&quot;. Entrevista a Nicol\u00e1s Luco, Consejero Nacional EXPLORA","datePublished":"2015-08-11T04:00:00+00:00","dateModified":"2019-05-20T18:32:50+00:00","mainEntityOfPage":{"@id":"https:\/\/explora.cl\/biobio\/el-efecto-wow-es-una-actitud-ante-la-vida\/"},"wordCount":883,"commentCount":0,"image":{"@id":"https:\/\/explora.cl\/biobio\/el-efecto-wow-es-una-actitud-ante-la-vida\/#primaryimage"},"thumbnailUrl":"https:\/\/explora.cl\/biobio\/wp-content\/uploads\/sites\/14\/2018\/06\/606f41d50b5b8b640938a7c0f978bc2f.jpg","keywords":["Chile Hace Ciencia","CiCAT","comunicaci\u00f3n","entrevista","escolares","EXPLORA Biob\u00edo","investigaci\u00f3n cient\u00edfica escolar","playa"],"articleSection":["Noticias"],"inLanguage":"es-CL","potentialAction":[{"@type":"CommentAction","name":"Comment","target":["https:\/\/explora.cl\/biobio\/el-efecto-wow-es-una-actitud-ante-la-vida\/#respond"]}]},{"@type":"WebPage","@id":"https:\/\/explora.cl\/biobio\/el-efecto-wow-es-una-actitud-ante-la-vida\/","url":"https:\/\/explora.cl\/biobio\/el-efecto-wow-es-una-actitud-ante-la-vida\/","name":"&quot;El efecto WOW, es una actitud ante la vida&quot;. Entrevista a Nicol\u00e1s Luco, Consejero Nacional EXPLORA - Biob\u00edo","isPartOf":{"@id":"https:\/\/explora.cl\/biobio\/#website"},"primaryImageOfPage":{"@id":"https:\/\/explora.cl\/biobio\/el-efecto-wow-es-una-actitud-ante-la-vida\/#primaryimage"},"image":{"@id":"https:\/\/explora.cl\/biobio\/el-efecto-wow-es-una-actitud-ante-la-vida\/#primaryimage"},"thumbnailUrl":"https:\/\/explora.cl\/biobio\/wp-content\/uploads\/sites\/14\/2018\/06\/606f41d50b5b8b640938a7c0f978bc2f.jpg","datePublished":"2015-08-11T04:00:00+00:00","dateModified":"2019-05-20T18:32:50+00:00","author":{"@id":"https:\/\/explora.cl\/biobio\/#\/schema\/person\/cb8349c13ea2d324080adf8480d7ba5d"},"breadcrumb":{"@id":"https:\/\/explora.cl\/biobio\/el-efecto-wow-es-una-actitud-ante-la-vida\/#breadcrumb"},"inLanguage":"es-CL","potentialAction":[{"@type":"ReadAction","target":["https:\/\/explora.cl\/biobio\/el-efecto-wow-es-una-actitud-ante-la-vida\/"]}]},{"@type":"ImageObject","inLanguage":"es-CL","@id":"https:\/\/explora.cl\/biobio\/el-efecto-wow-es-una-actitud-ante-la-vida\/#primaryimage","url":"https:\/\/explora.cl\/biobio\/wp-content\/uploads\/sites\/14\/2018\/06\/606f41d50b5b8b640938a7c0f978bc2f.jpg","contentUrl":"https:\/\/explora.cl\/biobio\/wp-content\/uploads\/sites\/14\/2018\/06\/606f41d50b5b8b640938a7c0f978bc2f.jpg","width":640,"height":480},{"@type":"BreadcrumbList","@id":"https:\/\/explora.cl\/biobio\/el-efecto-wow-es-una-actitud-ante-la-vida\/#breadcrumb","itemListElement":[{"@type":"ListItem","position":1,"name":"Portada","item":"https:\/\/explora.cl\/biobio\/"},{"@type":"ListItem","position":2,"name":"&quot;El efecto WOW, es una actitud ante la vida&quot;. Entrevista a Nicol\u00e1s Luco, Consejero Nacional EXPLORA"}]},{"@type":"WebSite","@id":"https:\/\/explora.cl\/biobio\/#website","url":"https:\/\/explora.cl\/biobio\/","name":"Biob\u00edo","description":"Otro sitio m\u00e1s de explora.cl","potentialAction":[{"@type":"SearchAction","target":{"@type":"EntryPoint","urlTemplate":"https:\/\/explora.cl\/biobio\/?s={search_term_string}"},"query-input":{"@type":"PropertyValueSpecification","valueRequired":true,"valueName":"search_term_string"}}],"inLanguage":"es-CL"},{"@type":"Person","@id":"https:\/\/explora.cl\/biobio\/#\/schema\/person\/cb8349c13ea2d324080adf8480d7ba5d","name":"webman","image":{"@type":"ImageObject","inLanguage":"es-CL","@id":"https:\/\/explora.cl\/biobio\/#\/schema\/person\/image\/","url":"https:\/\/secure.gravatar.com\/avatar\/eeff3c82f2c02f7177d13663b7e6f890e9a6a0647ce9bb29cae02dcb094c7312?s=96&d=mm&r=g","contentUrl":"https:\/\/secure.gravatar.com\/avatar\/eeff3c82f2c02f7177d13663b7e6f890e9a6a0647ce9bb29cae02dcb094c7312?s=96&d=mm&r=g","caption":"webman"},"url":"https:\/\/explora.cl\/biobio\/author\/webman\/"}]}},"_links":{"self":[{"href":"https:\/\/explora.cl\/biobio\/wp-json\/wp\/v2\/posts\/790","targetHints":{"allow":["GET"]}}],"collection":[{"href":"https:\/\/explora.cl\/biobio\/wp-json\/wp\/v2\/posts"}],"about":[{"href":"https:\/\/explora.cl\/biobio\/wp-json\/wp\/v2\/types\/post"}],"author":[{"embeddable":true,"href":"https:\/\/explora.cl\/biobio\/wp-json\/wp\/v2\/users\/2"}],"replies":[{"embeddable":true,"href":"https:\/\/explora.cl\/biobio\/wp-json\/wp\/v2\/comments?post=790"}],"version-history":[{"count":1,"href":"https:\/\/explora.cl\/biobio\/wp-json\/wp\/v2\/posts\/790\/revisions"}],"predecessor-version":[{"id":37873,"href":"https:\/\/explora.cl\/biobio\/wp-json\/wp\/v2\/posts\/790\/revisions\/37873"}],"wp:featuredmedia":[{"embeddable":true,"href":"https:\/\/explora.cl\/biobio\/wp-json\/wp\/v2\/media\/791"}],"wp:attachment":[{"href":"https:\/\/explora.cl\/biobio\/wp-json\/wp\/v2\/media?parent=790"}],"wp:term":[{"taxonomy":"category","embeddable":true,"href":"https:\/\/explora.cl\/biobio\/wp-json\/wp\/v2\/categories?post=790"},{"taxonomy":"post_tag","embeddable":true,"href":"https:\/\/explora.cl\/biobio\/wp-json\/wp\/v2\/tags?post=790"}],"curies":[{"name":"wp","href":"https:\/\/api.w.org\/{rel}","templated":true}]}}