{"id":786,"date":"2015-08-08T00:00:00","date_gmt":"2015-08-08T04:00:00","guid":{"rendered":"https:\/\/explora.cl\/biobio\/blog\/2015\/08\/08\/con-mucho-exito-se-realizo-la-primera-jornada-de-la-montana-al-mar\/"},"modified":"2019-05-20T18:32:51","modified_gmt":"2019-05-20T18:32:51","slug":"con-mucho-exito-se-realizo-la-primera-jornada-de-la-montana-al-mar","status":"publish","type":"post","link":"https:\/\/explora.cl\/biobio\/con-mucho-exito-se-realizo-la-primera-jornada-de-la-montana-al-mar\/","title":{"rendered":"Con Mucho \u00c9xito Se Realiz\u00f3 La Primera Jornada &quot;De La Monta\u00f1a Al Mar&quot;"},"content":{"rendered":"<p><p style=\"margin-top: 0px;font-family: freight-sans-pro;font-size: 16px;letter-spacing: 0.299999982118607px;line-height: 25.6000003814697px\">Con gran \u00e9xito se desarroll\u00f3 la actividad &#8220;De la Monta\u00f1a al Mar&#8221;, organizada por el&nbsp;N\u00facleo Milenio MUSELS, de la Iniciativa Cient\u00edfica Milenio, Ministerio de Econom\u00eda, en colaboraci\u00f3n con el PAR EXPLORA Biob\u00edo.<\/p>\n<p style=\"font-family: freight-sans-pro;font-size: 16px;letter-spacing: 0.299999982118607px;line-height: 25.6000003814697px\">Durante todo el d\u00eda 29 ni\u00f1os\/as y 5 docentes visitaron la Estaci\u00f3n de Biolog\u00eda Marina de la UdeC, ubicada en Dichato, en donde tuvieron la oportunidad de conocer parte de la comunidad de&nbsp;invertebrados de la playa rocosa. Adem\u00e1s&nbsp;compartieron&nbsp;con cient\u00edficos, investigadores y estudiantes que trabajan en MUSELS.<\/p>\n<p style=\"font-family: freight-sans-pro;font-size: 16px;letter-spacing: 0.299999982118607px;line-height: 25.6000003814697px\">&#8220;Yo quer\u00eda conocer m\u00e1s cosas del mar y hemos estado explorando y descubriendo cosas nuevas que se pueden encontrar en la arena, estoy muy contento y lo estoy pasando muy bien&#8221;, afirm\u00f3&nbsp;Basti\u00e1n Salamanca Gat\u00edca, estudiante de 6\u00ba b\u00e1sico de la Escuela G- 1183 Cayaqui, Alto Biob\u00edo.<\/p>\n<p style=\"font-family: freight-sans-pro;font-size: 16px;letter-spacing: 0.299999982118607px;line-height: 25.6000003814697px\">Mar\u00eda Paz Salazar, profesora de Cs. Naturales de la escuela coment\u00f3&nbsp;que &#8220;los ni\u00f1os&nbsp;s\u00f3lo sab\u00edan que \u00edbamos a venir a un laboratorio, pero nunca nos imaginamos esto. \u00a1Est\u00e1n fascinados!&nbsp;y yo contenta tambi\u00e9n, porque&nbsp;no tenemos muchas instancias para sacar a los ni\u00f1os de las escuelas, y si salen, es por el f\u00fatbol, pero no se potencia&nbsp;mucho la parte cient\u00edfica, as\u00ed&nbsp;que estoy feliz&#8221;.<\/p>\n<p style=\"font-family: freight-sans-pro;font-size: 16px;letter-spacing: 0.299999982118607px;line-height: 25.6000003814697px\">Por la tarde la delegaci\u00f3n se dirigi\u00f3 a Talcahuano&nbsp;para visitar&nbsp;el astillero ASMAR, donde pudieron conocer las instalaciones y hablar con personal experto, quienes les explicaron el trabajo que desarrollan en dicho astillero.<\/p>\n<p id=\"yui_3_17_2_10_1439071226486_1811\" style=\"margin-bottom: 0px;font-family: freight-sans-pro;font-size: 16px;letter-spacing: 0.299999982118607px;line-height: 25.6000003814697px\">Esta actividad, financiada por los proyectos de \u201cProyecci\u00f3n al Medio Externo\u201d PME, con el apoyo y ayuda otorgada por el DAEM de Alto Biob\u00edo, que gestion\u00f3 la locomoci\u00f3n para la delegaci\u00f3n visitante, es una gran oportunidad para que Centros de Investigaci\u00f3n de primer nivel e \u201cinstituciones\u201d como EXPLORA unan esfuerzos y realicen actividades en conjunto que transmitan a los ni\u00f1os y ni\u00f1as las experiencias y conocimientos que generan los cient\u00edficos de nuestro pa\u00eds.<img fetchpriority=\"high\" decoding=\"async\" class=\" size-full wp-image-13668\" src=\"http:\/\/ec2-34-218-253-251.us-west-2.compute.amazonaws.com\/wp-content\/uploads\/2015\/08\/Captura_de_pantalla_2015-08-07_a_las_20.40.21.png\" alt=\"Captura de pantalla 2015-08-07 a las 20.40.21\" width=\"747\" height=\"562\" \/><\/p><\/p>\n","protected":false},"excerpt":{"rendered":"<p>Con gran \u00e9xito se desarroll\u00f3 la actividad &#8220;De la Monta\u00f1a al Mar&#8221;, organizada por el&nbsp;N\u00facleo Milenio MUSELS, de la Iniciativa Cient\u00edfica Milenio, Ministerio de Econom\u00eda, en colaboraci\u00f3n con el PAR EXPLORA Biob\u00edo. Durante todo el d\u00eda 29 ni\u00f1os\/as y 5 docentes visitaron la Estaci\u00f3n de Biolog\u00eda Marina de la UdeC, ubicada en Dichato, en donde [&hellip;]<\/p>\n","protected":false},"author":2,"featured_media":787,"comment_status":"open","ping_status":"open","sticky":false,"template":"","format":"standard","meta":{"_acf_changed":false,"_exactmetrics_skip_tracking":false,"_exactmetrics_sitenote_active":false,"_exactmetrics_sitenote_note":"","_exactmetrics_sitenote_category":0,"footnotes":"","_links_to":"","_links_to_target":""},"categories":[4],"tags":[172,99],"class_list":["post-786","post","type-post","status-publish","format-standard","has-post-thumbnail","hentry","category-noticias","tag-agua","tag-descubrimientos"],"acf":[],"yoast_head":"<!-- This site is optimized with the Yoast SEO plugin v26.9 - https:\/\/yoast.com\/product\/yoast-seo-wordpress\/ -->\n<title>Con Mucho \u00c9xito Se Realiz\u00f3 La Primera Jornada &quot;De La Monta\u00f1a Al Mar&quot; - Biob\u00edo<\/title>\n<meta name=\"robots\" content=\"index, follow, max-snippet:-1, max-image-preview:large, max-video-preview:-1\" \/>\n<link rel=\"canonical\" href=\"https:\/\/explora.cl\/biobio\/con-mucho-exito-se-realizo-la-primera-jornada-de-la-montana-al-mar\/\" class=\"yoast-seo-meta-tag\" \/>\n<meta property=\"og:locale\" content=\"es_ES\" class=\"yoast-seo-meta-tag\" \/>\n<meta property=\"og:type\" content=\"article\" class=\"yoast-seo-meta-tag\" \/>\n<meta property=\"og:title\" content=\"Con Mucho \u00c9xito Se Realiz\u00f3 La Primera Jornada &quot;De La Monta\u00f1a Al Mar&quot; - Biob\u00edo\" class=\"yoast-seo-meta-tag\" \/>\n<meta property=\"og:description\" content=\"Con gran \u00e9xito se desarroll\u00f3 la actividad &#8220;De la Monta\u00f1a al Mar&#8221;, organizada por el&nbsp;N\u00facleo Milenio MUSELS, de la Iniciativa Cient\u00edfica Milenio, Ministerio de Econom\u00eda, en colaboraci\u00f3n con el PAR EXPLORA Biob\u00edo. Durante todo el d\u00eda 29 ni\u00f1os\/as y 5 docentes visitaron la Estaci\u00f3n de Biolog\u00eda Marina de la UdeC, ubicada en Dichato, en donde [&hellip;]\" class=\"yoast-seo-meta-tag\" \/>\n<meta property=\"og:url\" content=\"https:\/\/explora.cl\/biobio\/con-mucho-exito-se-realizo-la-primera-jornada-de-la-montana-al-mar\/\" class=\"yoast-seo-meta-tag\" \/>\n<meta property=\"og:site_name\" content=\"Biob\u00edo\" class=\"yoast-seo-meta-tag\" \/>\n<meta property=\"article:published_time\" content=\"2015-08-08T04:00:00+00:00\" class=\"yoast-seo-meta-tag\" \/>\n<meta property=\"article:modified_time\" content=\"2019-05-20T18:32:51+00:00\" class=\"yoast-seo-meta-tag\" \/>\n<meta property=\"og:image\" content=\"https:\/\/explora.cl\/biobio\/wp-content\/uploads\/sites\/14\/2018\/06\/Captura_de_pantalla_2015-08-07_a_las_20.40.21.png\" class=\"yoast-seo-meta-tag\" \/>\n\t<meta property=\"og:image:width\" content=\"747\" class=\"yoast-seo-meta-tag\" \/>\n\t<meta property=\"og:image:height\" content=\"562\" class=\"yoast-seo-meta-tag\" \/>\n\t<meta property=\"og:image:type\" content=\"image\/png\" class=\"yoast-seo-meta-tag\" \/>\n<meta name=\"author\" content=\"webman\" class=\"yoast-seo-meta-tag\" \/>\n<meta name=\"twitter:card\" content=\"summary_large_image\" class=\"yoast-seo-meta-tag\" \/>\n<meta name=\"twitter:label1\" content=\"Escrito por\" class=\"yoast-seo-meta-tag\" \/>\n\t<meta name=\"twitter:data1\" content=\"webman\" class=\"yoast-seo-meta-tag\" \/>\n\t<meta name=\"twitter:label2\" content=\"Tiempo estimado de lectura\" class=\"yoast-seo-meta-tag\" \/>\n\t<meta name=\"twitter:data2\" content=\"2 minutos\" class=\"yoast-seo-meta-tag\" \/>\n<script type=\"application\/ld+json\" class=\"yoast-schema-graph\">{\"@context\":\"https:\/\/schema.org\",\"@graph\":[{\"@type\":\"Article\",\"@id\":\"https:\/\/explora.cl\/biobio\/con-mucho-exito-se-realizo-la-primera-jornada-de-la-montana-al-mar\/#article\",\"isPartOf\":{\"@id\":\"https:\/\/explora.cl\/biobio\/con-mucho-exito-se-realizo-la-primera-jornada-de-la-montana-al-mar\/\"},\"author\":{\"name\":\"webman\",\"@id\":\"https:\/\/explora.cl\/biobio\/#\/schema\/person\/cb8349c13ea2d324080adf8480d7ba5d\"},\"headline\":\"Con Mucho \u00c9xito Se Realiz\u00f3 La Primera Jornada &quot;De La Monta\u00f1a Al Mar&quot;\",\"datePublished\":\"2015-08-08T04:00:00+00:00\",\"dateModified\":\"2019-05-20T18:32:51+00:00\",\"mainEntityOfPage\":{\"@id\":\"https:\/\/explora.cl\/biobio\/con-mucho-exito-se-realizo-la-primera-jornada-de-la-montana-al-mar\/\"},\"wordCount\":365,\"commentCount\":0,\"image\":{\"@id\":\"https:\/\/explora.cl\/biobio\/con-mucho-exito-se-realizo-la-primera-jornada-de-la-montana-al-mar\/#primaryimage\"},\"thumbnailUrl\":\"https:\/\/explora.cl\/biobio\/wp-content\/uploads\/sites\/14\/2018\/06\/Captura_de_pantalla_2015-08-07_a_las_20.40.21.png\",\"keywords\":[\"agua\",\"descubrimientos\"],\"articleSection\":[\"Noticias\"],\"inLanguage\":\"es-CL\",\"potentialAction\":[{\"@type\":\"CommentAction\",\"name\":\"Comment\",\"target\":[\"https:\/\/explora.cl\/biobio\/con-mucho-exito-se-realizo-la-primera-jornada-de-la-montana-al-mar\/#respond\"]}]},{\"@type\":\"WebPage\",\"@id\":\"https:\/\/explora.cl\/biobio\/con-mucho-exito-se-realizo-la-primera-jornada-de-la-montana-al-mar\/\",\"url\":\"https:\/\/explora.cl\/biobio\/con-mucho-exito-se-realizo-la-primera-jornada-de-la-montana-al-mar\/\",\"name\":\"Con Mucho \u00c9xito Se Realiz\u00f3 La Primera Jornada &quot;De La Monta\u00f1a Al Mar&quot; - Biob\u00edo\",\"isPartOf\":{\"@id\":\"https:\/\/explora.cl\/biobio\/#website\"},\"primaryImageOfPage\":{\"@id\":\"https:\/\/explora.cl\/biobio\/con-mucho-exito-se-realizo-la-primera-jornada-de-la-montana-al-mar\/#primaryimage\"},\"image\":{\"@id\":\"https:\/\/explora.cl\/biobio\/con-mucho-exito-se-realizo-la-primera-jornada-de-la-montana-al-mar\/#primaryimage\"},\"thumbnailUrl\":\"https:\/\/explora.cl\/biobio\/wp-content\/uploads\/sites\/14\/2018\/06\/Captura_de_pantalla_2015-08-07_a_las_20.40.21.png\",\"datePublished\":\"2015-08-08T04:00:00+00:00\",\"dateModified\":\"2019-05-20T18:32:51+00:00\",\"author\":{\"@id\":\"https:\/\/explora.cl\/biobio\/#\/schema\/person\/cb8349c13ea2d324080adf8480d7ba5d\"},\"breadcrumb\":{\"@id\":\"https:\/\/explora.cl\/biobio\/con-mucho-exito-se-realizo-la-primera-jornada-de-la-montana-al-mar\/#breadcrumb\"},\"inLanguage\":\"es-CL\",\"potentialAction\":[{\"@type\":\"ReadAction\",\"target\":[\"https:\/\/explora.cl\/biobio\/con-mucho-exito-se-realizo-la-primera-jornada-de-la-montana-al-mar\/\"]}]},{\"@type\":\"ImageObject\",\"inLanguage\":\"es-CL\",\"@id\":\"https:\/\/explora.cl\/biobio\/con-mucho-exito-se-realizo-la-primera-jornada-de-la-montana-al-mar\/#primaryimage\",\"url\":\"https:\/\/explora.cl\/biobio\/wp-content\/uploads\/sites\/14\/2018\/06\/Captura_de_pantalla_2015-08-07_a_las_20.40.21.png\",\"contentUrl\":\"https:\/\/explora.cl\/biobio\/wp-content\/uploads\/sites\/14\/2018\/06\/Captura_de_pantalla_2015-08-07_a_las_20.40.21.png\",\"width\":747,\"height\":562,\"caption\":\"Captura de pantalla 2015-08-07 a las 20.40.21\"},{\"@type\":\"BreadcrumbList\",\"@id\":\"https:\/\/explora.cl\/biobio\/con-mucho-exito-se-realizo-la-primera-jornada-de-la-montana-al-mar\/#breadcrumb\",\"itemListElement\":[{\"@type\":\"ListItem\",\"position\":1,\"name\":\"Portada\",\"item\":\"https:\/\/explora.cl\/biobio\/\"},{\"@type\":\"ListItem\",\"position\":2,\"name\":\"Con Mucho \u00c9xito Se Realiz\u00f3 La Primera Jornada &quot;De La Monta\u00f1a Al Mar&quot;\"}]},{\"@type\":\"WebSite\",\"@id\":\"https:\/\/explora.cl\/biobio\/#website\",\"url\":\"https:\/\/explora.cl\/biobio\/\",\"name\":\"Biob\u00edo\",\"description\":\"Otro sitio m\u00e1s de explora.cl\",\"potentialAction\":[{\"@type\":\"SearchAction\",\"target\":{\"@type\":\"EntryPoint\",\"urlTemplate\":\"https:\/\/explora.cl\/biobio\/?s={search_term_string}\"},\"query-input\":{\"@type\":\"PropertyValueSpecification\",\"valueRequired\":true,\"valueName\":\"search_term_string\"}}],\"inLanguage\":\"es-CL\"},{\"@type\":\"Person\",\"@id\":\"https:\/\/explora.cl\/biobio\/#\/schema\/person\/cb8349c13ea2d324080adf8480d7ba5d\",\"name\":\"webman\",\"image\":{\"@type\":\"ImageObject\",\"inLanguage\":\"es-CL\",\"@id\":\"https:\/\/explora.cl\/biobio\/#\/schema\/person\/image\/\",\"url\":\"https:\/\/secure.gravatar.com\/avatar\/eeff3c82f2c02f7177d13663b7e6f890e9a6a0647ce9bb29cae02dcb094c7312?s=96&d=mm&r=g\",\"contentUrl\":\"https:\/\/secure.gravatar.com\/avatar\/eeff3c82f2c02f7177d13663b7e6f890e9a6a0647ce9bb29cae02dcb094c7312?s=96&d=mm&r=g\",\"caption\":\"webman\"},\"url\":\"https:\/\/explora.cl\/biobio\/author\/webman\/\"}]}<\/script>\n<!-- \/ Yoast SEO plugin. -->","yoast_head_json":{"title":"Con Mucho \u00c9xito Se Realiz\u00f3 La Primera Jornada &quot;De La Monta\u00f1a Al Mar&quot; - Biob\u00edo","robots":{"index":"index","follow":"follow","max-snippet":"max-snippet:-1","max-image-preview":"max-image-preview:large","max-video-preview":"max-video-preview:-1"},"canonical":"https:\/\/explora.cl\/biobio\/con-mucho-exito-se-realizo-la-primera-jornada-de-la-montana-al-mar\/","og_locale":"es_ES","og_type":"article","og_title":"Con Mucho \u00c9xito Se Realiz\u00f3 La Primera Jornada &quot;De La Monta\u00f1a Al Mar&quot; - Biob\u00edo","og_description":"Con gran \u00e9xito se desarroll\u00f3 la actividad &#8220;De la Monta\u00f1a al Mar&#8221;, organizada por el&nbsp;N\u00facleo Milenio MUSELS, de la Iniciativa Cient\u00edfica Milenio, Ministerio de Econom\u00eda, en colaboraci\u00f3n con el PAR EXPLORA Biob\u00edo. Durante todo el d\u00eda 29 ni\u00f1os\/as y 5 docentes visitaron la Estaci\u00f3n de Biolog\u00eda Marina de la UdeC, ubicada en Dichato, en donde [&hellip;]","og_url":"https:\/\/explora.cl\/biobio\/con-mucho-exito-se-realizo-la-primera-jornada-de-la-montana-al-mar\/","og_site_name":"Biob\u00edo","article_published_time":"2015-08-08T04:00:00+00:00","article_modified_time":"2019-05-20T18:32:51+00:00","og_image":[{"width":747,"height":562,"url":"https:\/\/explora.cl\/biobio\/wp-content\/uploads\/sites\/14\/2018\/06\/Captura_de_pantalla_2015-08-07_a_las_20.40.21.png","type":"image\/png"}],"author":"webman","twitter_card":"summary_large_image","twitter_misc":{"Escrito por":"webman","Tiempo estimado de lectura":"2 minutos"},"schema":{"@context":"https:\/\/schema.org","@graph":[{"@type":"Article","@id":"https:\/\/explora.cl\/biobio\/con-mucho-exito-se-realizo-la-primera-jornada-de-la-montana-al-mar\/#article","isPartOf":{"@id":"https:\/\/explora.cl\/biobio\/con-mucho-exito-se-realizo-la-primera-jornada-de-la-montana-al-mar\/"},"author":{"name":"webman","@id":"https:\/\/explora.cl\/biobio\/#\/schema\/person\/cb8349c13ea2d324080adf8480d7ba5d"},"headline":"Con Mucho \u00c9xito Se Realiz\u00f3 La Primera Jornada &quot;De La Monta\u00f1a Al Mar&quot;","datePublished":"2015-08-08T04:00:00+00:00","dateModified":"2019-05-20T18:32:51+00:00","mainEntityOfPage":{"@id":"https:\/\/explora.cl\/biobio\/con-mucho-exito-se-realizo-la-primera-jornada-de-la-montana-al-mar\/"},"wordCount":365,"commentCount":0,"image":{"@id":"https:\/\/explora.cl\/biobio\/con-mucho-exito-se-realizo-la-primera-jornada-de-la-montana-al-mar\/#primaryimage"},"thumbnailUrl":"https:\/\/explora.cl\/biobio\/wp-content\/uploads\/sites\/14\/2018\/06\/Captura_de_pantalla_2015-08-07_a_las_20.40.21.png","keywords":["agua","descubrimientos"],"articleSection":["Noticias"],"inLanguage":"es-CL","potentialAction":[{"@type":"CommentAction","name":"Comment","target":["https:\/\/explora.cl\/biobio\/con-mucho-exito-se-realizo-la-primera-jornada-de-la-montana-al-mar\/#respond"]}]},{"@type":"WebPage","@id":"https:\/\/explora.cl\/biobio\/con-mucho-exito-se-realizo-la-primera-jornada-de-la-montana-al-mar\/","url":"https:\/\/explora.cl\/biobio\/con-mucho-exito-se-realizo-la-primera-jornada-de-la-montana-al-mar\/","name":"Con Mucho \u00c9xito Se Realiz\u00f3 La Primera Jornada &quot;De La Monta\u00f1a Al Mar&quot; - Biob\u00edo","isPartOf":{"@id":"https:\/\/explora.cl\/biobio\/#website"},"primaryImageOfPage":{"@id":"https:\/\/explora.cl\/biobio\/con-mucho-exito-se-realizo-la-primera-jornada-de-la-montana-al-mar\/#primaryimage"},"image":{"@id":"https:\/\/explora.cl\/biobio\/con-mucho-exito-se-realizo-la-primera-jornada-de-la-montana-al-mar\/#primaryimage"},"thumbnailUrl":"https:\/\/explora.cl\/biobio\/wp-content\/uploads\/sites\/14\/2018\/06\/Captura_de_pantalla_2015-08-07_a_las_20.40.21.png","datePublished":"2015-08-08T04:00:00+00:00","dateModified":"2019-05-20T18:32:51+00:00","author":{"@id":"https:\/\/explora.cl\/biobio\/#\/schema\/person\/cb8349c13ea2d324080adf8480d7ba5d"},"breadcrumb":{"@id":"https:\/\/explora.cl\/biobio\/con-mucho-exito-se-realizo-la-primera-jornada-de-la-montana-al-mar\/#breadcrumb"},"inLanguage":"es-CL","potentialAction":[{"@type":"ReadAction","target":["https:\/\/explora.cl\/biobio\/con-mucho-exito-se-realizo-la-primera-jornada-de-la-montana-al-mar\/"]}]},{"@type":"ImageObject","inLanguage":"es-CL","@id":"https:\/\/explora.cl\/biobio\/con-mucho-exito-se-realizo-la-primera-jornada-de-la-montana-al-mar\/#primaryimage","url":"https:\/\/explora.cl\/biobio\/wp-content\/uploads\/sites\/14\/2018\/06\/Captura_de_pantalla_2015-08-07_a_las_20.40.21.png","contentUrl":"https:\/\/explora.cl\/biobio\/wp-content\/uploads\/sites\/14\/2018\/06\/Captura_de_pantalla_2015-08-07_a_las_20.40.21.png","width":747,"height":562,"caption":"Captura de pantalla 2015-08-07 a las 20.40.21"},{"@type":"BreadcrumbList","@id":"https:\/\/explora.cl\/biobio\/con-mucho-exito-se-realizo-la-primera-jornada-de-la-montana-al-mar\/#breadcrumb","itemListElement":[{"@type":"ListItem","position":1,"name":"Portada","item":"https:\/\/explora.cl\/biobio\/"},{"@type":"ListItem","position":2,"name":"Con Mucho \u00c9xito Se Realiz\u00f3 La Primera Jornada &quot;De La Monta\u00f1a Al Mar&quot;"}]},{"@type":"WebSite","@id":"https:\/\/explora.cl\/biobio\/#website","url":"https:\/\/explora.cl\/biobio\/","name":"Biob\u00edo","description":"Otro sitio m\u00e1s de explora.cl","potentialAction":[{"@type":"SearchAction","target":{"@type":"EntryPoint","urlTemplate":"https:\/\/explora.cl\/biobio\/?s={search_term_string}"},"query-input":{"@type":"PropertyValueSpecification","valueRequired":true,"valueName":"search_term_string"}}],"inLanguage":"es-CL"},{"@type":"Person","@id":"https:\/\/explora.cl\/biobio\/#\/schema\/person\/cb8349c13ea2d324080adf8480d7ba5d","name":"webman","image":{"@type":"ImageObject","inLanguage":"es-CL","@id":"https:\/\/explora.cl\/biobio\/#\/schema\/person\/image\/","url":"https:\/\/secure.gravatar.com\/avatar\/eeff3c82f2c02f7177d13663b7e6f890e9a6a0647ce9bb29cae02dcb094c7312?s=96&d=mm&r=g","contentUrl":"https:\/\/secure.gravatar.com\/avatar\/eeff3c82f2c02f7177d13663b7e6f890e9a6a0647ce9bb29cae02dcb094c7312?s=96&d=mm&r=g","caption":"webman"},"url":"https:\/\/explora.cl\/biobio\/author\/webman\/"}]}},"_links":{"self":[{"href":"https:\/\/explora.cl\/biobio\/wp-json\/wp\/v2\/posts\/786","targetHints":{"allow":["GET"]}}],"collection":[{"href":"https:\/\/explora.cl\/biobio\/wp-json\/wp\/v2\/posts"}],"about":[{"href":"https:\/\/explora.cl\/biobio\/wp-json\/wp\/v2\/types\/post"}],"author":[{"embeddable":true,"href":"https:\/\/explora.cl\/biobio\/wp-json\/wp\/v2\/users\/2"}],"replies":[{"embeddable":true,"href":"https:\/\/explora.cl\/biobio\/wp-json\/wp\/v2\/comments?post=786"}],"version-history":[{"count":1,"href":"https:\/\/explora.cl\/biobio\/wp-json\/wp\/v2\/posts\/786\/revisions"}],"predecessor-version":[{"id":37875,"href":"https:\/\/explora.cl\/biobio\/wp-json\/wp\/v2\/posts\/786\/revisions\/37875"}],"wp:featuredmedia":[{"embeddable":true,"href":"https:\/\/explora.cl\/biobio\/wp-json\/wp\/v2\/media\/787"}],"wp:attachment":[{"href":"https:\/\/explora.cl\/biobio\/wp-json\/wp\/v2\/media?parent=786"}],"wp:term":[{"taxonomy":"category","embeddable":true,"href":"https:\/\/explora.cl\/biobio\/wp-json\/wp\/v2\/categories?post=786"},{"taxonomy":"post_tag","embeddable":true,"href":"https:\/\/explora.cl\/biobio\/wp-json\/wp\/v2\/tags?post=786"}],"curies":[{"name":"wp","href":"https:\/\/api.w.org\/{rel}","templated":true}]}}