{"id":784,"date":"2015-08-06T00:00:00","date_gmt":"2015-08-06T04:00:00","guid":{"rendered":"https:\/\/explora.cl\/biobio\/blog\/2015\/08\/06\/la-red-multi-institucional-del-par-explora-biobio-se-prepara-para-la-semana-de-la-ciencia\/"},"modified":"2019-05-20T18:32:51","modified_gmt":"2019-05-20T18:32:51","slug":"la-red-multi-institucional-del-par-explora-biobio-se-prepara-para-la-semana-de-la-ciencia","status":"publish","type":"post","link":"https:\/\/explora.cl\/biobio\/la-red-multi-institucional-del-par-explora-biobio-se-prepara-para-la-semana-de-la-ciencia\/","title":{"rendered":"La Red Multi Institucional del PAR EXPLORA Biob\u00edo se prepara para la &quot;Semana de la Ciencia&quot;"},"content":{"rendered":"<p><img fetchpriority=\"high\" decoding=\"async\" class=\" size-full wp-image-13603\" src=\"http:\/\/ec2-34-218-253-251.us-west-2.compute.amazonaws.com\/wp-content\/uploads\/2015\/08\/4a2b8f475666a4e3bf9073fdc8c04f0d.jpg\" alt=\"\" width=\"1190\" height=\"909\" \/><\/p>\n<p><p style=\"margin-top: 0px;font-family: freight-sans-pro;font-size: 16px;letter-spacing: 0.300000011920929px;line-height: 25.6000003814697px;text-align: justify\">Como es tradici\u00f3n, el primer mi\u00e9rcoles de cada mes la Red Multi Institucional del PAR EXPLORA Biob\u00edo se reuni\u00f3 para dar a conocer las actividades realizadas durante el mes de julio y coordinar las acciones a efectuar durante la &#8220;XXI Semana de la Ciencia y la Tecnolog\u00eda&#8221; de EXPLORA, CONICyT.<\/p>\n<p style=\"font-family: freight-sans-pro;font-size: 16px;letter-spacing: 0.300000011920929px;line-height: 25.6000003814697px;text-align: justify\">La jornada se inici\u00f3 con el saludo de Juan Carlos Gacit\u00faa, Director del PAE EXPLORA Biob\u00edo y CICAT, \u201cComo PAR Explora Biob\u00edo, estamos planificando las actividades que realizaremos&nbsp; durante la Semana de la Ciencia y la Tecnolog\u00eda. El apoyo de las instituciones que nos acompa\u00f1an en la Red Multi nos permite plantear nuevos desaf\u00edos, los que ser\u00e1n reflejados en las diversas acciones que desarrollaremos en el mes de las ciencias\u201d, coment\u00f3.<\/p>\n<p style=\"font-family: freight-sans-pro;font-size: 16px;letter-spacing: 0.300000011920929px;line-height: 25.6000003814697px;text-align: justify\">La instancia permiti\u00f3 coordinar algunas de las actividades a realizar entre el 4 y 11 de octubre, entre ellas El D\u00eda de las Ciencia&nbsp;en Familia,&nbsp;cicletas luminosas, plazas iluminadas, nuevos talleres, &nbsp;entre otras. Adem\u00e1s, de contar con el apoyo de las diversas instituciones para gestionar y realizar las acciones propuestas.&nbsp;<\/p>\n<p style=\"font-family: freight-sans-pro;font-size: 16px;letter-spacing: 0.300000011920929px;line-height: 25.6000003814697px;text-align: justify\">Tambi\u00e9n, se dio a conocer el lanzamiento \u201cBiob\u00edo, la energ\u00eda de Chile\u201d, convocatoria que ser\u00e1 lanzada en los pr\u00f3ximos d\u00edas, con el fin de&nbsp;capacitar a 150 profesores de la Regi\u00f3n en tem\u00e1ticas energ\u00e9ticas.<\/p>\n<p style=\"font-family: freight-sans-pro;font-size: 16px;letter-spacing: 0.300000011920929px;line-height: 25.6000003814697px;text-align: justify\">Por otra parte, se consolid\u00f3 \u201cVideo asombra\u201d concurso asociativo del PAR EXPLORA Biob\u00edo y el Consejo Nacional de Televisi\u00f3n, CNTV, donde los participantes deber\u00e1n realizar una peque\u00f1a producci\u00f3n audiovisual con sombras, iniciativa que se iniciar\u00e1 en las pr\u00f3ximas semanas.<\/p>\n<p style=\"font-family: freight-sans-pro;font-size: 16px;letter-spacing: 0.300000011920929px;line-height: 25.6000003814697px;text-align: justify\">La jornada finaliz\u00f3 con la intervenci\u00f3n de los monitores del Centro Interactivo de Ciencias, Artes y Tecnolog\u00eda, CiCAT, quienes presentaron tres talleres que tienen como tema central la &#8220;Luz&#8221;.&nbsp;<\/p><\/p>\n","protected":false},"excerpt":{"rendered":"<p>Como es tradici\u00f3n, el primer mi\u00e9rcoles de cada mes la Red Multi Institucional del PAR EXPLORA Biob\u00edo se reuni\u00f3 para dar a conocer las actividades realizadas durante el mes de julio y coordinar las acciones a efectuar durante la &#8220;XXI Semana de la Ciencia y la Tecnolog\u00eda&#8221; de EXPLORA, CONICyT. La jornada se inici\u00f3 con [&hellip;]<\/p>\n","protected":false},"author":2,"featured_media":785,"comment_status":"open","ping_status":"open","sticky":false,"template":"","format":"standard","meta":{"_acf_changed":false,"_exactmetrics_skip_tracking":false,"_exactmetrics_sitenote_active":false,"_exactmetrics_sitenote_note":"","_exactmetrics_sitenote_category":0,"footnotes":"","_links_to":"","_links_to_target":""},"categories":[4],"tags":[163,157,106,176],"class_list":["post-784","post","type-post","status-publish","format-standard","has-post-thumbnail","hentry","category-noticias","tag-cicat","tag-explora-biobio","tag-semana-de-la-ciencia","tag-taller"],"acf":[],"yoast_head":"<!-- This site is optimized with the Yoast SEO plugin v26.9 - https:\/\/yoast.com\/product\/yoast-seo-wordpress\/ -->\n<title>La Red Multi Institucional del PAR EXPLORA Biob\u00edo se prepara para la &quot;Semana de la Ciencia&quot; - Biob\u00edo<\/title>\n<meta name=\"robots\" content=\"index, follow, max-snippet:-1, max-image-preview:large, max-video-preview:-1\" \/>\n<link rel=\"canonical\" href=\"https:\/\/explora.cl\/biobio\/la-red-multi-institucional-del-par-explora-biobio-se-prepara-para-la-semana-de-la-ciencia\/\" class=\"yoast-seo-meta-tag\" \/>\n<meta property=\"og:locale\" content=\"es_ES\" class=\"yoast-seo-meta-tag\" \/>\n<meta property=\"og:type\" content=\"article\" class=\"yoast-seo-meta-tag\" \/>\n<meta property=\"og:title\" content=\"La Red Multi Institucional del PAR EXPLORA Biob\u00edo se prepara para la &quot;Semana de la Ciencia&quot; - Biob\u00edo\" class=\"yoast-seo-meta-tag\" \/>\n<meta property=\"og:description\" content=\"Como es tradici\u00f3n, el primer mi\u00e9rcoles de cada mes la Red Multi Institucional del PAR EXPLORA Biob\u00edo se reuni\u00f3 para dar a conocer las actividades realizadas durante el mes de julio y coordinar las acciones a efectuar durante la &#8220;XXI Semana de la Ciencia y la Tecnolog\u00eda&#8221; de EXPLORA, CONICyT. La jornada se inici\u00f3 con [&hellip;]\" class=\"yoast-seo-meta-tag\" \/>\n<meta property=\"og:url\" content=\"https:\/\/explora.cl\/biobio\/la-red-multi-institucional-del-par-explora-biobio-se-prepara-para-la-semana-de-la-ciencia\/\" class=\"yoast-seo-meta-tag\" \/>\n<meta property=\"og:site_name\" content=\"Biob\u00edo\" class=\"yoast-seo-meta-tag\" \/>\n<meta property=\"article:published_time\" content=\"2015-08-06T04:00:00+00:00\" class=\"yoast-seo-meta-tag\" \/>\n<meta property=\"article:modified_time\" content=\"2019-05-20T18:32:51+00:00\" class=\"yoast-seo-meta-tag\" \/>\n<meta property=\"og:image\" content=\"https:\/\/explora.cl\/biobio\/wp-content\/uploads\/sites\/14\/2018\/06\/4a2b8f475666a4e3bf9073fdc8c04f0d.jpg\" class=\"yoast-seo-meta-tag\" \/>\n\t<meta property=\"og:image:width\" content=\"1190\" class=\"yoast-seo-meta-tag\" \/>\n\t<meta property=\"og:image:height\" content=\"909\" class=\"yoast-seo-meta-tag\" \/>\n\t<meta property=\"og:image:type\" content=\"image\/jpeg\" class=\"yoast-seo-meta-tag\" \/>\n<meta name=\"author\" content=\"webman\" class=\"yoast-seo-meta-tag\" \/>\n<meta name=\"twitter:card\" content=\"summary_large_image\" class=\"yoast-seo-meta-tag\" \/>\n<meta name=\"twitter:label1\" content=\"Escrito por\" class=\"yoast-seo-meta-tag\" \/>\n\t<meta name=\"twitter:data1\" content=\"webman\" class=\"yoast-seo-meta-tag\" \/>\n\t<meta name=\"twitter:label2\" content=\"Tiempo estimado de lectura\" class=\"yoast-seo-meta-tag\" \/>\n\t<meta name=\"twitter:data2\" content=\"2 minutos\" class=\"yoast-seo-meta-tag\" \/>\n<script type=\"application\/ld+json\" class=\"yoast-schema-graph\">{\"@context\":\"https:\/\/schema.org\",\"@graph\":[{\"@type\":\"Article\",\"@id\":\"https:\/\/explora.cl\/biobio\/la-red-multi-institucional-del-par-explora-biobio-se-prepara-para-la-semana-de-la-ciencia\/#article\",\"isPartOf\":{\"@id\":\"https:\/\/explora.cl\/biobio\/la-red-multi-institucional-del-par-explora-biobio-se-prepara-para-la-semana-de-la-ciencia\/\"},\"author\":{\"name\":\"webman\",\"@id\":\"https:\/\/explora.cl\/biobio\/#\/schema\/person\/cb8349c13ea2d324080adf8480d7ba5d\"},\"headline\":\"La Red Multi Institucional del PAR EXPLORA Biob\u00edo se prepara para la &quot;Semana de la Ciencia&quot;\",\"datePublished\":\"2015-08-06T04:00:00+00:00\",\"dateModified\":\"2019-05-20T18:32:51+00:00\",\"mainEntityOfPage\":{\"@id\":\"https:\/\/explora.cl\/biobio\/la-red-multi-institucional-del-par-explora-biobio-se-prepara-para-la-semana-de-la-ciencia\/\"},\"wordCount\":326,\"commentCount\":0,\"image\":{\"@id\":\"https:\/\/explora.cl\/biobio\/la-red-multi-institucional-del-par-explora-biobio-se-prepara-para-la-semana-de-la-ciencia\/#primaryimage\"},\"thumbnailUrl\":\"https:\/\/explora.cl\/biobio\/wp-content\/uploads\/sites\/14\/2018\/06\/4a2b8f475666a4e3bf9073fdc8c04f0d.jpg\",\"keywords\":[\"CiCAT\",\"EXPLORA Biob\u00edo\",\"semana de la ciencia\",\"taller\"],\"articleSection\":[\"Noticias\"],\"inLanguage\":\"es-CL\",\"potentialAction\":[{\"@type\":\"CommentAction\",\"name\":\"Comment\",\"target\":[\"https:\/\/explora.cl\/biobio\/la-red-multi-institucional-del-par-explora-biobio-se-prepara-para-la-semana-de-la-ciencia\/#respond\"]}]},{\"@type\":\"WebPage\",\"@id\":\"https:\/\/explora.cl\/biobio\/la-red-multi-institucional-del-par-explora-biobio-se-prepara-para-la-semana-de-la-ciencia\/\",\"url\":\"https:\/\/explora.cl\/biobio\/la-red-multi-institucional-del-par-explora-biobio-se-prepara-para-la-semana-de-la-ciencia\/\",\"name\":\"La Red Multi Institucional del PAR EXPLORA Biob\u00edo se prepara para la &quot;Semana de la Ciencia&quot; - Biob\u00edo\",\"isPartOf\":{\"@id\":\"https:\/\/explora.cl\/biobio\/#website\"},\"primaryImageOfPage\":{\"@id\":\"https:\/\/explora.cl\/biobio\/la-red-multi-institucional-del-par-explora-biobio-se-prepara-para-la-semana-de-la-ciencia\/#primaryimage\"},\"image\":{\"@id\":\"https:\/\/explora.cl\/biobio\/la-red-multi-institucional-del-par-explora-biobio-se-prepara-para-la-semana-de-la-ciencia\/#primaryimage\"},\"thumbnailUrl\":\"https:\/\/explora.cl\/biobio\/wp-content\/uploads\/sites\/14\/2018\/06\/4a2b8f475666a4e3bf9073fdc8c04f0d.jpg\",\"datePublished\":\"2015-08-06T04:00:00+00:00\",\"dateModified\":\"2019-05-20T18:32:51+00:00\",\"author\":{\"@id\":\"https:\/\/explora.cl\/biobio\/#\/schema\/person\/cb8349c13ea2d324080adf8480d7ba5d\"},\"breadcrumb\":{\"@id\":\"https:\/\/explora.cl\/biobio\/la-red-multi-institucional-del-par-explora-biobio-se-prepara-para-la-semana-de-la-ciencia\/#breadcrumb\"},\"inLanguage\":\"es-CL\",\"potentialAction\":[{\"@type\":\"ReadAction\",\"target\":[\"https:\/\/explora.cl\/biobio\/la-red-multi-institucional-del-par-explora-biobio-se-prepara-para-la-semana-de-la-ciencia\/\"]}]},{\"@type\":\"ImageObject\",\"inLanguage\":\"es-CL\",\"@id\":\"https:\/\/explora.cl\/biobio\/la-red-multi-institucional-del-par-explora-biobio-se-prepara-para-la-semana-de-la-ciencia\/#primaryimage\",\"url\":\"https:\/\/explora.cl\/biobio\/wp-content\/uploads\/sites\/14\/2018\/06\/4a2b8f475666a4e3bf9073fdc8c04f0d.jpg\",\"contentUrl\":\"https:\/\/explora.cl\/biobio\/wp-content\/uploads\/sites\/14\/2018\/06\/4a2b8f475666a4e3bf9073fdc8c04f0d.jpg\",\"width\":1190,\"height\":909},{\"@type\":\"BreadcrumbList\",\"@id\":\"https:\/\/explora.cl\/biobio\/la-red-multi-institucional-del-par-explora-biobio-se-prepara-para-la-semana-de-la-ciencia\/#breadcrumb\",\"itemListElement\":[{\"@type\":\"ListItem\",\"position\":1,\"name\":\"Portada\",\"item\":\"https:\/\/explora.cl\/biobio\/\"},{\"@type\":\"ListItem\",\"position\":2,\"name\":\"La Red Multi Institucional del PAR EXPLORA Biob\u00edo se prepara para la &quot;Semana de la Ciencia&quot;\"}]},{\"@type\":\"WebSite\",\"@id\":\"https:\/\/explora.cl\/biobio\/#website\",\"url\":\"https:\/\/explora.cl\/biobio\/\",\"name\":\"Biob\u00edo\",\"description\":\"Otro sitio m\u00e1s de explora.cl\",\"potentialAction\":[{\"@type\":\"SearchAction\",\"target\":{\"@type\":\"EntryPoint\",\"urlTemplate\":\"https:\/\/explora.cl\/biobio\/?s={search_term_string}\"},\"query-input\":{\"@type\":\"PropertyValueSpecification\",\"valueRequired\":true,\"valueName\":\"search_term_string\"}}],\"inLanguage\":\"es-CL\"},{\"@type\":\"Person\",\"@id\":\"https:\/\/explora.cl\/biobio\/#\/schema\/person\/cb8349c13ea2d324080adf8480d7ba5d\",\"name\":\"webman\",\"image\":{\"@type\":\"ImageObject\",\"inLanguage\":\"es-CL\",\"@id\":\"https:\/\/explora.cl\/biobio\/#\/schema\/person\/image\/\",\"url\":\"https:\/\/secure.gravatar.com\/avatar\/eeff3c82f2c02f7177d13663b7e6f890e9a6a0647ce9bb29cae02dcb094c7312?s=96&d=mm&r=g\",\"contentUrl\":\"https:\/\/secure.gravatar.com\/avatar\/eeff3c82f2c02f7177d13663b7e6f890e9a6a0647ce9bb29cae02dcb094c7312?s=96&d=mm&r=g\",\"caption\":\"webman\"},\"url\":\"https:\/\/explora.cl\/biobio\/author\/webman\/\"}]}<\/script>\n<!-- \/ Yoast SEO plugin. -->","yoast_head_json":{"title":"La Red Multi Institucional del PAR EXPLORA Biob\u00edo se prepara para la &quot;Semana de la Ciencia&quot; - Biob\u00edo","robots":{"index":"index","follow":"follow","max-snippet":"max-snippet:-1","max-image-preview":"max-image-preview:large","max-video-preview":"max-video-preview:-1"},"canonical":"https:\/\/explora.cl\/biobio\/la-red-multi-institucional-del-par-explora-biobio-se-prepara-para-la-semana-de-la-ciencia\/","og_locale":"es_ES","og_type":"article","og_title":"La Red Multi Institucional del PAR EXPLORA Biob\u00edo se prepara para la &quot;Semana de la Ciencia&quot; - Biob\u00edo","og_description":"Como es tradici\u00f3n, el primer mi\u00e9rcoles de cada mes la Red Multi Institucional del PAR EXPLORA Biob\u00edo se reuni\u00f3 para dar a conocer las actividades realizadas durante el mes de julio y coordinar las acciones a efectuar durante la &#8220;XXI Semana de la Ciencia y la Tecnolog\u00eda&#8221; de EXPLORA, CONICyT. La jornada se inici\u00f3 con [&hellip;]","og_url":"https:\/\/explora.cl\/biobio\/la-red-multi-institucional-del-par-explora-biobio-se-prepara-para-la-semana-de-la-ciencia\/","og_site_name":"Biob\u00edo","article_published_time":"2015-08-06T04:00:00+00:00","article_modified_time":"2019-05-20T18:32:51+00:00","og_image":[{"width":1190,"height":909,"url":"https:\/\/explora.cl\/biobio\/wp-content\/uploads\/sites\/14\/2018\/06\/4a2b8f475666a4e3bf9073fdc8c04f0d.jpg","type":"image\/jpeg"}],"author":"webman","twitter_card":"summary_large_image","twitter_misc":{"Escrito por":"webman","Tiempo estimado de lectura":"2 minutos"},"schema":{"@context":"https:\/\/schema.org","@graph":[{"@type":"Article","@id":"https:\/\/explora.cl\/biobio\/la-red-multi-institucional-del-par-explora-biobio-se-prepara-para-la-semana-de-la-ciencia\/#article","isPartOf":{"@id":"https:\/\/explora.cl\/biobio\/la-red-multi-institucional-del-par-explora-biobio-se-prepara-para-la-semana-de-la-ciencia\/"},"author":{"name":"webman","@id":"https:\/\/explora.cl\/biobio\/#\/schema\/person\/cb8349c13ea2d324080adf8480d7ba5d"},"headline":"La Red Multi Institucional del PAR EXPLORA Biob\u00edo se prepara para la &quot;Semana de la Ciencia&quot;","datePublished":"2015-08-06T04:00:00+00:00","dateModified":"2019-05-20T18:32:51+00:00","mainEntityOfPage":{"@id":"https:\/\/explora.cl\/biobio\/la-red-multi-institucional-del-par-explora-biobio-se-prepara-para-la-semana-de-la-ciencia\/"},"wordCount":326,"commentCount":0,"image":{"@id":"https:\/\/explora.cl\/biobio\/la-red-multi-institucional-del-par-explora-biobio-se-prepara-para-la-semana-de-la-ciencia\/#primaryimage"},"thumbnailUrl":"https:\/\/explora.cl\/biobio\/wp-content\/uploads\/sites\/14\/2018\/06\/4a2b8f475666a4e3bf9073fdc8c04f0d.jpg","keywords":["CiCAT","EXPLORA Biob\u00edo","semana de la ciencia","taller"],"articleSection":["Noticias"],"inLanguage":"es-CL","potentialAction":[{"@type":"CommentAction","name":"Comment","target":["https:\/\/explora.cl\/biobio\/la-red-multi-institucional-del-par-explora-biobio-se-prepara-para-la-semana-de-la-ciencia\/#respond"]}]},{"@type":"WebPage","@id":"https:\/\/explora.cl\/biobio\/la-red-multi-institucional-del-par-explora-biobio-se-prepara-para-la-semana-de-la-ciencia\/","url":"https:\/\/explora.cl\/biobio\/la-red-multi-institucional-del-par-explora-biobio-se-prepara-para-la-semana-de-la-ciencia\/","name":"La Red Multi Institucional del PAR EXPLORA Biob\u00edo se prepara para la &quot;Semana de la Ciencia&quot; - Biob\u00edo","isPartOf":{"@id":"https:\/\/explora.cl\/biobio\/#website"},"primaryImageOfPage":{"@id":"https:\/\/explora.cl\/biobio\/la-red-multi-institucional-del-par-explora-biobio-se-prepara-para-la-semana-de-la-ciencia\/#primaryimage"},"image":{"@id":"https:\/\/explora.cl\/biobio\/la-red-multi-institucional-del-par-explora-biobio-se-prepara-para-la-semana-de-la-ciencia\/#primaryimage"},"thumbnailUrl":"https:\/\/explora.cl\/biobio\/wp-content\/uploads\/sites\/14\/2018\/06\/4a2b8f475666a4e3bf9073fdc8c04f0d.jpg","datePublished":"2015-08-06T04:00:00+00:00","dateModified":"2019-05-20T18:32:51+00:00","author":{"@id":"https:\/\/explora.cl\/biobio\/#\/schema\/person\/cb8349c13ea2d324080adf8480d7ba5d"},"breadcrumb":{"@id":"https:\/\/explora.cl\/biobio\/la-red-multi-institucional-del-par-explora-biobio-se-prepara-para-la-semana-de-la-ciencia\/#breadcrumb"},"inLanguage":"es-CL","potentialAction":[{"@type":"ReadAction","target":["https:\/\/explora.cl\/biobio\/la-red-multi-institucional-del-par-explora-biobio-se-prepara-para-la-semana-de-la-ciencia\/"]}]},{"@type":"ImageObject","inLanguage":"es-CL","@id":"https:\/\/explora.cl\/biobio\/la-red-multi-institucional-del-par-explora-biobio-se-prepara-para-la-semana-de-la-ciencia\/#primaryimage","url":"https:\/\/explora.cl\/biobio\/wp-content\/uploads\/sites\/14\/2018\/06\/4a2b8f475666a4e3bf9073fdc8c04f0d.jpg","contentUrl":"https:\/\/explora.cl\/biobio\/wp-content\/uploads\/sites\/14\/2018\/06\/4a2b8f475666a4e3bf9073fdc8c04f0d.jpg","width":1190,"height":909},{"@type":"BreadcrumbList","@id":"https:\/\/explora.cl\/biobio\/la-red-multi-institucional-del-par-explora-biobio-se-prepara-para-la-semana-de-la-ciencia\/#breadcrumb","itemListElement":[{"@type":"ListItem","position":1,"name":"Portada","item":"https:\/\/explora.cl\/biobio\/"},{"@type":"ListItem","position":2,"name":"La Red Multi Institucional del PAR EXPLORA Biob\u00edo se prepara para la &quot;Semana de la Ciencia&quot;"}]},{"@type":"WebSite","@id":"https:\/\/explora.cl\/biobio\/#website","url":"https:\/\/explora.cl\/biobio\/","name":"Biob\u00edo","description":"Otro sitio m\u00e1s de explora.cl","potentialAction":[{"@type":"SearchAction","target":{"@type":"EntryPoint","urlTemplate":"https:\/\/explora.cl\/biobio\/?s={search_term_string}"},"query-input":{"@type":"PropertyValueSpecification","valueRequired":true,"valueName":"search_term_string"}}],"inLanguage":"es-CL"},{"@type":"Person","@id":"https:\/\/explora.cl\/biobio\/#\/schema\/person\/cb8349c13ea2d324080adf8480d7ba5d","name":"webman","image":{"@type":"ImageObject","inLanguage":"es-CL","@id":"https:\/\/explora.cl\/biobio\/#\/schema\/person\/image\/","url":"https:\/\/secure.gravatar.com\/avatar\/eeff3c82f2c02f7177d13663b7e6f890e9a6a0647ce9bb29cae02dcb094c7312?s=96&d=mm&r=g","contentUrl":"https:\/\/secure.gravatar.com\/avatar\/eeff3c82f2c02f7177d13663b7e6f890e9a6a0647ce9bb29cae02dcb094c7312?s=96&d=mm&r=g","caption":"webman"},"url":"https:\/\/explora.cl\/biobio\/author\/webman\/"}]}},"_links":{"self":[{"href":"https:\/\/explora.cl\/biobio\/wp-json\/wp\/v2\/posts\/784","targetHints":{"allow":["GET"]}}],"collection":[{"href":"https:\/\/explora.cl\/biobio\/wp-json\/wp\/v2\/posts"}],"about":[{"href":"https:\/\/explora.cl\/biobio\/wp-json\/wp\/v2\/types\/post"}],"author":[{"embeddable":true,"href":"https:\/\/explora.cl\/biobio\/wp-json\/wp\/v2\/users\/2"}],"replies":[{"embeddable":true,"href":"https:\/\/explora.cl\/biobio\/wp-json\/wp\/v2\/comments?post=784"}],"version-history":[{"count":1,"href":"https:\/\/explora.cl\/biobio\/wp-json\/wp\/v2\/posts\/784\/revisions"}],"predecessor-version":[{"id":37876,"href":"https:\/\/explora.cl\/biobio\/wp-json\/wp\/v2\/posts\/784\/revisions\/37876"}],"wp:featuredmedia":[{"embeddable":true,"href":"https:\/\/explora.cl\/biobio\/wp-json\/wp\/v2\/media\/785"}],"wp:attachment":[{"href":"https:\/\/explora.cl\/biobio\/wp-json\/wp\/v2\/media?parent=784"}],"wp:term":[{"taxonomy":"category","embeddable":true,"href":"https:\/\/explora.cl\/biobio\/wp-json\/wp\/v2\/categories?post=784"},{"taxonomy":"post_tag","embeddable":true,"href":"https:\/\/explora.cl\/biobio\/wp-json\/wp\/v2\/tags?post=784"}],"curies":[{"name":"wp","href":"https:\/\/api.w.org\/{rel}","templated":true}]}}