{"id":780,"date":"2015-08-03T00:00:00","date_gmt":"2015-08-03T04:00:00","guid":{"rendered":"https:\/\/explora.cl\/biobio\/blog\/2015\/08\/03\/los-periodistas-cientificos-escolares-reportean-en-cicat\/"},"modified":"2019-05-20T18:32:52","modified_gmt":"2019-05-20T18:32:52","slug":"los-periodistas-cientificos-escolares-reportean-en-cicat","status":"publish","type":"post","link":"https:\/\/explora.cl\/biobio\/los-periodistas-cientificos-escolares-reportean-en-cicat\/","title":{"rendered":"Los Periodistas Cient\u00edficos Escolares reportean en CiCAT"},"content":{"rendered":"<p><img fetchpriority=\"high\" decoding=\"async\" class=\" size-full wp-image-13453\" src=\"http:\/\/ec2-34-218-253-251.us-west-2.compute.amazonaws.com\/wp-content\/uploads\/2015\/08\/6570ce6109f3145f14c559c5d6f9fc48.jpg\" alt=\"\" width=\"4272\" height=\"2848\" \/><\/p>\n<p style=\"text-align: justify\">&nbsp;<\/p>\n<p id=\"yui_3_17_2_3_1438611509181_4732\" style=\"margin-top: 0px;font-family: freight-sans-pro;font-size: 16px;letter-spacing: 0.300000011920929px;line-height: 25.6000003814697px;text-align: justify\">M\u00e1s de 40 estudiantes de la Regi\u00f3n asistieron a la jornada de \u201cPeriodistas Cient\u00edficos Escolar\u201d organizada por el PAR EXPLORA Biob\u00edo con la colaboraci\u00f3n de la Universidad Cat\u00f3lica de la Sant\u00edsima Concepci\u00f3n (UCSC) en las dependencias del Centro Interactivo de Ciencias, Artes y Tecnolog\u00eda (CiCAT). La instancia reuni\u00f3 a ocho equipos, quienes tuvieron que reportear un hecho, realizar entrevistas y escribir cr\u00f3nicas para presentar por equipo un diario mural.&nbsp;<\/p>\n<p id=\"yui_3_17_2_3_1438611509181_3752\" style=\"font-family: freight-sans-pro;font-size: 16px;letter-spacing: 0.300000011920929px;line-height: 25.6000003814697px;text-align: justify\">La jornada comenz\u00f3 con una charla de Javier Mart\u00ednez, acad\u00e9mico de la Facultad de Periodismo de la Universidad Cat\u00f3lica de la Sant\u00edsima Concepci\u00f3n, referida a qu\u00e9 es una noticia, c\u00f3mo se redacta una nota de prensa y c\u00f3mo realizar una entrevista.<\/p>\n<p id=\"yui_3_17_2_3_1438611509181_4726\" style=\"font-family: freight-sans-pro;font-size: 16px;letter-spacing: 0.300000011920929px;line-height: 25.6000003814697px;text-align: justify\">Luego, los grupos de peque\u00f1os reporteros tuvieron que salir a terreno a entrevistar personas, redactar sus notas, para as\u00ed diagramar sus diarios murales.<\/p>\n<p id=\"yui_3_17_2_3_1438611509181_4727\" style=\"font-family: freight-sans-pro;font-size: 16px;letter-spacing: 0.300000011920929px;line-height: 25.6000003814697px;text-align: justify\">El pr\u00f3ximo taller de Periodistas Cient\u00edficos Escolares, PCE se realizar\u00e1 a fines de agosto, con el objeto de que los periodistas cuenten con todas las herramientas necesarias para cubrir la Semana de la Ciencia y la Tecnolog\u00eda, que se celebrar\u00e1 todos los a\u00f1os en octubre.<\/p>\n<p id=\"yui_3_17_2_3_1438611509181_4695\" style=\"margin-bottom: 0px;font-family: freight-sans-pro;font-size: 16px;letter-spacing: 0.300000011920929px;line-height: 25.6000003814697px;text-align: justify\">Revisa el video de los <a href=\"https:\/\/youtu.be\/J4M-lcRKrBQ\" target=\"_blank\" rel=\"noopener noreferrer\">Periodistas Cient\u00edficos Escolares 2015<\/a><\/p>\n<p>&nbsp;<\/p>\n","protected":false},"excerpt":{"rendered":"<p>&nbsp; M\u00e1s de 40 estudiantes de la Regi\u00f3n asistieron a la jornada de \u201cPeriodistas Cient\u00edficos Escolar\u201d organizada por el PAR EXPLORA Biob\u00edo con la colaboraci\u00f3n de la Universidad Cat\u00f3lica de la Sant\u00edsima Concepci\u00f3n (UCSC) en las dependencias del Centro Interactivo de Ciencias, Artes y Tecnolog\u00eda (CiCAT). La instancia reuni\u00f3 a ocho equipos, quienes tuvieron que [&hellip;]<\/p>\n","protected":false},"author":2,"featured_media":781,"comment_status":"open","ping_status":"open","sticky":false,"template":"","format":"standard","meta":{"_acf_changed":false,"_exactmetrics_skip_tracking":false,"_exactmetrics_sitenote_active":false,"_exactmetrics_sitenote_note":"","_exactmetrics_sitenote_category":0,"footnotes":"","_links_to":"","_links_to_target":""},"categories":[4],"tags":[163,170,162,157,171],"class_list":["post-780","post","type-post","status-publish","format-standard","has-post-thumbnail","hentry","category-noticias","tag-cicat","tag-entrevista","tag-escolares","tag-explora-biobio","tag-pce-periodistas-cientificos-escolares"],"acf":[],"yoast_head":"<!-- This site is optimized with the Yoast SEO plugin v26.9 - https:\/\/yoast.com\/product\/yoast-seo-wordpress\/ -->\n<title>Los Periodistas Cient\u00edficos Escolares reportean en CiCAT - Biob\u00edo<\/title>\n<meta name=\"robots\" content=\"index, follow, max-snippet:-1, max-image-preview:large, max-video-preview:-1\" \/>\n<link rel=\"canonical\" href=\"https:\/\/explora.cl\/biobio\/los-periodistas-cientificos-escolares-reportean-en-cicat\/\" class=\"yoast-seo-meta-tag\" \/>\n<meta property=\"og:locale\" content=\"es_ES\" class=\"yoast-seo-meta-tag\" \/>\n<meta property=\"og:type\" content=\"article\" class=\"yoast-seo-meta-tag\" \/>\n<meta property=\"og:title\" content=\"Los Periodistas Cient\u00edficos Escolares reportean en CiCAT - Biob\u00edo\" class=\"yoast-seo-meta-tag\" \/>\n<meta property=\"og:description\" content=\"&nbsp; M\u00e1s de 40 estudiantes de la Regi\u00f3n asistieron a la jornada de \u201cPeriodistas Cient\u00edficos Escolar\u201d organizada por el PAR EXPLORA Biob\u00edo con la colaboraci\u00f3n de la Universidad Cat\u00f3lica de la Sant\u00edsima Concepci\u00f3n (UCSC) en las dependencias del Centro Interactivo de Ciencias, Artes y Tecnolog\u00eda (CiCAT). La instancia reuni\u00f3 a ocho equipos, quienes tuvieron que [&hellip;]\" class=\"yoast-seo-meta-tag\" \/>\n<meta property=\"og:url\" content=\"https:\/\/explora.cl\/biobio\/los-periodistas-cientificos-escolares-reportean-en-cicat\/\" class=\"yoast-seo-meta-tag\" \/>\n<meta property=\"og:site_name\" content=\"Biob\u00edo\" class=\"yoast-seo-meta-tag\" \/>\n<meta property=\"article:published_time\" content=\"2015-08-03T04:00:00+00:00\" class=\"yoast-seo-meta-tag\" \/>\n<meta property=\"article:modified_time\" content=\"2019-05-20T18:32:52+00:00\" class=\"yoast-seo-meta-tag\" \/>\n<meta property=\"og:image\" content=\"https:\/\/explora.cl\/biobio\/wp-content\/uploads\/sites\/14\/2018\/06\/6570ce6109f3145f14c559c5d6f9fc48-1024x683.jpg\" class=\"yoast-seo-meta-tag\" \/>\n\t<meta property=\"og:image:width\" content=\"1024\" class=\"yoast-seo-meta-tag\" \/>\n\t<meta property=\"og:image:height\" content=\"683\" class=\"yoast-seo-meta-tag\" \/>\n\t<meta property=\"og:image:type\" content=\"image\/jpeg\" class=\"yoast-seo-meta-tag\" \/>\n<meta name=\"author\" content=\"webman\" class=\"yoast-seo-meta-tag\" \/>\n<meta name=\"twitter:card\" content=\"summary_large_image\" class=\"yoast-seo-meta-tag\" \/>\n<meta name=\"twitter:label1\" content=\"Escrito por\" class=\"yoast-seo-meta-tag\" \/>\n\t<meta name=\"twitter:data1\" content=\"webman\" class=\"yoast-seo-meta-tag\" \/>\n\t<meta name=\"twitter:label2\" content=\"Tiempo estimado de lectura\" class=\"yoast-seo-meta-tag\" \/>\n\t<meta name=\"twitter:data2\" content=\"1 minuto\" class=\"yoast-seo-meta-tag\" \/>\n<script type=\"application\/ld+json\" class=\"yoast-schema-graph\">{\"@context\":\"https:\/\/schema.org\",\"@graph\":[{\"@type\":\"Article\",\"@id\":\"https:\/\/explora.cl\/biobio\/los-periodistas-cientificos-escolares-reportean-en-cicat\/#article\",\"isPartOf\":{\"@id\":\"https:\/\/explora.cl\/biobio\/los-periodistas-cientificos-escolares-reportean-en-cicat\/\"},\"author\":{\"name\":\"webman\",\"@id\":\"https:\/\/explora.cl\/biobio\/#\/schema\/person\/cb8349c13ea2d324080adf8480d7ba5d\"},\"headline\":\"Los Periodistas Cient\u00edficos Escolares reportean en CiCAT\",\"datePublished\":\"2015-08-03T04:00:00+00:00\",\"dateModified\":\"2019-05-20T18:32:52+00:00\",\"mainEntityOfPage\":{\"@id\":\"https:\/\/explora.cl\/biobio\/los-periodistas-cientificos-escolares-reportean-en-cicat\/\"},\"wordCount\":219,\"commentCount\":0,\"image\":{\"@id\":\"https:\/\/explora.cl\/biobio\/los-periodistas-cientificos-escolares-reportean-en-cicat\/#primaryimage\"},\"thumbnailUrl\":\"https:\/\/explora.cl\/biobio\/wp-content\/uploads\/sites\/14\/2018\/06\/6570ce6109f3145f14c559c5d6f9fc48.jpg\",\"keywords\":[\"CiCAT\",\"entrevista\",\"escolares\",\"EXPLORA Biob\u00edo\",\"PCE Periodistas Cient\u00edficos Escolares\"],\"articleSection\":[\"Noticias\"],\"inLanguage\":\"es-CL\",\"potentialAction\":[{\"@type\":\"CommentAction\",\"name\":\"Comment\",\"target\":[\"https:\/\/explora.cl\/biobio\/los-periodistas-cientificos-escolares-reportean-en-cicat\/#respond\"]}]},{\"@type\":\"WebPage\",\"@id\":\"https:\/\/explora.cl\/biobio\/los-periodistas-cientificos-escolares-reportean-en-cicat\/\",\"url\":\"https:\/\/explora.cl\/biobio\/los-periodistas-cientificos-escolares-reportean-en-cicat\/\",\"name\":\"Los Periodistas Cient\u00edficos Escolares reportean en CiCAT - Biob\u00edo\",\"isPartOf\":{\"@id\":\"https:\/\/explora.cl\/biobio\/#website\"},\"primaryImageOfPage\":{\"@id\":\"https:\/\/explora.cl\/biobio\/los-periodistas-cientificos-escolares-reportean-en-cicat\/#primaryimage\"},\"image\":{\"@id\":\"https:\/\/explora.cl\/biobio\/los-periodistas-cientificos-escolares-reportean-en-cicat\/#primaryimage\"},\"thumbnailUrl\":\"https:\/\/explora.cl\/biobio\/wp-content\/uploads\/sites\/14\/2018\/06\/6570ce6109f3145f14c559c5d6f9fc48.jpg\",\"datePublished\":\"2015-08-03T04:00:00+00:00\",\"dateModified\":\"2019-05-20T18:32:52+00:00\",\"author\":{\"@id\":\"https:\/\/explora.cl\/biobio\/#\/schema\/person\/cb8349c13ea2d324080adf8480d7ba5d\"},\"breadcrumb\":{\"@id\":\"https:\/\/explora.cl\/biobio\/los-periodistas-cientificos-escolares-reportean-en-cicat\/#breadcrumb\"},\"inLanguage\":\"es-CL\",\"potentialAction\":[{\"@type\":\"ReadAction\",\"target\":[\"https:\/\/explora.cl\/biobio\/los-periodistas-cientificos-escolares-reportean-en-cicat\/\"]}]},{\"@type\":\"ImageObject\",\"inLanguage\":\"es-CL\",\"@id\":\"https:\/\/explora.cl\/biobio\/los-periodistas-cientificos-escolares-reportean-en-cicat\/#primaryimage\",\"url\":\"https:\/\/explora.cl\/biobio\/wp-content\/uploads\/sites\/14\/2018\/06\/6570ce6109f3145f14c559c5d6f9fc48.jpg\",\"contentUrl\":\"https:\/\/explora.cl\/biobio\/wp-content\/uploads\/sites\/14\/2018\/06\/6570ce6109f3145f14c559c5d6f9fc48.jpg\",\"width\":4272,\"height\":2848},{\"@type\":\"BreadcrumbList\",\"@id\":\"https:\/\/explora.cl\/biobio\/los-periodistas-cientificos-escolares-reportean-en-cicat\/#breadcrumb\",\"itemListElement\":[{\"@type\":\"ListItem\",\"position\":1,\"name\":\"Portada\",\"item\":\"https:\/\/explora.cl\/biobio\/\"},{\"@type\":\"ListItem\",\"position\":2,\"name\":\"Los Periodistas Cient\u00edficos Escolares reportean en CiCAT\"}]},{\"@type\":\"WebSite\",\"@id\":\"https:\/\/explora.cl\/biobio\/#website\",\"url\":\"https:\/\/explora.cl\/biobio\/\",\"name\":\"Biob\u00edo\",\"description\":\"Otro sitio m\u00e1s de explora.cl\",\"potentialAction\":[{\"@type\":\"SearchAction\",\"target\":{\"@type\":\"EntryPoint\",\"urlTemplate\":\"https:\/\/explora.cl\/biobio\/?s={search_term_string}\"},\"query-input\":{\"@type\":\"PropertyValueSpecification\",\"valueRequired\":true,\"valueName\":\"search_term_string\"}}],\"inLanguage\":\"es-CL\"},{\"@type\":\"Person\",\"@id\":\"https:\/\/explora.cl\/biobio\/#\/schema\/person\/cb8349c13ea2d324080adf8480d7ba5d\",\"name\":\"webman\",\"image\":{\"@type\":\"ImageObject\",\"inLanguage\":\"es-CL\",\"@id\":\"https:\/\/explora.cl\/biobio\/#\/schema\/person\/image\/\",\"url\":\"https:\/\/secure.gravatar.com\/avatar\/eeff3c82f2c02f7177d13663b7e6f890e9a6a0647ce9bb29cae02dcb094c7312?s=96&d=mm&r=g\",\"contentUrl\":\"https:\/\/secure.gravatar.com\/avatar\/eeff3c82f2c02f7177d13663b7e6f890e9a6a0647ce9bb29cae02dcb094c7312?s=96&d=mm&r=g\",\"caption\":\"webman\"},\"url\":\"https:\/\/explora.cl\/biobio\/author\/webman\/\"}]}<\/script>\n<!-- \/ Yoast SEO plugin. -->","yoast_head_json":{"title":"Los Periodistas Cient\u00edficos Escolares reportean en CiCAT - Biob\u00edo","robots":{"index":"index","follow":"follow","max-snippet":"max-snippet:-1","max-image-preview":"max-image-preview:large","max-video-preview":"max-video-preview:-1"},"canonical":"https:\/\/explora.cl\/biobio\/los-periodistas-cientificos-escolares-reportean-en-cicat\/","og_locale":"es_ES","og_type":"article","og_title":"Los Periodistas Cient\u00edficos Escolares reportean en CiCAT - Biob\u00edo","og_description":"&nbsp; M\u00e1s de 40 estudiantes de la Regi\u00f3n asistieron a la jornada de \u201cPeriodistas Cient\u00edficos Escolar\u201d organizada por el PAR EXPLORA Biob\u00edo con la colaboraci\u00f3n de la Universidad Cat\u00f3lica de la Sant\u00edsima Concepci\u00f3n (UCSC) en las dependencias del Centro Interactivo de Ciencias, Artes y Tecnolog\u00eda (CiCAT). La instancia reuni\u00f3 a ocho equipos, quienes tuvieron que [&hellip;]","og_url":"https:\/\/explora.cl\/biobio\/los-periodistas-cientificos-escolares-reportean-en-cicat\/","og_site_name":"Biob\u00edo","article_published_time":"2015-08-03T04:00:00+00:00","article_modified_time":"2019-05-20T18:32:52+00:00","og_image":[{"width":1024,"height":683,"url":"https:\/\/explora.cl\/biobio\/wp-content\/uploads\/sites\/14\/2018\/06\/6570ce6109f3145f14c559c5d6f9fc48-1024x683.jpg","type":"image\/jpeg"}],"author":"webman","twitter_card":"summary_large_image","twitter_misc":{"Escrito por":"webman","Tiempo estimado de lectura":"1 minuto"},"schema":{"@context":"https:\/\/schema.org","@graph":[{"@type":"Article","@id":"https:\/\/explora.cl\/biobio\/los-periodistas-cientificos-escolares-reportean-en-cicat\/#article","isPartOf":{"@id":"https:\/\/explora.cl\/biobio\/los-periodistas-cientificos-escolares-reportean-en-cicat\/"},"author":{"name":"webman","@id":"https:\/\/explora.cl\/biobio\/#\/schema\/person\/cb8349c13ea2d324080adf8480d7ba5d"},"headline":"Los Periodistas Cient\u00edficos Escolares reportean en CiCAT","datePublished":"2015-08-03T04:00:00+00:00","dateModified":"2019-05-20T18:32:52+00:00","mainEntityOfPage":{"@id":"https:\/\/explora.cl\/biobio\/los-periodistas-cientificos-escolares-reportean-en-cicat\/"},"wordCount":219,"commentCount":0,"image":{"@id":"https:\/\/explora.cl\/biobio\/los-periodistas-cientificos-escolares-reportean-en-cicat\/#primaryimage"},"thumbnailUrl":"https:\/\/explora.cl\/biobio\/wp-content\/uploads\/sites\/14\/2018\/06\/6570ce6109f3145f14c559c5d6f9fc48.jpg","keywords":["CiCAT","entrevista","escolares","EXPLORA Biob\u00edo","PCE Periodistas Cient\u00edficos Escolares"],"articleSection":["Noticias"],"inLanguage":"es-CL","potentialAction":[{"@type":"CommentAction","name":"Comment","target":["https:\/\/explora.cl\/biobio\/los-periodistas-cientificos-escolares-reportean-en-cicat\/#respond"]}]},{"@type":"WebPage","@id":"https:\/\/explora.cl\/biobio\/los-periodistas-cientificos-escolares-reportean-en-cicat\/","url":"https:\/\/explora.cl\/biobio\/los-periodistas-cientificos-escolares-reportean-en-cicat\/","name":"Los Periodistas Cient\u00edficos Escolares reportean en CiCAT - Biob\u00edo","isPartOf":{"@id":"https:\/\/explora.cl\/biobio\/#website"},"primaryImageOfPage":{"@id":"https:\/\/explora.cl\/biobio\/los-periodistas-cientificos-escolares-reportean-en-cicat\/#primaryimage"},"image":{"@id":"https:\/\/explora.cl\/biobio\/los-periodistas-cientificos-escolares-reportean-en-cicat\/#primaryimage"},"thumbnailUrl":"https:\/\/explora.cl\/biobio\/wp-content\/uploads\/sites\/14\/2018\/06\/6570ce6109f3145f14c559c5d6f9fc48.jpg","datePublished":"2015-08-03T04:00:00+00:00","dateModified":"2019-05-20T18:32:52+00:00","author":{"@id":"https:\/\/explora.cl\/biobio\/#\/schema\/person\/cb8349c13ea2d324080adf8480d7ba5d"},"breadcrumb":{"@id":"https:\/\/explora.cl\/biobio\/los-periodistas-cientificos-escolares-reportean-en-cicat\/#breadcrumb"},"inLanguage":"es-CL","potentialAction":[{"@type":"ReadAction","target":["https:\/\/explora.cl\/biobio\/los-periodistas-cientificos-escolares-reportean-en-cicat\/"]}]},{"@type":"ImageObject","inLanguage":"es-CL","@id":"https:\/\/explora.cl\/biobio\/los-periodistas-cientificos-escolares-reportean-en-cicat\/#primaryimage","url":"https:\/\/explora.cl\/biobio\/wp-content\/uploads\/sites\/14\/2018\/06\/6570ce6109f3145f14c559c5d6f9fc48.jpg","contentUrl":"https:\/\/explora.cl\/biobio\/wp-content\/uploads\/sites\/14\/2018\/06\/6570ce6109f3145f14c559c5d6f9fc48.jpg","width":4272,"height":2848},{"@type":"BreadcrumbList","@id":"https:\/\/explora.cl\/biobio\/los-periodistas-cientificos-escolares-reportean-en-cicat\/#breadcrumb","itemListElement":[{"@type":"ListItem","position":1,"name":"Portada","item":"https:\/\/explora.cl\/biobio\/"},{"@type":"ListItem","position":2,"name":"Los Periodistas Cient\u00edficos Escolares reportean en CiCAT"}]},{"@type":"WebSite","@id":"https:\/\/explora.cl\/biobio\/#website","url":"https:\/\/explora.cl\/biobio\/","name":"Biob\u00edo","description":"Otro sitio m\u00e1s de explora.cl","potentialAction":[{"@type":"SearchAction","target":{"@type":"EntryPoint","urlTemplate":"https:\/\/explora.cl\/biobio\/?s={search_term_string}"},"query-input":{"@type":"PropertyValueSpecification","valueRequired":true,"valueName":"search_term_string"}}],"inLanguage":"es-CL"},{"@type":"Person","@id":"https:\/\/explora.cl\/biobio\/#\/schema\/person\/cb8349c13ea2d324080adf8480d7ba5d","name":"webman","image":{"@type":"ImageObject","inLanguage":"es-CL","@id":"https:\/\/explora.cl\/biobio\/#\/schema\/person\/image\/","url":"https:\/\/secure.gravatar.com\/avatar\/eeff3c82f2c02f7177d13663b7e6f890e9a6a0647ce9bb29cae02dcb094c7312?s=96&d=mm&r=g","contentUrl":"https:\/\/secure.gravatar.com\/avatar\/eeff3c82f2c02f7177d13663b7e6f890e9a6a0647ce9bb29cae02dcb094c7312?s=96&d=mm&r=g","caption":"webman"},"url":"https:\/\/explora.cl\/biobio\/author\/webman\/"}]}},"_links":{"self":[{"href":"https:\/\/explora.cl\/biobio\/wp-json\/wp\/v2\/posts\/780","targetHints":{"allow":["GET"]}}],"collection":[{"href":"https:\/\/explora.cl\/biobio\/wp-json\/wp\/v2\/posts"}],"about":[{"href":"https:\/\/explora.cl\/biobio\/wp-json\/wp\/v2\/types\/post"}],"author":[{"embeddable":true,"href":"https:\/\/explora.cl\/biobio\/wp-json\/wp\/v2\/users\/2"}],"replies":[{"embeddable":true,"href":"https:\/\/explora.cl\/biobio\/wp-json\/wp\/v2\/comments?post=780"}],"version-history":[{"count":1,"href":"https:\/\/explora.cl\/biobio\/wp-json\/wp\/v2\/posts\/780\/revisions"}],"predecessor-version":[{"id":37878,"href":"https:\/\/explora.cl\/biobio\/wp-json\/wp\/v2\/posts\/780\/revisions\/37878"}],"wp:featuredmedia":[{"embeddable":true,"href":"https:\/\/explora.cl\/biobio\/wp-json\/wp\/v2\/media\/781"}],"wp:attachment":[{"href":"https:\/\/explora.cl\/biobio\/wp-json\/wp\/v2\/media?parent=780"}],"wp:term":[{"taxonomy":"category","embeddable":true,"href":"https:\/\/explora.cl\/biobio\/wp-json\/wp\/v2\/categories?post=780"},{"taxonomy":"post_tag","embeddable":true,"href":"https:\/\/explora.cl\/biobio\/wp-json\/wp\/v2\/tags?post=780"}],"curies":[{"name":"wp","href":"https:\/\/api.w.org\/{rel}","templated":true}]}}