{"id":776,"date":"2015-08-02T00:00:00","date_gmt":"2015-08-02T04:00:00","guid":{"rendered":"https:\/\/explora.cl\/biobio\/blog\/2015\/08\/02\/tercera-jornada-de-entrega-de-minikits-tcc\/"},"modified":"2019-05-20T18:32:53","modified_gmt":"2019-05-20T18:32:53","slug":"tercera-jornada-de-entrega-de-minikits-tcc","status":"publish","type":"post","link":"https:\/\/explora.cl\/biobio\/tercera-jornada-de-entrega-de-minikits-tcc\/","title":{"rendered":"Tercera jornada de entrega de Minikits TCC"},"content":{"rendered":"<p><img fetchpriority=\"high\" decoding=\"async\" class=\" size-full wp-image-13439\" src=\"http:\/\/ec2-34-218-253-251.us-west-2.compute.amazonaws.com\/wp-content\/uploads\/2015\/08\/8fbc7c17a6c46df81bf426dfa5ecfcb3.jpg\" alt=\"\" width=\"4272\" height=\"2848\" \/><\/p>\n<p><p id=\"yui_3_17_2_1_1438547781299_412\" style=\"margin-top: 0px;font-family: freight-sans-pro;font-size: 16px;letter-spacing: 0.300000011920929px;line-height: 25.6000003814697px;text-align: justify\">En el marco del Proyecto \u201cTus competencias en Ciencias\u201d, TCC del PAR EXPLORA Biob\u00edo, se llev\u00f3 a cabo la jornada de entrega de Mini Kits, que apunta a que los y las profesores\/as que implementaron los talleres TCC entre el 2007 y 2012 puedan contar con materiales para volver a realizar actividades cient\u00edficas con sus estudiantes.<\/p>\n<p style=\"font-family: freight-sans-pro;font-size: 16px;letter-spacing: 0.300000011920929px;line-height: 25.6000003814697px;text-align: justify\">El mini kit contiene una gu\u00eda para desarrollar cuatro unidades de indagaci\u00f3n referidas a Rob\u00f3tica , que apuntan a cursos de segundo ciclo b\u00e1sico, no obstante los materiales son adaptables para utilizarlos en otros niveles.<\/p>\n<p style=\"font-family: freight-sans-pro;font-size: 16px;letter-spacing: 0.300000011920929px;line-height: 25.6000003814697px;text-align: justify\">A la jornada asistieron profesores de diversas comunas de la Regi\u00f3n como Coronel, Concepci\u00f3n, Curanilahue, Los \u00c1lamos, entre otras. La instancia permiti\u00f3 revisar la metodolog\u00eda por competencias, base fundamental del Programa \u201cTus Competencias en Ciencias\u201d, TCC, y fue relatada por Roc\u00edo Cruces, Coordinadora ejecutiva del PAR EXPLORA Biob\u00edo.<\/p>\n<p style=\"font-family: freight-sans-pro;font-size: 16px;letter-spacing: 0.300000011920929px;line-height: 25.6000003814697px;text-align: justify\">\u201cMe pareci\u00f3 la jornada muy buena, porque me gustan las ciencias y decid\u00ed pedir la autorizaci\u00f3n para poder participar. La presentaci\u00f3n fue muy precisa y me permiti\u00f3 recordar muchos conceptos que me volvieron a reencarnar con la ciencia. Me voy muy feliz y agradecida por la invitaci\u00f3n.\u201d Antonieta Vallejos Riquelme, del Colegio Amanecer de la comuna de Coronel.<\/p>\n<p style=\"margin-bottom: 0px;font-family: freight-sans-pro;font-size: 16px;letter-spacing: 0.300000011920929px;line-height: 25.6000003814697px;text-align: justify\">A la fecha se han realizado tres jornadas de entrega de Mini Kit TCC, lo que ha permitido volver a tener contacto con alrededor de 100 facilitadores a lo largo de la Regi\u00f3n del Biob\u00edo.<\/p><\/p>\n","protected":false},"excerpt":{"rendered":"<p>En el marco del Proyecto \u201cTus competencias en Ciencias\u201d, TCC del PAR EXPLORA Biob\u00edo, se llev\u00f3 a cabo la jornada de entrega de Mini Kits, que apunta a que los y las profesores\/as que implementaron los talleres TCC entre el 2007 y 2012 puedan contar con materiales para volver a realizar actividades cient\u00edficas con sus [&hellip;]<\/p>\n","protected":false},"author":2,"featured_media":777,"comment_status":"open","ping_status":"open","sticky":false,"template":"","format":"standard","meta":{"_acf_changed":false,"_exactmetrics_skip_tracking":false,"_exactmetrics_sitenote_active":false,"_exactmetrics_sitenote_note":"","_exactmetrics_sitenote_category":0,"footnotes":"","_links_to":"","_links_to_target":""},"categories":[4],"tags":[163,107,157,160,169],"class_list":["post-776","post","type-post","status-publish","format-standard","has-post-thumbnail","hentry","category-noticias","tag-cicat","tag-ciencia","tag-explora-biobio","tag-tus-competencias-en-ciencias","tag-udec"],"acf":[],"yoast_head":"<!-- This site is optimized with the Yoast SEO plugin v26.9 - https:\/\/yoast.com\/product\/yoast-seo-wordpress\/ -->\n<title>Tercera jornada de entrega de Minikits TCC - Biob\u00edo<\/title>\n<meta name=\"robots\" content=\"index, follow, max-snippet:-1, max-image-preview:large, max-video-preview:-1\" \/>\n<link rel=\"canonical\" href=\"https:\/\/explora.cl\/biobio\/tercera-jornada-de-entrega-de-minikits-tcc\/\" class=\"yoast-seo-meta-tag\" \/>\n<meta property=\"og:locale\" content=\"es_ES\" class=\"yoast-seo-meta-tag\" \/>\n<meta property=\"og:type\" content=\"article\" class=\"yoast-seo-meta-tag\" \/>\n<meta property=\"og:title\" content=\"Tercera jornada de entrega de Minikits TCC - Biob\u00edo\" class=\"yoast-seo-meta-tag\" \/>\n<meta property=\"og:description\" content=\"En el marco del Proyecto \u201cTus competencias en Ciencias\u201d, TCC del PAR EXPLORA Biob\u00edo, se llev\u00f3 a cabo la jornada de entrega de Mini Kits, que apunta a que los y las profesores\/as que implementaron los talleres TCC entre el 2007 y 2012 puedan contar con materiales para volver a realizar actividades cient\u00edficas con sus [&hellip;]\" class=\"yoast-seo-meta-tag\" \/>\n<meta property=\"og:url\" content=\"https:\/\/explora.cl\/biobio\/tercera-jornada-de-entrega-de-minikits-tcc\/\" class=\"yoast-seo-meta-tag\" \/>\n<meta property=\"og:site_name\" content=\"Biob\u00edo\" class=\"yoast-seo-meta-tag\" \/>\n<meta property=\"article:published_time\" content=\"2015-08-02T04:00:00+00:00\" class=\"yoast-seo-meta-tag\" \/>\n<meta property=\"article:modified_time\" content=\"2019-05-20T18:32:53+00:00\" class=\"yoast-seo-meta-tag\" \/>\n<meta property=\"og:image\" content=\"https:\/\/explora.cl\/biobio\/wp-content\/uploads\/sites\/14\/2018\/06\/8fbc7c17a6c46df81bf426dfa5ecfcb3-1024x683.jpg\" class=\"yoast-seo-meta-tag\" \/>\n\t<meta property=\"og:image:width\" content=\"1024\" class=\"yoast-seo-meta-tag\" \/>\n\t<meta property=\"og:image:height\" content=\"683\" class=\"yoast-seo-meta-tag\" \/>\n\t<meta property=\"og:image:type\" content=\"image\/jpeg\" class=\"yoast-seo-meta-tag\" \/>\n<meta name=\"author\" content=\"webman\" class=\"yoast-seo-meta-tag\" \/>\n<meta name=\"twitter:card\" content=\"summary_large_image\" class=\"yoast-seo-meta-tag\" \/>\n<meta name=\"twitter:label1\" content=\"Escrito por\" class=\"yoast-seo-meta-tag\" \/>\n\t<meta name=\"twitter:data1\" content=\"webman\" class=\"yoast-seo-meta-tag\" \/>\n\t<meta name=\"twitter:label2\" content=\"Tiempo estimado de lectura\" class=\"yoast-seo-meta-tag\" \/>\n\t<meta name=\"twitter:data2\" content=\"1 minuto\" class=\"yoast-seo-meta-tag\" \/>\n<script type=\"application\/ld+json\" class=\"yoast-schema-graph\">{\"@context\":\"https:\/\/schema.org\",\"@graph\":[{\"@type\":\"Article\",\"@id\":\"https:\/\/explora.cl\/biobio\/tercera-jornada-de-entrega-de-minikits-tcc\/#article\",\"isPartOf\":{\"@id\":\"https:\/\/explora.cl\/biobio\/tercera-jornada-de-entrega-de-minikits-tcc\/\"},\"author\":{\"name\":\"webman\",\"@id\":\"https:\/\/explora.cl\/biobio\/#\/schema\/person\/cb8349c13ea2d324080adf8480d7ba5d\"},\"headline\":\"Tercera jornada de entrega de Minikits TCC\",\"datePublished\":\"2015-08-02T04:00:00+00:00\",\"dateModified\":\"2019-05-20T18:32:53+00:00\",\"mainEntityOfPage\":{\"@id\":\"https:\/\/explora.cl\/biobio\/tercera-jornada-de-entrega-de-minikits-tcc\/\"},\"wordCount\":252,\"commentCount\":0,\"image\":{\"@id\":\"https:\/\/explora.cl\/biobio\/tercera-jornada-de-entrega-de-minikits-tcc\/#primaryimage\"},\"thumbnailUrl\":\"https:\/\/explora.cl\/biobio\/wp-content\/uploads\/sites\/14\/2018\/06\/8fbc7c17a6c46df81bf426dfa5ecfcb3.jpg\",\"keywords\":[\"CiCAT\",\"ciencia\",\"EXPLORA Biob\u00edo\",\"Tus Competencias en Ciencias\",\"UDEC\"],\"articleSection\":[\"Noticias\"],\"inLanguage\":\"es-CL\",\"potentialAction\":[{\"@type\":\"CommentAction\",\"name\":\"Comment\",\"target\":[\"https:\/\/explora.cl\/biobio\/tercera-jornada-de-entrega-de-minikits-tcc\/#respond\"]}]},{\"@type\":\"WebPage\",\"@id\":\"https:\/\/explora.cl\/biobio\/tercera-jornada-de-entrega-de-minikits-tcc\/\",\"url\":\"https:\/\/explora.cl\/biobio\/tercera-jornada-de-entrega-de-minikits-tcc\/\",\"name\":\"Tercera jornada de entrega de Minikits TCC - Biob\u00edo\",\"isPartOf\":{\"@id\":\"https:\/\/explora.cl\/biobio\/#website\"},\"primaryImageOfPage\":{\"@id\":\"https:\/\/explora.cl\/biobio\/tercera-jornada-de-entrega-de-minikits-tcc\/#primaryimage\"},\"image\":{\"@id\":\"https:\/\/explora.cl\/biobio\/tercera-jornada-de-entrega-de-minikits-tcc\/#primaryimage\"},\"thumbnailUrl\":\"https:\/\/explora.cl\/biobio\/wp-content\/uploads\/sites\/14\/2018\/06\/8fbc7c17a6c46df81bf426dfa5ecfcb3.jpg\",\"datePublished\":\"2015-08-02T04:00:00+00:00\",\"dateModified\":\"2019-05-20T18:32:53+00:00\",\"author\":{\"@id\":\"https:\/\/explora.cl\/biobio\/#\/schema\/person\/cb8349c13ea2d324080adf8480d7ba5d\"},\"breadcrumb\":{\"@id\":\"https:\/\/explora.cl\/biobio\/tercera-jornada-de-entrega-de-minikits-tcc\/#breadcrumb\"},\"inLanguage\":\"es-CL\",\"potentialAction\":[{\"@type\":\"ReadAction\",\"target\":[\"https:\/\/explora.cl\/biobio\/tercera-jornada-de-entrega-de-minikits-tcc\/\"]}]},{\"@type\":\"ImageObject\",\"inLanguage\":\"es-CL\",\"@id\":\"https:\/\/explora.cl\/biobio\/tercera-jornada-de-entrega-de-minikits-tcc\/#primaryimage\",\"url\":\"https:\/\/explora.cl\/biobio\/wp-content\/uploads\/sites\/14\/2018\/06\/8fbc7c17a6c46df81bf426dfa5ecfcb3.jpg\",\"contentUrl\":\"https:\/\/explora.cl\/biobio\/wp-content\/uploads\/sites\/14\/2018\/06\/8fbc7c17a6c46df81bf426dfa5ecfcb3.jpg\",\"width\":4272,\"height\":2848},{\"@type\":\"BreadcrumbList\",\"@id\":\"https:\/\/explora.cl\/biobio\/tercera-jornada-de-entrega-de-minikits-tcc\/#breadcrumb\",\"itemListElement\":[{\"@type\":\"ListItem\",\"position\":1,\"name\":\"Portada\",\"item\":\"https:\/\/explora.cl\/biobio\/\"},{\"@type\":\"ListItem\",\"position\":2,\"name\":\"Tercera jornada de entrega de Minikits TCC\"}]},{\"@type\":\"WebSite\",\"@id\":\"https:\/\/explora.cl\/biobio\/#website\",\"url\":\"https:\/\/explora.cl\/biobio\/\",\"name\":\"Biob\u00edo\",\"description\":\"Otro sitio m\u00e1s de explora.cl\",\"potentialAction\":[{\"@type\":\"SearchAction\",\"target\":{\"@type\":\"EntryPoint\",\"urlTemplate\":\"https:\/\/explora.cl\/biobio\/?s={search_term_string}\"},\"query-input\":{\"@type\":\"PropertyValueSpecification\",\"valueRequired\":true,\"valueName\":\"search_term_string\"}}],\"inLanguage\":\"es-CL\"},{\"@type\":\"Person\",\"@id\":\"https:\/\/explora.cl\/biobio\/#\/schema\/person\/cb8349c13ea2d324080adf8480d7ba5d\",\"name\":\"webman\",\"image\":{\"@type\":\"ImageObject\",\"inLanguage\":\"es-CL\",\"@id\":\"https:\/\/explora.cl\/biobio\/#\/schema\/person\/image\/\",\"url\":\"https:\/\/secure.gravatar.com\/avatar\/eeff3c82f2c02f7177d13663b7e6f890e9a6a0647ce9bb29cae02dcb094c7312?s=96&d=mm&r=g\",\"contentUrl\":\"https:\/\/secure.gravatar.com\/avatar\/eeff3c82f2c02f7177d13663b7e6f890e9a6a0647ce9bb29cae02dcb094c7312?s=96&d=mm&r=g\",\"caption\":\"webman\"},\"url\":\"https:\/\/explora.cl\/biobio\/author\/webman\/\"}]}<\/script>\n<!-- \/ Yoast SEO plugin. -->","yoast_head_json":{"title":"Tercera jornada de entrega de Minikits TCC - Biob\u00edo","robots":{"index":"index","follow":"follow","max-snippet":"max-snippet:-1","max-image-preview":"max-image-preview:large","max-video-preview":"max-video-preview:-1"},"canonical":"https:\/\/explora.cl\/biobio\/tercera-jornada-de-entrega-de-minikits-tcc\/","og_locale":"es_ES","og_type":"article","og_title":"Tercera jornada de entrega de Minikits TCC - Biob\u00edo","og_description":"En el marco del Proyecto \u201cTus competencias en Ciencias\u201d, TCC del PAR EXPLORA Biob\u00edo, se llev\u00f3 a cabo la jornada de entrega de Mini Kits, que apunta a que los y las profesores\/as que implementaron los talleres TCC entre el 2007 y 2012 puedan contar con materiales para volver a realizar actividades cient\u00edficas con sus [&hellip;]","og_url":"https:\/\/explora.cl\/biobio\/tercera-jornada-de-entrega-de-minikits-tcc\/","og_site_name":"Biob\u00edo","article_published_time":"2015-08-02T04:00:00+00:00","article_modified_time":"2019-05-20T18:32:53+00:00","og_image":[{"width":1024,"height":683,"url":"https:\/\/explora.cl\/biobio\/wp-content\/uploads\/sites\/14\/2018\/06\/8fbc7c17a6c46df81bf426dfa5ecfcb3-1024x683.jpg","type":"image\/jpeg"}],"author":"webman","twitter_card":"summary_large_image","twitter_misc":{"Escrito por":"webman","Tiempo estimado de lectura":"1 minuto"},"schema":{"@context":"https:\/\/schema.org","@graph":[{"@type":"Article","@id":"https:\/\/explora.cl\/biobio\/tercera-jornada-de-entrega-de-minikits-tcc\/#article","isPartOf":{"@id":"https:\/\/explora.cl\/biobio\/tercera-jornada-de-entrega-de-minikits-tcc\/"},"author":{"name":"webman","@id":"https:\/\/explora.cl\/biobio\/#\/schema\/person\/cb8349c13ea2d324080adf8480d7ba5d"},"headline":"Tercera jornada de entrega de Minikits TCC","datePublished":"2015-08-02T04:00:00+00:00","dateModified":"2019-05-20T18:32:53+00:00","mainEntityOfPage":{"@id":"https:\/\/explora.cl\/biobio\/tercera-jornada-de-entrega-de-minikits-tcc\/"},"wordCount":252,"commentCount":0,"image":{"@id":"https:\/\/explora.cl\/biobio\/tercera-jornada-de-entrega-de-minikits-tcc\/#primaryimage"},"thumbnailUrl":"https:\/\/explora.cl\/biobio\/wp-content\/uploads\/sites\/14\/2018\/06\/8fbc7c17a6c46df81bf426dfa5ecfcb3.jpg","keywords":["CiCAT","ciencia","EXPLORA Biob\u00edo","Tus Competencias en Ciencias","UDEC"],"articleSection":["Noticias"],"inLanguage":"es-CL","potentialAction":[{"@type":"CommentAction","name":"Comment","target":["https:\/\/explora.cl\/biobio\/tercera-jornada-de-entrega-de-minikits-tcc\/#respond"]}]},{"@type":"WebPage","@id":"https:\/\/explora.cl\/biobio\/tercera-jornada-de-entrega-de-minikits-tcc\/","url":"https:\/\/explora.cl\/biobio\/tercera-jornada-de-entrega-de-minikits-tcc\/","name":"Tercera jornada de entrega de Minikits TCC - Biob\u00edo","isPartOf":{"@id":"https:\/\/explora.cl\/biobio\/#website"},"primaryImageOfPage":{"@id":"https:\/\/explora.cl\/biobio\/tercera-jornada-de-entrega-de-minikits-tcc\/#primaryimage"},"image":{"@id":"https:\/\/explora.cl\/biobio\/tercera-jornada-de-entrega-de-minikits-tcc\/#primaryimage"},"thumbnailUrl":"https:\/\/explora.cl\/biobio\/wp-content\/uploads\/sites\/14\/2018\/06\/8fbc7c17a6c46df81bf426dfa5ecfcb3.jpg","datePublished":"2015-08-02T04:00:00+00:00","dateModified":"2019-05-20T18:32:53+00:00","author":{"@id":"https:\/\/explora.cl\/biobio\/#\/schema\/person\/cb8349c13ea2d324080adf8480d7ba5d"},"breadcrumb":{"@id":"https:\/\/explora.cl\/biobio\/tercera-jornada-de-entrega-de-minikits-tcc\/#breadcrumb"},"inLanguage":"es-CL","potentialAction":[{"@type":"ReadAction","target":["https:\/\/explora.cl\/biobio\/tercera-jornada-de-entrega-de-minikits-tcc\/"]}]},{"@type":"ImageObject","inLanguage":"es-CL","@id":"https:\/\/explora.cl\/biobio\/tercera-jornada-de-entrega-de-minikits-tcc\/#primaryimage","url":"https:\/\/explora.cl\/biobio\/wp-content\/uploads\/sites\/14\/2018\/06\/8fbc7c17a6c46df81bf426dfa5ecfcb3.jpg","contentUrl":"https:\/\/explora.cl\/biobio\/wp-content\/uploads\/sites\/14\/2018\/06\/8fbc7c17a6c46df81bf426dfa5ecfcb3.jpg","width":4272,"height":2848},{"@type":"BreadcrumbList","@id":"https:\/\/explora.cl\/biobio\/tercera-jornada-de-entrega-de-minikits-tcc\/#breadcrumb","itemListElement":[{"@type":"ListItem","position":1,"name":"Portada","item":"https:\/\/explora.cl\/biobio\/"},{"@type":"ListItem","position":2,"name":"Tercera jornada de entrega de Minikits TCC"}]},{"@type":"WebSite","@id":"https:\/\/explora.cl\/biobio\/#website","url":"https:\/\/explora.cl\/biobio\/","name":"Biob\u00edo","description":"Otro sitio m\u00e1s de explora.cl","potentialAction":[{"@type":"SearchAction","target":{"@type":"EntryPoint","urlTemplate":"https:\/\/explora.cl\/biobio\/?s={search_term_string}"},"query-input":{"@type":"PropertyValueSpecification","valueRequired":true,"valueName":"search_term_string"}}],"inLanguage":"es-CL"},{"@type":"Person","@id":"https:\/\/explora.cl\/biobio\/#\/schema\/person\/cb8349c13ea2d324080adf8480d7ba5d","name":"webman","image":{"@type":"ImageObject","inLanguage":"es-CL","@id":"https:\/\/explora.cl\/biobio\/#\/schema\/person\/image\/","url":"https:\/\/secure.gravatar.com\/avatar\/eeff3c82f2c02f7177d13663b7e6f890e9a6a0647ce9bb29cae02dcb094c7312?s=96&d=mm&r=g","contentUrl":"https:\/\/secure.gravatar.com\/avatar\/eeff3c82f2c02f7177d13663b7e6f890e9a6a0647ce9bb29cae02dcb094c7312?s=96&d=mm&r=g","caption":"webman"},"url":"https:\/\/explora.cl\/biobio\/author\/webman\/"}]}},"_links":{"self":[{"href":"https:\/\/explora.cl\/biobio\/wp-json\/wp\/v2\/posts\/776","targetHints":{"allow":["GET"]}}],"collection":[{"href":"https:\/\/explora.cl\/biobio\/wp-json\/wp\/v2\/posts"}],"about":[{"href":"https:\/\/explora.cl\/biobio\/wp-json\/wp\/v2\/types\/post"}],"author":[{"embeddable":true,"href":"https:\/\/explora.cl\/biobio\/wp-json\/wp\/v2\/users\/2"}],"replies":[{"embeddable":true,"href":"https:\/\/explora.cl\/biobio\/wp-json\/wp\/v2\/comments?post=776"}],"version-history":[{"count":1,"href":"https:\/\/explora.cl\/biobio\/wp-json\/wp\/v2\/posts\/776\/revisions"}],"predecessor-version":[{"id":37880,"href":"https:\/\/explora.cl\/biobio\/wp-json\/wp\/v2\/posts\/776\/revisions\/37880"}],"wp:featuredmedia":[{"embeddable":true,"href":"https:\/\/explora.cl\/biobio\/wp-json\/wp\/v2\/media\/777"}],"wp:attachment":[{"href":"https:\/\/explora.cl\/biobio\/wp-json\/wp\/v2\/media?parent=776"}],"wp:term":[{"taxonomy":"category","embeddable":true,"href":"https:\/\/explora.cl\/biobio\/wp-json\/wp\/v2\/categories?post=776"},{"taxonomy":"post_tag","embeddable":true,"href":"https:\/\/explora.cl\/biobio\/wp-json\/wp\/v2\/tags?post=776"}],"curies":[{"name":"wp","href":"https:\/\/api.w.org\/{rel}","templated":true}]}}